{"id":35884,"date":"2010-10-03T14:33:07","date_gmt":"2010-10-03T20:33:07","guid":{"rendered":"https:\/\/www.magazine.com.ni\/?p=35884"},"modified":"2018-10-08T15:18:53","modified_gmt":"2018-10-08T15:18:53","slug":"los-anos-de-la-oti","status":"publish","type":"post","link":"https:\/\/staging.laprensanic.com\/magazine\/reportajes\/los-anos-de-la-oti\/","title":{"rendered":"Los a\u00f1os de la Oti"},"content":{"rendered":"<p style=\"text-align: center;\">Hace diez a\u00f1os baj\u00f3 el tel\u00f3n del Festival de la Canci\u00f3n OTI. Un escenario que sirvi\u00f3 de plataforma a talentos nacionales e internacionales, pero debido a sus movidas inadecuadas, baja audiencia y falta de<br \/>\npatrocinio sali\u00f3 del aire luego de estar por 28 a\u00f1os ininterrumpidos. En Nicaragua este<br \/>\nfestival musical estuvo marcado por la guerra y la censura, narran algunos de sus participantes<\/p>\n<p style=\"text-align: center;\"><strong>Tania Sirias<\/strong><\/p>\n<p>La noche del 19 de mayo de 2000, el maestro de ceremonia anuncia el turno de Nicaragua. Los 150 m\u00fasicos de la Orquesta Festival de la Canci\u00f3n OTI comienzan a interpretar la canci\u00f3n <em>Libera tu coraz\u00f3n<\/em>. Lya Barrioz se abre paso en el escenario con un vestido ajustado, y sus manos parecieran seguir el comp\u00e1s de la melod\u00eda.<\/p>\n<p>Cuando Lya habla del Festival OTI sus ojos brillan y los recuerdos toman por asalto a la memoria. El evento se llev\u00f3 a cabo en Acapulco, M\u00e9xico, y fue la \u00faltima vez que este espect\u00e1culo internacional se puso en escena. En ese momento, muy pocos lo sab\u00edan.<\/p>\n<p>Lya afirma que todos los participantes de ese a\u00f1o ya sab\u00edan qui\u00e9n iba a ganar, y no por el m\u00e9rito del tema sino por la estrategia de mercado. Los medios de la \u00e9poca lo llamaron \u201cel fraude del a\u00f1o\u201d, y los jurados fueron se\u00f1alados de \u201cvendidos\u201d.<\/p>\n<p>A pesar de ser el \u00faltimo festival OTI que se llevar\u00eda a cabo, \u00e9ste dej\u00f3 un mal sabor en los participantes, pues fue notoria la mala organizaci\u00f3n, los amarres por debajo de la mesa, y la burla para los pa\u00edses participantes.<\/p>\n<p>\u201cLa desorganizaci\u00f3n era tal que no hab\u00eda una agenda de medios, y los canales s\u00f3lo entrevistaban a las delegaciones favoritas, entre \u00e9stas M\u00e9xico, Espa\u00f1a, Estados Unidos, y extra\u00f1amente Nicaragua, ya que a nivel de mercadeo no punteaba para ese tipo de evento\u201d.<\/p>\n<p>Sin embargo, esa noche fue algo inolvidable. Nicaragua nuevamente perfilaba entre los favoritos para quedar entre los primeros lugares. Se pod\u00eda repetir la haza\u00f1a de 1977 cuando se anunci\u00f3 que la canci\u00f3n <em>Quincho Barrilete<\/em>, de Carlos Mej\u00eda Godoy era la ganadora. Al final no ocurri\u00f3 as\u00ed.<\/p>\n<p>Magazine revela los pormenores de la \u00faltima edici\u00f3n de la OTI Internacional, el tr\u00e1fico de influencia de Emilio Estefan, y los acomodos de \u00faltima hora para darle el gane a los representantes de los Estados Unidos.<\/p>\n<p style=\"text-align: center;\">***<\/p>\n<p>Mar\u00eda Eugenia Urroz es una artista de renombre en la far\u00e1ndula nica. Es conocida como vocalista del grupo Llama Viva, aunque su inicio en la m\u00fasica fue en los Festivales de la Canci\u00f3n Rafael Gast\u00f3n P\u00e9rez, conocido popularmente como \u201cel Gast\u00f3n\u201d. Este evento era organizado por el entonces Sistema Sandinista de Televisi\u00f3n.<\/p>\n<p>\u201cLa primera vez que particip\u00e9 fue en 1982 con la canci\u00f3n <em>Mi elecci\u00f3n<\/em>, escrita por Julio Cancino, donde qued\u00e9 en el tercer lugar. Tres a\u00f1os despu\u00e9s volv\u00ed a participar con el tema de Mario Montenegro, <em>Cartas de amor para este tiempo<\/em>. Esa vez gan\u00e9 el primer lugar y me prepar\u00e9 para viajar a Sevilla Espa\u00f1a, donde se realizar\u00eda la OTI internacional\u201d.<\/p>\n<p>Mar\u00eda Eugenia comenta que ese a\u00f1o fue un tanto complicado realizar el Gast\u00f3n, pues el pa\u00eds estaba en plena guerra, y la econom\u00eda con un fuerte bloqueo. Para poder montar el festival de la canci\u00f3n se requer\u00eda de una fuerte inversi\u00f3n de capital, ya que era un show en vivo, y duraba por los menos dos horas y media en televisi\u00f3n.<\/p>\n<p>Los corre corre y la presi\u00f3n la sufr\u00eda el director del Canal 6, Iv\u00e1n Garc\u00eda, pero todo era recompensado al ver el derroche de talentos. Adem\u00e1s era un compromiso del gobierno sandinista con los artistas del pa\u00eds.<\/p>\n<p>Para los m\u00fasicos, compositores, arreglistas, y dem\u00e1s artistas \u00e9sa era su fiesta anual, comenta Urroz, pues era el momento para poner a prueba\u00a0la calidad de los arreglos y el talento de los int\u00e9rpretes, pues el fin era competir y ganar en el Festival OTI Internacional.<\/p>\n<p>A Mar\u00eda Eugenia le toc\u00f3 viajar a Sevilla, donde algunas delegaciones se mostraron retrecheras y hasta un poco recelosas con los nicarag\u00fcenses.<\/p>\n<p>\u201cMe acuerdo que los cantantes de Panam\u00e1 nos dec\u00edan los guerrilleros, y hac\u00edan comentarios con otras delegaciones. Les met\u00edan el uyuyuy, todo porque Nicaragua estaba en guerra. Gracias a Dios no fue as\u00ed con grandes de la m\u00fasica, pues Paloma San Basilio nos trat\u00f3 con todo respeto durante el festival\u201d.<\/p>\n<p>Ese a\u00f1o el primer lugar lo obtuvo M\u00e9xico, y esa elecci\u00f3n que hizo el jurado fue objeto de cr\u00edticas por algunos pa\u00edses participantes, ya que d\u00edas antes hab\u00eda ocurrido el terremoto en M\u00e9xico, y dec\u00edan que el gane fue para levantar la moral del pa\u00eds azteca.<\/p>\n<p>\u201cLa verdad que la representante de M\u00e9xico, Eugenia Le\u00f3n, ten\u00eda una buena voz y la letra de la canci\u00f3n era buena, pero la elecci\u00f3n del jurado fue muy criticada\u201d, recuerda la vocalista de Llama Viva.<br \/>\nComenta que el Gast\u00f3n sigui\u00f3 realiz\u00e1ndose en los 90, pero cambia de nombre y empieza a llamarse OTI Nicaragua.<\/p>\n<figure id=\"attachment_35887\" aria-describedby=\"caption-attachment-35887\" style=\"width: 700px\" class=\"wp-caption aligncenter\"><a href=\"https:\/\/www.laprensa.com.ni\/magazine\/wp-content\/uploads\/2017\/07\/magazine170-tripa-122.jpg\"><img fetchpriority=\"high\" decoding=\"async\" class=\"wp-image-35887 size-full\" src=\"https:\/\/www.laprensa.com.ni\/magazine\/wp-content\/uploads\/2017\/07\/magazine170-tripa-122.jpg\" alt=\"FOTOS URIEL MOLINA Y MIGUEL LOR\u00cdO\" width=\"700\" height=\"469\" srcset=\"https:\/\/d1xxa24wwackpg.cloudfront.net\/wp-content\/uploads\/2017\/07\/07144427\/magazine170-tripa-122.jpg 700w, https:\/\/d1xxa24wwackpg.cloudfront.net\/wp-content\/uploads\/2017\/07\/07144427\/magazine170-tripa-122.jpg 300w, https:\/\/d1xxa24wwackpg.cloudfront.net\/wp-content\/uploads\/2017\/07\/07144427\/magazine170-tripa-122.jpg 600w\" sizes=\"(max-width: 700px) 100vw, 700px\" \/><\/a><figcaption id=\"caption-attachment-35887\" class=\"wp-caption-text\">Despu\u00e9s de 1990, el D\u00fao Guardabarranco deja de ser catalogado como grupo panfletario y pasa a ser exponente de la m\u00fasica nacional, dice Katia Cardenal.<\/figcaption><\/figure>\n<p style=\"text-align: center;\">***<\/p>\n<p>La participaci\u00f3n de Katia Cardenal en la OTI Internacional de 1990 fue muy criticada por los medios, pues dec\u00edan que deb\u00eda darle pase a los nuevos valores, y porque el a\u00f1o anterior hab\u00eda viajado a Miami para participar junto a su hermano Salvador Cardenal, con el tema <em>D\u00edas de amar<\/em>.<\/p>\n<p>\u201cParticip\u00e9 tres veces en el Gast\u00f3n. La primera vez en 1984 con la canci\u00f3n <em>Quisiera hoy<\/em>, donde obtuve el tercer lugar. En 1985 como D\u00fao Guardabarranco con la canci\u00f3n <em>Vengo como la lluvia<\/em>, donde quedamos en tercer lugar, y en 1989 donde particip\u00e9 con la canci\u00f3n de Salvador, <em>Dame tu coraz\u00f3n<\/em>\u201d.<\/p>\n<p>Con ese tema, Nicaragua obtuvo el segundo lugar en la OTI Internacional de 1990, que se llev\u00f3 a cabo en Las Vegas.<\/p>\n<p>Recuerda que en los a\u00f1os 80 todo era centralizado por el Gobierno, a trav\u00e9s del Sistema Sandinista de Televisi\u00f3n, pero a pesar de la guerra y el bloqueo se trataba de hacer un show de m\u00e1xima calidad, con una producci\u00f3n ciento por ciento nacional.<\/p>\n<p>Lo que m\u00e1s lamenta Katia es la censura que hubo por parte del Gobierno, pues en un par de ocasiones no se envi\u00f3 a la delegaci\u00f3n nicarag\u00fcense por estar en contra de los gobiernos donde se realizaba el Festival OTI.<\/p>\n<p>\u201cMi hermano Salvador particip\u00f3 en el Gast\u00f3n de 1986 con la canci\u00f3n <em>D\u00edas de amar<\/em>, y como ese a\u00f1o se iba a realizar la OTI en Chile, no se permiti\u00f3 que fuera a la competencia como se\u00f1al de protesta contra el dictador Augusto Pinochet\u201d.<\/p>\n<p>\u201cMe molest\u00f3 porque <em>D\u00edas de amar<\/em> era una canci\u00f3n ecol\u00f3gica, es un tema de pol\u00edtica pero no partidaria. Su letra habla de cuidar al planeta. Entiendo que el mensaje era decir que est\u00e1bamos en contra de una dictadura, pero pienso que uno debe sembrar la semilla aunque sea en un lugar alambrado y con cactus, pero \u00e9sa era mi visi\u00f3n\u201d, dice la cantante.<\/p>\n<p>Luego ocurre que en 1989 la OTI Internacional se realiza en Miami, y como es un estado m\u00e1s de los Estados Unidos, estaba el tema de apoyo a la Contra.<\/p>\n<p>\u201cComo en 1987 se hab\u00eda anunciado que no iba haber otro Gast\u00f3n, y mi hermano hab\u00eda sido el \u00faltimo en ganar el Festival de la Canci\u00f3n, se fue hablar con los directivos del Sistema Sandinista de Televisi\u00f3n y les dijo que s\u00f3lo nos pagaran el boleto, y que nosotros nos \u00edbamos a ir a nuestro riesgo\u201d.<\/p>\n<p>\u201cNos fuimos los dos sin hotel, sin delegaci\u00f3n, y sin nada. Nos quedamos a dormir en la casa de una hermana, y la canci\u00f3n qued\u00f3 en el und\u00e9cimo lugar, de los 22 participantes\u201d.<\/p>\n<p>Debido a la presi\u00f3n del p\u00fablico, en 1989 se vuelve a realizar el Gast\u00f3n y como Katia est\u00e1 reci\u00e9n venida de Miami, los medios de comunicaci\u00f3n comienzan hablar que deb\u00eda retirarse del concurso y darle el lugar a los nuevos talentos.<\/p>\n<p>\u201cEso fue tan c\u00f3mico, porque en ese entonces apenas ten\u00eda 27 a\u00f1os, dos discos grabados, y nada comparado con lo que he logrado ahora\u201d. Ese a\u00f1o Katia gana el primer lugar en el Festival de la Canci\u00f3n y tiene que esperar un a\u00f1o para poder ir a Las Vegas.<\/p>\n<p>Al perder el poder el Frente Sandinista, y asumir el gobierno do\u00f1a Violeta Barrios de Chamorro, Katia Cardenal habla con las nuevas autoridades del Canal 6, que en ese momento era dirigido por Carlos Brice\u00f1o.<\/p>\n<p>La cantante le explic\u00f3 que ella hab\u00eda ganado el festival y que quer\u00eda ir a representar a Nicaragua. Brice\u00f1o respet\u00f3 la decisi\u00f3n de festival, y le brind\u00f3 el apoyo del canal estatal. Comenta que desde el ensayo en Las Vegas los m\u00fasicos se les acercaron para decirles que era una de las mejores canciones en el Festival, y consideraban que deb\u00eda ganar el primer lugar.<\/p>\n<p>Esa vez Nicaragua obtuvo el segundo lugar, y al regresar al pa\u00eds el D\u00fao Guardabarranco fue recibido como h\u00e9roe.<\/p>\n<p>\u201cEs a partir de ah\u00ed que comienzan a vernos como m\u00fasicos no como pol\u00edticos, a tomarnos en cuenta para otros eventos y quitarnos el sello de que nosotros cant\u00e1bamos panfletos o canciones coyunturales\u201d, expresa 20 a\u00f1os despu\u00e9s Katia Cardenal.<\/p>\n<figure id=\"attachment_35888\" aria-describedby=\"caption-attachment-35888\" style=\"width: 700px\" class=\"wp-caption aligncenter\"><a href=\"https:\/\/www.laprensa.com.ni\/magazine\/wp-content\/uploads\/2017\/07\/Iv\u00e1n-Garc\u00eda.jpg\"><img decoding=\"async\" class=\"wp-image-35888 size-full\" src=\"https:\/\/www.laprensa.com.ni\/magazine\/wp-content\/uploads\/2017\/07\/Iv\u00e1n-Garc\u00eda.jpg\" alt=\"\" width=\"700\" height=\"451\" srcset=\"https:\/\/d1xxa24wwackpg.cloudfront.net\/wp-content\/uploads\/2017\/07\/07144426\/Iv%C3%A1n-Garc%C3%ADa.jpg 700w, https:\/\/d1xxa24wwackpg.cloudfront.net\/wp-content\/uploads\/2017\/07\/07144426\/Iv%C3%A1n-Garc%C3%ADa.jpg 300w, https:\/\/d1xxa24wwackpg.cloudfront.net\/wp-content\/uploads\/2017\/07\/07144426\/Iv%C3%A1n-Garc%C3%ADa.jpg 600w\" sizes=\"(max-width: 700px) 100vw, 700px\" \/><\/a><figcaption id=\"caption-attachment-35888\" class=\"wp-caption-text\">En la gr\u00e1fica aparecen Iv\u00e1n Garc\u00eda, director del Sistema Sandinista de Televisi\u00f3n; Otto de la Rocha, y Mar\u00eda Eugenia Urroz, quien gan\u00f3 el Gast\u00f3n de 1985.<\/figcaption><\/figure>\n<p style=\"text-align: center;\">***<\/p>\n<p>\u00a1Fraude! \u00a1vendidos!, se escuchaba en el Centro de Convenciones de Acapulco en M\u00e9xico, donde se llev\u00f3 a cabo el \u00faltimo Festival OTI en el a\u00f1o 2000. Las \u00fanicas que sonre\u00edan a las c\u00e1maras eran las hermanas Chirino, sobrinas del salsero cubano Willy Chirino, quienes hab\u00edan interpretado el tema <em>Mala hierba<\/em>, de Emilio Estefan.<\/p>\n<p>El cantante espa\u00f1ol Emmanuel segundos antes hab\u00eda le\u00eddo el nombre de las ganadoras, pero sus ojos estaban puestos en el jurado, pues \u00e9se no era el sobre que le hab\u00edan entregado primeramente.<\/p>\n<p>El cubano Francisco C\u00e9spedes despotricaba: \u201cNunca volver\u00e9 a ser jurado de concursos como \u00e9ste\u201d, mientras que el p\u00fablico enardecido abucheaba y se levantaba de las butacas.<br \/>\nCuando las hermanas Chirino terminaron su interpretaci\u00f3n, en el centro de convenciones s\u00f3lo estaban los miembros del jurado de la \u00faltima OTI Internacional.<\/p>\n<p>Lya Barrioz recuerda que desde el primer ensayo que hicieron las delegaciones se hablaba de dos listas: la de los favoritos por sus buenos temas, y la que por estrategia comercial deb\u00eda ganar.<\/p>\n<p>Hernaldo Z\u00faniga, quien era uno de los jurados, le hab\u00eda informado que Nicaragua estaba entre los favoritos a clasificar por la calidad del tema, pero al final el pa\u00eds no obtuvo ning\u00fan lugar.<\/p>\n<p>\u201cHubo muchos movimientos raros, entre \u00e9sos Costa Rica, a quien en forma de reconocimiento por haber sido la sede anterior de la OTI, los clasificaron a la semifinal. Otro caso fue Brasil, que como no lleg\u00f3 a competir ese a\u00f1o, y para no perder el mercado de habla portuguesa, decidieron darle el paso a la segunda noche a Portugal\u201d, dice Lya Barrioz.<\/p>\n<p>Otra muestra fue que cada delegaci\u00f3n ten\u00eda media hora para los ensayos con la orquesta del festival, pero a las Chirino las dejaron de \u00faltimo, as\u00ed que pod\u00edan ensayar el tiempo que quisieran, dice Barrioz. \u201cEso les baj\u00f3 las llantas a muchos m\u00fasicos\u201d.<\/p>\n<p>Algo que tambi\u00e9n llam\u00f3 la atenci\u00f3n fue que el certamen de la OTI tradicionalmente se realizaba en una noche, pero decidieron hacerlo de dos para supuestamente eliminar a la buena competencia en la primera ronda, y darle el gane a las sobrinas de Willy Chirino.<\/p>\n<p>\u201cPero sab\u00edan que al hacer esto iban a perder audiencia en la segunda noche, pues la gente no lo va a ver si no est\u00e1 su pa\u00eds, as\u00ed que se decidi\u00f3 que los que no hab\u00edan clasificado iban a hacer un popurr\u00ed con los temas ganadores de las OTI anteriores\u201d.<\/p>\n<p>Los m\u00fasicos al ver como se estaba manejando el evento, decidieron hacer huelga. Nicaragua que era la delegaci\u00f3n m\u00e1s grande, con diez representantes, puso m\u00e1s peso a la hora de no permitir hacer esa presentaci\u00f3n, pues era una falta de respeto al esfuerzo que hace cada pa\u00eds de llevar un buen tema y un buen cantante, a un concurso que se supon\u00eda que era serio, comenta Lya Barrioz.<\/p>\n<p>Pero la gota que derram\u00f3 el vaso fue otorgarle el primer lugar a las hermanas Chirino. \u201cEra tan evidente aquello, que en la cena de bienvenida a las delegaciones, el presidente de la OTI Internacional, estando frente al micr\u00f3fono interrumpi\u00f3 el discurso para dar la bienvenida a las hermanas Chirino, cosa que no lo hizo por ning\u00fan otro pa\u00eds\u201d.<\/p>\n<p>Recuerda que lo \u00fanico que vali\u00f3 la pena de esa OTI fue cuando en la segunda noche el cantante de la <em>Vida loca<\/em>, Francisco C\u00e9spede, cubano radicado en Miami, se fundi\u00f3 en un fuerte abrazo con la representante de la Cuba castrista.<\/p>\n<p>\u201cFue algo significativo, pues era un mensaje de unidad entre los cubanos disidentes que viven en Miami, y los comunistas que viven en la isla. Fue algo muy bonito, pues el mensaje era que la m\u00fasica los un\u00eda m\u00e1s. En ese momento no hab\u00edan barreras, todo era arte\u201d.<\/p>\n<p>Si algo a\u00f1oran los m\u00fasicos nicarag\u00fcenses es la realizaci\u00f3n del Festival de la Canci\u00f3n Rafael Gast\u00f3n P\u00e9rez, pues \u00e9sa era la fiesta anual donde se daban cita compositores, arreglistas, e int\u00e9rpretes para promocionar sus temas.<\/p>\n<p>Expresan que los medios de comunicaci\u00f3n est\u00e1n saturados de productos prefabricados por industrias musicales, y lo \u00fanico parecido a esa gran producci\u00f3n nacional es la realizaci\u00f3n del Latin American Idol, sin embargo este tipo de eventos no estimulan la creatividad sino que el ganador es quien mejor imita al cantante de moda.<\/p>\n<figure id=\"attachment_35890\" aria-describedby=\"caption-attachment-35890\" style=\"width: 700px\" class=\"wp-caption aligncenter\"><a href=\"https:\/\/www.laprensa.com.ni\/magazine\/wp-content\/uploads\/2017\/07\/magazine170-tripa-130.jpg\"><img decoding=\"async\" class=\"wp-image-35890 size-full\" src=\"https:\/\/www.laprensa.com.ni\/magazine\/wp-content\/uploads\/2017\/07\/magazine170-tripa-130.jpg\" alt=\"FOTOS URIEL MOLINA Y MIGUEL LOR\u00cdO\" width=\"700\" height=\"465\" srcset=\"https:\/\/d1xxa24wwackpg.cloudfront.net\/wp-content\/uploads\/2017\/07\/07144425\/magazine170-tripa-130.jpg 700w, https:\/\/d1xxa24wwackpg.cloudfront.net\/wp-content\/uploads\/2017\/07\/07144425\/magazine170-tripa-130.jpg 300w, https:\/\/d1xxa24wwackpg.cloudfront.net\/wp-content\/uploads\/2017\/07\/07144425\/magazine170-tripa-130.jpg 600w\" sizes=\"(max-width: 700px) 100vw, 700px\" \/><\/a><figcaption id=\"caption-attachment-35890\" class=\"wp-caption-text\">Lya Barrioz fue la representante de Nicaragua en la \u00faltima OTI, realizada en Acapulco hace diez a\u00f1os.<\/figcaption><\/figure>\n<h3>Historia de la OTI<\/h3>\n<p>El Festival de la Organizaci\u00f3n de Televisi\u00f3n Iberoamericana (OTI ) o el Gran Premio de la Canci\u00f3n Iberoamericana (Nombre Original), fue un concurso internacional de canciones, en el que los pa\u00edses pertenecientes a la OTI participaban cada uno con una canci\u00f3n.<\/p>\n<p>Grandes voces pasaron por este festival, tales como Camilo Sesto, Dyango, Hernaldo Z\u00fa\u00f1iga, Cecilia, Yuri, Lupita D\u2019Alessio, Jos\u00e9 Luis Rodr\u00edguez \u201cEl Puma\u201d, Marcos Llunas, Ricardo Arjona, y otros grandes cantantes.<\/p>\n<p>Desde su inicio, en 1972, hasta 1981, se realizaban votaciones v\u00eda telef\u00f3nica, mediante jurados por pa\u00edses; a partir de 1982 un jurado de sala formado por personalidades relacionadas con el mundo de la m\u00fasica valora las diferentes canciones mediante votaci\u00f3n, y los temas musicales que mayor puntuaci\u00f3n obtienen se llevan un premio en met\u00e1lico.<\/p>\n<p>La variaci\u00f3n que sufre en 1984 es que los jurados son conformados por famosos y ligados con el ambiente musical. El festival dej\u00f3 de celebrarse en el 2000<\/p>\n<div id=\"s3gt_translate_tooltip_mini\" class=\"s3gt_translate_tooltip_mini_box\" style=\"background: initial !important; border: initial !important; border-radius: initial !important; border-spacing: initial !important; border-collapse: initial !important; direction: ltr !important; flex-direction: initial !important; font-weight: initial !important; height: initial !important; letter-spacing: initial !important; min-width: initial !important; max-width: initial !important; min-height: initial !important; max-height: initial !important; margin: auto !important; outline: initial !important; padding: initial !important; position: absolute; table-layout: initial !important; text-align: initial !important; text-shadow: initial !important; width: initial !important; word-break: initial !important; word-spacing: initial !important; overflow-wrap: initial !important; box-sizing: initial !important; display: initial !important; color: inherit !important; font-size: 13px !important; font-family: X-LocaleSpecific, sans-serif, Tahoma, Helvetica !important; line-height: 13px !important; vertical-align: top !important; white-space: inherit !important; left: 486px; top: 6503px; opacity: 0.45;\">\n<div id=\"s3gt_translate_tooltip_mini_logo\" class=\"s3gt_translate_tooltip_mini\" title=\"Traducir texto seleccionado\"><\/div>\n<div id=\"s3gt_translate_tooltip_mini_sound\" class=\"s3gt_translate_tooltip_mini\" title=\"Escuchar\"><\/div>\n<div id=\"s3gt_translate_tooltip_mini_copy\" class=\"s3gt_translate_tooltip_mini\" title=\"Copiar texto al Portapapeles\"><\/div>\n<\/div>\n","protected":false},"excerpt":{"rendered":"<p>Hace diez a\u00f1os baj\u00f3 el tel\u00f3n del Festival de la Canci\u00f3n OTI. Un escenario que sirvi\u00f3 de plataforma a talentos nacionales e internacionales, pero debido a sus movidas inadecuadas, baja audiencia y falta de<br \/>\npatrocinio sali\u00f3 del aire luego de estar por 28 a\u00f1os ininterrumpidos. En Nicaragua este<br \/>\nfestival musical estuvo marcado por la guerra y la censura, narran algunos de sus participantes<\/p>\n","protected":false},"author":46,"featured_media":35886,"comment_status":"open","ping_status":"open","sticky":false,"template":"","format":"standard","meta":{"_acf_changed":false,"footnotes":""},"categories":[26],"tags":[],"class_list":["post-35884","post","type-post","status-publish","format-standard","has-post-thumbnail","hentry","category-reportajes"],"acf":[],"_links":{"self":[{"href":"https:\/\/staging.laprensanic.com\/magazine\/wp-json\/wp\/v2\/posts\/35884","targetHints":{"allow":["GET"]}}],"collection":[{"href":"https:\/\/staging.laprensanic.com\/magazine\/wp-json\/wp\/v2\/posts"}],"about":[{"href":"https:\/\/staging.laprensanic.com\/magazine\/wp-json\/wp\/v2\/types\/post"}],"author":[{"embeddable":true,"href":"https:\/\/staging.laprensanic.com\/magazine\/wp-json\/wp\/v2\/users\/46"}],"replies":[{"embeddable":true,"href":"https:\/\/staging.laprensanic.com\/magazine\/wp-json\/wp\/v2\/comments?post=35884"}],"version-history":[{"count":4,"href":"https:\/\/staging.laprensanic.com\/magazine\/wp-json\/wp\/v2\/posts\/35884\/revisions"}],"predecessor-version":[{"id":45267,"href":"https:\/\/staging.laprensanic.com\/magazine\/wp-json\/wp\/v2\/posts\/35884\/revisions\/45267"}],"wp:featuredmedia":[{"embeddable":true,"href":"https:\/\/staging.laprensanic.com\/magazine\/wp-json\/wp\/v2\/media\/35886"}],"wp:attachment":[{"href":"https:\/\/staging.laprensanic.com\/magazine\/wp-json\/wp\/v2\/media?parent=35884"}],"wp:term":[{"taxonomy":"category","embeddable":true,"href":"https:\/\/staging.laprensanic.com\/magazine\/wp-json\/wp\/v2\/categories?post=35884"},{"taxonomy":"post_tag","embeddable":true,"href":"https:\/\/staging.laprensanic.com\/magazine\/wp-json\/wp\/v2\/tags?post=35884"}],"curies":[{"name":"wp","href":"https:\/\/api.w.org\/{rel}","templated":true}]}}