{"id":35898,"date":"2010-06-27T10:44:17","date_gmt":"2010-06-27T16:44:17","guid":{"rendered":"https:\/\/www.magazine.com.ni\/?p=35898"},"modified":"2018-10-08T14:56:40","modified_gmt":"2018-10-08T14:56:40","slug":"el-caudillo-verde","status":"publish","type":"post","link":"https:\/\/staging.laprensanic.com\/magazine\/reportajes\/el-caudillo-verde\/","title":{"rendered":"El caudillo verde"},"content":{"rendered":"<p style=\"text-align: center;\">Dirigi\u00f3 17 revoluciones, lo veneraban como santo en los ranchos campesinos, fue presidente, pactista y se cas\u00f3 a los 93 a\u00f1os. Emiliano Chamorro es el gran caudillo conservador cuyo comportamiento hoy parece m\u00e1s vivo que nunca<\/p>\n<p style=\"text-align: center;\"><strong>Arlen Cerda<\/strong><\/p>\n<p style=\"text-align: left;\">El retrato amarillento de un uniformado casi calvo y de piel cobriza luce rodeado de velas y flores en los altares pobres de las chozas de paja y de techo de palma de la zona que comunica El Paso de Malacatoya, en Granada, con las comunidades agr\u00edcolas de los departamentos de Boaco y Chontales. Son los primeros a\u00f1os del siglo XX. Exactamente el \u00faltimo a\u00f1o del gobierno liberal de Jos\u00e9 Santos Zelaya (1909).<\/p>\n<p style=\"text-align: left;\">Al del retrato, los campesinos de esos a\u00f1os \u2013y tambi\u00e9n sus v\u00e1stagos porque el venerado vivi\u00f3 hasta los 96 a\u00f1os\u2013 lo consideraban un santo. Todos conservaban el retrato de \u00e9l en sus altares, bajo las im\u00e1genes de La Pur\u00edsima o la Sangre de Cristo y lo enfloraban y le prend\u00edan velas para adorarlo. Lo ten\u00edan entronizado con su atuendo de casaca bordada, el sombrero de tres picos bajo el brazo y la espada al cinto, erguido y apenas sonriente en su traje de lo que \u00e9l era: no un santo, sino un general.<\/p>\n<p style=\"text-align: left;\">Ese general desapareci\u00f3 hace 44 a\u00f1os y con los vaivenes de la pol\u00edtica criolla de las \u00faltimas cuatro d\u00e9cadas y media pocos se acuerdan de aqu\u00e9l que muri\u00f3 completamente calvo, con el cuerpo menos derecho y m\u00e1s recio que en aquel retrato. Pero hasta su muerte siempre general, nunca en retiro. Para siempre el caudillo, jefe supremo del Partido Conservador.<\/p>\n<p style=\"text-align: center;\">***<\/p>\n<p style=\"text-align: left;\">El primer contacto de Emiliano Chamorro Vargas con la pol\u00edtica conservadora fue en la casa de Hip\u00f3lito Saballos, en Managua. Esa casa era el centro pol\u00edtico de los conservadores de la capital, a la que \u00e9l lleg\u00f3 cuando ten\u00eda catorce a\u00f1os. Hac\u00eda tres meses que se hab\u00eda enterado que su verdadero padre no era el esposo de su madre, Evaristo Enr\u00edquez, sino Salvador Chamorro. Esa noticia acab\u00f3 con\u00a0sus correr\u00edas por los campos y los r\u00edos de Comalapa y lo convirti\u00f3 en descendiente de una de las familias m\u00e1s importantes de un partido que hasta entonces desconoc\u00eda.<\/p>\n<p style=\"text-align: left;\">De ah\u00ed en adelante todo fue involucrarse sin retroceso, al punto de iniciar su vida militar a los 22 a\u00f1os de edad y participar durante una d\u00e9cada en cuanta revoluci\u00f3n se inici\u00f3 contra Zelaya. \u201c\u00c9l todo lo resolv\u00eda con guerrillas\u201d, asegura Jos\u00e9 Joaqu\u00edn Quadra Cardenal, granadino y fundador de la Juventud Conservadora, quien relev\u00f3 a Chamorro en el liderazgo de ese partido, cuando aqu\u00e9l ya rondaba los noventa a\u00f1os de edad.<\/p>\n<p style=\"text-align: left;\">Efectivamente Chamorro ten\u00eda mentalidad de guerrillero. \u00c9l fue conocido como general de diecisiete revoluciones y en cada batalla siempre aliment\u00f3 el mito sobre su coraje. La m\u00e1s memorable de sus batallas fue aqu\u00e9lla de la toma del Cuartel de Juigalpa, sobre la que se supo tom\u00f3 el control de \u00e9ste con s\u00f3lo 22 hombres armados de siete rev\u00f3lveres y quince machetes Collins, que luego esper\u00f3 con ellos en el puerto de San Ubaldo para secuestrar el vapor Victoria y fue a bordo del mismo que enfrent\u00f3 otras tres embarcaciones en el Lago Cocibolca hasta huir rumbo a Costa Rica. Sus escapes eran otro tema de leyenda.<\/p>\n<p style=\"text-align: left;\">En poco tiempo sus luchas contra el r\u00e9gimen liberal de Jos\u00e9 Santos Zelaya le merecieron el mote de \u201cEl Cadejo\u201d, porque en los diez a\u00f1os que dur\u00f3 su combate contra el mandatario liberal nunca lo pudieron atrapar. Entonces se divulg\u00f3 que era capaz de materializarse en distintas trincheras al mismo tiempo o aparecer y desaparecer a su antojo como el perro embrujado del cuento que los abuelos de antes contaban a los ni\u00f1os para aterrorizarlos.<\/p>\n<p style=\"text-align: left;\">Cuando creci\u00f3 la hostilidad del gobierno de Zelaya en contra de los conservadores, el padre de Emiliano Chamorro comenz\u00f3 a vender sus propiedades para marcharse a vivir a Europa con su familia. \u00c9l le ofreci\u00f3 a Emiliano que estudiara Derecho o Arquitectura en Chile, pero Emiliano estaba demasiado enrolado en la pol\u00edtica nacional y prefiri\u00f3 permanecer en Nicaragua, a cargo de una finca cafetalera que su padre conserv\u00f3 en Matagalpa.<\/p>\n<p style=\"text-align: left;\">Emilio \u00c1lvarez Montalv\u00e1n, historiador y tambi\u00e9n miembro de aquella Juventud Conservadora, considera que fue as\u00ed que Chamorro \u201cse convirti\u00f3 en un \u00eddolo para las masas conservadoras que lo siguieron siempre\u201d. Su origen de familia noble y su contacto con los campesinos, con quienes compart\u00eda hasta el tono de piel, fueron buena parte de la raz\u00f3n de su \u00e9xito en las batallas primero, y en las urnas despu\u00e9s.<\/p>\n<p style=\"text-align: left;\">\u201c\u00c9l ten\u00eda una cualidad muy especial: ten\u00eda una memoria privilegiada. Cuando alguien llegaba a saludarle, \u00e9l lo reconoc\u00eda y le preguntaba por la familia. Siempre estaba al d\u00eda con ellos. Eso a la gente le daba una cercan\u00eda con su figura\u201d, asegura \u00c1lvarez. Otra cualidad que \u00e9l recuerda en Chamorro es que \u00e9ste siempre tuvo una vida modesta. \u201cViv\u00eda como un espartano en una casa sencilla. Nunca tuvo una casa propia y su alimentaci\u00f3n tambi\u00e9n era muy frugal\u201d, comenta.<\/p>\n<p style=\"text-align: center;\">***<\/p>\n<p style=\"text-align: left;\">El primero que advirti\u00f3 el potencial presidencial de Emiliano Chamorro fue Ram\u00f3n Cuadra Pasos. \u201cCon usted no necesitamos ninguna estrategia electoral, porque ya su nombre tiene ganada la elecci\u00f3n\u201d, le dec\u00eda Cuadra Pasos a Chamorro durante las frecuentes visitas que el segundo hac\u00eda a la casa del primero en Granada, seg\u00fan recuerda Chamorro en su autobiograf\u00eda titulada El \u00faltimo caudillo, que fue publicada en 1983, diecisiete a\u00f1os despu\u00e9s de su muerte.<\/p>\n<p style=\"text-align: left;\">Pero Chamorro dej\u00f3 que su oportunidad hacia la Presidencia de la Rep\u00fablica aguardara hasta la segunda elecci\u00f3n posterior al gobierno de Zelaya, que acab\u00f3 en diciembre de 1909. Ese plazo era en las elecciones de 1916 y mientras llegaba la fecha, se fue como ministro plenipotenciario a Washington, donde casi al final de su per\u00edodo supo que el Partido no lo consideraba a \u00e9l como el candidato presidencial de esos comicios.<\/p>\n<p style=\"text-align: left;\">La sorpresa la recibi\u00f3 desde Managua en un telegrama, en el que la directiva del Partido le consultaba si \u00e9l apoyar\u00eda la candidatura presidencial de Pedro Rafael Cuadra.<\/p>\n<p style=\"text-align: left;\">\u201cYo no ten\u00eda nada en contra de \u00e9l, pero me pareci\u00f3 ya mucho exigirme eso de estar cediendo y cediendo siempre\u201d, confes\u00f3 Chamorro en sus memorias, sobre \u00e9sta que era apenas la primera vez que \u00e9l deseaba la Presidencia y el Partido no lo consideraba. Dispuesto a no ceder, Chamorro acept\u00f3 el barco de guerra estadounidense que el Gobierno de ese pa\u00eds le ofreci\u00f3 para trasladarlo de Washington a San Juan del Sur y de ah\u00ed sigui\u00f3 a Managua para iniciar su campa\u00f1a electoral.<\/p>\n<p style=\"text-align: left;\">En eso estaba con un mitin en la comunidad de San Andr\u00e9s de la Palanca, en Mateare, cuando recibi\u00f3 noticias del cambio de candidatura en el Partido Conservador, pero que no era la que esperaba, pues aunque el candidato ya no era Pedro Rafael Cuadra, tampoco era \u00e9l, sino Carlos Cuadra Pasos, a quien ni esa vez ni m\u00e1s adelante \u00e9l le permiti\u00f3 postularse a la Presidencia.<\/p>\n<p style=\"text-align: left;\">\u2014Voy para Managua en este momento para exigir al Partido Conservador el respeto a mi candidatura presidencial que es demanda del pueblo \u2013anunci\u00f3 Chamorro a sus seguidores a la mitad de la reuni\u00f3n que ten\u00eda en San Andr\u00e9s de la Palanca.<\/p>\n<p style=\"text-align: left;\">\u2014\u00bfAhorita mismo? \u00bfY en qu\u00e9 se va? \u2013pregunt\u00f3 uno de su audiencia.<\/p>\n<p style=\"text-align: left;\">\u2014Ahorita mismo y ya me voy aunque sea a pie.<\/p>\n<p style=\"text-align: left;\">\u2014Nosotros vamos con usted \u2013fue la reacci\u00f3n de otro y al primer paso de Chamorro inici\u00f3 la caminata de 20 kil\u00f3metros, con el caudillo de 45 a\u00f1os a la cabeza.<\/p>\n<p style=\"text-align: left;\">Despu\u00e9s de la caminata, la directiva conservadora no demor\u00f3 en aceptar su candidatura para las elecciones de 1916, en las que \u00e9l venci\u00f3 y fue investido como Presidente el 1 de enero de 1917, para un per\u00edodo que concluy\u00f3 el 31 de diciembre de 1921.<\/p>\n<div id='gallery-1' class='gallery galleryid-35898 gallery-columns-3 gallery-size-thumbnail'><figure class='gallery-item'>\n\t\t\t<div class='gallery-icon portrait'>\n\t\t\t\t<a href='https:\/\/staging.laprensanic.com\/magazine\/reportajes\/el-caudillo-verde\/attachment\/emiliano-chamorro-en-sus-ultimos-dias\/'><img decoding=\"async\" width=\"150\" height=\"150\" src=\"https:\/\/d1xxa24wwackpg.cloudfront.net\/wp-content\/uploads\/2017\/07\/07144418\/Emiliano-Chamorro-en-sus-%C3%BAltimos-d%C3%ADas.jpg\" class=\"attachment-thumbnail size-thumbnail\" alt=\"\" aria-describedby=\"gallery-1-35903\" srcset=\"https:\/\/d1xxa24wwackpg.cloudfront.net\/wp-content\/uploads\/2017\/07\/07144418\/Emiliano-Chamorro-en-sus-%C3%BAltimos-d%C3%ADas.jpg 150w, https:\/\/d1xxa24wwackpg.cloudfront.net\/wp-content\/uploads\/2017\/07\/07144418\/Emiliano-Chamorro-en-sus-%C3%BAltimos-d%C3%ADas.jpg 600w, https:\/\/d1xxa24wwackpg.cloudfront.net\/wp-content\/uploads\/2017\/07\/07144418\/Emiliano-Chamorro-en-sus-%C3%BAltimos-d%C3%ADas.jpg 24w, https:\/\/d1xxa24wwackpg.cloudfront.net\/wp-content\/uploads\/2017\/07\/07144418\/Emiliano-Chamorro-en-sus-%C3%BAltimos-d%C3%ADas.jpg 48w, https:\/\/d1xxa24wwackpg.cloudfront.net\/wp-content\/uploads\/2017\/07\/07144418\/Emiliano-Chamorro-en-sus-%C3%BAltimos-d%C3%ADas.jpg 96w, https:\/\/d1xxa24wwackpg.cloudfront.net\/wp-content\/uploads\/2017\/07\/07144418\/Emiliano-Chamorro-en-sus-%C3%BAltimos-d%C3%ADas.jpg 300w, https:\/\/d1xxa24wwackpg.cloudfront.net\/wp-content\/uploads\/2017\/07\/07144418\/Emiliano-Chamorro-en-sus-%C3%BAltimos-d%C3%ADas.jpg 100w\" sizes=\"(max-width: 150px) 100vw, 150px\" \/><\/a>\n\t\t\t<\/div>\n\t\t\t\t<figcaption class='wp-caption-text gallery-caption' id='gallery-1-35903'>\n\t\t\t\tEn sus \u00faltimos a\u00f1os Emiliano Chamorro segu\u00eda dirigiendo el Partido Conservador. Los notables y la directiva siempre le consultaban cualquier decisi\u00f3n.\n\t\t\t\t<\/figcaption><\/figure><figure class='gallery-item'>\n\t\t\t<div class='gallery-icon portrait'>\n\t\t\t\t<a href='https:\/\/staging.laprensanic.com\/magazine\/reportajes\/el-caudillo-verde\/attachment\/emililiano-chamorro-y-su-primera-esposa-lastenia-enriquez\/'><img decoding=\"async\" width=\"150\" height=\"150\" src=\"https:\/\/d1xxa24wwackpg.cloudfront.net\/wp-content\/uploads\/2017\/07\/07144417\/Emililiano-Chamorro-y-su-primera-esposa-Lastenia-Enr%C3%ADquez.jpg\" class=\"attachment-thumbnail size-thumbnail\" alt=\"FOTOS DE BISMARCK PICADO Y REPRODUCCIONES DE REN\u00c9 ORTEGA\" aria-describedby=\"gallery-1-35904\" srcset=\"https:\/\/d1xxa24wwackpg.cloudfront.net\/wp-content\/uploads\/2017\/07\/07144417\/Emililiano-Chamorro-y-su-primera-esposa-Lastenia-Enr%C3%ADquez.jpg 150w, https:\/\/d1xxa24wwackpg.cloudfront.net\/wp-content\/uploads\/2017\/07\/07144417\/Emililiano-Chamorro-y-su-primera-esposa-Lastenia-Enr%C3%ADquez.jpg 600w, https:\/\/d1xxa24wwackpg.cloudfront.net\/wp-content\/uploads\/2017\/07\/07144417\/Emililiano-Chamorro-y-su-primera-esposa-Lastenia-Enr%C3%ADquez.jpg 24w, https:\/\/d1xxa24wwackpg.cloudfront.net\/wp-content\/uploads\/2017\/07\/07144417\/Emililiano-Chamorro-y-su-primera-esposa-Lastenia-Enr%C3%ADquez.jpg 48w, https:\/\/d1xxa24wwackpg.cloudfront.net\/wp-content\/uploads\/2017\/07\/07144417\/Emililiano-Chamorro-y-su-primera-esposa-Lastenia-Enr%C3%ADquez.jpg 96w, https:\/\/d1xxa24wwackpg.cloudfront.net\/wp-content\/uploads\/2017\/07\/07144417\/Emililiano-Chamorro-y-su-primera-esposa-Lastenia-Enr%C3%ADquez.jpg 300w, https:\/\/d1xxa24wwackpg.cloudfront.net\/wp-content\/uploads\/2017\/07\/07144417\/Emililiano-Chamorro-y-su-primera-esposa-Lastenia-Enr%C3%ADquez.jpg 100w\" sizes=\"(max-width: 150px) 100vw, 150px\" \/><\/a>\n\t\t\t<\/div>\n\t\t\t\t<figcaption class='wp-caption-text gallery-caption' id='gallery-1-35904'>\n\t\t\t\tEmiliano Chamorro se enamor\u00f3 de su primera esposa, Lastenia Enr\u00edquez, mientras paseaba en una chicher\u00eda de Granada, con su anterior prometida. Se cas\u00f3 a los 29 a\u00f1os, pero nunca tuvo hijos.\n\t\t\t\t<\/figcaption><\/figure><figure class='gallery-item'>\n\t\t\t<div class='gallery-icon landscape'>\n\t\t\t\t<a href='https:\/\/staging.laprensanic.com\/magazine\/reportajes\/el-caudillo-verde\/attachment\/fernando-aguero-rocha\/'><img decoding=\"async\" width=\"150\" height=\"150\" src=\"https:\/\/d1xxa24wwackpg.cloudfront.net\/wp-content\/uploads\/2017\/07\/07144416\/Fernando-Ag%C3%BCero-Rocha.jpg\" class=\"attachment-thumbnail size-thumbnail\" alt=\"\" aria-describedby=\"gallery-1-35905\" srcset=\"https:\/\/d1xxa24wwackpg.cloudfront.net\/wp-content\/uploads\/2017\/07\/07144416\/Fernando-Ag%C3%BCero-Rocha.jpg 150w, https:\/\/d1xxa24wwackpg.cloudfront.net\/wp-content\/uploads\/2017\/07\/07144416\/Fernando-Ag%C3%BCero-Rocha.jpg 24w, https:\/\/d1xxa24wwackpg.cloudfront.net\/wp-content\/uploads\/2017\/07\/07144416\/Fernando-Ag%C3%BCero-Rocha.jpg 48w, https:\/\/d1xxa24wwackpg.cloudfront.net\/wp-content\/uploads\/2017\/07\/07144416\/Fernando-Ag%C3%BCero-Rocha.jpg 96w, https:\/\/d1xxa24wwackpg.cloudfront.net\/wp-content\/uploads\/2017\/07\/07144416\/Fernando-Ag%C3%BCero-Rocha.jpg 300w, https:\/\/d1xxa24wwackpg.cloudfront.net\/wp-content\/uploads\/2017\/07\/07144416\/Fernando-Ag%C3%BCero-Rocha.jpg 100w\" sizes=\"(max-width: 150px) 100vw, 150px\" \/><\/a>\n\t\t\t<\/div>\n\t\t\t\t<figcaption class='wp-caption-text gallery-caption' id='gallery-1-35905'>\n\t\t\t\tFernando Ag\u00fcero Rocha (al centro) sucedi\u00f3 en el Partido Conservador a Emiliano Chamorro, aunque los conservadores continuaron fieles al caudillo.\n\t\t\t\t<\/figcaption><\/figure><figure class='gallery-item'>\n\t\t\t<div class='gallery-icon landscape'>\n\t\t\t\t<a href='https:\/\/staging.laprensanic.com\/magazine\/reportajes\/el-caudillo-verde\/attachment\/magazine163-tripa-12\/'><img loading=\"lazy\" decoding=\"async\" width=\"150\" height=\"150\" src=\"https:\/\/d1xxa24wwackpg.cloudfront.net\/wp-content\/uploads\/2017\/07\/07144415\/magazine163-tripa-12.jpg\" class=\"attachment-thumbnail size-thumbnail\" alt=\"\" aria-describedby=\"gallery-1-35906\" srcset=\"https:\/\/d1xxa24wwackpg.cloudfront.net\/wp-content\/uploads\/2017\/07\/07144415\/magazine163-tripa-12.jpg 150w, https:\/\/d1xxa24wwackpg.cloudfront.net\/wp-content\/uploads\/2017\/07\/07144415\/magazine163-tripa-12.jpg 600w, https:\/\/d1xxa24wwackpg.cloudfront.net\/wp-content\/uploads\/2017\/07\/07144415\/magazine163-tripa-12.jpg 24w, https:\/\/d1xxa24wwackpg.cloudfront.net\/wp-content\/uploads\/2017\/07\/07144415\/magazine163-tripa-12.jpg 48w, https:\/\/d1xxa24wwackpg.cloudfront.net\/wp-content\/uploads\/2017\/07\/07144415\/magazine163-tripa-12.jpg 96w, https:\/\/d1xxa24wwackpg.cloudfront.net\/wp-content\/uploads\/2017\/07\/07144415\/magazine163-tripa-12.jpg 300w, https:\/\/d1xxa24wwackpg.cloudfront.net\/wp-content\/uploads\/2017\/07\/07144415\/magazine163-tripa-12.jpg 100w\" sizes=\"(max-width: 150px) 100vw, 150px\" \/><\/a>\n\t\t\t<\/div>\n\t\t\t\t<figcaption class='wp-caption-text gallery-caption' id='gallery-1-35906'>\n\t\t\t\tEn 1914, Emiliano Chamorro firm\u00f3 con William Jennings Bryan un criticado tratado que concedi\u00f3 a los Estados Unidos la \u201copci\u00f3n\u201d de construir un canal interoce\u00e1nico en Nicaragua.\n\t\t\t\t<\/figcaption><\/figure><figure class='gallery-item'>\n\t\t\t<div class='gallery-icon portrait'>\n\t\t\t\t<a href='https:\/\/staging.laprensanic.com\/magazine\/reportajes\/el-caudillo-verde\/attachment\/magazine163-tripa\/'><img loading=\"lazy\" decoding=\"async\" width=\"150\" height=\"150\" src=\"https:\/\/d1xxa24wwackpg.cloudfront.net\/wp-content\/uploads\/2017\/07\/07144414\/magazine163-tripa.jpg\" class=\"attachment-thumbnail size-thumbnail\" alt=\"FOTOS DE BISMARCK PICADO Y REPRODUCCIONES DE REN\u00c9 ORTEGA\" aria-describedby=\"gallery-1-35907\" srcset=\"https:\/\/d1xxa24wwackpg.cloudfront.net\/wp-content\/uploads\/2017\/07\/07144414\/magazine163-tripa.jpg 150w, https:\/\/d1xxa24wwackpg.cloudfront.net\/wp-content\/uploads\/2017\/07\/07144414\/magazine163-tripa.jpg 600w, https:\/\/d1xxa24wwackpg.cloudfront.net\/wp-content\/uploads\/2017\/07\/07144414\/magazine163-tripa.jpg 24w, https:\/\/d1xxa24wwackpg.cloudfront.net\/wp-content\/uploads\/2017\/07\/07144414\/magazine163-tripa.jpg 48w, https:\/\/d1xxa24wwackpg.cloudfront.net\/wp-content\/uploads\/2017\/07\/07144414\/magazine163-tripa.jpg 96w, https:\/\/d1xxa24wwackpg.cloudfront.net\/wp-content\/uploads\/2017\/07\/07144414\/magazine163-tripa.jpg 300w, https:\/\/d1xxa24wwackpg.cloudfront.net\/wp-content\/uploads\/2017\/07\/07144414\/magazine163-tripa.jpg 100w\" sizes=\"(max-width: 150px) 100vw, 150px\" \/><\/a>\n\t\t\t<\/div>\n\t\t\t\t<figcaption class='wp-caption-text gallery-caption' id='gallery-1-35907'>\n\t\t\t\tEmiliano Chamorro fue enterrado con un traje de general, similar al que vest\u00eda en el retrato venerado por los campesinos. Los botones y el bordado eran de oro puro y llevaba un rosario que le regal\u00f3 el Papa P\u00edo XI.\n\t\t\t\t<\/figcaption><\/figure><figure class='gallery-item'>\n\t\t\t<div class='gallery-icon portrait'>\n\t\t\t\t<a href='https:\/\/staging.laprensanic.com\/magazine\/reportajes\/el-caudillo-verde\/attachment\/magazine163-tri\/'><img loading=\"lazy\" decoding=\"async\" width=\"150\" height=\"150\" src=\"https:\/\/d1xxa24wwackpg.cloudfront.net\/wp-content\/uploads\/2017\/07\/07144413\/magazine163-tri.jpg\" class=\"attachment-thumbnail size-thumbnail\" alt=\"\" aria-describedby=\"gallery-1-35908\" srcset=\"https:\/\/d1xxa24wwackpg.cloudfront.net\/wp-content\/uploads\/2017\/07\/07144413\/magazine163-tri.jpg 150w, https:\/\/d1xxa24wwackpg.cloudfront.net\/wp-content\/uploads\/2017\/07\/07144413\/magazine163-tri.jpg 600w, https:\/\/d1xxa24wwackpg.cloudfront.net\/wp-content\/uploads\/2017\/07\/07144413\/magazine163-tri.jpg 24w, https:\/\/d1xxa24wwackpg.cloudfront.net\/wp-content\/uploads\/2017\/07\/07144413\/magazine163-tri.jpg 48w, https:\/\/d1xxa24wwackpg.cloudfront.net\/wp-content\/uploads\/2017\/07\/07144413\/magazine163-tri.jpg 96w, https:\/\/d1xxa24wwackpg.cloudfront.net\/wp-content\/uploads\/2017\/07\/07144413\/magazine163-tri.jpg 300w, https:\/\/d1xxa24wwackpg.cloudfront.net\/wp-content\/uploads\/2017\/07\/07144413\/magazine163-tri.jpg 100w\" sizes=\"(max-width: 150px) 100vw, 150px\" \/><\/a>\n\t\t\t<\/div>\n\t\t\t\t<figcaption class='wp-caption-text gallery-caption' id='gallery-1-35908'>\n\t\t\t\tEl entierro del caudillo fue multitudinario y aunque \u00e9l lo hab\u00eda pedido sencillo tuvo honores de militar.\n\t\t\t\t<\/figcaption><\/figure>\n\t\t<\/div>\n\n<p style=\"text-align: center;\">***<\/p>\n<p style=\"text-align: left;\">Para \u00c1lvarez Montalv\u00e1n, el fen\u00f3meno de Chamorro tiene su explicaci\u00f3n en la figura del caudillo. \u201cEsta figura es muy frecuente en la historia de Nicaragua y en todos los pa\u00edses del mundo subdesarrollado. El caudillo tiene una caracter\u00edstica muy especial que se llama carisma, una especie de unci\u00f3n religiosa que dispone para darle confianza a la gente y conseguir su lealtad. Eso sucede cuando la gente poco ilustrada, y a\u00fan la ilustrada, se deja encantar por las promesas que les da el caudillo de mejorar su situaci\u00f3n y entonces lo\u00a0siguen en una forma incondicional. Sin embargo \u2013advierte\u2013 el poder que tiene el caudillo lo envicia de seguir en el y no bajarse nunca\u201d.<\/p>\n<p style=\"text-align: left;\">Chamorro revel\u00f3 ese vicio a dos a\u00f1os de haber asumido la Presidencia. \u201cComenc\u00e9 a escuchar la voz popular en varias partes de la Rep\u00fablica, preconizando mi nombre para un nuevo per\u00edodo presidencial\u201d, escribi\u00f3 el caudillo en sus memorias, aunque al final de su per\u00edodo opt\u00f3 por regresar a Washington como ministro plenipotenciario. Hasta que en 1923 busc\u00f3 otro mandato y compiti\u00f3 con otra f\u00f3rmula libero-conservadora liderada por Carlos Sol\u00f3rzano y perdi\u00f3 en unos comicios que \u00e9l calific\u00f3 como fraudulentos.<\/p>\n<p style=\"text-align: center;\">***<\/p>\n<p style=\"text-align: left;\">Confiado de su influencia ante el Gobierno de Estados Unidos, Emiliano Chamorro trat\u00f3 que \u00e9ste desconociera a Sol\u00f3rzano, pero no tuvo \u00e9xito y otra vez, a sus 54 a\u00f1os, opt\u00f3 por \u201cbuscar alianzas para eliminar a los liberales del Gobierno y al mismo Sol\u00f3rzano, si no lleg\u00e1bamos a un entendimiento completo con \u00e9l\u201d.<\/p>\n<p style=\"text-align: left;\">La b\u00fasqueda lo condujo a las armas y para el 24 de octubre de 1925 hab\u00eda reunido a doscientos de sus seguidores que llegaron de Las Sierras de Managua. El objetivo era tomar la Loma de Tiscapa, donde despachaba Sol\u00f3rzano.<\/p>\n<p style=\"text-align: left;\">Armando Estrada \u2013hijo del general Alfonso Estrada que comparti\u00f3 batallas con Chamorro\u2013 recuerda que su padre \u201cle recomend\u00f3 al general que \u00e9l se fuera de la Loma para evitarse problemas con el Departamento de Estado\u201d, pero dice que Chamorro no quiso escucharlo y a las cuatro de la ma\u00f1ana del d\u00eda siguiente llam\u00f3 a Casa Presidencial donde Sol\u00f3rzano lo reconoci\u00f3 sorprendido.<\/p>\n<p style=\"text-align: left;\">\u2014\u00bfQu\u00e9 est\u00e1 haciendo aqu\u00ed? \u2013pregunt\u00f3 Sol\u00f3rzano asustado.<\/p>\n<p style=\"text-align: left;\">\u2014Vine a hacerme cargo de este establecimiento militar porque usted se ha rehusado al arreglo que le propuse \u2013respondi\u00f3 Chamorro refiri\u00e9ndose a una propuesta hecha previamente a Sol\u00f3rzano para que cediera seis administraciones departamentales a los conservadores y que facilitara la exclusi\u00f3n de los liberales en el Gobierno.<\/p>\n<p style=\"text-align: left;\">Sol\u00f3rzano renunci\u00f3 al poder y Chamorro, quien antes hab\u00eda pensado en ceder el cargo a Adolfo D\u00edaz, termin\u00f3 por qued\u00e1rselo \u00e9l, porque temi\u00f3 que D\u00edaz le cediera el cargo a Carlos Cuadra Pasos.<br \/>\n\u201cComo \u00e9l gobernaba el partido a la redonda no permit\u00eda que hubieran competidores y nunca permiti\u00f3 el relevo generacional que era importante. M\u00e1s bien eliminaba a los que le sal\u00edan de competidores\u201d, recuerda \u00c1lvarez.<\/p>\n<p style=\"text-align: left;\">El golpe de Estado de Chamorro qued\u00f3 registrado en la historia con el nombre de \u201cel lomazo\u201d. \u00c9ste es para \u00c1lvarez uno de los dos errores \u201cgarrafales\u201d que cometi\u00f3 el caudillo. \u201cEse error le cost\u00f3 a Chamorro que los gobiernos extranjeros no reconocieran su gobierno de facto e incluso lo obligaron a salir del pa\u00eds y se fue a Europa como ministro plenipotenciario del Gobierno\u201d.<\/p>\n<p style=\"text-align: left;\">Pero a su regreso Chamorro no hab\u00eda desistido de la Presidencia y present\u00f3 su candidatura en las siguientes elecciones. Uno de sus simpatizantes, al que no le permitieron votar, se peg\u00f3 un tiro frente a la mesa donde se registraban los ciudadanos. Pero a\u00fan con ese tipo de fidelidades, venci\u00f3 Jos\u00e9 Mar\u00eda Moncada y a \u00e9l le sucedi\u00f3 Juan Bautista Sacasa, a quien m\u00e1s tarde otro general, Anastasio Somoza Garc\u00eda, le dio un golpe militar tras el que estableci\u00f3 una dinast\u00eda que dur\u00f3 43 a\u00f1os.<\/p>\n<p style=\"text-align: center;\">***<\/p>\n<p style=\"text-align: left;\">Chamorro cuenta en su autobiograf\u00eda sobre c\u00f3mo visitaba con frecuencia a Somoza Garc\u00eda, cuando \u00e9ste s\u00f3lo era el jefe de la Guardia Nacional. Y, aunque despu\u00e9s tuvo que exiliarse durante los primeros a\u00f1os de ese r\u00e9gimen, \u00e9l continu\u00f3 dirigiendo el Partido Conservador, al punto de firmar m\u00e1s tarde un \u201cacuerdo pol\u00edtico\u201d con Somoza, cuando \u00e9l crey\u00f3 que \u00e9sa era la \u00fanica manera de revivir el partido tan fragmentado para entonces.<\/p>\n<p style=\"text-align: left;\">\u201c\u00c9se tal vez fue su error m\u00e1s grave.\u00a0Ninguno de los dos (Chamorro y Somoza) comprendi\u00f3 la importancia que hubiera tenido ese pacto, porque eran los dos caudillos m\u00e1s importantes que ten\u00eda el pa\u00eds y los que pudieron haber solidificado las instituciones p\u00fablicas\u201d, lamenta \u00c1lvarez sobre el acuerdo bautizado como el pacto de los generales, en el que ambos caudillos se repartieron cuotas de poder y en el que Chamorro, esperando algunos cargos para el Partido Conservador cedi\u00f3 a la posibilidad de la reelecci\u00f3n de Somoza o la sucesi\u00f3n de alguno de sus hijos.<\/p>\n<p style=\"text-align: left;\">\u201cM\u00e1s tarde \u2013dice \u00c1lvarez\u2013 supe que Somoza pact\u00f3 con Chamorro para terminar con el prestigio del \u00fanico opositor importante que le quedaba y Chamorro lo hizo para conspirar con m\u00e1s facilidad en contra de Somoza Garc\u00eda. Es decir, los dos andaban en lucha por el poder, por el poder mismo, porque \u00e9se es el mal del caudillo\u201d. El vicio del poder del que Emiliano Chamorro no estuvo exento.<\/p>\n<h3 style=\"text-align: left;\">Rurales y urbanos<\/h3>\n<p style=\"text-align: left;\">Emilio \u00c1lvarez Montalv\u00e1n, autor de La cultura pol\u00edtica nicarag\u00fcense, asegura que hay dos clases de caudillos. Est\u00e1 el caudillo rural y el urbano, \u201cque es el nuevo tipo de caudillo\u201d.<\/p>\n<p style=\"text-align: left;\">\u201cEl caudillo rural \u2013explica\u2013 es el que organiza las guerrillas, y el caudillo urbano es el que organiza las grandes organizaciones tumultuarias\u201d.<\/p>\n<p style=\"text-align: left;\">\u201cLos dos desarrollan un poder muy fuerte que dicho sea de paso, para una sociedad de grandes desigualdades, como es Nicaragua, ese caudillo tiene la gracia de cohesionar esa desigualdad y evitar el caos. Sin embargo se hace pagar muy caro ese favor, porque el poder que tienen los envicia de seguir en \u00e9l y no bajarse nunca\u201d, se\u00f1ala.<\/p>\n<p style=\"text-align: left;\">\u00c1lvarez Montalv\u00e1n no comparte que Emiliano Chamorro sea el \u00faltimo caudillo, como \u00e9ste titula su autobiograf\u00eda. \u201cAm\u00e9rica Latina sigue produciendo caudillos. En Venezuela tenemos a Hugo Ch\u00e1vez, en Nicaragua tenemos a (Daniel) Ortega (\u2026) Son los nuevos caudillos que vienen disfrazados de una careta para ocultar lo que en verdad son: aut\u00f3cratas y manejadores de la gente con promesas e ilusiones que no pueden realizar. Yo les llamo a ellos encantadores de serpientes. Tocan la flautita y la serpiente va saliendo. La gente los apoya, pero ellos para conservar el poder hacen cualquier cosa, como las que est\u00e1 haciendo ahora (Daniel) Ortega\u201d, reclama.<\/p>\n<p style=\"text-align: left;\">Seg\u00fan \u00c1lvarez, el caudillo de los siglos XIX y XX era muy honesto. \u201cNo hac\u00eda negocios con el Estado. Era gente muy sobria, muy dedicada a la administraci\u00f3n p\u00fablica. Nada m\u00e1s que ten\u00edan el beneficio del poder y el poder corrompe (&#8230;) y \u00e9se es el gran problema de Nicaragua, \u2013lamenta\u2013 que todo el mundo quiere llegar a la Presidencia y quedarse ah\u00ed. Las excepciones a ese juego macabro han sido do\u00f1a Violeta Chamorro y don Enrique Bola\u00f1os, que nunca aspiraron a reelegirse\u201d, destaca.<\/p>\n<p style=\"text-align: left;\"><a href=\"https:\/\/www.laprensa.com.ni\/magazine\/wp-content\/uploads\/2017\/07\/magazine163-tripa-11.jpg\"><img loading=\"lazy\" decoding=\"async\" class=\"aligncenter wp-image-35909 size-medium\" src=\"https:\/\/www.laprensa.com.ni\/magazine\/wp-content\/uploads\/2017\/07\/magazine163-tripa-11-245x300.jpg\" alt=\"FOTOS DE BISMARCK PICADO Y REPRODUCCIONES DE REN\u00c9 ORTEGA\" width=\"245\" height=\"300\" srcset=\"https:\/\/d1xxa24wwackpg.cloudfront.net\/wp-content\/uploads\/2017\/07\/07144412\/magazine163-tripa-11.jpg 245w, https:\/\/d1xxa24wwackpg.cloudfront.net\/wp-content\/uploads\/2017\/07\/07144412\/magazine163-tripa-11.jpg 600w, https:\/\/d1xxa24wwackpg.cloudfront.net\/wp-content\/uploads\/2017\/07\/07144412\/magazine163-tripa-11.jpg 700w\" sizes=\"(max-width: 245px) 100vw, 245px\" \/><\/a><\/p>\n<h3 style=\"text-align: left;\">De novia a los 90 a\u00f1os<\/h3>\n<p style=\"text-align: left;\">El titular en la primera plana de LA PRE NSA del 10 de febrero de 1963 no pod\u00eda llamar menos la atenci\u00f3n: \u201cA los 93 a\u00f1os se casa el general Chamorro\u201d, se le\u00eda en la nota acompa\u00f1ada de la foto del veterano general tomado de la mano de su novia, Merceditas Rodr\u00edguez, una joven de 30 a\u00f1os, enfermera e hija de Mercedes Rodr\u00edguez, un compa\u00f1ero de batalla en los a\u00f1os de lucha del caudillo.<\/p>\n<p style=\"text-align: left;\">\u00c9l la conoci\u00f3 cuando ella ten\u00eda cinco a\u00f1os. Fue en la finca que el padre de la novia ten\u00eda en Ticuantepe, donde Chamorro mandaba a buscar granos b\u00e1sicos para la alimentaci\u00f3n de los mozos que cuidaban sus haciendas Santa Lastenia y R\u00edo Grande.<\/p>\n<p style=\"text-align: left;\">\u2013Parece que el general est\u00e1 enamorado de vos, pero yo no puedo juzgar sus intenciones \u2013le dijo un d\u00eda Mercedes Rodr\u00edguez a su hija y ella que conoc\u00eda las intenciones de Chamorro le respondi\u00f3:<\/p>\n<p style=\"text-align: left;\">\u2013Pap\u00e1, el quiere casarse conmigo. La respuesta de su padre fue sencilla.<\/p>\n<p style=\"text-align: left;\">\u2013Est\u00e1s muy joven para su edad tan avanzada, pero como he sido su compa\u00f1ero de armas y es mi amigo tan \u00edntimo me limito a pedirte que le sirvas con cari\u00f1o y propiedad.<\/p>\n<p style=\"text-align: left;\">La boda se realiz\u00f3 en la pensi\u00f3n Romero, de la Calle El Triunfo, donde Chamorro vivi\u00f3 los \u00faltimos a\u00f1os de su vida, antes de trasladarse con su nueva esposa a R\u00edo Grande. Tres a\u00f1os despu\u00e9s, mientras ella lo llevaba a la habitaci\u00f3n sentado en su silla de ruedas, \u00e9l muri\u00f3.<\/p>\n<figure id=\"attachment_35910\" aria-describedby=\"caption-attachment-35910\" style=\"width: 300px\" class=\"wp-caption aligncenter\"><a href=\"https:\/\/www.laprensa.com.ni\/magazine\/wp-content\/uploads\/2017\/07\/magazine163-tripa-13.jpg\"><img loading=\"lazy\" decoding=\"async\" class=\"wp-image-35910 size-medium\" src=\"https:\/\/www.laprensa.com.ni\/magazine\/wp-content\/uploads\/2017\/07\/magazine163-tripa-13-300x215.jpg\" alt=\"FOTOS DE BISMARCK PICADO Y REPRODUCCIONES DE REN\u00c9 ORTEGA\" width=\"300\" height=\"215\" srcset=\"https:\/\/d1xxa24wwackpg.cloudfront.net\/wp-content\/uploads\/2017\/07\/07144410\/magazine163-tripa-13.jpg 300w, https:\/\/d1xxa24wwackpg.cloudfront.net\/wp-content\/uploads\/2017\/07\/07144410\/magazine163-tripa-13.jpg 600w, https:\/\/d1xxa24wwackpg.cloudfront.net\/wp-content\/uploads\/2017\/07\/07144410\/magazine163-tripa-13.jpg 700w\" sizes=\"(max-width: 300px) 100vw, 300px\" \/><\/a><figcaption id=\"caption-attachment-35910\" class=\"wp-caption-text\">Alos 93 a\u00f1os, Emiliano Chamorro se cas\u00f3 con Merceditas Rodr\u00edguez, una joven de 30 a\u00f1os.<\/figcaption><\/figure>\n","protected":false},"excerpt":{"rendered":"<p>Dirigi\u00f3 17 revoluciones, lo veneraban como santo en los ranchos campesinos, fue presidente, pactista y se cas\u00f3 a los 93 a\u00f1os. Emiliano Chamorro es el gran caudillo conservador cuyo comportamiento hoy parece m\u00e1s vivo que nunca<\/p>\n","protected":false},"author":46,"featured_media":35901,"comment_status":"open","ping_status":"open","sticky":false,"template":"","format":"standard","meta":{"_acf_changed":false,"footnotes":""},"categories":[26],"tags":[],"class_list":["post-35898","post","type-post","status-publish","format-standard","has-post-thumbnail","hentry","category-reportajes"],"acf":[],"_links":{"self":[{"href":"https:\/\/staging.laprensanic.com\/magazine\/wp-json\/wp\/v2\/posts\/35898","targetHints":{"allow":["GET"]}}],"collection":[{"href":"https:\/\/staging.laprensanic.com\/magazine\/wp-json\/wp\/v2\/posts"}],"about":[{"href":"https:\/\/staging.laprensanic.com\/magazine\/wp-json\/wp\/v2\/types\/post"}],"author":[{"embeddable":true,"href":"https:\/\/staging.laprensanic.com\/magazine\/wp-json\/wp\/v2\/users\/46"}],"replies":[{"embeddable":true,"href":"https:\/\/staging.laprensanic.com\/magazine\/wp-json\/wp\/v2\/comments?post=35898"}],"version-history":[{"count":6,"href":"https:\/\/staging.laprensanic.com\/magazine\/wp-json\/wp\/v2\/posts\/35898\/revisions"}],"predecessor-version":[{"id":45220,"href":"https:\/\/staging.laprensanic.com\/magazine\/wp-json\/wp\/v2\/posts\/35898\/revisions\/45220"}],"wp:featuredmedia":[{"embeddable":true,"href":"https:\/\/staging.laprensanic.com\/magazine\/wp-json\/wp\/v2\/media\/35901"}],"wp:attachment":[{"href":"https:\/\/staging.laprensanic.com\/magazine\/wp-json\/wp\/v2\/media?parent=35898"}],"wp:term":[{"taxonomy":"category","embeddable":true,"href":"https:\/\/staging.laprensanic.com\/magazine\/wp-json\/wp\/v2\/categories?post=35898"},{"taxonomy":"post_tag","embeddable":true,"href":"https:\/\/staging.laprensanic.com\/magazine\/wp-json\/wp\/v2\/tags?post=35898"}],"curies":[{"name":"wp","href":"https:\/\/api.w.org\/{rel}","templated":true}]}}