{"id":36034,"date":"2010-06-13T15:08:28","date_gmt":"2010-06-13T21:08:28","guid":{"rendered":"https:\/\/www.magazine.com.ni\/?p=36034"},"modified":"2018-10-08T14:57:20","modified_gmt":"2018-10-08T14:57:20","slug":"fue-el-sueno-de-mi-vida","status":"publish","type":"post","link":"https:\/\/staging.laprensanic.com\/magazine\/reportajes\/fue-el-sueno-de-mi-vida\/","title":{"rendered":"\u00abFue el sue\u00f1o de mi vida\u00bb"},"content":{"rendered":"<p style=\"text-align: center;\">Nueve j\u00f3venes rescatados de los problemas familiares, la vagancia y la drogadicci\u00f3n viajaron en marzo pasado a Sud\u00e1frica, donde participaron en el Mundial de F\u00fatbol de Ni\u00f1os de la Calle. M\u00e1s all\u00e1 del f\u00fatbol, para ellos, el viaje fue un sue\u00f1o hecho realidad<\/p>\n<p style=\"text-align: center;\"><strong>Dora Luz Romero<\/strong><\/p>\n<p style=\"text-align: left;\">Juan Carlos Gonz\u00e1lez, un jovencito de 16 a\u00f1os, llevaba puesta una camisa azulgrana. Caminaba a paso lento sobre la grama del estadio Camp Nou en Barcelona. El p\u00fablico no cesaba de aplaudirle y su asombro era tal que ten\u00eda la sonrisa congelada. De pronto Gonz\u00e1lez volte\u00f3 su mirada y a unos escasos metros, vestido igual que \u00e9l, estaba Lionel Messi, el jugador argentino del Club Barcelona.<\/p>\n<p style=\"text-align: left;\">Aquella escena era perfecta. S\u00f3lo hab\u00eda un deseo que el jovencito pod\u00eda pedir: no despertarse.<\/p>\n<p style=\"text-align: left;\">Esa ma\u00f1ana, Juan Carlos Gonz\u00e1lez se levant\u00f3 con una sonrisa en el rostro y desde que abri\u00f3 sus ojos y vio a su alrededor estaba convencido que no era m\u00e1s que un bonito sue\u00f1o. Ese d\u00eda, al igual que los otros, el jovencito se alist\u00f3 para ir a clases al colegio Solidaridad, donde cursa tercer a\u00f1o.<\/p>\n<p style=\"text-align: left;\">Su vida sigui\u00f3 su ritmo natural hasta que un d\u00eda en Casa Alianza, donde lleva casi un a\u00f1o, le dijeron que hab\u00eda un viaje a Sud\u00e1frica. Nueve de los ni\u00f1os y ni\u00f1as de esta organizaci\u00f3n tendr\u00edan la oportunidad de viajar y jugar en el llamado Mundial de F\u00fatbol para Ni\u00f1os de la Calle. A Juan Carlos, Sud\u00e1frica le sonaba conocido, pero en realidad adem\u00e1s del nombre no sab\u00eda absolutamente nada. Ni d\u00f3nde quedaba, ni la distancia que le tocar\u00eda recorrer, ni el clima&#8230;<\/p>\n<p style=\"text-align: left;\">Pero antes de pensar en eso, deb\u00eda de ganarse uno de los nueve puestos. Todos los jovencitos y jovencitas de Casa Alianza entrenaban a diario y luego se elegir\u00eda a los mejores representantes.<\/p>\n<p style=\"text-align: left;\">Juan Carlos Gonz\u00e1lez fue uno de los elegidos y adem\u00e1s fue nombrado el capit\u00e1n de la selecci\u00f3n. \u201cNo lo pod\u00eda creer, sent\u00eda que estaba so\u00f1ando\u201d, confiesa este muchacho algo y delgado como una varilla y con una sonrisa como de comercial de pasta dental.<\/p>\n<p style=\"text-align: left;\">No era el \u00fanico que sent\u00eda estar so\u00f1ando, sus ocho compa\u00f1eros ten\u00edan la mism\u00edsima sensaci\u00f3n.<\/p>\n<p style=\"text-align: left;\">Luego de aquella noche cuando Gonz\u00e1lez so\u00f1\u00f3 que estaba en el Camp Nou en Barcelona, la idea de viajar jam\u00e1s cruz\u00f3 su mente. Pobre. Sin padre ni madre y a merced de un t\u00edo, \u00e9l siempre supo que viajar iba m\u00e1s all\u00e1 de sus posibilidades. Estudiar, comer y jugar, parec\u00eda suficiente. \u00c9ste era su sue\u00f1o hecho realidad.<\/p>\n<p style=\"text-align: center;\">***<\/p>\n<p style=\"text-align: left;\">Vestidos con los colores de la Bandera nicarag\u00fcense, los nueve j\u00f3venes llegaron a la Universidad Tecnol\u00f3gica de Durb\u00e1n, donde se realizar\u00edan los juegos. Pero antes de estar ah\u00ed junto a los integrantes de los equipos de Brasil, India, Sud\u00e1frica, Tanzania, Ucrania, Filipinas y Gran Breta\u00f1a, les toc\u00f3 subir por primera vez en su vida a un avi\u00f3n.<\/p>\n<p style=\"text-align: left;\">El d\u00eda antes del viaje, Marc\u00eda Rodr\u00edguez, una muchacha de 15 a\u00f1os y portera de la selecci\u00f3n, confiesa haber llorado. No fue la \u00fanica. Cuenta que varios de sus compa\u00f1eros se abrazaron entre ellos y empezaron a llorar. \u201cEst\u00e1bamos muy asustados de subirnos a un avi\u00f3n. No sab\u00edamos c\u00f3mo era y lloramos de miedo\u201d, dice ahora entre risas la muchachita morena.<\/p>\n<p style=\"text-align: left;\">Juan Carlos Gonz\u00e1lez sent\u00eda que las manos le sudaban. Respiraba hondo para tomar valor, pero cuando recordaba que iba atravesando el oc\u00e9ano el miedo regresaba. \u201cEso fue lo que me dio m\u00e1s miedo, cruzar el oc\u00e9ano\u201d, recuerda. A \u00e9l, al igual que al resto de sus compa\u00f1eros, les dieron pastillas para conciliar el sue\u00f1o, pero el intento fue en vano, todos llevaban los ojos abiertos como platos.<\/p>\n<p style=\"text-align: left;\">Al arribar, lo primero que Juan Carlos record\u00f3 fue lo que le hablaron de ese pa\u00eds. \u201cMe dijeron que \u00c1frica era un continente bien pobre, pero por lo que yo mir\u00e9 ah\u00ed no era nada pobre\u201d, dice este joven que no puede borrar de su memoria los desayunos que les serv\u00edan cada ma\u00f1ana. Hab\u00eda huevo, leche, jam\u00f3n, bac\u00f3n, corn flakes, frutas&#8230; Ver tanta comida lo hac\u00eda tragar con los ojos. \u201cSiempre com\u00edamos bastante en el desayuno porque en el almuerzo la comida era muy picante\u201d, explica.<\/p>\n<p style=\"text-align: left;\">Se escuchan carcajadas. Los compa\u00f1eros de viaje de Juan Carlos, quienes est\u00e1n sentados a la par suya en un aula de Casa Alianza, no pueden contener la risa. \u201cEs verdad. En el almuerzo casi no pod\u00edamos comer, parece que le echan mucha pimienta a la comida. As\u00ed que en el desayuno aprovech\u00e1bamos\u201d, asegura Marcia.<\/p>\n<p style=\"text-align: left;\">\u2014\u00bfQu\u00e9 fue lo que m\u00e1s les gust\u00f3 del viaje?<\/p>\n<p style=\"text-align: left;\">Se escuchan murmullos.<\/p>\n<p style=\"text-align: left;\">\u2014A m\u00ed el parque acu\u00e1tico al que nos llevaron \u2013dice uno.<\/p>\n<p style=\"text-align: left;\">\u2014A m\u00ed, poder conocer ballenas, garzas y ping\u00fcinos.<\/p>\n<p style=\"text-align: left;\">\u2014Lo que m\u00e1s me gust\u00f3 fue el safari.<\/p>\n<p style=\"text-align: left;\">\u2014Los nachos que serv\u00edan en uno de los restaurantes \u2013confiesa otro.<\/p>\n<p style=\"text-align: left;\">Todos tienen algo que decir. Tambi\u00e9n algo sobre que re\u00edrse. Pero lo que les provoca carcajadas incontenibles, de \u00e9sas que hacen llorar, es recordar la escena cuando varios de los muchachos quer\u00edan tomarse una foto con unas ucranianas. Antes de viajar, los nicarag\u00fcenses tomaron algunas clases de ingl\u00e9s para poder comunicarse, pero estando all\u00e1 las palabras se les olvidaban. Se les borraban. Se les cruzaban. \u201cTen\u00edamos un traductor, pero no estaba, entonces ellos (se\u00f1ala a sus compa\u00f1eros) con se\u00f1as le estaban diciendo a las muchachas que se quer\u00edan tomar una foto con ellas, y le dijeron la palabra en ingl\u00e9s, pero al rev\u00e9s y ellas se atacaron de la risa\u201d, cuenta Marcia Rodr\u00edguez. Ellos se ruborizan y s\u00f3lo observan a Marcia consumirse a carcajadas.<\/p>\n<p style=\"text-align: left;\"><a href=\"https:\/\/www.laprensa.com.ni\/magazine\/wp-content\/uploads\/2017\/07\/magazine162-tripa-98.jpg\"><img fetchpriority=\"high\" decoding=\"async\" class=\"aligncenter wp-image-36036 size-full\" src=\"https:\/\/www.laprensa.com.ni\/magazine\/wp-content\/uploads\/2017\/07\/magazine162-tripa-98.jpg\" alt=\"Fotos de Hector Esquivel\" width=\"700\" height=\"923\" srcset=\"https:\/\/d1xxa24wwackpg.cloudfront.net\/wp-content\/uploads\/2017\/07\/07144315\/magazine162-tripa-98.jpg 700w, https:\/\/d1xxa24wwackpg.cloudfront.net\/wp-content\/uploads\/2017\/07\/07144315\/magazine162-tripa-98.jpg 228w, https:\/\/d1xxa24wwackpg.cloudfront.net\/wp-content\/uploads\/2017\/07\/07144315\/magazine162-tripa-98.jpg 600w\" sizes=\"(max-width: 700px) 100vw, 700px\" \/><\/a><\/p>\n<p style=\"text-align: center;\">***<\/p>\n<p style=\"text-align: left;\">Con un trofeo del tercer lugar regres\u00f3 la selecci\u00f3n nicarag\u00fcense al pa\u00eds. \u201cQuer\u00edamos traernos el primero\u201d, dice apesarado Juan Carlos, el capit\u00e1n del equipo y el l\u00edder goleador del torneo con ocho goles marcados.<br \/>\n\u2014\u00bfSatisfecho de haber sido el l\u00edder goleador?<br \/>\n\u2014Pues no tanto porque en realidad no importa qui\u00e9n mete m\u00e1s goles, sino ganar el primer lugar como equipo.<\/p>\n<p style=\"text-align: left;\">Tanzania fue quien dej\u00f3 a Nicaragua en el camino.<\/p>\n<p style=\"text-align: left;\">Pero m\u00e1s all\u00e1 del f\u00fatbol este viaje fue un sue\u00f1o para estos muchachos que luego de finalizar los partidos en Sud\u00e1frica fueron de paseo por Londres y Escocia.<\/p>\n<p style=\"text-align: left;\">\u201cEn Escocia jugamos un amistoso con un colegio p\u00fablico, pero de p\u00fablico no ten\u00eda nada parec\u00eda privado. Ni parecido a Nicaragua que cuando no hay silla en tu aula, ten\u00e9s que cargar una. Ah\u00ed hay de todo\u201d, cuenta Juan Carlos tras un largo suspiro.<\/p>\n<p style=\"text-align: left;\">Estos nueve j\u00f3venes recorrieron Escocia y luego Londres. Ah\u00ed, bailaron al son de El G\u00fceg\u00fcense y cantaron<em> Nicaragua Nicarag\u00fcita<\/em> para mostrar sus ra\u00edces. Conocieron sitios que ni siquiera ten\u00edan cabida en su imaginaci\u00f3n y comieron platillos exquisitos. \u201cYo no me lo pod\u00eda creer, era como si estuviera viviendo en una pel\u00edcula. Este viaje fue el sue\u00f1o de mi vida\u201d, dice Juan Carlos, el joven que asegura que despu\u00e9s del viaje ve el mundo diferente. \u201cAprend\u00ed a valorar las cosas. A saber aprovechar las oportunidades y que tenemos que estudiar para hacer algo en la vida\u201d, explica.<\/p>\n<p style=\"text-align: left;\">Por eso \u2013aunque su sue\u00f1o es ser jugador del Club Barcelona de Espa\u00f1a\u2013 ha decidido ser realista. As\u00ed que por ahora dedica sus d\u00edas a estudiar en el Colegio Solidaridad, para luego convertirse en un arquitecto. Porque si hay algo de lo que Juan Carlos est\u00e1 claro es que en Nicaragua no se vive de f\u00fatbol.<\/p>\n<h4 style=\"text-align: left;\">La selecci\u00f3n<\/h4>\n<p style=\"text-align: left;\">\u00c9stos fueron los nueve j\u00f3venes de Casa Alianza seleccionados para participar en el Mundial de F\u00fatbol de Ni\u00f1os de la Calle.<\/p>\n<p style=\"text-align: left;\">Kevin Paz. Delantero.<\/p>\n<p style=\"text-align: left;\">Jos\u00e9 Adolfo Fonseca. Defensa<\/p>\n<p style=\"text-align: left;\">Santiago L\u00f3pez. Mediocampista<\/p>\n<p style=\"text-align: left;\">V\u00edctor Sandoval. Mediocampista<\/p>\n<p style=\"text-align: left;\">Milton Ruiz. Portero.<\/p>\n<p style=\"text-align: left;\">Wilmer Roque. Delantero.<\/p>\n<p style=\"text-align: left;\">Wendy P\u00e9rez. Defensa<\/p>\n<p style=\"text-align: left;\">Marcia Rodr\u00edguez. Portera<\/p>\n<p style=\"text-align: left;\">Juan Carlos Gonz\u00e1lez. Delantero. (Capit\u00e1n)<\/p>\n","protected":false},"excerpt":{"rendered":"<p>Nueve j\u00f3venes rescatados de los problemas familiares, la vagancia y la drogadicci\u00f3n viajaron en marzo pasado a Sud\u00e1frica, donde participaron en el Mundial de F\u00fatbol de Ni\u00f1os de la Calle. M\u00e1s all\u00e1 del f\u00fatbol, para ellos, el viaje fue un sue\u00f1o hecho realidad<\/p>\n","protected":false},"author":46,"featured_media":36035,"comment_status":"open","ping_status":"open","sticky":false,"template":"","format":"standard","meta":{"_acf_changed":false,"footnotes":""},"categories":[26],"tags":[],"class_list":["post-36034","post","type-post","status-publish","format-standard","has-post-thumbnail","hentry","category-reportajes"],"acf":[],"_links":{"self":[{"href":"https:\/\/staging.laprensanic.com\/magazine\/wp-json\/wp\/v2\/posts\/36034","targetHints":{"allow":["GET"]}}],"collection":[{"href":"https:\/\/staging.laprensanic.com\/magazine\/wp-json\/wp\/v2\/posts"}],"about":[{"href":"https:\/\/staging.laprensanic.com\/magazine\/wp-json\/wp\/v2\/types\/post"}],"author":[{"embeddable":true,"href":"https:\/\/staging.laprensanic.com\/magazine\/wp-json\/wp\/v2\/users\/46"}],"replies":[{"embeddable":true,"href":"https:\/\/staging.laprensanic.com\/magazine\/wp-json\/wp\/v2\/comments?post=36034"}],"version-history":[{"count":4,"href":"https:\/\/staging.laprensanic.com\/magazine\/wp-json\/wp\/v2\/posts\/36034\/revisions"}],"predecessor-version":[{"id":45224,"href":"https:\/\/staging.laprensanic.com\/magazine\/wp-json\/wp\/v2\/posts\/36034\/revisions\/45224"}],"wp:featuredmedia":[{"embeddable":true,"href":"https:\/\/staging.laprensanic.com\/magazine\/wp-json\/wp\/v2\/media\/36035"}],"wp:attachment":[{"href":"https:\/\/staging.laprensanic.com\/magazine\/wp-json\/wp\/v2\/media?parent=36034"}],"wp:term":[{"taxonomy":"category","embeddable":true,"href":"https:\/\/staging.laprensanic.com\/magazine\/wp-json\/wp\/v2\/categories?post=36034"},{"taxonomy":"post_tag","embeddable":true,"href":"https:\/\/staging.laprensanic.com\/magazine\/wp-json\/wp\/v2\/tags?post=36034"}],"curies":[{"name":"wp","href":"https:\/\/api.w.org\/{rel}","templated":true}]}}