{"id":36052,"date":"2010-05-30T15:04:48","date_gmt":"2010-05-30T21:04:48","guid":{"rendered":"https:\/\/www.magazine.com.ni\/?p=36052"},"modified":"2018-10-08T14:47:04","modified_gmt":"2018-10-08T14:47:04","slug":"madres-de-ayer-y-de-hoy","status":"publish","type":"post","link":"https:\/\/staging.laprensanic.com\/magazine\/reportajes\/madres-de-ayer-y-de-hoy\/","title":{"rendered":"Madres de ayer y de hoy"},"content":{"rendered":"<p style=\"text-align: center;\">Tres familias cuentan a Magazine lo que significa ser\u00a0madre de generaci\u00f3n en generaci\u00f3n. De la tatarabuela a la\u00a0tataranieta en un mundo que cambia cada d\u00eda<\/p>\n<p style=\"text-align: center;\"><strong>Arlen Cerda<\/strong><\/p>\n<p style=\"text-align: left;\">En la familia que ha creado Lidia Frech Basil el amor es sin\u00f3nimo de entrega y fortaleza. Ella se cas\u00f3 a los 28 a\u00f1os y ha tenido cinco hijos. Cuando se enter\u00f3 que estaba embarazada por primera vez se sinti\u00f3 \u201cinmensamente feliz\u201d. \u201cCon todos mis hijos me he sentido as\u00ed de feliz. A todos los amo. Son mi fortaleza y mi orgullo. Adem\u00e1s tengo la dicha de poder disfrutar a mis nueve nietos y cinco bisnietos, m\u00e1s otro de ellos que viene en camino\u201d, comparte orgullosa.<\/p>\n<p style=\"text-align: left;\">El beb\u00e9 en camino es el segundo hijo de Dalia, la mayor de sus nietas. Ella est\u00e1 en el octavo mes de su embarazo y sabe que tendr\u00e1 un segundo var\u00f3n. A\u00f1os atr\u00e1s una no lo sab\u00eda, s\u00f3lo esperaba.<\/p>\n<p style=\"text-align: left;\">Dalia admira la fortaleza de su abuela y de su madre, Amalia Frech de Alem\u00e1n. Ella considera que lo m\u00e1s valioso es la unidad familiar y eso lo ha aprendido de ambas. Su madre dice que ella nunca le ha negado el habla a un hermano y procura que sus hijos siempre se traten con amor y respeto. \u201cTodos debemos estar unidos pase lo que pase\u201d, asegura.<\/p>\n<p style=\"text-align: left;\">Amalia Frech da prueba de esa unidad y fortaleza m\u00e1s all\u00e1 de su familia. A esta familia se han sumado centenares de ni\u00f1os con c\u00e1ncer que son auxiliados por la fundaci\u00f3n que ella inici\u00f3 en memoria de Lidia, su primera hija.<\/p>\n<p style=\"text-align: left;\">Claudia, su hija menor, es peleatista oncol\u00f3gica y contribuye al trabajo de la Comisi\u00f3n Nacional de Ni\u00f1os con C\u00e1ncer (Conanca). Claudia a\u00fan no es madre, pero atesora las ense\u00f1anzas de su madre y abuela para transmitirlas a su futura familia. Para ella la unidad, la lucha constante, el amor incondicional y la fortaleza son los valores de las madres de esta familia que ella espera continuar.<\/p>\n<p style=\"text-align: center;\">***<\/p>\n<p style=\"text-align: left;\">A sus 93 a\u00f1os Mar\u00eda Adilia Sol\u00f3rzano tiene salud y goza de una familia numerosa. De sus dos hijos ha crecido un grupo que llena el sal\u00f3n de cualquier restaurante. \u00c9stos le han dado ocho nietos y ocho bisnietos y es la \u201ctatarabuela chispeante\u201d de ocho ni\u00f1os m\u00e1s. \u201cEl mayor de mis bisnietos tiene 16 a\u00f1os y mide seis pies. Es m\u00e1s alto que su pap\u00e1\u201d, cuenta ella como si a\u00fan no lo creyera.<\/p>\n<p style=\"text-align: left;\">Mar\u00eda Adilia cri\u00f3 a sus hijos a tiempo completo. Eran tiempos conservadores. La mujer en la casa, el marido en el trabajo, los ni\u00f1os en la casa o la escuela. \u201cNo hab\u00eda distracciones\u201d, recuerda.<\/p>\n<p style=\"text-align: left;\">Su hija se cas\u00f3 a los 14 a\u00f1os. Al a\u00f1o siguiente ella la convirti\u00f3 en abuela. Nadie creer\u00eda que Gioconda Estrada de \u00c1lvarez tiene ahora 70 a\u00f1os. Es jovial y activa. Para ella su primera hija \u201cfue como cuidar a una mu\u00f1eca\u201d. \u201cComo me cas\u00e9 y fui mam\u00e1 muy joven cri\u00e9 a mis hijos como una hermana. Siempre los aconsejo como una amiga. Igual ahora con mis nietos y bisnietos, aunque me voy modernizando para ellos\u201d, explica.<\/p>\n<p style=\"text-align: left;\">Aquella peque\u00f1a que naci\u00f3 hace 55 a\u00f1os hoy es madre y tambi\u00e9n abuela. Gioconda \u00c1lvarez de Mongalo se cas\u00f3 a los 17 a\u00f1os y es madre de cuatro y abuela de ocho. A diferencia de su mam\u00e1 y de su abuela ella ha combinado su rol de madre con los estudios y el trabajo. El hospital que dirige con su esposo tiene 300 empleados y 70 mil afiliados. Le encanta su trabajo. \u201cPero mi felicidad es estar con mi grupo, compartir un desayuno, un domingo en la piscina\u201d, confiesa.<\/p>\n<p style=\"text-align: left;\">La mayor de sus hijas es Gioconda Mongalo de Molina. Ella tiene 30 a\u00f1os y es madre de tres peque\u00f1os. Tambi\u00e9n es la c\u00f3mplice de su abuela Gioconda, con frecuencia encuentran motivos para tomar un caf\u00e9 o escaparse al cine. Ella coincide con su bisabuela Mar\u00eda Adilia en que ser madre ahora es m\u00e1s dif\u00edcil que antes. \u201cAhora hay que hacer m\u00e1s espacio para todo\u201d, reconoce.<\/p>\n<p style=\"text-align: left;\">Para encontrar ese espacio, trabaja medio tiempo como gerente de recursos humanos en el hospital de sus padres, porque adem\u00e1s es organizadora de bodas, en una labor que coordina con la florister\u00eda de su abuela. \u201cAl manejar mi propio horario me aseguro de compartir tiempo con mi esposo y nuestros hijos (\u2026) porque ninguna c\u00e1mara te filma 24\/7 o te ayuda a revivir esos momentos\u201d, justifica. Para que nada falle, el blackberry siempre est\u00e1 como una oficina en la palma de su mano.<\/p>\n<figure id=\"attachment_36054\" aria-describedby=\"caption-attachment-36054\" style=\"width: 700px\" class=\"wp-caption aligncenter\"><a href=\"https:\/\/www.laprensa.com.ni\/magazine\/wp-content\/uploads\/2017\/07\/magazine161-tripa-155.jpg\"><img fetchpriority=\"high\" decoding=\"async\" class=\"wp-image-36054 size-full\" src=\"https:\/\/www.laprensa.com.ni\/magazine\/wp-content\/uploads\/2017\/07\/magazine161-tripa-155.jpg\" alt=\"Fotos de Uriel Molina\" width=\"700\" height=\"1043\" srcset=\"https:\/\/d1xxa24wwackpg.cloudfront.net\/wp-content\/uploads\/2017\/07\/07144305\/magazine161-tripa-155.jpg 700w, https:\/\/d1xxa24wwackpg.cloudfront.net\/wp-content\/uploads\/2017\/07\/07144305\/magazine161-tripa-155.jpg 201w, https:\/\/d1xxa24wwackpg.cloudfront.net\/wp-content\/uploads\/2017\/07\/07144305\/magazine161-tripa-155.jpg 687w, https:\/\/d1xxa24wwackpg.cloudfront.net\/wp-content\/uploads\/2017\/07\/07144305\/magazine161-tripa-155.jpg 600w\" sizes=\"(max-width: 700px) 100vw, 700px\" \/><\/a><figcaption id=\"caption-attachment-36054\" class=\"wp-caption-text\">Mar\u00eda Adilia Sol\u00f3rzano, de 93 a\u00f1os, tuvo cuatro hijos; Gioconda Estrada de \u00c1lvarez, de 70 a\u00f1os, tiene dos hijos; Gioconda \u00c1lvarez de Mongalo, de 55 a\u00f1os, tiene cuatro hijos; Gioconda Mongalo de Molina, de 30 a\u00f1os, tiene tres hijos, y Gioconda Molina, la menor de la generaci\u00f3n, tiene 3 a\u00f1os.<\/figcaption><\/figure>\n<p style=\"text-align: center;\">***<\/p>\n<p style=\"text-align: left;\">Myriam Heb\u00e9 Gonz\u00e1lez es pionera de la televisi\u00f3n nacional y es c\u00e9lebre por sus frases originales. \u201cTe amo con locura azul\u201d, era con la que saludaba y desped\u00eda a sus invitados. Pero a la conductora de Aqu\u00ed Myriam Heb\u00e9 pocos la conocen en su rol de madre, a pesar de que para ella \u00e9se es el amor m\u00e1s azul \u201cinfinito como el cielo y profundo como los mares\u201d.<\/p>\n<p style=\"text-align: left;\">Para su hija, Ximena Ram\u00edrez, ella es su ejemplo a seguir. \u201cSiempre he estado animada a seguir sus pasos, a superar brechas\u201d, dice ella que tambi\u00e9n es madre y abuela.<\/p>\n<p style=\"text-align: left;\">Ximena aprendi\u00f3 de su madre que no hay metas imposibles. Su mam\u00e1 siempre le apoy\u00f3 en sus estudios y le anim\u00f3 a seguir adelante, \u201ca ser aut\u00e9ntica, a vivir con alegr\u00eda\u201d. \u00c9se es un consejo que ella transmite a sus hijas, a quienes ha criado junto a su esposo, administrando el tiempo para el hogar y el trabajo.<\/p>\n<p style=\"text-align: left;\">Gabriela, su hija menor, admira la perseverancia de su madre y de su abuela. Ella estudia Gerencia y Negocios Internacionales y domina el espa\u00f1ol, ingl\u00e9s y franc\u00e9s, porque as\u00ed lo procur\u00f3 su madre. A Ximena tambi\u00e9n Myriam Heb\u00e9 le despert\u00f3 el inter\u00e9s por los idiomas. \u201cAunque un doctor me dijo que la iba a confundir, que hac\u00eda una barbaridad\u201d, recuerda.<\/p>\n<p style=\"text-align: left;\">Myriam Heb\u00e9 asegura que los padres hoy heredan a sus hijos un mundo m\u00e1s competitivo, pero su hija a cargo del Congreso Permanente de Mujeres Empresarias de Nicaragua asegura que \u201clas madres deben estar claras que no somos s\u00faper-mujeres, ni queremos hacer el trabajo del hombre, sino trabajar junto a ellos\u201d.<\/p>\n<p style=\"text-align: left;\">Su hija menor, por el momento, espera continuar sus estudios con una maestr\u00eda, trabajar y gozar de independencia econ\u00f3mica para dar a sus hijos todo lo que merezcan. Ella dice: \u201cAhora quiero ser yo por unos a\u00f1os m\u00e1s\u201d.<\/p>\n<figure id=\"attachment_36055\" aria-describedby=\"caption-attachment-36055\" style=\"width: 700px\" class=\"wp-caption aligncenter\"><a href=\"https:\/\/www.laprensa.com.ni\/magazine\/wp-content\/uploads\/2017\/07\/magazine161-tripa-156.jpg\"><img decoding=\"async\" class=\"wp-image-36055 size-full\" src=\"https:\/\/www.laprensa.com.ni\/magazine\/wp-content\/uploads\/2017\/07\/magazine161-tripa-156.jpg\" alt=\"Fotos de Uriel Molina\" width=\"700\" height=\"1043\" srcset=\"https:\/\/d1xxa24wwackpg.cloudfront.net\/wp-content\/uploads\/2017\/07\/07144304\/magazine161-tripa-156.jpg 700w, https:\/\/d1xxa24wwackpg.cloudfront.net\/wp-content\/uploads\/2017\/07\/07144304\/magazine161-tripa-156.jpg 201w, https:\/\/d1xxa24wwackpg.cloudfront.net\/wp-content\/uploads\/2017\/07\/07144304\/magazine161-tripa-156.jpg 687w, https:\/\/d1xxa24wwackpg.cloudfront.net\/wp-content\/uploads\/2017\/07\/07144304\/magazine161-tripa-156.jpg 600w\" sizes=\"(max-width: 700px) 100vw, 700px\" \/><\/a><figcaption id=\"caption-attachment-36055\" class=\"wp-caption-text\">Myriam Heb\u00e9 Gonz\u00e1lez Montealegre, de 71 a\u00f1os, es madre de cuatro; Ximena Ram\u00edrez Gonz\u00e1lez, de 52 a\u00f1os, es madre de dos, y Gabriela Espinoza Ram\u00edrez, de 21 a\u00f1os, a\u00fan no es madre. Myriam Heb\u00e9 tiene con vida a su mam\u00e1, Glady Montealegre Darballes, pero ella est\u00e1 algo enferma a sus 91 a\u00f1os. Ximena tambi\u00e9n es abuela. Su hija mayor, Alejandra, tiene un beb\u00e9 de dos a\u00f1os y diez meses a quien cr\u00eda en Estados Unidos.<\/figcaption><\/figure>\n","protected":false},"excerpt":{"rendered":"<p>Tres familias cuentan a Magazine lo que significa ser madre de generaci\u00f3n en generaci\u00f3n. De la tatarabuela a la tataranieta en un mundo que cambia cada d\u00eda<\/p>\n","protected":false},"author":46,"featured_media":36053,"comment_status":"open","ping_status":"open","sticky":false,"template":"","format":"standard","meta":{"_acf_changed":false,"footnotes":""},"categories":[26],"tags":[],"class_list":["post-36052","post","type-post","status-publish","format-standard","has-post-thumbnail","hentry","category-reportajes"],"acf":[],"_links":{"self":[{"href":"https:\/\/staging.laprensanic.com\/magazine\/wp-json\/wp\/v2\/posts\/36052","targetHints":{"allow":["GET"]}}],"collection":[{"href":"https:\/\/staging.laprensanic.com\/magazine\/wp-json\/wp\/v2\/posts"}],"about":[{"href":"https:\/\/staging.laprensanic.com\/magazine\/wp-json\/wp\/v2\/types\/post"}],"author":[{"embeddable":true,"href":"https:\/\/staging.laprensanic.com\/magazine\/wp-json\/wp\/v2\/users\/46"}],"replies":[{"embeddable":true,"href":"https:\/\/staging.laprensanic.com\/magazine\/wp-json\/wp\/v2\/comments?post=36052"}],"version-history":[{"count":3,"href":"https:\/\/staging.laprensanic.com\/magazine\/wp-json\/wp\/v2\/posts\/36052\/revisions"}],"predecessor-version":[{"id":45202,"href":"https:\/\/staging.laprensanic.com\/magazine\/wp-json\/wp\/v2\/posts\/36052\/revisions\/45202"}],"wp:featuredmedia":[{"embeddable":true,"href":"https:\/\/staging.laprensanic.com\/magazine\/wp-json\/wp\/v2\/media\/36053"}],"wp:attachment":[{"href":"https:\/\/staging.laprensanic.com\/magazine\/wp-json\/wp\/v2\/media?parent=36052"}],"wp:term":[{"taxonomy":"category","embeddable":true,"href":"https:\/\/staging.laprensanic.com\/magazine\/wp-json\/wp\/v2\/categories?post=36052"},{"taxonomy":"post_tag","embeddable":true,"href":"https:\/\/staging.laprensanic.com\/magazine\/wp-json\/wp\/v2\/tags?post=36052"}],"curies":[{"name":"wp","href":"https:\/\/api.w.org\/{rel}","templated":true}]}}