{"id":36072,"date":"2010-05-30T11:07:11","date_gmt":"2010-05-30T17:07:11","guid":{"rendered":"https:\/\/www.magazine.com.ni\/?p=36072"},"modified":"2018-10-08T14:51:24","modified_gmt":"2018-10-08T14:51:24","slug":"politicos-online","status":"publish","type":"post","link":"https:\/\/staging.laprensanic.com\/magazine\/reportajes\/politicos-online\/","title":{"rendered":"Pol\u00edticos online"},"content":{"rendered":"<p style=\"text-align: center;\">La tecnolog\u00eda ha llegado a la pol\u00edtica y los rostros que antes usted ve\u00eda en los mitines ahora se los puede encontrar en facebook, twitter o escribi\u00e9ndole a su correo desde los omnipresentes blackberry que parecen ser ahora lo que los meg\u00e1fonos fueron para los pol\u00edticos de anta\u00f1o<\/p>\n<p style=\"text-align: center;\"><strong>Tania Sirias<\/strong><\/p>\n<p style=\"text-align: left;\">El sol nace para Dionisio Marenco cuando enciende su peque\u00f1a computadora personal a eso de las cinco de la ma\u00f1ana. Revisa y contesta correos, lee los diarios y hace c\u00e1lculos de sus trabajos. Puede llevarse dos horas en esto. Con esa ventana al mundo que es su computadora, Marenco trata de sustituir en parte al tel\u00e9fono que dice lo vuelve loco. En sus tiempos de Alcalde de Managua lleg\u00f3 a recibir hasta cien llamadas en una hora. \u201cNo hay cosa a la que le huya m\u00e1s que a estos aparatos\u201d, dice Marenco.Ahora lo maneja casi todo el tiempo apagado.<\/p>\n<p style=\"text-align: left;\">Cada personaje lleva los nuevos tiempos a su manera. La tecnolog\u00eda tambi\u00e9n ha llegado a los pol\u00edticos. Y los hay desde los que pasan conectados en las redes sociales a la caza de \u201cfans\u201d o adeptos, que no pueden vivir ya sin su blackberry hasta aqu\u00e9llos que prefieren seguir haciendo su oficio a la antigua, s\u00f3lo hablando a masas congregadas.<\/p>\n<p style=\"text-align: left;\">Para el ex alcalde de Managua las nuevas tecnolog\u00edas ayudan, \u201cpero son como un vicio, ya que uno se vuelve adicto\u201d. Su primer contacto con las redes sociales fue en facebook. Comenz\u00f3 jugando, y ahora tiene una red de cinco mil amigos, y mil solicitudes en espera, pues ya agot\u00f3 sus cupos.<\/p>\n<p style=\"text-align: left;\">\u201cA m\u00ed me gustan las nuevas tecnolog\u00edas, me divierten mucho, por eso ya mand\u00e9 a pedir el Ipad (nueva computadora tipo tablero de Apple). Es una manera de comunicarse, sobre todo cuando uno tiene<br \/>\nfamiliares en otro pa\u00eds, le sirve una barbaridad\u201d, dice Marenco.<\/p>\n<p style=\"text-align: left;\">Afirma que el uso que la da a facebook es muy dom\u00e9stico, pero mucha gente deja sus comentarios pol\u00edticos, y otros le se\u00f1alan los problemas de sus barrios. \u201cLa verdad que abr\u00ed mi p\u00e1gina en facebook pues mi hija me sugiri\u00f3 que lo hiciera. Ahora me comunico con familiares que tengo en Argentina, Estados Unidos, M\u00e9xico, y amigos en Europa y China\u201d.<\/p>\n<p style=\"text-align: left;\">Durante la entrevista, se abren m\u00e1s de cinco ventanas de chat,\u00a0Pol\u00edticos todas con saludos y otras solicitando la pr\u00f3xima entrevista a Dionisio Marenco. \u201cY eso que no abr\u00ed mi p\u00e1gina en twitter, badoo, y otras redes a las que estoy inscrito\u201d, dice entre risas Marenco. Trata de contestarles a todos, aunque sea en la madrugada, pues su temor es causar alg\u00fan enojo, explica el ex alcalde de Managua.<\/p>\n<figure id=\"attachment_36073\" aria-describedby=\"caption-attachment-36073\" style=\"width: 700px\" class=\"wp-caption aligncenter\"><a href=\"https:\/\/www.laprensa.com.ni\/magazine\/wp-content\/uploads\/2017\/07\/magazine161-tripa-78.jpg\"><img fetchpriority=\"high\" decoding=\"async\" class=\"wp-image-36073 size-full\" src=\"https:\/\/www.laprensa.com.ni\/magazine\/wp-content\/uploads\/2017\/07\/magazine161-tripa-78.jpg\" alt=\"Fotos de Uriel Molina\" width=\"700\" height=\"470\" srcset=\"https:\/\/d1xxa24wwackpg.cloudfront.net\/wp-content\/uploads\/2017\/07\/07144255\/magazine161-tripa-78.jpg 700w, https:\/\/d1xxa24wwackpg.cloudfront.net\/wp-content\/uploads\/2017\/07\/07144255\/magazine161-tripa-78.jpg 300w, https:\/\/d1xxa24wwackpg.cloudfront.net\/wp-content\/uploads\/2017\/07\/07144255\/magazine161-tripa-78.jpg 600w\" sizes=\"(max-width: 700px) 100vw, 700px\" \/><\/a><figcaption id=\"caption-attachment-36073\" class=\"wp-caption-text\">Las nuevas tecnolog\u00edas \u201cson como un vicio\u201d, afirm\u00f3 el ex alcalde de Managua, Dionisio Marenco, pues se ha vuelto un adicto al Facebook, donde tiene una red de cinco mil amigos y m\u00e1s de mil solicitudes en espera.<\/figcaption><\/figure>\n<p style=\"text-align: center;\">***<\/p>\n<p style=\"text-align: left;\">Durante la campa\u00f1a electoral del 2008, La Prensa pregunt\u00f3 a algunos candidatos y l\u00edderes pol\u00edticos cu\u00e1l era el \u201cobjeto indispensable en su vida\u201d. Alexis Arg\u00fcello, del Frente Sandinista, dijo que \u201cnada\u201d; Enrique S\u00e1enz, del Movimiento Renovador Sandinista, se\u00f1al\u00f3 que \u201cun libro\u201d, y Eduardo Montealegre, candidato del PLC, dijo: \u201cMi blackberry\u201d.<\/p>\n<p style=\"text-align: left;\">Montealegre se define como una persona orientada a la tecnolog\u00eda y considera que quien hoy no sepa moverse en el mundo de las computadoras y las redes sociales est\u00e1 atrasado. \u201cEs b\u00e1sicamente un analfabeta tecnol\u00f3gico\u201d, sostiene.<\/p>\n<p style=\"text-align: left;\">Se adelanta y muestra a Magazine la novedad en su p\u00e1gina de facebook. Comenta que ser\u00e1 m\u00e1s din\u00e1mica, muy parecida a la del presidente de Estados Unidos, Barack Obama. Espera que con los nuevos cambios las personas que se agreguen a la p\u00e1gina puedan opinar acerca de las leyes que se est\u00e9n debatiendo en el parlamento.<\/p>\n<p style=\"text-align: left;\">Explica que la idea es fusionar la p\u00e1gina de twitter, con la de \u201cVamos con Eduardo\u201d en facebook, y hacer un solo grupo para las actividades pol\u00edtica. Expresa que a diferencia de otros pol\u00edticos, para \u00e9l las redes sociales son muy importantes, sobre todo por el efecto multiplicador.<\/p>\n<p style=\"text-align: left;\">\u201cTal vez habr\u00e1 personas que piensen que en Nicaragua mucha gente no tiene acceso a computadoras, pero eso no es cierto, quiz\u00e1s no sean los due\u00f1os de esas computadoras, pero hay gran cantidad de gente que tiene correo electr\u00f3nico, y que utiliza los cibercaf\u00e9s para poder acceder a las redes\u201d, habla convencido.<\/p>\n<p style=\"text-align: left;\">Para Montealegre lo m\u00e1s indispensable son sus dos blackberry, y su computadora personal. Con esos dos aparatos puede fusionar su trabajo y su hobbie, la fotograf\u00eda.<\/p>\n<p style=\"text-align: left;\">\u201cMi primer contacto con la computadora personal fue en 1982. Vi que unos muchachos hac\u00edan los<br \/>\nc\u00e1lculos m\u00e1s r\u00e1pido, mientras yo me tardaba haci\u00e9ndolo con mi calculadora, as\u00ed que pens\u00e9 que deb\u00eda<br \/>\naprender el uso. En cuanto a mi calculadora, a\u00fan la conservo, pues es muy buena. Incluso baj\u00e9 el programa en la computadora, y la utilizo\u201d, dijo el pol\u00edtico.<\/p>\n<p style=\"text-align: left;\">Afirma que su celular permanece encendido las 24 horas, y su computadora personal descansa un poco m\u00e1s de cuatro horas, tiempo en el que \u00e9l duerme. Tambi\u00e9n gusta de la fotograf\u00eda, y por eso acaba de adquirir una c\u00e1mara Nikon D 300S.<\/p>\n<p style=\"text-align: left;\">\u201cCo<\/p>\n","protected":false},"excerpt":{"rendered":"<p>La tecnolog\u00eda ha llegado a la pol\u00edtica y los rostros que antes usted ve\u00eda en los mitines ahora se los puede encontrar en facebook, twitter o escribi\u00e9ndole a su correo desde los omnipresentes blackberry que parecen ser ahora lo que los meg\u00e1fonos fueron para los pol\u00edticos de anta\u00f1o<\/p>\n","protected":false},"author":46,"featured_media":36077,"comment_status":"closed","ping_status":"closed","sticky":false,"template":"","format":"standard","meta":{"_acf_changed":false,"footnotes":""},"categories":[26],"tags":[279],"class_list":["post-36072","post","type-post","status-publish","format-standard","has-post-thumbnail","hentry","category-reportajes","tag-tecnologia"],"acf":[],"_links":{"self":[{"href":"https:\/\/staging.laprensanic.com\/magazine\/wp-json\/wp\/v2\/posts\/36072","targetHints":{"allow":["GET"]}}],"collection":[{"href":"https:\/\/staging.laprensanic.com\/magazine\/wp-json\/wp\/v2\/posts"}],"about":[{"href":"https:\/\/staging.laprensanic.com\/magazine\/wp-json\/wp\/v2\/types\/post"}],"author":[{"embeddable":true,"href":"https:\/\/staging.laprensanic.com\/magazine\/wp-json\/wp\/v2\/users\/46"}],"replies":[{"embeddable":true,"href":"https:\/\/staging.laprensanic.com\/magazine\/wp-json\/wp\/v2\/comments?post=36072"}],"version-history":[{"count":10,"href":"https:\/\/staging.laprensanic.com\/magazine\/wp-json\/wp\/v2\/posts\/36072\/revisions"}],"predecessor-version":[{"id":45206,"href":"https:\/\/staging.laprensanic.com\/magazine\/wp-json\/wp\/v2\/posts\/36072\/revisions\/45206"}],"wp:featuredmedia":[{"embeddable":true,"href":"https:\/\/staging.laprensanic.com\/magazine\/wp-json\/wp\/v2\/media\/36077"}],"wp:attachment":[{"href":"https:\/\/staging.laprensanic.com\/magazine\/wp-json\/wp\/v2\/media?parent=36072"}],"wp:term":[{"taxonomy":"category","embeddable":true,"href":"https:\/\/staging.laprensanic.com\/magazine\/wp-json\/wp\/v2\/categories?post=36072"},{"taxonomy":"post_tag","embeddable":true,"href":"https:\/\/staging.laprensanic.com\/magazine\/wp-json\/wp\/v2\/tags?post=36072"}],"curies":[{"name":"wp","href":"https:\/\/api.w.org\/{rel}","templated":true}]}}