{"id":36231,"date":"2010-10-17T16:13:49","date_gmt":"2010-10-17T22:13:49","guid":{"rendered":"https:\/\/www.magazine.com.ni\/?p=36231"},"modified":"2019-05-08T16:36:07","modified_gmt":"2019-05-08T16:36:07","slug":"yo-pude","status":"publish","type":"post","link":"https:\/\/staging.laprensanic.com\/magazine\/reportajes\/yo-pude\/","title":{"rendered":"\u00abYo pude&#8230;\u00bb"},"content":{"rendered":"<p style=\"text-align: center;\">Un grupo de j\u00f3venes con S\u00edndrome de Down, un ciego y una mujer afectada por la polio relatan sus historias de coraje y \u00e9xito<\/p>\n<p style=\"text-align: center;\"><strong>Tania Sirias<\/strong><\/p>\n<p style=\"text-align: left;\">La Procuradora Especial de las personas con discapacidad, Rosa Salgado, ya no es m\u00e1s aquella ni\u00f1a que tem\u00eda caerse, o que no soportaba las burlas de los dem\u00e1s chavalos en la escuela al verla con las pr\u00f3tesis muy similares a las de Forrest Gump. Todav\u00eda se apoya en muletas para dar el paso, pero su car\u00e1cter est\u00e1 m\u00e1s firme.<\/p>\n<p style=\"text-align: left;\">Desde su despacho de Procuradora, Rosa Salgado \u00c1lvarez a\u00fan recuerda aquellas palabras que le dijo su madre, do\u00f1a Francisca \u00c1lvarez: \u201cVas aprender secretariado porque as\u00ed vas a pasar m\u00e1s tiempo sentadita, no vas a tener que moverte tanto\u201d. Su intenci\u00f3n no era limitarla sino m\u00e1s bien protegerla. Sin embargo, para aquella ni\u00f1a que aprendi\u00f3 a caminar hasta los nueve a\u00f1os no era su meta, ella so\u00f1aba m\u00e1s alto.<\/p>\n<p style=\"text-align: left;\">Al iniciar la entrevista respira hondo, y relata que proviene de un hogar de extrema pobreza. Coloca las muletas a un lado de ella y se acomoda en el sill\u00f3n. Su padre, Sim\u00f3n Salgado, trabajaba como acarreador en el mercado de Chinandega, mientras que su madre vend\u00eda en las calles masa de pozol y tiste.<\/p>\n<p style=\"text-align: left;\">\u00c9l ten\u00eda un carret\u00f3n de caballo con \u00e9l trasladaba a las comerciantes que ven\u00edan de Masaya y de otras ciudades. Se iba a la Estaci\u00f3n del Ferrocarril, y ah\u00ed montaba los productos de las vivanderas para llevarlos al mercado municipal.<\/p>\n<p style=\"text-align: left;\">Al igual que muchas familias pobres, eran de prole numerosa, por eso cuando le dio polio a los dos a\u00f1os de edad, sus padres no la atendieron de inmediato, provocando que sus piernas se deformaran y no pudiera caminar.<\/p>\n<p style=\"text-align: left;\">Como ten\u00eda las piernas dobladas y la \u00fanica forma para movilizarse era gateando, sus piernas sufrieran contracturas, ya que siempre estaba en una posici\u00f3n como si estuviera sentada.<\/p>\n<p style=\"text-align: left;\">\u201cCrec\u00ed en un solar grande donde me la pasaba gateando de un lado a otro, pero siempre con el cuido de mis padres\u201d.<\/p>\n<p style=\"text-align: left;\">A la edad de cinco a\u00f1os unas se\u00f1oras de apellido Desh\u00f3n, de Chinandega, la vieron gateando en el solar, y al ver que la ni\u00f1a se arrastraba para avanzar, decidieron ayudar con su recuperaci\u00f3n.<\/p>\n<p style=\"text-align: left;\">\u201cLas se\u00f1oras llegaban a traerme a mi casa en un veh\u00edculo lujoso, y me llevaban a Le\u00f3n para la consulta con el especialista. Posteriormente pagaron la operaci\u00f3n\u201d, dice.<\/p>\n<p style=\"text-align: left;\">A Rosa le practicaron tres cirug\u00edas para que sus piernas pudieran tocar en el piso. La primera a los cinco a\u00f1os, la segunda a los siete y la \u00faltima a los nueve a\u00f1os. Esas dolorosas operaciones eran para corregir las contracturas en sus piernas.<\/p>\n<p style=\"text-align: left;\">El m\u00e9dico le coloc\u00f3 unas ortesis, que son dispositivos biomec\u00e1nicos\u00a0que se colocan externamente, con la finalidad de restaurar o mejorar la funcionalidad del sistema musculoesquel\u00e9tico.<\/p>\n<p style=\"text-align: left;\">Con dos cirug\u00edas y apoyada en las pr\u00f3tesis, logra dar sus primeros pasos a los siete a\u00f1os. \u201cColocaba mis brazos apoy\u00e1ndome en las muletas y daba brincos hacia adelante. Caminaba como un robotcito\u201d.<\/p>\n<p style=\"text-align: left;\">Esa etapa de su vida no la vivi\u00f3 como el resto de los ni\u00f1os que juegan, saltan, y corren, la de ella fue m\u00e1s restringida, pues tem\u00eda caerse y sufrir dolor. \u201cLogro superar un poco ese temor y me incorporo a la escuela a los nueve a\u00f1os de edad. Me matriculan en primer grado, pero me sent\u00eda inc\u00f3moda, ya que era la m\u00e1s grande de la clase y adem\u00e1s llamaba la atenci\u00f3n de los ni\u00f1os por las pr\u00f3tesis que ten\u00eda en las piernas\u201d.<\/p>\n<p style=\"text-align: left;\">Rosa Salgado confiesa que la escuela fue otra etapa dura de su vida, ya que tuvo que soportar las burlas de sus compa\u00f1eros, el movilizarse en terrenos inaccesibles, subir las gradas con muletas, y m\u00e1s de un par de veces se cay\u00f3, por lo que les ped\u00eda a sus padres que no la mandar\u00e1n de nuevo al colegio.<\/p>\n<p style=\"text-align: left;\">\u201cLo bueno de mis padres es que si me ca\u00eda o me daba una calentura me curaban, y me volv\u00edan a mandar a la escuela. Me dec\u00edan que deb\u00eda seguir luchando. Me montaban en el carret\u00f3n de caballo y me dec\u00edan que me ten\u00eda que quedar en la escuela estudiando\u201d.<\/p>\n<p style=\"text-align: left;\">El m\u00e9dico que la oper\u00f3 orient\u00f3 a sus padres que dejaran de tratarla con mimos y contemplaciones s\u00f3lo por el hecho de \u201cser enfermita\u201d no deb\u00edan tratarla diferente que al resto de sus seis hijos.<\/p>\n<p style=\"text-align: left;\">Salgado afirma que en la vida siempre habr\u00e1 muchos obst\u00e1culos, y m\u00e1s a\u00fan si se tiene alg\u00fan tipo de discapacidad, pero lo mejor es vencerlos y no compadecerse. \u201cHay que seguir luchando\u201d. Ese consejo lo han seguido los j\u00f3venes de las siguientes historias.<\/p>\n<p style=\"text-align: center;\">***<\/p>\n<p style=\"text-align: left;\">Son las siete de la ma\u00f1ana y Jos\u00e9 Rivas S\u00e1nchez se encuentra en la parada de la Shell Waspam, esperando la ruta 117 que lo llevar\u00e1 a su trabajo. Lleva puesto un pantal\u00f3n oscuro, una camisa de color negro con el logo de la empresa, el cabello bien recortado y sus zapatos bien lustrados.<\/p>\n<p style=\"text-align: left;\">Siempre es el primero en llegar y desde que inicia sus quehaceres \u2013desde las ocho de la ma\u00f1ana hasta las dos de tarde\u2013 no descansa ni un solo momento.<\/p>\n<p style=\"text-align: left;\">Su rutina inicia limpiando las mesas, rellena los frascos de chile, queso y or\u00e9gano. Coloca los platos, organiza los cubiertos, corta las verduras, y ayuda en la preparaci\u00f3n de la pasta para las pizzas.<\/p>\n<p style=\"text-align: left;\">Luego organiza el bar de las ensaladas, y cuando es tiempo enciende el exhibidor para que la comida tenga la temperatura correcta. Este joven de 19 a\u00f1os ha sido el empleado del mes en tres ocasiones en lo que va del a\u00f1o. Al verlo trabajar nadie notar\u00eda que el diagn\u00f3stico que dio el Instituto M\u00e9dico de Los Pipitos fue: Deficiencia Intelectual Moderada, mejor conocido como s\u00edndrome de Down.<\/p>\n<p style=\"text-align: left;\">Durante el tiempo que lleva trabajando en la Pizza Hut de Rubenia se ha ganado el cari\u00f1o de sus compa\u00f1eros de trabajo, quienes lo llaman cari\u00f1osamente \u201cEl Ni\u00f1o\u201d.<\/p>\n<p style=\"text-align: left;\">Al conversar con Jos\u00e9 uno entiende por qu\u00e9 lo llaman as\u00ed, pues su tono de voz es como el de un peque\u00f1o de nueve a\u00f1os. Cuando est\u00e1 en el trabajo sigue al pie de la letra las instrucciones que le da su mam\u00e1: \u201cNo toqu\u00e9s nada y no te llev\u00e9s nada\u201d.<\/p>\n<p style=\"text-align: left;\">A Jos\u00e9 le gusta estudiar, pero s\u00f3lo lleg\u00f3 al primer grado en la escuela Los Quinchos.<\/p>\n<p style=\"text-align: left;\">\u2014Tuve que dejar la escuela por problemas con unos chavalos. Yo no me met\u00eda con nadie, pero ellos quer\u00edan problemas conmigo.<\/p>\n<p style=\"text-align: left;\">\u2014\u00bfQu\u00e9 te hac\u00edan?<\/p>\n<p style=\"text-align: left;\">\u2014Me pon\u00edan apodos, y algunos hasta me quer\u00edan golpear, por eso me mandaron a otra escuela en mi barrio, pero no me acuerdo el nombre.<\/p>\n<p style=\"text-align: left;\">Durante la pl\u00e1tica observa que una de las mesas est\u00e1 sucia as\u00ed que saca una toalla y limpia el \u00e1rea. Sigue el hilo de pl\u00e1tica y reitera que le gusta estudiar.<\/p>\n<p style=\"text-align: left;\">\u201cA m\u00ed me encanta la escuela, me gusta mucho estudiar, pero por esos chavalos que se met\u00edan conmigo y me daban bromas no volv\u00ed a estudiar\u201d, dice el empleado del mes mientras sonr\u00ede a la c\u00e1mara.<\/p>\n<p style=\"text-align: left;\">Los ni\u00f1os en la escuela se burlaban de \u00e9l por su forma de hablar, ya que en algunos momentos no pronuncia bien las palabras y le cuesta expresarse, sin embargo eso no evita que pueda comunicarse con sus compa\u00f1eros de trabajo, quienes le han tomado mucho cari\u00f1o.<\/p>\n<p style=\"text-align: left;\">\u201cA \u00e9l s\u00f3lo una vez se le explica y no vuelve a preguntar, \u00e9l monta solito la barra de ensaladas, y tiene una hora donde la enciende para que vaya adquiriendo temperatura adecuada, si a nosotros se nos olvida algo, \u00e9l siempre nos lo recuerda. Es bien din\u00e1mico, nunca est\u00e1 sentado siempre anda viendo si algo falta y en qu\u00e9 nos puede ayudar\u201d, dice N\u00e9stor Molina, supervisor de Pizza Hut de Rubenia.<\/p>\n<p style=\"text-align: left;\">Agrega que es el mejor trabajador que tiene en su equipo, ya que el resto siempre andan buscando c\u00f3mo capear el bulto, mientras que Jos\u00e9 es \u201cmateria dispuesta\u201d.<\/p>\n<figure id=\"attachment_36237\" aria-describedby=\"caption-attachment-36237\" style=\"width: 700px\" class=\"wp-caption aligncenter\"><a href=\"https:\/\/gep90.laprensa.com.ni\/magazine\/wp-content\/uploads\/2017\/07\/Jos\u00e9-Rivas-Sanchez.jpg\"><img fetchpriority=\"high\" decoding=\"async\" class=\"wp-image-36237 size-full\" src=\"https:\/\/gep90.laprensa.com.ni\/magazine\/wp-content\/uploads\/2017\/07\/Jos\u00e9-Rivas-Sanchez.jpg\" alt=\"Foto Uriel Molina\" width=\"700\" height=\"465\" srcset=\"https:\/\/d1xxa24wwackpg.cloudfront.net\/wp-content\/uploads\/2017\/07\/07144145\/Jos%C3%A9-Rivas-Sanchez.jpg 700w, https:\/\/d1xxa24wwackpg.cloudfront.net\/wp-content\/uploads\/2017\/07\/07144145\/Jos%C3%A9-Rivas-Sanchez.jpg 300w, https:\/\/d1xxa24wwackpg.cloudfront.net\/wp-content\/uploads\/2017\/07\/07144145\/Jos%C3%A9-Rivas-Sanchez.jpg 600w\" sizes=\"(max-width: 700px) 100vw, 700px\" \/><\/a><figcaption id=\"caption-attachment-36237\" class=\"wp-caption-text\">Jos\u00e9 Rivas S\u00e1nchez ha sido el empleado del mes por tres ocasiones en el a\u00f1o.<\/figcaption><\/figure>\n<p style=\"text-align: center;\">***<\/p>\n<p style=\"text-align: left;\">El cielo est\u00e1 gris y sobre Managua cae una brisa tenue. En el lobby del Hotel Contempo se escapan las notas suaves de un piano de cola, cuyas teclas acaricia dulcemente Manuel P\u00e9rez, un hombre de estatura promedio, piel morena y de gafas oscuras. Su rostro luce muy relajado. \u201cPara m\u00ed la m\u00fasica no es un trabajo, ya que es algo que me gusta hacer. No tengo palabras para describir lo que siento cuando me siento a tocar un piano, s\u00f3lo puedo decir que para m\u00ed eso es un sentimiento muy grande\u201d, expresa este no vidente.<\/p>\n<p style=\"text-align: left;\">Comenta que para \u00e9l la vida no ha sido tan complicada, ya que cuando se tiene una discapacidad desde muy peque\u00f1o, uno se adapta a ese problema.<\/p>\n<p style=\"text-align: left;\">Su mayor obst\u00e1culo ha sido movilizarse por la desorganizada y ca\u00f3tica capital, donde las aceras est\u00e1n semidestruidas o son usadas para exhibir productos, las alcantarillas ya no tienen tapas, y la falta de cortes\u00eda agrava a\u00fan m\u00e1s el problema.<\/p>\n<p style=\"text-align: left;\">Confiesa que cuatro a\u00f1os atr\u00e1s tem\u00eda movilizarse por las calles sin la ayuda de un gu\u00eda, pero la necesidad lo oblig\u00f3 a aventurarse.<\/p>\n<p style=\"text-align: left;\">\u201cAntes no pod\u00eda hacer cosas que ahora hago, como movilizarme solo, entend\u00ed que no pod\u00eda seguir supeditado al brazo de alguien, y el no poder ir a los lados que quer\u00eda en el momento que necesitaba me provocaba una frustraci\u00f3n\u201d.<\/p>\n<p style=\"text-align: left;\">Manuel aprendi\u00f3 a tocar el piano desde muy peque\u00f1o, cuando su abuela Bertha Lumb\u00ed decide enviarlo una escuela de m\u00fasicos para no videntes.<\/p>\n<p style=\"text-align: left;\">\u201cYo nac\u00ed y crec\u00ed en la ciudad de Carazo. Debido a m\u00ed discapacidad visual mis padres no me matricularon en la escuela, pero a la edad de nueve a\u00f1os mi abuela Bertha decide enviarme a una escuelita para no videntes. Ellos ten\u00eda un grupo musical en Carazo que se llamaba Happy Boys, y es all\u00ed donde aprend\u00ed a tocar el piano\u201d.<\/p>\n<p style=\"text-align: left;\">Don Manuel lamenta que debido a la discriminaci\u00f3n que sufren las personas con discapacidad, muchos padres decidieran esconder a sus hijos, o algunos no les permiten profesionalizarse. Sin embargo, \u00e9l agradece la confianza que tuvo su abuela de mandarlo a una escuela de m\u00fasica con la esperanza de que aprender\u00eda a tocar la guitarra, pero a \u00e9l le gust\u00f3 el piano.<\/p>\n<p style=\"text-align: left;\">Luego, ya m\u00e1s adulto, se traslada a Managua para estudiar m\u00fasica en la academia Jos\u00e9 de la Cruz Mena, con el prop\u00f3sito de profesionalizarse.<\/p>\n<p style=\"text-align: left;\">P\u00e9rez es miembro de la Organizaci\u00f3n de Ciegos de Nicaragua Marisela Toledo. Visita este centro de manera regular. Al igual que el resto de los integrantes usa sus gafas oscuras y utiliza su bast\u00f3n para poder movilizarse por Managua.<\/p>\n<p style=\"text-align: left;\">Es de hablar pausado, pero muy seguro. Evita escudri\u00f1ar sobre su pasado, pues al parecer est\u00e1 m\u00e1s a gusto con su nueva vida independiente.<\/p>\n<p style=\"text-align: left;\">Recalca que si no fuera por su abuela, quien se preocup\u00f3 de que aprendiera algo para sobrevivir, ahora fuera un no vidente que viviera a la expensa de los dem\u00e1s. \u201cNo es necesario hablar de mi familia, \u00e9sas son cosas muy privadas\u201d, se\u00f1ala.<\/p>\n<p style=\"text-align: left;\">A\u00f1ade que antes a las familias que ten\u00edan hijos con discapacidad no les gustaba que salieran a la calle, que estudiaran, o que hicieran otra serie de cosas, pues pensaban que eran personas sin ning\u00fan valor, o que nunca iban a ser nada de sus vidas.<\/p>\n<p style=\"text-align: left;\">\u201cHay quienes creen que los no videntes o discapacitados s\u00f3lo pueden vivir de las limosnas, pero no es cierto, podemos realizar funciones como el resto de las personas\u201d, dice Manuel P\u00e9rez.<\/p>\n<p style=\"text-align: left;\">Actualmente trabaja dos d\u00edas en el Hotel Contempo, los jueves por la tarde, y los domingos que acompa\u00f1a a los comensales durante el almuerzo interpretando piezas cl\u00e1sicas.<\/p>\n<p style=\"text-align: left;\">Comenta que su inserci\u00f3n laboral vino a trav\u00e9s del proyecto de la cooperaci\u00f3n internacional llamado Aura, donde empez\u00f3 tocando en el hotel por medio de subcontratos, pero al ver la responsabilidad con la que tom\u00f3 su trabajo, su jefe decidi\u00f3 incluirlo en la planilla fija, y tener todos los derechos y prestaciones sociales como el resto de los trabajadores.<\/p>\n<p style=\"text-align: left;\">\u201cCreo que el sue\u00f1o de cualquier persona es estudiar, tener una profesi\u00f3n, y trabajar, no importa si es discapacitada o normal. Algunos no videntes han salido como especialistas en masaje chinos, y otros elaboran artesan\u00edas, todo es que se nos d\u00e9 una oportunidad para desarrollarnos\u201d, expresa al despedirse para seguir tocando el piano.<\/p>\n<figure id=\"attachment_36238\" aria-describedby=\"caption-attachment-36238\" style=\"width: 700px\" class=\"wp-caption aligncenter\"><a href=\"https:\/\/gep90.laprensa.com.ni\/magazine\/wp-content\/uploads\/2017\/07\/Untitled-2-5.jpg\"><img decoding=\"async\" class=\"wp-image-36238 size-full\" src=\"https:\/\/gep90.laprensa.com.ni\/magazine\/wp-content\/uploads\/2017\/07\/Untitled-2-5.jpg\" alt=\"Foto Uriel Molina\" width=\"700\" height=\"465\" srcset=\"https:\/\/d1xxa24wwackpg.cloudfront.net\/wp-content\/uploads\/2017\/07\/07144144\/Untitled-2-5.jpg 700w, https:\/\/d1xxa24wwackpg.cloudfront.net\/wp-content\/uploads\/2017\/07\/07144144\/Untitled-2-5.jpg 300w, https:\/\/d1xxa24wwackpg.cloudfront.net\/wp-content\/uploads\/2017\/07\/07144144\/Untitled-2-5.jpg 600w\" sizes=\"(max-width: 700px) 100vw, 700px\" \/><\/a><figcaption id=\"caption-attachment-36238\" class=\"wp-caption-text\">Dos veces a la semana, don Manuel P\u00e9rez deleita a los hu\u00e9spedes del Hotel Contempo, interpretando piezas cl\u00e1sicas con el piano.<\/figcaption><\/figure>\n<p style=\"text-align: center;\">***<\/p>\n<p style=\"text-align: left;\">Mientras bajamos por las escaleras que conducen al \u00e1rea de empaque de la Cervecer\u00eda Nacional, se observa a Juan Carlos Alfaro Sequeira corriendo una distancia como de cinco metros. Eso lo hace de manera repetitiva una y otra vez. Su trabajo consiste en lavar botellones de agua purificada, los cuales est\u00e1n ubicados en un estante a un extremo del edificio.<\/p>\n<p style=\"text-align: left;\">Carga los botellones hacia el \u00e1rea de lavado, se sienta sobre un banquito y comienza a restregarlos con un paste. Cuando est\u00e1n limpios los enjuaga y los coloca en otro estante. Luego empieza el trabajo de Oscar Rivera, el cual consiste en inspeccionar si \u00e9stos quedan bien lavados y trasladarlos a otra \u00e1rea de la empresa.<\/p>\n<p style=\"text-align: left;\">En la misma planta est\u00e1n Gerson Eliud Espinoza Zamora y Crist\u00f3bal Idi\u00e1quez Blanco, ellos se encargan de empacar las latas de cervezas en cajas. Estos cuatros j\u00f3venes tienen algo en com\u00fan: todos tienen s\u00edndrome de Down.<\/p>\n<p style=\"text-align: left;\">Ellos forman parte de la Unidad de Autonom\u00eda y Aprendizaje del Instituto M\u00e9dico de Los Pipitos, donde como una forma de terapia los incorporan a puestos de trabajo con el prop\u00f3sito de lograr una integraci\u00f3n din\u00e1mica, el desarrollo de habilidades de aseo, y sobre todo lograr una independencia econ\u00f3mica de sus familiares.<\/p>\n<p style=\"text-align: left;\">Crist\u00f3bal es quien habla con mayor fluidez. Al inicio parece estar un poco inc\u00f3modo, pero a medida que avanza la entrevista se suelta y hasta hace broma con el resto de los j\u00f3venes. Comenta que se siente bien trabajando y que sus compa\u00f1eros los han recibido muy bien e incluso les explican con paciencia si ellos tienen alguna duda.<\/p>\n<p style=\"text-align: left;\">\u201cEstudi\u00e9 hasta primer a\u00f1o de secundaria, pero tuve problemas para seguir en la escuela porque padec\u00eda de mucho dolor de cabeza y cuando me tocaban ex\u00e1menes se me pon\u00eda la mente en blanco y sacaba cero. Me llevaron a Los Pipitos y el diagn\u00f3stico fue deficiencia intelectual leve\u201d, dice Crist\u00f3bal.<\/p>\n<p style=\"text-align: left;\">Gerson es el m\u00e1s callado, s\u00f3lo sonr\u00ede y responde a las preguntas haciendo movimientos con su cabeza. \u00c9l es de Tipitapa, pero ahora que trabaja vive en la casa de su t\u00eda,Guillermina Zamora en el barrio Villa Reconciliaci\u00f3n, sobre la pista al Mercado de Mayoreo.<\/p>\n<p style=\"text-align: left;\">Su t\u00eda lo lleva todos los d\u00edas al trabajo por la ma\u00f1ana y luego regresa por \u00e9l a las dos de la tarde. Al preguntarle si ya recibi\u00f3 su primer salario, mueve la cabeza afirmando que s\u00ed, y muestra un reproductor de m\u00fasica MP3 que carga sobre el cuello.<\/p>\n<p style=\"text-align: left;\">\u201cTambi\u00e9n fue al cine, era la primera vez que iba en su vida. Pidi\u00f3 ver una pel\u00edcula de mu\u00f1equitos y le gust\u00f3 mucho\u201d, dice do\u00f1a Guillermina. A\u00f1ade que todos en la familia pensaban que Gerson iba a depender de ellos toda la vida, pero ahora se sorprenden al verlo con un trabajo y ganando su propio dinero.<\/p>\n<p style=\"text-align: left;\">Para don Carlos Manuel Alfaro, padre de Juan Carlos, lo que est\u00e1 ocurriendo con su hijo le parece un sue\u00f1o. Todav\u00eda hace tres a\u00f1os ten\u00eda el temor de mandarlo a la venta porque no sabe expresarse, pero ahora su hijo de 29 a\u00f1os tiene la responsabilidad de un trabajo.<\/p>\n<p style=\"text-align: left;\">\u201cPara m\u00ed esto es un sue\u00f1o. La verdad nunca pens\u00e9 que \u00e9l iba a trabajar\u201d, dice este hombre con l\u00e1grimas sobre el rostro.<\/p>\n<p style=\"text-align: left;\">\u2014Me disculpan que me emocione, pero esto para m\u00ed es un sue\u00f1o. Es algo grandioso.<\/p>\n<p style=\"text-align: left;\">\u2014\u00bfLe cost\u00f3 asimilarlo?<\/p>\n<p style=\"text-align: left;\">\u2014La verdad que a m\u00ed me aterraba que fuera a la venta porque \u00e9l no habla bien. Por razones de mi jubilaci\u00f3n me pidieron que llevara al ni\u00f1o a Los Pipitos, y ellos me dijeron que lo dejara hacer funciones sencillas, luego me sorprendieron cuando me pidieron que le hiciera una hoja de vida para un trabajo.<\/p>\n<p style=\"text-align: left;\">Don Crist\u00f3bal narra que con el primer salario de Juan Carlos hicieron una fiesta y para ellos fue la celebraci\u00f3n del a\u00f1o.<\/p>\n<p style=\"text-align: left;\">\u201cMandamos a comprar una pizza, unas gaseosas, y nos pusimos a cantar. Le dijimos gracias compadre por la pizza. Ahora estamos ahorrando para comprarle su cama, su televisor, sus cosas y eso para m\u00ed es una felicidad completa\u201d.<\/p>\n<p style=\"text-align: left;\">Los familiares de estos j\u00f3venes se sienten agradecidos con Los Pipitos y con la Cervecer\u00eda Nacional, pues est\u00e1n demostrando que las personas con discapacidad tambi\u00e9n pueden incorporarse a las labores productivas del pa\u00eds, pero sobre todo que pueden valerse por s\u00ed mismas, s\u00f3lo hay que darles la oportunidad.<\/p>\n<figure id=\"attachment_36239\" aria-describedby=\"caption-attachment-36239\" style=\"width: 700px\" class=\"wp-caption aligncenter\"><a href=\"https:\/\/gep90.laprensa.com.ni\/magazine\/wp-content\/uploads\/2017\/07\/Untitled-3-4.jpg\"><img decoding=\"async\" class=\"wp-image-36239 size-full\" src=\"https:\/\/gep90.laprensa.com.ni\/magazine\/wp-content\/uploads\/2017\/07\/Untitled-3-4.jpg\" alt=\"Foto Uriel Molina\" width=\"700\" height=\"465\" srcset=\"https:\/\/d1xxa24wwackpg.cloudfront.net\/wp-content\/uploads\/2017\/07\/07144143\/Untitled-3-4.jpg 700w, https:\/\/d1xxa24wwackpg.cloudfront.net\/wp-content\/uploads\/2017\/07\/07144143\/Untitled-3-4.jpg 300w, https:\/\/d1xxa24wwackpg.cloudfront.net\/wp-content\/uploads\/2017\/07\/07144143\/Untitled-3-4.jpg 600w\" sizes=\"(max-width: 700px) 100vw, 700px\" \/><\/a><figcaption id=\"caption-attachment-36239\" class=\"wp-caption-text\">En primer plano, Gerson Eliud Espinoza y Crist\u00f3bal Id\u00edaquez Blanco, dos j\u00f3venes discapacitados que trabajan en la Cervecer\u00eda Nacional.<\/figcaption><\/figure>\n<p style=\"text-align: center;\">***<\/p>\n<p style=\"text-align: left;\">Rosa Salgado recuerda que luego de concluir la secundaria, sus padres la mandaron a estudiar una carrera t\u00e9cnica en Administraci\u00f3n de Empresas y as\u00ed obtuvo su primer trabajo como secretaria en el Registro Civil de Chinandega.<\/p>\n<p style=\"text-align: left;\">Trabajando para la comuna logra una beca con la que estudia secretario ejecutivo en el colegio Julieta Matamoros en Managua. A inicio de los a\u00f1os 80 deja la Alcald\u00eda y se incorpora a las filas de la Polic\u00eda Nacional, donde se convierte en la asistente del juez instructor.<\/p>\n<p style=\"text-align: left;\">\u201cTrabaj\u00e9 cuatro a\u00f1os en la Polic\u00eda. Mi funci\u00f3n era revisar los expedientes que pasaban a la Procuradur\u00eda General de Justicia. Adem\u00e1s elabor\u00e1bamos el expediente del procesado, y me movilizaba por todo el Sistema Penitenciario verificando si ya se les hab\u00eda vencido el t\u00e9rmino de la condena\u201d.<\/p>\n<p style=\"text-align: left;\">\u201cPara m\u00ed fue una buena experiencia en la Polic\u00eda, pues nunca me vieron como alguien diferente o discapacitada. Hac\u00eda formaci\u00f3n como el resto de miembros, portaba mi uniforme, y me tocaba leer el parte diario, pues era una de las personas m\u00e1s instruidas en la instituci\u00f3n\u201d.<\/p>\n<p style=\"text-align: left;\">Luego pas\u00f3 a laborar en el Instituto de Bienestar Social durante seis a\u00f1os, trabajando con ni\u00f1os en riesgo y mujeres maltratadas. Con la llegada de do\u00f1a Violeta Chamorro al poder se acoge al plan de conversi\u00f3n, y se va a su casa para realizar proyectos personales.<\/p>\n<p style=\"text-align: left;\">Es all\u00ed donde forma la primera organizaci\u00f3n de mujeres con discapacidad de Chinandega, apoy\u00e1ndose en la red de contactos que hizo al trabajar para el Estado.<\/p>\n<p style=\"text-align: left;\">\u201cCreamos el primer centro de rehabilitaci\u00f3n para discapacitadas, ya no s\u00f3lo de occidente sino del resto del pa\u00eds, y \u00e9sa ha sido mi lucha por m\u00e1s de quince a\u00f1os\u201d, narra Salgado.<\/p>\n<p style=\"text-align: left;\">En 2005 la Procuradur\u00eda para la Defensa de los Derechos Humano crea una oficina para las personas con discapacidad, donde se nombra a Rosa Salgado como procuradora especial, pero fue hasta el a\u00f1o siguiente que se le asigna un presupuesto para poder trabajar.<\/p>\n<p style=\"text-align: left;\">Su trabajo hasta la fecha consiste en velar por los derechos de las personas discapacitadas. Hacer que las historias de \u00e9xito de este reportaje se multipliquen tanto como puedan, si es posible que lleguen al m\u00e1s de medio mill\u00f3n de nicarag\u00fcenses que tienen alg\u00fan tipo de discapacidad.<\/p>\n<div id=\"s3gt_translate_tooltip_mini\" class=\"s3gt_translate_tooltip_mini_box\" style=\"background: initial !important; border: initial !important; border-radius: initial !important; border-spacing: initial !important; border-collapse: initial !important; direction: ltr !important; flex-direction: initial !important; font-weight: initial !important; height: initial !important; letter-spacing: initial !important; min-width: initial !important; max-width: initial !important; min-height: initial !important; max-height: initial !important; margin: auto !important; outline: initial !important; padding: initial !important; position: absolute; table-layout: initial !important; text-align: initial !important; text-shadow: initial !important; width: initial !important; word-break: initial !important; word-spacing: initial !important; overflow-wrap: initial !important; box-sizing: initial !important; display: initial !important; color: inherit !important; font-size: 13px !important; font-family: X-LocaleSpecific, sans-serif, Tahoma, Helvetica !important; line-height: 13px !important; vertical-align: top !important; white-space: inherit !important; left: 449px; top: 8101px; opacity: 0.05;\">\n<div id=\"s3gt_translate_tooltip_mini_logo\" class=\"s3gt_translate_tooltip_mini\" title=\"Traducir texto seleccionado\"><\/div>\n<div id=\"s3gt_translate_tooltip_mini_sound\" class=\"s3gt_translate_tooltip_mini\" title=\"Escuchar\"><\/div>\n<div id=\"s3gt_translate_tooltip_mini_copy\" class=\"s3gt_translate_tooltip_mini\" title=\"Copiar texto al Portapapeles\"><\/div>\n<\/div>\n","protected":false},"excerpt":{"rendered":"<p>Un grupo de j\u00f3venes con S\u00edndrome de Down, un ciego y una mujer afectada por la polio relatan sus historias de coraje y \u00e9xito<\/p>\n","protected":false},"author":46,"featured_media":36234,"comment_status":"open","ping_status":"open","sticky":false,"template":"","format":"standard","meta":{"_acf_changed":false,"footnotes":""},"categories":[26],"tags":[],"class_list":["post-36231","post","type-post","status-publish","format-standard","has-post-thumbnail","hentry","category-reportajes"],"acf":[],"_links":{"self":[{"href":"https:\/\/staging.laprensanic.com\/magazine\/wp-json\/wp\/v2\/posts\/36231","targetHints":{"allow":["GET"]}}],"collection":[{"href":"https:\/\/staging.laprensanic.com\/magazine\/wp-json\/wp\/v2\/posts"}],"about":[{"href":"https:\/\/staging.laprensanic.com\/magazine\/wp-json\/wp\/v2\/types\/post"}],"author":[{"embeddable":true,"href":"https:\/\/staging.laprensanic.com\/magazine\/wp-json\/wp\/v2\/users\/46"}],"replies":[{"embeddable":true,"href":"https:\/\/staging.laprensanic.com\/magazine\/wp-json\/wp\/v2\/comments?post=36231"}],"version-history":[{"count":4,"href":"https:\/\/staging.laprensanic.com\/magazine\/wp-json\/wp\/v2\/posts\/36231\/revisions"}],"predecessor-version":[{"id":47203,"href":"https:\/\/staging.laprensanic.com\/magazine\/wp-json\/wp\/v2\/posts\/36231\/revisions\/47203"}],"wp:featuredmedia":[{"embeddable":true,"href":"https:\/\/staging.laprensanic.com\/magazine\/wp-json\/wp\/v2\/media\/36234"}],"wp:attachment":[{"href":"https:\/\/staging.laprensanic.com\/magazine\/wp-json\/wp\/v2\/media?parent=36231"}],"wp:term":[{"taxonomy":"category","embeddable":true,"href":"https:\/\/staging.laprensanic.com\/magazine\/wp-json\/wp\/v2\/categories?post=36231"},{"taxonomy":"post_tag","embeddable":true,"href":"https:\/\/staging.laprensanic.com\/magazine\/wp-json\/wp\/v2\/tags?post=36231"}],"curies":[{"name":"wp","href":"https:\/\/api.w.org\/{rel}","templated":true}]}}