{"id":36255,"date":"2010-09-19T11:00:31","date_gmt":"2010-09-19T17:00:31","guid":{"rendered":"https:\/\/www.magazine.com.ni\/?p=36255"},"modified":"2019-05-08T16:44:48","modified_gmt":"2019-05-08T16:44:48","slug":"philip-el-rastra","status":"publish","type":"post","link":"https:\/\/staging.laprensanic.com\/magazine\/reportajes\/philip-el-rastra\/","title":{"rendered":"Philip el rastra"},"content":{"rendered":"<p style=\"text-align: center;\">Rastafari, yoga, m\u00fasico y productor. \u00c9se es Philip Montalb\u00e1n, el primer afrodescendiente en recibir la orden cultural Rub\u00e9n Dar\u00edo, y quien con su m\u00fasica ha logrado integrar el Atl\u00e1ntico con el Pac\u00edfico nicarag\u00fcense<\/p>\n<p style=\"text-align: center;\"><strong>Tania Sirias<\/strong><\/p>\n<p style=\"text-align: left;\">Para cada frase que habla esboza una sonrisa. No es por la entrevista, pues quienes lo conocen muy de cerca afirman que \u00e9sa es su manera de ser. Lo catalogan como un hombre muy abierto y sincero. Sin embargo lo que m\u00e1s llama la atenci\u00f3n de este afrodescendiente es su cabello, el cual ha crecido m\u00e1s abajo de la cintura.<\/p>\n<p style=\"text-align: left;\">Su aspecto f\u00edsico es su sello. Cabellera larga, boina multicolor, jeans, y una camisa de tela ligera. A sus trenzas les da un cuido muy especial. Aunque algunos lo pongan en duda Philip afirma que conoce el champ\u00fa y el agua de manera muy regular.<\/p>\n<p style=\"text-align: left;\">\u201cMe lavo el cabello cada dos d\u00edas, y s\u00f3lo utilizo productos naturales\u201d. Philip Montalb\u00e1n tiene doce a\u00f1os de no pisar una barber\u00eda, sus trenzas representan un s\u00edmbolo de su lucha interna, el ser un hombre nuevo. Dicho de otra manera es un rastafari.<\/p>\n<p style=\"text-align: left;\">Al ingresar a su estudio de grabaci\u00f3n, el cual tiene poco de ser construido, lo primero que se observa es una bandera de Etiop\u00eda, con el Le\u00f3n de Jud\u00e1 en el centro. \u00c9se es el s\u00edmbolo de este movimiento sociocultural y religioso que surgi\u00f3 a inicio de los a\u00f1os 30, en Jamaica.<\/p>\n<p style=\"text-align: left;\">El rastafari deja crecer su cabello para formar al nuevo hombre, \u00e9se es un voto y a la vez un s\u00edmbolo del cambio y de la transformaci\u00f3n espiritual, dice este m\u00fasico descendiente de africanos.<br \/>\nEl voto de Philip consiste en no comer carne, no fumar, ni tampoco dejarse llevar por otros vicios. Todo esto es parte del cambio en su estilo de vida.<\/p>\n<p style=\"text-align: left;\">Ya instalado en su peque\u00f1o estudio de grabaci\u00f3n se siente como pez en el agua. En el cuarto hay un par de guitarras, una bater\u00eda, un bajo y un teclado. De fondo, no pod\u00eda faltar, el p\u00f3ster de Bob Marley.<\/p>\n<p style=\"text-align: left;\">Se acerca al micr\u00f3fono y comienza a interpretar un par de canciones que vienen en su pr\u00f3ximo \u00e1lbum, el cual contar\u00e1 con las voces de Lya Barrioz, Carla Kjaerby y Keyla Rodr\u00edguez. Comenta que este estudio de grabaci\u00f3n tiene como objetivo producir m\u00fasica nacional, y apoyar a los nuevos talentos.<\/p>\n<p style=\"text-align: left;\">\u201cA\u00fan nos faltan m\u00e1s cosas. Necesitamos una m\u00e1quina para poner m\u00e1s micr\u00f3fonos, una mezcladora, pero ah\u00ed vamos haciendo la lucha para grabar nuestros temas. Tenemos el edificio que es el primer paso, el resto vendr\u00e1 por a\u00f1adidura\u201d, expresa mientras se acomoda para la entrevista.<\/p>\n<p style=\"text-align: left;\"><a href=\"https:\/\/gep90.laprensa.com.ni\/magazine\/wp-content\/uploads\/2017\/07\/magazine169-tripa-63.jpg\"><img fetchpriority=\"high\" decoding=\"async\" class=\"aligncenter wp-image-36257 size-full\" src=\"https:\/\/gep90.laprensa.com.ni\/magazine\/wp-content\/uploads\/2017\/07\/magazine169-tripa-63.jpg\" alt=\"Fotos Ren\u00e9 Ortega\/Archivo\" width=\"700\" height=\"1053\" srcset=\"https:\/\/d1xxa24wwackpg.cloudfront.net\/wp-content\/uploads\/2017\/07\/07144138\/magazine169-tripa-63.jpg 700w, https:\/\/d1xxa24wwackpg.cloudfront.net\/wp-content\/uploads\/2017\/07\/07144138\/magazine169-tripa-63.jpg 199w, https:\/\/d1xxa24wwackpg.cloudfront.net\/wp-content\/uploads\/2017\/07\/07144138\/magazine169-tripa-63.jpg 681w, https:\/\/d1xxa24wwackpg.cloudfront.net\/wp-content\/uploads\/2017\/07\/07144138\/magazine169-tripa-63.jpg 600w\" sizes=\"(max-width: 700px) 100vw, 700px\" \/><\/a><\/p>\n<p style=\"text-align: center;\">***<\/p>\n<p style=\"text-align: left;\">Philip Montalb\u00e1n naci\u00f3 en el municipio de Tasbapauni, muy cerca de Laguna de Perlas, en la Regi\u00f3n Aut\u00f3noma del Atl\u00e1ntico Sur. De padre mestizo, y madre criolla, se desarrolla en un ambiente rodeado de m\u00fasica, ya que su abuela Amy Rose Hebbert era una especie de actriz en las veladas del pueblo, y cantaba en el coro de su iglesia.<\/p>\n<p style=\"text-align: left;\">Su t\u00edo-abuelo, Eduard Hebbert era un cantautor de m\u00fasica caribe\u00f1a. Philip recuerda que cuando ten\u00eda unos siete u ocho a\u00f1os, \u00e9l le llevaba la guitarra donde \u00e9ste iba a amenizar las fiestas, y algunas de sus canciones fueron retomadas por el grupo musical Dimensi\u00f3n Coste\u00f1a.<\/p>\n<p style=\"text-align: left;\">Otras de sus fuentes de inspiraci\u00f3n fueron la Iglesia morava y los cantos devocionales. \u201cEn mi casa siempre hab\u00eda m\u00fasica, y a eso tengo que agregar que mi mam\u00e1, Marlene Hodgson, era una de las mejores bailarinas del pueblo\u201d, dice Philip Montalb\u00e1n.<\/p>\n<p style=\"text-align: left;\">A los 14 a\u00f1os deja Tasbapauni para ir a estudiar el bachillerato en Laguna de Perlas, y junto a su profesor, Mr. Frank Hebber, quien le llevaba un a\u00f1o de edad, forman un peque\u00f1o grupo musical. Ese muchacho tocaba el \u00f3rgano, la trompeta, la guitarra, logrando impresionar a Philip, ya que era una persona tan joven, pero tan diestro en la m\u00fasica. En todo el sentido de la palabra, fue un maestro para \u00e9l.<\/p>\n<p style=\"text-align: left;\">El recuerdo m\u00e1s grato de su infancia \u2013expresa Philip\u2013 es sentado en la iglesia de tablas de su pueblo, escuchando las historias que contaban los ancianos.<\/p>\n<p style=\"text-align: left;\">\u201cEso es lo m\u00e1s bonito de vivir en comunidad. Tasbapauni era un caser\u00edo como de unas veinte familias. Nos sent\u00e1bamos a escuchar por horas los cuentos que nos dec\u00edan nuestros ancestros, sobre todo uno que siempre nos cautiv\u00f3, el hundimiento de la Atl\u00e1ntida. Uno se empapaba de ese conocimiento que iba pasando de boca en boca, y de generaci\u00f3n tras generaci\u00f3n\u201d.<\/p>\n<p style=\"text-align: left;\">Si algo aprecia mucho Philip es todo ese conocimiento que fue adquirido por sus padres y abuelos, entre \u00e9sos est\u00e1 el gusto por la m\u00fasica, la cultura africana e ind\u00edgena, y la utilizaci\u00f3n de plantas naturales como medicinas.<\/p>\n<p style=\"text-align: center;\">***<\/p>\n<p style=\"text-align: left;\">En una peque\u00f1a tienda de medicinas naturales pasa el mediod\u00eda Gina Cristina Duffies. \u201cCon eso me entretengo\u201d, dice esta mujer de raza negra. Tiene nueve meses de tener este peque\u00f1o negocio, ubicado en un restaurante de comida naturista.<\/p>\n<p style=\"text-align: left;\">De inmediato se advierte que es de pocas palabras. Se acomoda los lentes y su chal mientras responde a la pregunta \u00bfc\u00f3mo la enamor\u00f3 su esposo, Philip Montalb\u00e1n?<\/p>\n<p style=\"text-align: left;\">\u201cMe enamor\u00f3 con canciones\u201d, dice a carcajadas. Pero la cosa no fue tan f\u00e1cil para la pareja, ya que su familia se opuso a esa uni\u00f3n por dos razones: la primera es que era muy mujeriego, y la segunda porque no sab\u00edan c\u00f3mo la iba a mantener con un salario de m\u00fasico.<\/p>\n<p style=\"text-align: left;\">\u201cNos conocimos desde ni\u00f1os, ya que el pueblo donde crecimos era peque\u00f1o, pero nunca me imagin\u00e9 que terminar\u00edamos cas\u00e1ndonos. El mayor acercamiento que tuvimos fue cuando estudiamos la secundaria en Bluefields. Yo lo ve\u00eda como alguien especial. Lo que m\u00e1s me atrajo fue que era muy inteligente\u201d, expresa Gina.<\/p>\n<p style=\"text-align: left;\">Su noviazgo inici\u00f3 en unas vacaciones escolares, cuando ella regresaba de Bluefields donde estudiaba la secundaria.<\/p>\n<p style=\"text-align: left;\">\u201cNos hicimos amigos, pero desde la primera vez que la vi sab\u00eda que ella iba a ser mi pareja para toda la vida, pues sent\u00ed como si la conoc\u00eda desde mi vida pasada. Gracias a Dios result\u00f3 ser una buena esposa, hemos formado una familia, y sobre todo ha aguantado la vida de un m\u00fasico, pues hay temporadas donde nos va bien, y otras donde nos va mal, a como dicen ha mordido el le\u00f1o junto conmigo\u201d, dice Montalb\u00e1n.<\/p>\n<p style=\"text-align: left;\">Gina agrega que como familia han logrado una buena uni\u00f3n, ya que comparten la vida espiritual. Ambos practican el yoga.<\/p>\n<p style=\"text-align: left;\">\u201cEn mi pueblo Philip era muy popular ya que una vez se embarc\u00f3 y estuvo viviendo en Jamaica y en Estados Unidos. A eso hay que sumarle que era m\u00fasico, eso hac\u00eda que tuviera muchas enamoradas, algunas dicen que tuve suerte de casarme con \u00e9l\u201d.<\/p>\n<p style=\"text-align: left;\">Se casaron en Managua, en marzo 1983. Gina recuerda que fue una boda muy sencilla, pues estaban en plena guerra. De esos 27 a\u00f1os de matrimonio nacieron tres hijos: Felipe, de 27 a\u00f1os: Amy, de 25 a\u00f1os, y Thomas, de 22 a\u00f1os.<\/p>\n<p style=\"text-align: left;\">No es f\u00e1cil estar casados, siempre hay altos y bajos, confiesa Gina, pero la convivencia se hace m\u00e1s f\u00e1cil cuando se comparte la misma creencia espiritual.<\/p>\n<p style=\"text-align: left;\">\u201cMe alegra saber que nuestros padres se equivocaron, pues llevamos 27 a\u00f1os de casados. Lo que s\u00ed tengo que reconocer es que hemos pasado nuestros buenos y malos ratos\u201d, dice la esposa.<\/p>\n<div id='gallery-1' class='gallery galleryid-36255 gallery-columns-2 gallery-size-medium'><figure class='gallery-item'>\n\t\t\t<div class='gallery-icon landscape'>\n\t\t\t\t<a href='https:\/\/staging.laprensanic.com\/magazine\/reportajes\/philip-el-rastra\/attachment\/phillip-montalvan-de-gira\/'><img decoding=\"async\" width=\"300\" height=\"223\" src=\"https:\/\/d1xxa24wwackpg.cloudfront.net\/wp-content\/uploads\/2017\/07\/07144135\/Phillip-Montalv%C3%A1n-de-gira.jpg\" class=\"attachment-medium size-medium\" alt=\"\" aria-describedby=\"gallery-1-36259\" srcset=\"https:\/\/d1xxa24wwackpg.cloudfront.net\/wp-content\/uploads\/2017\/07\/07144135\/Phillip-Montalv%C3%A1n-de-gira.jpg 300w, https:\/\/d1xxa24wwackpg.cloudfront.net\/wp-content\/uploads\/2017\/07\/07144135\/Phillip-Montalv%C3%A1n-de-gira.jpg 600w, https:\/\/d1xxa24wwackpg.cloudfront.net\/wp-content\/uploads\/2017\/07\/07144135\/Phillip-Montalv%C3%A1n-de-gira.jpg 700w\" sizes=\"(max-width: 300px) 100vw, 300px\" \/><\/a>\n\t\t\t<\/div>\n\t\t\t\t<figcaption class='wp-caption-text gallery-caption' id='gallery-1-36259'>\n\t\t\t\tPhilip Montalb\u00e1n de gira con su grupo Soul Vibs, en Corn Island.\n\t\t\t\t<\/figcaption><\/figure><figure class='gallery-item'>\n\t\t\t<div class='gallery-icon portrait'>\n\t\t\t\t<a href='https:\/\/staging.laprensanic.com\/magazine\/reportajes\/philip-el-rastra\/attachment\/magazine169-tripa-64\/'><img decoding=\"async\" width=\"197\" height=\"300\" src=\"https:\/\/d1xxa24wwackpg.cloudfront.net\/wp-content\/uploads\/2017\/07\/07144137\/magazine169-tripa-64.jpg\" class=\"attachment-medium size-medium\" alt=\"Fotos Ren\u00e9 Ortega\/Archivo\" aria-describedby=\"gallery-1-36258\" srcset=\"https:\/\/d1xxa24wwackpg.cloudfront.net\/wp-content\/uploads\/2017\/07\/07144137\/magazine169-tripa-64.jpg 197w, https:\/\/d1xxa24wwackpg.cloudfront.net\/wp-content\/uploads\/2017\/07\/07144137\/magazine169-tripa-64.jpg 671w, https:\/\/d1xxa24wwackpg.cloudfront.net\/wp-content\/uploads\/2017\/07\/07144137\/magazine169-tripa-64.jpg 600w, https:\/\/d1xxa24wwackpg.cloudfront.net\/wp-content\/uploads\/2017\/07\/07144137\/magazine169-tripa-64.jpg 700w\" sizes=\"(max-width: 197px) 100vw, 197px\" \/><\/a>\n\t\t\t<\/div>\n\t\t\t\t<figcaption class='wp-caption-text gallery-caption' id='gallery-1-36258'>\n\t\t\t\tEn la gr\u00e1fica aparece Philip junto a su esposa Gina Cristina Duffies, en la celebraci\u00f3n de sus 25 a\u00f1os de matrimonio.\n\t\t\t\t<\/figcaption><\/figure><figure class='gallery-item'>\n\t\t\t<div class='gallery-icon landscape'>\n\t\t\t\t<a href='https:\/\/staging.laprensanic.com\/magazine\/reportajes\/philip-el-rastra\/attachment\/en-1993-philip-montalban\/'><img loading=\"lazy\" decoding=\"async\" width=\"300\" height=\"240\" src=\"https:\/\/d1xxa24wwackpg.cloudfront.net\/wp-content\/uploads\/2017\/07\/07144134\/En-1993-Philip-Montalb%C3%A1n.jpg\" class=\"attachment-medium size-medium\" alt=\"Fotos Ren\u00e9 Ortega\/Archivo\" aria-describedby=\"gallery-1-36260\" srcset=\"https:\/\/d1xxa24wwackpg.cloudfront.net\/wp-content\/uploads\/2017\/07\/07144134\/En-1993-Philip-Montalb%C3%A1n.jpg 300w, https:\/\/d1xxa24wwackpg.cloudfront.net\/wp-content\/uploads\/2017\/07\/07144134\/En-1993-Philip-Montalb%C3%A1n.jpg 600w, https:\/\/d1xxa24wwackpg.cloudfront.net\/wp-content\/uploads\/2017\/07\/07144134\/En-1993-Philip-Montalb%C3%A1n.jpg 700w\" sizes=\"(max-width: 300px) 100vw, 300px\" \/><\/a>\n\t\t\t<\/div>\n\t\t\t\t<figcaption class='wp-caption-text gallery-caption' id='gallery-1-36260'>\n\t\t\t\tEn 1993, Philip Montalb\u00e1n deja el grupo Soul Vibs para iniciar una carrera como solista.\n\t\t\t\t<\/figcaption><\/figure><figure class='gallery-item'>\n\t\t\t<div class='gallery-icon landscape'>\n\t\t\t\t<a href='https:\/\/staging.laprensanic.com\/magazine\/reportajes\/philip-el-rastra\/attachment\/en-alemania-phillip-montalvan\/'><img loading=\"lazy\" decoding=\"async\" width=\"300\" height=\"245\" src=\"https:\/\/d1xxa24wwackpg.cloudfront.net\/wp-content\/uploads\/2017\/07\/07144133\/En-Alemania-Phillip-MOntalv%C3%A1n.jpg\" class=\"attachment-medium size-medium\" alt=\"Fotos Ren\u00e9 Ortega\/Archivo\" aria-describedby=\"gallery-1-36261\" srcset=\"https:\/\/d1xxa24wwackpg.cloudfront.net\/wp-content\/uploads\/2017\/07\/07144133\/En-Alemania-Phillip-MOntalv%C3%A1n.jpg 300w, https:\/\/d1xxa24wwackpg.cloudfront.net\/wp-content\/uploads\/2017\/07\/07144133\/En-Alemania-Phillip-MOntalv%C3%A1n.jpg 600w, https:\/\/d1xxa24wwackpg.cloudfront.net\/wp-content\/uploads\/2017\/07\/07144133\/En-Alemania-Phillip-MOntalv%C3%A1n.jpg 700w\" sizes=\"(max-width: 300px) 100vw, 300px\" \/><\/a>\n\t\t\t<\/div>\n\t\t\t\t<figcaption class='wp-caption-text gallery-caption' id='gallery-1-36261'>\n\t\t\t\tEn Alemania posa junto a unos m\u00fasicos en el festival del m\u00fasica afrocaribe\u00f1a.\n\t\t\t\t<\/figcaption><\/figure>\n\t\t<\/div>\n\n<p style=\"text-align: center;\">***<\/p>\n<p style=\"text-align: left;\">Estando en Managua, Philip Montalb\u00e1n ingresa a la Universidad Centroamericana (UCA) para estudiar la carrera de Derecho. Es all\u00ed donde conoce a los hermanos Katia y Salvador Cardenal, y a Keyla Rodr\u00edguez, formando una buena amistad que a\u00fan persiste al tiempo.<\/p>\n<p style=\"text-align: left;\">\u201cSalvador Cardenal fue un amigo muy cercano, ya que adem\u00e1s de compartir el gusto por la m\u00fasica, tambi\u00e9n nos un\u00eda el pensamiento de la b\u00fasqueda por la paz y lo espiritual. Ambos practic\u00e1bamos yoga\u201d, cuenta Philip.<\/p>\n<p style=\"text-align: left;\">A Keyla la conoce cuando el grupo musical donde tocaba Philip buscaban una voz femenina. \u201cYo ya andaba con las ganas de cantar, as\u00ed que me fui al casting, y as\u00ed conoc\u00ed a ese hombre educado, amable y cari\u00f1oso\u201d, narra Rodr\u00edguez.<\/p>\n<p style=\"text-align: left;\">S\u00f3lo estuvo seis meses en el grupo, ya que se fue a estudiar a Cuba, pero comenta que fue una buena experiencia musical, ya que aprendi\u00f3 mucho sobre la m\u00fasica caribe\u00f1a.<\/p>\n<p style=\"text-align: left;\">\u201cA mi regreso nos seguimos viendo, somos amigos, y hemos compartido escenarios juntos, he grabado voces en sus discos\u201d, dice la cantante.<\/p>\n<p style=\"text-align: left;\">Para Keyla, Philip Montalb\u00e1n hizo un gran aporte a la m\u00fasica nacional, ya que en Nicaragua poco se conoce de los otros grupos caribe\u00f1os.<\/p>\n<p style=\"text-align: left;\">\u201cAntes s\u00f3lo se conoc\u00eda el palo de mayo que toca Dimensi\u00f3n Coste\u00f1a, pero podemos gozar de un reggae, de la socca, de la punta, y el precursor de la m\u00fasica caribe\u00f1a fue Philip, quien ha luchado para mantener sus ra\u00edces negras\u201d, expresa.<\/p>\n<p style=\"text-align: left;\">Despu\u00e9s de estudiar dos a\u00f1os en la UCA, Philip se retira de las aulas, ya que su mujer se encontraba muy enferma, y su situaci\u00f3n econ\u00f3mica era muy precaria.<\/p>\n<p style=\"text-align: left;\">\u201cNo pude seguir por muchas razones, y una de ellas es que no ten\u00eda suficiente dinero para mantener a mi esposa. Ella se encontraba muy enferma, y adem\u00e1s ten\u00eda una familia que alimentar. Hice un gran esfuerzo por concluir mi carrera ya que estudiaba de ma\u00f1ana, y trabaja por las noches hasta la madrugada\u201d.<\/p>\n<p style=\"text-align: left;\">\u201cUna vez ven\u00eda viajando de Chinandega y me qued\u00e9 dormido al volante porque estaba desvelado, casi choco de frente contra un cami\u00f3n, y fue cuando decid\u00ed dejar la universidad, pues no ten\u00eda el tiempo suficiente\u201d, relata el m\u00fasico.<\/p>\n<p style=\"text-align: left;\">A pesar de no concluir sus estudios como abogado, Philip Montalb\u00e1n dice estar muy realizado, pues entendi\u00f3 que la m\u00fasica era su verdadera vocaci\u00f3n, y eso lo ha llevado a brindar c\u00e1tedras hasta en universidades en los Estados Unidos.<\/p>\n<p style=\"text-align: left;\">\u201cEn 2007 fui condecorado con la Orden Independencia Cultural Rub\u00e9n Dar\u00edo, y me convert\u00ed en el primer afrodescendiente en recibir tal menci\u00f3n. A partir de eso, el peri\u00f3dico Miami Herald me busc\u00f3 para hacerme una entrevista\u201d.<\/p>\n<p style=\"text-align: left;\">Debido a esa publicaci\u00f3n \u2013explica Philip\u2013 distintas universidades norteamericanas de Miami, Kansas, y en Baltimore le han pedido que brinde c\u00e1tedras sobre la cultura ind\u00edgena, los afrodescendientes, y sobre todo de la m\u00fasica del Caribe nicarag\u00fcense.<\/p>\n<p style=\"text-align: center;\">***<\/p>\n<p style=\"text-align: left;\">En 1993 que Philip Montalb\u00e1n inicia su carrera como solista, y empieza a escribir sus primeras canciones. De su carrera musical tiene cuatro discos grabados: Revelations, Philip Montalb\u00e1n a lo natural, Viva la vida, y el \u00faltimo \u00c1frica.<\/p>\n<p style=\"text-align: left;\">En este momento se encuentra elaborando su \u00faltimo material que cuenta con la colaboraci\u00f3n de Lya Barrioz, Carla Kjaerby y Keyla Rodr\u00edguez.<\/p>\n<p style=\"text-align: left;\">Comenta que su visi\u00f3n como m\u00fasico es poder exportar sus canciones, que se escuchen en todas las emisoras del pa\u00eds, e incluso en el extranjero, pero admite que \u00e9sa no es una tarea f\u00e1cil.<\/p>\n<p style=\"text-align: left;\">Algo que llena de satisfacci\u00f3n a este hombre de trenzas largas es que la m\u00fasica caribe\u00f1a tenga una buena aceptaci\u00f3n en el Pac\u00edfico, y un ejemplo claro es que en las escuelas, las bandas de gimnasias r\u00edtmicas lo incluyen dentro de su repertorio y lo hayan hecho suyo.<\/p>\n<p style=\"text-align: left;\">Adem\u00e1s a\u00f1ade que esta m\u00fasica ha servido como un rol integrador entre el Atl\u00e1ntico y el Pac\u00edfico, ya que mucha gente compra los discos, y le encanta ir a los conciertos.<\/p>\n<p style=\"text-align: left;\">A diferencia del reggaeton comercial que suena en las radios del pa\u00eds, el reggae que canta Philip Montalb\u00e1n es una m\u00fasica de protesta. Es un canto de los descendientes de los africanos donde piden justicia, y que haya igualdad. Son temas de la vida real que se hacen canto para poder expresar la lucha de un pueblo.<\/p>\n<p style=\"text-align: left;\">\u201cEl reggae naci\u00f3 como m\u00fasica de un pueblo, no es lo que venden ahora con el reggaeton. Lo que me llama la atenci\u00f3n de ese g\u00e9nero nuevo es que es muy pegajoso, bailable, pero a veces los muchachos cantan como pele\u00e1ndose entre s\u00ed, y sobresale el que puede decir m\u00e1s vulgaridades. En cambio el reggae es un baile espiritual\u201d, dice Philip Montalb\u00e1n.<\/p>\n<p style=\"text-align: left;\">Agrega que la m\u00fasica nos integra como pueblo, pero cada uno con su diferente manifestaci\u00f3n cultural. Somos muy multi\u00e9tnicos, ya que en la Costa Caribe hay gar\u00edfunas, miskitos, mayangnas y creoles, por eso es necesario que esta cultura se penetre m\u00e1s en el \u00e1mbito nacional y que tenga su espacio.<\/p>\n<p style=\"text-align: left;\">Philip Montalb\u00e1n reitera que en Nicaragua es dif\u00edcil vivir de la m\u00fasica, a pesar de ser un profesional, pero est\u00e1 satisfecho de que su nombre sea reconocido en los escenarios nacionales y m\u00e1s a\u00fan que su cultura afrodescendiente guste en el Pac\u00edfico.<\/p>\n<p style=\"text-align: left;\">\u201cMe ha tocado vivir la duras y las maduras. Hab\u00eda momentos donde no ten\u00eda lugar d\u00f3nde tocar, pero lo que decid\u00ed es hacer promoci\u00f3n de mi m\u00fasica, y eso me ha llevado hasta al extranjero. Tambi\u00e9n he sido profeta en mi tierra, ya que mi m\u00fasica suena tanto en Corn Island, como en Ometepe\u201d, dice Philip Montalb\u00e1n.<\/p>\n<p style=\"text-align: left;\">Keyla Rodr\u00edguez agrega que Philip naci\u00f3 con una madurez musical y que \u00e9sta en un escal\u00f3n a donde los dem\u00e1s m\u00fasicos les gustar\u00eda estar. \u00c9l naci\u00f3 grande, con una estrella en el \u00e1mbito musical.<\/p>\n<figure id=\"attachment_36262\" aria-describedby=\"caption-attachment-36262\" style=\"width: 700px\" class=\"wp-caption aligncenter\"><a href=\"https:\/\/gep90.laprensa.com.ni\/magazine\/wp-content\/uploads\/2017\/07\/magazine169-tripa-66.jpg\"><img loading=\"lazy\" decoding=\"async\" class=\"wp-image-36262 size-full\" src=\"https:\/\/gep90.laprensa.com.ni\/magazine\/wp-content\/uploads\/2017\/07\/magazine169-tripa-66.jpg\" alt=\"Fotos Ren\u00e9 Ortega\/Archivo\" width=\"700\" height=\"1045\" srcset=\"https:\/\/d1xxa24wwackpg.cloudfront.net\/wp-content\/uploads\/2017\/07\/07144133\/magazine169-tripa-66.jpg 700w, https:\/\/d1xxa24wwackpg.cloudfront.net\/wp-content\/uploads\/2017\/07\/07144133\/magazine169-tripa-66.jpg 201w, https:\/\/d1xxa24wwackpg.cloudfront.net\/wp-content\/uploads\/2017\/07\/07144133\/magazine169-tripa-66.jpg 686w, https:\/\/d1xxa24wwackpg.cloudfront.net\/wp-content\/uploads\/2017\/07\/07144133\/magazine169-tripa-66.jpg 600w\" sizes=\"(max-width: 700px) 100vw, 700px\" \/><\/a><figcaption id=\"caption-attachment-36262\" class=\"wp-caption-text\">Philip Montalb\u00e1n fue uno de los nominados a los premios Claro en la categor\u00eda de Grupo o Solista Tropical del a\u00f1o.<\/figcaption><\/figure>\n<div id=\"s3gt_translate_tooltip_mini\" class=\"s3gt_translate_tooltip_mini_box\" style=\"background: initial !important; border: initial !important; border-radius: initial !important; border-spacing: initial !important; border-collapse: initial !important; direction: ltr !important; flex-direction: initial !important; font-weight: initial !important; height: initial !important; letter-spacing: initial !important; min-width: initial !important; max-width: initial !important; min-height: initial !important; max-height: initial !important; margin: auto !important; outline: initial !important; padding: initial !important; position: absolute; table-layout: initial !important; text-align: initial !important; text-shadow: initial !important; width: initial !important; word-break: initial !important; word-spacing: initial !important; overflow-wrap: initial !important; box-sizing: initial !important; display: initial !important; color: inherit !important; font-size: 13px !important; font-family: X-LocaleSpecific, sans-serif, Tahoma, Helvetica !important; line-height: 13px !important; vertical-align: top !important; white-space: inherit !important; left: 452px; top: 7830px; opacity: 0.4;\">\n<div id=\"s3gt_translate_tooltip_mini_logo\" class=\"s3gt_translate_tooltip_mini\" title=\"Traducir texto seleccionado\"><\/div>\n<div id=\"s3gt_translate_tooltip_mini_sound\" class=\"s3gt_translate_tooltip_mini\" title=\"Escuchar\"><\/div>\n<div id=\"s3gt_translate_tooltip_mini_copy\" class=\"s3gt_translate_tooltip_mini\" title=\"Copiar texto al Portapapeles\"><\/div>\n<\/div>\n","protected":false},"excerpt":{"rendered":"<p>Rastafari, yoga, m\u00fasico y productor. \u00c9se es Philip Montalb\u00e1n, el primer afrodescendiente en recibir la orden cultural Rub\u00e9n Dar\u00edo, y quien con su m\u00fasica ha logrado integrar el Atl\u00e1ntico con el Pac\u00edfico nicarag\u00fcense<\/p>\n","protected":false},"author":46,"featured_media":36256,"comment_status":"open","ping_status":"open","sticky":false,"template":"","format":"standard","meta":{"_acf_changed":false,"footnotes":""},"categories":[26],"tags":[],"class_list":["post-36255","post","type-post","status-publish","format-standard","has-post-thumbnail","hentry","category-reportajes"],"acf":[],"_links":{"self":[{"href":"https:\/\/staging.laprensanic.com\/magazine\/wp-json\/wp\/v2\/posts\/36255","targetHints":{"allow":["GET"]}}],"collection":[{"href":"https:\/\/staging.laprensanic.com\/magazine\/wp-json\/wp\/v2\/posts"}],"about":[{"href":"https:\/\/staging.laprensanic.com\/magazine\/wp-json\/wp\/v2\/types\/post"}],"author":[{"embeddable":true,"href":"https:\/\/staging.laprensanic.com\/magazine\/wp-json\/wp\/v2\/users\/46"}],"replies":[{"embeddable":true,"href":"https:\/\/staging.laprensanic.com\/magazine\/wp-json\/wp\/v2\/comments?post=36255"}],"version-history":[{"count":5,"href":"https:\/\/staging.laprensanic.com\/magazine\/wp-json\/wp\/v2\/posts\/36255\/revisions"}],"predecessor-version":[{"id":47206,"href":"https:\/\/staging.laprensanic.com\/magazine\/wp-json\/wp\/v2\/posts\/36255\/revisions\/47206"}],"wp:featuredmedia":[{"embeddable":true,"href":"https:\/\/staging.laprensanic.com\/magazine\/wp-json\/wp\/v2\/media\/36256"}],"wp:attachment":[{"href":"https:\/\/staging.laprensanic.com\/magazine\/wp-json\/wp\/v2\/media?parent=36255"}],"wp:term":[{"taxonomy":"category","embeddable":true,"href":"https:\/\/staging.laprensanic.com\/magazine\/wp-json\/wp\/v2\/categories?post=36255"},{"taxonomy":"post_tag","embeddable":true,"href":"https:\/\/staging.laprensanic.com\/magazine\/wp-json\/wp\/v2\/tags?post=36255"}],"curies":[{"name":"wp","href":"https:\/\/api.w.org\/{rel}","templated":true}]}}