{"id":36762,"date":"2017-08-08T15:12:10","date_gmt":"2017-08-08T21:12:10","guid":{"rendered":"https:\/\/www.magazine.com.ni\/?p=36762"},"modified":"2017-08-09T09:06:51","modified_gmt":"2017-08-09T15:06:51","slug":"el-poeta-sacerdote","status":"publish","type":"post","link":"https:\/\/staging.laprensanic.com\/magazine\/columnas\/el-poeta-sacerdote\/","title":{"rendered":"El poeta sacerdote"},"content":{"rendered":"<p>Ernesto Cardenal ha sido muchas cosas en su vida. Poeta, escritor, escultor, pol\u00edtico, sacerdote, maestro&#8230; \u00c9l dice, en esta entrevista en magazine, que quiere ser recordado, sobre todo, como \u201cpoeta\u201d.<\/p>\n<p>Descendiente de un jud\u00edo polaco que recal\u00f3 en Nicaragua unas generaciones antes, Cardenal fue ordenado sacerdote tard\u00edamente, cuando ya hab\u00eda vivido amores y desamores y hab\u00eda viajado a tantas partes del mundo. Tal vez por ello siempre fue un sacerdote muy peculiar, que fund\u00f3 en Solentiname una comunidad cristiana que se destac\u00f3 por el arte que \ufb02oreci\u00f3 en ella y por su vinculaci\u00f3n con la entonces guerrilla del Frente Sandinista.<\/p>\n<p>Luego, como muchos, Cardenal cay\u00f3 en la tentaci\u00f3n y se hizo funcionario p\u00fablico. Fue ministro de Cultura desde el triunfo de la revoluci\u00f3n hasta 1987, en medio de una sorda pugna que siempre sostuvo con la poetisa Rosario Murillo.<\/p>\n<p>Luego se desencant\u00f3 del mismo Frente Sandinista al que tanto sirvi\u00f3 y actualmente, a sus 85 a\u00f1os, se ha vuelto un personaje di\ufb01cil de entender pol\u00edticamente. Es amigo de Hugo Ch\u00e1vez pero adversa a Daniel Ortega, es perseguido pol\u00edtico en Nicaragua pero apoya la revoluci\u00f3n bolivariana.<\/p>\n<p>Pero podemos estar de acuerdo o no con sus posiciones pol\u00edticas, podemos incluso discrepar de su forma de interpretar el evangelio, pero nadie puede negarle a Cardenal la calidad de poeta que es. La prueba es que desde el 2005 est\u00e1 siendo propuesto al premio Nobel de Literatura, un reconocimiento a una vida intensa que resume todo lo que ha sido en una sola palabra: poeta. No es casualidad que as\u00ed quiera ser recordado.<\/p>\n","protected":false},"excerpt":{"rendered":"<p>Ernesto Cardenal ha sido muchas cosas en su vida. Poeta, escritor, escultor, pol\u00edtico, sacerdote, maestro&#8230; \u00c9l dice, en esta entrevista en magazine, que quiere ser recordado, sobre todo, como \u201cpoeta\u201d.<\/p>\n","protected":false},"author":38,"featured_media":0,"comment_status":"open","ping_status":"open","sticky":false,"template":"","format":"standard","meta":{"_acf_changed":false,"footnotes":""},"categories":[5,27],"tags":[1510],"class_list":["post-36762","post","type-post","status-publish","format-standard","hentry","category-columnas","category-del-editor","tag-poeta"],"acf":[],"_links":{"self":[{"href":"https:\/\/staging.laprensanic.com\/magazine\/wp-json\/wp\/v2\/posts\/36762","targetHints":{"allow":["GET"]}}],"collection":[{"href":"https:\/\/staging.laprensanic.com\/magazine\/wp-json\/wp\/v2\/posts"}],"about":[{"href":"https:\/\/staging.laprensanic.com\/magazine\/wp-json\/wp\/v2\/types\/post"}],"author":[{"embeddable":true,"href":"https:\/\/staging.laprensanic.com\/magazine\/wp-json\/wp\/v2\/users\/38"}],"replies":[{"embeddable":true,"href":"https:\/\/staging.laprensanic.com\/magazine\/wp-json\/wp\/v2\/comments?post=36762"}],"version-history":[{"count":3,"href":"https:\/\/staging.laprensanic.com\/magazine\/wp-json\/wp\/v2\/posts\/36762\/revisions"}],"predecessor-version":[{"id":36765,"href":"https:\/\/staging.laprensanic.com\/magazine\/wp-json\/wp\/v2\/posts\/36762\/revisions\/36765"}],"wp:attachment":[{"href":"https:\/\/staging.laprensanic.com\/magazine\/wp-json\/wp\/v2\/media?parent=36762"}],"wp:term":[{"taxonomy":"category","embeddable":true,"href":"https:\/\/staging.laprensanic.com\/magazine\/wp-json\/wp\/v2\/categories?post=36762"},{"taxonomy":"post_tag","embeddable":true,"href":"https:\/\/staging.laprensanic.com\/magazine\/wp-json\/wp\/v2\/tags?post=36762"}],"curies":[{"name":"wp","href":"https:\/\/api.w.org\/{rel}","templated":true}]}}