{"id":36915,"date":"2017-08-16T12:23:34","date_gmt":"2017-08-16T18:23:34","guid":{"rendered":"https:\/\/www.magazine.com.ni\/?p=36915"},"modified":"2018-09-30T18:08:02","modified_gmt":"2018-09-30T18:08:02","slug":"a-la-busqueda-de-ballenas","status":"publish","type":"post","link":"https:\/\/staging.laprensanic.com\/magazine\/reportajes\/a-la-busqueda-de-ballenas\/","title":{"rendered":"A la b\u00fasqueda de ballenas"},"content":{"rendered":"<p style=\"text-align: center;\">Un grupo de pescadores artesanales de San Juan del Sur ha dejado descansar sus anzuelos y trasmallos para organizar visitas que permitan a los turistas avistar las ballenas y delfines que cruzan por esas aguas<\/p>\n<p style=\"text-align: center;\"><strong>Amalia Morales<\/strong><br \/>\n<strong>Fotos de Uriel Molina\/Fabio Buitrago\/Agencias<\/strong><\/p>\n<p>Pel\u00edcanos, gaviotas y lanchas habitan la bah\u00eda de San Juan del Sur en las primeras horas de un domingo. Los bares, propietarios del bullicio nocturno, han amanecido en silencio, con resaca. Uno que otro punto negro se distingue entre las aguas de esa media luna verde-diamante y salada que forma la bah\u00eda m\u00e1s visitada del pa\u00eds. Son las cabezas de algunos que se ba\u00f1an antes que los rayos ultravioleta del sol les cocinen la piel. El cielo es brillante y despejado. En un extremo de la herradura de agua, en el muelle que construyeron los japoneses hace tres a\u00f1os, se alista para zarpar una lancha con 18 personas. Viajan con la promesa de avistar ballenas jorobadas, que en esta \u00e9poca abandonan las corrientes fr\u00edas del norte y sur del continente, y pasan por las costas de Centroam\u00e9rica, en busca de aguas c\u00e1lidas.<\/p>\n<p>La tripulaci\u00f3n de esta lancha es variopinta. Hay nacionales y extranjeros en el grupo. Desde espa\u00f1oles cooperantes que trabajan en Estel\u00ed, y llegan a San Juan un d\u00eda antes, luego de viajar seis horas en bus, hasta estadounidenses y nicas que madrugan el mismo d\u00eda para estar a tiempo en el atracadero. Para salir a la hora pactada con la gente del Comit\u00e9 Ballena Azul, organizadores de la gira.<\/p>\n<p>Los hermanos David y Prudencio Mora, y Jacobo S\u00e1nchez, tres viejos lobos marinos de \u00e9sos que dan la impresi\u00f3n de haber pasado m\u00e1s tiempo en el agua que en tierra \ufb01rme, son los conductores de esta lancha de lO metros de eslora, que es casi tan larga como un ballenato joven. Est\u00e1 techada, as\u00ed que no habr\u00e1 insolaci\u00f3n.<\/p>\n<p>Desde el comienzo, la mirada del grupo la acapara el agua. Primero, porque hipnotiza ese verde l\u00edquido, a veces transparente, en el que aterrizan pel\u00edcanos hambrientos. Y luego, porque Yanina Luna, la voluntaria del Comit\u00e9 Ballena Azul, recomienda prestar atenci\u00f3n a cualquier chorro de agua que brote en el agua y a cualquier bandada de aves marinas que tengan un sobrevuelo bajo, a ras del agua, que es cuando compiten por la comida de las ballenas. No obstante, Yanina, ha dejado claro que tambi\u00e9n es posible no encontrarlas, y que volver varias veces hasta verlas, hace parte de los gajes del avistamiento. Al \ufb01nal, la naturaleza es caprichosa.<\/p>\n<p>Toda la tripulaci\u00f3n voltea cuando se oye el aleteo de un pel\u00edcano que sobrevuela unos segundos alrededor de la lancha y luego se estaciona en el agua como si fuera un pato.<\/p>\n<p>Yasica Sequeira, ingeniera ambiental e investigadora de la Universidad Centroamericana, (UCA), dice que nunca ha visto ballenas. Los \u00fanicos cet\u00e1ceos que vio en su vida fueron unos del\ufb01nes que estaban en cautiverio en un parque acu\u00e1tico en el extranjero. No pudo acercarse mucho. As\u00ed que cuando supo a trav\u00e9s de Facebook, la popular red social de Internet, que hab\u00eda ballenas surcando aguas nicarag\u00fcenses, se apunt\u00f3 para ir. Tampoco podr\u00e1 acercarse mucho a las ballenas. Los expertos recomiendan quedar a 10 u ocho metros como m\u00ednimo, para evitar cualquier movimiento brusco de estos mam\u00edferos que cuando nacen ya pesan m\u00e1s de 700 kilos.<\/p>\n<p>\u201cEllas son mansas\u201d, dice David Mora, de 51 a\u00f1os, hijo de un antiguo estibador y hermano de siete, quien empez\u00f3 a ba\u00f1arse con agua salada cuando era un ni\u00f1o. El pescador dice que ha visto a las ballenas muchas veces durante sus jornadas de buceo.<\/p>\n<p>Recuerda que una vez se le atraves\u00f3 una debajo de la embarcaci\u00f3n.<\/p>\n<p>\u2014\u00bfY c\u00f3mo era?<\/p>\n<p>\u2014Era m\u00e1s larga que esta lancha \u2014dice y mira de reojo hacia los lados de la panga, que hace casi una hora se alej\u00f3 de la bah\u00eda en direcci\u00f3n al norte, en b\u00fasqueda de esos animales de piel impermeable.<\/p>\n<p>\u2014No se mov\u00eda. Estaba quieta y no quer\u00eda moverme porque me parec\u00eda que le iba a dar vuelta a la lancha \u2014dice este hombre de lomo negro y barriga blanca, se larg\u00f3 por su cuenta.<\/p>\n<div id='gallery-1' class='gallery galleryid-36915 gallery-columns-3 gallery-size-thumbnail'><figure class='gallery-item'>\n\t\t\t<div class='gallery-icon landscape'>\n\t\t\t\t<a href='https:\/\/staging.laprensanic.com\/magazine\/reportajes\/a-la-busqueda-de-ballenas\/attachment\/ima-1\/'><img decoding=\"async\" width=\"150\" height=\"150\" src=\"https:\/\/d1xxa24wwackpg.cloudfront.net\/wp-content\/uploads\/2017\/08\/07143823\/Ima-1.jpg\" class=\"attachment-thumbnail size-thumbnail\" alt=\"Fotos de Uriel Molina\/Fabio Buitrago\/Agencias\" aria-describedby=\"gallery-1-36916\" srcset=\"https:\/\/d1xxa24wwackpg.cloudfront.net\/wp-content\/uploads\/2017\/08\/07143823\/Ima-1.jpg 150w, https:\/\/d1xxa24wwackpg.cloudfront.net\/wp-content\/uploads\/2017\/08\/07143823\/Ima-1.jpg 24w, https:\/\/d1xxa24wwackpg.cloudfront.net\/wp-content\/uploads\/2017\/08\/07143823\/Ima-1.jpg 48w, https:\/\/d1xxa24wwackpg.cloudfront.net\/wp-content\/uploads\/2017\/08\/07143823\/Ima-1.jpg 96w, https:\/\/d1xxa24wwackpg.cloudfront.net\/wp-content\/uploads\/2017\/08\/07143823\/Ima-1.jpg 300w, https:\/\/d1xxa24wwackpg.cloudfront.net\/wp-content\/uploads\/2017\/08\/07143823\/Ima-1.jpg 100w\" sizes=\"(max-width: 150px) 100vw, 150px\" \/><\/a>\n\t\t\t<\/div>\n\t\t\t\t<figcaption class='wp-caption-text gallery-caption' id='gallery-1-36916'>\n\t\t\t\tUn pescador artesanal de San Juan del Sur.\n\t\t\t\t<\/figcaption><\/figure><figure class='gallery-item'>\n\t\t\t<div class='gallery-icon landscape'>\n\t\t\t\t<a href='https:\/\/staging.laprensanic.com\/magazine\/reportajes\/a-la-busqueda-de-ballenas\/attachment\/ima-2\/'><img decoding=\"async\" width=\"150\" height=\"150\" src=\"https:\/\/d1xxa24wwackpg.cloudfront.net\/wp-content\/uploads\/2017\/08\/07143822\/Ima-2.jpg\" class=\"attachment-thumbnail size-thumbnail\" alt=\"Fotos de Uriel Molina\/Fabio Buitrago\/Agencias\" srcset=\"https:\/\/d1xxa24wwackpg.cloudfront.net\/wp-content\/uploads\/2017\/08\/07143822\/Ima-2.jpg 150w, https:\/\/d1xxa24wwackpg.cloudfront.net\/wp-content\/uploads\/2017\/08\/07143822\/Ima-2.jpg 24w, https:\/\/d1xxa24wwackpg.cloudfront.net\/wp-content\/uploads\/2017\/08\/07143822\/Ima-2.jpg 48w, https:\/\/d1xxa24wwackpg.cloudfront.net\/wp-content\/uploads\/2017\/08\/07143822\/Ima-2.jpg 96w, https:\/\/d1xxa24wwackpg.cloudfront.net\/wp-content\/uploads\/2017\/08\/07143822\/Ima-2.jpg 300w, https:\/\/d1xxa24wwackpg.cloudfront.net\/wp-content\/uploads\/2017\/08\/07143822\/Ima-2.jpg 100w\" sizes=\"(max-width: 150px) 100vw, 150px\" \/><\/a>\n\t\t\t<\/div><\/figure><figure class='gallery-item'>\n\t\t\t<div class='gallery-icon landscape'>\n\t\t\t\t<a href='https:\/\/staging.laprensanic.com\/magazine\/reportajes\/a-la-busqueda-de-ballenas\/attachment\/ima-3\/'><img decoding=\"async\" width=\"150\" height=\"150\" src=\"https:\/\/d1xxa24wwackpg.cloudfront.net\/wp-content\/uploads\/2017\/08\/07143821\/Ima-3.jpg\" class=\"attachment-thumbnail size-thumbnail\" alt=\"Fotos de Uriel Molina\/Fabio Buitrago\/Agencias\" aria-describedby=\"gallery-1-36918\" srcset=\"https:\/\/d1xxa24wwackpg.cloudfront.net\/wp-content\/uploads\/2017\/08\/07143821\/Ima-3.jpg 150w, https:\/\/d1xxa24wwackpg.cloudfront.net\/wp-content\/uploads\/2017\/08\/07143821\/Ima-3.jpg 24w, https:\/\/d1xxa24wwackpg.cloudfront.net\/wp-content\/uploads\/2017\/08\/07143821\/Ima-3.jpg 48w, https:\/\/d1xxa24wwackpg.cloudfront.net\/wp-content\/uploads\/2017\/08\/07143821\/Ima-3.jpg 96w, https:\/\/d1xxa24wwackpg.cloudfront.net\/wp-content\/uploads\/2017\/08\/07143821\/Ima-3.jpg 300w, https:\/\/d1xxa24wwackpg.cloudfront.net\/wp-content\/uploads\/2017\/08\/07143821\/Ima-3.jpg 100w\" sizes=\"(max-width: 150px) 100vw, 150px\" \/><\/a>\n\t\t\t<\/div>\n\t\t\t\t<figcaption class='wp-caption-text gallery-caption' id='gallery-1-36918'>\n\t\t\t\tGaviotas en las costas de San Juan\n\t\t\t\t<\/figcaption><\/figure><figure class='gallery-item'>\n\t\t\t<div class='gallery-icon landscape'>\n\t\t\t\t<a href='https:\/\/staging.laprensanic.com\/magazine\/reportajes\/a-la-busqueda-de-ballenas\/attachment\/ima-4\/'><img loading=\"lazy\" decoding=\"async\" width=\"150\" height=\"150\" src=\"https:\/\/d1xxa24wwackpg.cloudfront.net\/wp-content\/uploads\/2017\/08\/07143820\/Ima-4.jpg\" class=\"attachment-thumbnail size-thumbnail\" alt=\"Fotos de Uriel Molina\/Fabio Buitrago\/Agencias\" aria-describedby=\"gallery-1-36919\" srcset=\"https:\/\/d1xxa24wwackpg.cloudfront.net\/wp-content\/uploads\/2017\/08\/07143820\/Ima-4.jpg 150w, https:\/\/d1xxa24wwackpg.cloudfront.net\/wp-content\/uploads\/2017\/08\/07143820\/Ima-4.jpg 24w, https:\/\/d1xxa24wwackpg.cloudfront.net\/wp-content\/uploads\/2017\/08\/07143820\/Ima-4.jpg 48w, https:\/\/d1xxa24wwackpg.cloudfront.net\/wp-content\/uploads\/2017\/08\/07143820\/Ima-4.jpg 96w, https:\/\/d1xxa24wwackpg.cloudfront.net\/wp-content\/uploads\/2017\/08\/07143820\/Ima-4.jpg 300w, https:\/\/d1xxa24wwackpg.cloudfront.net\/wp-content\/uploads\/2017\/08\/07143820\/Ima-4.jpg 100w\" sizes=\"(max-width: 150px) 100vw, 150px\" \/><\/a>\n\t\t\t<\/div>\n\t\t\t\t<figcaption class='wp-caption-text gallery-caption' id='gallery-1-36919'>\n\t\t\t\tTuristas cuando atracan en el muelle de San Juan\n\t\t\t\t<\/figcaption><\/figure><figure class='gallery-item'>\n\t\t\t<div class='gallery-icon landscape'>\n\t\t\t\t<a href='https:\/\/staging.laprensanic.com\/magazine\/reportajes\/a-la-busqueda-de-ballenas\/attachment\/ima-5\/'><img loading=\"lazy\" decoding=\"async\" width=\"150\" height=\"150\" src=\"https:\/\/d1xxa24wwackpg.cloudfront.net\/wp-content\/uploads\/2017\/08\/07143819\/Ima-5.jpg\" class=\"attachment-thumbnail size-thumbnail\" alt=\"Fotos de Uriel Molina\/Fabio Buitrago\/Agencias\" aria-describedby=\"gallery-1-36920\" srcset=\"https:\/\/d1xxa24wwackpg.cloudfront.net\/wp-content\/uploads\/2017\/08\/07143819\/Ima-5.jpg 150w, https:\/\/d1xxa24wwackpg.cloudfront.net\/wp-content\/uploads\/2017\/08\/07143819\/Ima-5.jpg 24w, https:\/\/d1xxa24wwackpg.cloudfront.net\/wp-content\/uploads\/2017\/08\/07143819\/Ima-5.jpg 48w, https:\/\/d1xxa24wwackpg.cloudfront.net\/wp-content\/uploads\/2017\/08\/07143819\/Ima-5.jpg 96w, https:\/\/d1xxa24wwackpg.cloudfront.net\/wp-content\/uploads\/2017\/08\/07143819\/Ima-5.jpg 300w, https:\/\/d1xxa24wwackpg.cloudfront.net\/wp-content\/uploads\/2017\/08\/07143819\/Ima-5.jpg 100w\" sizes=\"(max-width: 150px) 100vw, 150px\" \/><\/a>\n\t\t\t<\/div>\n\t\t\t\t<figcaption class='wp-caption-text gallery-caption' id='gallery-1-36920'>\n\t\t\t\tEn aguas nicarag\u00fcenses transitan ballenas y delfines muy cerca de la costa\n\t\t\t\t<\/figcaption><\/figure>\n\t\t<\/div>\n\n<p style=\"text-align: center;\">***<\/p>\n<p>De noviembre a febrero, cuando el invierno aprieta en los polos, norte y sur, miles de ballenas jorobadas abandonan esos mares helados, en los que permanecen la mayor parte del a\u00f1o, y salen a recorrer miles de kil\u00f3metros, en direcci\u00f3n a las aguas ecuatoriales que son m\u00e1s c\u00e1lidas. Ah\u00ed tienen altas posibilidades de encontrar krill (peque\u00f1as larvas que se mueven en nubes dentro del agua), su alimento, explica el ec\u00f3logo Fabio Buitrago, quien desde el 2007 vio por primera vez a estos mastodontes acu\u00e1ticos en las costas nacionales.<\/p>\n<p>Buitrago es de los pocos que han fotogra\ufb01ado y \ufb01lmado a estos gigantes marinos. La \u00faltima vez que las vio fue en febrero del a\u00f1o pasado. En esa ocasi\u00f3n se acerc\u00f3 tanto, que grab\u00f3 el canto de las ballenas, famoso por los sonidos inimitables que emiten. El canto les sirve para orientarse, para coordinarse con otros miembros de su especie. A Simple o\u00eddo, a trav\u00e9s de la grabaci\u00f3n que muestra Buitrago en el v\u00eddeo de las ballenas que guarda en su computador port\u00e1til, los sonidos se oyen tan distorsionados que parecen los mugidos de terneros y vacas, s\u00f3lo que con el eco del agua de fondo.<\/p>\n<p>Contrario a lo que se puede pensar, que este tipo de mam\u00edferos nada m\u00e1s son visibles mar adentro, y que huyen de la presencia humana, el V\u00eddeo de Buitrago muestra a unas ballenas estacionadas frente a las costas del Pac\u00ed\ufb01co. No se inmutan con la presencia humana. Pero Buitrago aclara que no es conveniente ese acercamiento \u201cpor seguridad\u201d. La soledad no es cosa de ballenas. Casi siempre ellas avanzan en grupos de cuatro o en parejas.<\/p>\n<p>En pa\u00edses como Costa Rica, donde existe un monitoreo constante de cet\u00e1ceos, tambi\u00e9n se ha registrado el paso de orcas y ballenas azules, una especie que mide lo que una embarcaci\u00f3n industrial promedio (superior a los 30 metros), y que est\u00e1 en peligro de extinci\u00f3n como el resto de las ballenas, En Nicaragua, aunque el seguimiento es incipiente, en sectores como el Golfo de Fonseca y las costas cercanas a San Juan del Sur se han visto ballenas jorobadas con sus cr\u00edas.<\/p>\n<p>Las ballenas van de tr\u00e1nsito por estas aguas, haciendo estaciones en distintos puntos de la regi\u00f3n. Se detienen en isla Coco y Punta Ballena, en Costa Rica, y en las costa de Guatemala. Entre julio y octubre hay registros de su paso por la costa de Bah\u00eda Solano, en el Pac\u00edfico colombiano. En Nicaragua oficialmente se descubri\u00f3 que pasaban a partir del 2004, aunque David Mora dice que las ha visto desde hace a\u00f1os atr\u00e1s.<\/p>\n<p>Los cet\u00e1ceos que s\u00ed permanecen todo el a\u00f1o, los que nunca se van, son los delfines. \u201cEn Nicaragua es com\u00fan el delf\u00edn moteado, casi una de cada dos veces que hacemos expediciones en las costas del Pac\u00edfico nos encontramos con este tipo de delf\u00edn\u201d explica Buitrago.<\/p>\n<p>Muchas veces los delfines se ubican delante de las embarcaciones de pescadores y van de gu\u00edas. \u201cEse animalito si uno le tira de comer, ah\u00ed lo ten\u00e9s todo el tiempo\u201d, dice Jacobo S\u00e1nchez, otro de los marinos, de piel callosa y ojos celestes.<\/p>\n<p>El Cristo que se ve en uno de los cerros de la bah\u00eda de San Juan del Sur y que evoca al Corcovado de R\u00edo de Janeiro, en Brasil, se ve ahora muy distante. Es s\u00f3lo un punto blanco a lo lejos, pero sigue siendo una referencia de la distancia recorrida por esta peque\u00f1a embarcaci\u00f3n que avanza con un motor lento de 60 caballos.<\/p>\n<p>\u2014\u00a1All\u00e1 va, all\u00e1 est\u00e1! \u2014apunta con el dedo uno de los visitantes. Todas las cabezas viran hacia el lado del grito y tratan de ver a la tortuga que flota en el agua y se hunde y eleva con el vaiv\u00e9n de las olas. A la tortuga se le traga el verde. Los pescadores cuentan que por ah\u00ed queda una playa donde desovan algunas tortugas \u2014que no es La Flor que est\u00e1 hacia el sur\u2014 pero que el mismo guarda se come los huevos.<\/p>\n<p>David, quien ha cuarteado su piel con la f\u00f3rmula de sol y viento, es un conocedor emp\u00edrico de la fauna marina. Durante toda su vida ha sido un pescador de pargo rojo, langosta, macarela y at\u00fan, entre otras especies. Todav\u00eda lo es, pero cada d\u00eda se olvida m\u00e1s del arp\u00f3n y aprende m\u00e1s de los cet\u00e1ceos y su h\u00e1bitat. A corto y mediano plazo, el pescador quiere vivir del turismo que genera el avistamiento de estos animales, como lo hacen en la Patagonia, Argentina, donde los empresarios cobran entre 80 y 160 d\u00f3lares por un paseo cerca de las ballenas.<\/p>\n<p>David preside Arrecife, una cooperativa de 34 pescadores artesanales que quieren colgar los trasmallos para dedicarse a traer gente que quiere mirar ballenas, del\ufb01nes y tortugas. Poco a poco lo est\u00e1n consiguiendo. Con apoyo de organizaciones y expertos que los capacitan y les ayudan a vender el servicio que cuesta 30 d\u00f3lares para el p\u00fablico en general, y 25 para estudiantes.<\/p>\n<p>Si bien hay ilusi\u00f3n entre los pescadores, tambi\u00e9n hay un poco de desaliento por el escaso apoyo de las autoridades locales. Los marinos dicen que el alcalde actual est\u00e1 dando concesiones a embarcaciones de inversionistas extranjeros para que hagan turismo con los paisajes y la naturaleza marina. \u201cEso es injusto\u201d, coinciden los hermanos David y Prudencio.<\/p>\n<p>\u201cAqu\u00ed toda la pesca se ha acabado\u201d, dice Prudencio Mora, quien ha presenciado el lento agotamiento de los bancos de pargo rojo y de otras especies comerciales que hasta hace poco abundaban en la zona. \u201cAhora se est\u00e1 sacando un pargo peque\u00f1ito, que parece sardina y pesa menos de una libra\u201d, dice este otro Mora de bigote negro y cabeza medio blanca, quien como su hermano se ve a futurismo trabajando en el turismo de ballenas y del\ufb01nes. Ellos creen que la naturaleza es generosa por esa oportunidad de avistar cet\u00e1ceos, sin embargo, en el muelle hay otras cooperativas que siguen ancladas en la pesca tradicional. Incluso, el directivo de una cooperativa comenta que est\u00e1n a punto de meter un barco industrial para extraer especies como marlins y dorados. Prudencio dice que eso no puede ser porque est\u00e1 prohibido.<\/p>\n<figure id=\"attachment_36921\" aria-describedby=\"caption-attachment-36921\" style=\"width: 300px\" class=\"wp-caption aligncenter\"><a href=\"https:\/\/www.laprensa.com.ni\/magazine\/wp-content\/uploads\/2017\/08\/Lomo-de-una-ballena.jpg\"><img loading=\"lazy\" decoding=\"async\" class=\"wp-image-36921 size-medium\" src=\"https:\/\/www.laprensa.com.ni\/magazine\/wp-content\/uploads\/2017\/08\/Lomo-de-una-ballena-300x240.jpg\" alt=\"Fotos de Uriel Molina\/Fabio Buitrago\/Agencias\" width=\"300\" height=\"240\" srcset=\"https:\/\/d1xxa24wwackpg.cloudfront.net\/wp-content\/uploads\/2017\/08\/07143818\/Lomo-de-una-ballena.jpg 300w, https:\/\/d1xxa24wwackpg.cloudfront.net\/wp-content\/uploads\/2017\/08\/07143818\/Lomo-de-una-ballena.jpg 600w, https:\/\/d1xxa24wwackpg.cloudfront.net\/wp-content\/uploads\/2017\/08\/07143818\/Lomo-de-una-ballena.jpg 700w\" sizes=\"(max-width: 300px) 100vw, 300px\" \/><\/a><figcaption id=\"caption-attachment-36921\" class=\"wp-caption-text\">El lomo de una ballena jorobada, captada por el lente de Fabio Buitrago, en Rivas.<\/figcaption><\/figure>\n<p style=\"text-align: center;\">***<\/p>\n<p>Despu\u00e9s de dos horas, el recorrido deja atr\u00e1s playas como Madera y Majagual, de las que el turismo huye luego que pasan las temporadas de \ufb01n de semana y Semana Santa.<\/p>\n<p>Cada cierto tiempo, Prudencio hunde su mano en el agua para tantear la temperatura. Dice que el agua est\u00e1 muy tibia y las ballenas buscan agua fresca, como los del\ufb01nes.<\/p>\n<p>Los primeros encantados con el avistamiento de cet\u00e1ceos son los propios pescadores. Prudencio dice que es impresionante verlas cuando saltan o cuando sacan la cola. Por las colas es que los cienti\ufb01cos reconocen a las ballenas. Ah\u00ed quedan las marcas acumuladas a trav\u00e9s de los 40 \u00f3 50 a\u00f1os que viven.<\/p>\n<p>La tarde anterior, el tr\u00edo de marinos estuvo en el mar con una pareja de turistas, franc\u00e9s y nica, que vieron del\ufb01nes y jugaron a ser pescadores. Aunque no vieron ballenas, bajaron contentos de la lancha, a modo de chiste cruel, uno de ellos coment\u00f3 que a lo mejor las \u201cballenas son un concepto\u201d.<\/p>\n<p>Yanina, del Comit\u00e9 Ballena Azul, dice que el avistamiento es as\u00ed: requiere de frecuencia. Ella, por ejemplo, ha hecho cinco intentos en el agua y todav\u00eda no ha podido ver ballenas en esas costas. S\u00f3lo las ha observado en aguas argentinas y chilenas. Un amigo suyo que investiga a del\ufb01nes le dijo que el Viernes se top\u00f3 con varias ancladas frente a las costas.<\/p>\n<p>David se\u00f1ala que \u201call\u00e1\u201d \u2014m\u00e1s al norte\u2014 est\u00e1 la isla de La Anciana, un nido gigante de fragatas, gaviotas y cangrejos. A partir de ah\u00ed empieza una franja de mar de unos siete kil\u00f3metros, que llega hasta El Gigante, y que unos cienti\ufb01cos est\u00e1n promoviendo para que sea declarada parque natural. A David le gusta mucho la idea, cree que eso har\u00eda m\u00e1s atractivos los paseos por esa zona.<\/p>\n<p>La isla, que algunos llaman tambi\u00e9n de forma despectiva \u201cla Vieja\u201d, es al \ufb01nal una pe\u00f1a inmensa con diferentes muecas que ha sido moldeada por olas, viento y aves marinas como un escultor con su cincel. Desde un \u00e1ngulo parece la boca de un sapo, desde otros una nariz. Este pedazo de piedra anclado en el agua verde es un peque\u00f1o espect\u00e1culo. En las islas Gal\u00e1pagos, Ecuador, la gente paga s\u00f3lo por ver a las fragatas reales en su h\u00e1bitat. David maniobra y la lancha da vueltas alrededor de la isla y se enrumba hacia costa blanca, una playa agua cristalina y arena blanca, una gran piscina. Yanina dice que hay unas cuantas gafas para hacer snorkel y ver los peces de colores. La mayor\u00eda se anima y salta a la playa. Algunos optan por un simple chapuz\u00f3n en el agua y por sentarse luego en la playa a contemplar ese horizonte.<\/p>\n<p>Al cabo de una hora el viaje se reanuda. A la tripulaci\u00f3n, los pescadores a\u00f1aden un pasajero m\u00e1s: un pepino de mar que parece una babosa enorme. \u201cEse animal les encanta a los chinos\u201d, dice el marino Jacobo S\u00e1nchez, y explica c\u00f3mo es que se encogen cuando se cuecen en el fuego.<\/p>\n<p>En la costa, aparecen las mismas playas y los mismos cerros pelados y resecos por el verano. En tierra \ufb01rme, la naturaleza se decolora en esta \u00e9poca. En algunos tramos, sobresalen las construcciones de blancas mansiones que se han ido empotrando en esos cerros y volvi\u00e9ndose parte del paisaje. Para nadie es un secreto que en San Juan tienen casas las familias m\u00e1s ricas del pa\u00eds.<\/p>\n<p>Jacobo sabe a qui\u00e9n pertenece cada una de las casas. \u201c\u00c9sa es de \u2019un gringo, aqu\u00e9lla de un chino, la que qued\u00f3 atr\u00e1s es de los Pellas, y las que estaban en costa blanca tambi\u00e9n son de ellos y tienen otras tres en el propio San Juan\u201d. S\u00e1nchez cuenta que en el sector de Madera, la antigua propietaria era una comunitaria que se deshizo de su propiedad por 90,000 c\u00f3rdobas. Ahora, el mismo terreno, en el que hay varios caserones est\u00e1 valorado en unos 200,000 d\u00f3lares. \u201cAll\u00e1, esa otra vendi\u00f3 por 60,000 c\u00f3rdobas. Ahora la mujer no tiene d\u00f3nde vivir all\u00e1 en San Juan\u201d, cuenta S\u00e1nchez, quien maneja precios y nombres como si fuera un ejecutivo de bienes ra\u00edces. \u201cUn pedazo de tierra en San Juan no le baja de 30,000 d\u00f3lares\u201d.<\/p>\n<p>Jacobo, quien ha sido marino de barcos cargueros y que ha navegado en costas de Am\u00e9rica del Sur, dice que por ah\u00ed en un \u00e1rea rocosa que parecen cuevas se escondi\u00f3 no hace mucho una foca.<\/p>\n<p>Adem\u00e1s de ballenas, delfines y focas, los pescadores han visto orcas en alta mar, una parienta menor de las ballenas. No se sabe, porque hace falta monitoreo para con\ufb01rmar si transitan por ah\u00ed ballenas azules como en Costa Rica.<\/p>\n<p>El punto blanco agarra forma a cada instante, hasta convertirse en el Cristo que se alza en lo alto de la bah\u00eda. La expedici\u00f3n est\u00e1 cerca de volver. Antes, se hace un recorrido breve hacia el costado sur, pero se regresa a la bah\u00eda. Yasica Sequeira, quien se despereza al bajarse de la panga, dice que si le avisan por d\u00f3nde est\u00e1n las ballenas, ella vuelve. David responde que el pr\u00f3ximo \ufb01n de semana esperan a otros grupos, que a lo mejor tengan m\u00e1s suerte que el de ahora. En todo caso, hay que saber que los cet\u00e1ceos tienen una franja ancha donde moverse, que comienza en El Ostional y termina en el Golfo de Fonseca. Gracias a las ballenas, a las que siempre vio con respeto y nunca pens\u00f3 en cazar, David tiene ahora un inmenso mar para navegar.<\/p>\n<figure id=\"attachment_36934\" aria-describedby=\"caption-attachment-36934\" style=\"width: 300px\" class=\"wp-caption aligncenter\"><a href=\"https:\/\/www.laprensa.com.ni\/magazine\/wp-content\/uploads\/2017\/08\/Unos-de-los-guias-del-comit\u00e9-Ballena-Azul.jpg\"><img loading=\"lazy\" decoding=\"async\" class=\"wp-image-36934 size-medium\" src=\"https:\/\/www.laprensa.com.ni\/magazine\/wp-content\/uploads\/2017\/08\/Unos-de-los-guias-del-comit\u00e9-Ballena-Azul-300x210.jpg\" alt=\"Fotos de Uriel Molina\/Fabio Buitrago\/Agencias\" width=\"300\" height=\"210\" \/><\/a><figcaption id=\"caption-attachment-36934\" class=\"wp-caption-text\">Unos de los gu\u00edas del Comit\u00e9 Ballena Azul que trabaja en la cooperativa de pescadores locales avistando ballenas.<\/figcaption><\/figure>\n<h4>Ballenas sin riesgo<\/h4>\n<p>En las costas nicarag\u00fcenses las ballenas no corren riesgo de ser cazadas como ocurre en las aguas marinas de Jap\u00f3n.\u201cNo est\u00e1 permitida la caza\u201d, dice el ec\u00f3logo Fabio Buitrago. Sin embargo, un par de ballenas han encallado en las costas nicas, donde mueren al poco tiempo por deshidrataci\u00f3n y porque no soportan su propio peso. La \u00faltima ballena muerta que se detect\u00f3 apareci\u00f3 en Las Pe\u00f1itas, Le\u00f3n Ah\u00ed se supo que los pobladores aleda\u00f1os destazaron al animal antes que se descompusiera.<\/p>\n<h4>Fen\u00f3meno de encallamiento<\/h4>\n<p>Este fen\u00f3meno es natural y se ha presentado desde tiempos antiguos, pero a\u00fan sigue siendo unos de los misterios sin resolver del reino animal. Algunas veces los animales simplemente mueren en el mar y son empujados hasta la costa con las mareas y corrientes. Pero los encallamientos de animales vivos son m\u00e1s misteriosos,y se han propuesto diferentes teor\u00edas para explicarlos:<\/p>\n<ul>\n<li>Campo magn\u00e9tico: Los cambios dentro de este campo causan que el animal pierda su sentido de orientaci\u00f3n.<\/li>\n<li>Estr\u00e9s provocado por alguna amenaza natural, como un terremoto o tormenta, que hace al<br \/>\nanimal entrar en p\u00e1nico.<\/li>\n<li>Infecci\u00f3n cerebral: Les puede causar la p\u00e9rdida del sentido de orientaci\u00f3n.<\/li>\n<li>Fallo en sistema ac\u00fastico: La comunicaci\u00f3n ac\u00fastica en la mayor\u00eda de los cet\u00e1ceos es<br \/>\nimportante para mantener la cohesi\u00f3n del grupo.<\/li>\n<li>Enfermedad: Causa cansancio y el animal busca descansar.<\/li>\n<li>Seguir a un individuo enfermo o desorientado provoca encallamientos masivos.<\/li>\n<\/ul>\n<h4>(Tomado de fundaci\u00f3n KETO)<\/h4>\n","protected":false},"excerpt":{"rendered":"<p>Un grupo de pescadores artesanales de San Juan del Sur ha dejado descansar sus anzuelos y trasmallos para organizar visitas que permitan a los turistas avistar las ballenas y delfines que cruzan por esas aguas <\/p>\n","protected":false},"author":46,"featured_media":36932,"comment_status":"open","ping_status":"open","sticky":false,"template":"","format":"standard","meta":{"_acf_changed":false,"footnotes":""},"categories":[26],"tags":[],"class_list":["post-36915","post","type-post","status-publish","format-standard","has-post-thumbnail","hentry","category-reportajes"],"acf":[],"_links":{"self":[{"href":"https:\/\/staging.laprensanic.com\/magazine\/wp-json\/wp\/v2\/posts\/36915","targetHints":{"allow":["GET"]}}],"collection":[{"href":"https:\/\/staging.laprensanic.com\/magazine\/wp-json\/wp\/v2\/posts"}],"about":[{"href":"https:\/\/staging.laprensanic.com\/magazine\/wp-json\/wp\/v2\/types\/post"}],"author":[{"embeddable":true,"href":"https:\/\/staging.laprensanic.com\/magazine\/wp-json\/wp\/v2\/users\/46"}],"replies":[{"embeddable":true,"href":"https:\/\/staging.laprensanic.com\/magazine\/wp-json\/wp\/v2\/comments?post=36915"}],"version-history":[{"count":11,"href":"https:\/\/staging.laprensanic.com\/magazine\/wp-json\/wp\/v2\/posts\/36915\/revisions"}],"predecessor-version":[{"id":44479,"href":"https:\/\/staging.laprensanic.com\/magazine\/wp-json\/wp\/v2\/posts\/36915\/revisions\/44479"}],"wp:featuredmedia":[{"embeddable":true,"href":"https:\/\/staging.laprensanic.com\/magazine\/wp-json\/wp\/v2\/media\/36932"}],"wp:attachment":[{"href":"https:\/\/staging.laprensanic.com\/magazine\/wp-json\/wp\/v2\/media?parent=36915"}],"wp:term":[{"taxonomy":"category","embeddable":true,"href":"https:\/\/staging.laprensanic.com\/magazine\/wp-json\/wp\/v2\/categories?post=36915"},{"taxonomy":"post_tag","embeddable":true,"href":"https:\/\/staging.laprensanic.com\/magazine\/wp-json\/wp\/v2\/tags?post=36915"}],"curies":[{"name":"wp","href":"https:\/\/api.w.org\/{rel}","templated":true}]}}