{"id":37640,"date":"2010-07-11T11:15:54","date_gmt":"2010-07-11T17:15:54","guid":{"rendered":"https:\/\/www.magazine.com.ni\/?p=37640"},"modified":"2018-10-08T15:02:24","modified_gmt":"2018-10-08T15:02:24","slug":"la-incomoda-verdad-de-tacuarembo","status":"publish","type":"post","link":"https:\/\/staging.laprensanic.com\/magazine\/reportajes\/la-incomoda-verdad-de-tacuarembo\/","title":{"rendered":"La inc\u00f3moda verdad de Tacuaremb\u00f3"},"content":{"rendered":"<p style=\"text-align: center;\">El periodista Erasmo Silva descubri\u00f3 en 1960, que Carlos Gardel habr\u00eda nacido de una relaci\u00f3n entre el cacique de esa ciudad uruguaya y su cu\u00f1ada de 13 a\u00f1os. Cuando el tanguista se hizo famoso se produjo el llamado \u201cSilencio de Tacuaremb\u00f3\u201d, con el que se intent\u00f3 ocultar esa historia<\/p>\n<p style=\"text-align: center;\"><strong>Shan\u00ed Gerszenzon\/EFE<\/strong><\/p>\n<p>Carlos Gardel es hoy s\u00edmbolo e imagen de Tacuaremb\u00f3, pero hasta hace poco tiempo el supuesto origen uruguayo del mito del tango \u2014motivo de una ardua pol\u00e9mica con Argentina- se manten\u00eda oculto entre el secretismo y la verg\u00fcenza de sus vecinos.<\/p>\n<p>En 1960 el periodista Erasmo Silva descubri\u00f3 que el artista habr\u00eda nacido de una relaci\u00f3n entre el coronel Carlos Escayola, el cacique local, y su cu\u00f1ada y ahijada de 13 a\u00f1os, Mar\u00eda Leila. Cuando Gardel se hizo famoso en el mundo, en esa localidad uruguaya se dio el llamado \u201cSilencio de Tacuaremb\u00f3\u201d, el intento de la temida familia Escayola de ocultar la existencia de su presunto descendiente, de cuya muerte se acaban de cumplir 75 a\u00f1os.<\/p>\n<p>La pol\u00e9mica acerca del lugar de nacimiento de Gardel surgi\u00f3 justo despu\u00e9s de su muerte en un accidente a\u00e9reo ocurrido en Medell\u00edn (Colombia) el 24 de junio de 1935. En el avi\u00f3n se encontr\u00f3 un pasaporte argentino en el que aparec\u00eda Tacuaremb\u00f3 como su lugar de nacimiento. Sin embargo, semanas despu\u00e9s de aquel siniestro sali\u00f3 a la luz un testamento en el que se a\ufb01rmaba que hab\u00eda nacido en Toulouse (Francia) y ser hijo de la tambi\u00e9n francesa radicada en Buenos Aires (Argentina), Berthe Gard\u00e9s.<\/p>\n<p>El documento sent\u00f3 las bases de la tesis \u201cfrancesista\u201d, defendida por los argentinos, seg\u00fan la cual Gardel hab\u00eda nacido en la regi\u00f3n francesa con el nombre de Charles Romuald Gard\u00e9s y se hab\u00eda trasladado con su madre a Buenos Aires en su ni\u00f1ez. En la capital argentina, para evitar cumplir el servicio militar en Francia, habr\u00eda aprovechado una norma que permit\u00eda a los uruguayos indocumentados en el extranjero adquirir sin mayores di\ufb01cultades un certi\ufb01cado de nacionalidad, con el\u00a0cual Gardel habr\u00eda solicitado despu\u00e9s un documento de identidad argentino. Pero el testamento tambi\u00e9n desat\u00f3 el af\u00e1n de investigadores uruguayos, que se mostraron dispuestos a remover cielo y tierra\u00a0para encontrar pruebas de que el tanguero era su compatriota.<\/p>\n<p>\u201cAvlis (seud\u00f3nimo del periodista Silva) lleg\u00f3 a Tacuaremb\u00f3 con una copia del pasaporte de Gardel,<br \/>\nmedio chamuscado por el accidente, y con la idea en la cabeza de que s\u00f3lo hablando con los vecinos encontrar\u00eda la verdad\u201d, explica el presidente de la Fundaci\u00f3n Carlos Gardel de Tacuaremb\u00f3, Heber Moreira.<\/p>\n<p>En cuanto Silva puso un pie en Tacuaremb\u00f3, se dio cuenta de que toda la ciudad era due\u00f1a de un gran<br \/>\nsecreto y de que no le iba a resultar sencillo desentra\u00f1arlo. Durante siete a\u00f1os recorri\u00f3 el departamento,<br \/>\nuna regi\u00f3n donde predominaban las estancias ganaderas, para \u201cunir y comprobar lo que muy poco a<br \/>\npoco le iba contando la gente\u201d, agreg\u00f3 Moreira, quien tambi\u00e9n es un gran estudioso de la historia de<br \/>\nsu ciudad.<\/p>\n<p>En 1967, Silva public\u00f3 su primer trabajo sobre Gardel. En \u00e9l, sentaba las bases de la teor\u00eda \u201curuguayista sobre el cantante: nacido en Tacuaremb\u00f3, Gardel habr\u00eda sido dado en adopci\u00f3n por el coronel a Berthe Gard\u00e9s, una francesa que se encontraba en la localidad trabajando en las minas de oro y que huy\u00f3 con el beb\u00e9 a Montevideo.<\/p>\n<p style=\"text-align: center;\">***<\/p>\n<p>No le fue nada f\u00e1cil hacer hablar a los locales. Hab\u00eda pasado el tiempo, pero perduraba cierto temor, incluso alg\u00fan tipo de \ufb01delidad hacia la familia Escayola\u201d, argument\u00f3 Moreira. El coronel Carlos Escayola ostentaba a \ufb01nales del siglo XIX los cargos de Jefe Pol\u00edtico y Jefe de Polic\u00eda de Tacuaremb\u00f3, nombrado en con\ufb01anza por su amigo el general M\u00e1ximo Santos, Presidente de la Rep\u00fablica uruguaya entre 1882 y 1887.<\/p>\n<p>\u201cEra un hombre muy temido, muy poderoso\u201d, se\u00f1ala el \u00faltimo de sus descendientes en Tacuaremb\u00f3,<br \/>\nC\u00e9sar Escayola. Era conocido su car\u00e1cter \u201cduro\u201d y \u201cautoritario\u201d, pero tambi\u00e9n era muy comentada en la poblaci\u00f3n su pasi\u00f3n por las mujeres, especialmente, por las bellas se\u00f1oritas de la familia OlivaSguirla. No en vano lleg\u00f3 a casarse con las tres hermanas de esa casa. Primero con Clara, quien muri\u00f3 despu\u00e9s de tener dos hijos; luego con Blanca, de quien dicen que se quit\u00f3 la vida, y \ufb01nalmente con Mar\u00eda Leila, la supuesta madre biol\u00f3gica de Gardel, aunque antes de hacerlo con esta \u00faltima ya habr\u00eda procreado con ella, a escondidas de su hermana, al famoso cantante. Por esa raz\u00f3n se cree que Gardel fue entregado a la francesa.<\/p>\n<p>Sin embargo, de quien realmente estaba enamorado el coronel era de la madre de ellas, Juana, considerada \u201cla mas hermosa de todas\u201d. \u201cAh\u00ed es donde se vuelve m\u00e1s siniestra la historia porque es muy posible que el coronel tuviera relaciones con Juana y que fruto de esas relaciones fue que naci\u00f3 Maria Leila\u201d, apostill\u00f3 el especialista gardeliano Moreira, lo cual signi\ufb01car\u00eda que el militar podr\u00eda haber sido a la vez el abuelo y el padre del artista. \u201cSe dec\u00edan muchas cosas. Se hablaba de incestos, de traiciones, de enga\u00f1os. Pero son historias que pasaron de boca en boca y casi en susurros\u201d, asegura el director del departamento de Cultura y Turismo de la ciudad, Carlos Arezo.<\/p>\n<figure id=\"attachment_37642\" aria-describedby=\"caption-attachment-37642\" style=\"width: 700px\" class=\"wp-caption aligncenter\"><a href=\"https:\/\/www.laprensa.com.ni\/magazine\/wp-content\/uploads\/2017\/09\/magazine164-tripa-24.jpg\"><img fetchpriority=\"high\" decoding=\"async\" class=\"wp-image-37642 size-full\" src=\"https:\/\/www.laprensa.com.ni\/magazine\/wp-content\/uploads\/2017\/09\/magazine164-tripa-24.jpg\" alt=\"Shan\u00ed Gerszenzon\/EFE\" width=\"700\" height=\"991\" srcset=\"https:\/\/d1xxa24wwackpg.cloudfront.net\/wp-content\/uploads\/2017\/09\/07143303\/magazine164-tripa-24.jpg 700w, https:\/\/d1xxa24wwackpg.cloudfront.net\/wp-content\/uploads\/2017\/09\/07143303\/magazine164-tripa-24.jpg 212w, https:\/\/d1xxa24wwackpg.cloudfront.net\/wp-content\/uploads\/2017\/09\/07143303\/magazine164-tripa-24.jpg 600w\" sizes=\"(max-width: 700px) 100vw, 700px\" \/><\/a><figcaption id=\"caption-attachment-37642\" class=\"wp-caption-text\">Carlos Gardel con Mona Maris en la pel\u00edcula la Cuesta abajo.<\/figcaption><\/figure>\n<p style=\"text-align: center;\">***<\/p>\n<p>\u201cAc\u00e1 nadie queria hablar de lo que hab\u00eda pasado, lo ten\u00edan prohibido. Cuando salia algo en los diarios<br \/>\no en la radio sobre \u00e9l (Gardel), la gente comentaba por lo bajo, pero nada m\u00e1s\u201d, cuenta Teresa, una vecina de la localidad jubilada desde hace varios a\u00f1os. Mientras el tanguero vivi\u00f3, era sabido que el tema de su nacionalidad le incomodaba.<\/p>\n<p>En Uruguay es famosa la declaraci\u00f3n que hizo el artista al diario El Tel\u00e9grafo, de la localidad uruguaya de Paysand\u00fa, en 1933: \u201cYa que insiste, soy uruguayo, nacido en Tacuaremb\u00f3\u201d. Pero tambi\u00e9n son conocidas las veces en las que asegur\u00f3 ser \u201cporte\u00f1o, nacido en Buenos Aires\u201d, como en un reportaje publicado en abril de 1935 por la revista <em>Puerto Rico Ilustrado<\/em>.<\/p>\n<p>\u201cCuando uno lee bien la historia, empieza a darse cuenta de por qu\u00e9 a Gardel no le resultaba f\u00e1cil hablar de sus or\u00edgenes\u201d, opina Arezo. A sus 63 a\u00f1os, el \u00faltimo Escayola de Tacuaremb\u00f3, C\u00e9sar, todav\u00eda recuerda c\u00f3mo en alguna ocasi\u00f3n, de camino al colegio, sus vecinos le se\u00f1alaban murmurando \u201c\u00e9se es el pariente\u201d. \u201cYo no entend\u00eda nada, porque en casa mi abuelo prohib\u00eda hablar del tema\u201d, explic\u00f3 el supuesto pariente de Gardel, quien todavia hoy se muestra algo parco en palabras a la hora de hablar del supuesto secreto familiar.<\/p>\n<p>Tampoco fue f\u00e1cil para los tacuaremboenses, que entonces observaron los \u00e9xitos del \u201cGauchito del<br \/>\nAbasto\u201d desde el secretismo y la verg\u00fcenza, pero que el d\u00eda en el que falleci\u00f3 le guardaron luto como<br \/>\na cualquier otro vecino. \u201cEn esa \u00e9poca, en la que muri\u00f3 Gardel, uno de los Escayola ten\u00eda una farmacia y dej\u00f3 las puertas corridas en se\u00f1al de duelo\u201d, recuerda Maria Ester, quien oy\u00f3 contar esta vieja an\u00e9cdota a sus padres y abuelos.<\/p>\n<p style=\"text-align: center;\">***<\/p>\n<p>Hace apenas dos d\u00e9cadas que Tacuaremb\u00f3 busca ser reconocida como la cuna de \u201cla voz del tango\u201d. Poco antes de eso, \u201ca lo mejor ya no exist\u00eda el silencio de antes, pero s\u00ed cierto recato\u201d, apunta Arezo.<\/p>\n<p>A\u00fan as\u00ed, desde los a\u00f1os 90 del siglo pasado las autoridades locales se han esforzado por \u201cdigni\ufb01car la verdad hist\u00f3rica\u201d con acciones como la construcci\u00f3n del Museo Carlos Gardel, abierto en 1995 y donde se exponen documentos, cartas y fotograf\u00edas que respaldan la teor\u00eda del \u201cGardel uruguayo\u201d.<\/p>\n<p>\u201cViene gente de todas partes del mundo, desde Australia hasta Brasil. Les da curiosidad la historia,<br \/>\nporque normalmente se conocen algunas partes, pero no se ve todo con claridad hasta que uno viene<br \/>\nac\u00e1 y puede ver incluso en las fotos lo parecidos que eran los Escayola y Gardel\u201d, apostilla una de las trabajadoras del centro.<\/p>\n<p>Las nuevas generaciones de tacuaremboenses, muy alejadas ya de los antiguos rumores y los oscuros secretos que guardaba la localidad, viven en una ciudad plagada de referencias al m\u00e1s c\u00e9lebre de sus hijos. Desde la terminal de autobuses hasta la camiseta del club de f\u00fatbol local llevan impresas el nombre y la imagen del autor de volver, al que tambi\u00e9n se le ha dedicado un hotel tem\u00e1tico cuyas habitaciones llevan, cada una, el nombre de un tango gardeliano.<\/p>\n<p>El orgullo que sienten por pertenecer a la misma tierra del maestro tanguero se mezcla, no obstante,<br \/>\ncon \u201csentimientos encontrados\u201d. Gardel es para los vecinos de la ciudad el \u201ctacuaremboense inmortal\u201d,<br \/>\npero la adoraci\u00f3n que aseguran sentir por \u201cel Mago\u201d y sus canciones no esconde un cierto resentimiento contra el artista.<\/p>\n<p>\u201cCant\u00f3 para Buenos Aires y para otras muchas ciudades del mundo, pero de Tacuaremb\u00f3 se olvid\u00f3, ni siquiera dej\u00f3 claro que era de ac\u00e1\u201d, dice Tania, una joven estudiante de la localidad. Son los vecinos m\u00e1s veteranos, aqu\u00e9llos que se criaron escuchando la historia de Gardel y los Escayola, los que se muestran m\u00e1s comprensivos con la supuesta \u201cverdad inc\u00f3moda\u201d del artista. Fueron sus padres y abuelos los que mantuvieron en secreto los or\u00edgenes de \u201cCarlitos\u201d y, tal vez por eso, se limitan a disfrutar de su m\u00fasica y bailar sus tangos, sin importarles realmente donde naci\u00f3.<\/p>\n<h4>El Zorzal Criollo<\/h4>\n<p>Carlos Gardel fue un cantante y actor de cine naturalizado argentino, considerado el m\u00e1s importante tanguero de la primera mitad del siglo XX. Seg\u00fan algunos investigadores naci\u00f3 en Toulouse, Francia, el 11 de diciembre de 1890, y, seg\u00fan otros, naci\u00f3 en Tacuaremb\u00f3, Uruguay, el l1 de diciembre de 1887, viviendo desde su infancia en Buenos Aires.<\/p>\n<p>En l935 film\u00f3 <em>El d\u00eda que me quieras<\/em> <em>y Tango Bar<\/em>, donde canta sus \u00e9xitos m\u00e1s recordados. En abril emprende su fat\u00eddica gira, programada para ir por Puerto Rico,Venezuela, Aruba, Curacao, Colombia, Panam\u00e1, Cuba y M\u00e9xico, pero el destino impidi\u00f3 que esta se completara. El 24 de junio de l935 Carlos Gardel,junto con Alfredo Le Pera y algunos de sus m\u00fasicos, entre ellos el Indio Aguilar, falleci\u00f3 en el choque de dos aeroplanos a punto de despegar sobre la pista del aeropuerto Olaya Herrera, de la ciudad de Medell\u00edn (Colombia).<\/p>\n<p>Gardel se encontraba en lo mejor de su carrera, millones de sus admiradores lo lloraron. Entonces \u201cEl<br \/>\nZorzal Criollo\u201d se gan\u00f3 la gloria: popularmente, la gente dice que \u201cGardel cada d\u00eda canta mejor\u201d. Un<br \/>\nverso de su tango volver se convirti\u00f3 en un refr\u00e1n famoso en toda Am\u00e9rica latina: \u201cVeinte a\u00f1os no es<br \/>\nnada\u201d.<\/p>\n<p>Desde el l\u00b0 de septiembre de 2003, la voz de Carlos Gardel es Patrimonio de la Humanidad, por declaraci\u00f3n de la Unesco (Organizaci\u00f3n de las Naciones Unidas para la Educaci\u00f3n, la Ciencia y la Cultura). En su registro Memoria del Mundo, la Unesco anot\u00f3 a Carlos Gardel como \u201ccantor argentino nacido en Francia\u201d.<\/p>\n","protected":false},"excerpt":{"rendered":"<p>El periodista Erasmo Silva descubri\u00f3 en 1960, que Carlos Gardel habr\u00eda nacido de una relaci\u00f3n entre el cacique de esa ciudad uruguaya y su cu\u00f1ada de 13 a\u00f1os. Cuando el tanguista se hizo famoso se produjo el llamado \u201cSilencio de Tacuaremb\u00f3\u201d, con el que se intent\u00f3 ocultar esa historia<\/p>\n","protected":false},"author":46,"featured_media":37641,"comment_status":"open","ping_status":"open","sticky":false,"template":"","format":"standard","meta":{"_acf_changed":false,"footnotes":""},"categories":[26],"tags":[],"class_list":["post-37640","post","type-post","status-publish","format-standard","has-post-thumbnail","hentry","category-reportajes"],"acf":[],"_links":{"self":[{"href":"https:\/\/staging.laprensanic.com\/magazine\/wp-json\/wp\/v2\/posts\/37640","targetHints":{"allow":["GET"]}}],"collection":[{"href":"https:\/\/staging.laprensanic.com\/magazine\/wp-json\/wp\/v2\/posts"}],"about":[{"href":"https:\/\/staging.laprensanic.com\/magazine\/wp-json\/wp\/v2\/types\/post"}],"author":[{"embeddable":true,"href":"https:\/\/staging.laprensanic.com\/magazine\/wp-json\/wp\/v2\/users\/46"}],"replies":[{"embeddable":true,"href":"https:\/\/staging.laprensanic.com\/magazine\/wp-json\/wp\/v2\/comments?post=37640"}],"version-history":[{"count":9,"href":"https:\/\/staging.laprensanic.com\/magazine\/wp-json\/wp\/v2\/posts\/37640\/revisions"}],"predecessor-version":[{"id":45239,"href":"https:\/\/staging.laprensanic.com\/magazine\/wp-json\/wp\/v2\/posts\/37640\/revisions\/45239"}],"wp:featuredmedia":[{"embeddable":true,"href":"https:\/\/staging.laprensanic.com\/magazine\/wp-json\/wp\/v2\/media\/37641"}],"wp:attachment":[{"href":"https:\/\/staging.laprensanic.com\/magazine\/wp-json\/wp\/v2\/media?parent=37640"}],"wp:term":[{"taxonomy":"category","embeddable":true,"href":"https:\/\/staging.laprensanic.com\/magazine\/wp-json\/wp\/v2\/categories?post=37640"},{"taxonomy":"post_tag","embeddable":true,"href":"https:\/\/staging.laprensanic.com\/magazine\/wp-json\/wp\/v2\/tags?post=37640"}],"curies":[{"name":"wp","href":"https:\/\/api.w.org\/{rel}","templated":true}]}}