{"id":37649,"date":"2010-07-11T15:20:49","date_gmt":"2010-07-11T21:20:49","guid":{"rendered":"https:\/\/www.magazine.com.ni\/?p=37649"},"modified":"2018-10-08T15:02:02","modified_gmt":"2018-10-08T15:02:02","slug":"mi-cita-con-el-che","status":"publish","type":"post","link":"https:\/\/staging.laprensanic.com\/magazine\/reportajes\/mi-cita-con-el-che\/","title":{"rendered":"Mi cita con el Che"},"content":{"rendered":"<p style=\"text-align: center;\">Mar\u00eda Hayd\u00e9e Flores Rivas ha sido antrop\u00f3loga, maestra de generaciones, magistrada de la Corte Suprema de Justicia, entre otras muchas cosas. Pero uno de los momentos mejor guardados en su memoria fue un paseo que hizo con el Che Guevara una tarde de agosto de 1964 por el bosque de Chapultepec, M\u00e9xico<\/p>\n<p style=\"text-align: center;\"><strong>Tania Sirias<\/strong><br \/>\n<strong>Fotos Diana Nivia<\/strong><\/p>\n<p>La primera vez que Mar\u00eda Hayd\u00e9e Flores Rivas mir\u00f3 al guerrillero este estaba tirado sobre un catre, con<br \/>\nel cuerpo cansado y una tos seca, sudando una \ufb01ebre que le quebrantaba los huesos. No era aquella<br \/>\nimagen del h\u00e9roe latinoamericano que ya para ese tiempo se hab\u00eda construido, sino la de un desvalido. Su aire seductor hab\u00eda desaparecido en aquel cuarto, ubicado a un costado del Palacio de Gobierno en M\u00e9xico.<\/p>\n<p>\u201cSu rostro era igual al que aparece en el p\u00f3ster, bien agraciado, pero su hombr\u00eda era opacada por la peste del momento\u201d, narra medio siglo despu\u00e9s do\u00f1a Mar\u00eda Hayd\u00e9e.<\/p>\n<p>Recuerda que una tarde de 1964 la doctora Concepci\u00f3n Palacios \u2014a quien dice no le gustaba que le dijeran Conchita, \u201cpues su nombre deb\u00eda ser pronunciado con fuerza\u201d\u2014 recibi\u00f3 a Ernesto \u201cChe\u201d Guevara en su casa de habitaci\u00f3n.<\/p>\n<p>La doctora Palacios era una vieja conocida del Che. El primer contacto que tuvieron fue en enero de<br \/>\n1959, cuando el Che la recibi\u00f3 en su o\ufb01cina, junto al ex teniente Rafael Somarriba, \u00fanicos nicarag\u00fcenses que hab\u00edan llegado a Cuba, relata el periodista Jes\u00fas Miguel (Chuno) Bland\u00f3n, en su escrito El Che y la guerrilla nicarag\u00fcense.<\/p>\n<p>Cinco a\u00f1os despues, la doctora Palacios recibi\u00f3 la visita de aquel guerrillero argentino, quien se hab\u00eda convertido en un ministro del Gobierno cubano.<\/p>\n<p>No era una misi\u00f3n pol\u00edtica sino m\u00e1s bien una visita de cortes\u00eda a la mujer que \u00e9l quer\u00eda como una madre. \u201cEl amaba a la doctora Palacios. Incluso en esos d\u00edas ella le pregunt\u00f3: \u2018\u00bfPor qu\u00e9 me quer\u00e9s tanto?, y \u00e9l respondi\u00f3, \u2018porque usted me ense\u00f1\u00f3 a querer a los pobres\u2019\u201d.<\/p>\n<p>Maria Haydee cursaba el \u00faltimo semestre de la carrera de Antropolog\u00eda y era parte del grupo de j\u00f3venes<br \/>\nque albergaba la doctora Palacios en la naci\u00f3n azteca. Re\ufb01ere que luego de reponerse de su enfermedad, el Che pidi\u00f3 conocer el bosque de Chapultepec.<\/p>\n<p>\u201cMe imagino que al escuchar la conversaci\u00f3n de los dem\u00e1s muchachos que siempre hablaban de lo<br \/>\nbonito del lugar, con sus calles empedradas, los parques, la laguna, hizo que le llamara la atenci\u00f3n al Che Guevara\u201d, cuenta Mar\u00eda Hayd\u00e9e Flores Rivas.<\/p>\n<p>Fue cuando la doctora Palacios dijo que \u201cla mejor guia para realizar el recorrido es Maria Hayd\u00e9e<br \/>\nFlores, pues ella estudia en la Escuela Nacional de Antropolog\u00eda e Historia, y la facultad reciente-<br \/>\nmente se ha trasladado al parque de Chapultepec\u201d.<\/p>\n<p>Mar\u00eda Hayd\u00e9e Flores Rivas es una chinandegana que le ha tocado vivir \u201clas duras y las maduras\u201d, ya que a pesar de haber perdido a su madre a los nueve a\u00f1os y surgir del seno de una familia muy pobre, sus estudios la llevaron a pa\u00edses como Jerusal\u00e9n, Mosc\u00fa, Canad\u00e1 y M\u00e9xico. Dedic\u00f3 su vida, principalmente al magisterio. Tambi\u00e9n se desempe\u00f1\u00f3 como magistrada de la Corte Suprema de Justicia,<br \/>\npero renunci\u00f3 en 1990 con la llegada del gobierno de do\u00f1a Violeta Barrios de Chamorro.<\/p>\n<p>En vida ha recibido homenaje por parte del Consejo Nacional de Universidades (CNU), recibi\u00f3 la Orden Mariano Fiallos Gil de parte de la Universidad Nacional Aut\u00f3noma de Nicaragua (UNAN-Le\u00f3n) y es Acad\u00e9mica Honoraria de la Facultad de Ciencias Jur\u00eddicas de Nicaragua.<\/p>\n<figure id=\"attachment_37651\" aria-describedby=\"caption-attachment-37651\" style=\"width: 700px\" class=\"wp-caption aligncenter\"><a href=\"https:\/\/www.laprensa.com.ni\/magazine\/wp-content\/uploads\/2017\/09\/magazine164-tripa-10.jpg\"><img fetchpriority=\"high\" decoding=\"async\" class=\"wp-image-37651 size-full\" src=\"https:\/\/www.laprensa.com.ni\/magazine\/wp-content\/uploads\/2017\/09\/magazine164-tripa-10.jpg\" alt=\"Foto Diana Nivia\" width=\"700\" height=\"1050\" srcset=\"https:\/\/d1xxa24wwackpg.cloudfront.net\/wp-content\/uploads\/2017\/09\/07143301\/magazine164-tripa-10.jpg 700w, https:\/\/d1xxa24wwackpg.cloudfront.net\/wp-content\/uploads\/2017\/09\/07143301\/magazine164-tripa-10.jpg 200w, https:\/\/d1xxa24wwackpg.cloudfront.net\/wp-content\/uploads\/2017\/09\/07143301\/magazine164-tripa-10.jpg 683w, https:\/\/d1xxa24wwackpg.cloudfront.net\/wp-content\/uploads\/2017\/09\/07143301\/magazine164-tripa-10.jpg 600w\" sizes=\"(max-width: 700px) 100vw, 700px\" \/><\/a><figcaption id=\"caption-attachment-37651\" class=\"wp-caption-text\">La profesora Mar\u00eda Hayd\u00e9e Flores Rivas, de 80 a\u00f1os, afirma que el magisterio es y seguir\u00e1 siendo el motivo de su vida.<\/figcaption><\/figure>\n<p style=\"text-align: center;\">***<\/p>\n<p>Sentada en una silla de ruedas, de cabello cano, lentes gruesos y con un rosario en las manos recibe Mar\u00eda Hayd\u00e9e Flores Rivas a las visitas. Su estado de salud es delicado, hay d\u00edas que no se levanta de la cama, pero hoy amaneci\u00f3 m\u00e1s animada, comenta Karen Medina.<\/p>\n<p>De aquel paseo con el Che Guevara ya han pasado 46 a\u00f1os, pero Mar\u00eda Hayd\u00e9e lo conserva \u00edntegramente en su memoria.<\/p>\n<p>Para ella fue un d\u00eda inolvidable, estar todo el d\u00eda con un hombre carism\u00e1tico, y por sobre todas las cosas enigm\u00e1tico.<\/p>\n<p>\u2014\u00bfCu\u00e1nto tiempo dur\u00f3 el recorrido?<\/p>\n<p>\u2014Estuvimos juntos casi un d\u00eda entero. A \u00e9l le encant\u00f3 caminar sobre la famosa avenida de Chapultepec, recorri\u00f3 el lago, visitamos la Escuela de Antropolog\u00eda y durante todo el recorrido hist\u00f3rico le habl\u00e9 sobre la cultura azteca.<\/p>\n<p>\u2014\u00bfDe qu\u00e9 m\u00e1s hablaron?<\/p>\n<p>\u2014Hablamos de poes\u00eda \u2014dice mientras se sumerge en sus remembranzas\u2014. \u00cdbamos caminando y \u00e9l me preguntaba de Rub\u00e9n Dar\u00edo, que si en verdad era pobre, d\u00f3nde hab\u00eda nacido y d\u00f3nde est\u00e1 enterrado. Hab\u00eda momentos donde yo le recitaba poemas y otros donde \u00e9l lo hac\u00eda. Sin duda alguna aqu\u00e9lla fue<br \/>\nuna tarde de mucha poes\u00eda.<\/p>\n<p>\u2014\u00bfEs cierto que el Che era un hombre galante?<\/p>\n<p>\u2014Pues era un hombre encantador y muy guapo \u2014comenta entre risas do\u00f1a Mar\u00eda Haydee.<\/p>\n<p>\u2014\u00bfLe dijo alg\u00fan piropo durante el recorrido?<\/p>\n<p>\u2014Pues como todo var\u00f3n, siempre ten\u00eda algo bonito que decirle a las mujeres, pero la mayor parte del<br \/>\ntiempo hablaba de pol\u00edtica, de sus ideales, de Am\u00e9rica, y sobre todo de revoluciones. A veces lo sentia<br \/>\ncomo decepcionado y detr\u00e1s de esa barba se escond\u00eda un hombre triste y solitario. Esa era la impresi\u00f3n que daba mientras camin\u00e1bamos aquella tarde.<\/p>\n<p>Luego de la visita al parque de Chapultepec, el Che estuvo s\u00f3lo un par de d\u00edas en la casa de la doctora Palacios. \u201cElla lo despidi\u00f3 con una cena\u201d. Al d\u00eda siguiente el Che Guevara sali\u00f3 muy tempranito, Mar\u00eda Hayd\u00e9e se levant\u00f3 para despedir al guerrillero, mientras su imagen se fue esfumando por la calle Moneda, en una fr\u00eda ma\u00f1ana de M\u00e9xico.<\/p>\n<p style=\"text-align: center;\">***<\/p>\n<p style=\"text-align: left;\">Antes de partir de la naci\u00f3n azteca, Mar\u00eda Hayd\u00e9e Flores tuvo la oportunidad de conocer al presidente de M\u00e9xico, Adolfo L\u00f3pez Mateo, ya que debido a sus excelentes notas, el profesor Ren\u00e9 Herrera, jefe de plani\ufb01caci\u00f3n del Gobierno, los present\u00f3 con el mandatario.<\/p>\n<p>\u201cA\u00fan no termin\u00e1bamos de trasladarnos al nuevo edi\ufb01cio de la Escuela de Antropologia e Historia<br \/>\nen el bosque de Chapultepec, as\u00ed que algunas clases las recib\u00edamos en el edi\ufb01cio de Mayorazgo de Guerrero, ubicado al costado del Palacio de Gobierno\u201d, dice Mar\u00eda Hayd\u00e9e Flores Rivas.<\/p>\n<p>\u201cS\u00f3lo nos cruzamos la calle y fuimos conducidos por nuestro maestro al despacho presidencial. All\u00ed nos espera un hombre alto, vestido con un traje azul formal, bien oloroso y unas manos bien delicadas, ya que pudimos sentirlo al saludarlo\u201d.<\/p>\n<p>El 30 de noviembre de 1964, el presidente L\u00f3pez Mateo depuso,su cargo por problemas de salud. \u201cEse<br \/>\nfue el presidente m\u00e1s querido de M\u00e9xico, era muy popular y carism\u00e1tico\u201d, comenta Mar\u00eda Hayd\u00e9e<br \/>\nFlores. Agrega que durante su mandato se \ufb01rm\u00f3 el Pacto de Tlatelolco, que propon\u00eda la desnuclearizaci\u00f3n continental.<\/p>\n<p>La \u00faltima vez que lo vio fue cuando dio el discurso inaugural de la Escuela Nacional de Antropolog\u00eda,<br \/>\nen el bosque de Chapultepec.<\/p>\n<p>\u201cMe toc\u00f3 dar las palabras de bienvenida, y durante la recepci\u00f3n el presidente de M\u00e9xico se acerc\u00f3 para decirme que hab\u00eda dado un buen discurso. Que si depend\u00eda de m\u00ed, pod\u00eda llegar a ser asesora presidencial en mi pa\u00eds. Lamentablemente no ocurre eso en Nicaragua, no importa la capacidad que tengamos lo profesionales, todo se mueve por pol\u00edtica e intereses personales\u201d, expresa Mar\u00eda Hayd\u00e9e.<\/p>\n<p>Adolfo L\u00f3pez Mateo falleci\u00f3 cinco a\u00f1os despu\u00e9s de aquel encuentro, el 22 de septiembre de 1969, por una enfermedad cerebral.<\/p>\n<p style=\"text-align: center;\">***<\/p>\n<p>En 1965, Mar\u00eda Hayd\u00e9e regresa a Nicaragua, luego de recibirse de la carrera de Antropolog\u00eda, e inicia sus labores a la par del doctor Carlos T\u00fcnnermann Bernheim.<\/p>\n<p>Fueron casi diez a\u00f1os que trabaj\u00f3, recuerda el ex rector de 1a Universidad Nacional Aut\u00f3noma de Nicaragua.<\/p>\n<p>Explica que Mar\u00eda Haydee, a como la llama por cari\u00f1o, fue la primera directora del departamento de Bienestar Estudiantil en 1965, puesto que ocup\u00f3 hasta 1974. Tambi\u00e9n se desempe\u00f1\u00f3 como maestra en la UNAN y logra adem\u00e1s obtener una beca de seis meses en Jerusal\u00e9n, donde aprende sobre cooperativismo.<\/p>\n<p>El doctor T\u00fcnnermann re\ufb01ere que durante su administraci\u00f3n, Flores Rivas le propuso crear la primera unidad de salud, donde se le brindaba atenci\u00f3n m\u00e9dica a los alumnos y trabajadores.<\/p>\n<p>\u201cTambi\u00e9n se crea el departamento de becas donde se asignaban los recursos a los alumnos, pero adem\u00e1s se ten\u00edan que buscar fondos para mantenerlas, pues las universidades no recib\u00edamos ni siquiera el 2% por Producto Interno Bruto (PIB) del pa\u00eds\u201d, expresa el jurista.<\/p>\n<p>Agrega que fue una acertada decisi\u00f3n colocar a la profesora Mar\u00eda Hayd\u00e9e en ese puesto, ya que ten\u00eda una gran conciencia social y gozaba de la simpat\u00eda por los estudiantes.<\/p>\n<p>\u201cPero ella fue m\u00e1s all\u00e1, pues me propuso que levant\u00e1ramos en municipios peque\u00f1os de Le\u00f3n las casas de salud y con la ayuda de los estudiantes del \u00faltimo a\u00f1o de Medicina y de la carrera de Odontolog\u00eda, se prestaron servicios m\u00e9dicos a 1a poblaci\u00f3n m\u00e1s necesitada. Las primeras se fundaron en Momotombo y Quezalguaque\u201d, expresa el ex rector de la UNAN.<\/p>\n<p>Un alumno que la recuerda con mucho cari\u00f1o es el economista Julio Francisco B\u00e1ez. A\ufb01rma que esta catedr\u00e1tica jam\u00e1s renunci\u00f3 a la terquedad por ense\u00f1ar y becar a cuanto joven se le pon\u00eda al frente.<\/p>\n<p>\u201cDoy fe que una vez recibi\u00f3 una jugosa colaboraci\u00f3n en efectivo de un benefactor, el cual ofreci\u00f3 entregarle personalmente. Me pidi\u00f3 que la acompa\u00f1ara a retirarlo, pero antes deb\u00eda redactar un instrumento legal para que la recepci\u00f3n y posterior distribuci\u00f3n de ese dinero quedase absolutamente<br \/>\nasegurada entre diez muchachos universitarios\u201d.<\/p>\n<p>Agrega que \u201cprecisamente en esos d\u00edas a la profesora Mar\u00eda Hayd\u00e9e Flores le aquejaba una dolorosa enfermedad, cuya atenci\u00f3n exig\u00eda considerables sumas de dinero que nunca tuvo. Por eso, muchos de sus alumnos la recordamos y visitamos, pues forj\u00f3 en nosotros el esp\u00edritu de superaci\u00f3n y de entrega\u201d, comenta B\u00e1ez.<\/p>\n<div id='gallery-1' class='gallery galleryid-37649 gallery-columns-3 gallery-size-thumbnail'><figure class='gallery-item'>\n\t\t\t<div class='gallery-icon landscape'>\n\t\t\t\t<a href='https:\/\/staging.laprensanic.com\/magazine\/reportajes\/mi-cita-con-el-che\/attachment\/magazine164-tripa-12\/'><img decoding=\"async\" width=\"150\" height=\"150\" src=\"https:\/\/d1xxa24wwackpg.cloudfront.net\/wp-content\/uploads\/2017\/09\/07143300\/magazine164-tripa-12.jpg\" class=\"attachment-thumbnail size-thumbnail\" alt=\"\" aria-describedby=\"gallery-1-37652\" srcset=\"https:\/\/d1xxa24wwackpg.cloudfront.net\/wp-content\/uploads\/2017\/09\/07143300\/magazine164-tripa-12.jpg 150w, https:\/\/d1xxa24wwackpg.cloudfront.net\/wp-content\/uploads\/2017\/09\/07143300\/magazine164-tripa-12.jpg 24w, https:\/\/d1xxa24wwackpg.cloudfront.net\/wp-content\/uploads\/2017\/09\/07143300\/magazine164-tripa-12.jpg 48w, https:\/\/d1xxa24wwackpg.cloudfront.net\/wp-content\/uploads\/2017\/09\/07143300\/magazine164-tripa-12.jpg 96w, https:\/\/d1xxa24wwackpg.cloudfront.net\/wp-content\/uploads\/2017\/09\/07143300\/magazine164-tripa-12.jpg 300w, https:\/\/d1xxa24wwackpg.cloudfront.net\/wp-content\/uploads\/2017\/09\/07143300\/magazine164-tripa-12.jpg 100w\" sizes=\"(max-width: 150px) 100vw, 150px\" \/><\/a>\n\t\t\t<\/div>\n\t\t\t\t<figcaption class='wp-caption-text gallery-caption' id='gallery-1-37652'>\n\t\t\t\tJorge Antonio Giammattei Avil\u00e9s, ex presidente de la Corte Centroamericana de Justicia (CCJ), durante el homenaje a la jurista Mar\u00eda Hayd\u00e9e Flores, realizado en la UCA.\n\t\t\t\t<\/figcaption><\/figure><figure class='gallery-item'>\n\t\t\t<div class='gallery-icon landscape'>\n\t\t\t\t<a href='https:\/\/staging.laprensanic.com\/magazine\/reportajes\/mi-cita-con-el-che\/attachment\/magazine164\/'><img decoding=\"async\" width=\"150\" height=\"150\" src=\"https:\/\/d1xxa24wwackpg.cloudfront.net\/wp-content\/uploads\/2017\/09\/07143259\/magazine164.jpg\" class=\"attachment-thumbnail size-thumbnail\" alt=\"\" aria-describedby=\"gallery-1-37653\" srcset=\"https:\/\/d1xxa24wwackpg.cloudfront.net\/wp-content\/uploads\/2017\/09\/07143259\/magazine164.jpg 150w, https:\/\/d1xxa24wwackpg.cloudfront.net\/wp-content\/uploads\/2017\/09\/07143259\/magazine164.jpg 24w, https:\/\/d1xxa24wwackpg.cloudfront.net\/wp-content\/uploads\/2017\/09\/07143259\/magazine164.jpg 48w, https:\/\/d1xxa24wwackpg.cloudfront.net\/wp-content\/uploads\/2017\/09\/07143259\/magazine164.jpg 96w, https:\/\/d1xxa24wwackpg.cloudfront.net\/wp-content\/uploads\/2017\/09\/07143259\/magazine164.jpg 300w, https:\/\/d1xxa24wwackpg.cloudfront.net\/wp-content\/uploads\/2017\/09\/07143259\/magazine164.jpg 100w\" sizes=\"(max-width: 150px) 100vw, 150px\" \/><\/a>\n\t\t\t<\/div>\n\t\t\t\t<figcaption class='wp-caption-text gallery-caption' id='gallery-1-37653'>\n\t\t\t\tLa doctora Concepci\u00f3n Palacios posa junto a Mar\u00eda Hayd\u00e9e Flores Rivas en una calle de M\u00e9xico. \n\t\t\t\t<\/figcaption><\/figure><figure class='gallery-item'>\n\t\t\t<div class='gallery-icon landscape'>\n\t\t\t\t<a href='https:\/\/staging.laprensanic.com\/magazine\/reportajes\/mi-cita-con-el-che\/attachment\/magazine-3\/'><img loading=\"lazy\" decoding=\"async\" width=\"150\" height=\"150\" src=\"https:\/\/d1xxa24wwackpg.cloudfront.net\/wp-content\/uploads\/2017\/09\/07143258\/magazine.jpg\" class=\"attachment-thumbnail size-thumbnail\" alt=\"\" aria-describedby=\"gallery-1-37654\" srcset=\"https:\/\/d1xxa24wwackpg.cloudfront.net\/wp-content\/uploads\/2017\/09\/07143258\/magazine.jpg 150w, https:\/\/d1xxa24wwackpg.cloudfront.net\/wp-content\/uploads\/2017\/09\/07143258\/magazine.jpg 24w, https:\/\/d1xxa24wwackpg.cloudfront.net\/wp-content\/uploads\/2017\/09\/07143258\/magazine.jpg 48w, https:\/\/d1xxa24wwackpg.cloudfront.net\/wp-content\/uploads\/2017\/09\/07143258\/magazine.jpg 96w, https:\/\/d1xxa24wwackpg.cloudfront.net\/wp-content\/uploads\/2017\/09\/07143258\/magazine.jpg 300w, https:\/\/d1xxa24wwackpg.cloudfront.net\/wp-content\/uploads\/2017\/09\/07143258\/magazine.jpg 100w\" sizes=\"(max-width: 150px) 100vw, 150px\" \/><\/a>\n\t\t\t<\/div>\n\t\t\t\t<figcaption class='wp-caption-text gallery-caption' id='gallery-1-37654'>\n\t\t\t\tMar\u00eda Hayd\u00e9e Flores Rivas, disfrutando una tarde con sus amigas en el lago de Chapultepec. \n\t\t\t\t<\/figcaption><\/figure><figure class='gallery-item'>\n\t\t\t<div class='gallery-icon landscape'>\n\t\t\t\t<a href='https:\/\/staging.laprensanic.com\/magazine\/reportajes\/mi-cita-con-el-che\/attachment\/magaz\/'><img loading=\"lazy\" decoding=\"async\" width=\"150\" height=\"150\" src=\"https:\/\/d1xxa24wwackpg.cloudfront.net\/wp-content\/uploads\/2017\/09\/07143257\/magaz.jpg\" class=\"attachment-thumbnail size-thumbnail\" alt=\"\" aria-describedby=\"gallery-1-37655\" srcset=\"https:\/\/d1xxa24wwackpg.cloudfront.net\/wp-content\/uploads\/2017\/09\/07143257\/magaz.jpg 150w, https:\/\/d1xxa24wwackpg.cloudfront.net\/wp-content\/uploads\/2017\/09\/07143257\/magaz.jpg 24w, https:\/\/d1xxa24wwackpg.cloudfront.net\/wp-content\/uploads\/2017\/09\/07143257\/magaz.jpg 48w, https:\/\/d1xxa24wwackpg.cloudfront.net\/wp-content\/uploads\/2017\/09\/07143257\/magaz.jpg 96w, https:\/\/d1xxa24wwackpg.cloudfront.net\/wp-content\/uploads\/2017\/09\/07143257\/magaz.jpg 300w, https:\/\/d1xxa24wwackpg.cloudfront.net\/wp-content\/uploads\/2017\/09\/07143257\/magaz.jpg 100w\" sizes=\"(max-width: 150px) 100vw, 150px\" \/><\/a>\n\t\t\t<\/div>\n\t\t\t\t<figcaption class='wp-caption-text gallery-caption' id='gallery-1-37655'>\n\t\t\t\tJunto a su hermano Jos\u00e9 Flores Rivas, la jurista Mar\u00eda Hayd\u00e9e, el d\u00eda de su promoci\u00f3n en la Universidad Nacional Aut\u00f3noma de Nicaragua, UNAN-Le\u00f3n.\n\t\t\t\t<\/figcaption><\/figure>\n\t\t<\/div>\n\n<p style=\"text-align: center;\">***<\/p>\n<p>Y es que la pasi\u00f3n por la docencia \u2014comenta Mar\u00eda Hayd\u00e9e- fue inspirada por su maestra Josefa Toledo de Aguerri, Mujer de las Am\u00e9ricas 1950, t\u00edtulo otorgado por las Naciones Unidas.<\/p>\n<p>\u201cCuando do\u00f1a Chepita Toledo fue condecorada por las Naciones Unidas, yo todav\u00eda era estudiante<br \/>\nnormalista. Me llam\u00f3 y me dijo que ten\u00edamos que poner un telegrama de agradecimiento urgente hac\u00eda la India, pues ellos hab\u00edan avalado su postulaci\u00f3n. Esa carta ten\u00eda que irse en barco antes de mediod\u00eda, as\u00ed que me dict\u00f3 y yo la escrib\u00ed emocionada, pues sab\u00eda que eso ser\u00eda parte de la historia de nuestro pa\u00eds, pero adem\u00e1s un reconocimiento a los maestros\u201d, expresa Mar\u00eda Hayd\u00e9e, 60 a\u00f1os despu\u00e9s.<\/p>\n<p>Comenta que antes de trasladarse a Carazo, la escuela de se\u00f1oritas de la Normal quedaba a una cuadra<br \/>\ndel Palacio Nacional.<\/p>\n<p>\u201cLa Normal de Managua era de dos plantas y en la parte de abajo se recib\u00eda a las visitas. Regularmente<br \/>\nllegaba a vernos el general Anastasio Somoza Debayle, quien se sentaba en primera \ufb01la con su uniforme de gala. Pese a todo lo que se le\u00eda y se escucha en esa \u00e9poca, \u00e9l ten\u00eda un car\u00e1cter muy simp\u00e1tico y muy alegre\u201d, expresa la maestra Flores Rivas.<\/p>\n<p>Narra que la \u00fanica vez que las se\u00f1oritas de la Normal le hicieron una huelga a do\u00f1a Chepita de Aguerri fue en 1959, cuando el centro se traslad\u00f3 a San Marcos, Carazo, y no aguantaban el maltrato de una maestra del internado.<\/p>\n<p>Las jovencitas pasaron varios d\u00edas sin recibir clases y la huelga iba tomando fuerza cada vez m\u00e1s.<br \/>\nSomoza mand\u00f3 a llamar a cuatro representantes de las alumnas y un maestro, entre \u00e9sas iba la ya profesora Mar\u00eda Hayd\u00e9e Flores Rivas.<\/p>\n<p>\u201cSomoza nos mand\u00f3 a traer en un bus y fuimos recibidas en el jard\u00edn del Palacio Presidencial. Se<br \/>\nqued\u00f3 en silencio por un momento y nos dijo: \u2018Puedo permitir que se levanten los que quieran contra<br \/>\ncualquiera, pero nunca contra do\u00f1a Chepita Toledo de Aguerri. Si yo la respeto, con m\u00e1s raz\u00f3n ustedes, as\u00ed que la que no est\u00e1 de acuerdo que se vaya a su casa\u2019\u201d.<\/p>\n<p>La profesora Mar\u00eda Haydee a\ufb01rma que Somoza fue el mediador entre los con\ufb02ictos que ten\u00edan las internas en el centro, porque \u00e9l estimaba mucho a la mujer de las Am\u00e9ricas 1950.<\/p>\n<p>Lo que no sab\u00eda Somoza es que do\u00f1a Chepita Toledo de Aguerri escondi\u00f3 por un tiempo en la Normal al profesor Edelberto Torres Espinoza.<\/p>\n<p>\u201cEl profesor Torres era un opositor abierto a Somoza, incluso se fue al exilio pues su vida peligraba en<br \/>\nNicaragua. Do\u00f1a Chepita Toledo lo encerr\u00f3 en uno de los cuartos y nos dijo que la primera que dijera<br \/>\nalgo sobre la presencia del maestro se iba de la escuela. El tiempo que estuvo escondido, las alumnas de con\ufb01anza se encargaban de llevarle su comida\u201d, narra la profesora Flores Rivas.<\/p>\n<p>Edelberto Torres Espinoza fue el bi\u00f3grafo de Augusto C. Sandino y Rub\u00e9n Dar\u00edo. De 1938 a 1941<br \/>\nfue director del Consejo T\u00e9cnico de Educaci\u00f3n en Nicaragua, contribuyendo al establecimiento de<br \/>\nuna educaci\u00f3n laica y no dogm\u00e1tica, basada en principios liberales. Falleci\u00f3 en San Jos\u00e9, Costa Rica, en<br \/>\nagosto de 1994, lugar donde resid\u00eda desde su exilio en 1972.<\/p>\n<p>La pasi\u00f3n de Mar\u00eda Hayd\u00e9e fueron las aulas de clases. \u201cSu vida ha sido el bendito magisterio. Aquella<br \/>\nchavala normalista de mediados del siglo XX jam\u00e1s imagin\u00f3 que la esperaba m\u00e1s de medio siglo forjando mentes y conciencias en la vida universitaria\u201d, expresa su alumno, el economista Julio Francisco B\u00e1ez. Otros alumnos que pasaron por sus manos son el ex presidente Arnoldo Alem\u00e1n, las jueces Juana M\u00e9ndez, Adela Cardoza y otros funcionarios p\u00fablicos.<\/p>\n<p>\u201cSi mil veces naciera, mil veces ser\u00eda maestra\u201d, dice a sus 80 a\u00f1os.<\/p>\n","protected":false},"excerpt":{"rendered":"<p>Mar\u00eda Hayd\u00e9e Flores Rivas ha sido antrop\u00f3loga, maestra de generaciones, magistrada de la Corte Suprema de Justicia, entre otras muchas cosas. Pero uno de los momentos mejor guardados en su memoria fue un paseo que hizo con el Che Guevara una tarde de agosto de 1964 por el bosque de Chapultepec, M\u00e9xico<\/p>\n","protected":false},"author":46,"featured_media":37650,"comment_status":"open","ping_status":"open","sticky":false,"template":"","format":"standard","meta":{"_acf_changed":false,"footnotes":""},"categories":[26],"tags":[],"class_list":["post-37649","post","type-post","status-publish","format-standard","has-post-thumbnail","hentry","category-reportajes"],"acf":[],"_links":{"self":[{"href":"https:\/\/staging.laprensanic.com\/magazine\/wp-json\/wp\/v2\/posts\/37649","targetHints":{"allow":["GET"]}}],"collection":[{"href":"https:\/\/staging.laprensanic.com\/magazine\/wp-json\/wp\/v2\/posts"}],"about":[{"href":"https:\/\/staging.laprensanic.com\/magazine\/wp-json\/wp\/v2\/types\/post"}],"author":[{"embeddable":true,"href":"https:\/\/staging.laprensanic.com\/magazine\/wp-json\/wp\/v2\/users\/46"}],"replies":[{"embeddable":true,"href":"https:\/\/staging.laprensanic.com\/magazine\/wp-json\/wp\/v2\/comments?post=37649"}],"version-history":[{"count":7,"href":"https:\/\/staging.laprensanic.com\/magazine\/wp-json\/wp\/v2\/posts\/37649\/revisions"}],"predecessor-version":[{"id":45237,"href":"https:\/\/staging.laprensanic.com\/magazine\/wp-json\/wp\/v2\/posts\/37649\/revisions\/45237"}],"wp:featuredmedia":[{"embeddable":true,"href":"https:\/\/staging.laprensanic.com\/magazine\/wp-json\/wp\/v2\/media\/37650"}],"wp:attachment":[{"href":"https:\/\/staging.laprensanic.com\/magazine\/wp-json\/wp\/v2\/media?parent=37649"}],"wp:term":[{"taxonomy":"category","embeddable":true,"href":"https:\/\/staging.laprensanic.com\/magazine\/wp-json\/wp\/v2\/categories?post=37649"},{"taxonomy":"post_tag","embeddable":true,"href":"https:\/\/staging.laprensanic.com\/magazine\/wp-json\/wp\/v2\/tags?post=37649"}],"curies":[{"name":"wp","href":"https:\/\/api.w.org\/{rel}","templated":true}]}}