{"id":38506,"date":"2017-11-03T11:58:15","date_gmt":"2017-11-03T17:58:15","guid":{"rendered":"https:\/\/www.magazine.com.ni\/?p=38506"},"modified":"2021-06-28T14:52:08","modified_gmt":"2021-06-28T20:52:08","slug":"norma-helena-soy-un-volcan","status":"publish","type":"post","link":"https:\/\/staging.laprensanic.com\/magazine\/reportajes\/norma-helena-soy-un-volcan\/","title":{"rendered":"Norma Helena: \u00abSoy un volc\u00e1n\u00bb"},"content":{"rendered":"<p style=\"text-align: center;\">A sus 51 a\u00f1os confiesa que su primer amor fue la revoluci\u00f3n, el martirio de su vida ser gorda y su m\u00e1s grande temor la muerte. Aunque la m\u00fasica no le ha pagado bien en \u00abcosas de dinero\u00bb, ha sido muy feliz con ella. Intensa, apapachadora y muy sentimental, as\u00ed se describe esta cantante. Conozca a esta int\u00e9rprete fuera del escenario<\/p>\n<p style=\"text-align: center;\"><strong>Dora Luz Romero Mej\u00eda<\/strong><br \/>\n<strong>Fotos de Diana Nivia<\/strong><\/p>\n<p>Fue la \u00fanica mujer que hizo que el escritor argentino Julio Cort\u00e1zar durmiera con las botas puestas. Eran los a\u00f1os 80 y hab\u00eda llegado a Nicaragua un grupo de norteamericanos para hacer una vigilia de paz. Se ubicar\u00edan en Bismuna, Zelaya Norte. \u00abEn esa comunidad de la Costa, donde las autoridades militares eligieron que se hiciera el campamento de paz, acababan de quemar el lugar, hubo bajas del Ej\u00e9rcito y encontramos muertos de la Contra\u00bb, recuerda Norma Helena Gadea, sentada en el sof\u00e1 de su casa y con unos 25 a\u00f1os m\u00e1s que en aquel entonces.<\/p>\n<p>En ese campamento estaba Michelle Najlis y Julio Cort\u00e1zar, entre muchos otros escritores y artistas. En una de las tantas noches que permanecieron en este sitio les lleg\u00f3 una alerta: posiblemente esa noche atacar\u00edan la zona. \u00abRecuerdo que Cort\u00e1zar hab\u00eda hecho su camita de agujas de pino\u00bb, dice la cantante, a quien en aquel tiempo le tocaba vigilar. Esa noche, antes de dormirse se acerc\u00f3 a Cort\u00e1zar y le dijo: \u00abJulio, ser\u00e1 mejor que no te quit\u00e9s las botas ni la ropa por cualquier cosa. Porque si tenemos que correr solo te met\u00e9s en el hoyo que cavamos\u00bb.<\/p>\n<p><strong>LEA ADEM\u00c1S: <a href=\"https:\/\/gep90.laprensa.com.ni\/magazine\/reportaje\/quisimos-tanto-julio\/\">Quisimos tanto a Julio<\/a><\/strong><\/p>\n<p>Al d\u00eda siguiente, nada hab\u00eda pasado. Nadie fue atacado y Cort\u00e1zar junto al resto de compa\u00f1eros no hizo m\u00e1s que re\u00edrse y decirle a Norma Helena: \u00abHas sido la \u00fanica mujer que me ha hecho dormir con las botas puestas\u00bb, an\u00e9cdota que incluso fue contada en uno de sus libros.<\/p>\n<p>Y as\u00ed se desarroll\u00f3 esta cantante, en medio de campos de batalla, tropas militares y tarimas improvisadas. Nunca fue militante del FSLN, seg\u00fan ella, porque no ten\u00edan la confianza pol\u00edtica suficiente, ya que sus familiares eran liberales. Pero s\u00ed se consider\u00f3 una militante de coraz\u00f3n.<\/p>\n<p>Esta int\u00e9rprete que en los 80 levant\u00f3 la bandera del partido Frente Sandinista de Liberaci\u00f3n Nacional (FSLN) y que en 1990 llor\u00f3 amargamente la derrota de su partido, hoy asegura estar desencantada de la pol\u00edtica. \u00abNo les creo nada. Y ahora la \u00fanica bandera que levanto es la de la vida\u00bb, asegura mientras enciende un cigarrillo.<\/p>\n<p style=\"text-align: center;\">***<\/p>\n<p>Norma Helena Gadea naci\u00f3 el 28 de diciembre de 1955. Es la segunda de siete hermanos. A ella, al igual que a todos, desde siempre le llamaron por sus dos nombres, costumbre que asegura es de pueblo.<\/p>\n<p>Manifiesta haber nacido con la m\u00fasica en la sangre. \u00abDesde muy ni\u00f1a me gust\u00f3 la m\u00fasica. So\u00f1\u00e9 con ser pianista, pero termin\u00e9 tocando guitarra y cantando\u00bb, cuenta la int\u00e9rprete. A los nueve a\u00f1os, por motivos de trabajo de su padre, don Heriberto Gadea Mantilla, se trasladaron a la capital, pero eso dur\u00f3 hasta el terremoto de 1972 que los hizo regresar a su natal Ocotal.<\/p>\n<p>Sin embargo, a los 18 a\u00f1os nuevamente decide emprender vuelo hacia Managua para estudiar Derecho. Pero su pasi\u00f3n por la m\u00fasica fue m\u00e1s fuerte y cuando cursaba segundo a\u00f1o de Derecho, resolvi\u00f3 dedicarse en cuerpo y alma a la cantada. Para esa \u00e9poca, su madre Carmencita Avil\u00e9s ya hab\u00eda fallecido a causa de artritis, experiencia que asegura ha sido la m\u00e1s dif\u00edcil de su vida.<\/p>\n<p>\u00abEn aquel tiempo, el movimiento cultural me permiti\u00f3 involucrarme en el mundo art\u00edstico. Adem\u00e1s, yo quer\u00eda cantar e integrarme de alguna forma a lo que estaba la juventud de mi generaci\u00f3n\u00bb, dice esta cantante cuyo primer disco grab\u00f3 en 1978 con canciones del artista nicarag\u00fcense <a href=\"https:\/\/gep90.laprensa.com.ni\/magazine\/perfil\/otto-y-georgina-felices-los-cuatros\/\">Otto de la Rocha<\/a>.<\/p>\n<p>Confiesa que fue gracias a su t\u00edo <a href=\"https:\/\/gep90.laprensa.com.ni\/magazine\/reportaje\/fabio-gadea-mantilla-el-padre-de-pancho-madrigal\/\">Fabio Gadea<\/a> y a su padre Heriberto, ambos hombres de radio, que logr\u00f3 adem\u00e1s de empezar a cantar, tener roce con los famosos de la \u00e9poca: <a href=\"https:\/\/gep90.laprensa.com.ni\/magazine\/reportaje\/el-cantor-de-nicaragua\/\">Carlos Mej\u00eda Godoy<\/a>, Luis Enrique Mej\u00eda, Otto de la Rocha, entre muchos otros.<\/p>\n<p>Han pasado m\u00e1s de 30 a\u00f1os y Norma Helena se ha consagrado como una cantante de gran talento en Nicaragua. Sin embargo, contin\u00faa siendo esa joven que busca el regazo de su padre de vez en cuando. Hoy, esa mujer robusta y de gran sentimiento recuerda perfectamente las palabras que un d\u00eda su padre, de ahora 80 a\u00f1os, le dijo: \u00abCuando usted sienta que hacen falta las fuerzas, tenga alg\u00fan problema o simplemente le haga falta su padre, las puertas de esta casa est\u00e1n abiertas\u00bb. Y as\u00ed ha sido. Esta int\u00e9rprete del canto latinoamericano visita a su padre, al menos, una vez cada quincena.<\/p>\n<figure id=\"attachment_38510\" aria-describedby=\"caption-attachment-38510\" style=\"width: 500px\" class=\"wp-caption aligncenter\"><a href=\"https:\/\/gep90.laprensa.com.ni\/magazine\/wp-content\/uploads\/2017\/11\/Norma-Helena-\uf020-Soy-un-Volc\u00e1n-\uf020-2.jpg\"><img fetchpriority=\"high\" decoding=\"async\" class=\"wp-image-38510\" src=\"https:\/\/gep90.laprensa.com.ni\/magazine\/wp-content\/uploads\/2017\/11\/Norma-Helena-\uf020-Soy-un-Volc\u00e1n-\uf020-2.jpg\" alt=\"\" width=\"500\" height=\"576\" srcset=\"https:\/\/d1xxa24wwackpg.cloudfront.net\/wp-content\/uploads\/2017\/11\/07142634\/Norma-Helena-%EF%80%A0-Soy-un-Volc%C3%A1n-%EF%80%A0-2.jpg 700w, https:\/\/d1xxa24wwackpg.cloudfront.net\/wp-content\/uploads\/2017\/11\/07142634\/Norma-Helena-%EF%80%A0-Soy-un-Volc%C3%A1n-%EF%80%A0-2.jpg 261w, https:\/\/d1xxa24wwackpg.cloudfront.net\/wp-content\/uploads\/2017\/11\/07142634\/Norma-Helena-%EF%80%A0-Soy-un-Volc%C3%A1n-%EF%80%A0-2.jpg 600w\" sizes=\"(max-width: 500px) 100vw, 500px\" \/><\/a><figcaption id=\"caption-attachment-38510\" class=\"wp-caption-text\">Norma Helena a los seis meses de vida, en brazos de su madre Carmencita.<\/figcaption><\/figure>\n<p style=\"text-align: center;\">***<\/p>\n<p>\u201cEs una mujer que vive con intensidad\u00bb, asegura Eduardo Araica, el guitarrista con quien ha trabajado hace 16 a\u00f1os. Aunque tambi\u00e9n reconoce que antes de salir al escenario se pone \u00abmuy nerviosa\u00bb. Tambi\u00e9n es molesta cuando algo no le parece. \u00ab\u00a1Uy! Cuando est\u00e1 molesta mejor hay que corr\u00e9rsele porque es un volc\u00e1n en erupci\u00f3n, mejor dejo que pase la tempestad\u00bb, dice entre risas.<\/p>\n<p>Actualmente, Norma Helena vive en Lomas de Monserrat en una casa que describe como \u00abla m\u00e1s fea de la colonia\u00bb. La pintura se est\u00e1 descascarando y cuando se entra se respira olor a tierra mojada. Mientras Candelaria, su \u00fanica hija, conversa por tel\u00e9fono, Norma Helena se muestra c\u00e1ndida, cari\u00f1osa y sonriente en el sof\u00e1 de mimbre de su casa. Ya ha encendido el segundo cigarrillo.<\/p>\n<p>\u2014\u00bfC\u00f3mo es Norma Helena?<\/p>\n<p>\u2014Soy un volc\u00e1n de explosivo, lleno de sentimientos y de canciones y de m\u00fasica. Eso es lo que yo siento en la vida y en el escenario.<\/p>\n<p>\u2014\u00bfQu\u00e9 sue\u00f1os le hacen falta por cumplir?<\/p>\n<p>\u2014Tengo ganas de grabar muchos conceptos. \u2014Su voz se escucha cansada\u2014. Le debo a mi pueblo un disco de m\u00fasica nicarag\u00fcense. Ya hice el disco de Navidad y La Pur\u00edsima. Con la ayuda de mi hermano lo hice, nos fajamos, aunque todav\u00eda estamos endeudados. Tengo un sue\u00f1o de hacer un disco de tangos, de boleros&#8230; Dios me dio la oportunidad de cantar de todo.<\/p>\n<p>\u2014\u00bfCu\u00e1les son los miedos de Norma Helena?<\/p>\n<p>\u2014Ay&#8230; Ahora le temo a la muerte, un poco \u2014murmura\u2014 aunque cada d\u00eda la asimilo m\u00e1s. Temo la muerte de mis seres queridos, al dolor de las ausencias.<\/p>\n<p>\u2014\u00bfCree que hay Norma Helena para rato?<\/p>\n<p>\u2014Yo creo que s\u00ed. Si Dios me da vida estar\u00e9 viejita y cantando. Lo que s\u00ed me puede traicionar es mi salud. Yo tengo una fuerza espiritual enorme, pero la fuerza f\u00edsica me enga\u00f1a.<\/p>\n<p>\u2014\u00bfPiensa en su retiro?<\/p>\n<p>\u2014No le pongo fecha a mi retiro, pero s\u00e9 que se acerca.<\/p>\n<p style=\"text-align: center;\">***<\/p>\n<p>En el amor, dice haber sido t\u00edmida, no muy coqueta y de pocos novios, no porque quisiera, sino porque su padre era muy celoso. \u00a1Eso s\u00ed! Fue muy fiestera de joven. Su paradero los fines de semana era el Club Social de Ocotal. Pero esas destrezas quedaron en el camino. \u00abAhora me canso mucho\u00bb, afirma.<\/p>\n<p>Aunque s\u00ed conoci\u00f3 el amor y lo encontr\u00f3 en M\u00e9xico en un festival donde participaban cantantes de la talla de Soledad Bravo y Amparo Ochoa. \u00abYo estaba cantando en el escenario cuando de repente siento que cay\u00f3 a mis pies una chaqueta. Mir\u00e9 a un muchacho que estaba haciendo de todo por lograr llegar al escenario y lo logr\u00f3: era \u00e9l\u00bb, recuerda Gadea con una sonrisa llena de recuerdos. \u00abA m\u00ed me gust\u00f3. Fue instant\u00e1neo\u00bb, reconoce. A los dos meses de conocerse el mexicano Salvador Rivera estaba en Nicaragua, fecha en la que se casaron. \u00abLa vida me puso enfrente al amor y lo am\u00e9\u00bb, dice Norma Helena, quien ahora prescinde del amor de una pareja, pero que asegura no le hace falta.<\/p>\n<p>El d\u00eda de su casamiento dice que fue de locos. \u00abNos casamos de civil, mis padrinos fueron Carlos Mej\u00eda Godoy y su esposa Eveling, que ya muri\u00f3; un matrimonio chileno y Omar Cabezas. Carlos Mej\u00eda hizo una firma como que estaba dando un aut\u00f3grafo. Despu\u00e9s salimos a ponerles flores a todos los monumentos y mi hermano le peg\u00f3 un mont\u00f3n de latas al carro\u00bb, relata. Ni siquiera sabe si se cas\u00f3 de verdad o de mentira.<\/p>\n<p>Tuvo una hija: Candelaria, y su tiempo de embarazo fue para ella la \u00e9poca que m\u00e1s bella se sinti\u00f3. \u00abDisfrut\u00e9 mucho de mi embarazo, me sent\u00ed la mujer m\u00e1s linda del mundo\u00bb, dice entre risas.<\/p>\n<p>A diferencia de don Heriberto, quien era muy celoso con Norma Helena, Candelaria dice que su mam\u00e1 es una \u00absuegra\u00bb tranquila. \u00abNo es de las que ahuyenta a los muchachos, al contrario, se pone a platicar con ellos\u00bb, afirma, esta chica que de paso asegur\u00f3 que la relaci\u00f3n que tiene con su madre ha sido llena de comunicaci\u00f3n y confianza.<\/p>\n<figure id=\"attachment_38509\" aria-describedby=\"caption-attachment-38509\" style=\"width: 700px\" class=\"wp-caption aligncenter\"><a href=\"https:\/\/gep90.laprensa.com.ni\/magazine\/wp-content\/uploads\/2017\/11\/Norma-Helena-\uf020-Soy-un-Volc\u00e1n-\uf020-5.jpg\"><img decoding=\"async\" class=\"wp-image-38509 size-full\" src=\"https:\/\/gep90.laprensa.com.ni\/magazine\/wp-content\/uploads\/2017\/11\/Norma-Helena-\uf020-Soy-un-Volc\u00e1n-\uf020-5.jpg\" alt=\"Foto: Diana Nivia\" width=\"700\" height=\"475\" srcset=\"https:\/\/d1xxa24wwackpg.cloudfront.net\/wp-content\/uploads\/2017\/11\/07142635\/Norma-Helena-%EF%80%A0-Soy-un-Volc%C3%A1n-%EF%80%A0-5.jpg 700w, https:\/\/d1xxa24wwackpg.cloudfront.net\/wp-content\/uploads\/2017\/11\/07142635\/Norma-Helena-%EF%80%A0-Soy-un-Volc%C3%A1n-%EF%80%A0-5.jpg 300w, https:\/\/d1xxa24wwackpg.cloudfront.net\/wp-content\/uploads\/2017\/11\/07142635\/Norma-Helena-%EF%80%A0-Soy-un-Volc%C3%A1n-%EF%80%A0-5.jpg 600w\" sizes=\"(max-width: 700px) 100vw, 700px\" \/><\/a><figcaption id=\"caption-attachment-38509\" class=\"wp-caption-text\">Ha compartido escenario con Silvio Rodr\u00edguez, Mercedes Sosa, Pablo Milan\u00e9s, pero tambi\u00e9n con artistas nacionales como Carlos Mej\u00eda Godoy y Luis Enrique Mej\u00eda.<\/figcaption><\/figure>\n<p style=\"text-align: center;\">***<\/p>\n<p>En las aventuras de su vida a Gadea le gust\u00f3 conocer a los grandes de la m\u00fasica y el arte. Con algunos a\u00fan mantiene una relaci\u00f3n de amistad. \u00abMe encant\u00f3 conocer a Cort\u00e1zar en esa situaci\u00f3n tan espectacular. Tambi\u00e9n a Amparo Ochoa, Silvio Rodr\u00edguez, Pablo Mil\u00e1nes, a&#8230;\u00bb Interrumpe. Se r\u00ede. \u00abAy Dios m\u00edo ya se me olvidan las cosas\u00bb, dice mientras pasa la mano izquierda por su cabeza en un intento por recordar. \u00ab\u00a1Ah! Ya s\u00e9&#8230; Eduardo Galeano\u00bb, dice con una voz cansada.<\/p>\n<p>\u00ab\u00a1Este calor me est\u00e1 matando!\u00bb, se queja, mientras seca el sudor. Sigue rememorando sus andanzas. \u00abCompart\u00ed escenario con Mercedes Sosa, tambi\u00e9n con Silvio Rodr\u00edguez, aunque \u00e9l no debe siquiera de acordarse. Fue en los 80 en Espa\u00f1a en un concierto masivo\u00bb, asegura.<\/p>\n<p>Y qui\u00e9n dir\u00eda que a esta int\u00e9rprete que deleit\u00f3 al p\u00fablico con trovas, tangos y boleros, podr\u00eda gustarle el rock. \u00abMi hermano me ha ense\u00f1ado a apreciar toda la m\u00fasica\u00bb, confiesa. \u00abMy Chemical Romance (banda gringa de rock alternativo) me gusta mucho, me eriza, me fascina, es un grupazo espectacular\u00bb, dice mientras su hija Candelaria simplemente sonr\u00ede porque ese es uno de sus grupos favoritos. Tambi\u00e9n dice que le gusta la banda de rock nicarag\u00fcense Malos H\u00e1bitos. \u00a1Eso s\u00ed! Los reguetones que insultan a las mujeres le parecen detestables.<\/p>\n<p>\u2014\u00a1Cande! \u00bfC\u00f3mo se llama el que me gusta de la cima del cielo? \u2014pregunta a su hija, mientras enciende el tercer cigarrillo. Murmura\u2014. Creo que tengo alzh\u00e9imer, jajaja&#8230;<\/p>\n<p>\u2014\u00bfMontaner? \u2014dice su hija.<\/p>\n<p>\u2014\u00a1Ah! S\u00ed. Ricardo Montaner me gusta mucho.<\/p>\n<p style=\"text-align: center;\">***<\/p>\n<p>Despu\u00e9s de la derrota del FSLN tuvo que ganarse la vida cantando, era lo \u00fanico que sab\u00eda hacer. \u00abHay artistas que se manejan muy bien econ\u00f3micamente, pero yo nunca aprend\u00ed\u00bb, asegura con un rostro que refleja impotencia.<\/p>\n<p>\u2014\u00bfPor qu\u00e9 no aprendi\u00f3?<\/p>\n<p>\u2014No lo conceb\u00eda. Me qued\u00e9 sin carrera, sin saber nada m\u00e1s que hacer que cantar, entonces ten\u00eda que cobrar y vivir de eso, pero para m\u00ed es un terreno desconocido. Y creo que debo tener a alguien que lo haga por m\u00ed.<\/p>\n<p>\u2014\u00bfQui\u00e9n lo hace por usted?<\/p>\n<p>\u2014\u00a1Nadie! (se r\u00ede) Lo sigo haciendo yo y me cuesta mucho. Por eso he pasado dificultades econ\u00f3micas. No s\u00e9 vender esto, me da pena decir cu\u00e1nto cobro. Quiz\u00e1s a veces cobro algo normal, pero la gente cree que es muy caro.<\/p>\n<p>La primera vez que cobr\u00f3 por cantar fue en 1990 en un encuentro de primeras damas cuando ya era presidenta do\u00f1a Violeta Barrios de Chamorro. Cuenta que no ten\u00eda ni idea de cu\u00e1nto cobrar, porque durante la revoluci\u00f3n lo hizo por amor al arte. Pregunt\u00f3 y le dijeron que unos 500 d\u00f3lares. As\u00ed fue. Ese fue el primer pago que recibi\u00f3.<\/p>\n<p>Y las dificultades econ\u00f3micas no han sido las \u00fanicas que ha vivido Norma Helena.<\/p>\n<p>El tormento de su vida ha sido la gordura. Padece de hipertiroidismo, enfermedad con la que ha cargado desde muy joven. \u00abSiempre he sido gorda. Fui una muchachota grandota. Aunque no me gusta ser como soy, tengo que aceptarme. No vendo una figura, vendo un sentimiento a trav\u00e9s de mi voz\u00bb, expresa.<\/p>\n<p>De hecho, considera que su vida ha sido una permanente lucha. \u00abHe luchado contra la discriminaci\u00f3n por ser gorda, contra la depresi\u00f3n, el hipertiroidismo, por mi dignidad de mujer. Y ah\u00ed voy&#8230; ah\u00ed voy. Tambi\u00e9n lucho contra la rabia que me da pensar que en este pa\u00eds vienen 5 o 6 artistas internacionales y qui\u00e9n sabe cu\u00e1nto dinero ganan\u00bb, dice indignada.<\/p>\n<p>Pero ello no impide que en el escenario se entregue, porque seg\u00fan ella, ese es el \u00fanico lugar donde se puede mostrar tal y como es. Asegura que se le olvida que est\u00e1 gorda, enferma y surge la artista que muestra el alma a trav\u00e9s de la voz.<\/p>\n<p>Y esas canciones de Silvio Rodr\u00edguez, Mercedes Sosa o Carlos Mej\u00eda Godoy que interpreta en el escenario la hacen sentir viva.<\/p>\n<p>\u2014\u00bfSatisfecha con lo que ha logrado en su vida?<\/p>\n<p>\u2014S\u00ed. Aunque en algunas cosas quiz\u00e1s me he sentido un poco desencantada.<\/p>\n<p>\u2014\u00bfQu\u00e9 le hace falta vivir para sentir que hizo todo en su vida?<\/p>\n<p>\u2014(Suspira) Me hace falta saber qu\u00e9 es ser abuela. Tambi\u00e9n conocer qu\u00e9 es vivir en paz.<\/p>\n<figure id=\"attachment_38513\" aria-describedby=\"caption-attachment-38513\" style=\"width: 700px\" class=\"wp-caption aligncenter\"><a href=\"https:\/\/gep90.laprensa.com.ni\/magazine\/wp-content\/uploads\/2017\/11\/Norma-Helena-\uf020-Soyxcx-un-Volc\u00e1n-\uf020-2.jpg\"><img decoding=\"async\" class=\"wp-image-38513 size-full\" src=\"https:\/\/gep90.laprensa.com.ni\/magazine\/wp-content\/uploads\/2017\/11\/Norma-Helena-\uf020-Soyxcx-un-Volc\u00e1n-\uf020-2.jpg\" alt=\"\" width=\"700\" height=\"568\" srcset=\"https:\/\/d1xxa24wwackpg.cloudfront.net\/wp-content\/uploads\/2017\/11\/07142631\/Norma-Helena-%EF%80%A0-Soyxcx-un-Volc%C3%A1n-%EF%80%A0-2.jpg 700w, https:\/\/d1xxa24wwackpg.cloudfront.net\/wp-content\/uploads\/2017\/11\/07142631\/Norma-Helena-%EF%80%A0-Soyxcx-un-Volc%C3%A1n-%EF%80%A0-2.jpg 300w, https:\/\/d1xxa24wwackpg.cloudfront.net\/wp-content\/uploads\/2017\/11\/07142631\/Norma-Helena-%EF%80%A0-Soyxcx-un-Volc%C3%A1n-%EF%80%A0-2.jpg 600w\" sizes=\"(max-width: 700px) 100vw, 700px\" \/><\/a><figcaption id=\"caption-attachment-38513\" class=\"wp-caption-text\">En el Teatro Nacional Rub\u00e9n Dar\u00edo junto a Mercedes Sosa, \u00edcono del canto latinoamericano.<\/figcaption><\/figure>\n<p><strong>Sus discos<\/strong><\/p>\n<p>Ha grabado <em>Flor de pino<\/em>, <em>Cuando venga la paz<\/em>, <em>Lo esencial<\/em>, <em>Gracias a la vida<\/em>, <em>Cantos de diciembre<\/em> y ha participado en muchos otros colectivos. Tiene en mente grabar otros, pero seg\u00fan su hija Candelaria muchas veces su madre se queda en los proyectos. \u00abYo soy de las que digo algo y lo hago, mientras que mi mam\u00e1 piensa las cosas, pero en ocasiones no las hace\u00bb, dice Candelaria, asegurando que esa ha sido una de las diferencias que ha tenido con su mam\u00e1.<\/p>\n","protected":false},"excerpt":{"rendered":"<p>A sus 51 a\u00f1os confiesa que su primer amor fue la revoluci\u00f3n, el martirio de su vida ser gorda y su m\u00e1s grande temor la muerte. Aunque la m\u00fasica no le ha pagado bien en \u00abcosas de dinero\u00bb, ha sido muy feliz con ella. Intensa, apapachadora y muy sentimental, as\u00ed se describe esta cantante. Conozca a esta int\u00e9rprete fuera del escenario<\/p>\n","protected":false},"author":46,"featured_media":38508,"comment_status":"open","ping_status":"open","sticky":false,"template":"","format":"standard","meta":{"_acf_changed":false,"footnotes":""},"categories":[26],"tags":[],"class_list":["post-38506","post","type-post","status-publish","format-standard","has-post-thumbnail","hentry","category-reportajes"],"acf":[],"_links":{"self":[{"href":"https:\/\/staging.laprensanic.com\/magazine\/wp-json\/wp\/v2\/posts\/38506","targetHints":{"allow":["GET"]}}],"collection":[{"href":"https:\/\/staging.laprensanic.com\/magazine\/wp-json\/wp\/v2\/posts"}],"about":[{"href":"https:\/\/staging.laprensanic.com\/magazine\/wp-json\/wp\/v2\/types\/post"}],"author":[{"embeddable":true,"href":"https:\/\/staging.laprensanic.com\/magazine\/wp-json\/wp\/v2\/users\/46"}],"replies":[{"embeddable":true,"href":"https:\/\/staging.laprensanic.com\/magazine\/wp-json\/wp\/v2\/comments?post=38506"}],"version-history":[{"count":14,"href":"https:\/\/staging.laprensanic.com\/magazine\/wp-json\/wp\/v2\/posts\/38506\/revisions"}],"predecessor-version":[{"id":54476,"href":"https:\/\/staging.laprensanic.com\/magazine\/wp-json\/wp\/v2\/posts\/38506\/revisions\/54476"}],"wp:featuredmedia":[{"embeddable":true,"href":"https:\/\/staging.laprensanic.com\/magazine\/wp-json\/wp\/v2\/media\/38508"}],"wp:attachment":[{"href":"https:\/\/staging.laprensanic.com\/magazine\/wp-json\/wp\/v2\/media?parent=38506"}],"wp:term":[{"taxonomy":"category","embeddable":true,"href":"https:\/\/staging.laprensanic.com\/magazine\/wp-json\/wp\/v2\/categories?post=38506"},{"taxonomy":"post_tag","embeddable":true,"href":"https:\/\/staging.laprensanic.com\/magazine\/wp-json\/wp\/v2\/tags?post=38506"}],"curies":[{"name":"wp","href":"https:\/\/api.w.org\/{rel}","templated":true}]}}