{"id":38622,"date":"2017-11-13T09:36:22","date_gmt":"2017-11-13T15:36:22","guid":{"rendered":"https:\/\/www.magazine.com.ni\/?p=38622"},"modified":"2019-09-04T12:07:28","modified_gmt":"2019-09-04T18:07:28","slug":"el-cardon-la-isla-del-poema","status":"publish","type":"post","link":"https:\/\/staging.laprensanic.com\/magazine\/reportajes\/el-cardon-la-isla-del-poema\/","title":{"rendered":"El Card\u00f3n, la isla del poema"},"content":{"rendered":"<p style=\"text-align: center;\">No solo Rub\u00e9n Dar\u00edo estuvo en El Card\u00f3n. Piratas, leprosos, marines norteamericanos y guerrilleros sandinistas estuvieron tambi\u00e9n ah\u00ed. Esta es la historia de una isla que se desvanece en el olvido<\/p>\n<p style=\"text-align: center;\">Por Tammy Zoad Mendoza M.<\/p>\n<p>Cuatro gallinas ponedoras, un gallo pinto, una perra blanca, Jos\u00e9 Ch\u00e9vez y Gerson Rojas, padre e hijo, de 59 y 32 respectivamente. Si se censara ahora mismo la isla El Card\u00f3n, frente a Corinto, Chinandega, adem\u00e1s de sus dos habitantes humanos, su mascota y sus aves de crianza, har\u00edan falta en la lista animal culebras, cangrejos y cucarachas de mar. Los jejenes y mosquitos no se ven entre la maleza que se alza en invierno, pero ah\u00ed est\u00e1n en multitud, chupado sangre a todo el que va llegando. Dicen que hay cusucos, pero hace rato que no ven uno por aqu\u00ed. Las aves que solo hacen parada o pernoctan por temporadas en los \u00e1rboles podr\u00edan considerarse visitantes de paso.<\/p>\n<p>Desde hace tres a\u00f1os Jos\u00e9 Ch\u00e9vez y su hijo viven en la isla cuidando el faro, una estructura de m\u00e1s de 15 metros, que sirve de gu\u00eda para las embarcaciones que se dirigen al puerto de Corinto, considerado el principal puerto comercial del pa\u00eds y el segundo en importancia por arribo de cruceros tur\u00edsticos. Pero casi nadie viene a El Card\u00f3n, dice Gerson Rojas.<\/p>\n<p>\u201cUna vez al mes o cada dos meses quiz\u00e1 viene gente de fuera en lancha, pero cuando se asoman ven todo pelado si es verano o el montarascal si es invierno, y ah\u00ed no m\u00e1s se regresan. Ni se bajan y se hacen las fotos desde la lancha, con el faro y Dar\u00edo de fondo\u201d, dice Rojas. El <a href=\"https:\/\/www.laprensa.com.ni\/magazine\/reportaje\/el-cerebro-del-poeta\/\">Rub\u00e9n Dar\u00edo<\/a> del que habla es un gigante de bronce que est\u00e1 parado sobre una base de concreto, instalado en 2008 a un costado de la isla, frente al faro, como un homenaje al poeta nicarag\u00fcense y en alusi\u00f3n a la famosa an\u00e9cdota de su estad\u00eda en la isla, en 1908, cuando se inspirar\u00eda para componer el poema <em>A Margarita Debayle<\/em>.<\/p>\n<p>Pero ni ese fue el \u00fanico escrito de Dar\u00edo inspirado o dedicado a El Card\u00f3n, ni \u00e9l fue el \u00fanico, aunque s\u00ed el m\u00e1s c\u00e9lebre, visitante y hu\u00e9sped de la isla. \u201cDicen que aqu\u00ed estuvieron los piratas, que fue c\u00e1rcel, centro de torturas y que antes la gente ven\u00eda a vacacionar en verano\u201d, comenta Gerson quien en uno de los tantos ratos de ocio se dedic\u00f3 a buscar en internet, desde su celular, cualquier informaci\u00f3n relacionada con El Card\u00f3n. En una hoja de cuaderno anot\u00f3 fechas y acontecimientos, y eso se convirti\u00f3 en una suerte de guion tur\u00edstico que recita a los visitantes que se animan a bajar de las lanchas y subir cinco metros en escaleras para pisar la isla emplazada en una base de rocas negras.<\/p>\n<p>\u201cAqu\u00ed lo que m\u00e1s vienen buscando es la casa donde estuvo el Pr\u00edncipe de las Letras Castellanas, Rub\u00e9n Dar\u00edo, donde escribi\u00f3 <em>A Margarita Debayle<\/em> mientras estaba hospedado en la casa de los Debayle\u201d, repite Gerson las l\u00edneas que aprendi\u00f3 de memoria. Pero la casa no era de los Debayle, desde su construcci\u00f3n en 1894 siempre fue propiedad del Estado, la isla nunca fue centro de tortura, o al menos no hay registro de ello, aunque de esas vacaciones s\u00ed hay quienes pueden dar fe. Varias generaciones de corinte\u00f1os han pasado ah\u00ed al menos alg\u00fan verano, han llegado a arrancar las cucarachas de mar que se incrustan en las rocas para luego preparar ex\u00f3ticos cebiches o por curiosidad han ido a ver de cerca al Rub\u00e9n Dar\u00edo gigant\u00f3n que los ve desde la isla vestido de gala.<\/p>\n<p>\u201cEl que no ha venido es porque no quiere, aunque no hay mucho que hacer aqu\u00ed, nada dir\u00eda yo, que llevo tres a\u00f1os en la isla. Si pusieran un parque o hubieran enramadas, con que vinieran a rozar el monte ya es algo para que se vea mejor y la gente se baje a tomarse fotos con el faro y con el poeta\u201d, rezonga Gerson Rojas, quien a veces resiente la soledad en esta isla que va quedando en el abandono.<\/p>\n<figure id=\"attachment_38631\" aria-describedby=\"caption-attachment-38631\" style=\"width: 700px\" class=\"wp-caption aligncenter\"><img fetchpriority=\"high\" decoding=\"async\" class=\"size-full wp-image-38631\" src=\"https:\/\/gep90.laprensa.com.ni\/magazine\/wp-content\/uploads\/2017\/11\/275-MAG-CardonFarero.jpg\" alt=\"Gerson Rojas, de 32 a\u00f1os, desde hace tres a\u00f1os acompa\u00f1a a su padre Jos\u00e9 Ch\u00e9vez a cuidar el faro de la isla. Foto Oscar Navarrete.\" width=\"700\" height=\"467\" srcset=\"https:\/\/d1xxa24wwackpg.cloudfront.net\/wp-content\/uploads\/2017\/11\/07142526\/275-MAG-CardonFarero.jpg 700w, https:\/\/d1xxa24wwackpg.cloudfront.net\/wp-content\/uploads\/2017\/11\/07142526\/275-MAG-CardonFarero.jpg 300w\" sizes=\"(max-width: 700px) 100vw, 700px\" \/><figcaption id=\"caption-attachment-38631\" class=\"wp-caption-text\">Gerson Rojas, de 32 a\u00f1os, desde hace tres a\u00f1os acompa\u00f1a a su padre Jos\u00e9 Ch\u00e9vez a cuidar el faro de la isla. Foto Oscar Navarrete.<\/figcaption><\/figure>\n<p style=\"text-align: center;\">***<\/p>\n<p>\u201c\u2018Tomo posesi\u00f3n de esta tierra en nombre del rey\u2019, dec\u00edan\u201d, cuenta Marvin Saballos, y patea el piso como lo habr\u00eda hecho Ant\u00f3n Mayor aquel d\u00eda de febrero de 1523 al llegar a El Card\u00f3n. Cuando aqu\u00ed todo eran tierras de nadie el piloto mayor del rey, Andr\u00e9s Ni\u00f1o, sali\u00f3 de Panam\u00e1 con la misi\u00f3n de buscar un estrecho que conectara el Pac\u00edfico con el Atl\u00e1ntico. El rey les hab\u00eda dado la concesi\u00f3n de navegar mil leguas al norte y surcando el mar llegaron hasta lo que hoy ser\u00eda Corinto, en busca de <a href=\"https:\/\/www.laprensa.com.ni\/magazine\/reportaje\/ciudades-hermanas\/\">nuevas tierras de conquista<\/a> y para desarrollar sus pasos de comercio, misi\u00f3n que compart\u00eda con Gil Gonz\u00e1lez D\u00e1vila.<\/p>\n<p>Eran tres nav\u00edos y al acercarse al primer islote, el capit\u00e1n Ant\u00f3n Mayor es designado para el acto de toma de las tierras. Llegaron a la boca de entrada que forma El Card\u00f3n y se acercaron a la isla. El capit\u00e1n se baj\u00f3, pis\u00f3 tierra, la pate\u00f3 fuerte, cort\u00f3 unas ramas y las arroj\u00f3.<\/p>\n<p>\u201c\u00bfQu\u00e9 hac\u00e9s vos en tu propiedad? \u00a1Lo que vos querr\u00e1s! Sin nadie que se opusiera a esa declaraci\u00f3n iban proclamando suyo el territorio\u201d, explica Saballos, soci\u00f3logo corinte\u00f1o que ha dedicado parte de su vida a la investigaci\u00f3n hist\u00f3rica. La toma de posesi\u00f3n del territorio y el bautizo del r\u00edo la Posesi\u00f3n est\u00e1n registrados en las bit\u00e1coras de expedici\u00f3n de Andr\u00e9s Ni\u00f1o, los informes del tesorero Andr\u00e9s de Cereceda y en las narraciones de Francisco L\u00f3pez de Gomara.<\/p>\n<p>En un mapa de la villa de El Realejo que data de 1673, se representa a El Card\u00f3n en el punto \u201cpor donde entran las naos\u201d (nav\u00edos), para diferenciarlo de la llamada \u201cboca falsa\u201d que se forma al sur. \u201cEn ese mapa de Archivo General de Indias no aparece con nombre, luego se le llam\u00f3 El Card\u00f3n y no se sabe por qu\u00e9, pero se qued\u00f3 as\u00ed con el nombre y la funci\u00f3n de punto de defensa natural y pol\u00edtica\u201d, puntualiza Marvin Saballos.<\/p>\n<p>Las embarcaciones anclaban frente a la isla y una delegaci\u00f3n bajaba en bote para ir a dar aviso a las autoridades en la villa de El Realejo que hab\u00eda llegado barco de carga. Las autoridades, tambi\u00e9n en bote, sal\u00edan al encuentro de la embarcaci\u00f3n. Mientras la log\u00edstica del ir y venir ocurr\u00eda, desde el barco sal\u00edan otros botes con el contrabando que llegaba a tierra antes que las autoridades pudieran hacer su inspecci\u00f3n, cuenta Manuel Rubio S\u00e1nchez en su libro <em>Historial de El Realejo<\/em>.<\/p>\n<p>Esta fue una de las razones por las cuales el 20 de diciembre de 1858 el presidente de Nicaragua, Tom\u00e1s Mart\u00ednez, ordena el traslado de la aduana de El Realejo a Punta Icacos, luego rebautizada como Corinto. Con la nueva ciudad puerto de f\u00e1cil acceso, la isla El Card\u00f3n aumenta su importancia como protecci\u00f3n natural ante el oleaje, pero tambi\u00e9n como un punto de vigilancia, gu\u00eda y defensa del nuevo puerto.<\/p>\n<figure id=\"attachment_38632\" aria-describedby=\"caption-attachment-38632\" style=\"width: 700px\" class=\"wp-caption aligncenter\"><img decoding=\"async\" class=\"size-full wp-image-38632\" src=\"https:\/\/gep90.laprensa.com.ni\/magazine\/wp-content\/uploads\/2017\/11\/275-MAG-CardonMarvin.jpg\" alt=\"Marvin Saballos, de 66 a\u00f1os, ha investigado para rescatar la historia olvidada de Corinto. Foto Oscar Navarrete. \" width=\"700\" height=\"467\" srcset=\"https:\/\/d1xxa24wwackpg.cloudfront.net\/wp-content\/uploads\/2017\/11\/07142525\/275-MAG-CardonMarvin.jpg 700w, https:\/\/d1xxa24wwackpg.cloudfront.net\/wp-content\/uploads\/2017\/11\/07142525\/275-MAG-CardonMarvin.jpg 300w\" sizes=\"(max-width: 700px) 100vw, 700px\" \/><figcaption id=\"caption-attachment-38632\" class=\"wp-caption-text\">Marvin Saballos, de 66 a\u00f1os, ha investigado para rescatar la historia olvidada de Corinto. Foto Oscar Navarrete.<\/figcaption><\/figure>\n<p style=\"text-align: center;\">***<\/p>\n<p>El faro que Gerson y su pap\u00e1 cuidan tiene 139 a\u00f1os. Desde 1878 que se construy\u00f3 el faro gu\u00eda principal ha estado en funciones y ahora es propiedad de la Empresa Portuaria Nacional. Es a la Portuaria a quien Jos\u00e9 Ch\u00e9vez y Gerson Rojas le rinden cuentas de lo que pasa en la isla. Los reportes siempre son de alg\u00fan ave que se estrella en el foco y lo da\u00f1a, cuando la bater\u00eda que almacena la energ\u00eda se aver\u00eda o para dar mantenimiento al panel solar.<\/p>\n<p>Ellos son los soberanos del lugar, pero a diferencia del capit\u00e1n Ant\u00f3n Mayor que hace casi 500 a\u00f1os sacudi\u00f3 la tierra y cort\u00f3 ramas para proclamarla suya, ellos se limitan a mantener despejado el sendero que conecta su casa de latones y madera con el campo en el extremo noroeste de la isla. Un radio, un foco y un machete son su equipo de trabajo. Ni siquiera tienen lancha propia o a disposici\u00f3n por si necesitaran salir de emergencia. Para ir a Corinto por provisiones, piden un avent\u00f3n a los pescadores que pasan. Para regresar, deben esperar a la medianoche cuando salen los pescadores a tender sus atarrayas en el mar o en la madrugada cuando vuelven a recogerlas.<\/p>\n<p>Tienen sus tareas distribuidas. Gerson roza el monte y su padre teje hamacas que cuelgan como telara\u00f1as de los \u00e1rboles frente a la casa. Hay al menos seis, dos en uso y las otras colgadas como capullos abandonados en los \u00e1rboles. \u201cCuando vienen excursiones de estudiantes se acuestan en las hamacas y las rompen. Uno no les dice nada\u201d, cuenta Gerson.<\/p>\n<p>Lo malo de que lleguen visitas como excursiones de estudiantes o grupos grandes es tener que andar pendiente de que no tiren basura, que no intenten pasar al faro y que no molesten a las gallinas, pero reconoce que las visitas le hacen falta. Lo distraen en medio de la soledad eterna en esta isla.<\/p>\n<p>Las visitas especiales de candidatas a reinas de esto o aquello son casi una fiesta. Hermosas j\u00f3venes arregladas como para fiesta que se derriten mientras posan frente al gigante Dar\u00edo, c\u00e1maras fotogr\u00e1ficas, refrigerios. L\u00e1stima que la \u00faltima vez que vinieron Gerson estaba en Corinto descansando y buscando provisiones.<\/p>\n<p>Ahora es su padre el que anda en el pueblo visitando a su madre y Gerson no sabe cu\u00e1ndo vuelve. \u00c9l debe permanecer cuidando el faro. Tiene arroz y frijoles guardados, las gallinas parecen turnarse para poner huevos, as\u00ed que la comida no falta. El problema es el agua potable. Vivir en una isla con poca vegetaci\u00f3n, de tierra no muy f\u00e9rtil y con el espejo del mar peg\u00e1ndoles por todos lados cuando el sol corona el cielo, hace que se deshidraten con facilidad. La sed aqu\u00ed se vuelve insaciable.<\/p>\n<p>Los d\u00edas son todos iguales. Se levantan, toman caf\u00e9, alimentan a las gallinas, dan vueltas por ah\u00ed. A mediod\u00eda lo mejor es estar bajo los \u00e1rboles frente a la casa para capear el sol y el calor que se vuelve asfixiante cuando la humedad aumenta. A veces van a recoger cangrejos, peces o cucarachas de mar.<\/p>\n<p>En una cocina de le\u00f1a preparan los alimentos que comparten con la perrita blanca que les sirve m\u00e1s de compa\u00f1era que de guardiana. A media tarde quedan sumidos en un estado de sopor y tratan de espantar el calor y espabilarse con un viejo abanico que chirr\u00eda al girar. Cuando llega la noche deben entrar en la casa antes que los zancudos y los jejenes cenen con ellos.<\/p>\n<p>Escuchan m\u00fasica, ven algunos programas de televisi\u00f3n nacional o Gerson revisa su Facebook. Menos mal tienen un panel solar y una bater\u00eda que almacena energ\u00eda para sus aparatos. Gerson no se imagina c\u00f3mo viv\u00edan los anteriores guardafaros sin energ\u00eda el\u00e9ctrica.<\/p>\n<p>\u201cA m\u00ed me gusta la tranquilidad de estar aqu\u00ed, pero uno tambi\u00e9n necesita distraerse, sobre todo compa\u00f1\u00eda\u201d, reconoce Rojas. \u00c9l ha llevado de visita a un par de novias, pero ninguna soporta estar en la isla m\u00e1s de una semana. \u201cSe aburren y se van en la primera lancha que consiguen\u201d.<\/p>\n<figure id=\"attachment_38633\" aria-describedby=\"caption-attachment-38633\" style=\"width: 700px\" class=\"wp-caption aligncenter\"><img decoding=\"async\" class=\"size-full wp-image-38633\" src=\"https:\/\/gep90.laprensa.com.ni\/magazine\/wp-content\/uploads\/2017\/11\/275-MAG-CardonGalli.jpg\" alt=\"Gerson Rojas dice vivir tranquilo en la isla, aunque a veces extra\u00f1a las visitas de turistas. Foto Oscar Navarrete.\" width=\"700\" height=\"467\" srcset=\"https:\/\/d1xxa24wwackpg.cloudfront.net\/wp-content\/uploads\/2017\/11\/07142524\/275-MAG-CardonGalli.jpg 700w, https:\/\/d1xxa24wwackpg.cloudfront.net\/wp-content\/uploads\/2017\/11\/07142524\/275-MAG-CardonGalli.jpg 300w\" sizes=\"(max-width: 700px) 100vw, 700px\" \/><figcaption id=\"caption-attachment-38633\" class=\"wp-caption-text\">Gerson Rojas dice vivir tranquilo en la isla, aunque a veces extra\u00f1a las visitas de turistas. Foto Oscar Navarrete.<\/figcaption><\/figure>\n<p style=\"text-align: center;\">***<\/p>\n<p>\u201c Cu\u00e1ntas veces me despertaron ansias desconocidas y misteriosos ensue\u00f1os las fragatas y bergantines que se iban con las velas desplegadas por el golfo azul, con rumbo a la fabulosa Europa. En muchas ocasiones fui al puerto, en peque\u00f1as barcas, por los esteros y manglares, poblados de grandes almejas y cangrejos, y me iba a admirar al c\u00f3nsul ingl\u00e9s, Miller, que persegu\u00eda a balazos con su Winchester a los tiburones\u201d, escribir\u00eda Rub\u00e9n Dar\u00edo en su autobiograf\u00eda refiri\u00e9ndose a los viajes que hizo en su infancia rumbo a Corinto, donde dos primos de su madre le recib\u00edan.<\/p>\n<p>A Corinto volvi\u00f3 hasta 1908 como poeta consagrado, intelectual y distinguido diplom\u00e1tico, pero estas vacaciones eran para purgar sus penas. Hab\u00eda llegado a Nicaragua en noviembre de 1907 con dos prop\u00f3sitos: conseguir el divorcio de Rosario Murillo y lograr su nombramiento diplom\u00e1tico. Era c\u00f3nsul en Par\u00eds, pero quer\u00eda ser embajador oficial en Espa\u00f1a. No logra divorciarse y aunque el presidente Jos\u00e9 Santos Zelaya le otorga el cargo, no recibi\u00f3 el pago que \u00e9l tanto esperaba y su estad\u00eda en Le\u00f3n se amarg\u00f3. Empez\u00f3 la espera de mes tras mes sin recibir los fondos para poder regresar a Europa.<\/p>\n<p>Al verlo frustrado porque no hab\u00eda logrado ninguno de sus prop\u00f3sitos de viaje, sin dinero y ansioso, sus amigos Federico Castro y el doctor Luis H. Debayle lo invitan a la casa hacienda que hab\u00edan prestado a la portuaria en El Card\u00f3n. Ah\u00ed pas\u00f3 todo marzo a la espera, entre amigos y agasajos, entre recorridos solitarios por la isla y largas pl\u00e1ticas con sus anfitriones. Fue entonces cuando escribi\u00f3 el famoso poema <em>A Margarita Debayle<\/em>, dedicado a la peque\u00f1a hija de su amigo \u201cel Sabio\u201d Debayle, Margarita Debayle Sacasa. El poema convirti\u00f3 en musa a Margarita Debayle Sacasa y la pieza literaria se volvi\u00f3 un cuento-poes\u00eda universal para ni\u00f1os. Ya en la adultez, Margarita recit\u00f3 el poema en eventos conmemorativos. Muri\u00f3 en Per\u00fa en 1983, pero qued\u00f3 inmortalizada en los versos de Dar\u00edo como aquella ni\u00f1a que quer\u00eda escuchar un cuento.<\/p>\n<p>\u201cPero en El Card\u00f3n no solo inspir\u00f3 ese poema\u201d, aclara Marvin Saballos, de 66 a\u00f1os, \u201cen <em>El viaje a Nicaragua <\/em>e<em> Intermezzo tropical<\/em> Dar\u00edo hace claras alusiones a Corinto y a El Card\u00f3n, son poemas menos conocidos pero con tanta calidad literaria como paisajista\u201d. \u201cPor fin entr\u00f3 el vapor en la bah\u00eda, entre el ramillete de rocas que forman la isla del Card\u00f3n y el bouquet de cocoteros que decora la isla de Corinto. Hab\u00eda en m\u00ed algo como una nostalgia del Tr\u00f3pico. Del paisaje, de las gentes, de las cosas conocidas en los a\u00f1os de la infancia y de la primera juventud\u201d, escribi\u00f3 Dar\u00edo en una de sus cr\u00f3nicas de <em>El viaje a Nicaragua<\/em>.<\/p>\n<p>\u201cDe los 10 poemas de<em> Intermezzo tropical<\/em>, cinco son dedicados al mar y en al menos tres hace referencias a El Card\u00f3n; en <em>Medio d\u00eda<\/em> y en <em>Cantares de El Card\u00f3n<\/em> queda claro que para el poeta esas vacaciones marcaron un momento dif\u00edcil de su vida y su carrera, su estancia ah\u00ed fue importante\u201d, dice Marvin Saballos.<\/p>\n<p>As\u00ed como Dar\u00edo, los corinte\u00f1os de hace dos generaciones sol\u00edan vacacionar en la isla. Los viajes en botes de remo o motor, las lanchas cargadas de comida, las tardes en el pe\u00f1asco. Eran excursiones familiares o viajes de amigos que quer\u00edan ba\u00f1arse en la exclusiva costa al este de la isla, un tramo arenoso entre las grandes rocas negras que bordean la isla. \u201cHab\u00edan kerm\u00e9s para recaudar fondos, se celebraban eventos especiales e incluso hubo un tiempo que cualquier corinte\u00f1o ten\u00eda acceso a la casona, pidiendo un permiso especial de la Portuaria\u201d, cuenta Saballos.<\/p>\n<figure id=\"attachment_38634\" aria-describedby=\"caption-attachment-38634\" style=\"width: 500px\" class=\"wp-caption aligncenter\"><img loading=\"lazy\" decoding=\"async\" class=\"wp-image-38634\" src=\"https:\/\/gep90.laprensa.com.ni\/magazine\/wp-content\/uploads\/2017\/11\/275-MAG-CardonMarga-282x300.jpg\" alt=\"Margarita Debayle Sacasa, hija del \u201cSabio\u201d Debayle, a quien Dar\u00edo le dedicar\u00eda el famoso poema. Foto Cortes\u00eda IHNCA.\" width=\"500\" height=\"531\" srcset=\"https:\/\/d1xxa24wwackpg.cloudfront.net\/wp-content\/uploads\/2017\/11\/07142524\/275-MAG-CardonMarga.jpg 282w, https:\/\/d1xxa24wwackpg.cloudfront.net\/wp-content\/uploads\/2017\/11\/07142524\/275-MAG-CardonMarga.jpg 24w, https:\/\/d1xxa24wwackpg.cloudfront.net\/wp-content\/uploads\/2017\/11\/07142524\/275-MAG-CardonMarga.jpg 700w\" sizes=\"(max-width: 500px) 100vw, 500px\" \/><figcaption id=\"caption-attachment-38634\" class=\"wp-caption-text\">Margarita Debayle Sacasa, hija del \u201cSabio\u201d Debayle, a quien Dar\u00edo le dedicar\u00eda el famoso poema. Foto Cortes\u00eda IHNCA.<\/figcaption><\/figure>\n<p style=\"text-align: center;\">***<\/p>\n<p>Carmen V\u00e1zquez, de 34 a\u00f1os, ha escuchado toda clase de historias en torno a El Card\u00f3n. Que fue isla de destierro para tuberculosos y leprosos durante la administraci\u00f3n liberal de Jos\u00e9 Santos Zelaya. Eso es cierto. \u201cAl Card\u00f3n tambi\u00e9n llevaron a los enfermos, era una pr\u00e1ctica com\u00fan en ese tiempo no solo por sanidad, sino por los prejuicios sociales en torno a estas enfermedades. Los aislaban, pero era en islas peque\u00f1as donde era relativamente f\u00e1cil asistirlos con medicinas y provisiones\u201d, expone Marvin Saballos. No se sabe si hab\u00eda instalaciones propias para ellos, pero s\u00ed hab\u00eda enramadas.<\/p>\n<p>Es tambi\u00e9n popular la dispensa que le hiciera el presidente Zelaya al c\u00e9lebre <a href=\"https:\/\/www.laprensa.com.ni\/magazine\/reportaje\/jose-de-la-cruz-mena-y-su-vals-de-la-lepra\/\">m\u00fasico y compositor Jos\u00e9 de la Cruz Mena<\/a>: \u201cSe le concede una plaza de sargento para solventar sus necesidades, que se le respetara en su retiro del r\u00edo Chiquito y que se le borrara de la lista de leprosos que habr\u00edan de transportar a la isla de Aserradores\u201d. \u201cEl divino leproso\u201d, como se le llam\u00f3 por el contraste de su prodigioso talento con la fatal enfermedad que le ocasion\u00f3 la muerte, no tuvo que recluirse en una isla. Casta\u00f1ones, Encantada, Guerrero y Machuque tambi\u00e9n recibieron enfermos pero en menor cantidad por tratarse de islas hist\u00f3ricamente m\u00e1s pobladas por sus caracter\u00edsticas geogr\u00e1ficas.<\/p>\n<p>Otros dicen que fue <a href=\"https:\/\/www.laprensa.com.ni\/magazine\/reportaje\/cuando-corn-island-era-la-isla-del-diablo\/\">c\u00e1rcel natural<\/a> en tiempos del presidente conservador Emiliano Chamorro, y aunque no hay registros de ello, es algo muy probable. \u201cEsa modalidad de represi\u00f3n responde tanto a \u00e9pocas pol\u00edticas determinadas como al car\u00e1cter del jefe del Estado\u201d, expuso Luis S\u00e1nchez Sancho, editor general de La Prensa, al referirse a la pr\u00e1ctica de destierro pol\u00edtico que tanto practic\u00f3 Anastasio Somoza Garc\u00eda.<\/p>\n<p>Todo punto remoto, que estuviera a m\u00e1s a de 100 kil\u00f3metros de la capital o del domicilio del acusado de alguna falta pol\u00edtica, serv\u00eda como lugar de penitencia y escarmiento. Las islas eran los lugares predilectos para recluir porque sus condiciones naturales, lejos de tierra firme, rodeadas de mar, lugares de dif\u00edcil acceso hac\u00edan de ellas los lugares perfectos para un castigo.<\/p>\n<p>\u201c\u00bfQu\u00e9 mejor lugar que una isla para recluir gente? De ah\u00ed era m\u00e1s dif\u00edcil escaparse y no ten\u00eda que invertir en infraestructura para restringir la movilidad, el lugar impon\u00eda sus propias limitaciones y la naturaleza los hac\u00eda padecer. No pod\u00eda tener ni mantener tanta gente en la c\u00e1rcel, pero all\u00e1 lejos pod\u00edan cumplir igual su condena con un par de guardias supervisando\u201d, explic\u00f3 a <em>Magazine<\/em> el periodista e historiador Roberto S\u00e1nchez Ram\u00edrez (q.e.p.d.) en una entrevista pasada.<\/p>\n<p>\u201cTambi\u00e9n dicen que llegaron los piratas varias veces, que dejaron enterrados tesoros y que ah\u00ed asustan por eso\u201d, agrega Carmen. \u201cNunca me he quedado a dormir ah\u00ed, solo he ido de paseo porque es bonita la isla, pero est\u00e1 abandonada. Hasta la casa que hab\u00eda ah\u00ed la desmantelaron, como que hubiera piratas en este tiempo\u201d, dice y se r\u00ede.<\/p>\n<p>En efecto, hubo piratas en El Card\u00f3n. En 1681, frente a las costas de El Realejo, irrumpieron tres nav\u00edos de guerra dirigidos por el pirata ingl\u00e9s Bartholom\u00e9 Sharp. El maestre de campo leon\u00e9s Lorenzo Gonz\u00e1lez Calder\u00f3n reclut\u00f3 entonces 1,500 hombres de Chichigalpa, Posoltega y Quezalguaque y se fortific\u00f3 con ellos en la isla El Card\u00f3n. Este ej\u00e9rcito ind\u00edgena se mantuvo durante tres meses en guardia hasta que oblig\u00f3 a los piratas a retirarse sin atacar, rese\u00f1a el art\u00edculo <em>500 a\u00f1os de historia portuaria en Nicaragua<\/em>, en la revista <em>Temas Nicarag\u00fcenses<\/em>.<\/p>\n<p>Se habla del intento de asalto que en julio de 1684 dirigir\u00eda el pirata William Dampier, pero que al ser detectados por unos vig\u00edas, desistieron del ataque y se retiraron hacia las islas del Golfo de Fonseca. Un a\u00f1o m\u00e1s tarde Dampier volvi\u00f3 y esta vez logr\u00f3 desembarcar a sus hombres y llegar hasta Le\u00f3n, la entonces capital. Se enfrentaron a los soldados y al sentirse amenazados porque las autoridades espa\u00f1olas no se rend\u00edan, decidieron pegarle fuego. Los leoneses lograron expulsar a los piratas, quienes en su retirada atacaron y saquearon Chichigalpa y Chinandega. Pero quienes destruyeron la casa hacienda donde se aloj\u00f3 Dar\u00edo en marzo de 1908 no fueron piratas, sino militares sandinistas.<\/p>\n<figure id=\"attachment_38726\" aria-describedby=\"caption-attachment-38726\" style=\"width: 700px\" class=\"wp-caption aligncenter\"><img loading=\"lazy\" decoding=\"async\" class=\"size-full wp-image-38726\" src=\"https:\/\/gep90.laprensa.com.ni\/magazine\/wp-content\/uploads\/2017\/11\/275-MAG-Card\u00f3nCasa.jpg\" alt=\"Esta es la antigua y famosa casona de El Card\u00f3n, propiedad de las autoridades portuarias, donde se hospedar\u00eda Dar\u00edo durante sus vacaciones en 1908. El corinte\u00f1o Wilfredo Luna, siendo un ni\u00f1o, vivi\u00f3 aqu\u00ed por varios meses. Foto Cortes\u00eda Alcald\u00eda de Corinto.\" width=\"700\" height=\"342\" srcset=\"https:\/\/d1xxa24wwackpg.cloudfront.net\/wp-content\/uploads\/2017\/11\/07142423\/275-MAG-Card%C3%B3nCasa.jpg 700w, https:\/\/d1xxa24wwackpg.cloudfront.net\/wp-content\/uploads\/2017\/11\/07142423\/275-MAG-Card%C3%B3nCasa.jpg 300w, https:\/\/d1xxa24wwackpg.cloudfront.net\/wp-content\/uploads\/2017\/11\/07142423\/275-MAG-Card%C3%B3nCasa.jpg 600w\" sizes=\"(max-width: 700px) 100vw, 700px\" \/><figcaption id=\"caption-attachment-38726\" class=\"wp-caption-text\">Esta es la antigua y famosa casona de El Card\u00f3n, propiedad de las autoridades portuarias, donde se hospedar\u00eda<br \/>Dar\u00edo durante sus vacaciones en 1908. El corinte\u00f1o Wilfredo Luna, siendo un ni\u00f1o, vivi\u00f3 aqu\u00ed por varios meses.<br \/>Foto Cortes\u00eda Alcald\u00eda de Corinto.<\/figcaption><\/figure>\n<p style=\"text-align: center;\">***<\/p>\n<p>Wilfredo Luna tendr\u00eda unos 10 a\u00f1os cuando lleg\u00f3 a vivir una temporada a la casona de El Card\u00f3n. A sus 74 a\u00f1os la recuerda muy bien. \u201cSe parec\u00eda a la hacienda San Jacinto, rodeada por corredores, con una sala grande y unos cinco cuartos. Piso de ladrillos y barandal alrededor. La puerta de dos hojas se abr\u00eda hacia dentro\u201d, detalla Luna.<\/p>\n<p>Su madre fue ama de llaves de la familia de Mina H\u00fceck y Ernesto Matamoros, superintendente del puerto, y sus hijos Bosco y Linda. Cuando la familia Matamoros H\u00fceck decid\u00eda pasar temporadas en El Card\u00f3n se llevaban a todos sus empleados y a sus familias y los acomodaban en hamacas tendidas por el lugar. Do\u00f1a Mina ten\u00eda un programa de ense\u00f1anza escolar y despu\u00e9s de las lecciones les quedaba el resto del d\u00eda para jugar. \u201cCorr\u00edamos por toda la isla, busc\u00e1bamos cucarachas de mar, nos sub\u00edamos a unos \u2018corchos\u2019 enormes que hab\u00edan dejado los gringos como salvavidas y salt\u00e1bamos desde ah\u00ed\u201d, recuerda Luna.<\/p>\n<p>No se podr\u00eda saber con certeza qu\u00e9 eran aquellos objetos que describe Luna, lo cierto es que hab\u00edan pertenecido a la Marina de Defensa estadounidense que en 1942 asent\u00f3 una base militar en Corinto. Nicaragua no particip\u00f3 activamente en la Segunda Guerra Mundial, pero un a\u00f1o antes le hab\u00eda declarado la guerra a Jap\u00f3n, a cambio de ayuda pol\u00edtica y militar.<\/p>\n<p>\u201cEn los archivos nacionales no hay informaci\u00f3n sobre esta base, porque era un secreto del ej\u00e9rcito de Estados Unidos, pero s\u00ed hay datos en los archivos militares de Estados Unidos que ya est\u00e1n desclasificados\u201d, apunta Marvin Saballos.<\/p>\n<p>La base, con un punto en Corinto y otro en El Card\u00f3n, estaba dise\u00f1ada para acomodar dos escuadrillas de hidroaviones bombarderos de patrullas y dos escuadrillas de naves torpederas PT, m\u00e1s 1,300 soldados estadounidenses. En 1946, al terminar la guerra, desmontaron las bases. En algunos puntos de la playa, cuando la marea baja, deja al descubierto bases circulares de concreto donde emplazaban ca\u00f1ones.<\/p>\n<figure id=\"attachment_38730\" aria-describedby=\"caption-attachment-38730\" style=\"width: 700px\" class=\"wp-caption aligncenter\"><img loading=\"lazy\" decoding=\"async\" class=\"size-full wp-image-38730\" src=\"https:\/\/gep90.laprensa.com.ni\/magazine\/wp-content\/uploads\/2017\/11\/275-MAG-CardonWil.jpg\" alt=\"En su ni\u00f1ez, Wilfredo Luna vivi\u00f3 una temporada en la casona de El Card\u00f3n. Foto Oscar Navarrete.\" width=\"700\" height=\"437\" srcset=\"https:\/\/d1xxa24wwackpg.cloudfront.net\/wp-content\/uploads\/2017\/11\/07142420\/275-MAG-CardonWil.jpg 700w, https:\/\/d1xxa24wwackpg.cloudfront.net\/wp-content\/uploads\/2017\/11\/07142420\/275-MAG-CardonWil.jpg 300w, https:\/\/d1xxa24wwackpg.cloudfront.net\/wp-content\/uploads\/2017\/11\/07142420\/275-MAG-CardonWil.jpg 600w\" sizes=\"(max-width: 700px) 100vw, 700px\" \/><figcaption id=\"caption-attachment-38730\" class=\"wp-caption-text\">En su ni\u00f1ez, Wilfredo Luna vivi\u00f3 una temporada en la casona de El Card\u00f3n. Foto Oscar Navarrete.<\/figcaption><\/figure>\n<p style=\"text-align: center;\">***<\/p>\n<p>La \u00faltima vez que Marvin Saballos visit\u00f3 la isla fue hace unos 10 a\u00f1os, en un viaje familiar y para entonces ya no estaba la casona en pie. A quien se le pregunte sobre eso dir\u00e1, \u201cfueron los sandinistas\u201d.<br \/>\nPara 1985 El Card\u00f3n se hab\u00eda convertido en una base militar que recib\u00eda a chavalos de las Milicias Populares Sandinistas para realizar pr\u00e1cticas de tiro, pr\u00e1cticas de infanter\u00eda y entrenamiento. Ten\u00edan equipo antia\u00e9reo, pero no es cierto que hubiera un pared\u00f3n de fusilamiento. \u201cSolo las cosas que est\u00e1n a la vista o en documentos se pueden comprobar, el resto han sido leyendas, rumores, inventos de la gente, es una l\u00e1stima pero poco a poco vamos perdiendo la historia de El Card\u00f3n\u201d, lamenta Saballos.<\/p>\n<p>Por eso Gerson, el guardafaros, insiste en que la Alcald\u00eda o el Instituto de Turismo se hagan cargo de la isla, que vengan a limpiar, que reforesten, que pongan al menos bancas para que el visitante se siente. Mientras tanto, \u00e9l seguir\u00e1 matando el tiempo en la hamaca. Es mediod\u00eda, como el poema de Dar\u00edo. \u201cLa isla quema, arde el escollo y el azul fuego env\u00eda, es la isla de El Card\u00f3n Nicaragua\u201d.<\/p>\n<figure id=\"attachment_38732\" aria-describedby=\"caption-attachment-38732\" style=\"width: 700px\" class=\"wp-caption aligncenter\"><img loading=\"lazy\" decoding=\"async\" class=\"size-full wp-image-38732\" src=\"https:\/\/gep90.laprensa.com.ni\/magazine\/wp-content\/uploads\/2017\/11\/275-MAG-CardonDar1.jpg\" alt=\"La estatua de Rub\u00e9n Dar\u00edo mira en direcci\u00f3n de Corinto, desde donde a veces llegan turistas curiosos o excursiones de estudiantes a conocer la isla que fue su inspiraci\u00f3n. Foto Oscar Navarrete.\" width=\"700\" height=\"353\" srcset=\"https:\/\/d1xxa24wwackpg.cloudfront.net\/wp-content\/uploads\/2017\/11\/07142415\/275-MAG-CardonDar1.jpg 700w, https:\/\/d1xxa24wwackpg.cloudfront.net\/wp-content\/uploads\/2017\/11\/07142415\/275-MAG-CardonDar1.jpg 300w, https:\/\/d1xxa24wwackpg.cloudfront.net\/wp-content\/uploads\/2017\/11\/07142415\/275-MAG-CardonDar1.jpg 600w\" sizes=\"(max-width: 700px) 100vw, 700px\" \/><figcaption id=\"caption-attachment-38732\" class=\"wp-caption-text\">La estatua de Rub\u00e9n Dar\u00edo mira en direcci\u00f3n de Corinto, desde donde a veces llegan turistas curiosos o excursiones de estudiantes a conocer la isla que fue su inspiraci\u00f3n. Foto Oscar Navarrete.<\/figcaption><\/figure>\n<h3>El Card\u00f3n<\/h3>\n<p>A tres kil\u00f3metros del puerto de Corinto se alza la isla El Card\u00f3n. Es de origen volc\u00e1nico y su superficie est\u00e1 sobre una plataforma de rocas de cinco metros de altura sobre el nivel del mar. Mide 1,440 metros de largo y medio kil\u00f3metro de ancho. Se le llam\u00f3 originalmente San Fernando de El Card\u00f3n.<\/p>\n<p>Por su posici\u00f3n geogr\u00e1fica es barrera natural que protege a Corinto de inundaciones cuando el mar est\u00e1 agitado. En 1878 se construy\u00f3 el faro gu\u00eda del puerto de Corinto, que permite orientarse a las naves que entran en la bah\u00eda.<\/p>\n<p>En 1894 se construye la casona de la administraci\u00f3n de la Portuaria, que se volvi\u00f3 un atractivo tur\u00edstico m\u00e1s de 20 a\u00f1os despu\u00e9s, cuando solo quedan las l\u00edneas donde estaban las paredes y el marco de dos puertas que se conserva en pie.<\/p>\n<p>Diferentes administraciones de la Alcald\u00eda de Corinto han propuesto proyectos que se quedan en papel por la falta de fondos y la adecuada gesti\u00f3n.<\/p>\n<figure id=\"attachment_38736\" aria-describedby=\"caption-attachment-38736\" style=\"width: 700px\" class=\"wp-caption aligncenter\"><img loading=\"lazy\" decoding=\"async\" class=\"size-full wp-image-38736\" src=\"https:\/\/gep90.laprensa.com.ni\/magazine\/wp-content\/uploads\/2017\/11\/275-MAG-CorMap1.jpg\" alt=\"Vista a\u00e9rea de El Card\u00f3n. La isla est\u00e1 rodeada de una pared rocosa de unos cinco metros, al oeste hay un boquete de playa que ha sido balneario de varias generaciones de corinte\u00f1os. Foto Cortes\u00eda Alcald\u00eda de Corinto, tomada por la EPN. \" width=\"700\" height=\"468\" srcset=\"https:\/\/d1xxa24wwackpg.cloudfront.net\/wp-content\/uploads\/2017\/11\/07142413\/275-MAG-CorMap1.jpg 700w, https:\/\/d1xxa24wwackpg.cloudfront.net\/wp-content\/uploads\/2017\/11\/07142413\/275-MAG-CorMap1.jpg 300w\" sizes=\"(max-width: 700px) 100vw, 700px\" \/><figcaption id=\"caption-attachment-38736\" class=\"wp-caption-text\">Vista a\u00e9rea de El Card\u00f3n. La isla est\u00e1 rodeada de una pared rocosa de unos cinco metros, al oeste hay un boquete de playa que ha sido balneario de varias generaciones de corinte\u00f1os. Foto Cortes\u00eda Alcald\u00eda de Corinto, tomada por la EPN.<\/figcaption><\/figure>\n<h3>Puerto\u00a0Corinto<\/h3>\n<p>Es el principal puerto comercial del pa\u00eds y el segundo m\u00e1s importante seg\u00fan arribos de cruceros.<br \/>\nCuenta con el certificado internacional de Puerto Seguro desde junio 2004, cumple estrictamente las medidas de seguridad portuaria y mar\u00edtima establecidas por la Organizaci\u00f3n Mar\u00edtima Internacional (OMI), supervisado constantemente por la Direcci\u00f3n General de Transporte Acu\u00e1tico (DGTA).<br \/>\nEst\u00e1 protegido de forma natural del oleaje de mar abierto con las islas Aserradores, El Card\u00f3n y la Pen\u00ednsula de Casta\u00f1ones.<\/p>\n<h3>Estatua<\/h3>\n<p>El 19 de enero de 2009 una mole de 5.5 metros de altura y de 3.5 toneladas de bronce se devel\u00f3 en El Card\u00f3n. Era el monumento de Rub\u00e9n Dar\u00edo hecho por el escultor Arnoldo Guill\u00e9n, valorada en un mill\u00f3n 20 mil c\u00f3rdobas. Entre la producci\u00f3n po\u00e9tica de Dar\u00edo inspiradas el mar, las islas y las embarcaciones, est\u00e1n <em>Canci\u00f3n, Vesperal<\/em> y <em>Medio d\u00eda<\/em>, y el m\u00e1s popular del mar <em>Margarita Debayle<\/em>. Seg\u00fan Wilfredo Luna existen grabaciones de Margarita Debayle, siendo ya una adulta, recitando el famoso poema.<\/p>\n","protected":false},"excerpt":{"rendered":"<p>No solo Rub\u00e9n Dar\u00edo estuvo en El Card\u00f3n. Piratas, leprosos, marines norteamericanos y guerrilleros sandinistas estuvieron tambi\u00e9n ah\u00ed. Esta es la historia de una isla que se desvanece en el olvido<\/p>\n","protected":false},"author":5,"featured_media":38755,"comment_status":"open","ping_status":"open","sticky":false,"template":"","format":"standard","meta":{"_acf_changed":false,"footnotes":""},"categories":[26],"tags":[1959,247],"class_list":["post-38622","post","type-post","status-publish","format-standard","has-post-thumbnail","hentry","category-reportajes","tag-estados-unidos","tag-leon"],"acf":[],"_links":{"self":[{"href":"https:\/\/staging.laprensanic.com\/magazine\/wp-json\/wp\/v2\/posts\/38622","targetHints":{"allow":["GET"]}}],"collection":[{"href":"https:\/\/staging.laprensanic.com\/magazine\/wp-json\/wp\/v2\/posts"}],"about":[{"href":"https:\/\/staging.laprensanic.com\/magazine\/wp-json\/wp\/v2\/types\/post"}],"author":[{"embeddable":true,"href":"https:\/\/staging.laprensanic.com\/magazine\/wp-json\/wp\/v2\/users\/5"}],"replies":[{"embeddable":true,"href":"https:\/\/staging.laprensanic.com\/magazine\/wp-json\/wp\/v2\/comments?post=38622"}],"version-history":[{"count":17,"href":"https:\/\/staging.laprensanic.com\/magazine\/wp-json\/wp\/v2\/posts\/38622\/revisions"}],"predecessor-version":[{"id":48437,"href":"https:\/\/staging.laprensanic.com\/magazine\/wp-json\/wp\/v2\/posts\/38622\/revisions\/48437"}],"wp:featuredmedia":[{"embeddable":true,"href":"https:\/\/staging.laprensanic.com\/magazine\/wp-json\/wp\/v2\/media\/38755"}],"wp:attachment":[{"href":"https:\/\/staging.laprensanic.com\/magazine\/wp-json\/wp\/v2\/media?parent=38622"}],"wp:term":[{"taxonomy":"category","embeddable":true,"href":"https:\/\/staging.laprensanic.com\/magazine\/wp-json\/wp\/v2\/categories?post=38622"},{"taxonomy":"post_tag","embeddable":true,"href":"https:\/\/staging.laprensanic.com\/magazine\/wp-json\/wp\/v2\/tags?post=38622"}],"curies":[{"name":"wp","href":"https:\/\/api.w.org\/{rel}","templated":true}]}}