{"id":39282,"date":"2008-03-23T14:17:18","date_gmt":"2008-03-23T20:17:18","guid":{"rendered":"https:\/\/www.magazine.com.ni\/?p=39282"},"modified":"2017-12-07T14:40:30","modified_gmt":"2017-12-07T20:40:30","slug":"candidato-ee-uu","status":"publish","type":"post","link":"https:\/\/staging.laprensanic.com\/magazine\/columnas\/candidato-ee-uu\/","title":{"rendered":"Candidato EE.UU."},"content":{"rendered":"<p>Hay elecciones en las que no votamos pero, para bien o para mal, tienen mucho que ver con nosotros. Estados Unidos, por ejemplo.<\/p>\n<p>Los nicarag\u00fcenses estamos pendientes de lo que ocurra en el pa\u00eds del norte. Y no es porque seamos pro imperialistas o antiimperialistas, sino porque hasta el d\u00eda de hoy lo que haga Estados Unidos decide en buena medida nuestra suerte.<\/p>\n<p>\u00bfAcaso el final de la dictadura somocista hubiese sido distinto si las elecciones de 1976 las hubiese ganado el republicano Gerald Ford y no el dem\u00f3crata Jimmy Carter? \u00bfQu\u00e9 habr\u00eda sido de la revoluci\u00f3n sandinista sin el empecinamiento del republicano Ronald Reagan de destruirla? \u00bfHabr\u00eda sido todo distinto si Carter se hubiese logrado reelegir en 1980?<\/p>\n<p>M\u00e1s cerca a\u00fan: \u00bfHabr\u00edan ido soldados nicarag\u00fcenses al lejano Irak si no estuviese el republicano George W. Bush en la Presidencia de Estados Unidos?<\/p>\n<p>Pero esto no nos sucede s\u00f3lo con Estados Unidos. Basta imaginar que la oposici\u00f3n hubiese ganado la Presidencia en Venezuela en diciembre del 2006 para saber que la Nicaragua de hoy ser\u00eda distinta. Tanto nos afectan estas elecciones a los nicarag\u00fcenses que hasta deber\u00edamos votar en ellas.<\/p>\n<p>Pues hay un nicarag\u00fcense que ha decidido no s\u00f3lo participar con su voto en las elecciones de Estados Unidos, sino que lo ha hecho como candidato. No es Obama ni McCain ni Clinton. Es R\u00f3ger Calero, y oficialmente es un candidato a la Presidencia de Estados Unidos. Esta es la segunda vez que lo hace.<\/p>\n<p>La gran pregunta: \u00bfPor qu\u00e9 lo hace? En la campa\u00f1a pasada recibi\u00f3 apenas 3,689 votos de los m\u00e1s de 122 millones que se depositaron. \u00bfIluso o so\u00f1ador? Calero mismo nos da la respuesta en esta entrevista que hizo con magazine.<\/p>\n","protected":false},"excerpt":{"rendered":"<p>Pues hay un nicarag\u00fcense que ha decidido no s\u00f3lo participar con su voto en las elecciones de Estados Unidos, sino que lo ha hecho como candidato. No es Obama ni McCain ni Clinton. Es R\u00f3ger Calero, y oficialmente es un candidato a la Presidencia de Estados Unidos. Esta es la segunda vez que lo hace.<\/p>\n","protected":false},"author":6,"featured_media":0,"comment_status":"open","ping_status":"open","sticky":false,"template":"","format":"standard","meta":{"_acf_changed":false,"footnotes":""},"categories":[5,27],"tags":[],"class_list":["post-39282","post","type-post","status-publish","format-standard","hentry","category-columnas","category-del-editor"],"acf":[],"_links":{"self":[{"href":"https:\/\/staging.laprensanic.com\/magazine\/wp-json\/wp\/v2\/posts\/39282","targetHints":{"allow":["GET"]}}],"collection":[{"href":"https:\/\/staging.laprensanic.com\/magazine\/wp-json\/wp\/v2\/posts"}],"about":[{"href":"https:\/\/staging.laprensanic.com\/magazine\/wp-json\/wp\/v2\/types\/post"}],"author":[{"embeddable":true,"href":"https:\/\/staging.laprensanic.com\/magazine\/wp-json\/wp\/v2\/users\/6"}],"replies":[{"embeddable":true,"href":"https:\/\/staging.laprensanic.com\/magazine\/wp-json\/wp\/v2\/comments?post=39282"}],"version-history":[{"count":3,"href":"https:\/\/staging.laprensanic.com\/magazine\/wp-json\/wp\/v2\/posts\/39282\/revisions"}],"predecessor-version":[{"id":39285,"href":"https:\/\/staging.laprensanic.com\/magazine\/wp-json\/wp\/v2\/posts\/39282\/revisions\/39285"}],"wp:attachment":[{"href":"https:\/\/staging.laprensanic.com\/magazine\/wp-json\/wp\/v2\/media?parent=39282"}],"wp:term":[{"taxonomy":"category","embeddable":true,"href":"https:\/\/staging.laprensanic.com\/magazine\/wp-json\/wp\/v2\/categories?post=39282"},{"taxonomy":"post_tag","embeddable":true,"href":"https:\/\/staging.laprensanic.com\/magazine\/wp-json\/wp\/v2\/tags?post=39282"}],"curies":[{"name":"wp","href":"https:\/\/api.w.org\/{rel}","templated":true}]}}