{"id":39293,"date":"2008-05-04T15:07:57","date_gmt":"2008-05-04T21:07:57","guid":{"rendered":"https:\/\/www.magazine.com.ni\/?p=39293"},"modified":"2017-12-07T15:38:53","modified_gmt":"2017-12-07T21:38:53","slug":"votos-de-pobreza","status":"publish","type":"post","link":"https:\/\/staging.laprensanic.com\/magazine\/columnas\/votos-de-pobreza\/","title":{"rendered":"Votos de pobreza"},"content":{"rendered":"<p>Pobres. Han sido tema de trabajo desde que el mundo es mundo. Hay luchadores \u00abpor los pobres\u00bb de todas las especies y tama\u00f1os. Est\u00e1n los que desde una vida opulenta, de lujos y derroches, dicen estar comprometidos con los m\u00e1s pobres, hasta aqu\u00e9llos que renuncian a sus propias comodidades y emprenden su obra desde la misma pobreza que dicen combatir.<\/p>\n<p>En Nicaragua hubo un se\u00f1or en el gobierno del presidente Bola\u00f1os que estaba a cargo de un programa denominado \u00abde reducci\u00f3n de la pobreza\u00bb al cual nunca se le conocieron sus frutos pero s\u00ed el salario del funcionario: 23 mil d\u00f3lares mensuales, tal vez el m\u00e1s alto de todo el Gobierno.<\/p>\n<p>Hace unos d\u00edas, se supo tambi\u00e9n que el ide\u00f3logo de los pobres, el sandinista m\u00e1s comprometido con los despose\u00eddos, padre del llamado \u00abPrograma Hambre Cero\u00bb, ten\u00eda entre sus propiedades, mansiones, isletas y casas de alquiler.<\/p>\n<p>Imag\u00ednese a San Francisco de As\u00eds, hace casi mil a\u00f1os, decidiendo \u00abluchar por los pobres\u00bb sin renunciar a la \u00abc\u00f3moda y disipada\u00bb vida que llevaba. Es probable que en algo hubiera contribuido, pero el asunto es que lo recordamos, y su obra contin\u00faa viva, por el nivel de compromiso que asumi\u00f3, renunciando \u00e9l tambi\u00e9n a las comodidades.<\/p>\n<p>Y aqu\u00ed en Nicaragua, ahora mismo, seis frailes franciscanos, del grupo m\u00e1s radical de ellos, se sumergen en la extrema pobreza para desde ah\u00ed ayudar a sus iguales. Es probable que no logren cambiar al mundo como quieren, pero siempre los recordaremos con respeto porque predican con su propio ejemplo y no con discursos empalagosos pero vac\u00edos, como muchos que conocemos.<\/p>\n","protected":false},"excerpt":{"rendered":"<p>Y aqu\u00ed en Nicaragua, ahora mismo, seis frailes franciscanos, del grupo m\u00e1s radical de ellos, se sumergen en la extrema pobreza para desde ah\u00ed ayudar a sus iguales. Es probable que no logren cambiar al mundo como quieren, pero siempre los recordaremos con respeto porque predican con su propio ejemplo y no con discursos empalagosos pero vac\u00edos, como muchos que conocemos.<\/p>\n","protected":false},"author":6,"featured_media":0,"comment_status":"open","ping_status":"open","sticky":false,"template":"","format":"standard","meta":{"_acf_changed":false,"footnotes":""},"categories":[5,27],"tags":[],"class_list":["post-39293","post","type-post","status-publish","format-standard","hentry","category-columnas","category-del-editor"],"acf":[],"_links":{"self":[{"href":"https:\/\/staging.laprensanic.com\/magazine\/wp-json\/wp\/v2\/posts\/39293","targetHints":{"allow":["GET"]}}],"collection":[{"href":"https:\/\/staging.laprensanic.com\/magazine\/wp-json\/wp\/v2\/posts"}],"about":[{"href":"https:\/\/staging.laprensanic.com\/magazine\/wp-json\/wp\/v2\/types\/post"}],"author":[{"embeddable":true,"href":"https:\/\/staging.laprensanic.com\/magazine\/wp-json\/wp\/v2\/users\/6"}],"replies":[{"embeddable":true,"href":"https:\/\/staging.laprensanic.com\/magazine\/wp-json\/wp\/v2\/comments?post=39293"}],"version-history":[{"count":1,"href":"https:\/\/staging.laprensanic.com\/magazine\/wp-json\/wp\/v2\/posts\/39293\/revisions"}],"predecessor-version":[{"id":39294,"href":"https:\/\/staging.laprensanic.com\/magazine\/wp-json\/wp\/v2\/posts\/39293\/revisions\/39294"}],"wp:attachment":[{"href":"https:\/\/staging.laprensanic.com\/magazine\/wp-json\/wp\/v2\/media?parent=39293"}],"wp:term":[{"taxonomy":"category","embeddable":true,"href":"https:\/\/staging.laprensanic.com\/magazine\/wp-json\/wp\/v2\/categories?post=39293"},{"taxonomy":"post_tag","embeddable":true,"href":"https:\/\/staging.laprensanic.com\/magazine\/wp-json\/wp\/v2\/tags?post=39293"}],"curies":[{"name":"wp","href":"https:\/\/api.w.org\/{rel}","templated":true}]}}