{"id":39295,"date":"2008-05-18T15:38:00","date_gmt":"2008-05-18T21:38:00","guid":{"rendered":"https:\/\/www.magazine.com.ni\/?p=39295"},"modified":"2017-12-07T15:38:20","modified_gmt":"2017-12-07T21:38:20","slug":"computadoras","status":"publish","type":"post","link":"https:\/\/staging.laprensanic.com\/magazine\/columnas\/computadoras\/","title":{"rendered":"Computadoras"},"content":{"rendered":"<p>Yo nac\u00ed y crec\u00ed sin computadoras. Aunque le parezca incre\u00edble a muchos j\u00f3venes, hubo un tiempo en que el mundo funcion\u00f3 sin Internet, Word, celulares, chat y fotograf\u00eda digital. Y no fue hace mucho.<\/p>\n<p>Cuando era ni\u00f1o aparecieron los relojes que daban la hora a trav\u00e9s de pantallas electr\u00f3nicas y no con las cl\u00e1sicas manecillas. Luego, siendo adolescente, vi a un dirigente sandinista, de mediana categor\u00eda, hablando por medio de un tel\u00e9fono inal\u00e1mbrico y me qued\u00e9 embobado, pregunt\u00e1ndome c\u00f3mo era posible que ese hombre hablara por ese artefacto que me parec\u00eda m\u00e1gico. Despu\u00e9s, la tecnolog\u00eda se vino al mundo como aluvi\u00f3n. Todo cambi\u00f3.<\/p>\n<p>Para 1989, trabaj\u00e9 con mi primera computadora. Hac\u00eda mis primeras armas en periodismo cuando me asignaron una computadora en <em>Revista del Campo<\/em>, una de las dos publicaciones que en Nicaragua se daban el lujo de hacer su trabajo \u00abcomputarizado\u00bb en aquel tiempo. Estar frente a ese monstruo de letras naranjas, de 20 megas de disco duro, era para m\u00ed como trabajar en la NASA.<\/p>\n<p>En ese tiempo yo cre\u00eda estar en la c\u00faspide de la tecnolog\u00eda porque las computadoras no pasaban del par de centenares en el pa\u00eds, y present\u00eda que quien dominara a esa fiera tendr\u00eda mayores ventajas en este nuevo mundo por conquistar. S\u00f3lo los que lo vivimos sabemos la tortura que significaba trabajar con el mill\u00f3n de claves de MS-DOS o dise\u00f1ar p\u00e1ginas con aquellas primitivas versiones de Ventura.<\/p>\n<p>Sin embargo, el v\u00e9rtigo de la tecnolog\u00eda nos rebasa y a pesar de mi esfuerzo por mantenerme actualizado, frecuentemente me siento analfabeta en este mundo en el que los j\u00f3venes se mueven como pez en el agua. El instinto tecnol\u00f3gico vale m\u00e1s que la experiencia, y no pocas veces he tenido que pedir resignado: \u00abHijo, \u00bfpod\u00e9s ayudarme con este programa que no le entiendo&#8230;\u00bb<\/p>\n","protected":false},"excerpt":{"rendered":"<p>Yo nac\u00ed y crec\u00ed sin computadoras. Aunque le parezca incre\u00edble a muchos j\u00f3venes, hubo un tiempo en que el mundo funcion\u00f3 sin Internet, Word, celulares, chat y fotograf\u00eda digital. Y no fue hace mucho.<\/p>\n","protected":false},"author":6,"featured_media":0,"comment_status":"open","ping_status":"open","sticky":false,"template":"","format":"standard","meta":{"_acf_changed":false,"footnotes":""},"categories":[5,27],"tags":[279],"class_list":["post-39295","post","type-post","status-publish","format-standard","hentry","category-columnas","category-del-editor","tag-tecnologia"],"acf":[],"_links":{"self":[{"href":"https:\/\/staging.laprensanic.com\/magazine\/wp-json\/wp\/v2\/posts\/39295","targetHints":{"allow":["GET"]}}],"collection":[{"href":"https:\/\/staging.laprensanic.com\/magazine\/wp-json\/wp\/v2\/posts"}],"about":[{"href":"https:\/\/staging.laprensanic.com\/magazine\/wp-json\/wp\/v2\/types\/post"}],"author":[{"embeddable":true,"href":"https:\/\/staging.laprensanic.com\/magazine\/wp-json\/wp\/v2\/users\/6"}],"replies":[{"embeddable":true,"href":"https:\/\/staging.laprensanic.com\/magazine\/wp-json\/wp\/v2\/comments?post=39295"}],"version-history":[{"count":1,"href":"https:\/\/staging.laprensanic.com\/magazine\/wp-json\/wp\/v2\/posts\/39295\/revisions"}],"predecessor-version":[{"id":39296,"href":"https:\/\/staging.laprensanic.com\/magazine\/wp-json\/wp\/v2\/posts\/39295\/revisions\/39296"}],"wp:attachment":[{"href":"https:\/\/staging.laprensanic.com\/magazine\/wp-json\/wp\/v2\/media?parent=39295"}],"wp:term":[{"taxonomy":"category","embeddable":true,"href":"https:\/\/staging.laprensanic.com\/magazine\/wp-json\/wp\/v2\/categories?post=39295"},{"taxonomy":"post_tag","embeddable":true,"href":"https:\/\/staging.laprensanic.com\/magazine\/wp-json\/wp\/v2\/tags?post=39295"}],"curies":[{"name":"wp","href":"https:\/\/api.w.org\/{rel}","templated":true}]}}