{"id":40094,"date":"2018-02-12T11:21:20","date_gmt":"2018-02-12T17:21:20","guid":{"rendered":"https:\/\/www.magazine.com.ni\/?p=40094"},"modified":"2019-08-12T14:57:28","modified_gmt":"2019-08-12T20:57:28","slug":"doce-cruces-tragedia-en-semana-santa","status":"publish","type":"post","link":"https:\/\/staging.laprensanic.com\/magazine\/reportajes\/doce-cruces-tragedia-en-semana-santa\/","title":{"rendered":"Doce cruces, tragedia en Semana Santa 2010"},"content":{"rendered":"<p style=\"text-align: center;\">En la Semana Santa de 2010, ocurri\u00f3 uno de los accidentes de tr\u00e1nsito m\u00e1s impactantes de Nicaragua: 12 j\u00f3venes murieron en Rivas. Para los familiares los a\u00f1os han pasado, pero el dolor sigue intacto<\/p>\n<p style=\"text-align: center;\"><strong>Por Juli\u00e1n Navarrete<\/strong><\/p>\n<p>Toda una noche Jean Carlos P\u00e1ez estuvo en la cruz del kil\u00f3metro 118 de la Carretera Panamericana Sur. Hab\u00eda llegado porque en Rivas se dec\u00eda que ah\u00ed asustaban las 12 personas que murieron en el accidente de tr\u00e1nsito del 3 de abril del a\u00f1o 2010. Cerca de una piedra gigantesca llam\u00f3 a sus amigos, pero sus gritos se perd\u00edan en el terreno \u00e1rido.<\/p>\n<p>P\u00e1ez fue uno de dos sobrevivientes de aquel d\u00eda fatal de Semana Santa. Iba dormido en la cabina de la camioneta y por eso no recuerda el momento que impactaron contra un taxi y luego a un bus. No sinti\u00f3 los giros que dio el veh\u00edculo, mientras dejaba regados los cuerpos en el lugar.<\/p>\n<p>Cuando abri\u00f3 los ojos todos sus amigos hab\u00edan sido enterrados y uno de ellos era acusado por todas sus muertes. P\u00e1ez estuvo varios meses internado en el hospital, luego de salir vivo de uno de los accidentes m\u00e1s mortales del pa\u00eds de los \u00faltimos a\u00f1os.<\/p>\n<p>Durante mucho tiempo P\u00e1ez tuvo miedo de volver a manejar en la carretera. No quer\u00eda pasar por el lugar, ahora se\u00f1alado por una cruz blanca. No era para menos: estuvo cinco d\u00edas en coma, ten\u00eda desprendida parte de la cabeza, las manos quebradas, un hierro ensartado en la clav\u00edcula; la lengua y los ojos hinchados y como 40 esquirlas de vidrios enterradas en la cara. Solo pudo recuperarse con tratamiento neurol\u00f3gico.<\/p>\n<p>Hace casi ocho a\u00f1os ocurrieron los dos impactos. Dos golpes que sacudieron a la ciudad de Rivas. Murieron 12 j\u00f3venes de entre 16 y 27 a\u00f1os de edad. Desnucados todos. Im\u00e1genes dantescas circularon despu\u00e9s en la web. En este lugar el tiempo permanece estancado para dos sobrevivientes que se han querido morir y familias a las que se les apag\u00f3 la vida.<\/p>\n<figure id=\"attachment_40325\" aria-describedby=\"caption-attachment-40325\" style=\"width: 640px\" class=\"wp-caption aligncenter\"><a href=\"https:\/\/gep90.laprensa.com.ni\/magazine\/wp-content\/uploads\/2018\/02\/278-Mag-Acc-3.jpg\"><img fetchpriority=\"high\" decoding=\"async\" class=\"size-large wp-image-40325\" src=\"https:\/\/gep90.laprensa.com.ni\/magazine\/wp-content\/uploads\/2018\/02\/278-Mag-Acc-3-1024x768.jpg\" alt=\"\" width=\"640\" height=\"480\" srcset=\"https:\/\/d1xxa24wwackpg.cloudfront.net\/wp-content\/uploads\/2018\/02\/07141021\/278-Mag-Acc-3.jpg 1024w, https:\/\/d1xxa24wwackpg.cloudfront.net\/wp-content\/uploads\/2018\/02\/07141021\/278-Mag-Acc-3.jpg 300w, https:\/\/d1xxa24wwackpg.cloudfront.net\/wp-content\/uploads\/2018\/02\/07141021\/278-Mag-Acc-3.jpg 768w\" sizes=\"(max-width: 640px) 100vw, 640px\" \/><\/a><figcaption id=\"caption-attachment-40325\" class=\"wp-caption-text\">As\u00ed qued\u00f3 a camioneta en la que viajaban los 14 j\u00f3venes que se accidentaron. Foto: Archivo<\/figcaption><\/figure>\n<p style=\"text-align: center;\">***<\/p>\n<p>Los impactos ocurrieron a las 4:40 de la ma\u00f1ana del s\u00e1bado de Semana Santa. La camioneta regresaba con 14 personas desde San Juan del Sur hacia la ciudad de Rivas. Aldo Mora, conductor, y Jean Carlos P\u00e1ez, pasajero, iban en la cabina del veh\u00edculo. Los dem\u00e1s ven\u00edan en la tina, cantando y tocando tambores.<\/p>\n<p>El informe de la Polic\u00eda Nacional determin\u00f3 que las causas del accidente fueron exceso de velocidad, invasi\u00f3n de carril e ingesta de licor por parte del conductor. Las primeras informaciones apuntaban a que Jean Carlos P\u00e1ez era el conductor del veh\u00edculo. Sin embargo, horas despu\u00e9s los peritos comprobaron que Aldo Mora era quien manejaba.<\/p>\n<p>Por la gravedad de los golpes que presentaba, P\u00e1ez fue trasladado al Hospital Len\u00edn Fonseca, de Managua, mientras que Mora fue llevado al hospital de Rivas para controlar el shock nervioso que ten\u00eda, despu\u00e9s de ver a todos sus amigos muertos.<\/p>\n<p>\u201cCuando a Aldo Mora le preguntaron qui\u00e9n ven\u00eda manejando, \u00e9l respondi\u00f3 que P\u00e1ez era el conductor\u201d, dice Ram\u00f3n Villarreal, periodista de LA PRENSA en Rivas. \u201cDespu\u00e9s del impacto, Mora quiso trasladar a P\u00e1ez al asiento de conductor para que le cayera la culpa\u201d, dice Villarreal, quien cubri\u00f3 la noticia desde las cinco de la ma\u00f1ana.<\/p>\n<p>Aldo Mora y Jean Carlos P\u00e1ez fueron los \u00fanicos dos j\u00f3venes que asistieron al concierto de la banda Rabanes, en San Juan del Sur. Sus otros amigos se quedaron en la costa, tocando tambores y esperando a que ellos salieran de la fiesta.<\/p>\n<p>P\u00e1ez sali\u00f3 borracho del concierto. Varios de sus amigos lo montaron en la cabina. Cay\u00f3 en un sue\u00f1o tan profundo que tras el accidente no sinti\u00f3 cuando Aldo Mora lo cambi\u00f3 al asiento de conductor.<\/p>\n<p>\u201cYo me imagino que Aldo lo hizo porque estaba nervioso. Uno no sabe c\u00f3mo actuar. La misma desesperaci\u00f3n. Pero es algo que yo no har\u00eda porque es muy delicado culpar a otra persona de unos delitos tan graves\u201d, dice P\u00e1ez.<\/p>\n<p>Cuando el periodista Ram\u00f3n Villarreal lleg\u00f3 al sitio parec\u00eda que alguien les hab\u00eda lanzado gas sar\u00edn: una docena de cuerpos regados en la carretera, cubiertos con mantas celestes. Hab\u00eda manchas de sangre por doquier: en el costado izquierdo del bus, sobre la carretera y en los m\u00e1rgenes montosos.<\/p>\n<p>\u201cA los bomberos les toc\u00f3 tapar los cuerpos y quitar los restos humanos que hab\u00edan quedado tirados por todas partes\u201d, dice Villarreal, quien asegura que es el accidente m\u00e1s impactante que le ha tocado cubrir.<\/p>\n<figure id=\"attachment_40334\" aria-describedby=\"caption-attachment-40334\" style=\"width: 700px\" class=\"wp-caption aligncenter\"><a href=\"https:\/\/gep90.laprensa.com.ni\/magazine\/wp-content\/uploads\/2018\/02\/278-Mag-Accidente-13.jpg\"><img decoding=\"async\" class=\"size-full wp-image-40334\" src=\"https:\/\/gep90.laprensa.com.ni\/magazine\/wp-content\/uploads\/2018\/02\/278-Mag-Accidente-13.jpg\" alt=\"\" width=\"700\" height=\"467\" srcset=\"https:\/\/d1xxa24wwackpg.cloudfront.net\/wp-content\/uploads\/2018\/02\/07141010\/278-Mag-Accidente-13.jpg 700w, https:\/\/d1xxa24wwackpg.cloudfront.net\/wp-content\/uploads\/2018\/02\/07141010\/278-Mag-Accidente-13.jpg 300w\" sizes=\"(max-width: 700px) 100vw, 700px\" \/><\/a><figcaption id=\"caption-attachment-40334\" class=\"wp-caption-text\">Jean Carlos P\u00e1ez, sobreviviente del accidente. Foto: \u00d3scar Navarrete<\/figcaption><\/figure>\n<p style=\"text-align: center;\">***<\/p>\n<p>Hay cinco retratos colgados en la pared del fondo del Gimnasio Alexis Arg\u00fcello, de la ciudad de Rivas. Las fotos corresponden a los integrantes del equipo de futbol sala Los Lobos, que murieron en el accidente del 3 de abril de 2010. Los tres primeros miembros son los hermanos Jos\u00e9 del Carmen (20 a\u00f1os), Carlos Alberto (18 a\u00f1os) y Ra\u00fal \u00c1ngel Mu\u00f1oz Grillo (16 a\u00f1os).<\/p>\n<p>Los tres hermanos ten\u00edan bastantes admiradoras en Rivas. De tez blanca, risue\u00f1os, facciones suaves, les gustaba el futbol sala, el rock metal y salir con sus amigos. Jos\u00e9 del Carmen estudiaba Dise\u00f1o Gr\u00e1fico, en Managua. Carlos Alberto so\u00f1aba con casarse con una millonaria, mientras que Ra\u00fal \u00c1ngel quer\u00eda ser arquitecto, seg\u00fan recuerda Gladys Mu\u00f1oz, quien fuera novia de Jos\u00e9 del Carmen durante cuatro a\u00f1os.<\/p>\n<p>Los otros dos retratos que est\u00e1n colgados son los de Erwin Mora (19 a\u00f1os) y Daniel Molina (18 a\u00f1os). Los cinco miembros del equipo de futbol sala, junto con Aldo Mora y Jean Carlos P\u00e1ez, eran amigos de toda la vida.<\/p>\n<p>Las otras siete personas que murieron pertenec\u00edan a otro grupo de amigos que pidieron \u201cride\u201d en la gasolinera de San Juan del Sur. El enlace para montarse en la camioneta fue Jos\u00e9 Reinaldo Lacayo (24 a\u00f1os), quien solicit\u00f3 el traslado para \u00e9l y sus seis amigos: N\u00e9stor Bonilla (20 a\u00f1os), Ligia Guido (24 a\u00f1os), Francis Alguera (27 a\u00f1os), Yunielka Bola\u00f1os (24 a\u00f1os), Augusto Quintanilla (24 a\u00f1os) y Belkis Rodr\u00edguez (16 a\u00f1os).<\/p>\n<p>Ligia Guido era sobrina pol\u00edtica del alcalde de Rivas. Augusto Quintanilla ten\u00eda ra\u00edces cubanas. Francis Alguera y Yunielka Bola\u00f1os eran las mayores del grupo. Pero la historia que m\u00e1s conmovi\u00f3 fue la de N\u00e9stor Bonilla y Belkis Rodr\u00edguez, una pareja que ten\u00eda 22 d\u00edas de vivir junta y estaba esperando un beb\u00e9.<\/p>\n<p>Los que estuvieron en Rivas aquel d\u00eda lo recuerdan como l\u00fagubre. En cada calle del pueblo hab\u00eda un velorio, y los pobladores caminaban en romer\u00eda para estar un rato con cada familia de los j\u00f3venes fallecidos. \u201cFue un d\u00eda muy triste e impactante para Rivas. Primero por la cantidad, en segundo lugar por la juventud de los fallecidos, y en tercer lugar por la forma en que murieron\u201d, dice el padre Gregorio Barreales.<\/p>\n<figure id=\"attachment_40322\" aria-describedby=\"caption-attachment-40322\" style=\"width: 640px\" class=\"wp-caption aligncenter\"><a href=\"https:\/\/gep90.laprensa.com.ni\/magazine\/wp-content\/uploads\/2018\/02\/278-Mag-Acc-1.jpg\"><img decoding=\"async\" class=\"size-large wp-image-40322\" src=\"https:\/\/gep90.laprensa.com.ni\/magazine\/wp-content\/uploads\/2018\/02\/278-Mag-Acc-1-1024x768.jpg\" alt=\"\" width=\"640\" height=\"480\" srcset=\"https:\/\/d1xxa24wwackpg.cloudfront.net\/wp-content\/uploads\/2018\/02\/07141027\/278-Mag-Acc-1.jpg 1024w, https:\/\/d1xxa24wwackpg.cloudfront.net\/wp-content\/uploads\/2018\/02\/07141027\/278-Mag-Acc-1.jpg 300w, https:\/\/d1xxa24wwackpg.cloudfront.net\/wp-content\/uploads\/2018\/02\/07141027\/278-Mag-Acc-1.jpg 768w\" sizes=\"(max-width: 640px) 100vw, 640px\" \/><\/a><figcaption id=\"caption-attachment-40322\" class=\"wp-caption-text\">Los doce j\u00f3venes murieron desnucados. Foto: Archivo<\/figcaption><\/figure>\n<p style=\"text-align: center;\">***<\/p>\n<p>Un d\u00eda antes de morir, Daniel Molina pint\u00f3 la casa donde lo velaron. A su t\u00eda Mimi, una se\u00f1ora de m\u00e1s de 70 a\u00f1os de edad, le gustaba ir a las velas, hospitales, entierros y procesiones religiosas. Esa ma\u00f1ana, mientras estaba con la brocha en la mano, a modo de broma Molina dijo:<\/p>\n<p>\u2014Estoy pintando y dejando bonito para cuando muera mi Mimi.<\/p>\n<p>\u201cSin saber que pint\u00f3 para su propia vela\u201d, dice Lissette Castillo, su mam\u00e1. A su hijo le dec\u00eda Daniel \u201cEl Travieso\u201d por sobrada raz\u00f3n. Una vez lanz\u00f3, junto con otro amigo, una bomba lacrim\u00f3gena en la escuela que por poco provoca que lo expulsaran del colegio.<br \/>\nDaniel era el mayor de los tres hijos de Castillo. \u201cLa muerte de un hijo no se la deseo ni a mi peor enemigo. La mitad de mi vida se me fue con \u00e9l\u201d, dice la madre.<\/p>\n<p>Algunas noches, cuando se apagan las luces de la casa, Castillo se queda en la sala platicando con un retrato de Daniel. Le cuenta sus problemas y le pide que proteja a sus hermanos. Los viernes, d\u00edas en los que su hijo regresaba de estudiar Mec\u00e1nica Electr\u00f3nica en Granada, los prefiere pasar en otro barrio porque su casa le trae muchos recuerdos.<\/p>\n<p>\u201cYo lo lloro cada noche que me acuerdo. Es un impacto grande. Para m\u00ed es como que si no se hubiera muerto y \u00e9l estuviera en Granada. A veces creo que se va aparecer en la puerta y me va a tocar el candado, a como lo hac\u00eda siempre\u201d, dice Castillo.<\/p>\n<p>La mam\u00e1 de Daniel nunca se imagin\u00f3 que su hijo fuera tan popular. Centenares de personas le llegaron dar el p\u00e9same y cada una le contaba historias con \u00e9l. Castillo no sab\u00eda, por ejemplo, que a veces su hijo se iba a tocar con una banda a Costa Rica. O que ayudaba a un amigo a vender pan en San Juan del Sur.<\/p>\n<p>\u201cEl d\u00eda que se muri\u00f3, se me aparecieron personas que nunca hab\u00eda visto d\u00e1ndome el p\u00e9same. Me abrazaron como 20 muchachas que dec\u00edan que eran sus novias. Yo ni sab\u00eda con qui\u00e9n andaba\u201d, dice Castillo.<\/p>\n<p>Cada 3 de abril los amigos de Daniel y su mam\u00e1 van al cementerio. Le llevan un queque, encienden un cigarro y le cantan las canciones que le gustaban. \u201cYo repudi\u00e9 a Dios por hab\u00e9rmelo quitado, le reclamaba por qu\u00e9 tuvo que ser \u00e9l en lugar de tantas personas malas que hay en el mundo\u201d.<\/p>\n<figure id=\"attachment_40423\" aria-describedby=\"caption-attachment-40423\" style=\"width: 700px\" class=\"wp-caption aligncenter\"><a href=\"https:\/\/gep90.laprensa.com.ni\/magazine\/wp-content\/uploads\/2018\/02\/278-Mag-Accidente-4.jpg\"><img loading=\"lazy\" decoding=\"async\" class=\"size-full wp-image-40423\" src=\"https:\/\/gep90.laprensa.com.ni\/magazine\/wp-content\/uploads\/2018\/02\/278-Mag-Accidente-4.jpg\" alt=\"\" width=\"700\" height=\"467\" srcset=\"https:\/\/d1xxa24wwackpg.cloudfront.net\/wp-content\/uploads\/2018\/02\/07140951\/278-Mag-Accidente-4.jpg 700w, https:\/\/d1xxa24wwackpg.cloudfront.net\/wp-content\/uploads\/2018\/02\/07140951\/278-Mag-Accidente-4.jpg 300w\" sizes=\"(max-width: 700px) 100vw, 700px\" \/><\/a><figcaption id=\"caption-attachment-40423\" class=\"wp-caption-text\">Lisseth Castillo, madre de Daniel Molina Castillo. Foto: \u00d3scar Navarrete.<\/figcaption><\/figure>\n<p style=\"text-align: center;\">***<\/p>\n<p>Gladys Mu\u00f1oz y Carlos Torres escaparon de la muerte por pura casualidad. Gladys Mu\u00f1oz, era novia de Jos\u00e9 del Carmen, uno de los tres hermanos muertos en el accidente. Y Carlos Torres era un amigo que estuvo a punto de montarse al veh\u00edculo del destino fatal.<br \/>\nMu\u00f1oz viaj\u00f3 esa tarde con todos los muchachos de Rivas a San Juan del Sur. Sin embargo, en la bah\u00eda se separ\u00f3 de ellos y se fue con su familia. Acord\u00f3 con Jos\u00e9 del Carmen, su novio, encontrarse en la madrugada para regresar a Rivas, pero \u00e9l nunca le volvi\u00f3 a contestar sus llamadas.<\/p>\n<p>A las cinco de la ma\u00f1ana Gladys mir\u00f3 que una t\u00eda entraba a la casa llorando. Ella, de ver a su t\u00eda en ese estado, tambi\u00e9n comenz\u00f3 a llorar.<\/p>\n<p>\u2014\u00bfQu\u00e9 le pas\u00f3 a mis hermanos? \u2014pregunt\u00f3 Gladys.<\/p>\n<p>\u2014No son ellos \u2014le respondi\u00f3 su t\u00eda, atacada en llanto\u2014. Erwin es el que se accident\u00f3.<\/p>\n<p>Erwin Mora era primo de Gladys, pero ella sab\u00eda que la peor noticia no era esa. Lo que expon\u00eda esa afirmaci\u00f3n era que Jos\u00e9 del Carmen, su novio, tambi\u00e9n se hab\u00eda accidentado, pues nunca se separaba de Erwin. \u201cEn ese momento yo supe lo peor y me quebr\u00e9\u201d, dice Mu\u00f1oz.<br \/>\nA los minutos la llam\u00f3 su suegra, Ana Cecilia Grillo, quien de inmediato le pregunt\u00f3 por su hijo, Jos\u00e9 del Carmen.<\/p>\n<p>\u2014No est\u00e1 conmigo \u2014le dijo Gladys.<br \/>\n\u2014Pero \u00a1por qu\u00e9! Si ustedes nunca se separan \u2014le dijo Ana Cecilia, con la voz destruida, y finaliz\u00f3\u2014: Ten\u00eda la esperanza de que al menos \u00e9l estuviera vivo.<\/p>\n<p>Tras la muerte de sus hijos, Ana Cecilia tambi\u00e9n sufri\u00f3 las p\u00e9rdidas de su mam\u00e1 y su \u00fanica hermana. Ahora ella vive sola en la casa donde sol\u00edan permanecer sus hijos con sus amigos. \u201cElla ha estado muerta en vida. No sale. Esa casa nunca est\u00e1 abierta. Y habla con muy pocas personas\u201d, dice Gladys Mu\u00f1oz.<\/p>\n<p>Ana Cecilia entr\u00f3 en depresi\u00f3n. Abandon\u00f3 el trabajo, a su pareja y dej\u00f3 de frecuentar amistades. Estuvo yendo a psic\u00f3logos junto con Gladys, pero no ha logrado sobrellevar la tragedia. Para este reportaje la buscamos, pero se neg\u00f3 a hablar porque el recuerdo de sus hijos la hac\u00eda llorar al instante.<\/p>\n<p>Carlos Torres, abuelo de los tres hermanos Torres, tambi\u00e9n se emocion\u00f3 cuando lo consultamos. Sin embargo, cont\u00f3 que para \u00e9l la tragedia hubiera sido peor, ya que su hijo tambi\u00e9n hubiera muerto ese d\u00eda.<\/p>\n<p>Carlos Torres Jr., al ver el estado de ebriedad de Aldo Mora, le pidi\u00f3 las llaves para manejar de regreso a Rivas. En lugar de acceder a d\u00e1rselas, seg\u00fan Torres, Mora lo embisti\u00f3 con el carro y lo ofendi\u00f3. De esa manera fue que Torres Jr. se salv\u00f3, al no subirse a la camioneta que minutos despu\u00e9s se estrell\u00f3 en el kil\u00f3metro 118.<\/p>\n<figure id=\"attachment_40424\" aria-describedby=\"caption-attachment-40424\" style=\"width: 576px\" class=\"wp-caption aligncenter\"><a href=\"https:\/\/gep90.laprensa.com.ni\/magazine\/wp-content\/uploads\/2018\/02\/278-Mag-AnaCecilia-2.jpg\"><img loading=\"lazy\" decoding=\"async\" class=\"size-large wp-image-40424\" src=\"https:\/\/gep90.laprensa.com.ni\/magazine\/wp-content\/uploads\/2018\/02\/278-Mag-AnaCecilia-2-576x1024.jpg\" alt=\"\" width=\"576\" height=\"1024\" srcset=\"https:\/\/d1xxa24wwackpg.cloudfront.net\/wp-content\/uploads\/2018\/02\/07140950\/278-Mag-AnaCecilia-2.jpg 576w, https:\/\/d1xxa24wwackpg.cloudfront.net\/wp-content\/uploads\/2018\/02\/07140950\/278-Mag-AnaCecilia-2.jpg 169w, https:\/\/d1xxa24wwackpg.cloudfront.net\/wp-content\/uploads\/2018\/02\/07140950\/278-Mag-AnaCecilia-2.jpg 700w\" sizes=\"(max-width: 576px) 100vw, 576px\" \/><\/a><figcaption id=\"caption-attachment-40424\" class=\"wp-caption-text\">Ana Cecilia Grillo, madre de los tres hermanos Mu\u00f1oz Grillo, muertos en el accidente. Foto: cortes\u00eda<\/figcaption><\/figure>\n<p style=\"text-align: center;\">***<\/p>\n<p>Tres d\u00edas despu\u00e9s del choque, la Polic\u00eda de Rivas lleg\u00f3 a traer a Aldo Mora hasta su casa. El Ministerio P\u00fablico lo acusaba por los delitos de homicidio imprudente y lesiones imprudentes. \u201cQue me ayuden, que me saquen. Prefiero morirme ah\u00ed (c\u00e1rcel) adentro. Que me saquen de ah\u00ed, que me saquen. No quiero ir ah\u00ed, no quiero, yo me voy a morir. Me voy a morir por estar ah\u00ed. Yo soy inocente, no quiero\u201d, gritaba Aldo, entre l\u00e1grimas, cuando ten\u00eda 21 a\u00f1os de edad.<\/p>\n<p>Seg\u00fan el periodista Ram\u00f3n Villarreal, durante un mes en una radio local comenz\u00f3 una campa\u00f1a a favor de Aldo para que lo liberaran. En Rivas tambi\u00e9n se convocaron marchas pidiendo su libertad. \u201cLograron hacer presi\u00f3n, hasta que los familiares accedieron a perdonarlo y no continuaron con el proceso\u201d, agrega Villarreal.<\/p>\n<p>Hubo, sin embargo, dos familias que se fueron a juicio, pero abandonaron la acusaci\u00f3n contra el conductor. Fue de esa manera que Aldo Mora nunca fue condenado por las 12 muertes.<\/p>\n<p>El castigo contra Aldo Mora, no obstante, ha durado todos estos a\u00f1os por parte de sus familiares. La madre de Erwin Mora, quien muri\u00f3 en el accidente, y es t\u00eda de Aldo, le dej\u00f3 de hablar a pesar de que viven en la misma casa.<\/p>\n<p>Gladys Mu\u00f1oz, su prima, tampoco le habla desde el accidente. Otro que dej\u00f3 de salir con \u00e9l fue Jean Carlos P\u00e1ez, el sobreviviente a quien Aldo trat\u00f3 de inculpar, seg\u00fan recopil\u00f3 la Polic\u00eda.<\/p>\n<p>Lissette Castillo, madre de Daniel Molina, siente coraje cada vez que mira a Aldo en la calle. En una ocasi\u00f3n que se lo encontr\u00f3 manejando, ella le grit\u00f3: \u201casesino\u201d. \u201cNunca lo perdon\u00e9. Yo no lo tolero. \u00c9l anda tranquilo, como si nada. Tal vez lo hubi\u00e9ramos perdonado si hubiera venido a la casa a pedir disculpas, pero ni eso hizo\u201d, dice Castillo.<\/p>\n<p>Encontramos Aldo Mora en su casa, pero se neg\u00f3 a dar una entrevista. \u201cYo no quiero hablar porque eso puede levantar el avispero. La gente todav\u00eda me dice cosas y peor por redes sociales, que me ofenden\u201d, dijo Mora.<\/p>\n<p>En Facebook hay una p\u00e1gina que se llama \u201cSiempre los recordaremos\u201d, en honor a los 12 fallecidos. Karol Santana es una de las que m\u00e1s escribe. Dice que a menudo voltea al cielo y le gusta pensar que la bendicen. Los recuerda por la ma\u00f1ana, por la noche, mirando las estrellas. A veces ve la luna y suspira con una canci\u00f3n, un lugar, una sonrisa, un abrazo.<\/p>\n<p>Quiz\u00e1 la muerte grafic\u00f3 sus vidas. La velocidad insuperable de la juventud. La negrura cerrada de la madrugada. La torpeza de avanzar por la direcci\u00f3n contraria. Hasta que la cruda vida golpea sus sue\u00f1os. El horror de la muerte y la belleza de los recuerdos. Todo a la vez.<\/p>\n<figure id=\"attachment_40425\" aria-describedby=\"caption-attachment-40425\" style=\"width: 700px\" class=\"wp-caption aligncenter\"><a href=\"https:\/\/gep90.laprensa.com.ni\/magazine\/wp-content\/uploads\/2018\/02\/278-Mag-Marcha.jpg\"><img loading=\"lazy\" decoding=\"async\" class=\"size-full wp-image-40425\" src=\"https:\/\/gep90.laprensa.com.ni\/magazine\/wp-content\/uploads\/2018\/02\/278-Mag-Marcha.jpg\" alt=\"\" width=\"700\" height=\"525\" srcset=\"https:\/\/d1xxa24wwackpg.cloudfront.net\/wp-content\/uploads\/2018\/02\/07140949\/278-Mag-Marcha.jpg 700w, https:\/\/d1xxa24wwackpg.cloudfront.net\/wp-content\/uploads\/2018\/02\/07140949\/278-Mag-Marcha.jpg 300w\" sizes=\"(max-width: 700px) 100vw, 700px\" \/><\/a><figcaption id=\"caption-attachment-40425\" class=\"wp-caption-text\">En Rivas se convocaron marchas por la libertad de Aldo Mora, conductor del veh\u00edculo, quien al final fue perdonado. Foto: Archivo<\/figcaption><\/figure>\n<h3>\u00bfQui\u00e9nes eran?<\/h3>\n<p>Jos\u00e9 del Carmen Mu\u00f1oz, de 20 a\u00f1os de edad, estudiaba Dise\u00f1o gr\u00e1fico en la Universidad de Ciencias Comerciales. Al momento de su muerte era presentador de un programa de televisi\u00f3n. Era el favorito de su mam\u00e1, Ana Cecilia Grillo. So\u00f1aba con irse a trabajar a Europa.<\/p>\n<p>Carlos Alberto Mu\u00f1oz, de 18 a\u00f1os de edad, era apasionado al futbol. Era el m\u00e1s hiperactivo de los tres hermanos Mu\u00f1oz, el favorito de su abuela paterna y el m\u00e1s popular.<\/p>\n<p>Ra\u00fal \u00c1ngel, de 16 a\u00f1os de edad, era la adoraci\u00f3n de su pap\u00e1, con quien dorm\u00eda en el mismo cuarto. So\u00f1aba con ser arquitecto.<br \/>\nA Erwin Mora, de 19 a\u00f1os de edad, le dec\u00edan Mil\u00edn. Estudiaba primer a\u00f1o de Mercadeo. Jugaba futbol sala en el equipo Los Lobos. Era primo hermano de Aldo Mora, el conductor de la camioneta.<\/p>\n<p>Daniel Molina, de 18 a\u00f1os de edad, era el quinto integrante del equipo Los Lobos. Estudiaba Mec\u00e1nica electr\u00f3nica en Granada. Tocaba el redoble en la banda de guerra de Rivas.<\/p>\n<p>Ligia Guido, de 24 a\u00f1os de edad, era sobrina pol\u00edtica del alcalde de Rivas. Seg\u00fan quienes la conocieron, era extrovertida, fiestera y le gustaba organizar eventos. Siempre participaba en las colectas para causas altruistas.<\/p>\n<p>Augusto Quintanilla, de 24 a\u00f1os, ten\u00eda ra\u00edces cubanas y jugaba beisbol.<\/p>\n<p>Belkis Yahoska Rodr\u00edguez y N\u00e9stor Bonilla eran una pareja originaria de Bel\u00e9n, Rivas. Rodr\u00edguez estaba embarazada al momento que falleci\u00f3. Ambos ten\u00edan 22 d\u00edas de vivir juntos.<\/p>\n<p>Jos\u00e9 Reinaldo Lacayo, de 24 a\u00f1os, era locutor de radio. Fue quien pidi\u00f3 \u201cride\u201d para \u00e9l y sus seis amigos. Todos fallecidos.<\/p>\n<h3>Fotos crudas<\/h3>\n<p>En internet circula una publicaci\u00f3n con el t\u00edtulo: \u201cFotos fuertes de un terrible accidente automovil\u00edstico\u201d. Las im\u00e1genes fueron tomadas por peritos de la Polic\u00eda de Rivas que, de alguna manera, se filtraron en la web y desde entonces siguen circulando libremente.<\/p>\n<p>\u201cLas im\u00e1genes no sirven m\u00e1s que para tomar conciencia, y como una muestra m\u00e1s de que nunca se debe conducir en estado de ebriedad. Est\u00e1 bastante claro que las fotos son muy fuertes y no aptas para personas sensibles\u201d, advierte la publicaci\u00f3n.<\/p>\n<p>Seg\u00fan fuentes de la Polic\u00eda de Rivas, los peritos que filtraron las fotos fueron suspendidos de la instituci\u00f3n. Se presume que por descuido hayan sido olvidadas en un cibercaf\u00e9 y a partir de ah\u00ed se difundieron.<\/p>\n","protected":false},"excerpt":{"rendered":"<p>En la Semana Santa de 2010, ocurri\u00f3 uno de los accidentes de tr\u00e1nsito m\u00e1s impactantes de Nicaragua: 12 j\u00f3venes murieron en Rivas. Para los familiares los a\u00f1os han pasado, pero el dolor sigue intacto<\/p>\n","protected":false},"author":8,"featured_media":40336,"comment_status":"open","ping_status":"open","sticky":false,"template":"","format":"standard","meta":{"_acf_changed":false,"footnotes":""},"categories":[26],"tags":[],"class_list":["post-40094","post","type-post","status-publish","format-standard","has-post-thumbnail","hentry","category-reportajes"],"acf":[],"_links":{"self":[{"href":"https:\/\/staging.laprensanic.com\/magazine\/wp-json\/wp\/v2\/posts\/40094","targetHints":{"allow":["GET"]}}],"collection":[{"href":"https:\/\/staging.laprensanic.com\/magazine\/wp-json\/wp\/v2\/posts"}],"about":[{"href":"https:\/\/staging.laprensanic.com\/magazine\/wp-json\/wp\/v2\/types\/post"}],"author":[{"embeddable":true,"href":"https:\/\/staging.laprensanic.com\/magazine\/wp-json\/wp\/v2\/users\/8"}],"replies":[{"embeddable":true,"href":"https:\/\/staging.laprensanic.com\/magazine\/wp-json\/wp\/v2\/comments?post=40094"}],"version-history":[{"count":16,"href":"https:\/\/staging.laprensanic.com\/magazine\/wp-json\/wp\/v2\/posts\/40094\/revisions"}],"predecessor-version":[{"id":48287,"href":"https:\/\/staging.laprensanic.com\/magazine\/wp-json\/wp\/v2\/posts\/40094\/revisions\/48287"}],"wp:featuredmedia":[{"embeddable":true,"href":"https:\/\/staging.laprensanic.com\/magazine\/wp-json\/wp\/v2\/media\/40336"}],"wp:attachment":[{"href":"https:\/\/staging.laprensanic.com\/magazine\/wp-json\/wp\/v2\/media?parent=40094"}],"wp:term":[{"taxonomy":"category","embeddable":true,"href":"https:\/\/staging.laprensanic.com\/magazine\/wp-json\/wp\/v2\/categories?post=40094"},{"taxonomy":"post_tag","embeddable":true,"href":"https:\/\/staging.laprensanic.com\/magazine\/wp-json\/wp\/v2\/tags?post=40094"}],"curies":[{"name":"wp","href":"https:\/\/api.w.org\/{rel}","templated":true}]}}