{"id":40604,"date":"2018-03-10T18:52:14","date_gmt":"2018-03-11T00:52:14","guid":{"rendered":"https:\/\/www.magazine.com.ni\/?p=40604"},"modified":"2020-11-24T16:17:57","modified_gmt":"2020-11-24T22:17:57","slug":"que-viva-el-boer","status":"publish","type":"post","link":"https:\/\/staging.laprensanic.com\/magazine\/reportajes\/que-viva-el-boer\/","title":{"rendered":"\u00a1Que viva el B\u00f3er!"},"content":{"rendered":"<p style=\"text-align: center;\">Fundado por un c\u00f3nsul norteamericano y un barbero nicarag\u00fcense, el B\u00f3er es el equipo mimado del beisbol nacional. Su nombre se inspira en heroicos campesinos holandeses que combatieron con valor a las tropas inglesas en el \u00c1frica meridional. Esta es su historia<\/p>\n<p style=\"text-align: center;\"><strong>Por Eduardo Cruz<\/strong><\/p>\n<p>Jorge Artola Machado contesta una llamada en el celular y cuando se lo coloca en el o\u00eddo devela la llamativa calcoman\u00eda que tiene pegada en la parte trasera del aparato telef\u00f3nico. Se trata de una imagen colorida, en la que predominan el rojo, el azul y el blanco, y en la que reza una leyenda que dice B\u00f3er. Arriba de las letras est\u00e1 la figura de un indio. A sus 45 a\u00f1os de edad, mantiene intacta su pasi\u00f3n por los Indios del B\u00f3er desde que ten\u00eda ocho a\u00f1os de edad, cuando supo por primera vez de la existencia de ese equipo de beisbol.<\/p>\n<p>Artola Machado, a quien conocen mejor solo como George, viv\u00eda en la colonia Primero de Mayo cuando visit\u00f3 con sus amigos de infancia por primera vez un estadio de beisbol. Estaban jugando el Granada contra los Dantos del EPS. George pregunt\u00f3 cu\u00e1l era el equipo de Managua y sus amigos le contestaron que hab\u00eda dos, uno bueno y otro malo. \u201c\u00bfCu\u00e1l es el malo?\u201d, pregunt\u00f3. \u201cNo est\u00e1 aqu\u00ed ahorita. Se llama B\u00f3er\u201d, le respondieron. \u201cAh, pues yo me voy con los malos\u201d, dijo George. Y desde entonces es fan del B\u00f3er.<\/p>\n<p>Mirna Guill\u00e9n Obando tiene 73 a\u00f1os de edad y va al estadio, no solo al de Managua, sino a cualquiera donde juegue el B\u00f3er. Conoce todos los estadios del pa\u00eds, salvo los del Caribe. Tiene su camiseta del B\u00f3er, un bate, pelotas, y muchos otros recuerdos de su amado equipo. Ahorita anda en busca de un libro que escribi\u00f3 Julio C\u00e9sar Miranda sobre la historia del B\u00f3er, que cuenta desde que este equipo se fund\u00f3 en 1905, por iniciativa del c\u00f3nsul norteamericano Carter Donaldson (algunos dicen que se llamaba Chester), su hijo Agust\u00edn y el maestro barbero nicarag\u00fcense, Francisco Rodr\u00edguez Caparro.<\/p>\n<figure id=\"attachment_40728\" aria-describedby=\"caption-attachment-40728\" style=\"width: 700px\" class=\"wp-caption aligncenter\"><a href=\"https:\/\/gep90.laprensa.com.ni\/magazine\/wp-content\/uploads\/2018\/03\/279-Mag-Boer-16.jpg\"><img fetchpriority=\"high\" decoding=\"async\" class=\"wp-image-40728 size-full\" src=\"https:\/\/gep90.laprensa.com.ni\/magazine\/wp-content\/uploads\/2018\/03\/279-Mag-Boer-16.jpg\" alt=\"\" width=\"700\" height=\"467\" srcset=\"https:\/\/d1xxa24wwackpg.cloudfront.net\/wp-content\/uploads\/2018\/03\/07140637\/279-Mag-Boer-16.jpg 700w, https:\/\/d1xxa24wwackpg.cloudfront.net\/wp-content\/uploads\/2018\/03\/07140637\/279-Mag-Boer-16.jpg 300w\" sizes=\"(max-width: 700px) 100vw, 700px\" \/><\/a><figcaption id=\"caption-attachment-40728\" class=\"wp-caption-text\"><em>A sus 73 a\u00f1os de edad, Mirna Guill\u00e9n Obando, una chontale\u00f1a, va con frecuencia a los estadios para ver a su amado B\u00f3er, al que sigue desde que ten\u00eda 17 a\u00f1os de edad y escuchaba los juegos con su abuelo Antonino Obando, en un radio de bater\u00eda. FOTO\/ \u00d3SCAR NAVARRETE<\/em><\/figcaption><\/figure>\n<p>Guill\u00e9n recuerda n\u00edtidamente cuando ella ten\u00eda 17 a\u00f1os de edad, viv\u00eda en Juigalpa, Chontales, y se pon\u00eda a o\u00edr con su abuelo Antonino Obando los juegos del B\u00f3er a trav\u00e9s de un radio de bater\u00eda. Escuchaba a los cronistas deportivos Armando Proveedor y Sucre Frech. Una de las radios que recuerda es la Estaci\u00f3n X y se emocionaba con los batazos de Calin Rosales o de Willy Wilson. Era una delicia escuchar esas narraciones.<\/p>\n<p>Tambi\u00e9n era un poco inc\u00f3modo porque la abuela Mar\u00eda Chavarr\u00eda, pol\u00edticamente era de tendencia liberal. \u201cLa abuelita era una lideresa, la Guardia le o\u00eda\u201d, recuerda Guill\u00e9n. Por tanto, era fan del Cinco Estrellas, el equipo patrocinado por la Guardia Nacional, en donde los jugadores ten\u00edan de todo y eran los mejor pagados de la liga. Era el equipo de Anastasio Somoza Debayle.<\/p>\n<p>En cambio, en el B\u00f3er, estaban los peor pagados. As\u00ed lo recuerda Calixto Vargas, el que era primera base del equipo a inicios de los a\u00f1os setenta, cuando el conjunto se llamaba B\u00f3er Victoria. \u201cEn mis tiempos \u00e9ramos los m\u00e1s mal pagados. Sin consideraciones, sin transporte. Nos daban 300 c\u00f3rdobas por mes. Al pelotero lo dejaban botado en el estadio, de donde vini\u00e9ramos de jugar. Los peloteros ten\u00edan que irse a pie a sus casas o quedarse durmiendo en el estadio\u201d, recuerda Vargas.<\/p>\n<figure id=\"attachment_40718\" aria-describedby=\"caption-attachment-40718\" style=\"width: 640px\" class=\"wp-caption aligncenter\"><a href=\"https:\/\/gep90.laprensa.com.ni\/magazine\/wp-content\/uploads\/2018\/03\/279-Mag-Boer-6.jpg\"><img decoding=\"async\" class=\"size-large wp-image-40718\" src=\"https:\/\/gep90.laprensa.com.ni\/magazine\/wp-content\/uploads\/2018\/03\/279-Mag-Boer-6-1024x768.jpg\" alt=\"\" width=\"640\" height=\"480\" srcset=\"https:\/\/d1xxa24wwackpg.cloudfront.net\/wp-content\/uploads\/2018\/03\/07140656\/279-Mag-Boer-6.jpg 1024w, https:\/\/d1xxa24wwackpg.cloudfront.net\/wp-content\/uploads\/2018\/03\/07140656\/279-Mag-Boer-6.jpg 300w, https:\/\/d1xxa24wwackpg.cloudfront.net\/wp-content\/uploads\/2018\/03\/07140656\/279-Mag-Boer-6.jpg 768w, https:\/\/d1xxa24wwackpg.cloudfront.net\/wp-content\/uploads\/2018\/03\/07140656\/279-Mag-Boer-6.jpg 2048w\" sizes=\"(max-width: 640px) 100vw, 640px\" \/><\/a><figcaption id=\"caption-attachment-40718\" class=\"wp-caption-text\"><em>Calixto Vargas, primera base del B\u00f3er a inicios de los a\u00f1os setenta. FOTO\/ EDUARDO CRUZ<\/em><\/figcaption><\/figure>\n<p>La mayor\u00eda de los boeristas reconocen que el B\u00f3er ha sido malo, salvo en algunas etapas, pero siendo siempre luchador. Mirna Guill\u00e9n dice que una de las mejores etapas del B\u00f3er fue cuando al mando del directivo estuvo el empresario granadino Miguel Castillo, a mediados de los a\u00f1os noventa del siglo pasado. Castillo llev\u00f3 buenos jugadores y logr\u00f3 que el equipo se coronara campe\u00f3n en 1995, despu\u00e9s de que hab\u00edan pasado 18 a\u00f1os sin lograr un campeonato. El \u00faltimo hab\u00eda sido en 1977, cuando se llamaba los B\u00fafalos del B\u00f3er, aunque muchos consideran que ese equipo realmente no era el B\u00f3er, sino que lo patrocinaba la empresa Ifagan.<\/p>\n<p>Esa fama de que el B\u00f3er ten\u00eda menos recursos, que era el equipo del pueblo, sumado a que el Cinco Estrellas representaba a la dictadura somocista, hac\u00eda que la gente se volcara hacia el B\u00f3er, dicen los m\u00e1s viejos boeristas.<\/p>\n<p>As\u00ed tambi\u00e9n lo explica el historiador deportivo Manuel Genet, quien asegura que sigue al B\u00f3er desde que \u00e9l ten\u00eda 10 a\u00f1os de edad, all\u00e1 por 1952. Aunque Genet se\u00f1ala que el odio contra Somoza, en este caso el primero de la dictadura, Anastasio Somoza Garc\u00eda, empujaba a la gente a animar al B\u00f3er, porque sab\u00edan que el dictador se enfurec\u00eda, tambi\u00e9n es verdad que el equipo brindaba buen espect\u00e1culo.<\/p>\n<p>Genet recuerda que a inicios de los a\u00f1os cincuenta era un espect\u00e1culo bien grande ir a ver jugar al B\u00f3er contra el Cinco Estrellas. Todos los s\u00e1bados llegaban unas 15 mil personas al Estadio Nacional, que hab\u00eda sido inaugurado en 1948, aunque todav\u00eda no ten\u00eda luminarias, para ver lanzar al pitcher estrella de los indios, Rosal\u00edo Castro Membre\u00f1o, llamado solamente Chal\u00edo Castro. A Chal\u00edo Castro le llamaban el domador de tigres, porque al Cinco Estrellas se le llamaba los Tigres de la Curva. La Curva era la residencia del dictador Anastasio Somoza Garc\u00eda.<\/p>\n<figure id=\"attachment_40729\" aria-describedby=\"caption-attachment-40729\" style=\"width: 700px\" class=\"wp-caption aligncenter\"><a href=\"https:\/\/gep90.laprensa.com.ni\/magazine\/wp-content\/uploads\/2018\/03\/279-Mag-Boer-17.jpg\"><img decoding=\"async\" class=\"wp-image-40729 size-full\" src=\"https:\/\/gep90.laprensa.com.ni\/magazine\/wp-content\/uploads\/2018\/03\/279-Mag-Boer-17.jpg\" alt=\"\" width=\"700\" height=\"467\" srcset=\"https:\/\/d1xxa24wwackpg.cloudfront.net\/wp-content\/uploads\/2018\/03\/07140636\/279-Mag-Boer-17.jpg 700w, https:\/\/d1xxa24wwackpg.cloudfront.net\/wp-content\/uploads\/2018\/03\/07140636\/279-Mag-Boer-17.jpg 300w\" sizes=\"(max-width: 700px) 100vw, 700px\" \/><\/a><figcaption id=\"caption-attachment-40729\" class=\"wp-caption-text\"><em>La barra del B\u00f3er es de las m\u00e1s coloridas y fieles que tiene el beisbol en Nicaragua. Los especialistas aseguran que la fanaticada boerista ha cruzado las fronteras del pa\u00eds. FOTO\/ WILMER L\u00d3PEZ<\/em><\/figcaption><\/figure>\n<p>La pol\u00edtica ha estado ligada al deporte y especialmente al B\u00f3er. El 24 de junio de 1956, cuando Somoza Garc\u00eda estaba en planes de ser candidato presidencial buscando la reelecci\u00f3n, los boeristas aprovecharon la presencia del dictador para abuchearlo. Seg\u00fan el libro de Miranda, \u201cel incidente comenz\u00f3 cuando la reducida barra aplaudi\u00f3 al general Somoza, cuando \u00e9l se present\u00f3 al palco presidencial. A eso la enorme barra boerista contest\u00f3 con silbidos que atronaron el estadio por espacio de varios minutos, por lo cual el general se levant\u00f3 de su asiento y enarbol\u00f3 un bander\u00edn del B\u00f3er\u201d.<\/p>\n<p>Los boeristas tomaron la acci\u00f3n como una burla e intensificaron el abucheo contra Somoza, agitando pa\u00f1uelos, como cuando se pide que un pitcher sea sacado del juego, explica Miranda.<\/p>\n<p>En los a\u00f1os ochenta la situaci\u00f3n del B\u00f3er, en el plano pol\u00edtico, cambi\u00f3 un poco. Con la Revoluci\u00f3n sandinista nacieron los Dantos, que eran el equipo del Ej\u00e9rcito Popular Sandinista (EPS). Los Dantos vinieron a ser lo que antes era el Cinco Estrellas, guardando las distancias, porque los especialistas consideran que el equipo de Somoza era mucho mejor. Y aunque por su calidad los Dantos pronto ganaron terreno entre la fanaticada, los seguidores del B\u00f3er siguieron siendo abrumadoramente mayor\u00eda.<\/p>\n<p>El general Humberto Ortega explica que \u00e9l obviamente segu\u00eda a los Dantos, pero su hermano Daniel Ortega, que era el presidente de la Rep\u00fablica, segu\u00eda al B\u00f3er. Cada miembro de la Direcci\u00f3n Nacional del Frente Sandinista apoyaba a un equipo. El mismo Daniel Ortega lo explic\u00f3 en una entrevista a la revista <em>Play boy<\/em> en noviembre de 1987, cuando el pa\u00eds sufr\u00eda una guerra civil entre los sandinistas y los contras.<\/p>\n<p>La periodista le pregunt\u00f3 a Daniel Ortega cu\u00e1l equipo estaba siguiendo y \u00e9l le contest\u00f3: \u201cEl B\u00f3er. Pero tengo que aplaudir a ambos equipos (los dem\u00e1s del pa\u00eds). Ya no puedo expresar mis simpat\u00edas p\u00fablicamente. El hecho de que el beisbol se juegue en medio de una guerra contra nosotros por parte de Estados Unidos es otro triunfo para el pueblo nicarag\u00fcense. Significa que Washington no ha podido fragmentar nuestra sociedad. A pesar de la guerra, los deportes y las actividades recreativas contin\u00faan\u201d.<\/p>\n<figure id=\"attachment_40735\" aria-describedby=\"caption-attachment-40735\" style=\"width: 700px\" class=\"wp-caption aligncenter\"><a href=\"https:\/\/gep90.laprensa.com.ni\/magazine\/wp-content\/uploads\/2018\/03\/279-Mag-Boer-23.jpg\"><img loading=\"lazy\" decoding=\"async\" class=\"wp-image-40735 size-full\" src=\"https:\/\/gep90.laprensa.com.ni\/magazine\/wp-content\/uploads\/2018\/03\/279-Mag-Boer-23.jpg\" alt=\"\" width=\"700\" height=\"467\" srcset=\"https:\/\/d1xxa24wwackpg.cloudfront.net\/wp-content\/uploads\/2018\/03\/07140630\/279-Mag-Boer-23.jpg 700w, https:\/\/d1xxa24wwackpg.cloudfront.net\/wp-content\/uploads\/2018\/03\/07140630\/279-Mag-Boer-23.jpg 300w\" sizes=\"(max-width: 700px) 100vw, 700px\" \/><\/a><figcaption id=\"caption-attachment-40735\" class=\"wp-caption-text\"><em>El B\u00f3er celebra el pase a la final del campeonato de primera de divisi\u00f3n en el 2016, tras ganarle al Matagalpa. En la final perdieron contra los Dantos, cuatro juegos a dos. FOTO\/ CARLOS VALLE<\/em><\/figcaption><\/figure>\n<p>En la actualidad el equipo est\u00e1 siendo manejado por personas allegadas al gobierno de turno. En la presidencia se encuentra Bayardo Arce Casta\u00f1o, asesor econ\u00f3mico de la presidencia y excomandante de la Revoluci\u00f3n sandinista.<\/p>\n<p>En 1991 el B\u00f3er se convirti\u00f3 en una corporaci\u00f3n y desde la \u00e9poca de Arnoldo Alem\u00e1n, a finales de los a\u00f1os noventa, ha sido manejado por personas allegadas al gobierno de turno. Lo fue en el caso de Byron Jerez, exdirector de la DGI, y lo es ahora con Bayardo Arce.<\/p>\n<p>Aun as\u00ed, el pelotero Calixto Vargas se\u00f1ala que \u201cel B\u00f3er no es de nadie, es del pueblo\u201d.<\/p>\n<figure id=\"attachment_40713\" aria-describedby=\"caption-attachment-40713\" style=\"width: 700px\" class=\"wp-caption aligncenter\"><a href=\"https:\/\/gep90.laprensa.com.ni\/magazine\/wp-content\/uploads\/2018\/03\/279-Mag-Boer-1.jpg\"><img loading=\"lazy\" decoding=\"async\" class=\"size-full wp-image-40713\" src=\"https:\/\/gep90.laprensa.com.ni\/magazine\/wp-content\/uploads\/2018\/03\/279-Mag-Boer-1.jpg\" alt=\"\" width=\"700\" height=\"467\" srcset=\"https:\/\/d1xxa24wwackpg.cloudfront.net\/wp-content\/uploads\/2018\/03\/07140706\/279-Mag-Boer-1.jpg 700w, https:\/\/d1xxa24wwackpg.cloudfront.net\/wp-content\/uploads\/2018\/03\/07140706\/279-Mag-Boer-1.jpg 300w\" sizes=\"(max-width: 700px) 100vw, 700px\" \/><\/a><figcaption id=\"caption-attachment-40713\" class=\"wp-caption-text\"><em>Jorge Artola, George, disfrazado de indio animando a la barra del B\u00f3er. FOTO\/ WILMER L\u00d3PEZ<\/em><\/figcaption><\/figure>\n<p>El amor que tiene por el equipo B\u00f3er, lleva a Jorge Artola Machado, George, a que en cada partido al que va a ver a su equipo, pase a la v\u00edspera casi dos horas maquill\u00e1ndose, a invertir su dinero en la elaboraci\u00f3n de penachos e indumentarias varias, para convertirse en un indio y llegar al estadio disfrazado, para animar a la barra del equipo.<\/p>\n<p>Desde que se convirti\u00f3 en indio, George va todos los d\u00edas al gimnasio, para mantener una buena figura, porque cuando anda disfrazado a veces tiene que quitarse la camisa y no quiere ser un indio gordo ni desnutrido, que d\u00e9 verg\u00fcenza. \u201cTengo 45 a\u00f1os de edad y a estas alturas ya no es tan f\u00e1cil mantener un buen cuerpo\u201d, dice entre risas.<\/p>\n<p>La idea de George es ser un indio moderno y para eso ha ido mejorando el atuendo. Tambi\u00e9n se capacita en bailes ind\u00edgenas y mira muchos videos de esa \u00edndole. \u201cEsto no es la zumba marumba\u201d, dice George, quien asegura que tiene seis penachos y varios trajes de indios sioux, apache, jefe indio y flechero.<\/p>\n<p>Con su primera esposa George tuvo algunos inconvenientes. A ella no le gustaba mucho la idea de que \u00e9l se disfrazara de indio y anduviera haciendo \u201cmuecas\u201d en el estadio. Y si es a su hijo, quien ahora tiene 16 a\u00f1os de edad, \u00e9l quiso convertirlo en un peque\u00f1o indio pero cuando el muchacho creci\u00f3 dijo que eso no le gustaba. El traje que le confeccion\u00f3 a su hijo ahora lo usa una sobrinita de George. \u201cSe ve muy bonita\u201d, dice George, quien est\u00e1 prepar\u00e1ndola para llevarla al estadio.<\/p>\n<p>Con una nueva esposa, Johanna Luna, George lleva m\u00e1s tranquila su pasi\u00f3n por el B\u00f3er. Luna le ayuda a maquillarse como indio y tambi\u00e9n a vestirse. Ahora hasta ella se disfraza de india.<\/p>\n<p>Dependiendo del traje que use, es bastante cansado hacer de indio. A veces el penacho pesa mucho o es inc\u00f3modo que George no puede sentarse y tiene que estar de pie durante todo el partido de beisbol. La cosa se empeora cuando llega temprano al estadio, porque pasa m\u00e1s tiempo con el penacho encima. En el nuevo Estadio Dennis Mart\u00ednez, George va a sufrir m\u00e1s, dice, porque ah\u00ed no hay condiciones ni para estar de pie.<\/p>\n<p>Para George nada de eso es un sacrificio. \u00c9l no ha sido la \u00fanica persona que se disfraza de indio para hacer barra al B\u00f3er, pero se\u00f1ala que lo hace con mucho amor al equipo. A veces deja de trabajar para ser el indio del B\u00f3er en el estadio.<\/p>\n<figure id=\"attachment_40714\" aria-describedby=\"caption-attachment-40714\" style=\"width: 700px\" class=\"wp-caption aligncenter\"><a href=\"https:\/\/gep90.laprensa.com.ni\/magazine\/wp-content\/uploads\/2018\/03\/279-Mag-Boer-2.jpg\"><img loading=\"lazy\" decoding=\"async\" class=\"wp-image-40714 size-full\" src=\"https:\/\/gep90.laprensa.com.ni\/magazine\/wp-content\/uploads\/2018\/03\/279-Mag-Boer-2.jpg\" alt=\"\" width=\"700\" height=\"467\" srcset=\"https:\/\/d1xxa24wwackpg.cloudfront.net\/wp-content\/uploads\/2018\/03\/07140705\/279-Mag-Boer-2.jpg 700w, https:\/\/d1xxa24wwackpg.cloudfront.net\/wp-content\/uploads\/2018\/03\/07140705\/279-Mag-Boer-2.jpg 300w\" sizes=\"(max-width: 700px) 100vw, 700px\" \/><\/a><figcaption id=\"caption-attachment-40714\" class=\"wp-caption-text\"><em>Considerado el fan\u00e1tico n\u00famero uno del B\u00f3er, el que no debe faltar con sus gritos en el estadio, Clodomiro el \u00d1ajo va en el bus del equipo cuando se viaja fuera de Managua. Es tan boerista que est\u00e1 pensando dejar su casa a nombre del B\u00f3er, una vez que fallezca, para que duerman ah\u00ed los peloteros for\u00e1neos. FOTO\/ WILMER L\u00d3PEZ<\/em><\/figcaption><\/figure>\n<p>Todo mundo coincide en que el fan\u00e1tico n\u00famero uno del B\u00f3er, el s\u00edmbolo de los simpatizantes, el \u00fanico al que dejan que viaje en el bus del equipo es una persona que todos conocen, pero si se dice su nombre, Esteban Marcos Marenco Peralta, pocos sabr\u00e1n qui\u00e9n es. Es Clodomiro, el \u00d1ajo.<\/p>\n<p>Clodomiro es tan boerista que est\u00e1 pensando que cuando se muera va a dejar a nombre del equipo la casa en la que habita, en la Carretera Norte, cerca de LA PRENSA. \u201cQuiero dejar la casa al B\u00f3er para que aqu\u00ed vengan a dormir los jugadores que vivan fuera de Managua o que sean extranjeros\u201d, dice.<\/p>\n<p>En los estadios el grito de Clodomiro ya es una tradici\u00f3n: \u201cViva el B\u00f3er, viva el B\u00f3er, B\u00f3er, B\u00f3er, B\u00f3er\u201d. \u201cEl grito me sale del coraz\u00f3n. Un d\u00eda llegu\u00e9 al estadio y lo grit\u00e9. A la gente le gust\u00f3 y los boeristas dicen que un estadio donde juega el B\u00f3er sin Clodomiro no es lo mismo\u201d, explic\u00f3 Clodomiro a LA PRENSA hace algunos a\u00f1os.<\/p>\n<p>Clodomiro naci\u00f3 en 1951 en Rivas, pero desde tierno lo trajeron a vivir a Managua. Los fan\u00e1ticos rivenses le reclaman que \u00e9l deber\u00eda ser fan de Rivas, pero \u00e9l les dice que no tiene la culpa de que lo hayan tra\u00eddo a Managua. \u201cSoy boerista desde que nac\u00ed en 1951. Nunca he dejado de serlo. Es m\u00e1s, el d\u00eda que me muera quiero que me velen en el estadio, con los jugadores uniformados y las canciones de Clodomiro y el B\u00f3er a todo volumen\u201d.<\/p>\n<p>En los a\u00f1os sesenta, en el Canal 6 hab\u00eda un programa que se llamaba Domingo Gigante. Clodomiro, en ese entonces Esteban Marenco, siempre llegaba y un d\u00eda un portero dijo: \u201cAqu\u00ed est\u00e1 el \u00f1ajo de nuevo\u201d. Clodomiro se sinti\u00f3 azareado porque en ese tiempo le daba pena y andaba siempre cubri\u00e9ndose la boca con un trapo.<\/p>\n<p>Lo quer\u00edan para que personificara al \u00f1ajo Clodomiro de la canci\u00f3n que acababa de componer Carlos Mej\u00eda Godoy. Ese d\u00eda se quit\u00f3 el pa\u00f1uelo de la boca y hasta bail\u00f3. Y desde entonces se qued\u00f3 como Clodomiro el \u00d1ajo.<\/p>\n<p>En la actualidad resiente el poco apoyo que recibe de la directiva del B\u00f3er, tanto para comprar los uniformes con que anima al equipo como para tener un fondo de subsistencia, como una pensi\u00f3n. Se apoya con lo que los fan\u00e1ticos le brindan por tomarse fotos.<\/p>\n<figure id=\"attachment_40721\" aria-describedby=\"caption-attachment-40721\" style=\"width: 3296px\" class=\"wp-caption aligncenter\"><a href=\"https:\/\/gep90.laprensa.com.ni\/magazine\/wp-content\/uploads\/2018\/03\/279-Mag-Boer-9.jpg\"><img loading=\"lazy\" decoding=\"async\" class=\"wp-image-40721 size-full\" src=\"https:\/\/gep90.laprensa.com.ni\/magazine\/wp-content\/uploads\/2018\/03\/279-Mag-Boer-9.jpg\" alt=\"\" width=\"3296\" height=\"1616\" srcset=\"https:\/\/d1xxa24wwackpg.cloudfront.net\/wp-content\/uploads\/2018\/03\/07140650\/279-Mag-Boer-9.jpg 3296w, https:\/\/d1xxa24wwackpg.cloudfront.net\/wp-content\/uploads\/2018\/03\/07140650\/279-Mag-Boer-9.jpg 300w, https:\/\/d1xxa24wwackpg.cloudfront.net\/wp-content\/uploads\/2018\/03\/07140650\/279-Mag-Boer-9.jpg 768w, https:\/\/d1xxa24wwackpg.cloudfront.net\/wp-content\/uploads\/2018\/03\/07140650\/279-Mag-Boer-9.jpg 1024w\" sizes=\"(max-width: 3296px) 100vw, 3296px\" \/><\/a><figcaption id=\"caption-attachment-40721\" class=\"wp-caption-text\"><em>Fotograf\u00eda del B\u00f3er de 1920. En ese a\u00f1o viajaron a El Salvador, donde barri\u00f3 a los cuscatlecos en los tres juegos realizados. FOTO: CORTES\u00cdA\/ MANUEL GENET<\/em><\/figcaption><\/figure>\n<p>&nbsp;<\/p>\n<p>El nombre del equipo B\u00f3er tiene un origen heroico. La mayor\u00eda de los historiadores del beisbol nicarag\u00fcense, como Julio C\u00e9sar Miranda o Jorge Eduardo Arellano, coinciden en que 1905 es el a\u00f1o de fundaci\u00f3n del equipo. En ese a\u00f1o era c\u00f3nsul de los Estados Unidos en Nicaragua el se\u00f1or Carter o Chester Donaldson, quien ten\u00eda un hijo que se llamaba Agust\u00edn. A su vez, Agust\u00edn era amigo de un barbero, Francisco Rodr\u00edguez Caparro.<\/p>\n<p>En su libro <em>El beisbol en Nicaragua<\/em>, Jorge Eduardo Arellano recoge un testimonio que Rodr\u00edguez Caparro le brind\u00f3 a Chale Pereira Ocampo. Dice as\u00ed: \u201cFue en 1905. Era m\u00edster Chester Donaldson el c\u00f3nsul de los Estados Unidos en Managua. Yo era amigo de su hijo Agust\u00edn. A los dos nos llam\u00f3 dici\u00e9ndonos: cons\u00edganme un grupo de muchachos para formar un club de beisbol. Yo les voy a ayudar y explicar el juego. Nos fuimos a buscar a Pancho Delgado, Manuel \u201cQuimiz\u00fa\u201d, Fernando Ocampo, Gustav\u00f3n Silva, el Churruco y otros del barrio. Comenzamos a entrenar y a aprender en la vieja quinta Donaldson, frente a la vieja tienda Cucal\u00f3n de don Alberto S\u00e1nchez, del port\u00f3n del hospital viejo dos cuadras arriba. Los que vivieron esa \u00e9poca deber\u00e1n recordar esa direcci\u00f3n. S\u00ed, amigo, all\u00ed se form\u00f3\u201d.<\/p>\n<p>Esa era una \u00e9poca, seg\u00fan relatan los historiadores, en la que solo el catcher y la primera base usaban guantes. Y las pelotas de juego las elaboraban en una talabarter\u00eda de Manuel Gavenete y \u00darsulo Baltodano.<\/p>\n<figure id=\"attachment_40722\" aria-describedby=\"caption-attachment-40722\" style=\"width: 3696px\" class=\"wp-caption aligncenter\"><a href=\"https:\/\/gep90.laprensa.com.ni\/magazine\/wp-content\/uploads\/2018\/03\/279-Mag-Boer-10.jpg\"><img loading=\"lazy\" decoding=\"async\" class=\"wp-image-40722 size-full\" src=\"https:\/\/gep90.laprensa.com.ni\/magazine\/wp-content\/uploads\/2018\/03\/279-Mag-Boer-10.jpg\" alt=\"\" width=\"3696\" height=\"1312\" srcset=\"https:\/\/d1xxa24wwackpg.cloudfront.net\/wp-content\/uploads\/2018\/03\/07140648\/279-Mag-Boer-10.jpg 3696w, https:\/\/d1xxa24wwackpg.cloudfront.net\/wp-content\/uploads\/2018\/03\/07140648\/279-Mag-Boer-10.jpg 300w, https:\/\/d1xxa24wwackpg.cloudfront.net\/wp-content\/uploads\/2018\/03\/07140648\/279-Mag-Boer-10.jpg 768w, https:\/\/d1xxa24wwackpg.cloudfront.net\/wp-content\/uploads\/2018\/03\/07140648\/279-Mag-Boer-10.jpg 1024w\" sizes=\"(max-width: 3696px) 100vw, 3696px\" \/><\/a><figcaption id=\"caption-attachment-40722\" class=\"wp-caption-text\"><em>En 1955 el B\u00f3er gan\u00f3 tres coronas. Gan\u00f3 el campeonato del Pac\u00edfico al vencer al Cinco Estrellas. Luego le gan\u00f3 a la Costa Atl\u00e1ntica para ser campe\u00f3n nacional y, por \u00faltimo, obtuvo el Campeonato General Somoza. FOTO: CORTES\u00cdA\/ MANUEL GENET<\/em><\/figcaption><\/figure>\n<p>Para los a\u00f1os en que se organiz\u00f3 el B\u00f3er, era com\u00fan que los nombres de los equipos se pusieran conforme a los grandes eventos que ocurr\u00edan en el mundo, especialmente las guerras. Por ejemplo, en 1904 se organizaron los equipos Jap\u00f3n en Granada y Rusia en Masaya, debido a que en febrero de ese a\u00f1o se produjo la guerra ruso-japonesa, que finalizar\u00eda hasta en septiembre de 1905. El equipo Jap\u00f3n a\u00f1os despu\u00e9s se convertir\u00eda en el conjunto de Granada, por lo cual algunos lo consideran el equipo m\u00e1s antiguo del pa\u00eds que est\u00e1 activo actualmente. El B\u00f3er ser\u00eda el segundo.<\/p>\n<p>El 11 de octubre de 1899 estall\u00f3 la guerra de los B\u00f3ers. Debido a intereses econ\u00f3micos y comerciales, y principalmente porque se hab\u00eda descubierto oro y diamantes en la regi\u00f3n, Gran Breta\u00f1a quer\u00eda controlar el \u00c1frica meridional. Pero a esa zona hab\u00edan llegado en 1652 unos colonos o campesinos holandeses, a quienes se les conoc\u00eda como b\u00f3ers. Indisciplinados, pero valientes, los b\u00f3ers se enfrentaron a las tropas brit\u00e1nicas. Los b\u00f3ers fueron derrotados en 1902, pero su valent\u00eda fue digna de admiraci\u00f3n en el mundo.<\/p>\n<p>Esa admiraci\u00f3n por los b\u00f3ers hab\u00eda calado en el c\u00f3nsul norteamericano en Managua, a quien unos identifican como Chester y otros como Carter Donaldson. Y el c\u00f3nsul no dud\u00f3 en llamar B\u00f3ers al equipo, el que ahora es el equipo m\u00e1s popular del pa\u00eds.<\/p>\n<figure id=\"attachment_40727\" aria-describedby=\"caption-attachment-40727\" style=\"width: 700px\" class=\"wp-caption aligncenter\"><a href=\"https:\/\/gep90.laprensa.com.ni\/magazine\/wp-content\/uploads\/2018\/03\/279-Mag-Boer-15.jpg\"><img loading=\"lazy\" decoding=\"async\" class=\"wp-image-40727 size-full\" src=\"https:\/\/gep90.laprensa.com.ni\/magazine\/wp-content\/uploads\/2018\/03\/279-Mag-Boer-15.jpg\" alt=\"\" width=\"700\" height=\"465\" srcset=\"https:\/\/d1xxa24wwackpg.cloudfront.net\/wp-content\/uploads\/2018\/03\/07140638\/279-Mag-Boer-15.jpg 700w, https:\/\/d1xxa24wwackpg.cloudfront.net\/wp-content\/uploads\/2018\/03\/07140638\/279-Mag-Boer-15.jpg 300w\" sizes=\"(max-width: 700px) 100vw, 700px\" \/><\/a><figcaption id=\"caption-attachment-40727\" class=\"wp-caption-text\"><em>La barra brava del B\u00f3er siempre est\u00e1 presente en los juegos del equipo, animando con tambores y con el grito de \u00a1B\u00f3oooeer! \u00a1B\u00f3oooeer! \u00a1B\u00f3ooeer! FOTO\/ \u00d3SCAR NAVARRETE<\/em><\/figcaption><\/figure>\n<h3>An\u00e9cdotas del B\u00f3er<\/h3>\n<p>Los historiadores Manuel Genet y Julio C\u00e9sar Miranda relatan las siguientes an\u00e9cdotas sobre el B\u00f3er:<\/p>\n<p>Un c\u00f3nsul de Rep\u00fablica Dominicana, An\u00edbal G\u00f3mez, era aficionado del B\u00f3er. Cuando inger\u00eda licor se pon\u00eda euf\u00f3rico y gritaba a todo pulm\u00f3n: \u00a1Viva el B\u00f3er!, algo que en esos tiempos hacerlo en la calle, en tiempos de paz, se tomaba como perturbaci\u00f3n al orden p\u00fablico. En una ocasi\u00f3n lo call\u00f3 la Polic\u00eda y como se consideraba inmune les contest\u00f3 mal y se lo llevaron preso. \u201cUsted no puede arrestarme. Yo soy el c\u00f3nsul de Santo Domingo\u201d, les dijo. El polic\u00eda que lo llevaba le dijo: \u201cSanto Domingo no tiene c\u00f3nsul, solo mayordomo y sacrist\u00e1n\u201d, y se lo llev\u00f3 preso.<\/p>\n<p>Un domingo, enfrent\u00e1ndose el B\u00f3er contra el San Fernando, en la Momotombo, estaba programado el primer aterrizaje de un avi\u00f3n en Managua. El aviso era un ca\u00f1onazo que nunca sonaba. Los equipos iniciaron el juego. En el octavo inning se produce un batazo a los jardines, el jardinero atrapa la pelota y tira a tercera para sacar al corredor, pero en ese momento son\u00f3 el ca\u00f1onazo y ya nadie le hizo caso a la pelota. Todos salieron corriendo hacia la explanada de Tiscapa para ver el aterrizaje y solo pudieron ver el polvazal causado por el avi\u00f3n.<\/p>\n<p>El B\u00f3er tuvo como presidenta de la junta directiva a una mujer llamada Mercedes Garc\u00eda de Pereira. Su marido le exigi\u00f3 que renunciara al cargo, porque cuando el B\u00f3er perd\u00eda no hab\u00eda almuerzo en la casa en se\u00f1al de duelo decretado por ella y se encerraba a llorar en su cuarto todo el resto del domingo, ya que solo se jugaba ese d\u00eda.<\/p>\n<figure id=\"attachment_40740\" aria-describedby=\"caption-attachment-40740\" style=\"width: 2058px\" class=\"wp-caption aligncenter\"><a href=\"https:\/\/gep90.laprensa.com.ni\/magazine\/wp-content\/uploads\/2018\/03\/279-Mag-Miguelcastillo.jpg\"><img loading=\"lazy\" decoding=\"async\" class=\"wp-image-40740 size-full\" src=\"https:\/\/gep90.laprensa.com.ni\/magazine\/wp-content\/uploads\/2018\/03\/279-Mag-Miguelcastillo.jpg\" alt=\"\" width=\"2058\" height=\"3792\" srcset=\"https:\/\/d1xxa24wwackpg.cloudfront.net\/wp-content\/uploads\/2018\/03\/07140624\/279-Mag-Miguelcastillo.jpg 2058w, https:\/\/d1xxa24wwackpg.cloudfront.net\/wp-content\/uploads\/2018\/03\/07140624\/279-Mag-Miguelcastillo.jpg 163w, https:\/\/d1xxa24wwackpg.cloudfront.net\/wp-content\/uploads\/2018\/03\/07140624\/279-Mag-Miguelcastillo.jpg 768w, https:\/\/d1xxa24wwackpg.cloudfront.net\/wp-content\/uploads\/2018\/03\/07140624\/279-Mag-Miguelcastillo.jpg 556w\" sizes=\"(max-width: 2058px) 100vw, 2058px\" \/><\/a><figcaption id=\"caption-attachment-40740\" class=\"wp-caption-text\"><em>FOTO\/ ARCHIVO<\/em><\/figcaption><\/figure>\n<h3>Miguel Castillo<\/h3>\n<p>Nacido en Granada, Miguel Castillo Mart\u00ednez se enamor\u00f3 del beisbol cuando en los a\u00f1os sesenta C\u00e9sar Lacayo padre lo invit\u00f3 a ser parte de la junta directiva del equipo Oriental de la liga profesional.<\/p>\n<p>A partir de 1991, Miguel Castillo fue electo directivo del B\u00f3er y desde entonces ayud\u00f3 a reconstruir el equipo, que estaba deprimido sin ganar campeonatos desde 1977.<\/p>\n<p>Castillo logr\u00f3 su objetivo cuando en 1995 el B\u00f3er se coron\u00f3 campe\u00f3n frente al San Fernando. El t\u00edtulo lo disfrut\u00f3 junto a miles de aficionados.<\/p>\n<p>Castillo muri\u00f3 poco despu\u00e9s de ese triunfo, el primero de julio de 1995, a los 57 a\u00f1os de edad, en un accidente de tr\u00e1nsito en la carretera a Rivas. Los peloteros del B\u00f3er lo sintieron mucho.<\/p>\n<figure id=\"attachment_40724\" aria-describedby=\"caption-attachment-40724\" style=\"width: 2048px\" class=\"wp-caption aligncenter\"><a href=\"https:\/\/gep90.laprensa.com.ni\/magazine\/wp-content\/uploads\/2018\/03\/279-Mag-Boer-12.jpg\"><img loading=\"lazy\" decoding=\"async\" class=\"wp-image-40724 size-full\" src=\"https:\/\/gep90.laprensa.com.ni\/magazine\/wp-content\/uploads\/2018\/03\/279-Mag-Boer-12.jpg\" alt=\"\" width=\"2048\" height=\"1536\" srcset=\"https:\/\/d1xxa24wwackpg.cloudfront.net\/wp-content\/uploads\/2018\/03\/07140644\/279-Mag-Boer-12.jpg 2048w, https:\/\/d1xxa24wwackpg.cloudfront.net\/wp-content\/uploads\/2018\/03\/07140644\/279-Mag-Boer-12.jpg 300w, https:\/\/d1xxa24wwackpg.cloudfront.net\/wp-content\/uploads\/2018\/03\/07140644\/279-Mag-Boer-12.jpg 768w, https:\/\/d1xxa24wwackpg.cloudfront.net\/wp-content\/uploads\/2018\/03\/07140644\/279-Mag-Boer-12.jpg 1024w\" sizes=\"(max-width: 2048px) 100vw, 2048px\" \/><\/a><figcaption id=\"caption-attachment-40724\" class=\"wp-caption-text\"><em>FOTO\/ EDUARDO CRUZ<\/em><\/figcaption><\/figure>\n<h3>Nemesio Porras<\/h3>\n<p>Cuando era joven, Nemesio Porras no era boerista ni aficionado a ning\u00fan otro equipo. Lo \u00fanico que quer\u00eda era jugar beisbol. Nacido en 1968, Porras se inici\u00f3 en las infantiles y juveniles de Don Bosco, hasta llegar a la juvenil de los Industriales de la COIP. En 1984, debut\u00f3 en primera divisi\u00f3n con los Industriales y al a\u00f1o siguiente pas\u00f3 al B\u00f3er, cuando ambos equipos se fusionaron.<\/p>\n<p>El amor por el B\u00f3er le comenz\u00f3 al poco tiempo de haberse unido al equipo, al darse cuenta de la gran fanaticada del equipo que lo acogi\u00f3 bien hasta convertirlo en un s\u00edmbolo de la escuadra.<\/p>\n<p>Se coron\u00f3 por primera vez con el B\u00f3er en 1995 y desde entonces el equipo entr\u00f3 en una buena racha despu\u00e9s de haber pasado 18 a\u00f1os sin saborear un campeonato.<\/p>\n<p>Al inicio de su carrera, Porras era jardinero, pero recuerda que era malo en esa posici\u00f3n y no sab\u00eda medir si correr hacia atr\u00e1s o hacia adelante cuando le llegaba un elevado. Pero fue trasladado a la posici\u00f3n de primera base, donde rindi\u00f3 buenos frutos. Al principio, en los Industriales era banca porque ten\u00eda adelante de \u00e9l a Julio C\u00e1rcamo. Y en el B\u00f3er fue titular a pesar de que estaba Julio S\u00e1nchez.<\/p>\n<p>Jug\u00f3 20 a\u00f1os en el B\u00f3er hasta su retiro en 2006.<\/p>\n<figure id=\"attachment_40743\" aria-describedby=\"caption-attachment-40743\" style=\"width: 878px\" class=\"wp-caption aligncenter\"><a href=\"https:\/\/gep90.laprensa.com.ni\/magazine\/wp-content\/uploads\/2018\/03\/279-Mag-Leonardolacayo.jpg\"><img loading=\"lazy\" decoding=\"async\" class=\"wp-image-40743 size-full\" src=\"https:\/\/gep90.laprensa.com.ni\/magazine\/wp-content\/uploads\/2018\/03\/279-Mag-Leonardolacayo.jpg\" alt=\"\" width=\"878\" height=\"1161\" srcset=\"https:\/\/d1xxa24wwackpg.cloudfront.net\/wp-content\/uploads\/2018\/03\/07140621\/279-Mag-Leonardolacayo.jpg 878w, https:\/\/d1xxa24wwackpg.cloudfront.net\/wp-content\/uploads\/2018\/03\/07140621\/279-Mag-Leonardolacayo.jpg 227w, https:\/\/d1xxa24wwackpg.cloudfront.net\/wp-content\/uploads\/2018\/03\/07140621\/279-Mag-Leonardolacayo.jpg 768w, https:\/\/d1xxa24wwackpg.cloudfront.net\/wp-content\/uploads\/2018\/03\/07140621\/279-Mag-Leonardolacayo.jpg 774w\" sizes=\"(max-width: 878px) 100vw, 878px\" \/><\/a><figcaption id=\"caption-attachment-40743\" class=\"wp-caption-text\"><em>FOTO\/ ARCHIVO<\/em><\/figcaption><\/figure>\n<h3>Leonardo Lacayo Ocampo<\/h3>\n<p>Estudi\u00f3 periodismo en Chicago, Estados Unidos, y all\u00ed aprendi\u00f3 de los box scores, cuenta su sobrino pol\u00edtico, el tambi\u00e9n cronista deportivo Ren\u00e9 \u201cel Chelito\u201d C\u00e1rdenas.<\/p>\n<p>Antes de Lacayo Ocampo, los peri\u00f3dicos en Nicaragua no ten\u00edan una p\u00e1gina deportiva bien definida, pero el 23 de marzo de 1931 Lacayo Ocampo comenz\u00f3 a trabajar en LA PRENSA y publicaba una p\u00e1gina a diario con noticias deportivas.<\/p>\n<p>Es Lacayo Ocampo a quien se le atribuye, desde sus cr\u00f3nicas, haber rebautizado al B\u00f3er con el nombre de los Indios del B\u00f3er. \u201c\u00c9l mismo me lo cont\u00f3, que \u00e9l le puso Indios al B\u00f3er\u201d, dice el Chelito C\u00e1rdenas.<\/p>\n<p>Con Lacayo Ocampo, las notas deportivas ahondaban m\u00e1s en el juego, pues antes eran superficiales, agrega C\u00e1rdenas.<br \/>\nLacayo Ocampo falleci\u00f3 en 1991.<\/p>\n<figure id=\"attachment_40736\" aria-describedby=\"caption-attachment-40736\" style=\"width: 1827px\" class=\"wp-caption aligncenter\"><a href=\"https:\/\/gep90.laprensa.com.ni\/magazine\/wp-content\/uploads\/2018\/03\/279-Mag-Boer.jpg\"><img loading=\"lazy\" decoding=\"async\" class=\"wp-image-40736 size-full\" src=\"https:\/\/gep90.laprensa.com.ni\/magazine\/wp-content\/uploads\/2018\/03\/279-Mag-Boer.jpg\" alt=\"\" width=\"1827\" height=\"2553\" srcset=\"https:\/\/d1xxa24wwackpg.cloudfront.net\/wp-content\/uploads\/2018\/03\/07140629\/279-Mag-Boer.jpg 1827w, https:\/\/d1xxa24wwackpg.cloudfront.net\/wp-content\/uploads\/2018\/03\/07140629\/279-Mag-Boer.jpg 215w, https:\/\/d1xxa24wwackpg.cloudfront.net\/wp-content\/uploads\/2018\/03\/07140629\/279-Mag-Boer.jpg 768w, https:\/\/d1xxa24wwackpg.cloudfront.net\/wp-content\/uploads\/2018\/03\/07140629\/279-Mag-Boer.jpg 733w\" sizes=\"(max-width: 1827px) 100vw, 1827px\" \/><\/a><figcaption id=\"caption-attachment-40736\" class=\"wp-caption-text\"><em>FOTO\/ ARCHIVO<\/em><\/figcaption><\/figure>\n<h3>Jos\u00e9 \u00c1ngel \u201cChino\u201d Mel\u00e9ndez<\/h3>\n<p>El Chino Mel\u00e9ndez debut\u00f3 con el B\u00f3er el 11 de octubre de 1931 en el estadio El Retiro, donde despu\u00e9s estuvo el hospital del mismo nombre y que fue destruido por el terremoto de 1972.<\/p>\n<p>El historiador deportivo Manuel Genet cuenta que a inicios de los a\u00f1os treinta el B\u00f3er carec\u00eda de un buen pitcher y andaban en busca de uno. Fue cuando Juan Evangelista Do\u00f1a supo que en Las Jag\u00fcitas hab\u00eda un joven que tiraba fuerte y que ten\u00eda buena curva y lo ofreci\u00f3 al B\u00f3er, pero al principio no le hicieron mucho caso. De todas formas, lo fueron a ver y se sorprendieron cuando vieron que se trataba de un joven que machete en mano ten\u00eda fama de redoblar en tarea a cualquier machetero de la zona.<\/p>\n<p>Uno de los hijos del Chino Mel\u00e9ndez, de nombre Alfredo, cuenta que su pap\u00e1 llegaba en una carreta a las pr\u00e1cticas del B\u00f3er, pero que como demoraba mucho la gente le regal\u00f3 un caballo.<\/p>\n<figure id=\"attachment_40737\" aria-describedby=\"caption-attachment-40737\" style=\"width: 1089px\" class=\"wp-caption aligncenter\"><a href=\"https:\/\/gep90.laprensa.com.ni\/magazine\/wp-content\/uploads\/2018\/03\/279-Mag-Boer1.jpg\"><img loading=\"lazy\" decoding=\"async\" class=\"wp-image-40737 size-full\" src=\"https:\/\/gep90.laprensa.com.ni\/magazine\/wp-content\/uploads\/2018\/03\/279-Mag-Boer1.jpg\" alt=\"\" width=\"1089\" height=\"1730\" srcset=\"https:\/\/d1xxa24wwackpg.cloudfront.net\/wp-content\/uploads\/2018\/03\/07140626\/279-Mag-Boer1.jpg 1089w, https:\/\/d1xxa24wwackpg.cloudfront.net\/wp-content\/uploads\/2018\/03\/07140626\/279-Mag-Boer1.jpg 189w, https:\/\/d1xxa24wwackpg.cloudfront.net\/wp-content\/uploads\/2018\/03\/07140626\/279-Mag-Boer1.jpg 768w, https:\/\/d1xxa24wwackpg.cloudfront.net\/wp-content\/uploads\/2018\/03\/07140626\/279-Mag-Boer1.jpg 645w\" sizes=\"(max-width: 1089px) 100vw, 1089px\" \/><\/a><figcaption id=\"caption-attachment-40737\" class=\"wp-caption-text\"><em>FOTO\/ ARCHIVO<\/em><\/figcaption><\/figure>\n<h3>Francisco \u201cPaco\u201d Soriano<\/h3>\n<p>Su segundo apellido era Estrada y era descendiente del h\u00e9roe Jos\u00e9 Dolores Estrada. Empez\u00f3 a jugar beisbol desde muy ni\u00f1o, deporte en el que empez\u00f3 como pasabolas del catcher del B\u00f3er, F\u00e9lix Pedro Cuaresma, Tabirica.<\/p>\n<p>Nacido en 1900, Soriano debut\u00f3 a los 12 a\u00f1os de edad como beisbolista, jugando tercera base en un equipo de menores conocido como El Marino. Y luego, a los 16 a\u00f1os, jug\u00f3 short stop con el Nicarao, del cual la mayor\u00eda de sus jugadores pasaron a ser parte del B\u00f3er.<\/p>\n<p>De acuerdo con el libro del historiador Jorge Eduardo Arellano, <em>El beisbol en Nicaragua<\/em>, Soriano fue la primera figura estelar de nuestro beisbol. \u201cDecir Paco Soriano era decir B\u00f3er en los a\u00f1os veinte\u201d, afirm\u00f3 Jos\u00e9 Francisco Borgen, uno de los primeros cronistas deportivos nicarag\u00fcenses.<\/p>\n<p>Otro cronista, Leonardo Lacayo Ocampo, expres\u00f3 que Soriano \u201cfue un \u00eddolo verdadero, a quien segu\u00edan las multitudes cuando no hab\u00eda radio ni televisi\u00f3n y todav\u00eda eran embrionarias las p\u00e1ginas deportivas de los diarios. Apasionaba a la gente y se codeaba con la gloria\u201d.<\/p>\n<p>Fue apodado el Rey del Hit.<\/p>\n<figure id=\"attachment_40720\" aria-describedby=\"caption-attachment-40720\" style=\"width: 972px\" class=\"wp-caption aligncenter\"><a href=\"https:\/\/gep90.laprensa.com.ni\/magazine\/wp-content\/uploads\/2018\/03\/279-Mag-Boer-8.jpg\"><img loading=\"lazy\" decoding=\"async\" class=\"wp-image-40720 size-full\" src=\"https:\/\/gep90.laprensa.com.ni\/magazine\/wp-content\/uploads\/2018\/03\/279-Mag-Boer-8.jpg\" alt=\"\" width=\"972\" height=\"1402\" srcset=\"https:\/\/d1xxa24wwackpg.cloudfront.net\/wp-content\/uploads\/2018\/03\/07140652\/279-Mag-Boer-8.jpg 972w, https:\/\/d1xxa24wwackpg.cloudfront.net\/wp-content\/uploads\/2018\/03\/07140652\/279-Mag-Boer-8.jpg 208w, https:\/\/d1xxa24wwackpg.cloudfront.net\/wp-content\/uploads\/2018\/03\/07140652\/279-Mag-Boer-8.jpg 768w, https:\/\/d1xxa24wwackpg.cloudfront.net\/wp-content\/uploads\/2018\/03\/07140652\/279-Mag-Boer-8.jpg 710w\" sizes=\"(max-width: 972px) 100vw, 972px\" \/><\/a><figcaption id=\"caption-attachment-40720\" class=\"wp-caption-text\"><em>FOTO\/ CORTES\u00cdA<\/em><\/figcaption><\/figure>\n<h3>Francisco Rodr\u00edguez Caparro<\/h3>\n<p>Es el fundador del B\u00f3er. Adem\u00e1s de ser su primer capit\u00e1n (m\u00e1nager) y tambi\u00e9n fue pitcher destacado.<\/p>\n<p>Era barbero y laboraba en la barber\u00eda m\u00e1s concurrida de Managua, ubicada en la calle 15 de Septiembre, antes del terremoto de 1931. Rodr\u00edguez Caparro lleg\u00f3 a ser barbero de tres presidentes: Adolfo D\u00edaz, Emiliano Chamorro y Diego Manuel Chamorro. Se lamentaba de que estuvo a punto de barbear al poeta Rub\u00e9n Dar\u00edo, pero cuando lleg\u00f3 a donde el poeta ya se encontraba ah\u00ed su barbero, Ram\u00f3n Estrada. \u201cSolo me dediqu\u00e9 a mirarlo para conocerlo bien\u201d, relatar\u00eda despu\u00e9s Rodr\u00edguez Caparro, en declaraciones recogidas por el historiador Julio C\u00e9sar Miranda.<\/p>\n<p>A quien s\u00ed logr\u00f3 rasurar fue al general Luis Mena, cuando este \u00faltimo era ministro. \u201c\u00c9l prefer\u00eda mis servicios porque dec\u00eda que todos los barberos tenemos la man\u00eda de hablar mucho y yo no le dirig\u00eda la palabra mientras lo afeitaba\u201d, cont\u00f3 Rodr\u00edguez Caparro.<\/p>\n<p>No se meti\u00f3 en pol\u00edtica a pesar de que era conservador y admirador de Emiliano Chamorro y de que prest\u00f3 el servicio militar en tiempos del general liberal Jos\u00e9 Santos Zelaya.<\/p>\n<p>Rodr\u00edguez Caparro se re\u00eda de cuando un hombre le pidi\u00f3 que rasurara a un muchacho, dici\u00e9ndole que ya volv\u00eda. Como la persona nunca regres\u00f3, Rodr\u00edguez Caparro le dijo al muchacho: \u201cYa no volvi\u00f3 tu pap\u00e1\u201d. \u201cEse no es mi pap\u00e1\u201d, le contest\u00f3, \u201cese es un hombre que me cogi\u00f3 de la mano en la puerta y me dijo: \u201c\u00bfTe quer\u00e9s pelar? Y me trajo aqu\u00ed\u201d. Esta an\u00e9cdota la relata Miranda en su libro <em>\u00a1Viva el B\u00f3er!<\/em><\/p>\n","protected":false},"excerpt":{"rendered":"<p>Fundado por un c\u00f3nsul norteamericano y un barbero nicarag\u00fcense, el B\u00f3er es el equipo mimado del beisbol nacional. Su nombre se inspira en heroicos campesinos holandeses que combatieron con valor a las tropas inglesas en el \u00c1frica meridional. Esta es su historia<\/p>\n","protected":false},"author":5124,"featured_media":40730,"comment_status":"open","ping_status":"open","sticky":false,"template":"","format":"standard","meta":{"_acf_changed":false,"footnotes":""},"categories":[26],"tags":[970,124,81],"class_list":["post-40604","post","type-post","status-publish","format-standard","has-post-thumbnail","hentry","category-reportajes","tag-beisbol","tag-managua","tag-nicaragua"],"acf":[],"_links":{"self":[{"href":"https:\/\/staging.laprensanic.com\/magazine\/wp-json\/wp\/v2\/posts\/40604","targetHints":{"allow":["GET"]}}],"collection":[{"href":"https:\/\/staging.laprensanic.com\/magazine\/wp-json\/wp\/v2\/posts"}],"about":[{"href":"https:\/\/staging.laprensanic.com\/magazine\/wp-json\/wp\/v2\/types\/post"}],"author":[{"embeddable":true,"href":"https:\/\/staging.laprensanic.com\/magazine\/wp-json\/wp\/v2\/users\/5124"}],"replies":[{"embeddable":true,"href":"https:\/\/staging.laprensanic.com\/magazine\/wp-json\/wp\/v2\/comments?post=40604"}],"version-history":[{"count":21,"href":"https:\/\/staging.laprensanic.com\/magazine\/wp-json\/wp\/v2\/posts\/40604\/revisions"}],"predecessor-version":[{"id":52856,"href":"https:\/\/staging.laprensanic.com\/magazine\/wp-json\/wp\/v2\/posts\/40604\/revisions\/52856"}],"wp:featuredmedia":[{"embeddable":true,"href":"https:\/\/staging.laprensanic.com\/magazine\/wp-json\/wp\/v2\/media\/40730"}],"wp:attachment":[{"href":"https:\/\/staging.laprensanic.com\/magazine\/wp-json\/wp\/v2\/media?parent=40604"}],"wp:term":[{"taxonomy":"category","embeddable":true,"href":"https:\/\/staging.laprensanic.com\/magazine\/wp-json\/wp\/v2\/categories?post=40604"},{"taxonomy":"post_tag","embeddable":true,"href":"https:\/\/staging.laprensanic.com\/magazine\/wp-json\/wp\/v2\/tags?post=40604"}],"curies":[{"name":"wp","href":"https:\/\/api.w.org\/{rel}","templated":true}]}}