{"id":40747,"date":"2018-03-10T18:59:47","date_gmt":"2018-03-11T00:59:47","guid":{"rendered":"https:\/\/www.magazine.com.ni\/?p=40747"},"modified":"2021-01-06T13:03:42","modified_gmt":"2021-01-06T19:03:42","slug":"el-presidente-de-los-26-dias","status":"publish","type":"post","link":"https:\/\/staging.laprensanic.com\/magazine\/reportajes\/el-presidente-de-los-26-dias\/","title":{"rendered":"El presidente de los 26 d\u00edas"},"content":{"rendered":"<p style=\"text-align: center;\">En 1947 Leonardo Arg\u00fcello pas\u00f3 de perder una elecci\u00f3n a ganarla, de t\u00edtere a rebelde y de presidente de la Rep\u00fablica a exiliado. Su reinado fue ef\u00edmero, pero se le recuerda como el hombre que se le plant\u00f3 a Somoza Garc\u00eda y pag\u00f3 por ello<\/p>\n<p style=\"text-align: center;\"><strong>Por Eduardo Cruz<\/strong><\/p>\n<p>Leonardo Arg\u00fcello Barreto era leon\u00e9s. Estudi\u00f3 Medicina. Fue jefe intelectual del Partido Liberal, pero no fue militar. Candidato presidencial en diversas ocasiones. Su paso por la Presidencia fue solo de 26 d\u00edas, del 1 al 26 de mayo de 1947, el tiempo que necesit\u00f3 Anastasio Somoza Garc\u00eda para darse cuenta de que no iba a poder manejarlo como t\u00edtere y utiliz\u00f3 el Congreso para declararlo incapaz para gobernar.<\/p>\n<p>El \u201cpecado\u201d de Arg\u00fcello para que Somoza Garc\u00eda le diera golpe de Estado fue que desde el primer d\u00eda de su gobierno se neg\u00f3 a ratificarlo como jefe director de la Guardia Nacional. Quer\u00eda terminar con las intenciones din\u00e1sticas del primero de los Somoza. Adem\u00e1s, Arg\u00fcello orden\u00f3 el traslado de Anastasio Somoza Debayle de comandante del primer batall\u00f3n, que estaba en Managua, a comandante departamental de Le\u00f3n. Seg\u00fan los archivos period\u00edsticos de la \u00e9poca, algo que tambi\u00e9n le doli\u00f3 a Somoza Garc\u00eda fue que Arg\u00fcello provoc\u00f3 que la Guardia Nacional se dividiera en dos bandos, entre los que lo apoyaban a \u00e9l como presidente y los que se mantuvieron fieles a Somoza Garc\u00eda.<\/p>\n<p>Para la familia de Arg\u00fcello Barreto, su \u201cpecado\u201d hab\u00eda sido otro: aceptar trato con Somoza Garc\u00eda, cuando ya se conoc\u00eda que era un dictador y que hab\u00eda mandado a matar a traici\u00f3n al general Augusto C. Sandino. En la edici\u00f3n de noviembre de 2008 de la revista <em>Magazine<\/em> se relata que el d\u00eda que Leonardo Arg\u00fcello acept\u00f3 ser ministro de Gobernaci\u00f3n de Somoza Garc\u00eda, su primo Victorino Arg\u00fcello le reclam\u00f3 en privado c\u00f3mo fue posible que aceptara trabajar con un sinverg\u00fcenza. Arg\u00fcello \u2014afirm\u00f3 su sobrino Federico Arg\u00fcello\u2014 le respondi\u00f3: \u201cYo soy pol\u00edtico, Victorino, vos no. Yo voy a acabar con Somoza\u201d.<\/p>\n<div class=\"mceTemp\"><\/div>\n<p style=\"text-align: center;\"><a href=\"https:\/\/gep90.laprensa.com.ni\/magazine\/wp-content\/uploads\/2018\/03\/279-Mag-Leonardoarguello-1.jpg\"><img fetchpriority=\"high\" decoding=\"async\" class=\"wp-image-40752 size-full\" src=\"https:\/\/gep90.laprensa.com.ni\/magazine\/wp-content\/uploads\/2018\/03\/279-Mag-Leonardoarguello-1.jpg\" alt=\"\" width=\"2225\" height=\"3392\" srcset=\"https:\/\/d1xxa24wwackpg.cloudfront.net\/wp-content\/uploads\/2018\/03\/07140602\/279-Mag-Leonardoarguello-1.jpg 2225w, https:\/\/d1xxa24wwackpg.cloudfront.net\/wp-content\/uploads\/2018\/03\/07140602\/279-Mag-Leonardoarguello-1.jpg 197w, https:\/\/d1xxa24wwackpg.cloudfront.net\/wp-content\/uploads\/2018\/03\/07140602\/279-Mag-Leonardoarguello-1.jpg 768w, https:\/\/d1xxa24wwackpg.cloudfront.net\/wp-content\/uploads\/2018\/03\/07140602\/279-Mag-Leonardoarguello-1.jpg 672w\" sizes=\"(max-width: 2225px) 100vw, 2225px\" \/><\/a><\/p>\n<p style=\"text-align: center;\"><em>Esta imagen recoge el momento en que Leonardo Arg\u00fcello iniciaba su presidencia de solo 26 d\u00edas, ya que el hombre que lo abraza, Anastasio Somoza Garc\u00eda, le dio golpe de Estado. FOTO\/ ARCHIVO<\/em><\/p>\n<p>Leonardo Arg\u00fcello era m\u00e9dico y ten\u00eda una farmacia en la que vend\u00eda medicinas que tra\u00eda de fuera del pa\u00eds. De hecho, uno de sus hijos, Renato Arg\u00fcello Pe\u00f1alba, es el fundador de los laboratorios Rarpe. \u201cNo era millonario, pero s\u00ed ten\u00eda suficiente dinero. \u00c9l se meti\u00f3 a la pol\u00edtica por amor a Nicaragua. Perdi\u00f3 dinero, honor, nombre. Todo se lo dio a Nicaragua\u201d, explica su nieto Renato Arg\u00fcello Kuhn.<\/p>\n<p>En la guerra de 1912, tras la destituci\u00f3n del general Luis Mena como ministro de Guerra por el presidente Adolfo D\u00edaz, Leonardo Arg\u00fcello se puso a la cabeza del movimiento de Le\u00f3n. Pero despu\u00e9s se volvi\u00f3 pacifista. De hecho, en 1921 abog\u00f3 por una soluci\u00f3n a trav\u00e9s de medios pac\u00edficos, cuando se intent\u00f3, desde Honduras, una invasi\u00f3n contra Diego Manuel Chamorro.<\/p>\n<p>Para las elecciones de 1936, Arg\u00fcello fue electo como candidato presidencial \u00fanico, representando tanto a los conservadores como a los liberales. El candidato a vicepresidente era Rodolfo Espinosa. Pero Anastasio Somoza Garc\u00eda estaba decidido a convertirse en presidente y utiliz\u00f3 a la Guardia Nacional para dar golpe de Estado a su t\u00edo, el presidente Juan Bautista Sacasa, quien se vio obligado a renunciar, porque dijo que no pod\u00eda gobernar sin el apoyo militar.<\/p>\n<p>Ante ese nuevo escenario la f\u00f3rmula Arg\u00fcello-Espinosa se retir\u00f3 de la contienda electoral y Somoza, quien despu\u00e9s mediante triqui\u00f1uelas elimin\u00f3 los obst\u00e1culos para ser candidato, qued\u00f3 sin oponentes. Somoza se convirti\u00f3 en presidente y se qued\u00f3 gobernando hasta 1947. Sin embargo, atraves\u00f3 momentos de crisis, especialmente en 1944, cuando se produjeron protestas en todo el pa\u00eds.<\/p>\n<p>As\u00ed que para las elecciones de 1947, Somoza Garc\u00eda necesitaba poner a otra persona en la Presidencia que le fuera leal y le garantizara que lo mantendr\u00eda como jefe director de la Guardia Nacional.<\/p>\n<figure id=\"attachment_40750\" aria-describedby=\"caption-attachment-40750\" style=\"width: 8854px\" class=\"wp-caption aligncenter\"><a href=\"https:\/\/gep90.laprensa.com.ni\/magazine\/wp-content\/uploads\/2018\/03\/279-Mag-Arguello-3.jpg\"><img decoding=\"async\" class=\"wp-image-40750 size-full\" src=\"https:\/\/gep90.laprensa.com.ni\/magazine\/wp-content\/uploads\/2018\/03\/279-Mag-Arguello-3.jpg\" alt=\"\" width=\"8854\" height=\"5998\" srcset=\"https:\/\/d1xxa24wwackpg.cloudfront.net\/wp-content\/uploads\/2018\/03\/07140610\/279-Mag-Arguello-3.jpg 8854w, https:\/\/d1xxa24wwackpg.cloudfront.net\/wp-content\/uploads\/2018\/03\/07140610\/279-Mag-Arguello-3.jpg 300w, https:\/\/d1xxa24wwackpg.cloudfront.net\/wp-content\/uploads\/2018\/03\/07140610\/279-Mag-Arguello-3.jpg 768w, https:\/\/d1xxa24wwackpg.cloudfront.net\/wp-content\/uploads\/2018\/03\/07140610\/279-Mag-Arguello-3.jpg 1024w\" sizes=\"(max-width: 8854px) 100vw, 8854px\" \/><\/a><figcaption id=\"caption-attachment-40750\" class=\"wp-caption-text\"><em>Leonardo Arg\u00fcello y Anastasio Somoza Garc\u00eda salen del Aeropuerto Las Mercedes, reci\u00e9n construido en los a\u00f1os 40. FOTO\/ CORTES\u00cdA\/ IHNCA<\/em><\/figcaption><\/figure>\n<p>De acuerdo con el capit\u00e1n Francisco Z\u00fa\u00f1iga Porras, entrevistado para LA PRENSA por el ya fallecido periodista Roberto S\u00e1nchez, en la Casa Presidencial se escuchaban las discusiones entre Somoza Garc\u00eda y su esposa Salvadora Debayle. Ella quer\u00eda que el candidato presidencial fuera V\u00edctor Rom\u00e1n y Reyes, pero Somoza se empe\u00f1\u00f3 en que fuera Leonardo Arg\u00fcello. Finalmente, el 12 de agosto de 1946, en la convenci\u00f3n liberal, Somoza Garc\u00eda impuso como candidato a Arg\u00fcello, por encima incluso de sus amigos Lorenzo Guerrero y Alejandro Abaunza, el padre de Lila T. de Bola\u00f1os.<\/p>\n<p>El 2 de febrero de 1947 se realizaron las elecciones. Modesto Salmer\u00f3n, allegado a Somoza, era el presidente del Consejo Nacional de Elecciones. Debido a que los votantes hicieron fila para votar, cada quien en la urna de su candidato, se pudo comprobar que el opositor Enoc Aguado hab\u00eda ganado por mucha diferencia, pero 21 d\u00edas despu\u00e9s de las elecciones, a las 2:30 de la tarde del 23 de febrero, Salmer\u00f3n ley\u00f3 el acta declarando ganador al candidato de Somoza, Leonardo Arg\u00fcello. Los votos de Aguado se los hab\u00eda dado a Arg\u00fcello y viceversa. Seg\u00fan Salmer\u00f3n, Aguado sac\u00f3 64,904 votos y Arg\u00fcello un total de 96,731. Somoza impuso a Arg\u00fcello fraudulentamente.<\/p>\n<figure id=\"attachment_40754\" aria-describedby=\"caption-attachment-40754\" style=\"width: 700px\" class=\"wp-caption aligncenter\"><a href=\"https:\/\/gep90.laprensa.com.ni\/magazine\/wp-content\/uploads\/2018\/03\/279-Mag-Leonardoarguello-3.jpg\"><img decoding=\"async\" class=\"wp-image-40754 size-full\" src=\"https:\/\/gep90.laprensa.com.ni\/magazine\/wp-content\/uploads\/2018\/03\/279-Mag-Leonardoarguello-3.jpg\" alt=\"\" width=\"700\" height=\"1034\" srcset=\"https:\/\/d1xxa24wwackpg.cloudfront.net\/wp-content\/uploads\/2018\/03\/07140556\/279-Mag-Leonardoarguello-3.jpg 700w, https:\/\/d1xxa24wwackpg.cloudfront.net\/wp-content\/uploads\/2018\/03\/07140556\/279-Mag-Leonardoarguello-3.jpg 203w, https:\/\/d1xxa24wwackpg.cloudfront.net\/wp-content\/uploads\/2018\/03\/07140556\/279-Mag-Leonardoarguello-3.jpg 693w\" sizes=\"(max-width: 700px) 100vw, 700px\" \/><\/a><figcaption id=\"caption-attachment-40754\" class=\"wp-caption-text\"><em>Modesto Salmer\u00f3n, presidente del tribunal electoral en el fraude de 1947. FOTO\/ CORTES\u00cdA\/ IHNCA<\/em><\/figcaption><\/figure>\n<p>En septiembre de 1946, cuando todav\u00eda no se hab\u00edan realizado las elecciones, Somoza Garc\u00eda dijo a la prensa, como si Arg\u00fcello ya hubiese ganado los comicios, que \u00e9l iba a ser consejero constante del presidente. En esos d\u00edas se conoci\u00f3 que Somoza Garc\u00eda iba a vivir cerca de la Casa Presidencial, en la Loma de Tiscapa, en el edificio de cemento armado que se estaba construyendo para casino militar. De esa manera Somoza se aseguraba controlar qui\u00e9n entraba y qui\u00e9n sal\u00eda de la Casa Presidencial, porque hab\u00eda que pasar por su residencia. En p\u00fablico, Arg\u00fcello no dec\u00eda nada.<\/p>\n<p>Las diferencias comenzaron a aflorar el mismo d\u00eda en que Arg\u00fcello asumi\u00f3 la Presidencia, el 1 de mayo de 1947. A la toma de posesi\u00f3n, en la Tribuna Monumental, la gente hab\u00eda llegado m\u00e1s para ver salir del poder a Somoza Garc\u00eda que por ver el ascenso de Arg\u00fcello, porque todos sab\u00edan que quien hab\u00eda ganado las elecciones era Enoc Aguado.<\/p>\n<p>Cuando Arg\u00fcello comenz\u00f3 a discursar, muy pocos le aplaudieron, explican las cr\u00f3nicas de la \u00e9poca, pero el nuevo presidente dio la sorpresa cuando dijo: \u201cYo no ser\u00e9, tenedlo por seguro, un simple presidente de turno arrastrado por el manso llevar de la costumbre y la tradici\u00f3n\u201d. Somoza se encoleriz\u00f3 al escucharlo y la gente ya estaba entonando las letras de una canci\u00f3n que estaba de moda en esos d\u00edas: \u201cSe va el caim\u00e1n, se va el caim\u00e1n\u201d.<\/p>\n<p>En el acto, Somoza abraz\u00f3 a Arg\u00fcello y ley\u00f3 un mensaje que ya llevaba escrito, en el cual dijo que estaba a las \u00f3rdenes del comandante general, es decir, Arg\u00fcello.<\/p>\n<figure id=\"attachment_40763\" aria-describedby=\"caption-attachment-40763\" style=\"width: 1332px\" class=\"wp-caption aligncenter\"><a href=\"https:\/\/gep90.laprensa.com.ni\/magazine\/wp-content\/uploads\/2018\/03\/279-Mag-LeonardoArg\u00fcello2.jpg\"><img loading=\"lazy\" decoding=\"async\" class=\"wp-image-40763 size-full\" src=\"https:\/\/gep90.laprensa.com.ni\/magazine\/wp-content\/uploads\/2018\/03\/279-Mag-LeonardoArg\u00fcello2.jpg\" alt=\"\" width=\"1332\" height=\"753\" srcset=\"https:\/\/d1xxa24wwackpg.cloudfront.net\/wp-content\/uploads\/2018\/03\/07140535\/279-Mag-LeonardoArg%C3%BCello2.jpg 1332w, https:\/\/d1xxa24wwackpg.cloudfront.net\/wp-content\/uploads\/2018\/03\/07140535\/279-Mag-LeonardoArg%C3%BCello2.jpg 300w, https:\/\/d1xxa24wwackpg.cloudfront.net\/wp-content\/uploads\/2018\/03\/07140535\/279-Mag-LeonardoArg%C3%BCello2.jpg 768w, https:\/\/d1xxa24wwackpg.cloudfront.net\/wp-content\/uploads\/2018\/03\/07140535\/279-Mag-LeonardoArg%C3%BCello2.jpg 1024w\" sizes=\"(max-width: 1332px) 100vw, 1332px\" \/><\/a><figcaption id=\"caption-attachment-40763\" class=\"wp-caption-text\"><em>Leonardo Arg\u00fcello discursa el 1 de mayo de 1947 en la Tribuna Monumental, en su toma de posesi\u00f3n, donde Anastasio Somoza Garc\u00eda se dio cuenta que Arg\u00fcello no ser\u00eda un presidente f\u00e1cil de manejar a favor de sus intereses. All\u00ed la gente le cant\u00f3 a Somoza: \u201cSe va el caim\u00e1n, se va el caim\u00e1n\u201d. FOTO\/ ARCHIVO<\/em><\/figcaption><\/figure>\n<p>Aunque la gente cantaba que el caim\u00e1n se iba, no se iba a ir. Al d\u00eda siguiente de la toma de posesi\u00f3n, Somoza se traslad\u00f3 a vivir a La Curva, desde donde preparar\u00eda el golpe de Estado, el segundo que dar\u00eda en cerca de una d\u00e9cada, despu\u00e9s del que dio en 1936 a su t\u00edo pol\u00edtico Juan Bautista Sacasa. Ese mismo 1 de mayo de 1947 se corrieron los rumores de que se hab\u00edan roto las relaciones entre Somoza y Arg\u00fcello.<\/p>\n<p>Enoc Aguado, el candidato que realmente hab\u00eda ganado las elecciones, se encontraba en Estados Unidos, desde donde pregonaba que Arg\u00fcello no iba a mandar, porque ten\u00eda detr\u00e1s a Somoza, a quien calificaba como el mayor problema que hab\u00eda que eliminar para encauzar al pa\u00eds a una verdadera democracia.<\/p>\n<figure id=\"attachment_40760\" aria-describedby=\"caption-attachment-40760\" style=\"width: 564px\" class=\"wp-caption aligncenter\"><a href=\"https:\/\/gep90.laprensa.com.ni\/magazine\/wp-content\/uploads\/2018\/03\/279-Mag-Leonardoarguello.jpg\"><img loading=\"lazy\" decoding=\"async\" class=\"wp-image-40760 size-full\" src=\"https:\/\/gep90.laprensa.com.ni\/magazine\/wp-content\/uploads\/2018\/03\/279-Mag-Leonardoarguello.jpg\" alt=\"\" width=\"564\" height=\"802\" srcset=\"https:\/\/d1xxa24wwackpg.cloudfront.net\/wp-content\/uploads\/2018\/03\/07140540\/279-Mag-Leonardoarguello.jpg 564w, https:\/\/d1xxa24wwackpg.cloudfront.net\/wp-content\/uploads\/2018\/03\/07140540\/279-Mag-Leonardoarguello.jpg 211w\" sizes=\"(max-width: 564px) 100vw, 564px\" \/><\/a><figcaption id=\"caption-attachment-40760\" class=\"wp-caption-text\"><em>Enoc Aguado, a quien le robaron las elecciones en 1947 a favor de Leonardo Arg\u00fcello. FOTO\/ ARCHIVO<\/em><\/figcaption><\/figure>\n<p>Por esos d\u00edas el periodista del diario Flecha, Agust\u00edn Fuentes, conocido como Fuentitos, entrevist\u00f3 a Somoza Garc\u00eda, a quien le dijo que Arg\u00fcello hab\u00eda declarado que lo iba a destituir de la jefatura de la Guardia Nacional. \u201cNo me preocupa. Yo lo puse, yo lo puedo quitar\u201d, respondi\u00f3 Somoza.<\/p>\n<p>Seg\u00fan los recuerdos de Fuentes, el s\u00e1bado 3 de mayo Arg\u00fcello lleg\u00f3 al Gran Hotel acompa\u00f1ado \u00fanicamente del capit\u00e1n Francisco Aguirre Baca, lo cual caus\u00f3 notoria sorpresa. El capit\u00e1n Aguirre era considerado la mano derecha de Somoza Garc\u00eda cuando residi\u00f3 en la Casa Presidencial. \u201cLa gente se dio cuenta que Panchito, jefe de la Defensa Nacional, que era como decir el jefe de la seguridad de Somoza, ya no estaba al lado de este\u201d, explica Fuentes.<\/p>\n<p>El excanciller Francisco Aguirre Sacasa, hijo del capit\u00e1n Francisco Aguirre, explica que una parte importante de la oficialidad de la Guardia Nacional estaba descontenta con la actuaci\u00f3n de Somoza Garc\u00eda y algunos apoyaban a Arg\u00fcello, a quien llamaban \u201cperita\u201d, por el tipo de barba que usaba, al estilo que tambi\u00e9n se le conoce como \u201cbarba de chivo\u201d. \u201cLa mayor\u00eda de esos oficiales eran j\u00f3venes, no ten\u00edan ni 30 a\u00f1os\u201d, dice Aguirre Sacasa.<\/p>\n<p>Despu\u00e9s de estar en el Gran Hotel, Arg\u00fcello camin\u00f3 unos pasos hacia el Palacio Nacional y orden\u00f3 al intendente que no dejara salir ning\u00fan implemento perteneciente al Estado y anunci\u00f3 que hab\u00eda nombrado al coronel Francisco Balladares como jefe del primer batall\u00f3n presidencial, que era el que comandaba Anastasio Somoza Debayle. Balladares nunca tom\u00f3 posesi\u00f3n de ese cargo, pues fue uno de los que participaron en el golpe de Estado 23 d\u00edas despu\u00e9s.<\/p>\n<figure id=\"attachment_40755\" aria-describedby=\"caption-attachment-40755\" style=\"width: 2496px\" class=\"wp-caption aligncenter\"><a href=\"https:\/\/gep90.laprensa.com.ni\/magazine\/wp-content\/uploads\/2018\/03\/279-Mag-Leonardoarguello-4.jpg\"><img loading=\"lazy\" decoding=\"async\" class=\"wp-image-40755 size-full\" src=\"https:\/\/gep90.laprensa.com.ni\/magazine\/wp-content\/uploads\/2018\/03\/279-Mag-Leonardoarguello-4.jpg\" alt=\"\" width=\"2496\" height=\"3696\" srcset=\"https:\/\/d1xxa24wwackpg.cloudfront.net\/wp-content\/uploads\/2018\/03\/07140554\/279-Mag-Leonardoarguello-4.jpg 2496w, https:\/\/d1xxa24wwackpg.cloudfront.net\/wp-content\/uploads\/2018\/03\/07140554\/279-Mag-Leonardoarguello-4.jpg 203w, https:\/\/d1xxa24wwackpg.cloudfront.net\/wp-content\/uploads\/2018\/03\/07140554\/279-Mag-Leonardoarguello-4.jpg 768w, https:\/\/d1xxa24wwackpg.cloudfront.net\/wp-content\/uploads\/2018\/03\/07140554\/279-Mag-Leonardoarguello-4.jpg 692w\" sizes=\"(max-width: 2496px) 100vw, 2496px\" \/><\/a><figcaption id=\"caption-attachment-40755\" class=\"wp-caption-text\"><em>Caricatura de LA PRENSA cuando Leonardo Arg\u00fcello ya hab\u00eda sido electo presidente, pero a\u00fan no hab\u00eda asumido el cargo. Todos los nicarag\u00fcenses sab\u00edan que Arg\u00fcello hab\u00eda ganado por fraude perpetrado por Somoza Garc\u00eda. FOTO\/ ARCHIVO<\/em><\/figcaption><\/figure>\n<p>Despu\u00e9s se conoci\u00f3, seg\u00fan indican archivos period\u00edsticos de la \u00e9poca, que Arg\u00fcello hab\u00eda mandado a hacer investigaciones de toda la corrupci\u00f3n que hubo durante los 10 a\u00f1os que Somoza Garc\u00eda estuvo en el poder. LA PRENSA public\u00f3 una extensa lista de todas las propiedades que Somoza hab\u00eda obtenido durante su primer per\u00edodo presidencial y el historiador Jorge Eduardo Arellano escribi\u00f3 que, cuando Arg\u00fcello ya hab\u00eda sido depuesto, le brind\u00f3 una entrevista en M\u00e9xico al periodista Jules Dubois, en la que le revel\u00f3 que hab\u00eda descubierto la compra por parte del Estado de Nicaragua de 100 tractores en Estados Unidos y cuando pregunt\u00f3 por ellos se le inform\u00f3 que 98 de esos estaban siendo usados en las fincas del general Somoza. Adem\u00e1s, a Arg\u00fcello le informaron que personal del ferrocarril laboraba tambi\u00e9n en las fincas de Somoza.<\/p>\n<p>Los d\u00edas siguientes a ese s\u00e1bado 23 estuvieron llenos de rumores, rumores y m\u00e1s rumores. Hab\u00eda mucha zozobra.<br \/>\nArg\u00fcello dio a conocer su gabinete, pero entre ellos no mencion\u00f3 el nombre de Somoza Garc\u00eda como jefe director de la Guardia Nacional. Pero Somoza, el jueves 8 de mayo, anunci\u00f3 que ten\u00eda en su poder el nombramiento que le hab\u00eda hecho Arg\u00fcello como jefe director de la Guardia, recuerda el periodista Fuentes.<\/p>\n<p>El viernes 9, Somoza lleg\u00f3 a la Casa Presidencial y le dijo a los periodistas que era una visita del jefe director de la Guardia a su comandante. Ese d\u00eda Somoza abraz\u00f3 a Arg\u00fcello, igual que lo hizo con Sandino y con Juan Bautista Sacasa.<\/p>\n<p>En los d\u00edas siguientes continuaron los rumores. Que Somoza se iba por su propia voluntad. Que iba a haber un golpe de Estado.<\/p>\n<p>El periodista Agust\u00edn Fuentes logr\u00f3 hablar con Somoza horas antes del golpe. Fuentes lleg\u00f3 a La Curva en una bicicleta, pero unos 100 metros antes de llegar a la residencia, en el puesto de Cantagallo le pidieron que dejara la bicicleta, la cual nunca m\u00e1s volvi\u00f3 a ver. Le dijeron que Somoza lo estaba esperando y se dirigi\u00f3 a pie y lo hicieron pasar sin demora.<\/p>\n<p>\u201cApenas entr\u00e9 me di cuenta que algo estaba a punto de pasar. Somoza estaba en su escritorio y a su lado, movilizando tel\u00e9fonos, sus ayudantes, entre ellos el entonces capit\u00e1n Luis Oc\u00f3n y el teniente Samuel Genie, todos vestidos de camuflaje. Somoza me vio. Se sonri\u00f3 y me dijo que me sentara junto a su escritorio\u201d, relata Fuentes.<\/p>\n<p>Somoza sigui\u00f3 dando \u00f3rdenes por tel\u00e9fono. \u201cEstate listo con tu tropa para esta noche, para lo que ya sab\u00e9s. Ten\u00e9s que estar con todos los fierros y estar chiva\u201d, recuerda Fuentes que dec\u00eda Somoza.<\/p>\n<p>Otro de los guardias que estaba junto con Somoza era el capit\u00e1n Pablo Rivas, el Negro Rivas, quien dijo: \u201cGeneral, \u00bfya se dio cuenta? All\u00ed est\u00e1 Fuentitos. \u00bfQu\u00e9 hago con \u00e9l?\u201d<\/p>\n<p>Somoza se sonri\u00f3 y le dijo: \u201cNo teng\u00e1s cuidado. \u00c9l est\u00e1 oyendo todo esto, pero no podr\u00e1 publicar nada porque voy a ordenar en este momento el cierre de los peri\u00f3dicos. Ya se me hab\u00eda olvidado\u201d.<\/p>\n<figure id=\"attachment_40749\" aria-describedby=\"caption-attachment-40749\" style=\"width: 8854px\" class=\"wp-caption aligncenter\"><a href=\"https:\/\/gep90.laprensa.com.ni\/magazine\/wp-content\/uploads\/2018\/03\/279-Mag-Arguello-2.jpg\"><img loading=\"lazy\" decoding=\"async\" class=\"wp-image-40749 size-full\" src=\"https:\/\/gep90.laprensa.com.ni\/magazine\/wp-content\/uploads\/2018\/03\/279-Mag-Arguello-2.jpg\" alt=\"\" width=\"8854\" height=\"5998\" srcset=\"https:\/\/d1xxa24wwackpg.cloudfront.net\/wp-content\/uploads\/2018\/03\/07140614\/279-Mag-Arguello-2.jpg 8854w, https:\/\/d1xxa24wwackpg.cloudfront.net\/wp-content\/uploads\/2018\/03\/07140614\/279-Mag-Arguello-2.jpg 300w, https:\/\/d1xxa24wwackpg.cloudfront.net\/wp-content\/uploads\/2018\/03\/07140614\/279-Mag-Arguello-2.jpg 768w, https:\/\/d1xxa24wwackpg.cloudfront.net\/wp-content\/uploads\/2018\/03\/07140614\/279-Mag-Arguello-2.jpg 1024w\" sizes=\"(max-width: 8854px) 100vw, 8854px\" \/><\/a><figcaption id=\"caption-attachment-40749\" class=\"wp-caption-text\"><em>Una escena armoniosa entre Leonardo Arg\u00fcello y Anastasio Somoza Garc\u00eda. Sobresale en la foto Salvadora Debayle, esposa del dictador. FOTO\/ CORTES\u00cdA\/ IHNCA<\/em><\/figcaption><\/figure>\n<p>Seg\u00fan el excanciller Francisco Aguirre Sacasa, Leonardo Arg\u00fcello le pidi\u00f3 a Somoza Garc\u00eda salir de la Guardia Nacional. Ya antes le hab\u00eda pedido tambi\u00e9n que saliera del pa\u00eds. Pero el general le pidi\u00f3 al presidente dos d\u00edas para ordenar sus cosas. En esos dos d\u00edas Somoza se reuni\u00f3 con todos los oficiales de su confianza y prepar\u00f3 el golpe contra Arg\u00fcello.<\/p>\n<p>Todav\u00eda el s\u00e1bado 24 de mayo, Leonardo Arg\u00fcello declar\u00f3 a los periodistas que nada anormal estaba pasando. De acuerdo con un nieto de Arg\u00fcello, Renato Arg\u00fcello Kuhn, a su abuelo algunos oficiales de la Guardia Nacional le ofrecieron la cabeza de Somoza Garc\u00eda, pero Arg\u00fcello dijo que lo que comenzaba con sangre no terminaba bien.<br \/>\nDe hecho, Somoza tem\u00eda por su vida, porque la vez que lleg\u00f3 a la Casa Presidencial le hab\u00eda ordenado a sus tropas que si no regresaba en determinado tiempo, comenzaran a disparar.<\/p>\n<p>El domingo 25 de mayo de 1947, por la noche, el Congreso dominado por los somocistas declar\u00f3 que Arg\u00fcello no ten\u00eda capacidad para gobernar. En el acuerdo no se cit\u00f3 ning\u00fan art\u00edculo constitucional en respaldo de la medida.<br \/>\nEn la madrugada del lunes 26 de mayo, Arg\u00fcello se asil\u00f3 en la Embajada de M\u00e9xico.<\/p>\n<figure id=\"attachment_40757\" aria-describedby=\"caption-attachment-40757\" style=\"width: 1248px\" class=\"wp-caption aligncenter\"><a href=\"https:\/\/gep90.laprensa.com.ni\/magazine\/wp-content\/uploads\/2018\/03\/279-Mag-Leonardoarguello-6.jpg\"><img loading=\"lazy\" decoding=\"async\" class=\"wp-image-40757 size-full\" src=\"https:\/\/gep90.laprensa.com.ni\/magazine\/wp-content\/uploads\/2018\/03\/279-Mag-Leonardoarguello-6.jpg\" alt=\"\" width=\"1248\" height=\"2292\" srcset=\"https:\/\/d1xxa24wwackpg.cloudfront.net\/wp-content\/uploads\/2018\/03\/07140548\/279-Mag-Leonardoarguello-6.jpg 1248w, https:\/\/d1xxa24wwackpg.cloudfront.net\/wp-content\/uploads\/2018\/03\/07140548\/279-Mag-Leonardoarguello-6.jpg 163w, https:\/\/d1xxa24wwackpg.cloudfront.net\/wp-content\/uploads\/2018\/03\/07140548\/279-Mag-Leonardoarguello-6.jpg 768w, https:\/\/d1xxa24wwackpg.cloudfront.net\/wp-content\/uploads\/2018\/03\/07140548\/279-Mag-Leonardoarguello-6.jpg 558w\" sizes=\"(max-width: 1248px) 100vw, 1248px\" \/><\/a><figcaption id=\"caption-attachment-40757\" class=\"wp-caption-text\"><em>Benjam\u00edn Lanzas, el elegido para suceder a Leonardo Arg\u00fcello tras el golpe. FOTO\/ ARCHIVO<\/em><\/figcaption><\/figure>\n<p>Ese d\u00eda, Le\u00f3n Debayle, pariente pol\u00edtico de Somoza, se reuni\u00f3 primero con el embajador de Estados Unidos y luego reuni\u00f3 en su casa a todo el gabinete de Arg\u00fcello. Momentos despu\u00e9s la Guardia Nacional rode\u00f3 la casa y se llev\u00f3 a pie, detenidos, a los ministros hacia el Palacio Nacional. A todos, menos a Debayle.<\/p>\n<p>Seis meses demor\u00f3 Arg\u00fcello asilado en la embajada mexicana, hasta que sali\u00f3 hacia M\u00e9xico el 1 de diciembre de ese mismo a\u00f1o 1947.<\/p>\n<p>En Nicaragua, Somoza puso como presidente primero a Benjam\u00edn Lanzas Lacayo y luego a V\u00edctor Rom\u00e1n y Reyes.<br \/>\nCatorce d\u00edas despu\u00e9s de haber llegado a M\u00e9xico, falleci\u00f3 Leonardo Arg\u00fcello, a los 72 a\u00f1os de edad, el 15 de diciembre, a las 9:00 de la ma\u00f1ana. Se hab\u00eda sentido mal desde el 7, mismo d\u00eda en que el padre Jos\u00e9 O. Rossi lo confes\u00f3, le dio la comuni\u00f3n y despu\u00e9s le administr\u00f3 los santos \u00f3leos. Muri\u00f3 creyendo que era presidente de Nicaragua. Nunca quiso firmar su renuncia de la Presidencia.<\/p>\n<figure id=\"attachment_40768\" aria-describedby=\"caption-attachment-40768\" style=\"width: 720px\" class=\"wp-caption aligncenter\"><a href=\"https:\/\/gep90.laprensa.com.ni\/magazine\/wp-content\/uploads\/2018\/03\/Foto.jpg\"><img loading=\"lazy\" decoding=\"async\" class=\"wp-image-40768 size-full\" src=\"https:\/\/gep90.laprensa.com.ni\/magazine\/wp-content\/uploads\/2018\/03\/Foto.jpg\" alt=\"\" width=\"720\" height=\"493\" srcset=\"https:\/\/d1xxa24wwackpg.cloudfront.net\/wp-content\/uploads\/2018\/03\/07140530\/Foto.jpg 720w, https:\/\/d1xxa24wwackpg.cloudfront.net\/wp-content\/uploads\/2018\/03\/07140530\/Foto.jpg 300w\" sizes=\"(max-width: 720px) 100vw, 720px\" \/><\/a><figcaption id=\"caption-attachment-40768\" class=\"wp-caption-text\"><em>Los hermanos Francisco (izquierda) y Horacio (derecha) Aguirre Baca, capit\u00e1n y teniente de la Guardia Nacional que apoyaron a Leonardo Arg\u00fcello y tuvieron que salir al exilio tras el golpe. En medio, el padre de ambos, Horacio Aguirre Mu\u00f1oz, general y senador. FOTO\/ CORTES\u00cdA<\/em><\/figcaption><\/figure>\n<p><strong>La purga en la Guardia<\/strong><\/p>\n<p>La mayor\u00eda de los oficiales de la Guardia Nacional que apoyaron a Leonardo Arg\u00fcello tuvieron que salir al exilio.<br \/>\nEn la noche en que el Congreso inhabilit\u00f3 a Arg\u00fcello para gobernar, el teniente Adolfo B\u00e1ez Bone se tom\u00f3 por sorpresa el cuartel de la Defensa Nacional, pero fue desalojado poco despu\u00e9s por las fuerzas leales a Somoza. B\u00e1ez Bone logr\u00f3 escapar de milagro y se asil\u00f3 en la Embajada de Guatemala.<\/p>\n<p>Al amanecer del lunes fue capturado el general Ad\u00e1n Medina, jefe del Estado Mayor de la Guardia, leal al presidente Arg\u00fcello.<\/p>\n<p>Tambi\u00e9n fue capturado el coronel Alberto M. Baca, jefe de El Hormiguero, quien horas antes hab\u00eda sostenido una reuni\u00f3n con Arg\u00fcello, lo que lo hac\u00eda sospechoso a los ojos de Somoza.<\/p>\n<p>Otra captura, y con quien se ensa\u00f1\u00f3 el dictador, fue el coronel Policarpo Guti\u00e9rrez, a quien llam\u00f3 \u201chombre de mala conducta\u201d, a pesar de haber sido uno de sus favoritos desde el asesinato de Sandino.<\/p>\n<p>Uno de los casos m\u00e1s notables fue el de los hermanos Francisco y Horacio Aguirre Baca, quienes el d\u00eda en que Arg\u00fcello se asil\u00f3 en la Embajada de M\u00e9xico, ellos lo hicieron en la Embajada de Panam\u00e1 y lograron salir al d\u00eda siguiente hacia los Estados Unidos. Seg\u00fan algunas cr\u00f3nicas, Anastasio Somoza Garc\u00eda llor\u00f3 por el capit\u00e1n Francisco Aguirre Baca, a quien le ten\u00eda mucha estima.<\/p>\n<figure id=\"attachment_40748\" aria-describedby=\"caption-attachment-40748\" style=\"width: 5998px\" class=\"wp-caption aligncenter\"><a href=\"https:\/\/gep90.laprensa.com.ni\/magazine\/wp-content\/uploads\/2018\/03\/279-Mag-Arguello-1.jpg\"><img loading=\"lazy\" decoding=\"async\" class=\"wp-image-40748 size-full\" src=\"https:\/\/gep90.laprensa.com.ni\/magazine\/wp-content\/uploads\/2018\/03\/279-Mag-Arguello-1.jpg\" alt=\"\" width=\"5998\" height=\"6449\" srcset=\"https:\/\/d1xxa24wwackpg.cloudfront.net\/wp-content\/uploads\/2018\/03\/07140619\/279-Mag-Arguello-1.jpg 5998w, https:\/\/d1xxa24wwackpg.cloudfront.net\/wp-content\/uploads\/2018\/03\/07140619\/279-Mag-Arguello-1.jpg 279w, https:\/\/d1xxa24wwackpg.cloudfront.net\/wp-content\/uploads\/2018\/03\/07140619\/279-Mag-Arguello-1.jpg 768w, https:\/\/d1xxa24wwackpg.cloudfront.net\/wp-content\/uploads\/2018\/03\/07140619\/279-Mag-Arguello-1.jpg 952w\" sizes=\"(max-width: 5998px) 100vw, 5998px\" \/><\/a><figcaption id=\"caption-attachment-40748\" class=\"wp-caption-text\">El presidente Leonardo Arg\u00fcello, en el centro, en circunstancias desconocidas. FOTO\/ CORTES\u00cdA\/ IHNCA<\/figcaption><\/figure>\n<p><strong>Arg\u00fcello nunca volvi\u00f3 a Nicaragua<\/strong><\/p>\n<p>Los restos del expresidente Leonardo Arg\u00fcello Barreto quedaron sepultados en la ciudad de M\u00e9xico, seg\u00fan su nieto Renato Arg\u00fcello Kuhn, en el cementerio de los espa\u00f1oles.<\/p>\n<p>Cuando Arg\u00fcello muri\u00f3, el gobierno nicarag\u00fcense anunci\u00f3 que ser\u00eda sepultado en Managua con todos los honores, pero el cad\u00e1ver del expresidente nunca lleg\u00f3 al pa\u00eds.<\/p>\n<p>Junto a la tumba de Arg\u00fcello, el d\u00eda de su entierro, dieron discursos Francisco Ibarra Mayorga, por el Partido Liberal Independiente y Felipe Arg\u00fcello Bola\u00f1os, por el Partido Conservador.<\/p>\n<p>En las cr\u00f3nicas de la \u00e9poca se describi\u00f3 a Arg\u00fcello como un hombre de hermosa presencia, con ojos negros grandes y de mirar suave. Honesto y correcto. En su hogar fue correcto y form\u00f3 con su primera esposa, Adela Pe\u00f1alba, una familia con tres hijos: Leonardo, Ramiro y Renato. Ya viudo, se cas\u00f3 con Hayd\u00e9e Baca, con quien no tuvo hijos.<\/p>\n","protected":false},"excerpt":{"rendered":"<p>En 1947 Leonardo Arg\u00fcello pas\u00f3 de perder una elecci\u00f3n a ganarla, de t\u00edtere a rebelde y de presidente de la Rep\u00fablica a exiliado. Su reinado fue ef\u00edmero, pero se le recuerda como el hombre que se le plant\u00f3 a  Somoza Garc\u00eda y pag\u00f3 por ello<\/p>\n","protected":false},"author":5124,"featured_media":40929,"comment_status":"open","ping_status":"open","sticky":false,"template":"","format":"standard","meta":{"_acf_changed":false,"footnotes":""},"categories":[26],"tags":[1555,675,81],"class_list":["post-40747","post","type-post","status-publish","format-standard","has-post-thumbnail","hentry","category-reportajes","tag-anastasio-somoza-garcia","tag-guardia-nacional","tag-nicaragua"],"acf":[],"_links":{"self":[{"href":"https:\/\/staging.laprensanic.com\/magazine\/wp-json\/wp\/v2\/posts\/40747","targetHints":{"allow":["GET"]}}],"collection":[{"href":"https:\/\/staging.laprensanic.com\/magazine\/wp-json\/wp\/v2\/posts"}],"about":[{"href":"https:\/\/staging.laprensanic.com\/magazine\/wp-json\/wp\/v2\/types\/post"}],"author":[{"embeddable":true,"href":"https:\/\/staging.laprensanic.com\/magazine\/wp-json\/wp\/v2\/users\/5124"}],"replies":[{"embeddable":true,"href":"https:\/\/staging.laprensanic.com\/magazine\/wp-json\/wp\/v2\/comments?post=40747"}],"version-history":[{"count":16,"href":"https:\/\/staging.laprensanic.com\/magazine\/wp-json\/wp\/v2\/posts\/40747\/revisions"}],"predecessor-version":[{"id":53186,"href":"https:\/\/staging.laprensanic.com\/magazine\/wp-json\/wp\/v2\/posts\/40747\/revisions\/53186"}],"wp:featuredmedia":[{"embeddable":true,"href":"https:\/\/staging.laprensanic.com\/magazine\/wp-json\/wp\/v2\/media\/40929"}],"wp:attachment":[{"href":"https:\/\/staging.laprensanic.com\/magazine\/wp-json\/wp\/v2\/media?parent=40747"}],"wp:term":[{"taxonomy":"category","embeddable":true,"href":"https:\/\/staging.laprensanic.com\/magazine\/wp-json\/wp\/v2\/categories?post=40747"},{"taxonomy":"post_tag","embeddable":true,"href":"https:\/\/staging.laprensanic.com\/magazine\/wp-json\/wp\/v2\/tags?post=40747"}],"curies":[{"name":"wp","href":"https:\/\/api.w.org\/{rel}","templated":true}]}}