{"id":41239,"date":"2018-08-20T16:17:32","date_gmt":"2018-08-20T22:17:32","guid":{"rendered":"https:\/\/www.magazine.com.ni\/?p=41239"},"modified":"2021-07-18T16:40:05","modified_gmt":"2021-07-18T22:40:05","slug":"la-historia-de-charrasca-y-su-pandilla","status":"publish","type":"post","link":"https:\/\/staging.laprensanic.com\/magazine\/reportajes\/la-historia-de-charrasca-y-su-pandilla\/","title":{"rendered":"La historia de Charrasca y su pandilla"},"content":{"rendered":"<p style=\"text-align: center;\">Guerrillero. H\u00e9roe para algunos. Delincuente para otros. Lumpen. Drogadicto. Brujo. Luis Manuel Toru\u00f1o (Charrasca) fue todo eso. Vivi\u00f3 y muri\u00f3 en su ley. Combati\u00f3, rob\u00f3 y mat\u00f3 en las calles de Le\u00f3n, infundi\u00f3 terror a guardias y civiles, y cuando el Frente Sandinista quiso rehabilitarlo en Cuba, despu\u00e9s del triunfo, asalt\u00f3 un banco, quem\u00f3 un bus y se tom\u00f3 \u00abpor las armas\u00bb un bar en La Habana.<\/p>\n<p style=\"text-align: center;\"><strong>Fabi\u00e1n Medina<\/strong><br \/>\n<strong>Fotos de Orlando Valenzuela<\/strong><\/p>\n<p>Aproximadamente a las cuatro de la tarde del 23 de marzo de 1982, una patrulla de la reci\u00e9n creada Polic\u00eda Sandinista circula de la iglesia San Felipe hacia el Estadio, en Le\u00f3n, cuando se topa con una moto que viene contra la v\u00eda. Le hace parada. El motociclista saca una pistola y responde a balazos. Se parapeta en el resquicio de un peque\u00f1o port\u00f3n, a un lado de la calle. Los polic\u00edas le disparan r\u00e1fagas nutridas. Lo alcanzan varias veces. Aquel, gravemente herido, abate el port\u00f3n con el peso de su cuerpo y huye hacia el r\u00edo El Pochote.<\/p>\n<p>Para ese momento, ya los polic\u00edas saben que el motociclista es el famoso Charrasca. Azote de la Guardia Nacional en la pasada guerra de insurrecci\u00f3n, en Le\u00f3n. Durante varios a\u00f1os fue la ley en el barrio San Felipe, donde creci\u00f3. Temerario hasta el suicidio. Valiente y sanguinario. Robaba, ejecutaba con justificaci\u00f3n o sin ella, pero tambi\u00e9n se jugaba el pellejo enfrentando a la Guardia. \u00bfH\u00e9roe o delincuente? Esa es una pregunta que nunca supo contestar el Frente Sandinista.<\/p>\n<p><strong>PODR\u00cdA INTERESARLE: <a href=\"https:\/\/gep90.laprensa.com.ni\/magazine\/reportaje\/los-ultimos-39-guardias-de-somoza\/\">Los \u00faltimos 39 guardias de Somoza<\/a><\/strong><\/p>\n<p>Su \u00faltimo crimen fue el asesinato a mansalva de su mujer, Patricia Eugenia Montes, y su cu\u00f1ado Jorge Montes, en el barrio Domitila Lugo, luego que alguien le hizo llegar hasta su o\u00eddo un chisme de infidelidad. Desde entonces viv\u00eda semiescondido. Perseguido por aquellos que hasta hace poco eran sus compa\u00f1eros de armas.<\/p>\n<p>Ese 23 de marzo, como a las tres y media de la tarde estaba en la casa de un amigo, ubicada del Estadio Metropolitano, tres cuadras y media arriba, media cuadra abajo.<\/p>\n<p>La mujer de su \u00absocio\u00bb les hizo sopas Maggi mientras ellos fumaban marihuana. Por esas cosas de la posguerra, Charrasca, a pesar de ser un \u00abpr\u00f3fugo\u00bb, era capit\u00e1n del Ej\u00e9rcito Popular Sandinista y se mov\u00eda con custodios que esperaban fuera de la casa en un jeep.<\/p>\n<p>El amigo recuerda aquel episodio: \u00abLlegamos a la casa. Le pidi\u00f3 a mi se\u00f1ora que nos hiciera unos garrotes (cigarros de marihuana) y era tan nocivo que le dijo, a la que en ese tiempo era mi esposa, con estas palabras: &#8216;Mar\u00eda Jos\u00e9 quiero c&#8230; con vos'\u00bb. La mujer, tom\u00e1ndolo a broma, lo rechaz\u00f3 y Charrasca se mont\u00f3 en la moto que a su amigo le hab\u00eda asignado Irena (Instituto del Medio Ambiente) para su trabajo. Es en esa moto en la que minutos m\u00e1s tarde lo encuentra la Polic\u00eda, circulando contra la v\u00eda.<\/p>\n<p>Cuando su amigo se entera que Charrasca est\u00e1 herido y cercado en el r\u00edo El Pochote, arma a un grupo, incluyendo los custodios que quedaron esper\u00e1ndolo, para ir a rescatarlo como en los viejos tiempos. Cuando llegan, la balacera hab\u00eda cesado. Los polic\u00edas segu\u00edan rodeando la zona. Silencio. Al poco tiempo son\u00f3 un solitario disparo. Todo hab\u00eda terminado. Charrasca se descerraj\u00f3 un tiro en la cabeza.<\/p>\n<figure id=\"attachment_41241\" aria-describedby=\"caption-attachment-41241\" style=\"width: 226px\" class=\"wp-caption aligncenter\"><a href=\"https:\/\/gep90.laprensa.com.ni\/magazine\/wp-content\/uploads\/2018\/04\/Capitan-Luis-Manuel-Torun\u0303o-Montenegro.jpg\"><img fetchpriority=\"high\" decoding=\"async\" class=\"size-medium wp-image-41241\" src=\"https:\/\/gep90.laprensa.com.ni\/magazine\/wp-content\/uploads\/2018\/04\/Capitan-Luis-Manuel-Torun\u0303o-Montenegro.jpg\" alt=\"Reproducciones de Orlando Valenzuela\" width=\"226\" height=\"300\" srcset=\"https:\/\/d1xxa24wwackpg.cloudfront.net\/wp-content\/uploads\/2018\/04\/07135945\/Capitan-Luis-Manuel-Torun%CC%83o-Montenegro.jpg 720w, https:\/\/d1xxa24wwackpg.cloudfront.net\/wp-content\/uploads\/2018\/04\/07135945\/Capitan-Luis-Manuel-Torun%CC%83o-Montenegro.jpg 226w\" sizes=\"(max-width: 226px) 100vw, 226px\" \/><\/a><figcaption id=\"caption-attachment-41241\" class=\"wp-caption-text\">Luis Manuel Toru\u00f1o, Charrasca, con sus grados de capit\u00e1n del Ej\u00e9rcito Popular Sandinista.<\/figcaption><\/figure>\n<p style=\"text-align: center;\">***<\/p>\n<p>\u00abEra grande. No lo llamemos Charrasquita, como le dec\u00edan algunos por cari\u00f1o. Charrasca. Ten\u00eda lo que otros no tienen, lo que otros que est\u00e1n ah\u00ed arriba, con el poder, no tienen&#8230;\u00bb. Quien dice esto es un hombre de unos 48 a\u00f1os, bajo, moreno, que descansa en chinelas, en una mecedora en la salita de su casa mientras afuera, Le\u00f3n se quema a 38 grados de temperatura. Es el amigo aquel que le prest\u00f3 la moto a Charrasca el d\u00eda que se mat\u00f3. Le dicen Mano Negra, pero tambi\u00e9n se le puede localizar como Tamburino o la Vieja del Toro, los apodos que enterraron en el olvido su verdadero nombre: Darvis Orlando P\u00e9rez Zelaya.<\/p>\n<p>Conoci\u00f3 a Luis Manuel Toru\u00f1o, Charrasca, en el barrio San Felipe, cuando ambos eran ni\u00f1os y miembros de una \u00abpandillita de huelepegas, fumadores de marihuana y armadores de esc\u00e1ndalos\u00bb, como \u00e9l mismo dice. \u00abSan Felipe y Zaragoza peleaban con la gente de Sutiaba. Nos cit\u00e1bamos al atrio de la iglesia, donde hab\u00eda un enorme patio, con chacos, piedras, cadenas, nada de armas hechizas como ahora&#8230; Cada quien se tiraba primero su garrote&#8230;\u00bb<\/p>\n<p>Mano Negra era una de las cinco personas que, drogadas, se rifaron la violaci\u00f3n a \u00abla muchachita m\u00e1s guap\u00edsima de San Felipe\u00bb. Para participar en el crimen \u2014seg\u00fan Mano Negra\u2014, se jugaron la vida a la ruleta rusa. \u00abEst\u00e1bamos en una vela donde Mu\u00f1uca. Ninguno de los cinco se dispar\u00f3 el tiro. El honor entonces le correspondi\u00f3 a Charrasca, por ser el jefe. No fue el grupo. Que me perdone la&#8230; (omitimos el nombre porque la v\u00edctima vive). Entre las trozas del aserr\u00edo de Mu\u00f1uca qued\u00f3 esa historia\u00bb.<\/p>\n<p>Dice Mano Negra que Charrasca se gan\u00f3 su apodo por flaquillo. \u00abEra bajo, cara golpeada, como que ya era un hombre viejo, con una media cicatriz. Su mirada era penetrante\u00bb. Sin embargo, la madre de Luis Manuel Toru\u00f1o, do\u00f1a Olivia Montenegro, tiene otra versi\u00f3n sobre el origen del apodo. \u00abLe dec\u00edan Charrasca porque \u00e9l ten\u00eda un brazo fregado. Se hab\u00eda accidentado en un tr\u00e1iler de un amigo cuando iba para Poneloya. El brazo le qued\u00f3 todo arrugado\u00bb. Otros dicen que cuando iba al colegio le dec\u00eda a la se\u00f1ora que vend\u00eda el vigor\u00f3n: \u00abMe va a regalar mi vigorocinto con mi charrasquita\u00bb.<\/p>\n<p>Do\u00f1a Olivia tiene 64 a\u00f1os y vive en la \u00faltima casa que comparti\u00f3 con su hijo. Es un viejo galer\u00f3n apenas sin divisiones, que do\u00f1a Olivia recuerda una y otra vez que no es de ella porque \u00abno le qued\u00f3 ni casa donde vivir\u00bb. Dice que ignoraba las andanzas de su hijo hasta bien entrado su involucramiento con el Frente Sandinista. \u00abPara m\u00ed, \u00e9l andaba en sus clases en el Colegio John F. Kennedy. Hasta que la profesora me dec\u00eda que por qu\u00e9 no llegaba Luis Manuel supe que no estaba yendo a la escuela. \u00c9l dec\u00eda que iba a los r\u00edos con su pandillita\u00bb.<\/p>\n<p><strong>PUEDE INTERESARLE: <a href=\"https:\/\/gep90.laprensa.com.ni\/magazine\/columnas\/asaltos-del-frente-sandinista\/\">Asaltos del Frente Sandinista<\/a><\/strong><\/p>\n<p>\u00ab\u00c9ramos gente de barrio, drogos, lumpen, por decir algo. Charrasca era un hombre metido en su pandilla, que se tiraba su garrote, nos gustaba carcajearnos, nos gustaba ir a los r\u00edos y nos gustaba cachimbiarnos con la gente de los otros barrios\u00bb, describe Mano Negra.<\/p>\n<p>\u2014\u00bfRobaban?<\/p>\n<p>\u00abDespu\u00e9s, ya metidos en la guerrilla, por necesidades\u00bb.<\/p>\n<p>\u2014\u00bfEjecutaban?<\/p>\n<p>\u00abLa lista es larga, pero de eso no se puede hablar por los derechos humanos\u00bb.<\/p>\n<p>\u2014\u00bfViolaban?<\/p>\n<p>\u00abQuiero decirle que no. El \u00fanico caso que tenemos se lo cont\u00e9. El que diga que hac\u00edamos eso quiere destruir la imagen de los que hicieron la revoluci\u00f3n en Le\u00f3n. \u00c9l no era un pol\u00edtico ni un guerrillero, sino que era un tipo de la casta noble nuestra. Cuando decimos de la casta es de las pandillas de nuestro barrio. Lleg\u00f3 a ser grande\u00bb.<\/p>\n<figure id=\"attachment_41257\" aria-describedby=\"caption-attachment-41257\" style=\"width: 700px\" class=\"wp-caption aligncenter\"><a href=\"https:\/\/gep90.laprensa.com.ni\/magazine\/wp-content\/uploads\/2018\/04\/Darvis-P\u00e9rez-Mano-Negra.jpg\"><img decoding=\"async\" class=\"wp-image-41257 size-full\" src=\"https:\/\/gep90.laprensa.com.ni\/magazine\/wp-content\/uploads\/2018\/04\/Darvis-P\u00e9rez-Mano-Negra.jpg\" alt=\"\" width=\"700\" height=\"465\" srcset=\"https:\/\/d1xxa24wwackpg.cloudfront.net\/wp-content\/uploads\/2018\/04\/07135937\/Darvis-P%C3%A9rez-Mano-Negra.jpg 700w, https:\/\/d1xxa24wwackpg.cloudfront.net\/wp-content\/uploads\/2018\/04\/07135937\/Darvis-P%C3%A9rez-Mano-Negra.jpg 300w, https:\/\/d1xxa24wwackpg.cloudfront.net\/wp-content\/uploads\/2018\/04\/07135937\/Darvis-P%C3%A9rez-Mano-Negra.jpg 600w\" sizes=\"(max-width: 700px) 100vw, 700px\" \/><\/a><figcaption id=\"caption-attachment-41257\" class=\"wp-caption-text\">Darvis P\u00e9rez, Mano Negra, en la cercan\u00edas de la iglesia San Felipe, donde Charrasca protagoniz\u00f3 su \u00faltimo enfrentamiento.<\/figcaption><\/figure>\n<p style=\"text-align: center;\">***<\/p>\n<p>Luis Manuel Toru\u00f1o (Charrasca) naci\u00f3 el 25 de agosto de 1959 en la Mina El Lim\u00f3n, donde trabajaba su padre, don Carlos Toru\u00f1o. A los 18 meses, la familia se traslada al barrio San Felipe de Le\u00f3n. Ah\u00ed, do\u00f1a Olivia se ganaba la vida lavando, planchando y cocinando en el Club Social de la ciudad. El peque\u00f1o Luis Manuel la acompa\u00f1aba y, seg\u00fan do\u00f1a Olivia, el administrador le tom\u00f3 mucho cari\u00f1o. De acuerdo con Mano Negra, ah\u00ed fue donde aprendi\u00f3 a preparar unos c\u00f3cteles de ron que fueron famosos en el barrio.<\/p>\n<p>En esas calles de San Felipe es que debe haberse encontrado con los que luego ser\u00edan su pandilla: Isidro Ram\u00edrez Soza (Piscis), Marvin Saavedra Ram\u00edrez (Chivo Pando), Jos\u00e9 Antonio Villegas (Pescado Lucio), Darvis P\u00e9rez Zelaya (Mano Negra), entre otros. Unos nueve fueron siempre el n\u00facleo fuerte. Armaban pleitos, se drogaban. \u00abEn dos o tres ocasiones ca\u00edmos presos. \u00c9ramos de la gente que le gustaba exhibirse ante la poblaci\u00f3n\u00bb, recuerda Mano Negra.<\/p>\n<p>El periodista Guillermo Cort\u00e9s Dom\u00ednguez, autor del libro <em>De Le\u00f3n al B\u00fanker<\/em>, que describe la insurrecci\u00f3n de Le\u00f3n y sus personajes, asegura que \u00abel origen de la enemistad de estos j\u00f3venes con la Guardia Nacional no fue ideol\u00f3gico\u00bb. Seg\u00fan Cort\u00e9s, la chispa se prendi\u00f3 despu\u00e9s de una golpiza que sufriera la madre de Charrasca, do\u00f1a Olivia, a manos de la Guardia Nacional, cuando esta intentaba impedir una de las tantas detenciones que hicieron a su hijo.<\/p>\n<p>Cuenta Guillermo Cort\u00e9s que luego Charrasca y su gente espiaron al guardia que golpe\u00f3 a do\u00f1a Olivia, y una ma\u00f1ana lo cazaron a pedradas. Lo derribaron y con su misma pistola lo mataron.<\/p>\n<p>El periodista tuvo la oportunidad de o\u00edr la historia de la propia boca de Charrasca, cuando compartieron celdas, pocos d\u00edas despu\u00e9s del triunfo de la Revoluci\u00f3n sandinista. Cort\u00e9s cay\u00f3 preso junto con otras 50 personas en una oleada represiva que desat\u00f3 el Frente Sandinista contra aquellos que se identificaban con el Frente Obrero y el Movimiento de Acci\u00f3n Popular Marxista Leninista.<\/p>\n<p>En las celdas del Campo de Marte, Cort\u00e9s coincidi\u00f3 con la pandilla de Charrasca. \u00abYo ya hab\u00eda o\u00eddo hablar de \u00e9l. Era una cosa m\u00edtica. Cuando supimos que \u00e9l estaba ah\u00ed, la primera sensaci\u00f3n fue de miedo, pero en esas condiciones tampoco pod\u00eda actuar de acuerdo con su pr\u00e1ctica\u00bb.<\/p>\n<p>Para Cort\u00e9s, Charrasca \u00abera una mezcla de delincuente y de Robin Hood, \u00e9l robaba por ejemplo un cami\u00f3n de leche y la repart\u00eda entre la gente. Yo creo que no era respetado. Era temido. Se dice que muchas mujeres, sobre todo de la burgues\u00eda, se orinaban de p\u00e1nico al o\u00edr su nombre\u00bb.<\/p>\n<p>\u00abEra un drogo, le gustaba mandarse solo. Como a m\u00ed, por eso no est\u00e1bamos en el ej\u00e9rcito. Hac\u00edamos ejecuciones, generalmente por cuenta nuestra. Sab\u00edamos qui\u00e9nes eran los que nos persegu\u00edan. Hab\u00edamos agarrado un bus blanco y vestidos de verde olivo, con pa\u00f1oletas negras\u00bb, dice Mano Negra. Cuenta que las ejecuciones eran m\u00e1s o menos as\u00ed: se conoc\u00eda que alguien era sopl\u00f3n y lo vigilaban. Un mal d\u00eda para \u00e9l, lo llegaban a traer, generalmente de noche, lo sacaban de su casa y lo llevaban a un campo bald\u00edo. Lo pon\u00edan de rodillas y se le daba un tiro en la cabeza. Seg\u00fan Mano Negra, nunca torturaron a los condenados.<\/p>\n<p>Este tipo de ejecuciones se dio en uno y otro bando. \u00abEjecuciones hay una lista, un rosario de ejecuciones en Le\u00f3n. Algunas de las cuales est\u00e1n cubiertas por un manto supuestamente pol\u00edtico. En esa competencia macabra entre la Guardia y estos grupos, que actuaban bajo la bandera sandinista, pero que realmente ten\u00edan una independencia total, se dio una cadena de ejecuciones de ambos bandos, sobre todo en los \u00faltimos dos a\u00f1os de la guerra\u00bb, dice Guillermo Cort\u00e9s.<\/p>\n<p>Do\u00f1a Olivia se niega a aceptar que a su hijo se le llame delincuente. \u00abA mi hijo me lo ense\u00f1aron a robar. Yo nunca le ense\u00f1\u00e9 a robar. El Frente Sandinista es el que me le ense\u00f1\u00f3 a robar a mi hijo. Se met\u00eda en un banco tranquilamente, hac\u00eda el trabajo y, tranquilo, sal\u00eda bien. Otra gente era la que me tra\u00eda cosas. Lo que hizo mi hijo lo hizo por mando del Frente Sandinista. Si ese fulano es as\u00ed y as\u00ed hay que fusilarlo porque no le conviene al Frente&#8230; \u00c9l hac\u00eda sus ejecuciones con orden del Frente Sandinista\u00bb.<\/p>\n<div id='gallery-1' class='gallery galleryid-41239 gallery-columns-3 gallery-size-thumbnail'><figure class='gallery-item'>\n\t\t\t<div class='gallery-icon landscape'>\n\t\t\t\t<a href='https:\/\/staging.laprensanic.com\/magazine\/reportajes\/la-historia-de-charrasca-y-su-pandilla\/attachment\/sdffsd\/'><img decoding=\"async\" width=\"150\" height=\"150\" src=\"https:\/\/d1xxa24wwackpg.cloudfront.net\/wp-content\/uploads\/2018\/04\/07135938\/sdffsd.jpg\" class=\"attachment-thumbnail size-thumbnail\" alt=\"Reproducciones de Orlando Valenzuela\" aria-describedby=\"gallery-1-41253\" srcset=\"https:\/\/d1xxa24wwackpg.cloudfront.net\/wp-content\/uploads\/2018\/04\/07135938\/sdffsd.jpg 150w, https:\/\/d1xxa24wwackpg.cloudfront.net\/wp-content\/uploads\/2018\/04\/07135938\/sdffsd.jpg 24w, https:\/\/d1xxa24wwackpg.cloudfront.net\/wp-content\/uploads\/2018\/04\/07135938\/sdffsd.jpg 48w, https:\/\/d1xxa24wwackpg.cloudfront.net\/wp-content\/uploads\/2018\/04\/07135938\/sdffsd.jpg 96w, https:\/\/d1xxa24wwackpg.cloudfront.net\/wp-content\/uploads\/2018\/04\/07135938\/sdffsd.jpg 300w, https:\/\/d1xxa24wwackpg.cloudfront.net\/wp-content\/uploads\/2018\/04\/07135938\/sdffsd.jpg 100w\" sizes=\"(max-width: 150px) 100vw, 150px\" \/><\/a>\n\t\t\t<\/div>\n\t\t\t\t<figcaption class='wp-caption-text gallery-caption' id='gallery-1-41253'>\n\t\t\t\tAntes de 1979. Luis Manuel Toru\u00f1o, Charrasca, al fondo, en una de las tantas veces que cay\u00f3 preso.\n\t\t\t\t<\/figcaption><\/figure><figure class='gallery-item'>\n\t\t\t<div class='gallery-icon landscape'>\n\t\t\t\t<a href='https:\/\/staging.laprensanic.com\/magazine\/reportajes\/la-historia-de-charrasca-y-su-pandilla\/attachment\/fop\/'><img loading=\"lazy\" decoding=\"async\" width=\"150\" height=\"150\" src=\"https:\/\/d1xxa24wwackpg.cloudfront.net\/wp-content\/uploads\/2018\/04\/07135939\/fop.jpg\" class=\"attachment-thumbnail size-thumbnail\" alt=\"Reproducciones de Orlando Valenzuela\" aria-describedby=\"gallery-1-41252\" srcset=\"https:\/\/d1xxa24wwackpg.cloudfront.net\/wp-content\/uploads\/2018\/04\/07135939\/fop.jpg 150w, https:\/\/d1xxa24wwackpg.cloudfront.net\/wp-content\/uploads\/2018\/04\/07135939\/fop.jpg 24w, https:\/\/d1xxa24wwackpg.cloudfront.net\/wp-content\/uploads\/2018\/04\/07135939\/fop.jpg 48w, https:\/\/d1xxa24wwackpg.cloudfront.net\/wp-content\/uploads\/2018\/04\/07135939\/fop.jpg 96w, https:\/\/d1xxa24wwackpg.cloudfront.net\/wp-content\/uploads\/2018\/04\/07135939\/fop.jpg 300w, https:\/\/d1xxa24wwackpg.cloudfront.net\/wp-content\/uploads\/2018\/04\/07135939\/fop.jpg 100w\" sizes=\"(max-width: 150px) 100vw, 150px\" \/><\/a>\n\t\t\t<\/div>\n\t\t\t\t<figcaption class='wp-caption-text gallery-caption' id='gallery-1-41252'>\n\t\t\t\t1979. Isidro Ramiro Soza \u00abPiscis\u00bb, Marvin Saavedra \u00abChivo Pando\u00bb, Charrasca y un escolta. \n\t\t\t\t<\/figcaption><\/figure><figure class='gallery-item'>\n\t\t\t<div class='gallery-icon landscape'>\n\t\t\t\t<a href='https:\/\/staging.laprensanic.com\/magazine\/fotogarfo-3\/'><img loading=\"lazy\" decoding=\"async\" width=\"150\" height=\"150\" src=\"https:\/\/d1xxa24wwackpg.cloudfront.net\/wp-content\/uploads\/2018\/04\/07135943\/Charrasca-y-Compan%CC%83eros-.jpg\" class=\"attachment-thumbnail size-thumbnail\" alt=\"Reproducciones de Orlando Valenzuela\" aria-describedby=\"gallery-1-41243\" srcset=\"https:\/\/d1xxa24wwackpg.cloudfront.net\/wp-content\/uploads\/2018\/04\/07135943\/Charrasca-y-Compan%CC%83eros-.jpg 150w, https:\/\/d1xxa24wwackpg.cloudfront.net\/wp-content\/uploads\/2018\/04\/07135943\/Charrasca-y-Compan%CC%83eros-.jpg 24w, https:\/\/d1xxa24wwackpg.cloudfront.net\/wp-content\/uploads\/2018\/04\/07135943\/Charrasca-y-Compan%CC%83eros-.jpg 48w, https:\/\/d1xxa24wwackpg.cloudfront.net\/wp-content\/uploads\/2018\/04\/07135943\/Charrasca-y-Compan%CC%83eros-.jpg 96w\" sizes=\"(max-width: 150px) 100vw, 150px\" \/><\/a>\n\t\t\t<\/div>\n\t\t\t\t<figcaption class='wp-caption-text gallery-caption' id='gallery-1-41243'>\n\t\t\t\tEn Cuba. Mic\u00f3n, Charrasca, Piscis y Chivo Pando. \n\t\t\t\t<\/figcaption><\/figure><figure class='gallery-item'>\n\t\t\t<div class='gallery-icon landscape'>\n\t\t\t\t<a href='https:\/\/staging.laprensanic.com\/magazine\/fotogarfo-2\/'><img loading=\"lazy\" decoding=\"async\" width=\"150\" height=\"150\" src=\"https:\/\/d1xxa24wwackpg.cloudfront.net\/wp-content\/uploads\/2018\/04\/07135944\/Charrasca-Entierro-en-Leo%CC%81n-3.jpg\" class=\"attachment-thumbnail size-thumbnail\" alt=\"Reproducciones de Orlando Valenzuela\" aria-describedby=\"gallery-1-41242\" srcset=\"https:\/\/d1xxa24wwackpg.cloudfront.net\/wp-content\/uploads\/2018\/04\/07135944\/Charrasca-Entierro-en-Leo%CC%81n-3.jpg 150w, https:\/\/d1xxa24wwackpg.cloudfront.net\/wp-content\/uploads\/2018\/04\/07135944\/Charrasca-Entierro-en-Leo%CC%81n-3.jpg 24w, https:\/\/d1xxa24wwackpg.cloudfront.net\/wp-content\/uploads\/2018\/04\/07135944\/Charrasca-Entierro-en-Leo%CC%81n-3.jpg 48w, https:\/\/d1xxa24wwackpg.cloudfront.net\/wp-content\/uploads\/2018\/04\/07135944\/Charrasca-Entierro-en-Leo%CC%81n-3.jpg 96w\" sizes=\"(max-width: 150px) 100vw, 150px\" \/><\/a>\n\t\t\t<\/div>\n\t\t\t\t<figcaption class='wp-caption-text gallery-caption' id='gallery-1-41242'>\n\t\t\t\t1982. Entierro multitudinario de Charrasca en Le\u00f3n.\n\t\t\t\t<\/figcaption><\/figure>\n\t\t<\/div>\n\n<p style=\"text-align: center;\">***<\/p>\n<p>Una vecina de los Toru\u00f1o cuenta que mucha gente encarga al panteonero tierra de la tumba de Charrasca para hacer embrujos. La fama de brujo le viene de la temeridad con que se comportaba. No med\u00eda las consecuencias de sus actos. \u00abSe tiraba a la calle frente a una tanqueta y eso era un suicidio\u00bb, dice Cort\u00e9s.<\/p>\n<p>Su aureola m\u00edtica, sin embargo, se desbord\u00f3 el 30 de mayo de 1979 en un enfrentamiento temerario que sostuvo con la Guardia cerca de la iglesia San Felipe. Charrasca intenta alcanzar la ametralladora calibre 30 de un guardia abatido. Sin embargo, otro soldado lo alcanza en el intento. Cort\u00e9s describe as\u00ed lo que sucedi\u00f3 en esos segundos: \u00abUna bala o dos impactan a Charrasca y cae. Sus compa\u00f1eros est\u00e1n viendo y lo dan por muerto, pero este se incorpora y dispara una o dos r\u00e1fagas. Lo vuelven a pegar y cae nuevamente. Se levanta otra vez y logra jalar el gatillo de su fusil ametralladora. M\u00e1s balas lo alcanzan y lanzan al pavimento ante la mirada at\u00f3nita de los suyos\u00bb. Sobrevivi\u00f3 hecho un gui\u00f1apo.<\/p>\n<p><strong>PODR\u00cdA INTERESARLE: <a href=\"https:\/\/gep90.laprensa.com.ni\/magazine\/reportaje\/el-fin-de-la-guardia-nacional\/\">El fin de la Guardia Nacional<\/a><\/strong><\/p>\n<p>Do\u00f1a Olivia tambi\u00e9n recuerda este episodio. \u00abA \u00e9l lo balearon ah\u00ed en la esquina del tope de San Felipe. Ah\u00ed est\u00e1 ese poste que si tuviera boca dijera&#8230; Lo rafaguearon y \u00e9l, dicen, no ca\u00eda. Y le volaban y le volaban y nada. Hasta que se vol\u00f3 a toditos los guardias. Hasta que termin\u00f3 toda su labor cay\u00f3, pero bien rafagueado\u00bb.<\/p>\n<p>Posiblemente este combate se haya exagerado a trav\u00e9s de los a\u00f1os, pero el padre Ernesto Cardenal dice que lo escuch\u00f3 del propio Charrasca cuando lo conoci\u00f3 en Cuba, despu\u00e9s del triunfo revolucionario. No le cre\u00edan y Charrasca se quit\u00f3 la camisa para mostrar el testimonio de su cuerpo. \u00abTen\u00eda 17 balazos\u00bb, dice Cardenal.<\/p>\n<figure id=\"attachment_41251\" aria-describedby=\"caption-attachment-41251\" style=\"width: 720px\" class=\"wp-caption aligncenter\"><a href=\"https:\/\/gep90.laprensa.com.ni\/magazine\/wp-content\/uploads\/2018\/04\/img187-1.jpg\"><img loading=\"lazy\" decoding=\"async\" class=\"wp-image-41251 size-full\" src=\"https:\/\/gep90.laprensa.com.ni\/magazine\/wp-content\/uploads\/2018\/04\/img187-1.jpg\" alt=\"Olivia Montenegro, madre de Charrasca\" width=\"720\" height=\"426\" srcset=\"https:\/\/d1xxa24wwackpg.cloudfront.net\/wp-content\/uploads\/2018\/04\/07135940\/img187-1.jpg 720w, https:\/\/d1xxa24wwackpg.cloudfront.net\/wp-content\/uploads\/2018\/04\/07135940\/img187-1.jpg 300w, https:\/\/d1xxa24wwackpg.cloudfront.net\/wp-content\/uploads\/2018\/04\/07135940\/img187-1.jpg 600w\" sizes=\"(max-width: 720px) 100vw, 720px\" \/><\/a><figcaption id=\"caption-attachment-41251\" class=\"wp-caption-text\">Olivia Montenegro, madre de Charrasca.<\/figcaption><\/figure>\n<p style=\"text-align: center;\">***<\/p>\n<p>Dora Mar\u00eda T\u00e9llez ten\u00eda apenas 22 a\u00f1os cuando asumi\u00f3 el mando de la insurrecci\u00f3n en Le\u00f3n. Conoci\u00f3 a Charrasca en los primeros meses de 1979. \u00abEra uno de los jefes de unidades que ten\u00edamos en Le\u00f3n. Era la fuerza menos org\u00e1nica. Es una guerra informal, de forma que vos pod\u00e9s tener grupos que se arman y organizan solos. Hacen operaciones contra la Guardia y tambi\u00e9n comet\u00edan todo tipo de abusos. Tiene que ver con los procesos de anarqu\u00eda que se desatan cuando hay una p\u00e9rdida del eje de autoridad, en este caso la Guardia\u00bb.<\/p>\n<p>T\u00e9llez reconoce que Charrasca y su grupo le dieron muchos dolores de cabeza. \u00abTen\u00edan una virtud: eran sumamente audaces. Con una gran capacidad de golpear contundentemente e infundir terror a la Guardia. Y este era su defecto tambi\u00e9n. No ten\u00edan l\u00edmites claros ni era f\u00e1cil imponerles l\u00edmites en una situaci\u00f3n de mandos clandestinos\u00bb.<\/p>\n<p>A T\u00e9llez le llegaban noticias alarmantes. El grupo de Charrasca \u00abandaba suelto\u00bb. Robaba. Ejecutaba prisioneros. Saqueaba. T\u00e9llez tom\u00f3 una decisi\u00f3n audaz si se consideran las circunstancias: los mand\u00f3 a capturar. Para lograrlo sin derramamiento de sangre se tram\u00f3 un ardid. \u00abSe les mand\u00f3 a llamar con el objetivo de hacer una operaci\u00f3n especial, y era para detenerlos. Se les cerr\u00f3 la puerta y se les desarm\u00f3. Hubo un conato de rebeli\u00f3n de una parte de las fuerzas para liberarlos\u00bb.<\/p>\n<p>Seg\u00fan T\u00e9llez, Charrasca y su pandilla pasaron presos la mayor parte de la insurrecci\u00f3n.<\/p>\n<p>Para un hombre acostumbrado a vivir de la anarqu\u00eda que produce una guerra, el triunfo no es una buena noticia. \u00abUn combatiente tan destacado como Charrasca en la vida civil no puede hacer mucho. Qued\u00f3 insertado en el Ej\u00e9rcito con el grado de capit\u00e1n. Pero un ej\u00e9rcito requiere de organizaci\u00f3n y disciplina, y entr\u00f3 en choque con este grupo de compa\u00f1eros que su virtud era la anarqu\u00eda. Era inevitable\u00bb, dice T\u00e9llez.<\/p>\n<p>A diferencia de lo que dicen sus compa\u00f1eros de grupo y su familia, T\u00e9llez asegura que Charrasca fue \u00abbastante mimado por decirlo de alguna manera\u00bb. Seg\u00fan ella, Humberto Ortega y Joaqu\u00edn Cuadra trataban directa y personalmente su situaci\u00f3n. Sin embargo, el nivel cultural de Charrasca (no lleg\u00f3 ni a sexto grado) y su falta de oficio lo hac\u00edan desencajar en el nuevo orden social. Como dice T\u00e9llez: \u00abLa diferencia entre la guerra y la posguerra son 24 horas. Se acab\u00f3 la expresi\u00f3n de poder que significa ser combatiente\u00bb. Charrasca ten\u00eda apenas 20 a\u00f1os al triunfo de la revoluci\u00f3n.<\/p>\n<p>Buscando c\u00f3mo rescatar a quien le hab\u00eda prestado tan buenos servicios, el gobierno sandinista env\u00eda a Charrasca y su grupo a estudiar a la mejor escuela militar de Cuba, la M\u00e1ximo G\u00f3mez. Seg\u00fan Mano Negra, quien dice no haber viajado con su jefe, el grupo fue recibido por Ra\u00fal Castro, aunque seg\u00fan do\u00f1a Olivia, su madre, fue el propio Fidel. Sin embargo, ambos coinciden en una an\u00e9cdota que m\u00e1s bien tiene visos de leyenda. Ra\u00fal, seg\u00fan Mano Negra, y Fidel, seg\u00fan do\u00f1a Olivia, le habr\u00edan dicho a Charrasca: \u00abPero esas cosas que hac\u00edas en Nicaragua no las hac\u00e9s aqu\u00ed\u00bb. Do\u00f1a Olivia considera que Fidel lo ret\u00f3.<\/p>\n<p>Aunque esta cita sea falsa, lo que s\u00ed es cierto es que Charrasca a los pocos d\u00edas de haber llegado a La Habana asalt\u00f3 un banco, quem\u00f3 un bus y se apropi\u00f3 por la fuerza de un centro de diversiones para tomar licor con sus compinches, tal como acostumbraba hacerlo en Le\u00f3n. A los 40 d\u00edas estaba de regreso a Nicaragua. El asalto bancario de Charrasca es el \u00fanico que se registra en Cuba desde que las fuerzas de Fidel Castro asumieron el poder.<\/p>\n<p>\u2014\u00bfQu\u00e9 es Charrasca para el Frente Sandinista? \u00bfUn delincuente o un h\u00e9roe?<\/p>\n<p>\u00abUna persona es lo que se requiere ser en cada momento. Charrasca dio un gran aporte. La Guardia aterrorizaba a la gente en Le\u00f3n. La gente viv\u00eda aterrorizada. La menci\u00f3n de Charrasca y su grupo infundi\u00f3 terror en la Guardia. Y eso en el contexto de la guerra era esencial. Jug\u00f3 un papel clave en la guerra insurreccional. Tambi\u00e9n fue un delincuente. Yo creo que la persona no es una cosa o la otra, se pueden ambas cosas en distintos momentos de su vida. Incluso en el mismo momento\u00bb, dice la comandante Dora Mar\u00eda T\u00e9llez.<\/p>\n<figure id=\"attachment_41249\" aria-describedby=\"caption-attachment-41249\" style=\"width: 720px\" class=\"wp-caption aligncenter\"><a href=\"https:\/\/gep90.laprensa.com.ni\/magazine\/wp-content\/uploads\/2018\/04\/img189charrasca.jpg\"><img loading=\"lazy\" decoding=\"async\" class=\"wp-image-41249 size-full\" src=\"https:\/\/gep90.laprensa.com.ni\/magazine\/wp-content\/uploads\/2018\/04\/img189charrasca.jpg\" alt=\"Magazine\/La Prensa\/Susan Meiselas\" width=\"720\" height=\"371\" srcset=\"https:\/\/d1xxa24wwackpg.cloudfront.net\/wp-content\/uploads\/2018\/04\/07135941\/img189charrasca.jpg 720w, https:\/\/d1xxa24wwackpg.cloudfront.net\/wp-content\/uploads\/2018\/04\/07135941\/img189charrasca.jpg 300w, https:\/\/d1xxa24wwackpg.cloudfront.net\/wp-content\/uploads\/2018\/04\/07135941\/img189charrasca.jpg 600w\" sizes=\"(max-width: 720px) 100vw, 720px\" \/><\/a><figcaption id=\"caption-attachment-41249\" class=\"wp-caption-text\">Magazine\/La Prensa\/Susan Meiselas<\/figcaption><\/figure>\n","protected":false},"excerpt":{"rendered":"<p>Guerrillero. H\u00e9roe para algunos. Delincuente para otros. Lumpen. Drogadicto. Brujo. Luis Manuel Toru\u00f1o (Charrasca) fue todo eso. Vivi\u00f3 y muri\u00f3 en su ley. Combati\u00f3, rob\u00f3 y mat\u00f3 en las calles de Le\u00f3n, infundi\u00f3 terror a guardias y civiles, y cuando el Frente Sandinista quiso rehabilitarlo en Cuba, despu\u00e9s del triunfo, asalt\u00f3 un banco, quem\u00f3 un bus y se tom\u00f3 \u00abpor las armas\u00bb un bar en La Habana.<\/p>\n","protected":false},"author":46,"featured_media":41244,"comment_status":"open","ping_status":"open","sticky":false,"template":"","format":"standard","meta":{"_acf_changed":false,"footnotes":""},"categories":[26],"tags":[247],"class_list":["post-41239","post","type-post","status-publish","format-standard","has-post-thumbnail","hentry","category-reportajes","tag-leon"],"acf":[],"_links":{"self":[{"href":"https:\/\/staging.laprensanic.com\/magazine\/wp-json\/wp\/v2\/posts\/41239","targetHints":{"allow":["GET"]}}],"collection":[{"href":"https:\/\/staging.laprensanic.com\/magazine\/wp-json\/wp\/v2\/posts"}],"about":[{"href":"https:\/\/staging.laprensanic.com\/magazine\/wp-json\/wp\/v2\/types\/post"}],"author":[{"embeddable":true,"href":"https:\/\/staging.laprensanic.com\/magazine\/wp-json\/wp\/v2\/users\/46"}],"replies":[{"embeddable":true,"href":"https:\/\/staging.laprensanic.com\/magazine\/wp-json\/wp\/v2\/comments?post=41239"}],"version-history":[{"count":13,"href":"https:\/\/staging.laprensanic.com\/magazine\/wp-json\/wp\/v2\/posts\/41239\/revisions"}],"predecessor-version":[{"id":54667,"href":"https:\/\/staging.laprensanic.com\/magazine\/wp-json\/wp\/v2\/posts\/41239\/revisions\/54667"}],"wp:featuredmedia":[{"embeddable":true,"href":"https:\/\/staging.laprensanic.com\/magazine\/wp-json\/wp\/v2\/media\/41244"}],"wp:attachment":[{"href":"https:\/\/staging.laprensanic.com\/magazine\/wp-json\/wp\/v2\/media?parent=41239"}],"wp:term":[{"taxonomy":"category","embeddable":true,"href":"https:\/\/staging.laprensanic.com\/magazine\/wp-json\/wp\/v2\/categories?post=41239"},{"taxonomy":"post_tag","embeddable":true,"href":"https:\/\/staging.laprensanic.com\/magazine\/wp-json\/wp\/v2\/tags?post=41239"}],"curies":[{"name":"wp","href":"https:\/\/api.w.org\/{rel}","templated":true}]}}