{"id":41545,"date":"2018-04-06T18:36:46","date_gmt":"2018-04-07T00:36:46","guid":{"rendered":"https:\/\/www.magazine.com.ni\/?p=41545"},"modified":"2020-11-04T14:58:00","modified_gmt":"2020-11-04T20:58:00","slug":"comandante-dimas-el-padre-de-la-contra","status":"publish","type":"post","link":"https:\/\/staging.laprensanic.com\/magazine\/reportajes\/comandante-dimas-el-padre-de-la-contra\/","title":{"rendered":"Dimas, el padre de la Contra"},"content":{"rendered":"<p style=\"text-align: center;\">Un hombre bajo, regordete, barba cerrada, que hab\u00eda luchado contra Somoza bajo las \u00f3rdenes\u00a0de Germ\u00e1n Pomares es considerado el primer jefe de la Contra de los a\u00f1os ochenta. Los sandinistas lo mataron mediante una traici\u00f3n<\/p>\n<p style=\"text-align: center;\"><strong>Por Eduardo Cruz\u00a0<\/strong><\/p>\n<p>Quilal\u00ed, Nueva Segovia. Mi\u00e9rcoles 23 de julio de 1980. Aproximadamente las 6:30 de la ma\u00f1ana. Una camioneta de tina, roja, entra al municipio con 10 hombres vestidos de verde olivo y dos de civil. Van armados con escopetas, rifles 22, una M-16 y hasta una bomba. Se dirigen hacia el comando de Polic\u00eda donde solo encuentran a tres polic\u00edas y cuatro civiles.<\/p>\n<p>Fue algo r\u00e1pido y sencillo. La Polic\u00eda qued\u00f3 tomada por los armados y luego una parte de ellos se dirigi\u00f3 a las calles de abajo de Quilal\u00ed, donde se toparon con un grupo de polic\u00edas que regresaban de cumplir una misi\u00f3n. Se inici\u00f3 un tiroteo. Los pobladores cerraron las puertas de sus casas y las calles quedaron desiertas. Los peri\u00f3dicos reprodujeron los informes oficiales sobre la toma de Quilal\u00ed: dos heridos, el polic\u00eda Justo Pastor Ibarra y un civil que estaba detenido.<\/p>\n<p>Cerca de Quilal\u00ed, entre la noche anterior a la toma y el d\u00eda siguiente a la misma, otros grupos de armados dieron muerte a tres personas en lugares distintos: un polic\u00eda, una brigadista de salud y un colaborador del FSLN.<\/p>\n<p>Mientras la tensi\u00f3n se adue\u00f1aba de Quilal\u00ed, un poblado normalmente tranquilo, rodeado de una zona monta\u00f1osa, donde los campesinos se dedican principalmente al cultivo de granos, en el resto del pa\u00eds a\u00fan se celebraba el primer aniversario de la Revoluci\u00f3n Popular Sandinista, que hab\u00eda triunfado el 19 de julio de 1979. El visitante m\u00e1s ilustre que tuvieron los sandinistas durante ese festejo fue el presidente cubano Fidel Castro, quien se qued\u00f3 una semana en el pa\u00eds.<\/p>\n<p>No era la primera vez que grupos adversos a la reci\u00e9n triunfante revoluci\u00f3n perpetraban ataques, pero en esa ocasi\u00f3n la Direcci\u00f3n General de la Seguridad del Estado (DGSE), jefeada por Len\u00edn Cerna, dirigi\u00f3 la respuesta militar al ataque y orden\u00f3 que helic\u00f3pteros sobrevolaran el espacio a\u00e9reo de Quilal\u00ed y sus alrededores. Seg\u00fan inform\u00f3 el ej\u00e9rcito sandinista, unos 500 hombres cercaron Quilal\u00ed en busca de los armados, a los que se les identificaba como \u201ccontrarrevolucionarios\u201d.<\/p>\n<p>Dos d\u00edas despu\u00e9s, el ej\u00e9rcito admiti\u00f3 que el hombre que dirigi\u00f3 la toma de Quilal\u00ed se trataba de un guerrillero sandinista, Pedro Joaqu\u00edn Gonz\u00e1lez, Dimas, quien hab\u00eda peleado contra la dictadura somocista en la columna que dirigi\u00f3 el comandante Germ\u00e1n Pomares Ord\u00f3\u00f1ez, el Danto. Dimas conoc\u00eda bien la zona de Quilal\u00ed tras siete a\u00f1os luchando en sus alrededores contra la Guardia Nacional. Los m\u00e1s cercanos a Dimas aseguran que cuando se produjo la toma de Jinotega, el 20 de mayo de 1979, \u00e9l era uno de los hombres de confianza de Pomares, aunque los historiadores sandinistas no lo mencionan. En esa acci\u00f3n, a pocos d\u00edas del triunfo, el Danto fue herido por una \u201cbala descarriada\u201d, muriendo dos d\u00edas despu\u00e9s, el 24 de mayo. Varios de los que acompa\u00f1aban a Dimas durante la toma de Quilal\u00ed, a quienes ya se les calificaba como \u201ccontras\u201d, tambi\u00e9n hab\u00edan peleado al lado de Pomares.<\/p>\n<figure id=\"attachment_41553\" aria-describedby=\"caption-attachment-41553\" style=\"width: 640px\" class=\"wp-caption aligncenter\"><a href=\"https:\/\/gep90.laprensa.com.ni\/magazine\/wp-content\/uploads\/2018\/04\/280-Mag-Dimas-2.jpg\"><img fetchpriority=\"high\" decoding=\"async\" class=\"wp-image-41553 size-full\" src=\"https:\/\/gep90.laprensa.com.ni\/magazine\/wp-content\/uploads\/2018\/04\/280-Mag-Dimas-2.jpg\" alt=\"\" width=\"640\" height=\"463\" srcset=\"https:\/\/d1xxa24wwackpg.cloudfront.net\/wp-content\/uploads\/2018\/04\/07135715\/280-Mag-Dimas-2.jpg 640w, https:\/\/d1xxa24wwackpg.cloudfront.net\/wp-content\/uploads\/2018\/04\/07135715\/280-Mag-Dimas-2.jpg 300w, https:\/\/d1xxa24wwackpg.cloudfront.net\/wp-content\/uploads\/2018\/04\/07135715\/280-Mag-Dimas-2.jpg 600w\" sizes=\"(max-width: 640px) 100vw, 640px\" \/><\/a><figcaption id=\"caption-attachment-41553\" class=\"wp-caption-text\"><em>Pedro Joaqu\u00edn Gonz\u00e1lez, Dimas, es el del centro. Esta imagen est\u00e1 en el libro The Real Contra War, seg\u00fan el cual corresponde al a\u00f1o 1977, cuando Dimas era un guerrillero sandinista bajo las \u00f3rdenes de Germ\u00e1n Pomares Ord\u00f3\u00f1ez, el Danto. FOTO\/ REPRODUCCI\u00d3N<\/em><\/figcaption><\/figure>\n<p>Para contrarrestar el efecto, el ej\u00e9rcito sandinista inform\u00f3 que Dimas, por su indisciplina, fue expulsado del FSLN y que nunca se le hab\u00eda incluido como miembro del Ej\u00e9rcito Popular Sandinista (EPS). Aseguraron que Dimas era \u201cindeseable\u201d y de \u201cbaja moral\u201d, aunque s\u00ed mantuvieron que hab\u00eda sido responsable militar de la zona de Quilal\u00ed.<\/p>\n<p>A Dimas se le considera el \u201cpadre\u201d de la Contra. As\u00ed lo aceptan la mayor\u00eda de los comandantes contra que sobreviven. \u201cRealmente \u00e9l fue el primero que se manifest\u00f3 contra la revoluci\u00f3n. Hab\u00edamos otros, pero realmente \u00e9l fue el primero\u201d, dice el comandante Rub\u00e9n, \u00d3scar Sobalvarro. Tambi\u00e9n lo reconoci\u00f3 Tigrillo, Encarnaci\u00f3n Valdivia Chavarr\u00eda, en una entrevista a <em>El Nuevo Diario<\/em>. \u201cDimas mand\u00f3 un comunicado donde nos llamaba a unirnos para luchar de nuevo\u201d, indic\u00f3 Tigrillo.<\/p>\n<p>***<\/p>\n<p>Andrea Pinell Alaniz conoci\u00f3 a Dimas despu\u00e9s del triunfo de la Revoluci\u00f3n sandinista, cuando \u00e9l lleg\u00f3 asignado como jefe del comando militar de Quilal\u00ed. \u201c\u00c9l estuvo como seis meses (de jefe militar) y despu\u00e9s se volte\u00f3 (contra los sandinistas)\u201d, dice Pinell, quien procre\u00f3 una hija con el primer jefe de los contras.<\/p>\n<p>En esa misma \u00e9poca lo conoci\u00f3 Rogelio Centeno Chavarr\u00eda, quien para ese momento ten\u00eda 14 a\u00f1os de edad. \u201cDimas era muy cercano a mi pap\u00e1, que se llamaba como yo. Era un se\u00f1or gordito, con barba cerrada. De car\u00e1cter muy afable. Llegaba a la casa y abrazaba a mi padre. Eran muy amigos\u201d, describe Centeno.<\/p>\n<p>Pinell lo recuerda como una persona \u201chumilde, educado y tranquilo\u201d. \u201cEra un l\u00edder. La mayor\u00eda de la gente lo sigui\u00f3\u201d, dice.<\/p>\n<p>Alcides Rodr\u00edguez pele\u00f3 junto a Dimas cuando este \u00faltimo se rebel\u00f3 contra los sandinistas y lo retrata como una persona con un gran carisma. \u201cJalaba gente. Era una persona muy confiable, con una forma muy bonita de tratarlo a uno\u201d, dice quien llegar\u00eda a ser conocido en la Contra como Bigote de Oro.<\/p>\n<p>Y Justo Pastor Meza, mejor conocido como Denis Meza, tambi\u00e9n pele\u00f3 al lado de Dimas contra los sandinistas. Lo recuerda como \u201cun hombre muy serio en su forma de trabajar y de hablar\u201d. \u201cEra chaparro, recio y barbudo. Muy estrat\u00e9gico. Ten\u00eda capacidad para dirigir\u201d, dice.<\/p>\n<p>De acuerdo con personas que lo conocieron de cerca, y cuyos testimonios est\u00e1n en varios escritos, como el libro <em>The Real Contra War<\/em>, de Timothy C. Brown, Dimas naci\u00f3 en 1945, en S\u00e9baco, Matagalpa, pero creci\u00f3 cerca de Quilal\u00ed. Denis Meza, en cambio, dice que es originario de Las Calabazas, siempre en Matagalpa. Pinell lo ubica iniciando su vida guerrillera junto al comandante Carlos Ag\u00fcero, Rodrigo, quien se uni\u00f3 al Frente Sandinista (FSLN) en 1968.<\/p>\n<p>A Dimas tambi\u00e9n se le vincula con las Milicias Populares Antisomocistas (Milpas), grupo de campesinos y guerrilleros que lucharon contra Somoza. Aunque \u00e9l en realidad era de la columna que dirig\u00eda Germ\u00e1n Pomares.<\/p>\n<p>***<\/p>\n<p>La mayor\u00eda de quienes conocieron a Dimas coinciden en que este \u00faltimo comenz\u00f3 a disentir de los sandinistas desde el d\u00eda en que muri\u00f3 Germ\u00e1n Pomares, el Danto. La historia que relatan los sandinistas es que, mientras se tomaban la ciudad de Jinotega, el 22 de mayo de 1979 una \u201cbala descarriada le perfor\u00f3 un costado, afect\u00e1ndole \u00f3rganos vitales\u201d. Seg\u00fan le cont\u00f3 Antonio Castillo G\u00e1mez \u2014de los que anduvo con Pomares\u2014 a M\u00f3nica Baltodano \u201cen la tarde del 22 de mayo (&#8230;) en un lugar donde estaba disparando la Guardia, Javier Carri\u00f3n se cruz\u00f3 la calle primero y no pas\u00f3 nada. Despu\u00e9s se cruz\u00f3 el Danto y ah\u00ed le dieron un balazo\u201d. \u201cRecuerdo que \u00e9l cay\u00f3 pegado. Dijo: \u2018Quiero ver c\u00f3mo est\u00e1 el asunto&#8230; (se puso a revisarse). Estoy listo\u2019. Sab\u00eda que le hab\u00edan dado en alg\u00fan \u00f3rgano vital\u201d, rememora Castillo G\u00e1mez. El Danto muri\u00f3 dos d\u00edas despu\u00e9s.<\/p>\n<p>Seg\u00fan cont\u00f3 a las personas en Quilal\u00ed, Dimas sospech\u00f3 que a Pomares no lo mat\u00f3 la Guardia, sino que la bala que lo hiri\u00f3 hab\u00eda sido disparada por uno de los mismos que andaban con \u00e9l.<\/p>\n<figure id=\"attachment_41560\" aria-describedby=\"caption-attachment-41560\" style=\"width: 640px\" class=\"wp-caption aligncenter\"><a href=\"https:\/\/gep90.laprensa.com.ni\/magazine\/wp-content\/uploads\/2018\/04\/280-Mag-Dimas-9.jpg\"><img decoding=\"async\" class=\"wp-image-41560 size-full\" src=\"https:\/\/gep90.laprensa.com.ni\/magazine\/wp-content\/uploads\/2018\/04\/280-Mag-Dimas-9.jpg\" alt=\"\" width=\"640\" height=\"650\" srcset=\"https:\/\/d1xxa24wwackpg.cloudfront.net\/wp-content\/uploads\/2018\/04\/07135706\/280-Mag-Dimas-9.jpg 640w, https:\/\/d1xxa24wwackpg.cloudfront.net\/wp-content\/uploads\/2018\/04\/07135706\/280-Mag-Dimas-9.jpg 295w, https:\/\/d1xxa24wwackpg.cloudfront.net\/wp-content\/uploads\/2018\/04\/07135706\/280-Mag-Dimas-9.jpg 24w, https:\/\/d1xxa24wwackpg.cloudfront.net\/wp-content\/uploads\/2018\/04\/07135706\/280-Mag-Dimas-9.jpg 48w, https:\/\/d1xxa24wwackpg.cloudfront.net\/wp-content\/uploads\/2018\/04\/07135706\/280-Mag-Dimas-9.jpg 600w\" sizes=\"(max-width: 640px) 100vw, 640px\" \/><\/a><figcaption id=\"caption-attachment-41560\" class=\"wp-caption-text\"><em>Esta foto es considerada como la \u00faltima en vida tomada a Germ\u00e1n Pomares Ord\u00f3\u00f1ez, quien era jefe militar de Dimas, durante la lucha contra Somoza en las monta\u00f1as del norte. FOTO\/ ARCHIVO<\/em><\/figcaption><\/figure>\n<p>En su libro <em>The Real Contra War<\/em>, Timothy C. Brown plantea que, de acuerdo con un miembro de las Milpas, a principios de mayo de 1979 hubo una reuni\u00f3n entre los cabecillas del FSLN, en la que Pomares se habr\u00eda opuesto a los planes marxistas de los dem\u00e1s dirigentes sandinistas y les dijo que \u00e9l peleaba m\u00e1s para que existiera un sistema democr\u00e1tico, como el que exist\u00eda en Costa Rica. El 24 de ese mismo mes de mayo del 1979, en la madrugada, Pomares estaba falleciendo producto de una hemorragia interna.<\/p>\n<p>En su edici\u00f3n de septiembre de 1991, la revista <em>Env\u00edo<\/em> explica que, seg\u00fan un estudio de 1980, el Ciera, en aquel tiempo centro de investigaciones del Ministerio de Reforma Agraria, indag\u00f3 sobre las primeras bandas de contras y concluyeron que \u201clas razones fundamentales para que los campesinos se alzaran en armas eran problemas relacionados con la tierra y con el papel que jugaba el Estado\u201d. Los que ten\u00edan tierras ten\u00edan temor a ser confiscados y los que no, estaban molestos porque no se les entregaba la tierra que les hab\u00eda prometido la revoluci\u00f3n, especialmente los que hab\u00edan luchado contra la dictadura somocista. Este \u00faltimo era el caso de Dimas, indica el art\u00edculo de la revista <em>Env\u00edo<\/em>.<\/p>\n<p>Entre los testimonios que recogi\u00f3 Brown, se resalta que, a diferencia de su jefe Pomares, Dimas mantuvo en secreto su inconformidad con los sandinistas. Y \u201cjug\u00f3 un doble juego, organizando secretamente a los nuevos Milpas\u201d, que en vez de ser Milicias Populares Antisomocistas, despu\u00e9s del triunfo se convertir\u00edan en Milicias Populares Antisandinistas.<\/p>\n<p style=\"text-align: center;\">***<\/p>\n<p>Entre finales de 1979 e inicios de 1980, Dimas estuvo concentrado en establecer una base de apoyo s\u00f3lida dentro de las comarcas entre Quilal\u00ed y Wiwil\u00ed, pasando por lo que hoy es Santa Mar\u00eda de Pantasma. Para finales de 1979, cuando Dimas ya era jefe del comando militar de Quilal\u00ed, ten\u00eda entre 400 y 600 \u201ccorreos\u201d, explica Timothy C. Brown. Es decir, ten\u00eda la m\u00e1s grande red de colaboradores de los diferentes grupos contras que exist\u00edan en ese momento.<\/p>\n<p>Uno de esos \u201ccorreos\u201d era Andrea Pinell Alaniz. Ella creci\u00f3 en Quilal\u00ed, principalmente en el campo y pronto se hizo compa\u00f1era sentimental de Dimas.<\/p>\n<p>&nbsp;<\/p>\n<p>Para el final de la guerra contra Somoza, Pinell, seg\u00fan le cont\u00f3 a Brown, estaba separada pero casada y ten\u00eda dos hijos. Ella serv\u00eda como correo para el Frente Norte Carlos Fonseca Amador. Su esposo ten\u00eda la custodia de los dos ni\u00f1os y comenz\u00f3 a trabajar para la Guardia Nacional como conductor de cami\u00f3n durante seis meses.<\/p>\n<p>Desafortunadamente, en agosto de 1979, a pocos d\u00edas de haber ca\u00eddo Somoza, detuvieron al esposo de Pinell y a sus dos hijos. \u201cAgentes de la Seguridad del Estado los golpearon a los tres hasta morir con un bate de beisbol\u201d, narra el libro de Brown. La excusa habr\u00eda sido el servicio que el hombre hizo a la Guardia Nacional, a pesar de que Pinell hab\u00eda sido correo de los guerrilleros sandinistas.<\/p>\n<p>La relaci\u00f3n de Pinell no dur\u00f3 mucho tiempo con Dimas. \u00c9l se fue a la zona urbana de Quilal\u00ed, donde se cas\u00f3 el s\u00e1bado 6 de septiembre de 1980 con una joven de nombre Eva L\u00f3pez, a pesar de que Pinell le pidi\u00f3 que no lo hiciera.<\/p>\n<p>Hab\u00eda muchos campesinos descontentos con la revoluci\u00f3n, afectados por las ejecuciones que realizaron los sandinistas, como en el caso de Pinell, o por afectaciones a sus propiedades. Denis Meza recuerda que al principio los sandinistas emitieron decretos para afectar las propiedades de los Somoza, pero al final tambi\u00e9n ocuparon las de personas que no ten\u00edan nada que ver con la dinast\u00eda.<\/p>\n<p>\u201cA la finca de mi pap\u00e1 le metieron gente. Le metieron hasta un batall\u00f3n. La destruyeron. Se comieron el ganado y arrasaron con todo lo que hab\u00eda\u201d, recuerda Meza.<\/p>\n<figure id=\"attachment_41563\" aria-describedby=\"caption-attachment-41563\" style=\"width: 640px\" class=\"wp-caption aligncenter\"><a href=\"https:\/\/gep90.laprensa.com.ni\/magazine\/wp-content\/uploads\/2018\/04\/280-Mag-Dimas-12.jpg\"><img decoding=\"async\" class=\"size-full wp-image-41563\" src=\"https:\/\/gep90.laprensa.com.ni\/magazine\/wp-content\/uploads\/2018\/04\/280-Mag-Dimas-12.jpg\" alt=\"\" width=\"640\" height=\"516\" srcset=\"https:\/\/d1xxa24wwackpg.cloudfront.net\/wp-content\/uploads\/2018\/04\/07135701\/280-Mag-Dimas-12.jpg 640w, https:\/\/d1xxa24wwackpg.cloudfront.net\/wp-content\/uploads\/2018\/04\/07135701\/280-Mag-Dimas-12.jpg 300w, https:\/\/d1xxa24wwackpg.cloudfront.net\/wp-content\/uploads\/2018\/04\/07135701\/280-Mag-Dimas-12.jpg 600w\" sizes=\"(max-width: 640px) 100vw, 640px\" \/><\/a><figcaption id=\"caption-attachment-41563\" class=\"wp-caption-text\"><em>Fidel Castro estaba en Nicaragua cuando Dimas perpetr\u00f3 la toma de Quilal\u00ed, cuando se realizaban celebraciones del primer aniversario de la Revoluci\u00f3n sandinista. FOTO ARCHIVO<\/em><\/figcaption><\/figure>\n<p>La gente comenz\u00f3 a apoyar a Dimas. Rogelio Centeno Chavarr\u00eda relata que una vez su padre, tambi\u00e9n de nombre Rogelio Centeno, le prest\u00f3 un cami\u00f3n a Dimas para que trasegara armas. \u201cYo fui testigo ocular de ese trasiego. No eran muchas, eran como 10 rifles\u201d, explica Centeno, quien no recuerda la procedencia del armamento.<\/p>\n<p>Andrea Pinell a\u00fan estaba con Dimas cuando este viaj\u00f3 a Honduras. Seg\u00fan ella, \u00e9l le confes\u00f3 que se hab\u00eda reunido en ese pa\u00eds vecino, o probablemente en Guatemala, ella no lo recuerda bien, con varios exguardias nacionales para planear lo que ser\u00eda la guerra para sacar del poder a los sandinistas. Entre los guardias con quienes se reuni\u00f3 \u2014asegura Pinell\u2014, estaba el hijo de Anastasio Somoza Debayle, el Chig\u00fc\u00edn \u2014Anastasio Somoza Portocarrero\u2014, el exjefe de la EEBI.<\/p>\n<p>Denis Meza, compa\u00f1ero de armas de Dimas, explica que el considerado primer jefe contra fue una vez a Honduras y se encontraba en planes de regresar de nuevo, despu\u00e9s del ataque a Quilal\u00ed. Pero el Ej\u00e9rcito sandinista le tendi\u00f3 una trampa y ya no le dio tiempo de viajar a Dimas.<\/p>\n<figure id=\"attachment_41558\" aria-describedby=\"caption-attachment-41558\" style=\"width: 640px\" class=\"wp-caption aligncenter\"><a href=\"https:\/\/gep90.laprensa.com.ni\/magazine\/wp-content\/uploads\/2018\/04\/280-Mag-Dimas-7.jpg\"><img loading=\"lazy\" decoding=\"async\" class=\"wp-image-41558 size-full\" src=\"https:\/\/gep90.laprensa.com.ni\/magazine\/wp-content\/uploads\/2018\/04\/280-Mag-Dimas-7.jpg\" alt=\"\" width=\"640\" height=\"381\" srcset=\"https:\/\/d1xxa24wwackpg.cloudfront.net\/wp-content\/uploads\/2018\/04\/07135709\/280-Mag-Dimas-7.jpg 640w, https:\/\/d1xxa24wwackpg.cloudfront.net\/wp-content\/uploads\/2018\/04\/07135709\/280-Mag-Dimas-7.jpg 300w, https:\/\/d1xxa24wwackpg.cloudfront.net\/wp-content\/uploads\/2018\/04\/07135709\/280-Mag-Dimas-7.jpg 600w\" sizes=\"(max-width: 640px) 100vw, 640px\" \/><\/a><figcaption id=\"caption-attachment-41558\" class=\"wp-caption-text\"><em>Armas, tiros y dinero ocupados a Dimas el d\u00eda que lo mataron. Entre las divisas hab\u00eda c\u00f3rdobas y lempiras. FOTO ARCHIVO<\/em><\/figcaption><\/figure>\n<p>El propio jefe de la Seguridad del Estado sandinista, el coronel Len\u00edn Cerna, denunci\u00f3 que Dimas operaba en la zona fronteriza con Honduras, realizando \u201cfechor\u00edas\u201d, es decir delincuencia com\u00fan, que ten\u00eda bases de apoyo y que hab\u00eda brindado una conferencia de prensa en Honduras donde fue aplaudido por los adversarios de la Revoluci\u00f3n sandinista.<\/p>\n<p>A pesar de todas esas acciones de Dimas, otro jefe de un grupo de Milpas, \u00d3scar Sobalvarro, quien luego ser\u00eda conocido como comandante Rub\u00e9n, indic\u00f3 que los grupos contra miraban con recelo o desconfianza a Dimas por su origen sandinista. Pensaban que pod\u00eda ser un infiltrado.<\/p>\n<p>***<\/p>\n<p>El matrimonio de Dimas con Eva L\u00f3pez no iba a durar mucho tiempo tampoco. La fiesta del casamiento fue el s\u00e1bado 6 de septiembre de 1980, en la casa de la muchacha, donde hoy es la Cooperativa 20 de Abril, del Parque Central de Quilal\u00ed, una cuadra al norte, recuerda Rogelio Centeno Chavarr\u00eda.<\/p>\n<p>Solo 13 d\u00edas iba a perdurar el matrimonio. El 19 de septiembre morir\u00eda traicionado supuestamente por uno de sus m\u00e1s queridos amigos, Mamerto Herrera. Eso es lo que dicen las personas que fueron las m\u00e1s cercanas a Dimas, como Andrea Pinell o Justo Pastor Meza, Denis Meza. Mamerto Herrera era sandinista, hab\u00eda luchado junto a Dimas cuando ambos eran soldados en las filas de Germ\u00e1n Pomares. Pinell lleg\u00f3 a decir que incluso Dimas y Herrera eran compadres.<\/p>\n<p>Denis Meza afirma que \u00e9l estaba con Dimas minutos antes de que este \u00faltimo muriera. Dimas dijo que iba donde Herrera, a San Bartolo, porque su amigo le hab\u00eda dicho que lo iba a apoyar con unas armas. Dimas confi\u00f3 en su amigo y, aunque Herrera le hab\u00eda pedido que llegara solo, Dimas se fue con un sobrino de Meza, de nombre Esa\u00fa Tinoco Meza, de apenas 14 a\u00f1os de edad, a quien llevaba como lugarteniente.<\/p>\n<p>Poco despu\u00e9s, como San Bartolo no estaba lejos de donde se encontraba Meza, todos oyeron los disparos. Hab\u00edan matado a Dimas junto a Tinoco. Seg\u00fan supieron despu\u00e9s, Herrera hab\u00eda llegado con el ej\u00e9rcito sandinista y Dimas no se qued\u00f3 de brazos cruzados. Comenz\u00f3 a disparar y muri\u00f3 acribillado junto a Tinoco. Algunas versiones dicen que Dimas y Herrera estuvieron conversando y en un momento Herrera dijo que ya regresaba, dejando solos a Dimas y a Tinoco, y momentos despu\u00e9s les cay\u00f3 el Ej\u00e9rcito sandinista.<\/p>\n<p>El mismo d\u00eda que mataron a Dimas, Andrea Pinell fue detenida y pas\u00f3 dos meses presa en La Barranca, Estel\u00ed. En cambio, Eva L\u00f3pez, la reci\u00e9n casada con Dimas, huy\u00f3 hacia Honduras.<\/p>\n<figure id=\"attachment_41557\" aria-describedby=\"caption-attachment-41557\" style=\"width: 640px\" class=\"wp-caption aligncenter\"><a href=\"https:\/\/gep90.laprensa.com.ni\/magazine\/wp-content\/uploads\/2018\/04\/280-Mag-Dimas-6.jpg\"><img loading=\"lazy\" decoding=\"async\" class=\"wp-image-41557 size-full\" src=\"https:\/\/gep90.laprensa.com.ni\/magazine\/wp-content\/uploads\/2018\/04\/280-Mag-Dimas-6.jpg\" alt=\"\" width=\"640\" height=\"368\" srcset=\"https:\/\/d1xxa24wwackpg.cloudfront.net\/wp-content\/uploads\/2018\/04\/07135711\/280-Mag-Dimas-6.jpg 640w, https:\/\/d1xxa24wwackpg.cloudfront.net\/wp-content\/uploads\/2018\/04\/07135711\/280-Mag-Dimas-6.jpg 300w, https:\/\/d1xxa24wwackpg.cloudfront.net\/wp-content\/uploads\/2018\/04\/07135711\/280-Mag-Dimas-6.jpg 600w\" sizes=\"(max-width: 640px) 100vw, 640px\" \/><\/a><figcaption id=\"caption-attachment-41557\" class=\"wp-caption-text\"><em>El cad\u00e1ver de Pedro Joaqu\u00edn Gonz\u00e1lez, Dimas, fue expuesto por el ej\u00e9rcito sandinista ante los periodistas. La informaci\u00f3n oficial es que jefeaba a una banda de contrarrevolucionarios. FOTO\/ ARCHIVO<\/em><\/figcaption><\/figure>\n<p>El Ej\u00e9rcito inform\u00f3 a los medios que Dimas hab\u00eda muerto en combate. El comunicado del Ministerio del Interior (Mint), adem\u00e1s de consignar la muerte de Dimas y de Tinoco, indic\u00f3 que se ocuparon en la acci\u00f3n 3,288 c\u00f3rdobas y 136 lempiras, una M-16, un rev\u00f3lver Magnum 357, una enorme navaja, cuatro magazines y unos 150 tiros de distintos calibres protegidos en bolsas pl\u00e1sticas. Agregaron que la tropa bajo el mando de Dimas huy\u00f3 hacia Honduras.<\/p>\n<p>La muerte de Dimas no fue el final de la Contra. El comandante Rub\u00e9n, \u00d3scar Sobalvarro, explica que cuando mataron a Dimas se dieron cuenta de que en realidad su lucha contra el sandinismo era sincera. Los hombres de Dimas se unieron a otros grupos contra.<\/p>\n<p>Tampoco fue el final de la historia de Andrea Pinell con Dimas. Estando presa en La Barranca se dio cuenta de que no le bajaba la menstruaci\u00f3n. Estaba embarazada de Dimas. A la ni\u00f1a que tuvo le puso por nombre Marianela. Dimas hab\u00eda tenido hijos con otras mujeres en Matagalpa. Sobalvarro cuenta que en los a\u00f1os noventa, cuando la guerra hab\u00eda terminado, \u00e9l era el viceministro de Repatriaci\u00f3n y a su oficina llegaron la mam\u00e1 de Dimas y varias exesposas. Pero Marianela fue la hija quilaliana del primer jefe de los contras.<\/p>\n<h3>El \u201cni\u00f1o guardaespaldas\u201d<\/h3>\n<p>El considerado primer jefe contra, Pedro Joaqu\u00edn Gonz\u00e1lez, Dimas, conoci\u00f3 a Esa\u00fa Tinoco Meza porque visitaba a la familia de sus padres, Nicolasa Meza y Juan Tinoco. Nicolasa es hermana de Justo Pastor Meza, Denis Meza, quien luch\u00f3 a la par de Dimas en contra del Ej\u00e9rcito sandinista.<\/p>\n<figure id=\"attachment_41567\" aria-describedby=\"caption-attachment-41567\" style=\"width: 640px\" class=\"wp-caption aligncenter\"><a href=\"https:\/\/gep90.laprensa.com.ni\/magazine\/wp-content\/uploads\/2018\/04\/280-Mag-Dimas-16.jpg\"><img loading=\"lazy\" decoding=\"async\" class=\"size-full wp-image-41567\" src=\"https:\/\/gep90.laprensa.com.ni\/magazine\/wp-content\/uploads\/2018\/04\/280-Mag-Dimas-16.jpg\" alt=\"\" width=\"640\" height=\"953\" srcset=\"https:\/\/d1xxa24wwackpg.cloudfront.net\/wp-content\/uploads\/2018\/04\/07135657\/280-Mag-Dimas-16.jpg 640w, https:\/\/d1xxa24wwackpg.cloudfront.net\/wp-content\/uploads\/2018\/04\/07135657\/280-Mag-Dimas-16.jpg 201w, https:\/\/d1xxa24wwackpg.cloudfront.net\/wp-content\/uploads\/2018\/04\/07135657\/280-Mag-Dimas-16.jpg 600w\" sizes=\"(max-width: 640px) 100vw, 640px\" \/><\/a><figcaption id=\"caption-attachment-41567\" class=\"wp-caption-text\"><em>La \u00fanica foto de Esa\u00fa Tinoco que conserva su familia, de cuando ten\u00eda 3 a\u00f1os de edad. Aqu\u00ed junto a su padre Juan Tinoco. FOTO\/ CORTES\u00cdA<\/em><\/figcaption><\/figure>\n<p>A Dimas le gust\u00f3 mucho andar con el adolescente de apenas 14 a\u00f1os de edad porque era \u201cmuy vivo\u201d. Lo escogi\u00f3 como su guardaespaldas y durante unos dos meses el joven acompa\u00f1\u00f3 al jefe rebelde adonde iba, abandonando sus estudios de primaria. Su t\u00edo, Denis Meza, recuerda que en ese entonces a los j\u00f3venes del campo les gustaba el tema de las armas y tambi\u00e9n miraban todo lo que estaba pasando con el campesinado, a quienes les estaban quitando las tierras, entonces tomaban la decisi\u00f3n de empu\u00f1ar un rifle. Adem\u00e1s, a los campesinos de todas las edades les correspondi\u00f3 engrosar las filas de la Contra.<\/p>\n<p>A Esa\u00fa Tinoco, por su parte, le correspondi\u00f3 morir junto a Dimas, cuando este \u00faltimo fue asesinado a traici\u00f3n en la comunidad de San Bartolo, Quilal\u00ed. Fueron enterrados juntos, recuerda su t\u00edo Denis Meza.<\/p>\n","protected":false},"excerpt":{"rendered":"<p>Un hombre bajo, regordete, barba cerrada, que hab\u00eda luchado contra Somoza bajo las \u00f3rdenes  de Germ\u00e1n Pomares es considerado el primer jefe de la Contra de los a\u00f1os ochenta. Los sandinistas lo mataron mediante una traici\u00f3n<\/p>\n","protected":false},"author":5124,"featured_media":41573,"comment_status":"open","ping_status":"open","sticky":false,"template":"","format":"standard","meta":{"_acf_changed":false,"footnotes":""},"categories":[26],"tags":[339,81],"class_list":["post-41545","post","type-post","status-publish","format-standard","has-post-thumbnail","hentry","category-reportajes","tag-contra","tag-nicaragua"],"acf":[],"_links":{"self":[{"href":"https:\/\/staging.laprensanic.com\/magazine\/wp-json\/wp\/v2\/posts\/41545","targetHints":{"allow":["GET"]}}],"collection":[{"href":"https:\/\/staging.laprensanic.com\/magazine\/wp-json\/wp\/v2\/posts"}],"about":[{"href":"https:\/\/staging.laprensanic.com\/magazine\/wp-json\/wp\/v2\/types\/post"}],"author":[{"embeddable":true,"href":"https:\/\/staging.laprensanic.com\/magazine\/wp-json\/wp\/v2\/users\/5124"}],"replies":[{"embeddable":true,"href":"https:\/\/staging.laprensanic.com\/magazine\/wp-json\/wp\/v2\/comments?post=41545"}],"version-history":[{"count":16,"href":"https:\/\/staging.laprensanic.com\/magazine\/wp-json\/wp\/v2\/posts\/41545\/revisions"}],"predecessor-version":[{"id":52615,"href":"https:\/\/staging.laprensanic.com\/magazine\/wp-json\/wp\/v2\/posts\/41545\/revisions\/52615"}],"wp:featuredmedia":[{"embeddable":true,"href":"https:\/\/staging.laprensanic.com\/magazine\/wp-json\/wp\/v2\/media\/41573"}],"wp:attachment":[{"href":"https:\/\/staging.laprensanic.com\/magazine\/wp-json\/wp\/v2\/media?parent=41545"}],"wp:term":[{"taxonomy":"category","embeddable":true,"href":"https:\/\/staging.laprensanic.com\/magazine\/wp-json\/wp\/v2\/categories?post=41545"},{"taxonomy":"post_tag","embeddable":true,"href":"https:\/\/staging.laprensanic.com\/magazine\/wp-json\/wp\/v2\/tags?post=41545"}],"curies":[{"name":"wp","href":"https:\/\/api.w.org\/{rel}","templated":true}]}}