{"id":41933,"date":"2018-05-11T16:41:34","date_gmt":"2018-05-11T22:41:34","guid":{"rendered":"https:\/\/www.magazine.com.ni\/?p=41933"},"modified":"2021-03-22T15:00:55","modified_gmt":"2021-03-22T21:00:55","slug":"los-periodistas-que-no-usaban-grabadoras","status":"publish","type":"post","link":"https:\/\/staging.laprensanic.com\/magazine\/reportajes\/los-periodistas-que-no-usaban-grabadoras\/","title":{"rendered":"Los periodistas que no usaban grabadora"},"content":{"rendered":"<p style=\"text-align: center;\">Antes de los a\u00f1os sesenta, el periodismo no se aprend\u00eda en escuelas en Nicaragua, sino en la calle, sin grabadoras. A puro l\u00e1piz y libreta. Cuatro viejos \u201crobles\u201d del periodismo nacional nos retratan c\u00f3mo era hacer periodismo entre los a\u00f1os cuarenta y sesenta del siglo pasado<\/p>\n<p style=\"text-align: center;\"><strong>Por Eduardo Cruz<\/strong><\/p>\n<p>Agust\u00edn Fuentes Sequeira, Fuentitos, es con seguridad el periodista vivo m\u00e1s antiguo de Nicaragua. En 1944 era un estudiante del tercer a\u00f1o de bachillerato que vio un anuncio en el peri\u00f3dico Flecha y se fue en busca de un puesto como corrector de pruebas. Entre 10 aspirantes lo eligieron a \u00e9l y despu\u00e9s le vieron \u201cmadera\u201d de reportero.<\/p>\n<p>Antes de los a\u00f1os sesenta, cuando no exist\u00eda escuela de Periodismo en Nicaragua, as\u00ed se hac\u00edan los periodistas: por vocaci\u00f3n, por necesidad o por casualidad. Igual que a Fuentes le ocurri\u00f3 a Annuar Hassan Morales, un periodista especialista en temas policiales, que de joven escrib\u00eda poemas y en 1962 le atrajo un taller de escritores que con el apoyo de la embajada de Estados Unidos se impart\u00eda en el segundo piso del Gran Hotel. Y ah\u00ed salt\u00f3 al Diario LA PRENSA.<\/p>\n<figure id=\"attachment_41939\" aria-describedby=\"caption-attachment-41939\" style=\"width: 1824px\" class=\"wp-caption aligncenter\"><a href=\"https:\/\/gep90.laprensa.com.ni\/magazine\/wp-content\/uploads\/2018\/05\/281-Mag-periodistas-1.jpg\"><img fetchpriority=\"high\" decoding=\"async\" class=\"wp-image-41939 size-full\" src=\"https:\/\/gep90.laprensa.com.ni\/magazine\/wp-content\/uploads\/2018\/05\/281-Mag-periodistas-1.jpg\" alt=\"\" width=\"1824\" height=\"1224\" srcset=\"https:\/\/d1xxa24wwackpg.cloudfront.net\/wp-content\/uploads\/2018\/05\/07135511\/281-Mag-periodistas-1.jpg 1824w, https:\/\/d1xxa24wwackpg.cloudfront.net\/wp-content\/uploads\/2018\/05\/07135511\/281-Mag-periodistas-1.jpg 300w, https:\/\/d1xxa24wwackpg.cloudfront.net\/wp-content\/uploads\/2018\/05\/07135511\/281-Mag-periodistas-1.jpg 768w, https:\/\/d1xxa24wwackpg.cloudfront.net\/wp-content\/uploads\/2018\/05\/07135511\/281-Mag-periodistas-1.jpg 1024w\" sizes=\"(max-width: 1824px) 100vw, 1824px\" \/><\/a><figcaption id=\"caption-attachment-41939\" class=\"wp-caption-text\"><em>El periodista Agust\u00edn Fuentes, Fuentitos (al centro), aparece en esta imagen junto al profesor de periodismo norteamericano Paul Newman (izq.) y el periodista hondure\u00f1o \u00d3scar Reyes. Al fondo se ve el anterior edificio del Diario LA PRENSA. Foto\/ Cortes\u00eda\/ Agust\u00edn Fuentes\u00a0<\/em><\/figcaption><\/figure>\n<p>\u201cAntes no hab\u00eda periodistas de 30 a\u00f1os. Todos eran de 40 a\u00f1os para arriba\u201d, dice Hassan, quien recuerda que \u00e9l fue una de las excepciones, porque su oportunidad en el oficio de la informaci\u00f3n le vino cuando ten\u00eda 20 a\u00f1os de edad.<\/p>\n<p>Quienes estudiaban Periodismo lo hac\u00edan por correspondencia o se iban al extranjero, como le ocurri\u00f3 a Nicol\u00e1s L\u00f3pez Maltez, quien estudi\u00f3 en M\u00e9xico y cuando regres\u00f3 a Nicaragua, en 1963, tuvo que buscar un espacio de 15 minutos en el \u00fanico canal de televisi\u00f3n que exist\u00eda, el 8 de Anastasio Somoza Debayle, el director de la Guardia Nacional.<\/p>\n<p>En este reportaje cuatro \u201crobles\u201d del periodismo nacional explican c\u00f3mo era ser periodista entre las d\u00e9cadas de los a\u00f1os cuarenta y sesenta del siglo pasado. Adem\u00e1s de Fuentitos, Hassan y L\u00f3pez Maltez, comparte su experiencia el fot\u00f3grafo Francisco Rivas Quijano, Rivitas, quien se inici\u00f3 en el a\u00f1o 1954 en el Diario La Noticia.<\/p>\n<p style=\"text-align: center;\">***<\/p>\n<p>En los a\u00f1os cuarenta hab\u00eda pocas m\u00e1quinas de escribir en las salas de Redacci\u00f3n de los peri\u00f3dicos de Nicaragua. La mayor\u00eda de los periodistas, si escrib\u00edan a m\u00e1quina, lo hac\u00edan utilizando solamente un dedo de cada mano, principalmente el \u00edndice, recuerda Fuentitos. En realidad, hab\u00eda muchos periodistas que escrib\u00edan sus notas a mano y luego, una persona a la cual denominaban cajista, se encargaba de, letra por letra, ir colocando las informaciones en las planchas para que se imprimiera el peri\u00f3dico.<\/p>\n<p>El trabajo de Fuentitos en el diario Flecha era corregir lo que los cajistas hab\u00edan colocado, especialmente si hab\u00eda una letra mal colocada o si hab\u00eda un error ortogr\u00e1fico.<\/p>\n<p>Como la labor del cajista era bastante demorada, a veces el director de Flecha, Hern\u00e1n Robleto, enviaba a Fuentitos a recopilar datos de lo que ocurr\u00eda en Managua. Muy frecuente era que Fuentitos llegase a la Avenida Roosevelt, adonde la Guardia sol\u00eda sofocar protestas contra Anastasio Somoza Garc\u00eda, especialmente de estudiantes o de l\u00edderes sindicales tachados de comunistas. Ah\u00ed Fuentitos recog\u00eda nombre de los heridos, muertos casi no hab\u00eda, y c\u00f3mo se hab\u00edan producido los enfrentamientos.<\/p>\n<p>Luego, Fuentitos llegaba a Flecha y le entregaba los datos a Hern\u00e1n Robleto, quien escrib\u00eda la nota informativa.<\/p>\n<p>Fuentitos hab\u00eda aprendido a escribir en m\u00e1quina de escribir en su natal Masatepe y lo sab\u00eda el jefe de Redacci\u00f3n de Flecha, Leonardo Lacayo Ocampo, quien en una ocasi\u00f3n le dijo a Robleto: \u201cDej\u00e1 que Fuentes escriba, \u00e9l sabe escribir a m\u00e1quina\u201d.<\/p>\n<figure id=\"attachment_41941\" aria-describedby=\"caption-attachment-41941\" style=\"width: 700px\" class=\"wp-caption aligncenter\"><a href=\"https:\/\/gep90.laprensa.com.ni\/magazine\/wp-content\/uploads\/2018\/05\/281-Mag-periodistas-4.jpg\"><img decoding=\"async\" class=\"wp-image-41941 size-full\" src=\"https:\/\/gep90.laprensa.com.ni\/magazine\/wp-content\/uploads\/2018\/05\/281-Mag-periodistas-4.jpg\" alt=\"\" width=\"700\" height=\"467\" srcset=\"https:\/\/d1xxa24wwackpg.cloudfront.net\/wp-content\/uploads\/2018\/05\/07135509\/281-Mag-periodistas-4.jpg 700w, https:\/\/d1xxa24wwackpg.cloudfront.net\/wp-content\/uploads\/2018\/05\/07135509\/281-Mag-periodistas-4.jpg 300w\" sizes=\"(max-width: 700px) 100vw, 700px\" \/><\/a><figcaption id=\"caption-attachment-41941\" class=\"wp-caption-text\"><em>El veterano periodista Agust\u00edn Fuentes, \u201cFuentitos\u201d, se encuentra en proceso de escribir sus memorias sobre su vida period\u00edstica. FOTO\/ \u00d3SCAR NAVARRETE<\/em><\/figcaption><\/figure>\n<p>Lacayo Ocampo se convirti\u00f3 en un maestro de Fuentitos. El alumno escrib\u00eda y el maestro correg\u00eda el texto. El mejor consejo que le dio fue cuando le dijo que recogiera del cesto de la basura la nota que hab\u00eda escrito y la comparara con lo que hab\u00eda salido publicado en el Diario. Fuentitos as\u00ed lo hizo y poco a poco fue mejorando la redacci\u00f3n. \u00c9l era bueno en la ortograf\u00eda, pero la redacci\u00f3n era otra cosa.<\/p>\n<p>A Fuentitos nunca le gust\u00f3 usar grabadora, tal vez porque cuando \u00e9l empez\u00f3 su labor period\u00edstica estas eran muy escasas y pesadas. Eso s\u00ed, no recuerda que alg\u00fan entrevistado lo haya desmentido o dicho: \u201cYo no dije eso\u201d.<\/p>\n<p>Uno de los primeros \u00e9xitos period\u00edsticos de Fuentitos fue cuando entrevist\u00f3 a Anastasio Somoza Garc\u00eda en una carrera de caballos, en la que compet\u00edan un caballo del jefe de la Guardia y otro del caudillo conservador Emiliano Chamorro. La carrera se realiz\u00f3 en la calle El Caimito. Somoza estaba en una caseta y hasta ah\u00ed lleg\u00f3 Fuentitos, a la par del general, burlando a la escolta que se distrajo viendo la carrera. Cuando la competencia termin\u00f3, Fuentitos estaba a la par de Somoza, quien para ese entonces era muy criticado, sobre todo despu\u00e9s de que en 1944 sufriera protestas por parte de los estudiantes.<\/p>\n<p>\u201cGeneral Somoza, \u00bfcu\u00e1ndo se va a ir del pa\u00eds?\u201d, le pregunt\u00f3. Somoza, sorprendido con la pregunta, dijo: \u201cY este \u00bfqui\u00e9n es?\u201d.<\/p>\n<p>Cerca de Somoza estaba su ayudante, Luis Oc\u00f3n, quien le dijo que Fuentitos trabajaba con Hern\u00e1n Robleto. \u201cDecile a Hern\u00e1n, que ni me voy ni me van\u201d. Y esa frase fue el titular de la portada de Flecha: \u201cNi me voy, ni me van\u201d: Somoza. Fue una portada famosa en su tiempo.<\/p>\n<figure id=\"attachment_41951\" aria-describedby=\"caption-attachment-41951\" style=\"width: 1404px\" class=\"wp-caption aligncenter\"><a href=\"https:\/\/gep90.laprensa.com.ni\/magazine\/wp-content\/uploads\/2018\/05\/281-Mag-periodistas-11.jpg\"><img decoding=\"async\" class=\"wp-image-41951 size-full\" src=\"https:\/\/gep90.laprensa.com.ni\/magazine\/wp-content\/uploads\/2018\/05\/281-Mag-periodistas-11.jpg\" alt=\"\" width=\"1404\" height=\"1892\" srcset=\"https:\/\/d1xxa24wwackpg.cloudfront.net\/wp-content\/uploads\/2018\/05\/07135455\/281-Mag-periodistas-11.jpg 1404w, https:\/\/d1xxa24wwackpg.cloudfront.net\/wp-content\/uploads\/2018\/05\/07135455\/281-Mag-periodistas-11.jpg 223w, https:\/\/d1xxa24wwackpg.cloudfront.net\/wp-content\/uploads\/2018\/05\/07135455\/281-Mag-periodistas-11.jpg 768w, https:\/\/d1xxa24wwackpg.cloudfront.net\/wp-content\/uploads\/2018\/05\/07135455\/281-Mag-periodistas-11.jpg 760w\" sizes=\"(max-width: 1404px) 100vw, 1404px\" \/><\/a><figcaption id=\"caption-attachment-41951\" class=\"wp-caption-text\"><em>El diario Flecha fue fundado en los a\u00f1os cuarenta por Hern\u00e1n Robleto y desapareci\u00f3 despu\u00e9s de 1954. FOTO\/ \u00d3SCAR NAVARRETE<\/em><\/figcaption><\/figure>\n<p>Para mejorar en sus conocimientos de periodismo, Fuentitos le\u00eda todos los d\u00edas unos folletos de un curso por correspondencia que un amigo le regal\u00f3.<\/p>\n<p>En una ocasi\u00f3n lo enviaron a Bluefields para cubrir la inauguraci\u00f3n de un nuevo barco y ya estando en el lugar decidi\u00f3 irse en la nave, por invitaci\u00f3n del capit\u00e1n. As\u00ed terminaron sus aventuras en Flecha, donde tuvo \u00e9xito especialmente por sus cortas entrevistas a Somoza Garc\u00eda.<\/p>\n<p>Un a\u00f1o despu\u00e9s estaba de regreso en el periodismo. Por invitaci\u00f3n de Horacio Ruiz entr\u00f3 a LA PRENSA, cuando Pedro Joaqu\u00edn Chamorro Cardenal acababa de regresar de M\u00e9xico y comenz\u00f3 un proceso de modernizaci\u00f3n del peri\u00f3dico.<\/p>\n<p>A Fuentitos le asignaron cubrir la Polic\u00eda y los juzgados. En una ocasi\u00f3n una madre denunci\u00f3 la desaparici\u00f3n de su hija, una nota que no ocup\u00f3 mucho espacio en el peri\u00f3dico en ese momento. Pero despu\u00e9s, cuando unos ni\u00f1os encontraron el cad\u00e1ver de supuestamente una ni\u00f1a a orillas del lago de Managua, el caso comenz\u00f3 a adquirir relevancia.<\/p>\n<p>Seg\u00fan Fuentitos, en ese tiempo casi no ocurr\u00edan grandes cr\u00edmenes y el de la ni\u00f1a Milagritos Cuarezma, que as\u00ed se llamaba la desaparecida, caus\u00f3 sensaci\u00f3n, especialmente porque Pedro Joaqu\u00edn Chamorro hab\u00eda tra\u00eddo unas ideas tomadas de peri\u00f3dicos amarillistas de M\u00e9xico.<\/p>\n<p>En el caso de la Milagritos Cuarezma, \u201csi el juez dec\u00eda que al d\u00eda siguiente iban a declarar tales y tales testigos, Pedro Joaqu\u00edn me mandaba a buscarlos por la tarde, y como LA PRENSA sal\u00eda por las tardes, entonces esa misma tarde sal\u00edan las entrevistas con los testigos y sus fotos, antes de que llegaran a declarar al d\u00eda siguiente\u201d, explica Fuentitos.<\/p>\n<p>LA PRENSA comenz\u00f3 a venderse como \u201cpan caliente\u201d. \u201cLa gente le arrebataba los peri\u00f3dicos a los voceadores. Si antes se vend\u00edan tres mil ejemplares del diario, a partir del caso de la Milagritos Cuarezma se multiplic\u00f3 a seis mil y m\u00e1s todav\u00eda\u201d, recuerda Fuentitos. Si no se imprim\u00edan m\u00e1s peri\u00f3dicos era porque no hab\u00eda la capacidad.<\/p>\n<p>En esa \u00e9poca solo el diario Novedades era pro-Somoza. La Noticia, Flecha, LA PRENSA, La Estrella de Nicaragua y dem\u00e1s peri\u00f3dicos eran cr\u00edticos a Somoza.<\/p>\n<figure id=\"attachment_41949\" aria-describedby=\"caption-attachment-41949\" style=\"width: 720px\" class=\"wp-caption aligncenter\"><a href=\"https:\/\/gep90.laprensa.com.ni\/magazine\/wp-content\/uploads\/2018\/05\/Periodico.jpg\"><img loading=\"lazy\" decoding=\"async\" class=\"wp-image-41949 size-full\" src=\"https:\/\/gep90.laprensa.com.ni\/magazine\/wp-content\/uploads\/2018\/05\/Periodico.jpg\" alt=\"\" width=\"720\" height=\"373\" srcset=\"https:\/\/d1xxa24wwackpg.cloudfront.net\/wp-content\/uploads\/2018\/05\/07135456\/Periodico.jpg 720w, https:\/\/d1xxa24wwackpg.cloudfront.net\/wp-content\/uploads\/2018\/05\/07135456\/Periodico.jpg 300w\" sizes=\"(max-width: 720px) 100vw, 720px\" \/><\/a><figcaption id=\"caption-attachment-41949\" class=\"wp-caption-text\"><em>El caso de Milagritos Cuarezma, una ni\u00f1a desaparecida en los a\u00f1os 40, fue ic\u00f3nico en el periodismo nicarag\u00fcense. FOTO ARCHIVO<\/em><\/figcaption><\/figure>\n<p>Despu\u00e9s del caso de Milagritos Cuarezma, LA PRENSA desplaz\u00f3 a los dem\u00e1s diarios y se coloc\u00f3 como el n\u00famero uno, recuerda Fuentitos, el que hasta entonces ocupaba probablemente La Noticia.<\/p>\n<p>De todos los peri\u00f3dicos de la \u00e9poca, tal vez el m\u00e1s gr\u00e1fico o que m\u00e1s fotos publicaba era La Noticia, de Juan Ram\u00f3n Avil\u00e9s. Seg\u00fan Fuentitos, eso le costaba caro porque ten\u00eda que hacer fotograbados, los que se hac\u00edan en una empresa que se llamaba Fotograbados P\u00e9rez. Los otros medios, como Flecha, eran m\u00e1s letras que im\u00e1genes. \u201cHern\u00e1n (Robleto) era rogado para dar a hacer fotos\u201d, dice Fuentitos.<\/p>\n<p>Los peri\u00f3dicos no ten\u00edan fot\u00f3grafos y, cuando quer\u00edan una foto, llamaban a los estudios fotogr\u00e1ficos, con los cuales ya ten\u00edan contratos para que las fotos fueran m\u00e1s baratas. A veces, explica Fuentitos, a los due\u00f1os de estudios fotogr\u00e1ficos les bastaba con que les dieran cr\u00e9dito en los peri\u00f3dicos, porque de esa manera era propaganda a favor de ellos.<\/p>\n<p>En LA PRENSA, a partir de 1948, Pedro Joaqu\u00edn Chamorro Cardenal mand\u00f3 a traer equipos de trabajo modernos para el peri\u00f3dico, como c\u00e1maras y m\u00e1quinas de escribir. Luego, no gastaba m\u00e1s que en los materiales. Fuentitos recuerda unas c\u00e1maras que eran muy pesadas para llevarlas a los Juzgados y Chamorro Cardenal tuvo que mandar a pedir otras m\u00e1s livianas.<\/p>\n<p style=\"text-align: center;\">***<\/p>\n<p>De volver a nacer, Francisco Rivas Quijano, Rivitas, dice que volver\u00eda a ser periodista.<\/p>\n<p>De peque\u00f1o, Rivitas llegaba a la Foto Sport, de Pellin Cuadra, a jugar con los hijos del due\u00f1o del negocio fotogr\u00e1fico. Y poco a poco se fue familiarizando con la fotograf\u00eda.<\/p>\n<p>Hasta que un d\u00eda a Goyito, uno de los hijos de Cuadra, lo dejaron cuidando el negocio. Llegaron varios clientes buscando fotos para pasaporte y Goyito no tuvo m\u00e1s remedio que auxiliarse en Rivitas. Ese d\u00eda Rivitas, sin nunca antes haber experimentado, realiz\u00f3 sus primeros revelados de negativos fotogr\u00e1ficos.<\/p>\n<p>Esa fue la puerta de entrada para una vida period\u00edstica destacada. Poco despu\u00e9s de esa experiencia Rivitas tom\u00f3 unas fotos en el Estadio Nacional y Goyito le aconsej\u00f3 que las llevara al diario La Noticia. Corr\u00eda el a\u00f1o 1954. Y se qued\u00f3 en el peri\u00f3dico.<\/p>\n<figure id=\"attachment_41952\" aria-describedby=\"caption-attachment-41952\" style=\"width: 3936px\" class=\"wp-caption aligncenter\"><a href=\"https:\/\/gep90.laprensa.com.ni\/magazine\/wp-content\/uploads\/2018\/05\/281-Mag-periodistas-7.jpg\"><img loading=\"lazy\" decoding=\"async\" class=\"wp-image-41952 size-full\" src=\"https:\/\/gep90.laprensa.com.ni\/magazine\/wp-content\/uploads\/2018\/05\/281-Mag-periodistas-7.jpg\" alt=\"\" width=\"3936\" height=\"2624\" srcset=\"https:\/\/d1xxa24wwackpg.cloudfront.net\/wp-content\/uploads\/2018\/05\/07135453\/281-Mag-periodistas-7.jpg 3936w, https:\/\/d1xxa24wwackpg.cloudfront.net\/wp-content\/uploads\/2018\/05\/07135453\/281-Mag-periodistas-7.jpg 300w, https:\/\/d1xxa24wwackpg.cloudfront.net\/wp-content\/uploads\/2018\/05\/07135453\/281-Mag-periodistas-7.jpg 768w, https:\/\/d1xxa24wwackpg.cloudfront.net\/wp-content\/uploads\/2018\/05\/07135453\/281-Mag-periodistas-7.jpg 1024w\" sizes=\"(max-width: 3936px) 100vw, 3936px\" \/><\/a><figcaption id=\"caption-attachment-41952\" class=\"wp-caption-text\"><em>El fot\u00f3grafo y periodista Francisco Rivas Quijano, \u201cRivitas\u201d, ya escribi\u00f3 sus memorias, a las cuales titul\u00f3 50 a\u00f1os de un reportero gr\u00e1fico. FOTO\/ \u00d3SCAR NAVARRETE<\/em><\/figcaption><\/figure>\n<p>Era el director de ese peri\u00f3dico C\u00e9sar Vivas Rojas, el padre del ahora monse\u00f1or Bosco Vivas, quien un d\u00eda le dijo: \u201cMa\u00f1ana te ven\u00eds temprano que vamos a salir a reportear\u201d.<\/p>\n<p>Al d\u00eda siguiente salieron a reportear y cuando ya estaban en la hora de almuerzo fueron a comer. Vivas y Chilo Barahona le comenzaron a se\u00f1alar una serie de errores que hab\u00eda cometido. Casi les echa a perder una noticia a la cual ten\u00edan d\u00edas de estarle dando seguimiento. \u201cFrancamente que C\u00e9sar y Chilo me ense\u00f1aron a reportear en la calle, a observar, tener paciencia y muchas cosas m\u00e1s, que uno termina afinando con el pasar de los d\u00edas, meses y a\u00f1os\u201d, dice hoy Rivitas. Y as\u00ed naci\u00f3 un reportero gr\u00e1fico que fue testigo de muchos episodios de la vida de Nicaragua en esa \u00e9poca, como la falsa guerra de Mokor\u00f3n, las crueldades de la tiran\u00eda somocista, Olama y Mollejones, el Kupia Kumi y la ca\u00edda de Ag\u00fcero, entre muchos otros acontecimientos.<\/p>\n<p>Una de las im\u00e1genes m\u00e1s impactantes que capt\u00f3 Rivitas con su lente fue el de la madre de un joven, Ajax Delgado, llorando en la Aviaci\u00f3n junto al cad\u00e1ver de su hijo, a quien la Guardia mat\u00f3 a balazos tras aplicarle la Ley Fuga. La foto fue portada de LA PRENSA el 6 de septiembre de 1960. \u201cAmanecer tr\u00e1gico en la Aviaci\u00f3n\u201d, titul\u00f3 el peri\u00f3dico, con una enorme foto de la triste escena.<\/p>\n<figure id=\"attachment_41954\" aria-describedby=\"caption-attachment-41954\" style=\"width: 700px\" class=\"wp-caption aligncenter\"><a href=\"https:\/\/gep90.laprensa.com.ni\/magazine\/wp-content\/uploads\/2018\/05\/281-Mag-periodistas-2.jpeg\"><img loading=\"lazy\" decoding=\"async\" class=\"wp-image-41954 size-full\" src=\"https:\/\/gep90.laprensa.com.ni\/magazine\/wp-content\/uploads\/2018\/05\/281-Mag-periodistas-2.jpeg\" alt=\"\" width=\"700\" height=\"704\" srcset=\"https:\/\/d1xxa24wwackpg.cloudfront.net\/wp-content\/uploads\/2018\/05\/07135450\/281-Mag-periodistas-2.jpeg 700w, https:\/\/d1xxa24wwackpg.cloudfront.net\/wp-content\/uploads\/2018\/05\/07135450\/281-Mag-periodistas-2.jpeg 150w, https:\/\/d1xxa24wwackpg.cloudfront.net\/wp-content\/uploads\/2018\/05\/07135450\/281-Mag-periodistas-2.jpeg 298w, https:\/\/d1xxa24wwackpg.cloudfront.net\/wp-content\/uploads\/2018\/05\/07135450\/281-Mag-periodistas-2.jpeg 24w, https:\/\/d1xxa24wwackpg.cloudfront.net\/wp-content\/uploads\/2018\/05\/07135450\/281-Mag-periodistas-2.jpeg 48w, https:\/\/d1xxa24wwackpg.cloudfront.net\/wp-content\/uploads\/2018\/05\/07135450\/281-Mag-periodistas-2.jpeg 96w\" sizes=\"(max-width: 700px) 100vw, 700px\" \/><\/a><figcaption id=\"caption-attachment-41954\" class=\"wp-caption-text\">El carn\u00e9 de periodista de Francisco Rivas Quijano, mejor conocido como Rivitas. FOTO\/ CORTES\u00cdA\/ RIVITAS<\/figcaption><\/figure>\n<p>A Rivitas le toc\u00f3 ser testigo tambi\u00e9n de la censura somocista. La Noticia era un peri\u00f3dico antisomocista y a Rivitas le correspond\u00eda llevar las pruebas de lo que se pretend\u00eda publicar en el peri\u00f3dico ante el jefe de la censura, el oficial de la Guardia Nacional, Rafael Gallardo, jefe de la Imprenta Nacional, quien daba visto bueno a las noticias que s\u00ed se pod\u00edan publicar.<\/p>\n<p>\u201cPor supuesto que solo permit\u00eda las notas sociales e informaciones como el pipi\u00e1n m\u00e1s grande de venta en el mercado y noticias que no ten\u00edan que ver con pol\u00edtica o cr\u00edticas al gobierno dictatorial\u201d, recuerda Rivitas.<\/p>\n<p>Cuando Rivitas regresaba a La Noticia, la expectaci\u00f3n era grande para saber qu\u00e9 se iba a publicar y qu\u00e9 no. \u201cM\u00e1s de una vez le echaron sapos y culebras al guardia al ver la cantidad de material censurado, por puro gusto, en un af\u00e1n de causar p\u00e9rdida de tiempo y malestar en la direcci\u00f3n del peri\u00f3dico antigubernamental\u201d, expresa Rivitas en su libro 50 a\u00f1os de un reportero gr\u00e1fico.<\/p>\n<p style=\"text-align: center;\">***<\/p>\n<p>A nnuar Hassan Morales es todo un especialista en temas policiales. Tiene dos libros sobre grandes cr\u00edmenes del siglo XX en Nicaragua. Esa secci\u00f3n, policial, mejor conocida como Sucesos, fue en la que se especializ\u00f3 cuando entr\u00f3 a trabajar a LA PRENSA, en 1962.<\/p>\n<p>Hassan hab\u00eda ingresado al taller de Escritura que la embajada de Estados Unidos promov\u00eda en el Gran Hotel, al cual tra\u00edan a maestros de Periodismo estadounidenses. El problema de ese taller, recuerda Hassan, es que los profesores no dominaban bien el espa\u00f1ol y a veces las clases, especialmente de Filosof\u00eda y Pol\u00edtica, se tornaban bastante aburridas, porque no se pod\u00eda interactuar bien con los maestros. Adem\u00e1s, la mayor\u00eda de los alumnos eran de 50 a\u00f1os para arriba y Hassan rondaba los 20 a\u00f1os.<\/p>\n<p>Ese taller fue precursor de la escuela de Periodismo que despu\u00e9s se organiz\u00f3 en la Universidad Nacional Aut\u00f3noma de Nicaragua (UNAN).<\/p>\n<p>En la clase de Redacci\u00f3n Period\u00edstica Hassan se top\u00f3 con el maestro Horacio Ruiz, en ese entonces jefe de Redacci\u00f3n de LA PRENSA, quien lo invit\u00f3 a trabajar en el Diario.<\/p>\n<p>Hassan acept\u00f3 gustoso pero tuvo que esperar seis meses para poder iniciarse como periodista. Cuando lleg\u00f3 a la Redacci\u00f3n hab\u00eda dos periodistas de apellido Montalv\u00e1n, Gustavo Adolfo y \u00d3scar Leonardo, quienes en ese momento ten\u00edan planes de irse a trabajar a una nueva publicaci\u00f3n que estaba a punto de salir. Hassan estuvo primeramente como corrector de prueba, pero en efecto, luego los dos Montalv\u00e1n se fueron y Hassan fue incorporado al equipo de redactores.<\/p>\n<figure id=\"attachment_41955\" aria-describedby=\"caption-attachment-41955\" style=\"width: 6016px\" class=\"wp-caption aligncenter\"><a href=\"https:\/\/gep90.laprensa.com.ni\/magazine\/wp-content\/uploads\/2018\/05\/281-Mag-periodistas-6.jpg\"><img loading=\"lazy\" decoding=\"async\" class=\"wp-image-41955 size-full\" src=\"https:\/\/gep90.laprensa.com.ni\/magazine\/wp-content\/uploads\/2018\/05\/281-Mag-periodistas-6.jpg\" alt=\"\" width=\"6016\" height=\"4016\" srcset=\"https:\/\/d1xxa24wwackpg.cloudfront.net\/wp-content\/uploads\/2018\/05\/07135448\/281-Mag-periodistas-6.jpg 6016w, https:\/\/d1xxa24wwackpg.cloudfront.net\/wp-content\/uploads\/2018\/05\/07135448\/281-Mag-periodistas-6.jpg 300w, https:\/\/d1xxa24wwackpg.cloudfront.net\/wp-content\/uploads\/2018\/05\/07135448\/281-Mag-periodistas-6.jpg 768w, https:\/\/d1xxa24wwackpg.cloudfront.net\/wp-content\/uploads\/2018\/05\/07135448\/281-Mag-periodistas-6.jpg 1024w\" sizes=\"(max-width: 6016px) 100vw, 6016px\" \/><\/a><figcaption id=\"caption-attachment-41955\" class=\"wp-caption-text\"><em>El periodista Annuan Hassan, especialista en temas policiales pero a quien tambi\u00e9n le gusta editar. Ha escrito dos libros sobre grandes cr\u00edmenes de Nicaragua. FOTO\/ \u00d3SCAR NAVARRETE<\/em><\/figcaption><\/figure>\n<p>Hassan dice que \u00e9l ten\u00eda buena memoria y no apuntaba ni los nombres de los entrevistados, porque se acordaba de todos los datos, incluida la edad, y tampoco usaba grabadora, no teniendo nunca problemas de que un entrevistado lo desmintiera. \u201cYo reporteaba con libretas, nunca us\u00e9 grabadoras\u201d, dice.<\/p>\n<p>Lo que recuerda Hassan es que para esa \u00e9poca, la d\u00e9cada de los sesenta del siglo pasado, los periodistas sol\u00edan acudir a especies de pe\u00f1as literarias o reuniones bohemias, donde se depart\u00eda con grandes periodistas del momento, y all\u00ed los reporteros, en medio de los tragos, escrib\u00edan sus notas a mano y luego llegaban a las Redacciones a escribir en las escasas m\u00e1quinas de escribir.<\/p>\n<p>Otro recuerdo de Hassan sobre el periodismo de esa \u00e9poca es el \u201cvenadeo\u201d o la costumbre de los periodistas de pedir dinero a las fuentes. \u201cHab\u00eda mucho venadeo. En LA PRENSA era estricto, al que agarraban pidiendo dinero iba fuera\u201d, dice Hassan, quien se\u00f1ala que hab\u00eda periodistas que cubr\u00edan la fuente policial que llegaban al extremo de pedirle dinero a la gente prometiendo que les iban a ayudar a sacar a sus presos.<\/p>\n<p>Los periodistas de Novedades, el Diario de Somoza, eran los \u201ccampeones\u201d en venadeo, pues el salario de ellos era muy bajo y en las instituciones del Estado les sacaban cheques, seg\u00fan la fuente que cubrieran.<\/p>\n<p>Lo positivo que rememora Hassan es que las tardes, como LA PRENSA era vespertina, eran bien descansadas y eso propiciaba que los periodistas se reunieran luego a tomar licor.<\/p>\n<p style=\"text-align: center;\">***<\/p>\n<p>A inicios de los a\u00f1os sesenta, recuerda Nicol\u00e1s L\u00f3pez Maltez que \u00e9l era el \u00fanico camar\u00f3grafo que exist\u00eda en Nicaragua. En 1963 lleg\u00f3 de M\u00e9xico con aparatos de filmaci\u00f3n y se present\u00f3 con una pel\u00edcula filmada a las oficinas del Canal 8, propiedad de los Somoza, para solicitar que le vendieran un espacio para \u00e9l transmitir un programa que se iba a llamar Nicaragua en televisi\u00f3n. Pero el director del canal, Rafael Cano, le neg\u00f3 la petici\u00f3n.<\/p>\n<p>El segundo al mando en el canal, Rodolfo Armando Silva Sol\u00eds, mejor conocido como Chicho Silva, le aconsej\u00f3 que le mandara un telegrama al propio general Anastasio Somoza Debayle, quien en ese entonces a\u00fan no se hab\u00eda convertido en presidente, sino que lo era su hermano, Luis Somoza. L\u00f3pez Maltez as\u00ed lo hizo y la respuesta de Somoza fue pronta, cit\u00e1ndolo a una reuni\u00f3n en su residencia en La Curva.<\/p>\n<p>Tres d\u00edas seguidos lleg\u00f3 L\u00f3pez Maltez a La Curva y Somoza no lo atend\u00eda. Al final se apareci\u00f3 de repente con un puro en la boca y le dijo: \u201cA ver, veamos\u201d.<\/p>\n<p>Luego de la demostraci\u00f3n, Somoza dijo: \u201c\u00bfVos hiciste eso?\u201d. \u201cNo hay nadie m\u00e1s que lo pueda hacer\u201d, le respondi\u00f3 L\u00f3pez Maltez.<\/p>\n<figure id=\"attachment_41956\" aria-describedby=\"caption-attachment-41956\" style=\"width: 6016px\" class=\"wp-caption aligncenter\"><a href=\"https:\/\/gep90.laprensa.com.ni\/magazine\/wp-content\/uploads\/2018\/05\/281-Mag-periodistas-8.jpg\"><img loading=\"lazy\" decoding=\"async\" class=\"wp-image-41956 size-full\" src=\"https:\/\/gep90.laprensa.com.ni\/magazine\/wp-content\/uploads\/2018\/05\/281-Mag-periodistas-8.jpg\" alt=\"\" width=\"6016\" height=\"4016\" srcset=\"https:\/\/d1xxa24wwackpg.cloudfront.net\/wp-content\/uploads\/2018\/05\/07135444\/281-Mag-periodistas-8.jpg 6016w, https:\/\/d1xxa24wwackpg.cloudfront.net\/wp-content\/uploads\/2018\/05\/07135444\/281-Mag-periodistas-8.jpg 300w, https:\/\/d1xxa24wwackpg.cloudfront.net\/wp-content\/uploads\/2018\/05\/07135444\/281-Mag-periodistas-8.jpg 768w, https:\/\/d1xxa24wwackpg.cloudfront.net\/wp-content\/uploads\/2018\/05\/07135444\/281-Mag-periodistas-8.jpg 1024w\" sizes=\"(max-width: 6016px) 100vw, 6016px\" \/><\/a><figcaption id=\"caption-attachment-41956\" class=\"wp-caption-text\"><em>El fot\u00f3grafo y periodista Nicol\u00e1s L\u00f3pez Maltez, primer reportero televisivo de Nicaragua y creador del noticiero Teleprensa y el peri\u00f3dico La Estrella de Nicaragua, que se imprime actualmente en Miami, Florida. FOTO\/ \u00d3SCAR NAVARRETE<\/em><\/figcaption><\/figure>\n<p>Los dos llegaron a un acuerdo. Como L\u00f3pez Maltez no ten\u00eda dinero para pagar el espacio televisivo, \u00e9l pondr\u00eda el material y la filmaci\u00f3n y Somoza pondr\u00eda el canal. Eso s\u00ed, Somoza le pidi\u00f3 que lo tratara con cari\u00f1o, pero le dio luz verde para que criticara a los ministros si comet\u00edan alg\u00fan desm\u00e1n.<\/p>\n<p>Somoza llam\u00f3 por tel\u00e9fono inmediatamente a Rafael Cano y le dio la orden de que le diera entre 15 y 30 minutos de transmisi\u00f3n diariamente, a las 8:00 de la noche, a L\u00f3pez Maltez. Cano acept\u00f3 a rega\u00f1adientes porque esa era la hora m\u00e1s cara.<\/p>\n<p>El problema es que grabar 15 minutos de noticias era bien dif\u00edcil. L\u00f3pez Maltez fue el primer periodista en reportear desde el lugar de los hechos para televisi\u00f3n. Cuando \u00e9l lleg\u00f3 al Canal 8 hab\u00eda un noticiero dirigido por Luis Felipe Hidalgo, quien, seg\u00fan el propio L\u00f3pez Maltez, solo se sentaba frente a la c\u00e1mara y con el peri\u00f3dico Novedades en mano dec\u00eda: \u201cEstas son las noticias del d\u00eda de hoy, vamos a ver qu\u00e9 dice Novedades: gira del presidente Luis Somoza a Chinandega. Aqu\u00ed est\u00e1 la foto, a ver, enfocame aqu\u00ed\u201d. \u201cEra como un noticiero de radio, pero por televisi\u00f3n\u201d, recuerda L\u00f3pez Maltez.<\/p>\n<figure id=\"attachment_41957\" aria-describedby=\"caption-attachment-41957\" style=\"width: 2048px\" class=\"wp-caption aligncenter\"><a href=\"https:\/\/gep90.laprensa.com.ni\/magazine\/wp-content\/uploads\/2018\/05\/281-Mag-periodistas-2.jpg\"><img loading=\"lazy\" decoding=\"async\" class=\"wp-image-41957 size-full\" src=\"https:\/\/gep90.laprensa.com.ni\/magazine\/wp-content\/uploads\/2018\/05\/281-Mag-periodistas-2.jpg\" alt=\"\" width=\"2048\" height=\"1536\" srcset=\"https:\/\/d1xxa24wwackpg.cloudfront.net\/wp-content\/uploads\/2018\/05\/07135441\/281-Mag-periodistas-2.jpg 2048w, https:\/\/d1xxa24wwackpg.cloudfront.net\/wp-content\/uploads\/2018\/05\/07135441\/281-Mag-periodistas-2.jpg 300w, https:\/\/d1xxa24wwackpg.cloudfront.net\/wp-content\/uploads\/2018\/05\/07135441\/281-Mag-periodistas-2.jpg 768w, https:\/\/d1xxa24wwackpg.cloudfront.net\/wp-content\/uploads\/2018\/05\/07135441\/281-Mag-periodistas-2.jpg 1024w\" sizes=\"(max-width: 2048px) 100vw, 2048px\" \/><\/a><figcaption id=\"caption-attachment-41957\" class=\"wp-caption-text\"><em>Los video tape (videocinta) tra\u00eddos a Nicaragua por Nicol\u00e1s L\u00f3pez Maltez, para hacer noticiero televisivo en los a\u00f1os sesenta. FOTO\/ EDUARDO CRUZ<\/em><\/figcaption><\/figure>\n<p>Al principio, el noticiero de L\u00f3pez Maltez se llamaba Nicaragua en televisi\u00f3n, pero como seis meses despu\u00e9s lo cambi\u00f3 a Teleprensa. Algunas personas le dec\u00edan a Somoza que ese nombre era como un homenaje al Diario LA PRENSA, pero Somoza nunca le dijo nada a L\u00f3pez Maltez. Lo mejor fue que Somoza se convirti\u00f3 en el vendedor de anuncios de Teleprensa. Las instituciones del Estado y las empresa de Somoza se anunciaban en el noticiero.<\/p>\n<p>Nicol\u00e1s L\u00f3pez Maltez no solo fue fundador de un noticiero televisivo, sino que tambi\u00e9n cre\u00f3 un peri\u00f3dico que se imprime y se distribuye en Miami, La Estrella de Nicaragua, en el cual analiza temas coyunturales, pero tambi\u00e9n presenta temas hist\u00f3ricos.<\/p>\n<h3>Inicios del periodismo en Nicaragua<\/h3>\n<p>Tras la formaci\u00f3n de Nicaragua como Rep\u00fablica, ya avanzados los a\u00f1os 1800, aparecieron los peri\u00f3dicos, que en general eran de \u00edndole pol\u00edtica, y reflejaban el esp\u00edritu y tendencias de los partidos, seg\u00fan un escrito del periodista Gustavo A. Montalv\u00e1n.<\/p>\n<p>Los primeros periodistas tuvieron que luchar contra \u201cla indeferencia del p\u00fablico, que no sab\u00eda leer, o que si sab\u00eda no ten\u00eda tal costumbre\u201d, indica Montalv\u00e1n. El h\u00e1bito de comprarlo tampoco exist\u00eda y si el escritor quer\u00eda ser le\u00eddo deb\u00eda de regalar el peri\u00f3dico.<\/p>\n<p>Entre los primeros periodistas o intelectuales que escrib\u00edan en los diarios se destacan Carlos Selva, quien fund\u00f3 el semanario El Canal de Nicaragua, en 1876; Anselmo Rivas, quien inici\u00f3 El Centroamericano en 1880; y Rigoberto Cabezas, fundador del Diario de Nicaragua, en 1884, y que en realidad esta es la primera publicaci\u00f3n diaria en la historia del pa\u00eds.<\/p>\n<h3>Principales peri\u00f3dicos<\/h3>\n<p>Para la d\u00e9cada de los a\u00f1os 40 del siglo pasado, entre los principales peri\u00f3dicos de Nicaragua se encontraban LA PRENSA, La Noticia, La Nueva Prensa, La Estrella de Nicaragua, Novedades, Flecha. Todos estos de Managua. En Le\u00f3n destac\u00f3 El Centroamericano y en Granada estuvieron El Correo y El Diario Nicarag\u00fcense.<\/p>\n<p>El Diario LA PRENSA es el \u00fanico que ha sobrevivido y ya ha celebrado 92 a\u00f1os de existencia, a pesar de que en los reg\u00edmenes somocistas y sandinistas ha estado censurado e, inclusive, bombardeado. LA PRENSA fue modernizada a finales de los a\u00f1os cuarenta por el doctor Pedro Joaqu\u00edn Chamorro, quien fue su director hasta su asesinato en enero de 1978.<\/p>\n<figure id=\"attachment_41958\" aria-describedby=\"caption-attachment-41958\" style=\"width: 1176px\" class=\"wp-caption aligncenter\"><a href=\"https:\/\/gep90.laprensa.com.ni\/magazine\/wp-content\/uploads\/2018\/05\/281-Mag-periodistas-12.jpg\"><img loading=\"lazy\" decoding=\"async\" class=\"wp-image-41958 size-full\" src=\"https:\/\/gep90.laprensa.com.ni\/magazine\/wp-content\/uploads\/2018\/05\/281-Mag-periodistas-12.jpg\" alt=\"\" width=\"1176\" height=\"1616\" srcset=\"https:\/\/d1xxa24wwackpg.cloudfront.net\/wp-content\/uploads\/2018\/05\/07135439\/281-Mag-periodistas-12.jpg 1176w, https:\/\/d1xxa24wwackpg.cloudfront.net\/wp-content\/uploads\/2018\/05\/07135439\/281-Mag-periodistas-12.jpg 218w, https:\/\/d1xxa24wwackpg.cloudfront.net\/wp-content\/uploads\/2018\/05\/07135439\/281-Mag-periodistas-12.jpg 768w, https:\/\/d1xxa24wwackpg.cloudfront.net\/wp-content\/uploads\/2018\/05\/07135439\/281-Mag-periodistas-12.jpg 745w\" sizes=\"(max-width: 1176px) 100vw, 1176px\" \/><\/a><figcaption id=\"caption-attachment-41958\" class=\"wp-caption-text\"><em>El diario La Noticia del profesor Juan Ram\u00f3n Avil\u00e9s. Se destacaba por ser bastante gr\u00e1fico. FOTO\/ \u00d3SCAR NAVARRETE<\/em><\/figcaption><\/figure>\n<p>El diario Novedades fue fundado por Hern\u00e1n Robleto, pero despu\u00e9s pas\u00f3 a manos de la familia Somoza, que lo mantuvo hasta la ca\u00edda de la dinast\u00eda en 1979.<\/p>\n<p>Otro peri\u00f3dico fundado por Hern\u00e1n Robleto fue Flecha. Sin embargo, Robleto fue encarcelado y luego sali\u00f3 del pa\u00eds cuando los sucesos de abril de 1954, ocasionando la desaparici\u00f3n de Flecha.<\/p>\n<p>Adolfo Altamirano Browne fund\u00f3 La Estrella de Nicaragua. Gabry Rivas, que fue fundador de LA PRENSA, tambi\u00e9n fund\u00f3 La Nueva Prensa.<\/p>\n<p>Muy importante fue el diario La Noticia, de Juan Ram\u00f3n Avil\u00e9s, pero fue decayendo y desapareci\u00f3 tras tener pocos anunciantes.<\/p>\n","protected":false},"excerpt":{"rendered":"<p>Antes de los a\u00f1os sesenta, el periodismo no se aprend\u00eda en escuelas en Nicaragua, sino en la calle, sin grabadoras. A puro l\u00e1piz y libreta. Cuatro viejos \u201crobles\u201d del periodismo nacional nos retratan c\u00f3mo era hacer periodismo entre los a\u00f1os cuarenta y sesenta del siglo pasado<\/p>\n","protected":false},"author":5124,"featured_media":41937,"comment_status":"open","ping_status":"open","sticky":false,"template":"","format":"standard","meta":{"_acf_changed":false,"footnotes":""},"categories":[26],"tags":[415],"class_list":["post-41933","post","type-post","status-publish","format-standard","has-post-thumbnail","hentry","category-reportajes","tag-la-prensa"],"acf":[],"_links":{"self":[{"href":"https:\/\/staging.laprensanic.com\/magazine\/wp-json\/wp\/v2\/posts\/41933","targetHints":{"allow":["GET"]}}],"collection":[{"href":"https:\/\/staging.laprensanic.com\/magazine\/wp-json\/wp\/v2\/posts"}],"about":[{"href":"https:\/\/staging.laprensanic.com\/magazine\/wp-json\/wp\/v2\/types\/post"}],"author":[{"embeddable":true,"href":"https:\/\/staging.laprensanic.com\/magazine\/wp-json\/wp\/v2\/users\/5124"}],"replies":[{"embeddable":true,"href":"https:\/\/staging.laprensanic.com\/magazine\/wp-json\/wp\/v2\/comments?post=41933"}],"version-history":[{"count":16,"href":"https:\/\/staging.laprensanic.com\/magazine\/wp-json\/wp\/v2\/posts\/41933\/revisions"}],"predecessor-version":[{"id":53693,"href":"https:\/\/staging.laprensanic.com\/magazine\/wp-json\/wp\/v2\/posts\/41933\/revisions\/53693"}],"wp:featuredmedia":[{"embeddable":true,"href":"https:\/\/staging.laprensanic.com\/magazine\/wp-json\/wp\/v2\/media\/41937"}],"wp:attachment":[{"href":"https:\/\/staging.laprensanic.com\/magazine\/wp-json\/wp\/v2\/media?parent=41933"}],"wp:term":[{"taxonomy":"category","embeddable":true,"href":"https:\/\/staging.laprensanic.com\/magazine\/wp-json\/wp\/v2\/categories?post=41933"},{"taxonomy":"post_tag","embeddable":true,"href":"https:\/\/staging.laprensanic.com\/magazine\/wp-json\/wp\/v2\/tags?post=41933"}],"curies":[{"name":"wp","href":"https:\/\/api.w.org\/{rel}","templated":true}]}}