{"id":47508,"date":"2010-11-14T15:30:54","date_gmt":"2010-11-14T15:30:54","guid":{"rendered":"http:\/\/gep90.laprensa.com.ni\/magazine\/?p=47508"},"modified":"2019-12-19T15:18:46","modified_gmt":"2019-12-19T21:18:46","slug":"el-asesinato-de-jorge-salazar","status":"publish","type":"post","link":"https:\/\/staging.laprensanic.com\/magazine\/reportajes\/el-asesinato-de-jorge-salazar\/","title":{"rendered":"El asesinato de Jorge Salazar"},"content":{"rendered":"<p style=\"text-align: center;\">Hace 30 a\u00f1os, el empresario Jorge Salazar fue acribillado a balazos por miembros de la extinta Direcci\u00f3n General de Seguridad del Estado. Hubo dos versiones sobre su muerte. Una, donde se le acusaba de atentar contra la revoluci\u00f3n y otra donde se hablaba de una conspiraci\u00f3n de estado y de un vil y cobarde crimen Este homicidio qued\u00f3 impune<\/p>\n<p style=\"text-align: center;\"><strong>Dora Luz Romero<\/strong><br \/>\n<strong>Fotos de Bismarck Picado y Cortes\u00eda<\/strong><\/p>\n<p>La escena era escalofriante. Un hombre yac\u00eda acostado boca abajo en medio de un 1 charco de sangre. Vest\u00eda una camisa azul, un pantal\u00f3n crema y una gorra amarilla. Su cuerpo se mostraba acribillado a balazos. Un proyectil atraves\u00f3 su cuello, otro su pecho, el hombro y uno m\u00e1s en la pierna, se\u00f1alaron . posteriormente los informes forenses.<\/p>\n<p>Era lunes. Era 17 de noviembre y el hombre asesinado bajo ese inclemente sol en la gasolinera Esso de El Crucero, era Jorge Salazar Arg\u00fcello, de 41 a\u00f1os, quien muri\u00f3 a manos de miembros de la extinta Direcci\u00f3n General de Seguridad del Estado.<\/p>\n<p>Eran aproximadamente las 3.15 de la tarde cuando la cinta de la vida de Salazar se detuvo para siempre. Y todo comenz\u00f3 a retroceder.<\/p>\n<p><strong>Le puede interesar: <a href=\"https:\/\/gep90.laprensa.com.ni\/magazine\/reportaje\/la-muerte-de-enrique-bermudez-3-80\/\">La muerte de Enrique Berm\u00fadez,\u00a0comandante 3-80<\/a><\/strong><\/p>\n<p>Jorge Salazar se hab\u00eda convertido en una de las voces m\u00e1s cr\u00edticas a la forma de mandato del gobierno sandinista, que hab\u00eda asumido el poder en julio de 1979.<\/p>\n<p>D\u00edas antes de su muerte, el Consejo Superior de la Empresa Privada (Cosep) \u2014donde \u00e9l era vicepresidente\u2014, junto a vanos partidos pol\u00edticos y centrales obreras independientes, rompi\u00f3 relaciones con el Consejo de Estado. Algunos roces habr\u00edan llevado a tomar esa decisi\u00f3n. \u00abLa unidad nacional no existe de hecho\u00bb, se dijo.<\/p>\n<p>En medio de ese ambiente de fricciones ocurri\u00f3 la muerte de Salazar. Sobre su asesinato se tejieron varias historias. El Ministerio del Interior, a cargo de Tom\u00e1s Borge, dijo que su muerte se hab\u00eda dado en medio de un supuesto \u00abdesmantelamiento de un complot contrarrevolucionario\u00bb, en el que Salazar result\u00f3 muerto al enfrentarse con las fuerzas de la Seguridad del Estado. La otra versi\u00f3n que corr\u00eda es que le hab\u00edan montado una celada y que se trataba de una conspiraci\u00f3n de Estado, la cual fue planeada y orquestada por altos mandos y miembros de la Seguridad del Estado. Archivos del Congreso de los Estados Unidos con fecha de abril de 1985, afirman que su asesinato se trat\u00f3 de una \u00abdecisi\u00f3n pol\u00edtica del Frente Sandinista de Liberaci\u00f3n Nacional\u00bb que pretend\u00eda servir de advertencia de que los desacuerdos de esa \u00edndole no ser\u00edan tolerados.<\/p>\n<p>Han pasado 30 a\u00f1os, y el asesinato de Jorge Salazar ha engrosado la lista de esos cr\u00edmenes sin esclarecer en la historia de Nicaragua. Han pasado 30 a\u00f1os, y para sus familiares la llaga a\u00fan sigue abierta.<\/p>\n<p style=\"text-align: center;\"><a href=\"https:\/\/gep90.laprensa.com.ni\/magazine\/wp-content\/uploads\/2019\/05\/Imag-1550.jpg\"><img fetchpriority=\"high\" decoding=\"async\" class=\"aligncenter wp-image-47519\" src=\"https:\/\/gep90.laprensa.com.ni\/magazine\/wp-content\/uploads\/2019\/05\/Imag-1550.jpg\" alt=\"MAGAZINE\/LA PRENSA\/ARCHIVO\" width=\"450\" height=\"691\" srcset=\"https:\/\/d1xxa24wwackpg.cloudfront.net\/wp-content\/uploads\/2019\/05\/Imag-1550.jpg 720w, https:\/\/d1xxa24wwackpg.cloudfront.net\/wp-content\/uploads\/2019\/05\/Imag-1550.jpg 195w, https:\/\/d1xxa24wwackpg.cloudfront.net\/wp-content\/uploads\/2019\/05\/Imag-1550.jpg 667w\" sizes=\"(max-width: 450px) 100vw, 450px\" \/><\/a>***<\/p>\n<p>Jorge Salazar era un hombre de campo. Nacido en Managua el 8 de septiembre de 1939, dedic\u00f3 toda su vida a la producci\u00f3n y a la agricultura.<\/p>\n<p>Era uno de tres hermanos. Su hermana mayor, Carmen, falleci\u00f3 de c\u00e1ncer un par de a\u00f1os antes que \u00e9l fuera asesinado. Su hermana menor Irene, de 67 a\u00f1os, es la \u00fanica que vive de los Salazar Arg\u00fcello.<\/p>\n<p>Su padre, Leopoldo Salazar, estaba dedicado a su Hacienda Hotel Santa Mar\u00eda de Ostuma, ubicada entre Matagalpa y Jinotega. Su madre, Mar\u00eda Esmeralda Arg\u00fcello, era ama de casa.<\/p>\n<p>En medio del verdor, las monta\u00f1as y el clima fr\u00edo, fueron creciendo estos tres hermanos que nacieron en Managua, pero cuya ni\u00f1ez transcurri\u00f3 en esa hacienda al norte del pa\u00eds.<\/p>\n<p>Irene, su hermana menor, vive en Costa Rica, y v\u00eda telef\u00f3nica revive aquellos a\u00f1os con sus padres y hermanos. \u00abPas\u00e1bamos muy alegre. \u00c9ramos una familia grande y la hacienda era un lugar bell\u00edsimo\u00bb, recuerda.<\/p>\n<p>Pero sin siquiera darse cuenta los a\u00f1os fueron pasando, y uno a uno les toc\u00f3 ir desfilando hacia los internados en los colegios. Primero le toc\u00f3 a Carmen, la mayor de las hermanas, luego a Jorge, quien fue trasladado al Colegio Centro Am\u00e9rica en Granada.<\/p>\n<p>Cuenta Irene que desde muy ni\u00f1o su hermano fue una persona amable y educada. \u00abTen\u00eda un sentido del humor incre\u00edble\u00bb, dice y se escucha un suspiro al otro lado de la l\u00ednea.<\/p>\n<p>Le gustaba salir a tirar, asegura. Tambi\u00e9n montar a caballo y realizar excursiones en la monta\u00f1a. \u00abSiempre jug\u00e1bamos. A \u00e9l le encantaba construir casitas arriba de los \u00e1rboles y las hac\u00eda preciosas\u00bb, afirma con un deje de nostalgia.<\/p>\n<p>La imagen que Irene guarda de su hermano es la de un muchacho flaquito, alto y que con los a\u00f1os se fue volviendo cada m\u00e1s vez \u00abm\u00e1s guapo\u00bb.<\/p>\n<p>Jorge Salazar termin\u00f3 su secundaria en Estados Unidos. Lo hizo en la Culver Military Sch en Indiana. Luego de eso viaj\u00f3 Brasil, a Mina Gerais, donde estudi\u00f3 Ingenier\u00eda L\u00e1ctea. Reci\u00e9n llegado a Nicaragua, con 21 a\u00f1os Salazar se cas\u00f3 con Luc\u00eda Cardenal, con quien tuvo cuatro hijos: Karla, Jorge, Claudia y Luc\u00eda.<\/p>\n<p style=\"text-align: center;\">***<\/p>\n<p>Sab\u00eda que corr\u00eda peligro. Precisamente por eso hab\u00eda sacado a su familia del pa\u00eds m\u00e1s o menos para mayo o junio de 1980. \u00ab\u00c9l quer\u00eda protegernos\u00bb, asegura su hijo, Jorge. La familia de Salazar se fue a Texas, donde les toc\u00f3 vivir divididos en la casa de algunos familiares.<\/p>\n<p>En su \u00faltima visita, toda la familia se reuni\u00f3, y a Salazar le toc\u00f3 dormir en un sof\u00e1-cama con su hijo. Esa noche, recuerda Jorge, le pregunt\u00f3 a su pap\u00e1 cu\u00e1nto tiempo m\u00e1s estar\u00edan en el exterior. \u00abMe dijo que no sab\u00eda, pero que ten\u00eda miedo que algo nos pasara. Me cont\u00f3 que hab\u00eda ocasiones que veh\u00edculos lo segu\u00edan\u00bb, asegura. Esa fue la \u00faltima vez que vio a su padre.<\/p>\n<p>En un art\u00edculo publicado d\u00edas despu\u00e9s de su asesinato, Alejandro Cardenal, en ese entonces director del Instituto de Turismo, expuso que Salazar le hab\u00eda dicho que estaba siendo perseguido por elementos de la Seguridad del Estado desde hac\u00eda varias semanas. \u00abMe dijo que tem\u00eda por su vida y que hab\u00eda recibido llamadas previni\u00e9ndole que lo pod\u00edan eliminar\u00bb.<\/p>\n<p>Otro que le pidi\u00f3 que tuviera cuidado fue su buen amigo Camilo Fern\u00e1ndez Gurdi\u00e1n, con quien estuvo los tres \u00faltimos d\u00edas de su vida. Fern\u00e1ndez narr\u00f3 en un art\u00edculo publicado en La Prensa en noviembre del 2000, que Salazar le confes\u00f3 que un alto dirigente sandinista le hab\u00eda increpado a que se fuera a Miami o a la monta\u00f1a. \u00c9l le contest\u00f3: \u00abNo me voy a Miami; y si me voy a la monta\u00f1a, ser\u00e1 para producir divisas a Nicaragua que tanto las necesita\u00bb. Luego de contada la an\u00e9cdota, Fern\u00e1ndez le pidi\u00f3 que anduviera con cuidado.<\/p>\n<p>La relaci\u00f3n entre Jorge Salazar y el Gobierno era tensa. El 11 de noviembre de 1980 el Cosep, donde Salazar fung\u00eda como vicepresidente, hizo un llamado al Gobierno a la reflexi\u00f3n. En un comunicado que emiti\u00f3 dec\u00eda que a quince meses de la revoluci\u00f3n, el gobierno de Reconstrucci\u00f3n Nacional hab\u00eda dejado de ser un gobierno pluralista y que \u00abha pasado a ser el gobierno de un partido, el FSLN\u00bb. Mencionaban que en el pa\u00eds no se vislumbraban las bases para el desarrollo de un pa\u00eds \u00ablibre y democr\u00e1tico\u00bb.<\/p>\n<p>Para ese entonces, las elecciones hab\u00edan sido pospuestas para 1985, y el Gobierno hab\u00eda proclamado su inter\u00e9s de permanecer en el poder.<\/p>\n<p>Los roces se volvieron cada vez m\u00e1s fuertes entre el sector privado y el Gobierno hasta que el globo estall\u00f3. El Cosep, partidos pol\u00edticos y centrales obreras independientes se retiraron del Consejo de Estado por la falta de libertad y democracia para expresarse en el mismo.<\/p>\n<p>En ese momento Salazar, de acuerdo con la decisi\u00f3n, dijo que se deb\u00eda de actuar con \u00abcordura y madurez y estar listos para las consecuencias que pudieran derivarse de la actitud asumida por los delegados del Cosep de abandonar el Consejo de Estado\u00bb.<\/p>\n<div id='gallery-1' class='gallery galleryid-47508 gallery-columns-2 gallery-size-full'><figure class='gallery-item'>\n\t\t\t<div class='gallery-icon landscape'>\n\t\t\t\t<a href='https:\/\/staging.laprensanic.com\/magazine\/reportajes\/el-asesinato-de-jorge-salazar\/attachment\/pie2\/'><img decoding=\"async\" width=\"720\" height=\"609\" src=\"https:\/\/d1xxa24wwackpg.cloudfront.net\/wp-content\/uploads\/2019\/05\/Pie2.jpg\" class=\"attachment-full size-full\" alt=\"Cortes\u00eda\" aria-describedby=\"gallery-1-47515\" srcset=\"https:\/\/d1xxa24wwackpg.cloudfront.net\/wp-content\/uploads\/2019\/05\/Pie2.jpg 720w, https:\/\/d1xxa24wwackpg.cloudfront.net\/wp-content\/uploads\/2019\/05\/Pie2.jpg 300w\" sizes=\"(max-width: 720px) 100vw, 720px\" \/><\/a>\n\t\t\t<\/div>\n\t\t\t\t<figcaption class='wp-caption-text gallery-caption' id='gallery-1-47515'>\n\t\t\t\tSalazar junto a su esposa Luc\u00eda Cardenal. \n\t\t\t\t<\/figcaption><\/figure><figure class='gallery-item'>\n\t\t\t<div class='gallery-icon landscape'>\n\t\t\t\t<a href='https:\/\/staging.laprensanic.com\/magazine\/reportajes\/el-asesinato-de-jorge-salazar\/attachment\/pie3\/'><img decoding=\"async\" width=\"720\" height=\"678\" src=\"https:\/\/d1xxa24wwackpg.cloudfront.net\/wp-content\/uploads\/2019\/05\/Pie3.jpg\" class=\"attachment-full size-full\" alt=\"Cortes\u00eda\" aria-describedby=\"gallery-1-47516\" srcset=\"https:\/\/d1xxa24wwackpg.cloudfront.net\/wp-content\/uploads\/2019\/05\/Pie3.jpg 720w, https:\/\/d1xxa24wwackpg.cloudfront.net\/wp-content\/uploads\/2019\/05\/Pie3.jpg 300w, https:\/\/d1xxa24wwackpg.cloudfront.net\/wp-content\/uploads\/2019\/05\/Pie3.jpg 24w\" sizes=\"(max-width: 720px) 100vw, 720px\" \/><\/a>\n\t\t\t<\/div>\n\t\t\t\t<figcaption class='wp-caption-text gallery-caption' id='gallery-1-47516'>\n\t\t\t\tJorge Salazar junto a sus hijos Jorge y Karla.\n\t\t\t\t<\/figcaption><\/figure><figure class='gallery-item'>\n\t\t\t<div class='gallery-icon landscape'>\n\t\t\t\t<a href='https:\/\/staging.laprensanic.com\/magazine\/reportajes\/el-asesinato-de-jorge-salazar\/attachment\/pie4\/'><img loading=\"lazy\" decoding=\"async\" width=\"720\" height=\"616\" src=\"https:\/\/d1xxa24wwackpg.cloudfront.net\/wp-content\/uploads\/2019\/05\/Pie4.jpg\" class=\"attachment-full size-full\" alt=\"Cortes\u00eda\" aria-describedby=\"gallery-1-47517\" srcset=\"https:\/\/d1xxa24wwackpg.cloudfront.net\/wp-content\/uploads\/2019\/05\/Pie4.jpg 720w, https:\/\/d1xxa24wwackpg.cloudfront.net\/wp-content\/uploads\/2019\/05\/Pie4.jpg 300w\" sizes=\"(max-width: 720px) 100vw, 720px\" \/><\/a>\n\t\t\t<\/div>\n\t\t\t\t<figcaption class='wp-caption-text gallery-caption' id='gallery-1-47517'>\n\t\t\t\tAlto y delgado, as\u00ed recuerda Irene a su hermano Jorge Salazar. En la imagen a los quince a\u00f1os\n\t\t\t\t<\/figcaption><\/figure><figure class='gallery-item'>\n\t\t\t<div class='gallery-icon landscape'>\n\t\t\t\t<a href='https:\/\/staging.laprensanic.com\/magazine\/reportajes\/el-asesinato-de-jorge-salazar\/attachment\/pie5\/'><img loading=\"lazy\" decoding=\"async\" width=\"720\" height=\"615\" src=\"https:\/\/d1xxa24wwackpg.cloudfront.net\/wp-content\/uploads\/2019\/05\/Pie5.jpg\" class=\"attachment-full size-full\" alt=\"Cortes\u00eda\" aria-describedby=\"gallery-1-47518\" srcset=\"https:\/\/d1xxa24wwackpg.cloudfront.net\/wp-content\/uploads\/2019\/05\/Pie5.jpg 720w, https:\/\/d1xxa24wwackpg.cloudfront.net\/wp-content\/uploads\/2019\/05\/Pie5.jpg 300w\" sizes=\"(max-width: 720px) 100vw, 720px\" \/><\/a>\n\t\t\t<\/div>\n\t\t\t\t<figcaption class='wp-caption-text gallery-caption' id='gallery-1-47518'>\n\t\t\t\tUno de los mayores placeres de Salazar era acampar con su familia. \n\t\t\t\t<\/figcaption><\/figure><figure class='gallery-item'>\n\t\t\t<div class='gallery-icon landscape'>\n\t\t\t\t<a href='https:\/\/staging.laprensanic.com\/magazine\/reportajes\/el-asesinato-de-jorge-salazar\/attachment\/jorge-salazar3\/'><img loading=\"lazy\" decoding=\"async\" width=\"720\" height=\"587\" src=\"https:\/\/d1xxa24wwackpg.cloudfront.net\/wp-content\/uploads\/2019\/05\/Jorge-Salazar3.jpg\" class=\"attachment-full size-full\" alt=\"Cortes\u00eda\" aria-describedby=\"gallery-1-47511\" srcset=\"https:\/\/d1xxa24wwackpg.cloudfront.net\/wp-content\/uploads\/2019\/05\/Jorge-Salazar3.jpg 720w, https:\/\/d1xxa24wwackpg.cloudfront.net\/wp-content\/uploads\/2019\/05\/Jorge-Salazar3.jpg 300w\" sizes=\"(max-width: 720px) 100vw, 720px\" \/><\/a>\n\t\t\t<\/div>\n\t\t\t\t<figcaption class='wp-caption-text gallery-caption' id='gallery-1-47511'>\n\t\t\t\tUna multitud de nicarag\u00fcenses acompa\u00f1\u00f3 a Salazar a su \u00faltima morada. \n\t\t\t\t<\/figcaption><\/figure><figure class='gallery-item'>\n\t\t\t<div class='gallery-icon landscape'>\n\t\t\t\t<a href='https:\/\/staging.laprensanic.com\/magazine\/reportajes\/el-asesinato-de-jorge-salazar\/attachment\/jorge-salazar4\/'><img loading=\"lazy\" decoding=\"async\" width=\"720\" height=\"613\" src=\"https:\/\/d1xxa24wwackpg.cloudfront.net\/wp-content\/uploads\/2019\/05\/Jorge-Salazar4.jpg\" class=\"attachment-full size-full\" alt=\"Cortes\u00eda\" aria-describedby=\"gallery-1-47512\" srcset=\"https:\/\/d1xxa24wwackpg.cloudfront.net\/wp-content\/uploads\/2019\/05\/Jorge-Salazar4.jpg 720w, https:\/\/d1xxa24wwackpg.cloudfront.net\/wp-content\/uploads\/2019\/05\/Jorge-Salazar4.jpg 300w\" sizes=\"(max-width: 720px) 100vw, 720px\" \/><\/a>\n\t\t\t<\/div>\n\t\t\t\t<figcaption class='wp-caption-text gallery-caption' id='gallery-1-47512'>\n\t\t\t\tJorge Salazar era el vicepresidente del Cosep cuando lo mataron. \n\t\t\t\t<\/figcaption><\/figure><figure class='gallery-item'>\n\t\t\t<div class='gallery-icon landscape'>\n\t\t\t\t<a href='https:\/\/staging.laprensanic.com\/magazine\/reportajes\/el-asesinato-de-jorge-salazar\/attachment\/jorge-salazar5\/'><img loading=\"lazy\" decoding=\"async\" width=\"720\" height=\"594\" src=\"https:\/\/d1xxa24wwackpg.cloudfront.net\/wp-content\/uploads\/2019\/05\/Jorge-Salazar5.jpg\" class=\"attachment-full size-full\" alt=\"Cortes\u00eda\" aria-describedby=\"gallery-1-47513\" srcset=\"https:\/\/d1xxa24wwackpg.cloudfront.net\/wp-content\/uploads\/2019\/05\/Jorge-Salazar5.jpg 720w, https:\/\/d1xxa24wwackpg.cloudfront.net\/wp-content\/uploads\/2019\/05\/Jorge-Salazar5.jpg 300w\" sizes=\"(max-width: 720px) 100vw, 720px\" \/><\/a>\n\t\t\t<\/div>\n\t\t\t\t<figcaption class='wp-caption-text gallery-caption' id='gallery-1-47513'>\n\t\t\t\tLos familiares de Jorge Salazar no pudieron asistir a su entierro. \n\t\t\t\t<\/figcaption><\/figure><figure class='gallery-item'>\n\t\t\t<div class='gallery-icon landscape'>\n\t\t\t\t<a href='https:\/\/staging.laprensanic.com\/magazine\/reportajes\/el-asesinato-de-jorge-salazar\/attachment\/jorge-salazar6\/'><img loading=\"lazy\" decoding=\"async\" width=\"720\" height=\"677\" src=\"https:\/\/d1xxa24wwackpg.cloudfront.net\/wp-content\/uploads\/2019\/05\/Jorge-Salazar6.jpg\" class=\"attachment-full size-full\" alt=\"Cortes\u00eda\" aria-describedby=\"gallery-1-47514\" srcset=\"https:\/\/d1xxa24wwackpg.cloudfront.net\/wp-content\/uploads\/2019\/05\/Jorge-Salazar6.jpg 720w, https:\/\/d1xxa24wwackpg.cloudfront.net\/wp-content\/uploads\/2019\/05\/Jorge-Salazar6.jpg 300w, https:\/\/d1xxa24wwackpg.cloudfront.net\/wp-content\/uploads\/2019\/05\/Jorge-Salazar6.jpg 24w\" sizes=\"(max-width: 720px) 100vw, 720px\" \/><\/a>\n\t\t\t<\/div>\n\t\t\t\t<figcaption class='wp-caption-text gallery-caption' id='gallery-1-47514'>\n\t\t\t\tJorge, el hijo de Jorge Salazar, asegura que a pesar de los a\u00f1os la llaga de la muerte de su padre sigue abierta.   \n\t\t\t\t<\/figcaption><\/figure>\n\t\t<\/div>\n\n<p style=\"text-align: center;\">***<\/p>\n<p>El lunes 17 de noviembre, Jorge Salazar lleg\u00f3 a Managua desde Matagalpa, donde hab\u00eda pasado el fin de semana junto a sus familiares y su amigo Camilo Fern\u00e1ndez Gurdi\u00e1n. Antes de salir aquella ma\u00f1ana \u2014relata Fern\u00e1ndez en su art\u00edculo\u2014, desayunaron, fueron al beneficio de caf\u00e9 y se despidieron de la mam\u00e1 de Salazar, a quien cari\u00f1osamente llamaban Meyaya.<\/p>\n<p>\u2014\u00bfTas listo? \u2014le pregunt\u00f3 Salazar a Fern\u00e1ndez. Le ech\u00f3 el brazo al hombro y le ofreci\u00f3 unas disculpas por haber tenido que regresar a la capital lunes y no domingo, como hab\u00edan acordado. Subieron a la Cherokee y emprendieron camino.<\/p>\n<p>Llegaron a Managua a eso de la 1:30 de la tarde. Menos de dos horas despu\u00e9s, Salazar se encontraba parqueado en la gasolinera Esso de El Crucero, donde esperaba reunirse con alguien.<\/p>\n<p>A la par de su camioneta se encontraba un carro blanco, que seg\u00fan los testigos, ten\u00eda casi una hora de estar estacionado. Pronto se escucharon disparos y apareci\u00f3 un tercer carro \u2014blanco tambi\u00e9n\u2014 cuyos ocupantes comenzaron a disparar contra la camioneta de Jorge Salazar. Quienes estaban cerca corrieron despavoridos a buscar c\u00f3mo refugiarse. \u00abJam\u00e1s ni en la guerra hab\u00eda sentido tanto miedo\u00bb, afirm\u00f3 uno de los testigos.<\/p>\n<p>Nadie sab\u00eda qu\u00e9 era lo que verdaderamente hab\u00eda pasado, pero Jorge Salazar estaba tendido en el piso. Muerto.<\/p>\n<p>Salazar fue trasladado a la morgue El Retiro, donde al m\u00e9dico forense C\u00e9sar Zepeda le toc\u00f3 examinarlo. Zepeda detall\u00f3 que un balazo le atraves\u00f3 el cuello y le fractur\u00f3 la mand\u00edbula. Tambi\u00e9n habl\u00f3 de un tiro en el pecho con \u00abun enorme orificio de entrada en forma irregular que le fractur\u00f3 varias costillas sin orificio de salida\u00bb, otro en el hombro y uno m\u00e1s en la pierna. Adem\u00e1s, explic\u00f3, que varias partes de su cuerpo presentaban laceraciones y excoriaciones.<\/p>\n<p style=\"text-align: center;\">***<\/p>\n<p>\u00bfQu\u00e9 es lo que hab\u00eda pasado? \u00bfQui\u00e9n hab\u00eda matado a Jorge Salazar? \u00bfQui\u00e9n lo hab\u00eda citado en ese lugar?<\/p>\n<p>Las versiones comenzaron a tejerse como telas de ara\u00f1as. Lo ocurrido se prestaba a opiniones, conjeturas y especulaciones, pero los hechos eran dos: Salazar estaba muerto y quienes hab\u00edan perpetrado su asesinato eran los miembros de la Seguridad del Estado.<\/p>\n<p>Esa misma noche, el Ministerio del Interior (Mint) sac\u00f3 un comunicado en el que explicaba que la muerte de Salazar se hab\u00eda dado en medio de un \u00abdesmantelamiento de un complot contrarrevolucionario\u00bb. Desde hace varios meses, explicaba el documento, \u00abla Seguridad del Estado ten\u00eda conocimiento de que Jorge Salazar junto a otros elementos ven\u00eda fraguando planes en com\u00fan acuerdo con exguardias somocistas para atentar contra el proceso revolucionario\u00bb.<\/p>\n<p>Supuestamente, ese d\u00eda, la Seguridad del Estado supo de un trasiego de armas, que servir\u00eda para la Contrarrevoluci\u00f3n, por lo que se decidi\u00f3 proceder a la captura. \u00abLos complotados\u00bb, dec\u00eda el comunicado, abrieron fuego contra las autoridades de la Seguridad del Estado y ah\u00ed muri\u00f3 Salazar. La justificaci\u00f3n de su asesinato era que este \u00abatentaba contra la revoluci\u00f3n\u00bb y que se reun\u00eda con exmilitares somocistas para llevar a cabo el supuesto \u00abgolpe de Estado\u00bb.<\/p>\n<p><strong>Lea tambi\u00e9n: <a href=\"https:\/\/gep90.laprensa.com.ni\/magazine\/reportaje\/la-muerte-de-jean-paul-genie\/\">La muerte de\u00a0\u00a0Jean Paul Genie<\/a><\/strong><\/p>\n<p>El Mint no ten\u00eda pruebas para sustentar lo que dec\u00eda, sin embargo era cierto que Salazar se hab\u00eda reunido con exguardias somocistas en el extranjero.<\/p>\n<p>Unas semanas antes de su murte, Salazar viaj\u00f3 a Costa Rica para reunirse con Justiniano P\u00e9rez, segundo de la EEBI y Guille Mendieta Ch\u00e1vez, militar somocista. La reuni\u00f3n ocurri\u00f3 en el restaurante Chalet Suizo, donde hablaron durante unas dos horas esa tarde \u2014detalla Mendieta en libro <em>Militares centroamericanos,<\/em> le propusieron a Salazar que de exiliarse y librar su lucha desde el extranjero, ya que ten\u00edan conocimiento de intentos de emboscarlo en Managua. Salazar no acept\u00f3 dijo que cre\u00eda estar tomando precauciones necesarias.<\/p>\n<p>En esa pl\u00e1tica adem\u00e1s le ofrecieron la direcci\u00f3n de la llamada Alianza Democr\u00e1tica Revolucionaria Nicarag\u00fcense (ADREN), una organizaci\u00f3n que reun\u00eda todas las tendencias en el exilio. Salazar agradeci\u00f3 el gesto, pero asegur\u00f3 que no era momento de salir de Nicaragua y que su lucha continuar\u00eda desde su pa\u00eds.<\/p>\n<p>El Mint insist\u00eda en la versi\u00f3n del supuesto \u00abataque contrarrevolucionario\u00bb, pero en el camino les toc\u00f3 reconocer c\u00f3mo ocurrieron los hechos. No se trat\u00f3 de un intercambio de disparos, tal y como se dijo. Tom\u00e1s Borge, director del Mint, admiti\u00f3 que Salazar ni siquiera iba armado, pero \u00abque su compa\u00f1ero s\u00ed\u201d.<\/p>\n<p>El compa\u00f1ero de Salazar era N\u00e9stor Moncada Lau, quien luego se supo era un infiltrado de la Seguridad del Estado. Moncada Lau fue quien abri\u00f3 fuego en contra de los agentes de la Seguridad del Estado. En ese \u00abcomplot\u00bb \u2014ha dicho Karla, hija de Salazar\u2014 estuvo involucrado adem\u00e1s \u00c1lvaro Baltodano, miembro de la Comandancia del Ej\u00e9rcito.<\/p>\n<p>Esa era la otra cara de la moneda. La cara que presentaba que se hab\u00eda tratado de un milimetrado y cobarde asesinato para callar a Salazar.<\/p>\n<p>Tambi\u00e9n se habl\u00f3 de una conspiraci\u00f3n de Estado.<\/p>\n<p>Seg\u00fan unos archivos del congreso de los Estados Unidos con fecha de abril de 1985, la decisi\u00f3n de asesinar a Salazar sali\u00f3 de la Direcci\u00f3n del Frente Sandinista de Liberaci\u00f3n Nacional (FSLN). Hubo una reuni\u00f3n, se menciona, en la que participaron los altos mandos. Len\u00edn Cerna, Luis Carri\u00f3n, Humberto Ortega, Juan Jos\u00e9 \u00dabeda, Ra\u00fal Cord\u00f3n, R\u00f3ger Mayorga y el jefe de Contrainteligencia cubana quien se hac\u00eda llamar Carlos Lingote.<\/p>\n<p>\u00abOrtega (Humberto) declar\u00f3 que la decisi\u00f3n pol\u00edtica realizada por la Direcci\u00f3n para asesinar a Salazar ser\u00eda como un ejemplo para los otros l\u00edderes del sector privado, que semejantes desacuerdos a tan alto nivel dentro del sector privado, no ser\u00edan tolerados\u00bb, reza el texto.<\/p>\n<p>El jefe de la Contrainteligencia cubana, menciona el archivo, intent\u00f3 disuadirlos para que no se cometiera tal acci\u00f3n. Es un error, les dijo, y les advirti\u00f3 que traer\u00eda repercusiones pol\u00edticas. El plan sigui\u00f3 su marcha y \u00abla tarea de matar a Salazar fue dada a Juan Jos\u00e9 \u00dabeda\u00bb, quien era el segundo al mando en la Seguridad del Estado. El segundo, despu\u00e9s de Len\u00edn Cerna.<\/p>\n<p>Comenzaron a aparecer nombres, apellidos, escenas, testigos y los diarios llenaron sus p\u00e1ginas contando la historia detr\u00e1s de la muerte de este l\u00edder empresarial. Se hablaba de c\u00f3mplices, de traidores, de detenidos. Barricada, el \u00f3rgano oficial del FSLN, public\u00f3 una lista de personas detenidas en la que aparec\u00edan Leonardo Somarriba, Jos\u00e9 Mario Hannon, Dora Mar\u00eda Lau, Alejandro Salazar, Gabriel Lacayo y N\u00e9stor Moncada Lau.<\/p>\n<p>Los detenidos, que supuestamente eran aliados de Salazar en la \u00abconspiraci\u00f3n\u00bb, fueron procesados por delitos contra la Seguridad. Se les conden\u00f3 entre uno y once a\u00f1os de prisi\u00f3n, pero la apelaci\u00f3n de sus abogados llev\u00f3 a la Corte a absolverlos, ya que no encontraba ni delitos, ni culpables.<\/p>\n<p>Del otro lado, no ocurri\u00f3 nada. Los miembros de la Seguridad del Estado que asesinaron a Salazar no fueron procesados, ni siquiera acusados. Andaban libres, cobijados por el partido de gobierno.<\/p>\n<figure id=\"attachment_47510\" aria-describedby=\"caption-attachment-47510\" style=\"width: 700px\" class=\"wp-caption aligncenter\"><a href=\"https:\/\/gep90.laprensa.com.ni\/magazine\/wp-content\/uploads\/2019\/05\/Jorge-Salazar-su-camioneta-.jpg\"><img loading=\"lazy\" decoding=\"async\" class=\"size-full wp-image-47510\" src=\"https:\/\/gep90.laprensa.com.ni\/magazine\/wp-content\/uploads\/2019\/05\/Jorge-Salazar-su-camioneta-.jpg\" alt=\"\" width=\"700\" height=\"437\" srcset=\"https:\/\/d1xxa24wwackpg.cloudfront.net\/wp-content\/uploads\/2019\/05\/Jorge-Salazar-su-camioneta-.jpg 700w, https:\/\/d1xxa24wwackpg.cloudfront.net\/wp-content\/uploads\/2019\/05\/Jorge-Salazar-su-camioneta-.jpg 300w\" sizes=\"(max-width: 700px) 100vw, 700px\" \/><\/a><figcaption id=\"caption-attachment-47510\" class=\"wp-caption-text\">Esta es la camioneta que manejaba Jorge Salazar cuando fue asesinado. La imagen fue tomada en la escena del crimen.<\/figcaption><\/figure>\n<p style=\"text-align: center;\">***<\/p>\n<p>Hab\u00eda un sol inclemente. Era 19 de noviembre y sobre las calles de Bolonia la multitud caminaba a paso lento. Algunos entonaban las notas del Himno Nacional, otros cargaban el retrato de Pedro Joaqu\u00edn Chamorro y otros llevaban mantas donde se pod\u00eda leer: \u00abNo m\u00e1s represi\u00f3n\u00bb.<\/p>\n<p>Eran m\u00e1s o menos las 11:30 de la ma\u00f1ana cuando el gent\u00edo acompa\u00f1aba a Jorge Salazar en su \u00faltimo recorrido por las calles de la capital. Su ata\u00fad iba cobijado con una bandera azul y blanco. Ese d\u00eda, ni su esposa ni su hermana, ni sus hijos pudieron acompa\u00f1arle.<\/p>\n<p>Irene, su hermana, viv\u00eda fuera del pa\u00eds y no pudo regresar. \u00abCuando me avisaron me dio desesperaci\u00f3n. Todav\u00eda me cuesta hablar de eso. Han pasado 30 a\u00f1os y no puedo evitar llorar\u00bb, dice. Hace una pausa, aclara su garganta y contin\u00faa, \u00abson 30 a\u00f1os y esto sigue latente como el primer d\u00eda. Tengo ganas de que no sea cierto y lo peor es que como no lo enterr\u00e9 lo sigo buscando. Siento que voy por las calles y un d\u00eda lo voy a ver\u00bb, confiesa con la voz quebrantada.<\/p>\n<p>La esposa de Salazar, Luc\u00eda Cardenal, y sus cuatro hijos tampoco pudieron estar en el entierro. \u00ab\u00c9l le hab\u00eda prohibido a mi mam\u00e1 que regres\u00e1ramos a Nicaragua, entonces no fuimos a su entierro\u00bb, cuenta su hijo Jorge, quien es de los que piensa que es importante finiquitar las etapas en la vida. La familia empez\u00f3 de cero en el exilio y fue hasta 1990 que regresan por primera vez al pa\u00eds. \u00abEsa vez fuimos por primera vez a ver la tumba de mi pap\u00e1. Fui con mi mam\u00e1 y pues cuando llegamos hab\u00eda una gran bandera del Frente Sandinista a la par de \u00e9l. Mi mam\u00e1 se atac\u00f3 en llanto porque es dif\u00edcil aceptar la muerte y m\u00e1s cuando lo dejaste de ver y diez a\u00f1os despu\u00e9s sab\u00e9s que est\u00e1 metido en ese hoyo\u00bb, asegura.<\/p>\n<p><strong>Lea adem\u00e1s: <a href=\"https:\/\/gep90.laprensa.com.ni\/magazine\/reportaje\/quien-mato-a-carlos-guadamuz\/\">\u00bfQui\u00e9n asesin\u00f3 a Carlos Guadamuz?<\/a><\/strong><\/p>\n<p>Pero la imagen que Jorge guarda de su padre es la de aquel hombre sonriente que iluminaba cada lugar al que llegaba. Lo recuerda de sombrero, vestido de caqui y aun siente el olor a monte. Lo recuerda esa noche que les toc\u00f3 dormir juntos por \u00faltima vez.<\/p>\n<p>En 1995 la familia Salazar Cardenal regres\u00f3 a Nicaragua para quedarse definitivamente. \u00abYo decid\u00ed regresar porque los asesinos de mi padre no me iban a quitar a mi pa\u00eds. No pod\u00eda aceptar que adem\u00e1s de haber perdido a mi padre, me obligaran a vivir en el exilio\u00bb, asegura Jorge.<\/p>\n<p>Han pasado 30 a\u00f1os desde la muerte de Salazar, Jorge lleva 30 a\u00f1os extra\u00f1\u00e1ndole. Lleva 30 a\u00f1os durmiendo con su padre en pensamiento. Pero la espina que le ha molestado todos estos a\u00f1o \u2014reconoce\u2014 es \u00abla cobard\u00eda con la que lo asesinaron\u00bb. Por eso, afirma, \u00e9l no perdona. \u00abY la \u00fanica manera que podemos olvidar todo esto o superarlo es haciendo elecciones libres en este pa\u00eds. Toda la saga de la muerte de mi padre se resume en eso, se resume en darle opci\u00f3n al pueblo de Nicaragua de poder elegir\u00bb, considera.<\/p>\n<p>Pero al menos \u00e9l duerme tranquilo, asegura. A diferencia de los asesinos quienes cree \u00abdeben tener 30 a\u00f1os de estar durmiendo con el fantasma que ronda sus conciencias\u00bb.<\/p>\n<h3>D\u00f3nde est\u00e1n los involucrados<\/h3>\n<p>Estos son algunos de los nombres que salieron a relucir tras la muerte de l\u00edder empresarial Jorge Salazar.<\/p>\n<p><strong>Tom\u00e1s Borge<\/strong> era el ministro del Interior. Actualmente es embajador de Nicaragua en Per\u00fa.<\/p>\n<p><strong>Len\u00edn Cerna<\/strong> era el director de la Seguridad del Estado. Actualmente es un cercano colaborador del presidente Daniel Ortega.<\/p>\n<p><strong>Juan Jos\u00e9 \u00dabeda<\/strong> era el segundo al mando de la Seguridad del Estado y se dice que fue a quien se le dio la orden de asesinar a Salazar. Actualmente es vicepresidente administrativo de Iniser.<\/p>\n<p><strong>N\u00e9stor Moncada Lau<\/strong>, miembro de la Seguridad del Estado, se hizo pasar por amigo de Salazar y se asegura que estuvo involucrado en su asesinato. Actualmente es un cercano colaborador del presidente y protegido de la primera dama, Rosario Murillo.<\/p>\n<p><strong>Humberto Ortega<\/strong> era el ministro de Defensa y jefe del Ej\u00e9rcito. Actualmente est\u00e1 retirado y vive en Costa Rica.<\/p>\n<p><strong>\u00c1lvaro Baltodano<\/strong>, exmiembro de la Comandancia General del Ej\u00e9rcito y acusado de ser part\u00edcipe del asesinato de Jorge Salazar, actualmente es Delegado Presidencial para las Inversiones y secretario t\u00e9cnico de la Comisi\u00f3n Nacional de Zonas Francas.<\/p>\n","protected":false},"excerpt":{"rendered":"<p>Hace 30 a\u00f1os, el empresario Jorge Salazar fue acribillado a balazos por miembros de la extinta Direcci\u00f3n General de Seguridad del Estado. Hubo dos versiones sobre su muerte. Una, donde se le acusaba de atentar contra la revoluci\u00f3n y otra donde se hablaba de una conspiraci\u00f3n de estado y de un vil y cobarde crimen Este homicidio qued\u00f3 impune<\/p>\n","protected":false},"author":46,"featured_media":47509,"comment_status":"open","ping_status":"open","sticky":false,"template":"","format":"standard","meta":{"_acf_changed":false,"footnotes":""},"categories":[26],"tags":[],"class_list":["post-47508","post","type-post","status-publish","format-standard","has-post-thumbnail","hentry","category-reportajes"],"acf":[],"_links":{"self":[{"href":"https:\/\/staging.laprensanic.com\/magazine\/wp-json\/wp\/v2\/posts\/47508","targetHints":{"allow":["GET"]}}],"collection":[{"href":"https:\/\/staging.laprensanic.com\/magazine\/wp-json\/wp\/v2\/posts"}],"about":[{"href":"https:\/\/staging.laprensanic.com\/magazine\/wp-json\/wp\/v2\/types\/post"}],"author":[{"embeddable":true,"href":"https:\/\/staging.laprensanic.com\/magazine\/wp-json\/wp\/v2\/users\/46"}],"replies":[{"embeddable":true,"href":"https:\/\/staging.laprensanic.com\/magazine\/wp-json\/wp\/v2\/comments?post=47508"}],"version-history":[{"count":7,"href":"https:\/\/staging.laprensanic.com\/magazine\/wp-json\/wp\/v2\/posts\/47508\/revisions"}],"predecessor-version":[{"id":49753,"href":"https:\/\/staging.laprensanic.com\/magazine\/wp-json\/wp\/v2\/posts\/47508\/revisions\/49753"}],"wp:featuredmedia":[{"embeddable":true,"href":"https:\/\/staging.laprensanic.com\/magazine\/wp-json\/wp\/v2\/media\/47509"}],"wp:attachment":[{"href":"https:\/\/staging.laprensanic.com\/magazine\/wp-json\/wp\/v2\/media?parent=47508"}],"wp:term":[{"taxonomy":"category","embeddable":true,"href":"https:\/\/staging.laprensanic.com\/magazine\/wp-json\/wp\/v2\/categories?post=47508"},{"taxonomy":"post_tag","embeddable":true,"href":"https:\/\/staging.laprensanic.com\/magazine\/wp-json\/wp\/v2\/tags?post=47508"}],"curies":[{"name":"wp","href":"https:\/\/api.w.org\/{rel}","templated":true}]}}