{"id":47584,"date":"2012-01-29T17:19:25","date_gmt":"2012-01-29T17:19:25","guid":{"rendered":"http:\/\/gep90.laprensa.com.ni\/magazine\/?p=47584"},"modified":"2019-10-22T15:12:25","modified_gmt":"2019-10-22T21:12:25","slug":"los-200-anos-de-la-unan","status":"publish","type":"post","link":"https:\/\/staging.laprensanic.com\/magazine\/reportajes\/los-200-anos-de-la-unan\/","title":{"rendered":"Los 200 a\u00f1os de la UNAN"},"content":{"rendered":"<p style=\"text-align: center;\">Lucha, sangre, muerte y carnavales. Excatedr\u00e1ticos y exalumnos de la UNAN-Le\u00f3n recuerdan la universidad que les acogi\u00f3 y ahora celebra sus doscientos a\u00f1os.<\/p>\n<p style=\"text-align: center;\"><strong>Arlen Cerda<\/strong><\/p>\n<p>Corri\u00f3 cuadra y media por los pasillos del recinto antes de que media docena de chavalos lo atraparan. Medio minuto m\u00e1s tarde, las mechas de su cabello resbalaban por sus hombros y ca\u00edan al suelo. Jos\u00e9 Pallais ya no ten\u00eda el pelo largo. En su primer d\u00eda de universitario, oficialmente hab\u00eda sido \u00abpeloneado\u00bb.<\/p>\n<p>M\u00e1s de treinta a\u00f1os despu\u00e9s, \u00e9l recuerda su ingreso a la Universidad Nacional Aut\u00f3noma de Nicaragua, en Le\u00f3n, como \u00abun trauma\u00bb.<\/p>\n<p>Su rapada fue una de las \u00faltimas realizadas en las universidades como una especie de rito de iniciaci\u00f3n, del que ahora solo queda una fiesta a principios de cada a\u00f1o acad\u00e9mico. Pero \u00e9l no reniega de la experiencia. Dice que ni siquiera se veng\u00f3.<\/p>\n<p>El siguiente a\u00f1o, otros chavalos eran los que corr\u00edan por el mismo pasillo, tratando de escapar. Unos con menos suerte \u2014\u00bfo m\u00e1s?\u2014 eran invitados a \u00abcelebrar\u00bb su primer d\u00eda de universitario con una salida en la que, por desconocer las rutinas del alcohol, terminaban borrachos y al despertar estaban pelones.<\/p>\n<p>En el pasillo ahora hay j\u00f3venes sentados en el suelo. Unos leen, otros conversan, escriben en sus celulares o caminan de prisa hacia alg\u00fan sal\u00f3n. Solo un mural bastante abandonado informa sobre algunas festividades organizadas para la celebraci\u00f3n de un bicentenario que para la mayor\u00eda pasa de largo, incluso para la ciudad de Le\u00f3n que desde el siglo XIX aloja esta casa de estudios superiores.<\/p>\n<p>Pero la UNAN no es ajena en la historia de Le\u00f3n. En las rencillas entre conservadores y liberales la universidad tuvo su parte y, a\u00f1os m\u00e1s tarde, la historia de la lucha contra la dictadura somocista tambi\u00e9n fue escrita con la sangre de sus estudiantes, los mismos que en otros tiempos alborotaban las calles con sus fiestas y carnavales.<\/p>\n<p>Vilma N\u00fa\u00f1ez de Escorcia recuerda que en su grupo hab\u00edan solo nueve o diez mujeres estudiantes. Ella fue alumna destacada y novia de la Facultad de Derecho. En esta carroza aleg\u00f3rica a la falta de justicia contra el pueblo empobrecido, ella enarbola la demanda de Justicia.<\/p>\n<p>Vilma N\u00fa\u00f1ez recuerda perfectamente ese v\u00ednculo que como estudiante se ten\u00eda con la ciudad de Le\u00f3n. A los 20 a\u00f1os de edad ella dej\u00f3 las frescas praderas de su Acoyapa natal por la agitada y calurosa ciudad universitaria.<\/p>\n<p>Pero nunca pens\u00f3 que llegar\u00eda para quedarse. Durante sus a\u00f1os de estudio mantuvo la costumbre de viajar cada fin de semana o cada quince d\u00edas a la casa de sus padres. Fue m\u00e1s tarde que se cas\u00f3 e instal\u00f3 en Le\u00f3n. Ah\u00ed sus hijos y la mayor\u00eda de sus nietos han crecido y ese es su lugar de descanso cuando cada viernes deja la capital para refugiarse en su amplia y fresca casa de habitaci\u00f3n.<\/p>\n<p>\u00abMe volv\u00ed leonesa\u00bb, dice N\u00fa\u00f1ez entre risas, \u00abalgunos ahora creen que hasta nac\u00ed en Le\u00f3n\u00bb.<\/p>\n<p>Hoy \u2014excepto para sus calles inmediatas\u2014al resto de la ciudad que ya cuenta con m\u00e1s de 110 mil habitantes el entorno de la UNAN les resulta bastante ajeno.<\/p>\n<p>Treinta a\u00f1os atr\u00e1s no abundaban los apartamentos que ahora prefieren los estudiantes. La mayor\u00eda de ellos se acomodaba en casas familiares que rentaban alguna habitaci\u00f3n.<\/p>\n<p>Las familias que no alquilaban tambi\u00e9n ten\u00edan un v\u00ednculo con los universitarios, porque varias instalaron comedores o centros de recreaci\u00f3n. Aquel apodo de \u00abCiudad Universitaria\u00bb nunca le qued\u00f3 mejor a Le\u00f3n.<\/p>\n<p>\u00abLa historia de la UNAN cruza transversalmente la historia de las universidades en Nicaragua y la historia de todo el pa\u00eds\u00bb, asegura N\u00fa\u00f1ez, tras mencionar las luchas estudiantiles en las que a ella misma le toc\u00f3 participar.<\/p>\n<p>De aquella masacre estudiantil del 23 de julio de 1959 ella es una sobreviviente. Ese d\u00eda la Guardia somocista dispar\u00f3 contra los estudiantes que exig\u00edan la liberaci\u00f3n de otro grupo. El mayor Anastasio Ortiz dio la orden de dispararles de frente. Cuatro universitarios fueron asesinados, 49 resultaron heridos.<\/p>\n<p>\u00abAs\u00ed se estren\u00f3 la autonom\u00eda universitaria\u00bb, recuerda todav\u00eda con pesar el exrector Carlos T\u00fcnnermann Bernheim, entonces secretario de Mariano Fiallos Gil (1907-1959), el primer rector del recinto tras la aprobaci\u00f3n de la autonom\u00eda de la que \u00e9l fue f\u00e9rreo promotor.<\/p>\n<p>Las actuales autoridades universitarias no incluyeron a T\u00fcnnermann en las invitaciones para la celebraci\u00f3n del bicentenario. Tampoco hubo una convocatoria para los exalumnos, en cuya extensa lista se han contado pr\u00f3ceres de la Independencia Centroamericana, fundadores de otras alma mater, m\u00e9dicos, abogados y presidentes de otros estados de la regi\u00f3n.<\/p>\n<p>En la fiesta de sus 200 a\u00f1os tambi\u00e9n se call\u00f3 sobre la efervescencia que la UNAN lider\u00f3 contra la dictadura somocista, para muchos pagada con la sangre de sus estudiantes.<\/p>\n<div id='gallery-1' class='gallery galleryid-47584 gallery-columns-3 gallery-size-thumbnail'><figure class='gallery-item'>\n\t\t\t<div class='gallery-icon landscape'>\n\t\t\t\t<a href='https:\/\/staging.laprensanic.com\/magazine\/reportajes\/los-200-anos-de-la-unan\/attachment\/mag201-14-foto\/'><img decoding=\"async\" width=\"150\" height=\"150\" src=\"https:\/\/d1xxa24wwackpg.cloudfront.net\/wp-content\/uploads\/2019\/06\/Mag201-14-foto.jpg\" class=\"attachment-thumbnail size-thumbnail\" alt=\"\" aria-describedby=\"gallery-1-47587\" srcset=\"https:\/\/d1xxa24wwackpg.cloudfront.net\/wp-content\/uploads\/2019\/06\/Mag201-14-foto.jpg 150w, https:\/\/d1xxa24wwackpg.cloudfront.net\/wp-content\/uploads\/2019\/06\/Mag201-14-foto.jpg 24w, https:\/\/d1xxa24wwackpg.cloudfront.net\/wp-content\/uploads\/2019\/06\/Mag201-14-foto.jpg 48w, https:\/\/d1xxa24wwackpg.cloudfront.net\/wp-content\/uploads\/2019\/06\/Mag201-14-foto.jpg 96w\" sizes=\"(max-width: 150px) 100vw, 150px\" \/><\/a>\n\t\t\t<\/div>\n\t\t\t\t<figcaption class='wp-caption-text gallery-caption' id='gallery-1-47587'>\n\t\t\t\tVilma Nu\u00f1ez de Escorcia recuerda que en su grupo hab\u00eda nueve o diez mujeres estudiantes. Ella fue alumna destacada y novia de la Facultad de Derecho. En esta carrozo aleg\u00f3rica a la falta de justicia contra el pueblo empobrecido, ella enarbola la demanda de justicia.  \n\t\t\t\t<\/figcaption><\/figure><figure class='gallery-item'>\n\t\t\t<div class='gallery-icon portrait'>\n\t\t\t\t<a href='https:\/\/staging.laprensanic.com\/magazine\/reportajes\/los-200-anos-de-la-unan\/attachment\/foto-9\/'><img decoding=\"async\" width=\"150\" height=\"150\" src=\"https:\/\/d1xxa24wwackpg.cloudfront.net\/wp-content\/uploads\/2019\/06\/Foto.jpg\" class=\"attachment-thumbnail size-thumbnail\" alt=\"\" aria-describedby=\"gallery-1-47586\" srcset=\"https:\/\/d1xxa24wwackpg.cloudfront.net\/wp-content\/uploads\/2019\/06\/Foto.jpg 150w, https:\/\/d1xxa24wwackpg.cloudfront.net\/wp-content\/uploads\/2019\/06\/Foto.jpg 600w, https:\/\/d1xxa24wwackpg.cloudfront.net\/wp-content\/uploads\/2019\/06\/Foto.jpg 24w, https:\/\/d1xxa24wwackpg.cloudfront.net\/wp-content\/uploads\/2019\/06\/Foto.jpg 48w, https:\/\/d1xxa24wwackpg.cloudfront.net\/wp-content\/uploads\/2019\/06\/Foto.jpg 96w\" sizes=\"(max-width: 150px) 100vw, 150px\" \/><\/a>\n\t\t\t<\/div>\n\t\t\t\t<figcaption class='wp-caption-text gallery-caption' id='gallery-1-47586'>\n\t\t\t\tEl exdiputado Jos\u00e9 Pallais  se gradu\u00f3 como Abogado y Notario P\u00fablico en la UNAN-Le\u00f3n. M\u00e1s tarde, estudi\u00f3 en la Universidad Complutense de Madrid, Espa\u00f1a y asegura que la calidad era similar. \n\t\t\t\t<\/figcaption><\/figure><figure class='gallery-item'>\n\t\t\t<div class='gallery-icon landscape'>\n\t\t\t\t<a href='https:\/\/staging.laprensanic.com\/magazine\/reportajes\/los-200-anos-de-la-unan\/attachment\/mag201-15-foto\/'><img decoding=\"async\" width=\"150\" height=\"150\" src=\"https:\/\/d1xxa24wwackpg.cloudfront.net\/wp-content\/uploads\/2019\/06\/Mag201-15-foto.jpg\" class=\"attachment-thumbnail size-thumbnail\" alt=\"\" aria-describedby=\"gallery-1-47588\" srcset=\"https:\/\/d1xxa24wwackpg.cloudfront.net\/wp-content\/uploads\/2019\/06\/Mag201-15-foto.jpg 150w, https:\/\/d1xxa24wwackpg.cloudfront.net\/wp-content\/uploads\/2019\/06\/Mag201-15-foto.jpg 24w, https:\/\/d1xxa24wwackpg.cloudfront.net\/wp-content\/uploads\/2019\/06\/Mag201-15-foto.jpg 48w, https:\/\/d1xxa24wwackpg.cloudfront.net\/wp-content\/uploads\/2019\/06\/Mag201-15-foto.jpg 96w\" sizes=\"(max-width: 150px) 100vw, 150px\" \/><\/a>\n\t\t\t<\/div>\n\t\t\t\t<figcaption class='wp-caption-text gallery-caption' id='gallery-1-47588'>\n\t\t\t\tPresos. El exrector  Carlos T\u00fcnnermann recuerda que varias veces intercedi\u00f3 por los estudiantes que encarcelaba la dictadura somocista.\n\t\t\t\t<\/figcaption><\/figure><figure class='gallery-item'>\n\t\t\t<div class='gallery-icon landscape'>\n\t\t\t\t<a href='https:\/\/staging.laprensanic.com\/magazine\/reportajes\/los-200-anos-de-la-unan\/attachment\/mag201-15-foto-2\/'><img loading=\"lazy\" decoding=\"async\" width=\"150\" height=\"150\" src=\"https:\/\/d1xxa24wwackpg.cloudfront.net\/wp-content\/uploads\/2019\/06\/Mag201-15-foto-2.jpg\" class=\"attachment-thumbnail size-thumbnail\" alt=\"\" aria-describedby=\"gallery-1-47589\" srcset=\"https:\/\/d1xxa24wwackpg.cloudfront.net\/wp-content\/uploads\/2019\/06\/Mag201-15-foto-2.jpg 150w, https:\/\/d1xxa24wwackpg.cloudfront.net\/wp-content\/uploads\/2019\/06\/Mag201-15-foto-2.jpg 24w, https:\/\/d1xxa24wwackpg.cloudfront.net\/wp-content\/uploads\/2019\/06\/Mag201-15-foto-2.jpg 48w, https:\/\/d1xxa24wwackpg.cloudfront.net\/wp-content\/uploads\/2019\/06\/Mag201-15-foto-2.jpg 96w\" sizes=\"(max-width: 150px) 100vw, 150px\" \/><\/a>\n\t\t\t<\/div>\n\t\t\t\t<figcaption class='wp-caption-text gallery-caption' id='gallery-1-47589'>\n\t\t\t\tLucha por la autonom\u00eda. Los universitarios llegaron desde Le\u00f3n para exigir a la Asamblea la aprobaci\u00f3n de la autonom\u00eda. En 1966, esta fue ratificada e incluida en la Constituci\u00f3n Pol\u00edtica \n\t\t\t\t<\/figcaption><\/figure><figure class='gallery-item'>\n\t\t\t<div class='gallery-icon landscape'>\n\t\t\t\t<a href='https:\/\/staging.laprensanic.com\/magazine\/reportajes\/los-200-anos-de-la-unan\/attachment\/mag201-15-foto-3\/'><img loading=\"lazy\" decoding=\"async\" width=\"150\" height=\"150\" src=\"https:\/\/d1xxa24wwackpg.cloudfront.net\/wp-content\/uploads\/2019\/06\/Mag201-15-foto-3.jpg\" class=\"attachment-thumbnail size-thumbnail\" alt=\"\" aria-describedby=\"gallery-1-47590\" srcset=\"https:\/\/d1xxa24wwackpg.cloudfront.net\/wp-content\/uploads\/2019\/06\/Mag201-15-foto-3.jpg 150w, https:\/\/d1xxa24wwackpg.cloudfront.net\/wp-content\/uploads\/2019\/06\/Mag201-15-foto-3.jpg 600w, https:\/\/d1xxa24wwackpg.cloudfront.net\/wp-content\/uploads\/2019\/06\/Mag201-15-foto-3.jpg 24w, https:\/\/d1xxa24wwackpg.cloudfront.net\/wp-content\/uploads\/2019\/06\/Mag201-15-foto-3.jpg 48w, https:\/\/d1xxa24wwackpg.cloudfront.net\/wp-content\/uploads\/2019\/06\/Mag201-15-foto-3.jpg 96w\" sizes=\"(max-width: 150px) 100vw, 150px\" \/><\/a>\n\t\t\t<\/div>\n\t\t\t\t<figcaption class='wp-caption-text gallery-caption' id='gallery-1-47590'>\n\t\t\t\tMarino Fiallos Gil (a la Izquierda), fue a el primer rector tras la conquista de la autonom\u00eda . El Doctor Carlos T\u00fcnnermann (a la derecha) le sucedi\u00f3 en el cargo. \n\t\t\t\t<\/figcaption><\/figure>\n\t\t<\/div>\n\n<h3>Malos pasos<\/h3>\n<p>Las autoridades universitarias de la UNAN-Le\u00f3n celebraron a mediados de este mes el bicentenario del Alma Mater. Pero, excatedr\u00e1ticos y exalumnos lamentan el estado de la autonom\u00eda por la que antes trabajaron. El exrector (1964-1974) Carlos T\u00fcnnermann B. considera \u00ablamentable\u00bb el v\u00ednculo de las autoridades con el partido de Gobierno y la \u00abinstrumentalizaci\u00f3n de sus estudiantes\u00bb.<\/p>\n<p>Vilma N\u00fa\u00f1ez de Escorcia, exalumna y abogada, recuerda con nostalgia cuando los estudiantes \u00ablucharon a muerte\u00bb contra la dictadura somocista, pero ahora est\u00e1n \u00abdoblegados\u00bb al poder, por las mismas autoridades universitarias. Actualmente, la universidad cuenta con 19 mil 800 estudiantes en 36 carreras..<\/p>\n<p>A principios de enero, el FSLN anunci\u00f3 que el rector R\u00f3ger Gurdi\u00e1n Vigil ser\u00e1 el candidato a alcalde de Le\u00f3n en las elecciones municipales de este a\u00f1o. A la nominaci\u00f3n, Gurdi\u00e1n Vigil respondi\u00f3: \u00abAunque tengo una posici\u00f3n muy buena como rector, mi condici\u00f3n como militante del Frente Sandinista me exige estar donde sea requerido por mi partido\u00bb.<a href=\"https:\/\/gep90.laprensa.com.ni\/magazine\/wp-content\/uploads\/2012\/01\/sdfgdfghfg.jpg\"><img loading=\"lazy\" decoding=\"async\" class=\"aligncenter size-full wp-image-47602\" src=\"https:\/\/gep90.laprensa.com.ni\/magazine\/wp-content\/uploads\/2012\/01\/sdfgdfghfg.jpg\" alt=\"\" width=\"800\" height=\"742\" srcset=\"https:\/\/d1xxa24wwackpg.cloudfront.net\/wp-content\/uploads\/2012\/01\/sdfgdfghfg.jpg 800w, https:\/\/d1xxa24wwackpg.cloudfront.net\/wp-content\/uploads\/2012\/01\/sdfgdfghfg.jpg 300w, https:\/\/d1xxa24wwackpg.cloudfront.net\/wp-content\/uploads\/2012\/01\/sdfgdfghfg.jpg 768w\" sizes=\"(max-width: 800px) 100vw, 800px\" \/><\/a><\/p>\n","protected":false},"excerpt":{"rendered":"<p>Lucha, sangre, muerte y carnavales. Excatedr\u00e1ticos y exalumnos de la UNAN-Le\u00f3n recuerdan la universidad que les acogi\u00f3 y ahora celebra sus doscientos a\u00f1os.<\/p>\n","protected":false},"author":46,"featured_media":47591,"comment_status":"open","ping_status":"open","sticky":false,"template":"","format":"standard","meta":{"_acf_changed":false,"footnotes":""},"categories":[26],"tags":[],"class_list":["post-47584","post","type-post","status-publish","format-standard","has-post-thumbnail","hentry","category-reportajes"],"acf":[],"_links":{"self":[{"href":"https:\/\/staging.laprensanic.com\/magazine\/wp-json\/wp\/v2\/posts\/47584","targetHints":{"allow":["GET"]}}],"collection":[{"href":"https:\/\/staging.laprensanic.com\/magazine\/wp-json\/wp\/v2\/posts"}],"about":[{"href":"https:\/\/staging.laprensanic.com\/magazine\/wp-json\/wp\/v2\/types\/post"}],"author":[{"embeddable":true,"href":"https:\/\/staging.laprensanic.com\/magazine\/wp-json\/wp\/v2\/users\/46"}],"replies":[{"embeddable":true,"href":"https:\/\/staging.laprensanic.com\/magazine\/wp-json\/wp\/v2\/comments?post=47584"}],"version-history":[{"count":8,"href":"https:\/\/staging.laprensanic.com\/magazine\/wp-json\/wp\/v2\/posts\/47584\/revisions"}],"predecessor-version":[{"id":48988,"href":"https:\/\/staging.laprensanic.com\/magazine\/wp-json\/wp\/v2\/posts\/47584\/revisions\/48988"}],"wp:featuredmedia":[{"embeddable":true,"href":"https:\/\/staging.laprensanic.com\/magazine\/wp-json\/wp\/v2\/media\/47591"}],"wp:attachment":[{"href":"https:\/\/staging.laprensanic.com\/magazine\/wp-json\/wp\/v2\/media?parent=47584"}],"wp:term":[{"taxonomy":"category","embeddable":true,"href":"https:\/\/staging.laprensanic.com\/magazine\/wp-json\/wp\/v2\/categories?post=47584"},{"taxonomy":"post_tag","embeddable":true,"href":"https:\/\/staging.laprensanic.com\/magazine\/wp-json\/wp\/v2\/tags?post=47584"}],"curies":[{"name":"wp","href":"https:\/\/api.w.org\/{rel}","templated":true}]}}