{"id":47638,"date":"2012-11-11T21:16:01","date_gmt":"2012-11-11T21:16:01","guid":{"rendered":"http:\/\/gep90.laprensa.com.ni\/magazine\/?p=47638"},"modified":"2021-08-07T17:12:33","modified_gmt":"2021-08-07T23:12:33","slug":"pac-en-100-datos","status":"publish","type":"post","link":"https:\/\/staging.laprensanic.com\/magazine\/reportajes\/pac-en-100-datos\/","title":{"rendered":"PAC en 100 datos"},"content":{"rendered":"<p style=\"text-align: center;\">Este mes se celebra el centenario del natalicio del poeta Pablo Antonio Cuadra (PAC). Magazine intenta retratar a este personaje considerado de los m\u00e1s influyentes del siglo XX en Nicaragua<\/p>\n<p style=\"text-align: center;\"><strong>Por Dora Luz Romero<\/strong><\/p>\n<p>PAC. Tres letras que conectan a cualquier nicarag\u00fcense con algo m\u00e1s que con el mero significado de las iniciales. Decir PAC es pensar en la patria, en el ser nica; es adentrarse en el mundo de poes\u00eda, la literatura, los dibujos, los tapices, el teatro. Es recordar la lucha contra Somoza, la muerte de Pedro Joaqu\u00edn Chamorro, la censura que sufrieron los medios en la d\u00e9cada de los ochenta.<\/p>\n<p>Que fue uno de los personajes m\u00e1s influyentes del siglo XX, que fue el mejor despu\u00e9s de Rub\u00e9n Dar\u00edo, que fue una de las principales figuras del vanguardismo en Centroam\u00e9rica. Eso se ha escrito sobre Pablo Antonio Cuadra, pero \u00bfc\u00f3mo transcurri\u00f3 la ni\u00f1ez del poeta? \u00bfC\u00f3mo le iba con las novias? \u00bfQu\u00e9 tal era de amigo? \u00bfCu\u00e1les fueron sus pasiones y sus grandes decepciones?<\/p>\n<p>Carlos M\u00e1ntica, uno de sus mejores amigos, lo describe: \u201cHumilde, entra\u00f1able, extraordinario\u201d. \u201cEs de las personas m\u00e1s integrales e \u00edntegros que he conocido\u201d, asegura Carlos Mej\u00eda Godoy, otro de sus amigos. Su hija Stella Cuadra Benda\u00f1a lo recuerda como \u201cun padre amoroso\u201d. Su hermano Jos\u00e9 Joaqu\u00edn Quadra confiesa que fue m\u00e1s que un hermano, un padre.<\/p>\n<p>En esta edici\u00f3n <em>Magazine<\/em> busca retratar a PAC desde sus diversas facetas, el amigo, el padre, el hermano, el hijo, el periodista, el poeta. Pero perm\u00edtame anticiparme, no se trata de una biograf\u00eda, ni mucho menos, son m\u00e1s bien las piezas de un gran rompecabezas. Piezas que, con suerte, le permitir\u00e1n entender un poco qui\u00e9n fue este grande de la literatura nicarag\u00fcense.<\/p>\n<figure id=\"attachment_47636\" aria-describedby=\"caption-attachment-47636\" style=\"width: 720px\" class=\"wp-caption aligncenter\"><a href=\"https:\/\/gep90.laprensa.com.ni\/magazine\/wp-content\/uploads\/2019\/06\/Mag215-221.jpg\"><img fetchpriority=\"high\" decoding=\"async\" class=\"size-full wp-image-47636\" src=\"https:\/\/gep90.laprensa.com.ni\/magazine\/wp-content\/uploads\/2019\/06\/Mag215-221.jpg\" alt=\"\" width=\"720\" height=\"660\" srcset=\"https:\/\/d1xxa24wwackpg.cloudfront.net\/wp-content\/uploads\/2019\/06\/Mag215-221.jpg 720w, https:\/\/d1xxa24wwackpg.cloudfront.net\/wp-content\/uploads\/2019\/06\/Mag215-221.jpg 300w\" sizes=\"(max-width: 720px) 100vw, 720px\" \/><\/a><figcaption id=\"caption-attachment-47636\" class=\"wp-caption-text\">PAC junto a su esposa, sus cinco hijos y dos yernos. Una imagen tomada a finales de los a\u00f1os noventa.<\/figcaption><\/figure>\n<p><strong>1 .<\/strong> Estaba destinado a llamarse Pablo Antonio. Su padre, Carlos Cuadra Pasos, prometi\u00f3 junto a sus hermanos que el primer var\u00f3n de la familia llevar\u00eda ese nombre en honor a su hermano Pablo Antonio, quien muri\u00f3 de tuberculosis luego de ser encarcelado por el general Jos\u00e9 Santos Zelaya.<\/p>\n<p><strong>2.<\/strong> Muchos creen que naci\u00f3 en Granada, pero lo hizo en la capital. Sin embargo, se crio y creci\u00f3 en la Gran Sultana. Vivi\u00f3 ah\u00ed hasta los 46 a\u00f1os.<\/p>\n<p><strong>3.<\/strong> Fue un ni\u00f1o quieto. Tanto que su madre, Mercedes Cardenal, contaba que jugaba a ser sacerdote, hac\u00eda un altar y celebraba misa.<\/p>\n<p><strong>4.<\/strong> Jack. As\u00ed se llam\u00f3 un perro que tuvo a sus 12 a\u00f1os.<\/p>\n<p><strong>5.<\/strong> El mois\u00e9s que us\u00f3 de reci\u00e9n nacido, vestuario de su infancia, fotos de su ni\u00f1ez, los guarda en un museo que hizo en su casa de Granada su hija Argentina Cuadra Benda\u00f1a.<\/p>\n<p><strong>6.<\/strong> Era el favorito de los hermanos Cuadra Cardenal. Era el mimado, dice su hermano menor Jos\u00e9 Joaqu\u00edn.<\/p>\n<p><strong>7.<\/strong> Se le conoci\u00f3 una sola novia, Adilia Benda\u00f1a, quien luego ser\u00eda su esposa.<\/p>\n<p><strong>8.<\/strong> Creci\u00f3 en Granada, en una familia de cinco hermanos, del que \u00fanicamente sobrevive Jos\u00e9 Joaqu\u00edn.<br \/>\n<strong>9.<\/strong> En su casa hab\u00eda reglas sagradas. Sentarse a la mesa para comer, ir a misa y leer a los cl\u00e1sicos de la literatura.<\/p>\n<p><strong>10.<\/strong> Jos\u00e9 Joaqu\u00edn Quadra, su hermano menor, era su mandadero oficial. Era el que le iba a comprar los cigarrillos y que llevaba y tra\u00eda los papelitos a la novia.<\/p>\n<p><strong>11.<\/strong> Una de las primeras personas que lo incentiv\u00f3 a escribir fue el sacerdote jesuita Miguel A. Pro, beatificado por el papa Juan Pablo II en 1988, quien fue su maestro en el Colegio Centro Am\u00e9rica.<\/p>\n<p><strong>12.<\/strong> Cuando ten\u00eda 11 a\u00f1os escribi\u00f3 una peque\u00f1a obra de teatro inspirado en Julio Verne.<\/p>\n<p><strong>13.<\/strong> Siendo estudiante del Colegio Centro Am\u00e9rica publicaba un diario colegial, manuscrito.<\/p>\n<p><strong>14.<\/strong> Sus primeros poemas los public\u00f3 cuando ten\u00eda unos 17 a\u00f1os y lo hizo en la revista <em>Criterio<\/em>, que era dirigida por Jos\u00e9 Coronel Urtecho y Dionisio Cuadra.<\/p>\n<p><strong>15.<\/strong> <em>Canciones de P\u00e1jaro y Se\u00f1ora<\/em> es su primera colecci\u00f3n de poemas.<\/p>\n<p><strong>16.<\/strong> As\u00ed como Rub\u00e9n Dar\u00edo public\u00f3 en Chile su obra <em>Azul&#8230;<\/em> en 1888, Pablo Antonio Cuadra public\u00f3 en el mismo pa\u00eds <em>Poemas Nicarag\u00fcenses<\/em> (1934).<\/p>\n<p><strong>17.<\/strong> En alguna ocasi\u00f3n confes\u00f3 que le tuvo \u201chorror\u201d al ejercicio de la abogac\u00eda, por eso dej\u00f3 inconclusa la carrera de Derecho cuando cursaba cuarto a\u00f1o.<\/p>\n<p><strong>18.<\/strong> Sus dos grandes pasiones fueron el campo y la literatura. En las entrevistas gustaba decir que era finquero. Se dedic\u00f3 durante muchos a\u00f1os a la madera y la ganader\u00eda.<\/p>\n<p><strong>19.<\/strong> Tuvo un fracaso, como algodonero. Adem\u00e1s de endeudarse, se desilusion\u00f3 y se dedic\u00f3 enteramente al periodismo.<\/p>\n<p><strong>20.<\/strong> Dedic\u00f3 mucho tiempo al estudio de las culturas ind\u00edgenas y al folclor.<\/p>\n<p><strong>21<\/strong>. El lago Cocibolca fue uno de sus grandes amores e inspiraciones. Naveg\u00f3 infinidad de veces e incluso le dedic\u00f3 un libro de poemas.<\/p>\n<p><strong>22.<\/strong> Sab\u00eda deleitarse con la m\u00fasica cl\u00e1sica. As\u00ed lo recuerda su hija Stella Cuadra Benda\u00f1a. Tambi\u00e9n disfrutaba escuchar la m\u00fasica nicarag\u00fcense, especialmente a Carlos Mej\u00eda Godoy y Salvador Cardenal.<\/p>\n<p><strong>23.<\/strong> Uno de sus sitios favoritos era Solentiname. Viajaba con Pedro Joaqu\u00edn Chamorro, Jos\u00e9 Coronel Urtecho, Ernesto Cardenal y Carlos M\u00e1ntica por el simple placer de disfrutar del lago y, por supuesto, de las pl\u00e1ticas.<\/p>\n<p><strong>24.<\/strong> Aunque ten\u00eda un rostro serio, se carcajeaba cuando hab\u00eda que hacerlo. Carlos M\u00e1ntica, uno de sus mejores amigos, lo recuerda en las famosas \u201cguitarreadas\u201d. Re\u00eda, conversaba, pero jam\u00e1s le vieron ni cantar ni bailar.<\/p>\n<p><strong>25.<\/strong> Gustaba de la comida nicarag\u00fcense, sencilla, pero tambi\u00e9n se atrev\u00eda a probar platillos ex\u00f3ticos. Nunca com\u00eda en exceso, cuenta Carlos M\u00e1ntica.<\/p>\n<p><strong>26.<\/strong> \u00bfQu\u00e9 opinaba de Carlos Mart\u00ednez Rivas? \u201cEs un perfeccionista de la palabra. Admirable como poeta que tiene que encajar la palabra precisa, es el m\u00e1s meticuloso joyero que tenemos de la poes\u00eda\u201d.<\/p>\n<p><strong>27.<\/strong> Sent\u00eda miedo de manejar de noche y nunca utiliz\u00f3 chofer, as\u00ed que sal\u00eda poco.<\/p>\n<p><strong>28.<\/strong> Pasaba horas en su biblioteca, leyendo y escribiendo. El amor por los libros lo hered\u00f3 de su padre Carlos Cuadra, quien ten\u00eda una de las bibliotecas m\u00e1s grandes y mejor dotadas del pa\u00eds.<\/p>\n<p><strong>29.<\/strong> Su biblioteca la hered\u00f3 su nieto Pedro Xavier Sol\u00eds.<\/p>\n<figure id=\"attachment_47640\" aria-describedby=\"caption-attachment-47640\" style=\"width: 700px\" class=\"wp-caption aligncenter\"><a href=\"https:\/\/gep90.laprensa.com.ni\/magazine\/wp-content\/uploads\/2012\/11\/Mag215-21.jpg\"><img decoding=\"async\" class=\"size-full wp-image-47640\" src=\"https:\/\/gep90.laprensa.com.ni\/magazine\/wp-content\/uploads\/2012\/11\/Mag215-21.jpg\" alt=\"\" width=\"700\" height=\"691\" srcset=\"https:\/\/d1xxa24wwackpg.cloudfront.net\/wp-content\/uploads\/2012\/11\/Mag215-21.jpg 700w, https:\/\/d1xxa24wwackpg.cloudfront.net\/wp-content\/uploads\/2012\/11\/Mag215-21.jpg 300w, https:\/\/d1xxa24wwackpg.cloudfront.net\/wp-content\/uploads\/2012\/11\/Mag215-21.jpg 24w, https:\/\/d1xxa24wwackpg.cloudfront.net\/wp-content\/uploads\/2012\/11\/Mag215-21.jpg 48w, https:\/\/d1xxa24wwackpg.cloudfront.net\/wp-content\/uploads\/2012\/11\/Mag215-21.jpg 96w\" sizes=\"(max-width: 700px) 100vw, 700px\" \/><\/a><figcaption id=\"caption-attachment-47640\" class=\"wp-caption-text\">El mayor de cinco hermanos. Hijo de Carlos Cuadra Pasos y Mercedes Cardenal.<\/figcaption><\/figure>\n<p><strong>30.<\/strong> Su libro <em>El Nicarag\u00fcense<\/em>, publicado en 1967, es considerado un <em>best seller<\/em> centroamericano.<\/p>\n<p><strong>31.<\/strong> \u201cUn tipo imaginativo, fantasioso que con mucha frecuencia llega a la extravagancia barroca o la fanfarroner\u00eda. Sin embargo, en la mayor parte de las manifestaciones de su psicolog\u00eda social, es decir, de su conducta frente a las condiciones reales de la vida y en no pocas de sus creaciones culturales contrasta por su sobriedad desconcertante\u201d. As\u00ed describi\u00f3 al nica en su libro <em>El Nicarag\u00fcense<\/em>.<\/p>\n<p><strong>32.<\/strong> Fue parte del movimiento fascista de los \u201cCamisas Azules\u201d que apoyaba a Anastasio Somoza Garc\u00eda. \u201cFue una de las tentaciones de nuestra generaci\u00f3n\u201d, confes\u00f3 en una entrevista, pero luego, dijo, rectific\u00f3. Se convirti\u00f3 en un f\u00e9rreo luchador contra la dictadura somocista.<\/p>\n<p><strong>33.<\/strong> C\u00e1rcel. Estuvo preso junto con Carlos Fonseca Amador. Una reja de hierro los separaba. PAC fue preso pol\u00edtico a ra\u00edz del ajusticiamiento de Anastasio Somoza Garc\u00eda por Rigoberto L\u00f3pez P\u00e9rez en 1956. Permaneci\u00f3 en prisi\u00f3n poco m\u00e1s de dos meses. La an\u00e9cdota se la cont\u00f3 al cr\u00edtico literario Steven F. White en 1987.<\/p>\n<p><strong>34.<\/strong> \u201cM\u00e1s que inteligente, vivaracho. Ten\u00eda una gran vivacidad para captar las debilidades y fortalezas del otro, y seg\u00fan eso, operar. Era fiera en eso\u201d. As\u00ed describi\u00f3 a Anastasio Somoza Garc\u00eda en una entrevista que brind\u00f3 a finales de la d\u00e9cada de los noventa.<\/p>\n<p><strong>35.<\/strong> No era partidario de lo militar. La formaci\u00f3n militar, dec\u00eda, \u201cera deformante\u201d.<\/p>\n<p><strong>36.<\/strong> Era admirador de Sandino y en alguna ocasi\u00f3n confes\u00f3 haber sido \u201cmedio sandinista al principio\u201d.<\/p>\n<p><strong>37.<\/strong> A pesar de estar en diferentes trincheras, tuvo una especie de amistad con Tom\u00e1s Borge. Cada cumplea\u00f1os, Borge le enviaba un regalo de cumplea\u00f1os, en agradecimiento por haberle salvado la vida cuando estuvo preso.<\/p>\n<p><strong>38.<\/strong> Le gustaban las guayaberas. Seg\u00fan el periodista Wilmor L\u00f3pez, para uno de sus cumplea\u00f1os Tom\u00e1s Borge le regal\u00f3 una docena.<\/p>\n<p><strong>39.<\/strong> Describi\u00f3 a los sandinistas como enemigos del cristianismo, como enemigos de la cultura nicarag\u00fcense, como enemigos de la dignidad del individuo y que adem\u00e1s arruinaban la poes\u00eda nicarag\u00fcense. As\u00ed lo muestra un extracto de una entrevista que Paul Berman realiz\u00f3 en los a\u00f1os ochenta y que fue publicada en <em>Letras Libres<\/em>.<\/p>\n<p><strong>40.<\/strong> Una de sus grandes decepciones fue ver c\u00f3mo sus amigos lo traicionaron a ra\u00edz de la revoluci\u00f3n y llegaron a hablar mal de \u00e9l. \u201cEso le doli\u00f3 mucho\u201d, dice su amigo Carlos M\u00e1ntica.<\/p>\n<p><strong>41.<\/strong> Durante el r\u00e9gimen sandinista ser amigo de Pablo Antonio Cuadra era \u201ccolorearse\u201d. Uno de los pocos que nunca le dej\u00f3 de hablar, a pesar de estar en aceras distintas, fue Carlos Mej\u00eda Godoy.<\/p>\n<p><strong>42.<\/strong> A pesar de ser primos y amigos, la revoluci\u00f3n distanci\u00f3 a Pablo Antonio Cuadra y a Ernesto Cardenal.<\/p>\n<p><strong>43.<\/strong> El problema de su primo Ernesto Cardenal, dec\u00eda, \u201cfue poner al servicio de una causa pol\u00edtica su poes\u00eda&#8230; una cosa es que el poeta se comprometa pero que no comprometa su poes\u00eda\u201d. As\u00ed lo expres\u00f3 en una entrevista en 1992.<\/p>\n<p><strong>44.<\/strong> Nicaragua fue una de sus grandes obsesiones.<\/p>\n<p><strong>45.<\/strong> Convers\u00f3 con Fidel Castro en casa del escritor Sergio Ram\u00edrez. Castro lo recibi\u00f3 con un \u201chola poeta, lo est\u00e1bamos esperando&#8230;\u201d. Hablaron del lago, y en una entrevista brindada a <em>El Semanario<\/em> en 1999 dijo que Castro lanzaba preguntas tras preguntas. Tambi\u00e9n record\u00f3 una frase que le dijo: \u201cChico, qu\u00e9 patria la tuya, que paisito este. Es lo m\u00e1s que he visto\u201d.<\/p>\n<p><strong>46.<\/strong> Pedro Joaqu\u00edn Chamorro, su primo, lo llam\u00f3 para dirigir junto a \u00e9l el Diario La Prensa, en 1954.<\/p>\n<p><strong>47.<\/strong> Era conocido como PAC por firmar con sus iniciales los editoriales publicados en el Diario La Prensa.<\/p>\n<p><strong>48.<\/strong> Cuando Pedro Joaqu\u00edn Chamorro fue asesinado en 1978, PAC cuenta que miraba negro. Se sent\u00f3 en el escritorio de Chamorro y no le sal\u00eda una sola palabra. Luego las palabras llegaron.<\/p>\n<p><strong>49.<\/strong> \u201cLa muerte de Pedro Joaqu\u00edn es el suicidio de los Somoza\u201d, escribi\u00f3 tras el asesinato de su primo. Y aquellas palabras fueron prof\u00e9ticas.<\/p>\n<figure id=\"attachment_47634\" aria-describedby=\"caption-attachment-47634\" style=\"width: 700px\" class=\"wp-caption aligncenter\"><a href=\"https:\/\/gep90.laprensa.com.ni\/magazine\/wp-content\/uploads\/2019\/06\/Mag215-23.jpg\"><img decoding=\"async\" class=\"size-full wp-image-47634\" src=\"https:\/\/gep90.laprensa.com.ni\/magazine\/wp-content\/uploads\/2019\/06\/Mag215-23.jpg\" alt=\"\" width=\"700\" height=\"453\" srcset=\"https:\/\/d1xxa24wwackpg.cloudfront.net\/wp-content\/uploads\/2019\/06\/Mag215-23.jpg 700w, https:\/\/d1xxa24wwackpg.cloudfront.net\/wp-content\/uploads\/2019\/06\/Mag215-23.jpg 300w\" sizes=\"(max-width: 700px) 100vw, 700px\" \/><\/a><figcaption id=\"caption-attachment-47634\" class=\"wp-caption-text\">Primos, amigos y colegas. Junto a Pedro Joaqu\u00edn Chamorro.<\/figcaption><\/figure>\n<p><strong>50.<\/strong> Padre fundador de La Prensa Literaria, un suplemento dedicado a la cultura, que inici\u00f3 siendo una p\u00e1gina dominical pero en junio de 1964 tom\u00f3 el nombre de La Prensa Literaria.<\/p>\n<p><strong>51.<\/strong> No era un hombre de decir no. Cuenta el periodista Wilmor L\u00f3pez que siempre fue escalera para otros. Incluso, a los malos poetas siempre les public\u00f3. \u201cLe avergonzaba decirle a los poetas que no publicar\u00eda algo porque eran malos. Sol\u00eda decir que eso lo dijera el pueblo, pero que \u00e9l lo publicar\u00eda\u201d.<\/p>\n<p><strong>52.<\/strong> Combinar el ser poeta con el ser periodista no fue f\u00e1cil. Seg\u00fan el periodista cultural Wilmor L\u00f3pez, PAC le contaba que trabajar bajo presi\u00f3n le costaba, as\u00ed que deb\u00eda desprenderse de lo poeta para cumplir con las exigencias del periodismo, la inmediatez.<\/p>\n<p><strong>53.<\/strong> Una de sus debilidades \u2014cuentan quienes trabajaron con \u00e9l en el Diario La Prensa\u2014 era regalar el dinero. Siempre hab\u00eda personas pidi\u00e9ndole y \u00e9l nunca dec\u00eda que no. Siempre se met\u00eda la mano en la bolsa y daba.<\/p>\n<p><strong>54.<\/strong> El general Humberto Ortega lo demand\u00f3 en 1994 por injurias y calumnias por haber publicado el art\u00edculo <em>La degollaci\u00f3n de los inocentes<\/em>, donde se denuncia al Ej\u00e9rcito Sandinista de una masacre campesina del poblado de Wanito (Murra). Luego retir\u00f3 la demanda.<\/p>\n<p><strong>55.<\/strong> En 1999, despu\u00e9s de haberle dedicado casi cincuenta a\u00f1os a La Prensa, puso su renuncia, inconforme por la salida de su nieto Pedro Xavier Sol\u00eds.<\/p>\n<p><strong>56.<\/strong> La actual primera dama de la Rep\u00fablica, Rosario Murillo, fue su secretaria personal.<\/p>\n<p><strong>57.<\/strong> No le interesaba el poder. \u201cEl poder es como una tortura, el artista no es distra\u00eddo como dicen, es abstra\u00eddo, y la pol\u00edtica lo obliga a lo contrario, a un constante estar sobre las personas, sobre las cosas\u201d, opin\u00f3 en una entrevista publicada en 1992.<\/p>\n<p><strong>58.<\/strong> En la d\u00e9cada de los noventa hubo quienes lo quer\u00edan como candidato presidencial por el Partido Nacional Conservador. La idea no avanz\u00f3 y \u00e9l nunca habr\u00eda aceptado, dice su hermano Jos\u00e9 Joaqu\u00edn.<\/p>\n<p><strong>59.<\/strong> Rechaz\u00f3 ser ministro de Cultura en la \u00e9poca de do\u00f1a Violeta Barrios de Chamorro.<\/p>\n<figure id=\"attachment_47633\" aria-describedby=\"caption-attachment-47633\" style=\"width: 700px\" class=\"wp-caption aligncenter\"><a href=\"https:\/\/gep90.laprensa.com.ni\/magazine\/wp-content\/uploads\/2019\/06\/Mag215-24.jpg\"><img loading=\"lazy\" decoding=\"async\" class=\"size-full wp-image-47633\" src=\"https:\/\/gep90.laprensa.com.ni\/magazine\/wp-content\/uploads\/2019\/06\/Mag215-24.jpg\" alt=\"\" width=\"700\" height=\"568\" srcset=\"https:\/\/d1xxa24wwackpg.cloudfront.net\/wp-content\/uploads\/2019\/06\/Mag215-24.jpg 700w, https:\/\/d1xxa24wwackpg.cloudfront.net\/wp-content\/uploads\/2019\/06\/Mag215-24.jpg 300w\" sizes=\"(max-width: 700px) 100vw, 700px\" \/><\/a><figcaption id=\"caption-attachment-47633\" class=\"wp-caption-text\">En 1982 viaj\u00f3 a Roma para invitar Juan Pablo II a visitar Nicaragua. El Papa lleg\u00f3 al pa\u00eds en 1983.<\/figcaption><\/figure>\n<p><strong>60.<\/strong> Tuvo cinco hijos, y a ninguno de ellos les gusta brindar entrevistas sobre su padre. El encargado de eso, dicen todos, es su nieto Pedro Xavier Sol\u00eds.<\/p>\n<p><strong>61.<\/strong> Pedro Xavier Sol\u00eds, conocido como Pit\u00edn, era la ni\u00f1a de sus ojos, asegura su amigo Carlos M\u00e1ntica. \u201cLo llevaba a todos lados\u201d, dice.<\/p>\n<p><strong>62.<\/strong> En sus actividades nunca se le ve\u00eda junto a su esposa. \u201cElla era muy casera. No le gusta salir a ning\u00fan lado ni acompa\u00f1arlo. \u00c9l siempre le dec\u00eda: \u2018\u00a1Vamos!, van a creer que estoy casado con una mujer loca y fea que no la quiero ense\u00f1ar\u2019. Ella le contestaba: \u2018Qu\u00e9 pierdo yo, que piensen lo que quieren\u2019\u201d, cuenta Stella Cuadra, su hija.<\/p>\n<p><strong>63.<\/strong> Adilia Benda\u00f1a, su viuda, vive en Managua. Tiene 95 a\u00f1os.<\/p>\n<p><strong>64.<\/strong> Sencillo. Paciente. Humilde. Los amigos de PAC destacan esas tres caracter\u00edsticas de su personalidad.<\/p>\n<p><strong>65.<\/strong> \u201cEl legado de PAC fue su humildad. Si aqu\u00ed hubiera unos 100 Pablo Antonio Cuadra, Nicaragua ser\u00eda diferente; siempre fue muy comedido y humano, basado en su religi\u00f3n cristiana, siempre mantuvo una posici\u00f3n de tranquilidad y respeto&#8230; era un hombre bastante perfecto\u201d, dijo Herty Lewites, exalcalde de Managua.<\/p>\n<p><strong>66.<\/strong> Como pap\u00e1 era recto, pero amoroso. Era un hombre que dec\u00eda las cosas una sola vez, recuerda su hija Stella Cuadra.<\/p>\n<p><strong>67.<\/strong> Si su hija Argentina sal\u00eda mal en clases, hac\u00eda gracia, se re\u00eda, pero cuando se trataba de sus hijos varones, no. M\u00e1s bien los castigaba.<\/p>\n<p><strong>68.<\/strong> Le gustaba piropear a las muchachas. \u201cSiempre respetuoso, era admirador de la belleza\u201d, asegura Stella Cuadra, su hija.<\/p>\n<p><strong>69.<\/strong> Era muy religioso. Conoci\u00f3 al papa Pablo VI y al papa Juan Pablo II.<\/p>\n<p><strong>70.<\/strong> Un a\u00f1o antes de la primera visita del papa Juan Pablo II, en 1982, Pablo Antonio Cuadra viaj\u00f3 al Vaticano por la Conferencia Episcopal de Nicaragua para invitar al papa que visitara Nicaragua.<\/p>\n<p><strong>71.<\/strong> Aunque gan\u00f3 muchos premios, no era partidario de estos. Sin embargo, cuando fue nominado al Premio de Literatura Octavio Paz dijo que s\u00ed estaba interesado, que ser\u00eda un honor, porque hab\u00eda sido amigo de Paz. Y claro, por lo que esa condecoraci\u00f3n significaba.<\/p>\n<p><strong>72.<\/strong> No hab\u00eda lugar que visitara Pablo Antonio Cuadra y que no fuera reconocido. No solo en Nicaragua, sino del mundo. \u201cEn Europa me acuerdo que la gente lo deten\u00eda para saludarlo\u201d, dice Stella Cuadra.<\/p>\n<p><strong>73.<\/strong> Fue candidato al Premio Nobel de Literatura en 1992. Ganarlo, le dijo una periodista, \u201cser\u00eda como un campeonato mundial\u201d. \u00c9l respondi\u00f3: \u201cLe tengo horror\u201d.<\/p>\n<p><strong>74.<\/strong> Le aflig\u00eda tanta admiraci\u00f3n. \u201cNunca puedo tomar tranquilamente el elogio y esas cosas. Siempre que escrib\u00ed, lo que ten\u00eda en mente era otra cosa: comulgar en gozo con los amigos, as\u00ed naci\u00f3 La Vanguardia\u201d.<\/p>\n<p><strong>75.<\/strong> Ciudadano del Siglo. As\u00ed lo declararon en el a\u00f1o 2000.<\/p>\n<p><strong>76.<\/strong> Su gran amigo y maestro fue Jos\u00e9 Coronel Urtecho.<\/p>\n<p><strong>77.<\/strong> Uno de sus sue\u00f1os era musicalizar sus poemas. Y lo logr\u00f3. En los a\u00f1os setenta Carlos Mej\u00eda Godoy comenz\u00f3 a musicalizar los poemas del libro <em>Cantos de Cifar<\/em>. Veinte a\u00f1os m\u00e1s tarde, en 1992, la obra fue estrenada en el Teatro Nacional Rub\u00e9n Dar\u00edo. PAC pudo verla. Ahora, otros veinte a\u00f1os despu\u00e9s, se ha logrado la grabaci\u00f3n. Este diciembre sale el disco de los poemas Cantos de Cifar de PAC musicalizados por Carlos Mej\u00eda Godoy.<\/p>\n<p><strong>78.<\/strong> En Granada, el Malec\u00f3n, y en Managua, un colegio, llevan el nombre del poeta. Tambi\u00e9n hay un premio de poes\u00eda llamado Pablo Antonio Cuadra.<\/p>\n<p><strong>79.<\/strong> Aunque se le conoce m\u00e1s por su poes\u00eda, PAC fue dramaturgo, ilustrador, cr\u00edtico de cine y dibujante.<\/p>\n<p><strong>80.<\/strong> Ilustr\u00f3 sus libros <em>El jaguar y la luna<\/em> y <em>La ronda del a\u00f1o<\/em>.<\/p>\n<p><strong>81.<\/strong> El m\u00e1s original de sus libros, reconoci\u00f3 \u00e9l mismo, fue <em>El jaguar y la luna<\/em>. \u201cEs el libro de poemas m\u00e1s original, aboriginal y m\u00edo. Est\u00e1 arrancado directamente no de lo literario, sino de las formas pict\u00f3ricas de nuestros dibujos en cer\u00e1micas precolombinas\u201d.<\/p>\n<p><strong>82.<\/strong> Magistrales. As\u00ed calificaban los expertos los tapices de PAC. Hilados por su hija Argentina Cuadra fueron exhibidos en el Teatro Nacional Rub\u00e9n Dar\u00edo, en Miami, en el Museo Nacional de Costa Rica. Sus dise\u00f1os buscaban rescatar la herencia precolombina. Su hija los conserva en el museo de su casa, en Granada.<\/p>\n<p><strong>83.<\/strong> No era aficionado a las fotos, pero tampoco le incomodaban. Lo que s\u00ed le gustaba eran que fotografiaran sus tapices.<\/p>\n<p><strong>84.<\/strong> Por los caminos van los campesinos es una de sus obras de teatro m\u00e1s destacadas.<\/p>\n<p><strong>85.<\/strong> \u201cMi poes\u00eda es lugare\u00f1a. No patri\u00f3tica, ni nacionalista\u201d, dijo en una entrevista publicada en La Prensa Literaria.<\/p>\n<p><strong>86.<\/strong> Verso y prosa. PAC era de los que opinaba que los poemas, los versos, se leen menos que la prosa, \u201cpero permanecen m\u00e1s\u201d.<\/p>\n<p><strong>87.<\/strong> Es considerado uno de los fundadores del Movimiento de Vanguardia en Nicaragua, junto con Jos\u00e9 Coronel Urtecho y Luis Alberto Cabrales.<\/p>\n<p><strong>88.<\/strong> Sus poemas han sido traducidos a diversos idiomas como ingl\u00e9s, alem\u00e1n, italiano y franc\u00e9s.<\/p>\n<p><strong>89.<\/strong> Desde 1964 hasta su fallecimiento fue el director de la Academia Nicarag\u00fcense de la Lengua.<\/p>\n<p><strong>90.<\/strong> Fue maestro. Catedr\u00e1tico en la Universidad de Austin, Texas, y en la d\u00e9cada de los 90 lo nombran rector de la Universidad Cat\u00f3lica Redemptoris Mater (Unica).<\/p>\n<p><strong>91.<\/strong> Muri\u00f3 el 2 de enero de 2002 por un paro respiratorio.<\/p>\n<p><strong>92.<\/strong> Su despedida, la misa de cuerpo presente, fue oficiada por el cardenal Miguel Obando y Bravo.<\/p>\n<p><strong>93.<\/strong> Lo \u00faltimo que comparti\u00f3 con su hermano Jos\u00e9 Joaqu\u00edn fue su poema<em> Canto final a Nuestra Se\u00f1ora<\/em>.<\/p>\n<p><strong>94.<\/strong> Por su muerte, el entonces presidente de la Rep\u00fablica, Arnoldo Alem\u00e1n, decret\u00f3 tres d\u00edas de duelo nacional.<\/p>\n<p><strong>95.<\/strong> Poder consultarlo. Eso es lo que Stella Cuadra m\u00e1s extra\u00f1a de su padre. \u201cUno siempre tiene preguntas que hacer y yo llegaba donde \u00e9l y sab\u00eda que iba a encontrar las respuestas adecuadas\u201d, dice.<\/p>\n<p><strong>96.<\/strong> El Festival Internacional de Poes\u00eda de Granada 2012 se realiz\u00f3 en saludo a los 100 a\u00f1os de PAC. El tercer festival, en 2007, estuvo dedicado a \u00e9l.<\/p>\n<p><strong>97<\/strong>. Dos de los grandes monstruos del comercio electr\u00f3nico, Ebay y Amazon, ofrecen los libros del poeta nicarag\u00fcense.<\/p>\n<p><strong>98.<\/strong> En la biblioteca virtual de expresidente Enrique Bola\u00f1os existe un espacio dedicado a Pablo Antonio Cuadra.<\/p>\n<p><strong>99.<\/strong> M\u00e1s de 70 a\u00f1os de labor literaria le dedic\u00f3 a su Nicaragua.<\/p>\n<p><strong>100.<\/strong> Autosoneto.<br \/>\nLlaman poeta al hombre que he cumplido.<br \/>\nLlevo mundo en mis pies ultravagantes.<br \/>\nUn p\u00e1jaro en mis venas. Y al o\u00eddo<br \/>\nun \u00e1ngel de consejos inquietantes.<br \/>\nSi Quijote, \u00a1llevadme a mi apellido!<br \/>\n\u2014De la Cuadra\u2014: cuestor de rocinantes,<br \/>\ny as\u00ed tenga pretextos cabalgantes<br \/>\nmi interior caballero enloquecido.<br \/>\nSoy lo sido. Por hombre, verdadero.<br \/>\nSo\u00f1ador, por poeta, y estrellero.<br \/>\nPor cristiano, de espinas coronado.<br \/>\nY pues la muerte al fin todo lo vence,<br \/>\nPablo Antonio, a tu cruz entrelazado<br \/>\nsuba en flor tu cantar nicarag\u00fcense.<\/p>\n<figure id=\"attachment_47632\" aria-describedby=\"caption-attachment-47632\" style=\"width: 700px\" class=\"wp-caption aligncenter\"><a href=\"https:\/\/gep90.laprensa.com.ni\/magazine\/wp-content\/uploads\/2019\/06\/Mag215-25.jpg\"><img loading=\"lazy\" decoding=\"async\" class=\"wp-image-47632\" src=\"https:\/\/gep90.laprensa.com.ni\/magazine\/wp-content\/uploads\/2019\/06\/Mag215-25.jpg\" alt=\"\" width=\"700\" height=\"697\" srcset=\"https:\/\/d1xxa24wwackpg.cloudfront.net\/wp-content\/uploads\/2019\/06\/Mag215-25.jpg 700w, https:\/\/d1xxa24wwackpg.cloudfront.net\/wp-content\/uploads\/2019\/06\/Mag215-25.jpg 150w, https:\/\/d1xxa24wwackpg.cloudfront.net\/wp-content\/uploads\/2019\/06\/Mag215-25.jpg 300w, https:\/\/d1xxa24wwackpg.cloudfront.net\/wp-content\/uploads\/2019\/06\/Mag215-25.jpg 24w, https:\/\/d1xxa24wwackpg.cloudfront.net\/wp-content\/uploads\/2019\/06\/Mag215-25.jpg 48w, https:\/\/d1xxa24wwackpg.cloudfront.net\/wp-content\/uploads\/2019\/06\/Mag215-25.jpg 96w\" sizes=\"(max-width: 700px) 100vw, 700px\" \/><\/a><figcaption id=\"caption-attachment-47632\" class=\"wp-caption-text\">\u201cYo me siento un hijo de Pablo Antonio\u201d, asegura Carlos Mej\u00eda Godoy.<\/figcaption><\/figure>\n","protected":false},"excerpt":{"rendered":"<p>Este mes se celebra el centenario del natalicio del poeta Pablo Antonio Cuadra. Magazine intenta retratar a este personaje considerado de los m\u00e1s influyentes del siglo XX en Nicaragua<\/p>\n","protected":false},"author":46,"featured_media":47637,"comment_status":"open","ping_status":"open","sticky":false,"template":"","format":"standard","meta":{"_acf_changed":false,"footnotes":""},"categories":[26],"tags":[383,1510],"class_list":["post-47638","post","type-post","status-publish","format-standard","has-post-thumbnail","hentry","category-reportajes","tag-periodista","tag-poeta"],"acf":[],"_links":{"self":[{"href":"https:\/\/staging.laprensanic.com\/magazine\/wp-json\/wp\/v2\/posts\/47638","targetHints":{"allow":["GET"]}}],"collection":[{"href":"https:\/\/staging.laprensanic.com\/magazine\/wp-json\/wp\/v2\/posts"}],"about":[{"href":"https:\/\/staging.laprensanic.com\/magazine\/wp-json\/wp\/v2\/types\/post"}],"author":[{"embeddable":true,"href":"https:\/\/staging.laprensanic.com\/magazine\/wp-json\/wp\/v2\/users\/46"}],"replies":[{"embeddable":true,"href":"https:\/\/staging.laprensanic.com\/magazine\/wp-json\/wp\/v2\/comments?post=47638"}],"version-history":[{"count":5,"href":"https:\/\/staging.laprensanic.com\/magazine\/wp-json\/wp\/v2\/posts\/47638\/revisions"}],"predecessor-version":[{"id":54851,"href":"https:\/\/staging.laprensanic.com\/magazine\/wp-json\/wp\/v2\/posts\/47638\/revisions\/54851"}],"wp:featuredmedia":[{"embeddable":true,"href":"https:\/\/staging.laprensanic.com\/magazine\/wp-json\/wp\/v2\/media\/47637"}],"wp:attachment":[{"href":"https:\/\/staging.laprensanic.com\/magazine\/wp-json\/wp\/v2\/media?parent=47638"}],"wp:term":[{"taxonomy":"category","embeddable":true,"href":"https:\/\/staging.laprensanic.com\/magazine\/wp-json\/wp\/v2\/categories?post=47638"},{"taxonomy":"post_tag","embeddable":true,"href":"https:\/\/staging.laprensanic.com\/magazine\/wp-json\/wp\/v2\/tags?post=47638"}],"curies":[{"name":"wp","href":"https:\/\/api.w.org\/{rel}","templated":true}]}}