{"id":47727,"date":"2011-10-16T22:27:04","date_gmt":"2011-10-16T22:27:04","guid":{"rendered":"http:\/\/gep90.laprensa.com.ni\/magazine\/?p=47727"},"modified":"2021-07-10T17:22:04","modified_gmt":"2021-07-10T23:22:04","slug":"las-guerras-de-mike-lima","status":"publish","type":"post","link":"https:\/\/staging.laprensanic.com\/magazine\/reportajes\/las-guerras-de-mike-lima\/","title":{"rendered":"Las guerras de Mike Lima"},"content":{"rendered":"<p style=\"text-align: center;\">Nunca llev\u00f3 la cuenta de cu\u00e1ntos hombres mat\u00f3 ni quiso saber sus nombres. En cambio, recuerda cada uno de los que murieron bajo su mando: 349 hombres. Luis Moreno pele\u00f3 en dos guerras y sobrevivi\u00f3. Varias heridas testimonian sus combates. Su nombre de combate fue Mike Lima<\/p>\n<p style=\"text-align: center;\"><strong>Por Fabi\u00e1n Medina<\/strong><\/p>\n<p>La noche del 18 de abril de 1984, Luis Moreno se prepar\u00f3 para morir. La pierna derecha le guindaba de un hilo, quebrada en tres partes. Ten\u00eda los t\u00edmpanos reventados y temblaba, p\u00e1lido y desangrado.<\/p>\n<p>\u2014\u00bfC\u00f3mo lo ves? \u2014pregunta Murri\u00f1a al param\u00e9dico.<\/p>\n<p>No creo que amanezca \u2014contesta aquel, creyendo que Moreno no puede o\u00edrlos.<\/p>\n<p>Pero los oye. Y siente miedo. \u00abMe voy a morir\u00bb, se dice y en ese rinc\u00f3n de lucidez que le quedaba trata de reconfortarse: \u00abSi yo les ped\u00ed a mis hombres que murieran, por qu\u00e9 no puedo morir yo. Que Dios me acompa\u00f1e\u00bb.<\/p>\n<p>La ma\u00f1ana de ese d\u00eda, Luis Moreno, conocido como Mike Lima, fue emboscado junto con sus hombres en un lugar llamado Corral de Piedra, cerca de Pita El Carmen, mientras trataban de llegar a Jinotega. \u00abUna granada me levant\u00f3 por los aires. Me golpe\u00f3 el pecho y yo sent\u00ed que me fui para abajo. Un fuego encachimbado. Mis soldados se corrieron. Yo me prepar\u00e9 para matarme\u00bb.<\/p>\n<p>\u2014No, comandante, \u00bfqu\u00e9 est\u00e1 haciendo? \u2014reclama Murri\u00f1a al verlo con la pistola montada bajo su quijada.<\/p>\n<p>\u2014Vos sab\u00e9s que hay cosas que se tienen que hacer.<\/p>\n<p>Murri\u00f1a le quita la pistola y logra detener a uno de los soldados que huye.<\/p>\n<p>\u2014Macho de Monte, si vos te corr\u00e9s te mato \u2014le dice, apunt\u00e1ndolo con su fusil\u2014. \u00a1Aqu\u00ed salimos los tres o no sale nadie!<\/p>\n<p>Y as\u00ed comenz\u00f3 uno de los rescates m\u00e1s memorables de la Contrarrevoluci\u00f3n en la guerra que sostuvieron con los sandinistas en la d\u00e9cada de los ochenta. Primero fue arrastrado bajo la lluvia de balas, despu\u00e9s montado en una mula y finalmente en un helic\u00f3ptero Cayuse de la Fuerza de Seguridad P\u00fablica hondure\u00f1a. Fueron ocho d\u00edas intensos.<\/p>\n<p>Del otro lado, un comandante sandinista segu\u00eda los acontecimientos por radio. \u00abHab\u00eda indicios cuando un jefe era herido. Porque se notaba en los medios de comunicaci\u00f3n, se notaba en la t\u00e1ctica de las fuerzas que ten\u00edan que replegar, hab\u00eda movimiento hacia Honduras, llamadas de contacto y abastecimiento m\u00e9dico. De Mike Lima tuvimos informaci\u00f3n pero tuvimos que esperar mayores confirmaciones, hasta que tuvimos la informaci\u00f3n desde Honduras que hab\u00eda salido herido\u00bb, relata el general en retiro Javier Carri\u00f3n, quien para entonces era el jefe de la Tercera Zona Militar del Ej\u00e9rcito Popular Sandinista.<\/p>\n<p>Ese d\u00eda murieron 17 contras y 43 fueron heridos, entre ellos Mike Lima.<\/p>\n<p>El ahora diputado Maximino Rodr\u00edguez particip\u00f3 en las acciones y el rescate de quien entonces era su jefe: Mike Lima. \u00abEse d\u00eda ca\u00edmos en una emboscada tipo caj\u00f3n. Nos mataron una buena cantidad de los que llam\u00e1bamos Tropa Loca, que dirig\u00eda Dimas Negro, de los Sagitario. Mike Lima cae herido. Murri\u00f1a, que era uno de sus cercanos, lo carga y a m\u00ed me toca cargarlo tambi\u00e9n. No cre\u00ed que se fuera a morir. Hubo zozobra porque era el jefe del grupo Diriang\u00e9n, pero es una guerra y si cae el jefe otros deben tomar la batuta, y la tomamos los cuadros intermedios\u00bb, dice Maximino, quien para entonces era conocido como comandante Wilmer.<\/p>\n<p>Mike Lima recuerda que Wilmer mand\u00f3 a su rescate a 20 soldados al mando de Chaquet\u00f3n, un hombre gigante de Jinotega. \u00abLlega Chaquet\u00f3n con hombres m\u00e1s organizados, porque los 20 que estaban conmigo se corrieron. Me logran sacar de la l\u00ednea de fuego y me ponen en un palito. La tierra se mov\u00eda como si hab\u00eda terremoto por las granadas que ca\u00edan. Ese fue el d\u00eda m\u00e1s largo de mi vida\u00bb.<\/p>\n<p>Esa ser\u00eda una de las principales heridas de guerra que sufriera Mike Lima, pero no la primera ni la \u00faltima. El 23 de noviembre de 1983 un accidente con una granada de mortero le arranc\u00f3 la mano derecha y le desbarat\u00f3 una pierna. Tiene otra herida de bala en la espalda, recibida cuando fue guardia nacional, y otra en la nalga, en Cerro Blanco, Quilal\u00ed. Es el registro de una intensa vida de guerra de un hombre que a\u00fan as\u00ed se considera afortunado. \u00ab349 de mis hombres no podr\u00e1n abrazar a sus nietos como lo hago yo\u00bb, dice ahora, a sus 52 a\u00f1os, cuando lleva una vida apacible de oficinista y padre de familia en Jacksonville, Estados Unidos.<\/p>\n<figure id=\"attachment_47730\" aria-describedby=\"caption-attachment-47730\" style=\"width: 700px\" class=\"wp-caption aligncenter\"><a href=\"https:\/\/gep90.laprensa.com.ni\/magazine\/wp-content\/uploads\/2019\/06\/Las-guerras-de-Mike-Lima05.jpg\"><img fetchpriority=\"high\" decoding=\"async\" class=\"size-full wp-image-47730\" src=\"https:\/\/gep90.laprensa.com.ni\/magazine\/wp-content\/uploads\/2019\/06\/Las-guerras-de-Mike-Lima05.jpg\" alt=\"FOTO\/ARCHIVO\/LA PRENSA\/MAGAZINE\" width=\"700\" height=\"535\" srcset=\"https:\/\/d1xxa24wwackpg.cloudfront.net\/wp-content\/uploads\/2019\/06\/Las-guerras-de-Mike-Lima05.jpg 700w, https:\/\/d1xxa24wwackpg.cloudfront.net\/wp-content\/uploads\/2019\/06\/Las-guerras-de-Mike-Lima05.jpg 300w\" sizes=\"(max-width: 700px) 100vw, 700px\" \/><\/a><figcaption id=\"caption-attachment-47730\" class=\"wp-caption-text\">Con el general John Galvin (de civil), del Comando Sur de Estados Unidos, en Honduras.<\/figcaption><\/figure>\n<p style=\"text-align: center;\">***<\/p>\n<p>A sus 15 a\u00f1os Luis Moreno no quer\u00eda ser contador, como sus hermanos, que estudiaban en la Escuela Nacional de Comercio. Era un chavalo que vagabundeaba por el barrio San Judas, en Managua, hijo de un campesino que se volvi\u00f3 chofer en uno de los ingenios de Somoza. Para ese tiempo fue que oy\u00f3 a un primo hablar de la Academia Militar y vio en ella la oportunidad de \u00absalir adelante\u00bb.<\/p>\n<p>\u00abEntr\u00e9 en 1976 a la Academia Militar de Nicaragua. Gracias a Dios tuve la suerte que mis compa\u00f1eros eran un poco menos capaces que yo, por lo que sobresal\u00ed siempre. Fui enviado en 1978 al intercambio de cadetes en West Point. Primera vez que sal\u00eda del pa\u00eds. Y cuando llegu\u00e9 a West Point fue un cambio muy brusco\u00bb.<\/p>\n<p>West Point le desbarat\u00f3 la imagen idealizada que ten\u00eda de la Guardia Nacional. Viendo lo que vio el guardia dej\u00f3 de ser \u00abel mejor y m\u00e1s valiente soldado del mundo\u00bb. \u00abEn Nicaragua 170 cadetes form\u00e1bamos en 15 minutos. En West Point, 4,500 hombres formaban en cinco minutos\u00bb, dice. \u00abMe sent\u00ed enga\u00f1ado por todo el sistema nicarag\u00fcense\u00bb.<\/p>\n<p>La guerra se le vino encima. La guerrilla sandinista hab\u00eda insurreccionado varias ciudades. Su promoci\u00f3n, la n\u00famero 35 de la Academia, no fue enviada a terminar su preparaci\u00f3n a Panam\u00e1 como se acostumbraba sino que fue destinada a la Escuela de Entrenamiento B\u00e1sico de Infanter\u00eda (EEBI), que dirig\u00eda el mayor Anastasio Somoza Portocarrero (el Chig\u00fc\u00edn). \u00abLa guerra se puso muy dif\u00edcil. Estaban exterminando a la Guardia Nacional. Yo mir\u00e9 en la Academia Militar una noche a cinco oficiales muertos. Seg\u00fan ellos, el entrenamiento de un muchacho que sal\u00eda de cualquier barrio hasta que se convert\u00eda en oficial costaba 200 mil d\u00f3lares en el transcurso de cuatro a\u00f1os. Si la Guardia grad\u00faa de 15 a 20 oficiales anualmente, \u00bfc\u00f3mo le est\u00e1 yendo si est\u00e1n matando a cinco oficiales el d\u00eda de hoy?\u00bb, se preguntaba.<\/p>\n<p>Por primera vez particip\u00f3 en un combate real frente al Teatro Nacional Rub\u00e9n Dar\u00edo, cuando ya como subteniente GN comandaba una compa\u00f1\u00eda que patrullaba la Avenida Roosevelt. \u00abUn muchacho que estaba ah\u00ed con ganas de matar a alg\u00fan guardia me dispar\u00f3. No me lo peg\u00f3. Pero dio cerquita. Me qued\u00e9 paralizado. No hallaba qu\u00e9 hacer. Ning\u00fan libro de infanter\u00eda te ense\u00f1a qu\u00e9 vas a hacer cuando te pegan un tiro cerca\u00bb.<\/p>\n<p>Sin embargo, los primeros combates \u00abde verdad\u00bb fueron casi al final de la guerra en la pista Larreynaga y el puente El Ed\u00e9n. Ah\u00ed dice haber visto \u00abcomo los perros se com\u00edan a la gente, encontrabas gente muerta en su casa, gente quemada, ni\u00f1os quemados\u00bb.<\/p>\n<p>Asegura nunca haber ejecutado a nadie. \u00abVi ejecutar, que es casi lo mismo\u00bb. El primero fue un muchacho de unos 17 a\u00f1os del Colegio Ram\u00edrez Goyena, a quien un teniente Medrano hab\u00eda soltado una vez y vuelto a capturar.<\/p>\n<p>\u2014Aj\u00e1&#8230; Vos cre\u00e9s que nosotros estamos jugando \u2014dijo y le quit\u00f3 el rifle Garand a uno de los guardias y le dispar\u00f3.<\/p>\n<p>\u2014Ay, mamita \u2014grit\u00f3 el muchacho antes que el balazo le desbaratara la cabeza.<\/p>\n<p>En el primer mes de servicio, de los 23 miembros de la promoci\u00f3n de Moreno, 15 hab\u00edan sido heridos y tres muertos.<\/p>\n<p>El 17 de julio se percatan que todos los altos oficiales est\u00e1n desaparecidos. \u00abHagan lo que quieran. La Guardia desapareci\u00f3\u00bb, les dijo el capit\u00e1n Justiniano P\u00e9rez, segundo al mando de la EEBI cuando los jefes de patrulla le pidieron una explicaci\u00f3n.<\/p>\n<p>Todav\u00eda faltaba, sin embargo, una patrulla m\u00e1s. Los \u00faltimos 120 guardias se agrupan y deciden recuperar la zona del Autocinema, en la Colonia Centroam\u00e9rica, donde se hab\u00edan levantado varias barricadas. Ya era imposible. Tomaban una barricada y aparec\u00edan tres m\u00e1s. Deciden retirarse y en la retirada caen en una emboscada frente a donde hoy es El Quetzal. \u00abEn lo que yo salto del cami\u00f3n y trato de disparar, me pegan en la espalda. Ah\u00ed termin\u00f3 la guerra para m\u00ed. No s\u00e9 la magnitud de la herida, pero te acobard\u00e1s. Sos humano. Ten\u00e9s 20 a\u00f1os y no quer\u00e9s morirte\u00bb.<\/p>\n<p>La patrulla logra salir de la trampa y deciden dejar a Moreno en el Hospital Militar, que ya para entonces es un hospital de la Cruz Roja. \u00abAh\u00ed te paso buscando a las seis de la ma\u00f1ana y te vas con nosotros\u00bb, le dice un oficial de apellido Aguilar. Parad\u00f3jicamente esa herida salv\u00f3 la vida de Moreno. Todos los hombres que lo acompa\u00f1aban en esa \u00faltima patrulla murieron en las horas siguientes, mientras trataban de salir de Nicaragua, y Moreno solo lo logr\u00f3 despu\u00e9s de caer prisionero, enga\u00f1ar a sus captores, refugiarse en la Cruz Roja primero y en la embajada de Espa\u00f1a despu\u00e9s. \u00abGracias a Dios y a mi madre, me sac\u00f3 el embajador de Espa\u00f1a. El 24 de julio, antes de que nos entregaran a los sandinistas y nos llevaron a la embajada de Espa\u00f1a. De la embajada de Espa\u00f1a me escap\u00e9 con un amigo que me consigui\u00f3 papeles sandinistas y me trasladaron a Costa Rica. Bienvenido al exilio. Me fui, pero sab\u00eda que iba a regresar\u00bb.<\/p>\n<div id='gallery-1' class='gallery galleryid-47727 gallery-columns-3 gallery-size-thumbnail'><figure class='gallery-item'>\n\t\t\t<div class='gallery-icon portrait'>\n\t\t\t\t<a href='https:\/\/staging.laprensanic.com\/magazine\/reportajes\/las-guerras-de-mike-lima\/attachment\/las-guerras-de-mike-lima10\/'><img decoding=\"async\" width=\"150\" height=\"150\" src=\"https:\/\/d1xxa24wwackpg.cloudfront.net\/wp-content\/uploads\/2019\/06\/Las-guerras-de-Mike-Lima10.jpg\" class=\"attachment-thumbnail size-thumbnail\" alt=\"\" srcset=\"https:\/\/d1xxa24wwackpg.cloudfront.net\/wp-content\/uploads\/2019\/06\/Las-guerras-de-Mike-Lima10.jpg 150w, https:\/\/d1xxa24wwackpg.cloudfront.net\/wp-content\/uploads\/2019\/06\/Las-guerras-de-Mike-Lima10.jpg 600w, https:\/\/d1xxa24wwackpg.cloudfront.net\/wp-content\/uploads\/2019\/06\/Las-guerras-de-Mike-Lima10.jpg 24w, https:\/\/d1xxa24wwackpg.cloudfront.net\/wp-content\/uploads\/2019\/06\/Las-guerras-de-Mike-Lima10.jpg 48w, https:\/\/d1xxa24wwackpg.cloudfront.net\/wp-content\/uploads\/2019\/06\/Las-guerras-de-Mike-Lima10.jpg 96w\" sizes=\"(max-width: 150px) 100vw, 150px\" \/><\/a>\n\t\t\t<\/div><\/figure><figure class='gallery-item'>\n\t\t\t<div class='gallery-icon portrait'>\n\t\t\t\t<a href='https:\/\/staging.laprensanic.com\/magazine\/reportajes\/las-guerras-de-mike-lima\/attachment\/las-guerras-de-mike-lima4fdf\/'><img decoding=\"async\" width=\"150\" height=\"150\" src=\"https:\/\/d1xxa24wwackpg.cloudfront.net\/wp-content\/uploads\/2019\/06\/Las-guerras-de-Mike-Lima4fdf.jpg\" class=\"attachment-thumbnail size-thumbnail\" alt=\"\" aria-describedby=\"gallery-1-47733\" srcset=\"https:\/\/d1xxa24wwackpg.cloudfront.net\/wp-content\/uploads\/2019\/06\/Las-guerras-de-Mike-Lima4fdf.jpg 150w, https:\/\/d1xxa24wwackpg.cloudfront.net\/wp-content\/uploads\/2019\/06\/Las-guerras-de-Mike-Lima4fdf.jpg 600w, https:\/\/d1xxa24wwackpg.cloudfront.net\/wp-content\/uploads\/2019\/06\/Las-guerras-de-Mike-Lima4fdf.jpg 24w, https:\/\/d1xxa24wwackpg.cloudfront.net\/wp-content\/uploads\/2019\/06\/Las-guerras-de-Mike-Lima4fdf.jpg 48w, https:\/\/d1xxa24wwackpg.cloudfront.net\/wp-content\/uploads\/2019\/06\/Las-guerras-de-Mike-Lima4fdf.jpg 96w\" sizes=\"(max-width: 150px) 100vw, 150px\" \/><\/a>\n\t\t\t<\/div>\n\t\t\t\t<figcaption class='wp-caption-text gallery-caption' id='gallery-1-47733'>\n\t\t\t\tEn 1978 fue enviado a la academia militar norteamericana de West Point, como parte de un intercambio de cadetes. En la foto, con el uniforme de gala de la Academia Militar de Nicaragua.\n\t\t\t\t<\/figcaption><\/figure><figure class='gallery-item'>\n\t\t\t<div class='gallery-icon landscape'>\n\t\t\t\t<a href='https:\/\/staging.laprensanic.com\/magazine\/reportajes\/las-guerras-de-mike-lima\/attachment\/las-guerras-de-mike-lima4\/'><img loading=\"lazy\" decoding=\"async\" width=\"150\" height=\"150\" src=\"https:\/\/d1xxa24wwackpg.cloudfront.net\/wp-content\/uploads\/2019\/06\/Las-guerras-de-Mike-Lima4.jpg\" class=\"attachment-thumbnail size-thumbnail\" alt=\"\" aria-describedby=\"gallery-1-47732\" srcset=\"https:\/\/d1xxa24wwackpg.cloudfront.net\/wp-content\/uploads\/2019\/06\/Las-guerras-de-Mike-Lima4.jpg 150w, https:\/\/d1xxa24wwackpg.cloudfront.net\/wp-content\/uploads\/2019\/06\/Las-guerras-de-Mike-Lima4.jpg 24w, https:\/\/d1xxa24wwackpg.cloudfront.net\/wp-content\/uploads\/2019\/06\/Las-guerras-de-Mike-Lima4.jpg 48w, https:\/\/d1xxa24wwackpg.cloudfront.net\/wp-content\/uploads\/2019\/06\/Las-guerras-de-Mike-Lima4.jpg 96w\" sizes=\"(max-width: 150px) 100vw, 150px\" \/><\/a>\n\t\t\t<\/div>\n\t\t\t\t<figcaption class='wp-caption-text gallery-caption' id='gallery-1-47732'>\n\t\t\t\tLuis Moreno (cuarto de izquierda a derecha, casi agachado) entr\u00f3 a los 15 a\u00f1os a la Academia Militar como una forma de \u00absalir adelante\u00bb. \n\t\t\t\t<\/figcaption><\/figure><figure class='gallery-item'>\n\t\t\t<div class='gallery-icon landscape'>\n\t\t\t\t<a href='https:\/\/staging.laprensanic.com\/magazine\/reportajes\/las-guerras-de-mike-lima\/attachment\/las-guerras-de-mike-lima4gh\/'><img loading=\"lazy\" decoding=\"async\" width=\"150\" height=\"150\" src=\"https:\/\/d1xxa24wwackpg.cloudfront.net\/wp-content\/uploads\/2019\/06\/Las-guerras-de-Mike-Lima4gh.jpg\" class=\"attachment-thumbnail size-thumbnail\" alt=\"\" aria-describedby=\"gallery-1-47734\" srcset=\"https:\/\/d1xxa24wwackpg.cloudfront.net\/wp-content\/uploads\/2019\/06\/Las-guerras-de-Mike-Lima4gh.jpg 150w, https:\/\/d1xxa24wwackpg.cloudfront.net\/wp-content\/uploads\/2019\/06\/Las-guerras-de-Mike-Lima4gh.jpg 24w, https:\/\/d1xxa24wwackpg.cloudfront.net\/wp-content\/uploads\/2019\/06\/Las-guerras-de-Mike-Lima4gh.jpg 48w, https:\/\/d1xxa24wwackpg.cloudfront.net\/wp-content\/uploads\/2019\/06\/Las-guerras-de-Mike-Lima4gh.jpg 96w\" sizes=\"(max-width: 150px) 100vw, 150px\" \/><\/a>\n\t\t\t<\/div>\n\t\t\t\t<figcaption class='wp-caption-text gallery-caption' id='gallery-1-47734'>\n\t\t\t\tMoreno (en primer plano) durante sus clases de karate en la Academia Militar. 1978.\n\t\t\t\t<\/figcaption><\/figure><figure class='gallery-item'>\n\t\t\t<div class='gallery-icon landscape'>\n\t\t\t\t<a href='https:\/\/staging.laprensanic.com\/magazine\/reportajes\/las-guerras-de-mike-lima\/attachment\/las-guerras-de-mike-lima6\/'><img loading=\"lazy\" decoding=\"async\" width=\"150\" height=\"150\" src=\"https:\/\/d1xxa24wwackpg.cloudfront.net\/wp-content\/uploads\/2019\/06\/Las-guerras-de-Mike-Lima6.jpg\" class=\"attachment-thumbnail size-thumbnail\" alt=\"\" aria-describedby=\"gallery-1-47735\" srcset=\"https:\/\/d1xxa24wwackpg.cloudfront.net\/wp-content\/uploads\/2019\/06\/Las-guerras-de-Mike-Lima6.jpg 150w, https:\/\/d1xxa24wwackpg.cloudfront.net\/wp-content\/uploads\/2019\/06\/Las-guerras-de-Mike-Lima6.jpg 24w, https:\/\/d1xxa24wwackpg.cloudfront.net\/wp-content\/uploads\/2019\/06\/Las-guerras-de-Mike-Lima6.jpg 48w, https:\/\/d1xxa24wwackpg.cloudfront.net\/wp-content\/uploads\/2019\/06\/Las-guerras-de-Mike-Lima6.jpg 96w\" sizes=\"(max-width: 150px) 100vw, 150px\" \/><\/a>\n\t\t\t<\/div>\n\t\t\t\t<figcaption class='wp-caption-text gallery-caption' id='gallery-1-47735'>\n\t\t\t\t1985. Yamales, Honduras. Formando unos 6,600 soldados de la Contra para recibir una delegaci\u00f3n norteamericana. \n\t\t\t\t<\/figcaption><\/figure><figure class='gallery-item'>\n\t\t\t<div class='gallery-icon landscape'>\n\t\t\t\t<a href='https:\/\/staging.laprensanic.com\/magazine\/reportajes\/las-guerras-de-mike-lima\/attachment\/las-guerras-de-mike-lima08\/'><img loading=\"lazy\" decoding=\"async\" width=\"150\" height=\"150\" src=\"https:\/\/d1xxa24wwackpg.cloudfront.net\/wp-content\/uploads\/2019\/06\/Las-guerras-de-Mike-Lima08.jpg\" class=\"attachment-thumbnail size-thumbnail\" alt=\"\" aria-describedby=\"gallery-1-47736\" srcset=\"https:\/\/d1xxa24wwackpg.cloudfront.net\/wp-content\/uploads\/2019\/06\/Las-guerras-de-Mike-Lima08.jpg 150w, https:\/\/d1xxa24wwackpg.cloudfront.net\/wp-content\/uploads\/2019\/06\/Las-guerras-de-Mike-Lima08.jpg 24w, https:\/\/d1xxa24wwackpg.cloudfront.net\/wp-content\/uploads\/2019\/06\/Las-guerras-de-Mike-Lima08.jpg 48w, https:\/\/d1xxa24wwackpg.cloudfront.net\/wp-content\/uploads\/2019\/06\/Las-guerras-de-Mike-Lima08.jpg 96w\" sizes=\"(max-width: 150px) 100vw, 150px\" \/><\/a>\n\t\t\t<\/div>\n\t\t\t\t<figcaption class='wp-caption-text gallery-caption' id='gallery-1-47736'>\n\t\t\t\tSabaw\u00e1s, cerca de San Jos\u00e9 de Bocay. Abril de 1984, mientras la Contra evacuaba a Mike Lima despu\u00e9s de resultar herido en una emboscada. \n\t\t\t\t<\/figcaption><\/figure>\n\t\t<\/div>\n\n<p style=\"text-align: center;\">***<\/p>\n<p>\u00abEl d\u00eda 18 de octubre de 1983 una fuerza de tarea contrarrevolucionaria de m\u00e1s de 500 hombres, dirigida por el somocista Mike Lima, entr\u00f3 en el Valle de Pantasma (Jinotega) y destruy\u00f3 el poblado campesino, las instalaciones de dos cooperativas, la escuela, el banco&#8230; El balance de la desigual lucha de resistencia \u2014tan solo 20 hombres estaban armados\u2014 y la masacre fue de 47 campesinos muertos\u00bb, reportaba la revista <em>Env\u00edo<\/em> en su edici\u00f3n de enero de 1984.<\/p>\n<p>Un equipo enviado por la revista semanas despu\u00e9s del ataque describe los da\u00f1os: oficinas de la Reforma Agraria y ocho tractores quemados, destrucci\u00f3n y robo del Banco Nacional de Desarrollo, un aserradero privado, valorado en 8 millones de c\u00f3rdobas, tambi\u00e9n fue reducido a escombros. La revista calcul\u00f3 en 30 millones de c\u00f3rdobas las p\u00e9rdidas econ\u00f3micas de ese ataque.<\/p>\n<p>El general Javier Carri\u00f3n, ya desde su retiro, recuerda el ataque a Pantasma como una de las principales victorias de la Contrarrevoluci\u00f3n que combat\u00edan en los a\u00f1os ochenta. \u00abEse fue uno de los ataques m\u00e1s grandes que tuvimos. Estuvimos desinformados y tuvimos bastante bajas. Fue uno de los ataques m\u00e1s memorables que ellos realizaron. Eran bases milicianas, hab\u00eda una unidad permanente muy peque\u00f1a y se pudo responder hasta dos d\u00edas despu\u00e9s de ese ataque\u00bb.<\/p>\n<p>\u00bfQu\u00e9 fall\u00f3? \u00abFue una operaci\u00f3n muy bien montada de parte de la Contrarrevoluci\u00f3n. Ellos lograron concentrar fuerzas. Las tropas principales nuestras no estaban muy cerca del lugar, de tal forma que llegamos hasta el d\u00eda siguiente\u00bb, explica Carri\u00f3n.<\/p>\n<p>Mike Lima dice que para la toma de Pantasma lograron enga\u00f1ar al ej\u00e9rcito sandinista. Lo hicieron creer que atacar\u00edan Yal\u00ed y a marcha forzada avanzaron hacia Pantasma. \u00abYo ataco a Pantasma con cuatro compa\u00f1\u00edas. Cachimbeados y malmatados, pero con ganas de tener una victoria y conseguir algo de reales, porque and\u00e1bamos cortos de dinero\u00bb.<\/p>\n<p>Ah\u00ed reconoce que fusil\u00f3 a dos hombres.<\/p>\n<p>\u00abEn los primeros momentos de combate logro capturar a 25 sandinistas. El jefe de plana de batall\u00f3n 36-44 y al segundo de la Seguridad del Estado, el Venado. A ese yo lo iba a fusilar de todas maneras, porque ellos nos hab\u00edan fusilado a 200 colaboradores por esos d\u00edas\u00bb.<\/p>\n<p>Seg\u00fan su relato, puso a los 25 capturados por orden de rango frente a unos 600 campesinos que sacaron de sus casas. \u00abEn los cateos es que agarramos a estos oficiales, los soldados la mayor parte eran rendidos. Otro era un polic\u00eda, un sargento que andaba de permiso. Estoy peleando contra un cachimbo y no s\u00e9 c\u00f3mo voy salir. Procedimiento operativo normal en un combate es fusilarlos o hacerlos que obedezcan. Si logro que estos sandinistas hablen de sus compa\u00f1eros, los perdono y los dejo en el \u00e1rea porque no tengo hombres para guardarlos. O la otra soluci\u00f3n era agarrar la ametralladora y fusilarlos. De todos modos al Venado yo lo quiero fusilar. Merece morir. Necesito dar un ejemplo. Pero le voy a dar un chance\u00bb.<\/p>\n<p>\u00abVenado levantate\u00bb \u2014le dice\u2014. \u00abTen\u00e9s un chance para sobrevivir. No me gusta matar, pero no tengo tiempo para guardar gente. O ustedes colaboran conmigo o vos te desped\u00eds de este mundo. Dame la ubicaci\u00f3n y cu\u00e1ntos hombres tiene el batall\u00f3n 36-44\u00bb.<\/p>\n<p>\u2014Mir\u00e1 hombre, es que yo no te puedo decir porque yo&#8230;<\/p>\n<p>Te dije que no contestaras m\u00e1s que dislocaci\u00f3n&#8230; \u2014lo sentencia al tiempo que uno de sus hombres lo agarra, lo lleva contra la pared y otro lo mata a tiros. Teniente, mire lo que le pas\u00f3 al Venado.<\/p>\n<p>Vuelve Mike Lima, esta vez dirigi\u00e9ndose al oficial capturado: \u00abVos me das la dislocaci\u00f3n, armamento, cu\u00e1ntos hombres y equipo tiene el batall\u00f3n&#8230; Si no me lo dec\u00eds te vas con el Venado\u00bb.<\/p>\n<p>\u2014Mir\u00e1 hombre, Mike Lima, yo no puedo&#8230;<\/p>\n<p>No lo dejaron terminar. Con el mismo procedimiento lo fusilaron.<\/p>\n<p>\u2014Quieren seguir en esta fiesta \u2014dice dirigi\u00e9ndose al resto de los capturados. \u2014Sargento, sos vos&#8230;<\/p>\n<p>\u2014Parala \u2014dice el polic\u00eda en la versi\u00f3n de Mike Lima\u2014. Yo cuando sal\u00ed hab\u00eda 17 hombres en la Polic\u00eda, somos 20 y tantos, nos qued\u00e1bamos tantos afuera. Eso es lo que vos quer\u00e9s saber y yo te lo digo. Eso es lo que yo s\u00e9.<\/p>\n<p>\u00abRub\u00e9n y Denis, que eran mis segundos, se tomaron la Polic\u00eda. En los pr\u00f3ximos minutos barrieron con los sandinistas. Yo creo que fue la decisi\u00f3n m\u00e1s acertada. Fui rega\u00f1ado. Cuando llegu\u00e9 a Honduras los de la CIA me trataron duro. Que esa decisi\u00f3n no era aceptable. Que nosotros no pod\u00edamos fusilar sandinistas porque lo que hac\u00edamos era ponerlos a resistir hasta el \u00faltimo y que nos conven\u00eda m\u00e1s soltarlos. A los 23 aquellos los solt\u00e9, pero los dos ah\u00ed quedaron\u00bb.<\/p>\n<figure id=\"attachment_47738\" aria-describedby=\"caption-attachment-47738\" style=\"width: 700px\" class=\"wp-caption aligncenter\"><a href=\"https:\/\/gep90.laprensa.com.ni\/magazine\/wp-content\/uploads\/2019\/06\/Las-guerras-de-Mike-Lima07.jpg\"><img loading=\"lazy\" decoding=\"async\" class=\"size-full wp-image-47738\" src=\"https:\/\/gep90.laprensa.com.ni\/magazine\/wp-content\/uploads\/2019\/06\/Las-guerras-de-Mike-Lima07.jpg\" alt=\"\" width=\"700\" height=\"761\" srcset=\"https:\/\/d1xxa24wwackpg.cloudfront.net\/wp-content\/uploads\/2019\/06\/Las-guerras-de-Mike-Lima07.jpg 700w, https:\/\/d1xxa24wwackpg.cloudfront.net\/wp-content\/uploads\/2019\/06\/Las-guerras-de-Mike-Lima07.jpg 276w\" sizes=\"(max-width: 700px) 100vw, 700px\" \/><\/a><figcaption id=\"caption-attachment-47738\" class=\"wp-caption-text\">1987. Yamales, Honduras. Debido a sus m\u00faltiples heridas, le adaptaron una silla de montar a sus caracter\u00edsticas para que se movilizara a caballo en la direcci\u00f3n de las tropas.<\/figcaption><\/figure>\n<p style=\"text-align: center;\">***<\/p>\n<p>Ya no es Mike Lima. Prefiere que le llamen Luis Moreno. Es contador general de una empresa en Jacksonville, Florida, Estados Unidos. Le falta la mano derecha y ha aprendido a valerse con la mano izquierda. Es un hombre m\u00e1s bien peque\u00f1o, recio y locuaz. Habla r\u00e1pido, gesticula y teatraliza las historias.<\/p>\n<p>A pesar de sus heridas y mutilaciones, lleg\u00f3 hasta el final de la guerra. Golpe\u00f3 y lo golpearon. No se arrepiente de ninguno de sus actos, dice. \u00abTal vez de haber peleado toda la guerra. Me he arrepentido a veces. A veces la justifiqu\u00e9. A veces me sent\u00ed mal\u00bb.<\/p>\n<p>El mayor en retiro Santiago Fajardo, jefe del Batall\u00f3n de Lucha Irregular (BLD) Juan Pablo Umanzor, que algunas veces combati\u00f3 contra las tropas de Mike Lima, dice que para ese tiempo se le consideraba \u00abun criminal, porque incluso masacraba a la gente de \u00e9l\u00bb.<\/p>\n<p>\u00abTodo lo que yo hice fue en acciones de guerra\u00bb, rechaza Mike Lima. \u00abNunca he matado a nadie por venganza, a nadie le he violado una hija, una mujer o algo as\u00ed. Todo lo que yo hice fueron acciones de guerra: esp\u00edas, gente que da\u00f1aba gente, aun soldados de nosotros que hicieron da\u00f1o. Yo pienso que no merec\u00edan vivir. Nunca ejecut\u00e9 a nadie, pero s\u00ed en consejos de guerra muchas veces aprob\u00e9 la ejecuci\u00f3n o eliminaci\u00f3n de personas, que desgraciadamente es un acto que se deb\u00eda hacer. No te puedo decir m\u00e1s nada. Yo vivo tranquilo con mis hijos\u00bb.<\/p>\n<p>\u2014\u00bfCu\u00e1ntas personas ha matado?<\/p>\n<p>\u2014Nunca las cont\u00e9. Yo cont\u00e9 los hombres m\u00edos muertos: 349. Pero no cont\u00e9 los da\u00f1os que hice. Eran unidades militares. No eran civiles.<\/p>\n<p>\u2014\u00bfQu\u00e9 piensa usted cuando alguien lo califica de asesino?<\/p>\n<p>\u2014S\u00e9 que es un sandinista. La \u00faltima vez que yo fui a San Jos\u00e9 de Bocay, llegaron como dos mil y pico de personas y que me agarraron a tomarse fotos conmigo desde las diez de la ma\u00f1ana hasta las dos de la tarde. Para la gente de ese lado yo soy como su dios. Fui su jefe. Fui el comandante Mike Lima. Depende con qui\u00e9n habl\u00e9s. Los soldados tenemos eso, enemigos y amigos.<\/p>\n<p>Al terminar la guerra, cuando ya todos estaban buscando qu\u00e9 hacer, Enrique Berm\u00fadez le dijo a Mike Lima: \u00abTenemos dos opciones, o morir asesinados en nuestro pa\u00eds o morir pobres en el exilio\u00bb. Mike Lima decidi\u00f3 vivir pobre en el exilio. Del gobierno de Estados Unidos dice no haber recibido ninguna ayuda. \u00abLo \u00fanico que le agradezco es que a 44 miembros de mi familia se les dio asilo pol\u00edtico\u00bb, dice.<\/p>\n<p>Ahora es Luis Moreno, un pac\u00edfico ciudadano que se pasea por las calles de Jacksonville con su esposa Lilly, con sus hijos y su nieto, que lleva las cuentas de la empresa Viztek LLC y que asisti\u00f3 como cualquier otro estudiante a las clases de la Universidad Internacional de Florida, donde se gradu\u00f3 de contador. \u00abYo sobreviv\u00ed\u00bb, dice.<\/p>\n<figure id=\"attachment_47731\" aria-describedby=\"caption-attachment-47731\" style=\"width: 700px\" class=\"wp-caption aligncenter\"><a href=\"https:\/\/gep90.laprensa.com.ni\/magazine\/wp-content\/uploads\/2019\/06\/Las-guerras-de-Mike-Lima03.jpg\"><img loading=\"lazy\" decoding=\"async\" class=\"size-full wp-image-47731\" src=\"https:\/\/gep90.laprensa.com.ni\/magazine\/wp-content\/uploads\/2019\/06\/Las-guerras-de-Mike-Lima03.jpg\" alt=\"FOTO\/ARCHIVO\/LA PRENSA\/MAGAZINE\" width=\"700\" height=\"461\" srcset=\"https:\/\/d1xxa24wwackpg.cloudfront.net\/wp-content\/uploads\/2019\/06\/Las-guerras-de-Mike-Lima03.jpg 700w, https:\/\/d1xxa24wwackpg.cloudfront.net\/wp-content\/uploads\/2019\/06\/Las-guerras-de-Mike-Lima03.jpg 300w\" sizes=\"(max-width: 700px) 100vw, 700px\" \/><\/a><figcaption id=\"caption-attachment-47731\" class=\"wp-caption-text\">La Contrarrevoluci\u00f3n encontr\u00f3 simpat\u00eda entre la poblaci\u00f3n campesina de Nicaragua. Los reclutamientos eran tantos que en ocasiones se dificultaba su manejo, dice Luis Moreno.<\/figcaption><\/figure>\n<h3>Lucha sicol\u00f3gica<\/h3>\n<p>El general en retiro Javier Carri\u00f3n, quien llegara a ser jefe del Ej\u00e9rcito de Nicaragua, dice que en los a\u00f1os ochenta hubo una estrategia de la CIA para \u00absembrar el terror\u00bb. Se dise\u00f1\u00f3 un manual de lucha sicol\u00f3gica, que orientaba \u00abliquidar a todo el que era l\u00edder sandinista en el territorio y desarrollar acciones terroristas\u00bb.<\/p>\n<p>\u00abEso se estuvo cumpliendo toda la guerra. To\u00f1o y Renato entraron de Honduras con una lista de personas que ten\u00edan que liquidar en el territorio\u00bb.<\/p>\n<p>\u00abNosotros respondimos con una estrategia de asentamiento de las bases sandinistas que no pod\u00edamos sostener en algunos territorios. O incrementar el accionar con la presencia de reservistas armados en las zonas donde \u00e9ramos d\u00e9biles, de tal forma que hubiese enfrentamiento militar por la base social campesina\u00bb.<\/p>\n","protected":false},"excerpt":{"rendered":"<p>Nunca llev\u00f3 la cuenta de cu\u00e1ntos hombres mat\u00f3 ni quiso saber sus nombres. En cambio recuerda cada uno de los que murieron bajo su mando. 349 hombres. Luis Moreno pele\u00f3 en dos guerras y sobrevivi\u00f3. Varias heridas testimonian sus combates. Su nombre de combate fue Mike Lima<\/p>\n","protected":false},"author":46,"featured_media":47738,"comment_status":"open","ping_status":"open","sticky":false,"template":"","format":"standard","meta":{"_acf_changed":false,"footnotes":""},"categories":[26],"tags":[],"class_list":["post-47727","post","type-post","status-publish","format-standard","has-post-thumbnail","hentry","category-reportajes"],"acf":[],"_links":{"self":[{"href":"https:\/\/staging.laprensanic.com\/magazine\/wp-json\/wp\/v2\/posts\/47727","targetHints":{"allow":["GET"]}}],"collection":[{"href":"https:\/\/staging.laprensanic.com\/magazine\/wp-json\/wp\/v2\/posts"}],"about":[{"href":"https:\/\/staging.laprensanic.com\/magazine\/wp-json\/wp\/v2\/types\/post"}],"author":[{"embeddable":true,"href":"https:\/\/staging.laprensanic.com\/magazine\/wp-json\/wp\/v2\/users\/46"}],"replies":[{"embeddable":true,"href":"https:\/\/staging.laprensanic.com\/magazine\/wp-json\/wp\/v2\/comments?post=47727"}],"version-history":[{"count":6,"href":"https:\/\/staging.laprensanic.com\/magazine\/wp-json\/wp\/v2\/posts\/47727\/revisions"}],"predecessor-version":[{"id":54659,"href":"https:\/\/staging.laprensanic.com\/magazine\/wp-json\/wp\/v2\/posts\/47727\/revisions\/54659"}],"wp:featuredmedia":[{"embeddable":true,"href":"https:\/\/staging.laprensanic.com\/magazine\/wp-json\/wp\/v2\/media\/47738"}],"wp:attachment":[{"href":"https:\/\/staging.laprensanic.com\/magazine\/wp-json\/wp\/v2\/media?parent=47727"}],"wp:term":[{"taxonomy":"category","embeddable":true,"href":"https:\/\/staging.laprensanic.com\/magazine\/wp-json\/wp\/v2\/categories?post=47727"},{"taxonomy":"post_tag","embeddable":true,"href":"https:\/\/staging.laprensanic.com\/magazine\/wp-json\/wp\/v2\/tags?post=47727"}],"curies":[{"name":"wp","href":"https:\/\/api.w.org\/{rel}","templated":true}]}}