{"id":47872,"date":"2011-01-09T19:27:32","date_gmt":"2011-01-09T19:27:32","guid":{"rendered":"http:\/\/gep90.laprensa.com.ni\/magazine\/?p=47872"},"modified":"2019-07-11T22:00:28","modified_gmt":"2019-07-11T22:00:28","slug":"la-loma-de-tiscapa","status":"publish","type":"post","link":"https:\/\/staging.laprensanic.com\/magazine\/reportajes\/la-loma-de-tiscapa\/","title":{"rendered":"La Loma de Tiscapa"},"content":{"rendered":"<p style=\"text-align: center;\">Durante casi sesenta a\u00f1os, La Loma de Tiscapa aloj\u00f3 a los actores de la congestionada vida pol\u00edtica nicarag\u00fcense, desde cuando ah\u00ed se inaugur\u00f3 la primera Casa Presidencial en 1931 hasta que el FSLN perdi\u00f3 el poder en 1990. La mayor parte de este tiempo, la Loma, ahora convertida en parque, fue un feudo pol\u00edtico y militar, icono de tortura y muerte<\/p>\n<p style=\"text-align: center;\"><strong>Arlen Cerda<\/strong><br \/>\n<strong>Fotos de Archivo, cortes\u00edas, Carlos Malesp\u00edn, Guillermo Flores, H\u00e9ctor Esquivel y<br \/>\nArlen Cerda.<\/strong><\/p>\n<p>Un ni\u00f1o delgado y moreno, quiz\u00e1 de unos 7 a\u00f1os, juega entre los balaustres de las ruinas de la terraza norte de la antigua Casa Presidencial, que se conservan en el Parque Nacional Hist\u00f3rico de la Loma de Tiscapa. La madre, al ver como el ni\u00f1o se balancea entre los huecos de la vieja estructura al borde de un precipicio, se acerca a \u00e9l y lo toma del cuello de la camisa mientras le dice: \u00abVen\u00ed para ac\u00e1 chavalo, que te vas a matar\u00bb y se lo lleva casi a rastras, mientras el peque\u00f1o divisa a otras personas que, ah\u00ed donde la madre dice que se puede caer, toman fotograf\u00edas de un estrecho y oscuro galer\u00f3n de donde sale una bandada de murci\u00e9lagos a\u00fan m\u00e1s alborotados por la luz del sol de mediod\u00eda.<\/p>\n<p>\u00abLo que m\u00e1s me gusta del lugar es la vista de Managua y el viento que corre. Hay pocos lugares as\u00ed de seguros y frescos en la ciudad\u00bb, dice la mujer que ahora mece al peque\u00f1o travieso y su hermanita en los columpios de un improvisado parque en las ruinas de este lugar.<\/p>\n<p><strong>Le puede interesar: <a href=\"https:\/\/gep90.laprensa.com.ni\/magazine\/reportaje\/la-casa-de-ortega\/\">La casa de Ortega<\/a><\/strong><\/p>\n<p>\u00bfDe los pocos lugares seguros y frescos? Ah\u00ed en las mazmorras que se conservan en el galer\u00f3n en el que anidan los murci\u00e9lagos eso es lo que menos parece. El sitio apesta a cucarachas y esti\u00e9rcol de ratas y murci\u00e9lagos, que tambi\u00e9n cubren el suelo y las paredes en las que hay telara\u00f1as y algunos gusanos.<\/p>\n<p>El flash de la c\u00e1mara alumbra cada calabozo y en uno de ellos cuelga una buj\u00eda fundida, hay un viejo aire acondicionado cubierto de sarro, unas argollas a sesenta o setenta cent\u00edmetros de alto y una zanja que conduce a un hueco del que emana un leve, pero certero hedor a berrinche. En otro tambi\u00e9n hay una ventana angosta tapada con un espejo que no permite ver al cuarto contiguo y al cual no hay entrada desde el angosto pasillo que conduce a los calabozos, ubicados junto a las antiguas oficinas que ocuparon la Seguridad Nacional de los Somoza y luego la Direcci\u00f3n General de la Seguridad del Estado (DGSE) del r\u00e9gimen sandinista, donde ahora funciona el Archivo de la Polic\u00eda Nacional y cuyo acceso, todav\u00eda hoy, es restringido.<\/p>\n<p>Despu\u00e9s de una media hora m\u00e1s de juegos, Victoria, la madre de los dos peque\u00f1os, llama a sus hijos y ellos suben al auto rojo que ahora desciende por una curva, donde hasta finales de diciembre de 1972 funcion\u00f3 un palacio que por su ubicaci\u00f3n precisamente fue conocido como \u00abLa Curva\u00bb y era la residencia del Director de la Guardia Nacional, tal como Anastasio Somoza Garc\u00eda lo mand\u00f3 a construir, de manera que este quedaba entre la Casa Presidencial y la Embajada de Estados Unidos, antes en la entrada a la Loma.<\/p>\n<p>A diario, el Parque Hist\u00f3rico de la Loma de Tiscapa recibe cientos de visitantes, nacionales y extranjeros, que llegan para disfrutar de la vista y el clima que la Loma ofrece en la capital. Algunos llegan para sobrevolar la laguna colgados de los cables de un canopy, y unos pocos para recorrer la exposici\u00f3n fotogr\u00e1fica que la Alcald\u00eda de Managua mantiene sobre los sucesos en esa Loma, que probablemente Victoria y sus hijos igual que muchos otros visitantes ignoran o desconocen en detalle. Pero que para otros siguen frescos.<\/p>\n<p style=\"text-align: center;\">***<\/p>\n<p>A Doris Tijerino Haslam la guardia somocista la arrest\u00f3 por primera vez en 1967.<\/p>\n<p>Fue despu\u00e9s de la masacre del 22 de enero de ese a\u00f1o y la llevaron al Puesto de Mando que la Guardia ten\u00eda en la Loma, pero la Seguridad no sab\u00eda que ella estaba por cumplir un a\u00f1o como militante del Frente Sandinista de Liberaci\u00f3n Nacional (FSLN), porque sus registros s\u00f3lo la mostraban como miembro del Partido Socialista y la liberaron a los pocos d\u00edas. La segunda vez fue en noviembre del mismo a\u00f1o, siempre para la Loma, pero tambi\u00e9n por poco tiempo. Fue hasta la tercera captura en julio de 1969 en la que ya no tuvo la suerte de antes, sino, de hecho, la peor.<\/p>\n<p>Hasta esa noche del 15 de julio de 1969, Doris Tijerino era un cuadro clandestino del FSLN y estaba en una casa de Las Delicias del Volga junto a Gloria Campos y su hija Martha Lorente, Mirna Mendoza y Julio Buitrago, otro militante clandestino del Frente Sandinista y jefe de la resistencia urbana. Ah\u00ed, decenas de guardias los rodearon y hubo un combate en el que muri\u00f3 Julio Buitrago.<\/p>\n<p>Tijerino, actual diputada ante el Parlamento Centroamericano por el FSLN, recuerda que a diferencia de otros presos que eran llevados a la Loma con la cabeza cubierta por una capucha, a ella la llevaban sin \u00e9sa, pero una vez en la celda la encapuchaban para que no pudiera ver c\u00f3mo era el sitio en donde estaba ni qui\u00e9n la interrogaba.<\/p>\n<p>Ella asegura que la Guardia siempre quiso aprovechar su condici\u00f3n de mujer para humillarla. \u00abA todas las mujeres las desnudaban e insultaban. Luego las manoseaban y les colocaban una picana el\u00e9ctrica en el recto, el cl\u00edtoris, los pezones y la vagina. Durante los d\u00edas que estuve presa en la Loma siempre era interrogada y torturada. Me golpeaban de distintas formas\u00bb, recuerda.<\/p>\n<p>Un d\u00eda, del que Tijerino no sabe la fecha, entr\u00f3 un hombre al cuarto en el que ella era interrogada por un par de hombres que la hab\u00edan golpeado durante horas. El hombre los vio y les pregunt\u00f3:<\/p>\n<p>\u00bfY \u00e9sta no ha hablado?<\/p>\n<p>\u2014No \u2014respondi\u00f3 uno.<\/p>\n<p>\u2014\u00bfY tampoco llora? pregunt\u00f3 otra vez.<\/p>\n<p>\u2014No.<\/p>\n<p>\u2014Entonces reg\u00edstrenla \u2014fue la sentencia a lo mejor es hombre y lo que pasa es que todav\u00eda no le han hallado los huevos. Entonces uno de los hombres le meti\u00f3 la mano entre las piernas para revisar su vagina y ella \u2014que estaba sentada le tom\u00f3 la mano para tratar de evitarlo, pero s\u00f3lo logr\u00f3 identificar el anillo que el hombre portaba en la mano y era de la Asociaci\u00f3n de Radiodifusores que ella conoc\u00eda bien, porque su padre Jos\u00e9 Agust\u00edn Tijerino, era un gran radioaficionado.<\/p>\n<p>D\u00edas despu\u00e9s trataron de ponerle una picana en la vagina, \u00abpero yo cruc\u00e9 las piernas y saqu\u00e9 fuerzas no s\u00e9 de d\u00f3nde y no lo lograron, por m\u00e1s que me golpearon\u00bb, recuerda. Las heridas y moretones de ese d\u00eda fue lo que mostr\u00f3 ante el juez a cargo de su caso y que se convirti\u00f3 en la foto del esc\u00e1ndalo capturada y divulgada por La Prensa. Y as\u00ed fue que el juez orden\u00f3 que la liberaran, pero eso pas\u00f3 hasta en 1971, luego de varias protestas estudiantiles a su favor.<\/p>\n<p>\u00abTiscapa \u2014reflexiona Tijerino\u2014 era para m\u00ed un fruto de la aberraci\u00f3n de Somoza y de la dictadura, porque ellos viv\u00edan ah\u00ed y en los s\u00f3tanos de su casa torturaban a los prisioneros. Sus hijos estaban ah\u00ed, participaban de las torturas, Llegaban como para pasar el tiempo. A uno lo desnudaban, lo ultrajaban y golpeaban y ni siquiera te preguntaban tu nombre\u00bb<\/p>\n<figure id=\"attachment_47875\" aria-describedby=\"caption-attachment-47875\" style=\"width: 300px\" class=\"wp-caption aligncenter\"><a href=\"https:\/\/gep90.laprensa.com.ni\/magazine\/wp-content\/uploads\/2019\/07\/La-Loma-del-poder-Tiscapadfldsfdf.jpg\"><img fetchpriority=\"high\" decoding=\"async\" class=\"wp-image-47875\" src=\"https:\/\/gep90.laprensa.com.ni\/magazine\/wp-content\/uploads\/2019\/07\/La-Loma-del-poder-Tiscapadfldsfdf.jpg\" alt=\"\" width=\"300\" height=\"525\" srcset=\"https:\/\/d1xxa24wwackpg.cloudfront.net\/wp-content\/uploads\/2019\/07\/La-Loma-del-poder-Tiscapadfldsfdf.jpg 720w, https:\/\/d1xxa24wwackpg.cloudfront.net\/wp-content\/uploads\/2019\/07\/La-Loma-del-poder-Tiscapadfldsfdf.jpg 172w, https:\/\/d1xxa24wwackpg.cloudfront.net\/wp-content\/uploads\/2019\/07\/La-Loma-del-poder-Tiscapadfldsfdf.jpg 586w\" sizes=\"(max-width: 300px) 100vw, 300px\" \/><\/a><figcaption id=\"caption-attachment-47875\" class=\"wp-caption-text\">Doris Tijerino Haslam mostr\u00f3 ante un juez los moretones en sus piernas hechas por un guardia somocista que le quiso colocar una picana en la vagina.<\/figcaption><\/figure>\n<p style=\"text-align: center;\">***<\/p>\n<p>A Carlos Huembes Trejos le toc\u00f3 estar preso en la Loma de Tiscapa en otro tiempo. No bajo la dictadura somocista, que tortur\u00f3 a Tijerino, Daniel Ortega, Jacinto Su\u00e1rez o Tom\u00e1s Borge. O la que desat\u00f3 una redada contra todo liberal independiente, socialista, conservador o disidente tras el asesinato de Anastasio Somoza Garc\u00eda, la noche del 21 de septiembre de 1956, en la que se apres\u00f3 en la Loma a \u00abcasi toda Managua\u00bb, como relata en Estirpe Sangrienta, el Director M\u00e1rtir de La Prensa, Pedro Joaqu\u00edn Chamorro Cardenal. A Huembes Trejos le lleg\u00f3 el momento de \u00abvisitar\u00bb la Loma bajo el r\u00e9gimen del Frente Sandinista, que sucedi\u00f3 a la dinast\u00eda.<\/p>\n<p>La primera vez que a \u00e9l lo apresaron fue a mediados de la d\u00e9cada de los ochenta, cuando regresaba de una gira de la Coordinadora Democr\u00e1tica Nicarag\u00fcense por Guatemala y Costa Rica, hecha junto a otros 12 miembros. Una acci\u00f3n por la que los acusaron de reunirse con la Central de Inteligencia Americana (CIA, por sus siglas en ingl\u00e9s De manera que todo miembro de la Coordinadora que iba regresando al pa\u00eds era conducido por la Direcci\u00f3n General de Seguridad del Estado (DGSE) a las celdas de la Loma donde antes oper\u00f3 la Oficina de Seguridad Nacional somocista.<\/p>\n<p>\u00abYo me enter\u00e9 que todos estaban cayendo presos cuando a\u00fan estaba en Costa Rica, pero sab\u00eda que no hab\u00eda cometido ning\u00fan delito fuera o dentro de Nicaragua y no dud\u00e9 en regresar\u00bb, recuerda Huembes. Al final de la gira, \u00e9l tom\u00f3 el avi\u00f3n junto con Cairo Manuel L\u00f3pez, Miriam Arg\u00fcello y Jaime Chamorro Cardenal, y \u2014tal como les hab\u00edan advertido de la puerta del avi\u00f3n los llevaron a un veh\u00edculo militar de la DGSE y de ah\u00ed a los s\u00f3tanos que antes utilizaron los Somoza.<\/p>\n<p>A \u00e9l lo interrog\u00f3 Len\u00edn Cerna, quien, seg\u00fan recuerda, le coment\u00f3 al verlo: \u00abCon que al fin te capturamos\u00bb Pero Huembes s\u00f3lo se puso a re\u00edr De manera que Cerna empez\u00f3 el interrogatorio, pero lo liberaron el mismo d\u00eda. En otras ocasiones \u00e9l y sus compa\u00f1eros no recibieron contemplaciones. En su memoria a\u00fan est\u00e1 presente \u2014por ejemplo\u2014 el nombre de Luis Ord\u00f3\u00f1ez, un muchacho de 18 a\u00f1os a quien la Asamblea le concedi\u00f3 un indulto, pero que la DGSE desapareci\u00f3 sin dejar rastro. \u00bfEn esos a\u00f1os por qu\u00e9 los echaban presos? Hablar mal del Gobierno era motivo suficiente para caer preso \u2014responde.<\/p>\n<p>Eugenio Membre\u00f1o, amigo y compa\u00f1ero de lucha de Carlos Huembes en la Central de Trabajadores de Nicaragua (CTN) y tambi\u00e9n preso por el Frente Sandinista, agrega que \u00abpara muchos de nosotros las visitas a El Chipote eran el pan nuestro de cada d\u00eda\u00bb.<\/p>\n<p>\u00abLas celdas \u2014a\u00f1ade Huembes eran las mismas, pero mejoradas para que fueran m\u00e1s eficaces para interrogar a los prisioneros\u00bb.<\/p>\n<p>El periodista e historiador Roberto S\u00e1nchez Ram\u00edrez confirma en uno de sus reportajes publicados en El recuerdo de Managua en la memoria de un poblano, que en julio de 1979, el llamado \u00abb\u00fanker\u00bb \u2014que Somoza se mand\u00f3 a construir cerca del Casino Militar luego del terremoto del 23 de diciembre de 1972\u2014 fue ocupado por la Direcci\u00f3n Nacional del FSLN, igual que la Jefatura de Operaciones de la Guardia Nacional fue usada por la Comandancia del Ej\u00e9rcito Popular Sandinista y la DGSE ocup\u00f3 las antiguas oficinas de la OSN y las instalaciones del Casino Militar.<\/p>\n<p>\u00abEn las mismas celdas en las que encerr\u00f3 y tortur\u00f3 la Guardia despu\u00e9s lo hizo la DGSE, nada de eso cambi\u00f3\u00bb, critica Huembes Trejos.<\/p>\n<div id='gallery-1' class='gallery galleryid-47872 gallery-columns-3 gallery-size-thumbnail'><figure class='gallery-item'>\n\t\t\t<div class='gallery-icon landscape'>\n\t\t\t\t<a href='https:\/\/staging.laprensanic.com\/magazine\/reportajes\/la-fortuna-de-los-somozas\/attachment\/somoza\/'><img decoding=\"async\" width=\"150\" height=\"150\" src=\"https:\/\/d1xxa24wwackpg.cloudfront.net\/wp-content\/uploads\/2016\/12\/07152226\/Acr917272546201631513.jpg\" class=\"attachment-thumbnail size-thumbnail\" alt=\"(foto de archivo) Anastasio Somoza Garc\u00eda y sus mascotas, septiembre 04. LA PRENSA\" aria-describedby=\"gallery-1-31845\" srcset=\"https:\/\/d1xxa24wwackpg.cloudfront.net\/wp-content\/uploads\/2016\/12\/07152226\/Acr917272546201631513.jpg 150w, https:\/\/d1xxa24wwackpg.cloudfront.net\/wp-content\/uploads\/2016\/12\/07152226\/Acr917272546201631513.jpg 24w, https:\/\/d1xxa24wwackpg.cloudfront.net\/wp-content\/uploads\/2016\/12\/07152226\/Acr917272546201631513.jpg 48w, https:\/\/d1xxa24wwackpg.cloudfront.net\/wp-content\/uploads\/2016\/12\/07152226\/Acr917272546201631513.jpg 96w\" sizes=\"(max-width: 150px) 100vw, 150px\" \/><\/a>\n\t\t\t<\/div>\n\t\t\t\t<figcaption class='wp-caption-text gallery-caption' id='gallery-1-31845'>\n\t\t\t\tAnastasio Somoza Garc\u00eda consiente a una de las fieras que manten\u00eda en el  jard\u00edn-zool\u00f3gico de Casa Presidencial. En la jaula contigua encerraban a los prisioneros pol\u00edticos. \n\t\t\t\t<\/figcaption><\/figure><figure class='gallery-item'>\n\t\t\t<div class='gallery-icon landscape'>\n\t\t\t\t<a href='https:\/\/staging.laprensanic.com\/magazine\/reportajes\/la-loma-de-tiscapa\/attachment\/la-loma-del-poder-tiscapa5\/'><img decoding=\"async\" width=\"150\" height=\"150\" src=\"https:\/\/d1xxa24wwackpg.cloudfront.net\/wp-content\/uploads\/2019\/07\/La-Loma-del-poder-Tiscapa5.jpg\" class=\"attachment-thumbnail size-thumbnail\" alt=\"\" aria-describedby=\"gallery-1-47877\" srcset=\"https:\/\/d1xxa24wwackpg.cloudfront.net\/wp-content\/uploads\/2019\/07\/La-Loma-del-poder-Tiscapa5.jpg 150w, https:\/\/d1xxa24wwackpg.cloudfront.net\/wp-content\/uploads\/2019\/07\/La-Loma-del-poder-Tiscapa5.jpg 24w, https:\/\/d1xxa24wwackpg.cloudfront.net\/wp-content\/uploads\/2019\/07\/La-Loma-del-poder-Tiscapa5.jpg 48w, https:\/\/d1xxa24wwackpg.cloudfront.net\/wp-content\/uploads\/2019\/07\/La-Loma-del-poder-Tiscapa5.jpg 96w\" sizes=\"(max-width: 150px) 100vw, 150px\" \/><\/a>\n\t\t\t<\/div>\n\t\t\t\t<figcaption class='wp-caption-text gallery-caption' id='gallery-1-47877'>\n\t\t\t\tLa prisi\u00f3n de El Hormiguero, destruida por el terremoto de 1972, estaba sobre la antigua Avenida Roosevelt, frente a la Academia Militar, bajando la Loma.  \n\t\t\t\t<\/figcaption><\/figure><figure class='gallery-item'>\n\t\t\t<div class='gallery-icon landscape'>\n\t\t\t\t<a href='https:\/\/staging.laprensanic.com\/magazine\/reportajes\/la-loma-de-tiscapa\/attachment\/la-loma-del-poder-tiscapa5dfd\/'><img loading=\"lazy\" decoding=\"async\" width=\"150\" height=\"150\" src=\"https:\/\/d1xxa24wwackpg.cloudfront.net\/wp-content\/uploads\/2019\/07\/La-Loma-del-poder-Tiscapa5dfd.jpg\" class=\"attachment-thumbnail size-thumbnail\" alt=\"\" aria-describedby=\"gallery-1-47878\" srcset=\"https:\/\/d1xxa24wwackpg.cloudfront.net\/wp-content\/uploads\/2019\/07\/La-Loma-del-poder-Tiscapa5dfd.jpg 150w, https:\/\/d1xxa24wwackpg.cloudfront.net\/wp-content\/uploads\/2019\/07\/La-Loma-del-poder-Tiscapa5dfd.jpg 24w, https:\/\/d1xxa24wwackpg.cloudfront.net\/wp-content\/uploads\/2019\/07\/La-Loma-del-poder-Tiscapa5dfd.jpg 48w, https:\/\/d1xxa24wwackpg.cloudfront.net\/wp-content\/uploads\/2019\/07\/La-Loma-del-poder-Tiscapa5dfd.jpg 96w\" sizes=\"(max-width: 150px) 100vw, 150px\" \/><\/a>\n\t\t\t<\/div>\n\t\t\t\t<figcaption class='wp-caption-text gallery-caption' id='gallery-1-47878'>\n\t\t\t\tEl funeral de Anastasio Somoza Garc\u00eda, al salir del Palacio Presidencial. \n\t\t\t\t<\/figcaption><\/figure><figure class='gallery-item'>\n\t\t\t<div class='gallery-icon landscape'>\n\t\t\t\t<a href='https:\/\/staging.laprensanic.com\/magazine\/reportajes\/la-loma-de-tiscapa\/attachment\/la-loma-del-poder-tiscapa6hghgh\/'><img loading=\"lazy\" decoding=\"async\" width=\"150\" height=\"150\" src=\"https:\/\/d1xxa24wwackpg.cloudfront.net\/wp-content\/uploads\/2019\/07\/La-Loma-del-poder-Tiscapa6hghgh.jpg\" class=\"attachment-thumbnail size-thumbnail\" alt=\"\" aria-describedby=\"gallery-1-47880\" srcset=\"https:\/\/d1xxa24wwackpg.cloudfront.net\/wp-content\/uploads\/2019\/07\/La-Loma-del-poder-Tiscapa6hghgh.jpg 150w, https:\/\/d1xxa24wwackpg.cloudfront.net\/wp-content\/uploads\/2019\/07\/La-Loma-del-poder-Tiscapa6hghgh.jpg 24w, https:\/\/d1xxa24wwackpg.cloudfront.net\/wp-content\/uploads\/2019\/07\/La-Loma-del-poder-Tiscapa6hghgh.jpg 48w, https:\/\/d1xxa24wwackpg.cloudfront.net\/wp-content\/uploads\/2019\/07\/La-Loma-del-poder-Tiscapa6hghgh.jpg 96w\" sizes=\"(max-width: 150px) 100vw, 150px\" \/><\/a>\n\t\t\t<\/div>\n\t\t\t\t<figcaption class='wp-caption-text gallery-caption' id='gallery-1-47880'>\n\t\t\t\tTom\u00e1s Borge Mart\u00ednez estuvo preso y fue torturado en estas celdas durante nueve meses. Otros tambi\u00e9n lo estuvieron, pero el comandante del FSLN mand\u00f3 a colocar placas que recuerdan su encierro. \n\t\t\t\t<\/figcaption><\/figure><figure class='gallery-item'>\n\t\t\t<div class='gallery-icon portrait'>\n\t\t\t\t<a href='https:\/\/staging.laprensanic.com\/magazine\/reportajes\/la-loma-de-tiscapa\/attachment\/la-loma-del-poder-tiscapa6gffff\/'><img loading=\"lazy\" decoding=\"async\" width=\"150\" height=\"150\" src=\"https:\/\/d1xxa24wwackpg.cloudfront.net\/wp-content\/uploads\/2019\/07\/La-Loma-del-poder-Tiscapa6gffff.jpg\" class=\"attachment-thumbnail size-thumbnail\" alt=\"\" aria-describedby=\"gallery-1-47879\" srcset=\"https:\/\/d1xxa24wwackpg.cloudfront.net\/wp-content\/uploads\/2019\/07\/La-Loma-del-poder-Tiscapa6gffff.jpg 150w, https:\/\/d1xxa24wwackpg.cloudfront.net\/wp-content\/uploads\/2019\/07\/La-Loma-del-poder-Tiscapa6gffff.jpg 600w, https:\/\/d1xxa24wwackpg.cloudfront.net\/wp-content\/uploads\/2019\/07\/La-Loma-del-poder-Tiscapa6gffff.jpg 24w, https:\/\/d1xxa24wwackpg.cloudfront.net\/wp-content\/uploads\/2019\/07\/La-Loma-del-poder-Tiscapa6gffff.jpg 48w, https:\/\/d1xxa24wwackpg.cloudfront.net\/wp-content\/uploads\/2019\/07\/La-Loma-del-poder-Tiscapa6gffff.jpg 96w\" sizes=\"(max-width: 150px) 100vw, 150px\" \/><\/a>\n\t\t\t<\/div>\n\t\t\t\t<figcaption class='wp-caption-text gallery-caption' id='gallery-1-47879'>\n\t\t\t\tEugenio Membre\u00f1o y Carlos Huembes recuerdan en las ruinas de la antigua Casa Presidencial donde estaban los s\u00f3tanos en los que cientos fueron torturados. \n\t\t\t\t<\/figcaption><\/figure><figure class='gallery-item'>\n\t\t\t<div class='gallery-icon portrait'>\n\t\t\t\t<a href='https:\/\/staging.laprensanic.com\/magazine\/reportajes\/la-loma-de-tiscapa\/attachment\/la-loma-del-poder-tiscapa7\/'><img loading=\"lazy\" decoding=\"async\" width=\"150\" height=\"150\" src=\"https:\/\/d1xxa24wwackpg.cloudfront.net\/wp-content\/uploads\/2019\/07\/La-Loma-del-poder-Tiscapa7.jpg\" class=\"attachment-thumbnail size-thumbnail\" alt=\"\" aria-describedby=\"gallery-1-47881\" srcset=\"https:\/\/d1xxa24wwackpg.cloudfront.net\/wp-content\/uploads\/2019\/07\/La-Loma-del-poder-Tiscapa7.jpg 150w, https:\/\/d1xxa24wwackpg.cloudfront.net\/wp-content\/uploads\/2019\/07\/La-Loma-del-poder-Tiscapa7.jpg 600w, https:\/\/d1xxa24wwackpg.cloudfront.net\/wp-content\/uploads\/2019\/07\/La-Loma-del-poder-Tiscapa7.jpg 24w, https:\/\/d1xxa24wwackpg.cloudfront.net\/wp-content\/uploads\/2019\/07\/La-Loma-del-poder-Tiscapa7.jpg 48w, https:\/\/d1xxa24wwackpg.cloudfront.net\/wp-content\/uploads\/2019\/07\/La-Loma-del-poder-Tiscapa7.jpg 96w\" sizes=\"(max-width: 150px) 100vw, 150px\" \/><\/a>\n\t\t\t<\/div>\n\t\t\t\t<figcaption class='wp-caption-text gallery-caption' id='gallery-1-47881'>\n\t\t\t\tUno de los calabozos de la Oficina de la Seguridad Nacional somocista ten\u00eda una ventana cubierta por un espejo. Del otro lado de \u00e9se, los guardias y el Somoza de turno pod\u00edan observar y dirigir la tortura contra el prisionero \n\t\t\t\t<\/figcaption><\/figure>\n\t\t<\/div>\n\n<p style=\"text-align: center;\">***<\/p>\n<p>De las 105 veces que Domingo S\u00e1nchez o \u00abChag\u00fcitillo\u00bb estuvo preso, unas doce lo estuvo en la Loma.<\/p>\n<p>La primera vez que lo llevaron preso para all\u00e1 fue el 3 de enero de 1951, cuando a\u00fan estaba de duelo por la muerte de su madre, el 18 de diciembre de 1950. Nunca la explicaron las razones por las que lo deten\u00edan y apresaban. Pero asume que \u00abera por comunista\u00bb.<\/p>\n<p>Desde que lo capturaban le pon\u00edan una capucha y la manten\u00eda durante el d\u00eda y la noche y ni para interrogarlo se la quitaban. Siempre a las cinco de la tarde a cargo de los oficiales del servicio especial anticomunista. Dice que nunca lo golpearon fuerte, pero una vez le dieron a ambos lados de las sienes \u00abcon una especie de matamoscas con electricidad\u00bb Y otra vez lo desnudaron y lo acostaron esposado de manos y pies sobre un catre de alambre sin colch\u00f3n, en un dormitorio abandonado del cuartel de los blindados durante cuatro d\u00edas. \u00abSolo me quitaban la esposa de una mano para comer un bollo de pan y una jarra con caf\u00e9 de leche a las cinco de la ma\u00f1ana, como \u00fanico plato del d\u00eda durante el encierro\u00bb.<\/p>\n<p>Otro d\u00eda en la Loma a \u00abChag\u00fcitillo\u00bb lo metieron a un cuarto lleno de cal en el que era dificil respirar bien y para tratar de hacerlo deb\u00eda pegarse a la puerta y durante nueve d\u00edas no durmi\u00f3 por el temor de morir ahogado.<\/p>\n<p>La \u00faltima vez que lo llevaron preso a la Loma fue antes de 1963, cuando a\u00fan era presidente Luis Somoza. Lo capturaron en Muelle de los Bueyes y de El Rama lo llevaron a la Loma, donde lleg\u00f3 cerca de las once de la noche, pero a las once de la ma\u00f1ana Luis Somoza orden\u00f3 que se lo llevaran a su despacho, donde el mismo lo interrog\u00f3 y luego lo liber\u00f3.<\/p>\n<p style=\"text-align: center;\">***<\/p>\n<p>De la Loma de Tiscapa se relatan muchas leyendas. Algunos la mencionan corno un primitivo sitio para los sacrificios y para otros es el sitio de tortura y muerte, del que se desconocen cifras confiables, durante la dinast\u00eda somocista y el r\u00e9gimen sandinista.<\/p>\n<p>Muchos como Doris Tijerino nunca han regresado a las celdas en las que estuvo presa. Otros como Tom\u00e1s Borge mandan a poner placas que cuentan los nueve meses y las cinco mil horas que permaneci\u00f3 aislado y describen las torturas que padeci\u00f3. Pero de esto poco se divulga en el Parque Hist\u00f3rico de la Loma donde apenas algunas placas y los vestigios de un par de tanquetas cuentan algo de aquellas tragedias.<\/p>\n<h3>Edificaci\u00f3n y destrucci\u00f3n<\/h3>\n<p>Cuando Managua era s\u00f3lo una aldea de pescadores con el Xolotl\u00e1n limitando al Norte y la Loma de Tiscapa al Sur, este sitio era conocido como la \u00abmonta\u00f1a\u00bb. Ah\u00ed funcion\u00f3 el primer servicio domiciliar de agua potable, entre finales del siglo XIX y principios del siglo XX, cuando el entonces futuro Presidente de la Rep\u00fablica Jos\u00e9 Santos Zelaya conservaba una propiedad cafetalera en los que luego se llam\u00f3 Campo de Marte.<\/p>\n<p>La primera Casa Presidencial en la Loma fue inaugurada por Jos\u00e9 Mar\u00eda Moncada el 4 de enero de 1931, pero el terremoto del 31 de marzo de ese a\u00f1o da\u00f1\u00f3 la estructura, que con el terremoto del 23 de diciembre de 1972 fue da\u00f1ada severamente, al punto que se opt\u00f3 por su demolici\u00f3n.<\/p>\n<p>A mediados de los a\u00f1os treinta, Anastasio Somoza Garc\u00eda mand\u00f3 a construir cerca del Palacio Presidencial la residencia del Director de la Guardia Nacional, que fue conocida como La Curva. Ese edificio tambi\u00e9n fue da\u00f1ado por el terremoto de 1972 y en su lugar Anastasio Somoza Debayle mand\u00f3 a construir despu\u00e9s una residencia de una planta en la que conviv\u00eda con su amante Dinorah Sampson.<\/p>\n<p>La residencia ten\u00eda numerosas habitaciones, una amplia sala, comedor y cocina con un cuarto fr\u00edo de gran tama\u00f1o, seg\u00fan detalla el periodista e historiador Roberto S\u00e1nchez Ram\u00edrez, en un reportaje publicado por La Prensa en el 2002. El dormitorio que ocupaban Somoza y Sampson era amplio y a la par hab\u00eda un gran ba\u00f1o con una ba\u00f1era para hidromasajes y un moderno gimnasio. La residencia ahora es utilizada como la Casa de Protocolo del Comandante en Jefe del Ej\u00e9rcito.<\/p>\n<p>Del Palacio Presidencial s\u00f3lo quedan las ruinas. A principios de 1990 se levant\u00f3 ah\u00ed el Monumento a Sandino, ideado por el poeta trapense Ernesto Cardenal, y a\u00f1os despu\u00e9s colocaron a los pies de \u00e9ste los restos del Monumento a Somoza, derribado el 19 de julio de 1979, frente al Estadio Nacional.<\/p>\n<p>Actualmente, bajo la terraza norte se puede visitar una exposici\u00f3n fotogr\u00e1fica permanente primero llamada Sandino Vive, pero en la que ahora se aprecian textos y fotos del libro Noches de Tortura, de Clemente Guido Ch\u00e1vez, padre del ex director de Patrimonio Hist\u00f3rico de la Alcald\u00eda de Managua, Clemente Guido Mart\u00ednez, a cargo de la administraci\u00f3n del Parque Hist\u00f3rico, declarado as\u00ed en 1996, por el Gobierno saliente de do\u00f1a Violeta Barrios de Chamorro.<\/p>\n<p>Los s\u00f3tanos en donde cientos fueron torturados fueron cerrados y mandados a rellenar. Contiguo a las celdas de la Oficina de Seguridad Nacional funciona el Archivo Policial y a las celdas no se permite el acceso de los visitantes del Parque. En las celdas de los Blindados, popularizadas como El Chipote durante el r\u00e9gimen sandinista, ahora funcionan celdas bajo la custodia de la Direcci\u00f3n de Auxilio Judicial de la Polic\u00eda Nacional. El resto de instalaciones est\u00e1n ocupadas por el Estado Mayor del Ej\u00e9rcito de Nicaragua y la Comandancia de la Fuerza Naval.<\/p>\n<figure id=\"attachment_47876\" aria-describedby=\"caption-attachment-47876\" style=\"width: 700px\" class=\"wp-caption aligncenter\"><a href=\"https:\/\/gep90.laprensa.com.ni\/magazine\/wp-content\/uploads\/2019\/07\/La-Loma-del-poder-Tiscapalk.jpg\"><img loading=\"lazy\" decoding=\"async\" class=\"size-full wp-image-47876\" src=\"https:\/\/gep90.laprensa.com.ni\/magazine\/wp-content\/uploads\/2019\/07\/La-Loma-del-poder-Tiscapalk.jpg\" alt=\"\" width=\"700\" height=\"477\" srcset=\"https:\/\/d1xxa24wwackpg.cloudfront.net\/wp-content\/uploads\/2019\/07\/La-Loma-del-poder-Tiscapalk.jpg 700w, https:\/\/d1xxa24wwackpg.cloudfront.net\/wp-content\/uploads\/2019\/07\/La-Loma-del-poder-Tiscapalk.jpg 300w\" sizes=\"(max-width: 700px) 100vw, 700px\" \/><\/a><figcaption id=\"caption-attachment-47876\" class=\"wp-caption-text\">Vista de la antigua Casa Presidencial. La puerta de abajo, al centro, llevaba a los s\u00f3tanos.<\/figcaption><\/figure>\n","protected":false},"excerpt":{"rendered":"<p>Durante casi sesenta a\u00f1os, La Loma de Tiscapa aloj\u00f3 a los actores de la congestionada vida pol\u00edtica nicarag\u00fcense, desde cuando ah\u00ed se inaugur\u00f3 la primera Casa Presidencial en 1931 hasta que el FSLN perdi\u00f3 el poder en 1990. La mayor parte de este tiempo, la Loma, ahora convertida en parque, fue un feudo pol\u00edtico y militar, icono de tortura y muerte<\/p>\n","protected":false},"author":46,"featured_media":47874,"comment_status":"open","ping_status":"open","sticky":false,"template":"","format":"standard","meta":{"_acf_changed":false,"footnotes":""},"categories":[26],"tags":[1256,1555,7],"class_list":["post-47872","post","type-post","status-publish","format-standard","has-post-thumbnail","hentry","category-reportajes","tag-anastasio-somoza-debayle","tag-anastasio-somoza-garcia","tag-fsln"],"acf":[],"_links":{"self":[{"href":"https:\/\/staging.laprensanic.com\/magazine\/wp-json\/wp\/v2\/posts\/47872","targetHints":{"allow":["GET"]}}],"collection":[{"href":"https:\/\/staging.laprensanic.com\/magazine\/wp-json\/wp\/v2\/posts"}],"about":[{"href":"https:\/\/staging.laprensanic.com\/magazine\/wp-json\/wp\/v2\/types\/post"}],"author":[{"embeddable":true,"href":"https:\/\/staging.laprensanic.com\/magazine\/wp-json\/wp\/v2\/users\/46"}],"replies":[{"embeddable":true,"href":"https:\/\/staging.laprensanic.com\/magazine\/wp-json\/wp\/v2\/comments?post=47872"}],"version-history":[{"count":4,"href":"https:\/\/staging.laprensanic.com\/magazine\/wp-json\/wp\/v2\/posts\/47872\/revisions"}],"predecessor-version":[{"id":47893,"href":"https:\/\/staging.laprensanic.com\/magazine\/wp-json\/wp\/v2\/posts\/47872\/revisions\/47893"}],"wp:featuredmedia":[{"embeddable":true,"href":"https:\/\/staging.laprensanic.com\/magazine\/wp-json\/wp\/v2\/media\/47874"}],"wp:attachment":[{"href":"https:\/\/staging.laprensanic.com\/magazine\/wp-json\/wp\/v2\/media?parent=47872"}],"wp:term":[{"taxonomy":"category","embeddable":true,"href":"https:\/\/staging.laprensanic.com\/magazine\/wp-json\/wp\/v2\/categories?post=47872"},{"taxonomy":"post_tag","embeddable":true,"href":"https:\/\/staging.laprensanic.com\/magazine\/wp-json\/wp\/v2\/tags?post=47872"}],"curies":[{"name":"wp","href":"https:\/\/api.w.org\/{rel}","templated":true}]}}