{"id":48007,"date":"2011-06-26T17:38:07","date_gmt":"2011-06-26T17:38:07","guid":{"rendered":"http:\/\/gep90.laprensa.com.ni\/magazine\/?p=48007"},"modified":"2020-07-27T21:36:50","modified_gmt":"2020-07-28T03:36:50","slug":"la-otra-costa-rica-2","status":"publish","type":"post","link":"https:\/\/staging.laprensanic.com\/magazine\/reportajes\/la-otra-costa-rica-2\/","title":{"rendered":"La Costa Rica de los exiliados"},"content":{"rendered":"<p style=\"text-align: center;\">El pa\u00eds que hoy deporta un promedio de cinco a diez nicarag\u00fcenses por d\u00eda es el mismo que cuarenta o treinta a\u00f1os atr\u00e1s abri\u00f3 las puertas a cientos de nacionales acosados por la dinast\u00eda somocista o inconformes con el r\u00e9gimen sandinista que le continu\u00f3. As\u00ed vivieron los nicarag\u00fcenses en la Costa Rica que les dio la mano en tiempos duros<\/p>\n<p style=\"text-align: center;\"><strong>Arlen Cerda<\/strong><br \/>\n<strong>Fotos de La Prensa \/ Archivo y Cortes\u00edas<\/strong><\/p>\n<p>Aunque la noticia todav\u00eda solo era un rumor de boca en boca, esa ma\u00f1ana decenas de costarricenses comenzaron a juntarse desde temprano en la Avenida Central de San Jos\u00e9. Luego, las radios confirmaban la informaci\u00f3n: \u201cAnastasio Somoza Debayle abandon\u00f3 Nicaragua hoy 17 de julio a las 2:00 de la madrugada&#8230; Un helic\u00f3ptero lo traslad\u00f3 desde la Loma de Tiscapa al Aeropuerto Internacional Las Mercedes, de donde parti\u00f3 hacia Miami&#8230;\u201d<\/p>\n<p>Para esa hora, quiz\u00e1 alrededor de las ocho de la ma\u00f1ana el circuito central de San Jos\u00e9 ya estaba repleto de gente agitando la Bandera nicarag\u00fcense en celebraci\u00f3n de la huida del dictador, quien catorce meses m\u00e1s tarde muri\u00f3 por un atentado en la Asunci\u00f3n, Paraguay, donde se hab\u00eda instalado con su amante Dinorah Sampson.<\/p>\n<p>\u00abEn la avenida principal de San Jos\u00e9 tambi\u00e9n hab\u00eda muchos nicarag\u00fcenses \u2014recuerda el acad\u00e9mico Carlos T\u00fcnnermann Bernheim, entonces miembro de un grupo de personalidades que apoy\u00f3 p\u00fablicamente la lucha armada del Frente Sandinista en Nicaragua\u2014, pero la mayor\u00eda eran costarricenses. Todos celebrando una victoria nicarag\u00fcense que por su involucramiento y solidaridad con la revoluci\u00f3n tambi\u00e9n sent\u00edan suya, porque ellos acogieron a centenares de nicarag\u00fcenses e incluso colaboraron con la lucha armada en contra de Somoza\u00bb.<\/p>\n<p><strong>Le puede interesar: <a href=\"https:\/\/gep90.laprensa.com.ni\/magazine\/reportaje\/cuando-somoza-invadio-costa-rica\/\">Cuando Somoza invadi\u00f3 Costa Rica<\/a><\/strong><\/p>\n<p>No hay un n\u00famero exacto de cu\u00e1ntos nicarag\u00fcenses se instalaron en Costa Rica desde que Somoza recrudeci\u00f3 su r\u00e9gimen. Pero s\u00ed se cuentan por miles a los intelectuales perseguidos, cuadros estrat\u00e9gicos clandestinos, heridos que fueron atendidos en los hospitales de San Jos\u00e9, simpatizantes y colaboradores de la causa. Hombres, mujeres, muchos j\u00f3venes y a veces familias enteras, que a\u00fan hoy recuerdan a una Costa Rica muy distinta a la que de hoy dan cuenta los medios de comunicaci\u00f3n, con noticias sobre rechazo y xenofobia hacia los nicarag\u00fcenses, pues la que ellos conocen es una Costa Rica de puertas abiertas.<\/p>\n<figure id=\"attachment_48021\" aria-describedby=\"caption-attachment-48021\" style=\"width: 720px\" class=\"wp-caption aligncenter\"><a href=\"https:\/\/gep90.laprensa.com.ni\/magazine\/wp-content\/uploads\/2019\/07\/46175-1.jpg\"><img fetchpriority=\"high\" decoding=\"async\" class=\"size-full wp-image-48021\" src=\"https:\/\/gep90.laprensa.com.ni\/magazine\/wp-content\/uploads\/2019\/07\/46175-1.jpg\" alt=\"Fotos de La Prensa\/ Archivo y Cortes\u00edas\" width=\"720\" height=\"473\" srcset=\"https:\/\/d1xxa24wwackpg.cloudfront.net\/wp-content\/uploads\/2019\/07\/46175-1.jpg 720w, https:\/\/d1xxa24wwackpg.cloudfront.net\/wp-content\/uploads\/2019\/07\/46175-1.jpg 300w\" sizes=\"(max-width: 720px) 100vw, 720px\" \/><\/a><figcaption id=\"caption-attachment-48021\" class=\"wp-caption-text\">La estabilidad pol\u00edtica de Costa Rica fue una de las razones por las que decenas de nicarag\u00fcenses, obligados a abandonar Nicaragua durante la dictadura somocista, prefirieron instalarse ah\u00ed, en lugar de ir a Honduras o El Salvador.<\/figcaption><\/figure>\n<p style=\"text-align: center;\">***<\/p>\n<p>D\u00edas antes de entregar la rector\u00eda de la Universidad Nacional Aut\u00f3noma de Nicaragua (UNAN) en Le\u00f3n, Carlos T\u00fcnnermann Bernheim ya sab\u00eda que deb\u00eda salir de Nicaragua, pues hasta el que a\u00fan era su despacho recibi\u00f3 un mensaje que se lo dej\u00f3 bien claro. \u00abAhora que ya no ser\u00e1 m\u00e1s el rector, me permito informarle que hay una factura pendiente\u00bb, le mand\u00f3 a decir Anastasio Somoza Debayle, en clara advertencia de que mandar\u00eda a buscar su cabeza.<\/p>\n<p>\u00abDe alguna manera \u00e9l me culpaba por las revueltas universitarias que le causaban un gran dolor de cabeza y no me qued\u00e9 para averiguar cu\u00e1nto me iba a cobrar. Al d\u00eda siguiente del traspaso de la rector\u00eda sal\u00ed con mi esposa y mis hijos hacia Colombia, donde dirig\u00ed un programa de la Unesco en Bogot\u00e1\u00bb, recuerda el acad\u00e9mico.<\/p>\n<p>Dos a\u00f1os m\u00e1s tarde, T\u00fcnnermann estaba listo para continuar su trabajo en la Unesco, a cargo de un programa en Venezuela, cuando luego de una pl\u00e1tica con el escritor Sergio Ram\u00edrez, decidi\u00f3 que se instalar\u00eda en San Jos\u00e9 para apoyar desde ah\u00ed la lucha en contra de la dictadura somocista.<\/p>\n<p>Era el principio del que m\u00e1s tarde el director de LA PRENSA, Pedro Joaqu\u00edn Chamorro, bautiz\u00f3 como \u00abel Grupo de los Doce\u00bb, pues doce de las personalidades de la \u00e9poca que comenzaban a juntarse en Costa Rica decidieron apoyar p\u00fablicamente la a\u00fan rechazada lucha armada del Frente Sandinista en contra de la dictadura de Somoza Debayle.<\/p>\n<p><strong>Lea tambi\u00e9n: <a href=\"https:\/\/gep90.laprensa.com.ni\/magazine\/reportaje\/los-apostoles-de-la-guerrilla\/\">Los ap\u00f3stoles de la guerrilla\u00a0<\/a><\/strong><\/p>\n<p>Las condiciones para que este grupo y otras iniciativas para poner fin a la dictadura somocista se iniciaran en Costa Rica fueron \u2014seg\u00fan coinciden T\u00fcnnermann y Ram\u00edrez\u2014 que mientras cientos de nicarag\u00fcenses eran perseguidos por la dictadura somocista y otros m\u00e1s hu\u00edan de otros pa\u00edses de Centroam\u00e9rica, \u00abCosta Rica era el oasis democr\u00e1tico\u00bb.<\/p>\n<div id='gallery-1' class='gallery galleryid-48007 gallery-columns-3 gallery-size-thumbnail'><figure class='gallery-item'>\n\t\t\t<div class='gallery-icon landscape'>\n\t\t\t\t<a href='https:\/\/staging.laprensanic.com\/magazine\/reportajes\/la-otra-costa-rica-2\/attachment\/la-otra-costa-rica-3\/'><img decoding=\"async\" width=\"150\" height=\"150\" src=\"https:\/\/d1xxa24wwackpg.cloudfront.net\/wp-content\/uploads\/2019\/07\/La-otra-Costa-Rica-3.jpg\" class=\"attachment-thumbnail size-thumbnail\" alt=\"Fotos de La Prensa\/ Archivo y Cortes\u00edas\" aria-describedby=\"gallery-1-48011\" srcset=\"https:\/\/d1xxa24wwackpg.cloudfront.net\/wp-content\/uploads\/2019\/07\/La-otra-Costa-Rica-3.jpg 150w, https:\/\/d1xxa24wwackpg.cloudfront.net\/wp-content\/uploads\/2019\/07\/La-otra-Costa-Rica-3.jpg 600w, https:\/\/d1xxa24wwackpg.cloudfront.net\/wp-content\/uploads\/2019\/07\/La-otra-Costa-Rica-3.jpg 24w, https:\/\/d1xxa24wwackpg.cloudfront.net\/wp-content\/uploads\/2019\/07\/La-otra-Costa-Rica-3.jpg 48w, https:\/\/d1xxa24wwackpg.cloudfront.net\/wp-content\/uploads\/2019\/07\/La-otra-Costa-Rica-3.jpg 96w\" sizes=\"(max-width: 150px) 100vw, 150px\" \/><\/a>\n\t\t\t<\/div>\n\t\t\t\t<figcaption class='wp-caption-text gallery-caption' id='gallery-1-48011'>\n\t\t\t\tAlejandro Serrano Caldera y Sergio Ram\u00edrez (al centro) visitan a los nicarag\u00fcenses de la escuela de formaci\u00f3n pol\u00edtica social dem\u00f3crata, en San Isidro de Coronado, 1961. \n\t\t\t\t<\/figcaption><\/figure><figure class='gallery-item'>\n\t\t\t<div class='gallery-icon landscape'>\n\t\t\t\t<a href='https:\/\/staging.laprensanic.com\/magazine\/reportajes\/la-otra-costa-rica-2\/attachment\/la-otra-costa-rica-3-1\/'><img decoding=\"async\" width=\"150\" height=\"150\" src=\"https:\/\/d1xxa24wwackpg.cloudfront.net\/wp-content\/uploads\/2019\/07\/La-otra-Costa-Rica-3-1.jpg\" class=\"attachment-thumbnail size-thumbnail\" alt=\"Fotos de La Prensa\/ Archivo y Cortes\u00edas\" aria-describedby=\"gallery-1-48012\" srcset=\"https:\/\/d1xxa24wwackpg.cloudfront.net\/wp-content\/uploads\/2019\/07\/La-otra-Costa-Rica-3-1.jpg 150w, https:\/\/d1xxa24wwackpg.cloudfront.net\/wp-content\/uploads\/2019\/07\/La-otra-Costa-Rica-3-1.jpg 24w, https:\/\/d1xxa24wwackpg.cloudfront.net\/wp-content\/uploads\/2019\/07\/La-otra-Costa-Rica-3-1.jpg 48w, https:\/\/d1xxa24wwackpg.cloudfront.net\/wp-content\/uploads\/2019\/07\/La-otra-Costa-Rica-3-1.jpg 96w\" sizes=\"(max-width: 150px) 100vw, 150px\" \/><\/a>\n\t\t\t<\/div>\n\t\t\t\t<figcaption class='wp-caption-text gallery-caption' id='gallery-1-48012'>\n\t\t\t\tCarlos T\u00fcnnermann Bernheim, como secretario general del Consejo Superior Universitario Centroamericano, a principios de los sesenta. \n\t\t\t\t<\/figcaption><\/figure><figure class='gallery-item'>\n\t\t\t<div class='gallery-icon landscape'>\n\t\t\t\t<a href='https:\/\/staging.laprensanic.com\/magazine\/reportajes\/la-otra-costa-rica-2\/attachment\/la-otra-costa-rica-3-2\/'><img loading=\"lazy\" decoding=\"async\" width=\"150\" height=\"150\" src=\"https:\/\/d1xxa24wwackpg.cloudfront.net\/wp-content\/uploads\/2019\/07\/La-otra-Costa-Rica-3-2.jpg\" class=\"attachment-thumbnail size-thumbnail\" alt=\"Fotos de La Prensa\/ Archivo y Cortes\u00edas\" aria-describedby=\"gallery-1-48013\" srcset=\"https:\/\/d1xxa24wwackpg.cloudfront.net\/wp-content\/uploads\/2019\/07\/La-otra-Costa-Rica-3-2.jpg 150w, https:\/\/d1xxa24wwackpg.cloudfront.net\/wp-content\/uploads\/2019\/07\/La-otra-Costa-Rica-3-2.jpg 24w, https:\/\/d1xxa24wwackpg.cloudfront.net\/wp-content\/uploads\/2019\/07\/La-otra-Costa-Rica-3-2.jpg 48w, https:\/\/d1xxa24wwackpg.cloudfront.net\/wp-content\/uploads\/2019\/07\/La-otra-Costa-Rica-3-2.jpg 96w\" sizes=\"(max-width: 150px) 100vw, 150px\" \/><\/a>\n\t\t\t<\/div>\n\t\t\t\t<figcaption class='wp-caption-text gallery-caption' id='gallery-1-48013'>\n\t\t\t\tLuis Enrique Mej\u00eda, en acto de solidaridad por Nicaragua, en 1978. \n\t\t\t\t<\/figcaption><\/figure><figure class='gallery-item'>\n\t\t\t<div class='gallery-icon landscape'>\n\t\t\t\t<a href='https:\/\/staging.laprensanic.com\/magazine\/reportajes\/la-otra-costa-rica-2\/attachment\/la-otra-costa-rica-3-3\/'><img loading=\"lazy\" decoding=\"async\" width=\"150\" height=\"150\" src=\"https:\/\/d1xxa24wwackpg.cloudfront.net\/wp-content\/uploads\/2019\/07\/La-otra-Costa-Rica-3-3.jpg\" class=\"attachment-thumbnail size-thumbnail\" alt=\"Fotos de La Prensa\/ Archivo y Cortes\u00edas\" aria-describedby=\"gallery-1-48014\" srcset=\"https:\/\/d1xxa24wwackpg.cloudfront.net\/wp-content\/uploads\/2019\/07\/La-otra-Costa-Rica-3-3.jpg 150w, https:\/\/d1xxa24wwackpg.cloudfront.net\/wp-content\/uploads\/2019\/07\/La-otra-Costa-Rica-3-3.jpg 24w, https:\/\/d1xxa24wwackpg.cloudfront.net\/wp-content\/uploads\/2019\/07\/La-otra-Costa-Rica-3-3.jpg 48w, https:\/\/d1xxa24wwackpg.cloudfront.net\/wp-content\/uploads\/2019\/07\/La-otra-Costa-Rica-3-3.jpg 96w\" sizes=\"(max-width: 150px) 100vw, 150px\" \/><\/a>\n\t\t\t<\/div>\n\t\t\t\t<figcaption class='wp-caption-text gallery-caption' id='gallery-1-48014'>\n\t\t\t\tErnesto Cardenal y Tito Castillo en el campamento Garc\u00eda Laviana en Pe\u00f1as Blancas, Costa Rica. \n\t\t\t\t<\/figcaption><\/figure><figure class='gallery-item'>\n\t\t\t<div class='gallery-icon landscape'>\n\t\t\t\t<a href='https:\/\/staging.laprensanic.com\/magazine\/reportajes\/la-otra-costa-rica-2\/attachment\/la-otra-costa-rica-5\/'><img loading=\"lazy\" decoding=\"async\" width=\"150\" height=\"150\" src=\"https:\/\/d1xxa24wwackpg.cloudfront.net\/wp-content\/uploads\/2019\/07\/La-otra-Costa-Rica-5.jpg\" class=\"attachment-thumbnail size-thumbnail\" alt=\"Fotos de La Prensa\/ Archivo y Cortes\u00edas\" aria-describedby=\"gallery-1-48016\" srcset=\"https:\/\/d1xxa24wwackpg.cloudfront.net\/wp-content\/uploads\/2019\/07\/La-otra-Costa-Rica-5.jpg 150w, https:\/\/d1xxa24wwackpg.cloudfront.net\/wp-content\/uploads\/2019\/07\/La-otra-Costa-Rica-5.jpg 600w, https:\/\/d1xxa24wwackpg.cloudfront.net\/wp-content\/uploads\/2019\/07\/La-otra-Costa-Rica-5.jpg 24w, https:\/\/d1xxa24wwackpg.cloudfront.net\/wp-content\/uploads\/2019\/07\/La-otra-Costa-Rica-5.jpg 48w, https:\/\/d1xxa24wwackpg.cloudfront.net\/wp-content\/uploads\/2019\/07\/La-otra-Costa-Rica-5.jpg 96w\" sizes=\"(max-width: 150px) 100vw, 150px\" \/><\/a>\n\t\t\t<\/div>\n\t\t\t\t<figcaption class='wp-caption-text gallery-caption' id='gallery-1-48016'>\n\t\t\t\tLuego de colaborar en las transmisiones clandestinas de Radio Sandino, la poeta Daisy Zamora se integr\u00f3 al gobierno del Frente Sandinista como viceministra de Cultura, junto a Ernesto Cardenal. \n\t\t\t\t<\/figcaption><\/figure><figure class='gallery-item'>\n\t\t\t<div class='gallery-icon landscape'>\n\t\t\t\t<a href='https:\/\/staging.laprensanic.com\/magazine\/reportajes\/la-otra-costa-rica-2\/attachment\/la-otra-costa-rica-foto-1\/'><img loading=\"lazy\" decoding=\"async\" width=\"150\" height=\"150\" src=\"https:\/\/d1xxa24wwackpg.cloudfront.net\/wp-content\/uploads\/2019\/07\/La-otra-Costa-Rica-Foto-1.jpg\" class=\"attachment-thumbnail size-thumbnail\" alt=\"Fotos de La Prensa\/ Archivo y Cortes\u00edas\" aria-describedby=\"gallery-1-48017\" srcset=\"https:\/\/d1xxa24wwackpg.cloudfront.net\/wp-content\/uploads\/2019\/07\/La-otra-Costa-Rica-Foto-1.jpg 150w, https:\/\/d1xxa24wwackpg.cloudfront.net\/wp-content\/uploads\/2019\/07\/La-otra-Costa-Rica-Foto-1.jpg 600w, https:\/\/d1xxa24wwackpg.cloudfront.net\/wp-content\/uploads\/2019\/07\/La-otra-Costa-Rica-Foto-1.jpg 24w, https:\/\/d1xxa24wwackpg.cloudfront.net\/wp-content\/uploads\/2019\/07\/La-otra-Costa-Rica-Foto-1.jpg 48w, https:\/\/d1xxa24wwackpg.cloudfront.net\/wp-content\/uploads\/2019\/07\/La-otra-Costa-Rica-Foto-1.jpg 96w\" sizes=\"(max-width: 150px) 100vw, 150px\" \/><\/a>\n\t\t\t<\/div>\n\t\t\t\t<figcaption class='wp-caption-text gallery-caption' id='gallery-1-48017'>\n\t\t\t\tEn 1983 Elsie Rivas Anduray cant\u00f3 en el coro que recibi\u00f3 a Juan Pablo II en Costa Rica. \n\n\t\t\t\t<\/figcaption><\/figure><figure class='gallery-item'>\n\t\t\t<div class='gallery-icon landscape'>\n\t\t\t\t<a href='https:\/\/staging.laprensanic.com\/magazine\/reportajes\/la-otra-costa-rica-2\/attachment\/la-otra-costa-rica-foto-2\/'><img loading=\"lazy\" decoding=\"async\" width=\"150\" height=\"150\" src=\"https:\/\/d1xxa24wwackpg.cloudfront.net\/wp-content\/uploads\/2019\/07\/La-otra-Costa-Rica-Foto-2.jpg\" class=\"attachment-thumbnail size-thumbnail\" alt=\"Fotos de La Prensa\/ Archivo y Cortes\u00edas\" aria-describedby=\"gallery-1-48018\" srcset=\"https:\/\/d1xxa24wwackpg.cloudfront.net\/wp-content\/uploads\/2019\/07\/La-otra-Costa-Rica-Foto-2.jpg 150w, https:\/\/d1xxa24wwackpg.cloudfront.net\/wp-content\/uploads\/2019\/07\/La-otra-Costa-Rica-Foto-2.jpg 600w, https:\/\/d1xxa24wwackpg.cloudfront.net\/wp-content\/uploads\/2019\/07\/La-otra-Costa-Rica-Foto-2.jpg 24w, https:\/\/d1xxa24wwackpg.cloudfront.net\/wp-content\/uploads\/2019\/07\/La-otra-Costa-Rica-Foto-2.jpg 48w, https:\/\/d1xxa24wwackpg.cloudfront.net\/wp-content\/uploads\/2019\/07\/La-otra-Costa-Rica-Foto-2.jpg 96w\" sizes=\"(max-width: 150px) 100vw, 150px\" \/><\/a>\n\t\t\t<\/div>\n\t\t\t\t<figcaption class='wp-caption-text gallery-caption' id='gallery-1-48018'>\n\t\t\t\tElsie Rivas Anduray se bachiller\u00f3 en Costa Rica. \n\t\t\t\t<\/figcaption><\/figure><figure class='gallery-item'>\n\t\t\t<div class='gallery-icon landscape'>\n\t\t\t\t<a href='https:\/\/staging.laprensanic.com\/magazine\/reportajes\/la-otra-costa-rica-2\/attachment\/la-otra-costa-rica-foto-3\/'><img loading=\"lazy\" decoding=\"async\" width=\"150\" height=\"150\" src=\"https:\/\/d1xxa24wwackpg.cloudfront.net\/wp-content\/uploads\/2019\/07\/La-otra-Costa-Rica-Foto-3.jpg\" class=\"attachment-thumbnail size-thumbnail\" alt=\"Fotos de La Prensa\/ Archivo y Cortes\u00edas\" aria-describedby=\"gallery-1-48019\" srcset=\"https:\/\/d1xxa24wwackpg.cloudfront.net\/wp-content\/uploads\/2019\/07\/La-otra-Costa-Rica-Foto-3.jpg 150w, https:\/\/d1xxa24wwackpg.cloudfront.net\/wp-content\/uploads\/2019\/07\/La-otra-Costa-Rica-Foto-3.jpg 600w, https:\/\/d1xxa24wwackpg.cloudfront.net\/wp-content\/uploads\/2019\/07\/La-otra-Costa-Rica-Foto-3.jpg 24w, https:\/\/d1xxa24wwackpg.cloudfront.net\/wp-content\/uploads\/2019\/07\/La-otra-Costa-Rica-Foto-3.jpg 48w, https:\/\/d1xxa24wwackpg.cloudfront.net\/wp-content\/uploads\/2019\/07\/La-otra-Costa-Rica-Foto-3.jpg 96w\" sizes=\"(max-width: 150px) 100vw, 150px\" \/><\/a>\n\t\t\t<\/div>\n\t\t\t\t<figcaption class='wp-caption-text gallery-caption' id='gallery-1-48019'>\n\t\t\t\tCon su esposo, el costarricense Hern\u00e1n Dur\u00e1n y familiares pol\u00edticos. \n\t\t\t\t<\/figcaption><\/figure><figure class='gallery-item'>\n\t\t\t<div class='gallery-icon landscape'>\n\t\t\t\t<a href='https:\/\/staging.laprensanic.com\/magazine\/reportajes\/la-otra-costa-rica-2\/attachment\/la-otra-costa-rica-foto-4\/'><img loading=\"lazy\" decoding=\"async\" width=\"150\" height=\"150\" src=\"https:\/\/d1xxa24wwackpg.cloudfront.net\/wp-content\/uploads\/2019\/07\/La-otra-Costa-Rica-Foto-4.jpg\" class=\"attachment-thumbnail size-thumbnail\" alt=\"Fotos de La Prensa\/ Archivo y Cortes\u00edas\" aria-describedby=\"gallery-1-48020\" srcset=\"https:\/\/d1xxa24wwackpg.cloudfront.net\/wp-content\/uploads\/2019\/07\/La-otra-Costa-Rica-Foto-4.jpg 150w, https:\/\/d1xxa24wwackpg.cloudfront.net\/wp-content\/uploads\/2019\/07\/La-otra-Costa-Rica-Foto-4.jpg 600w, https:\/\/d1xxa24wwackpg.cloudfront.net\/wp-content\/uploads\/2019\/07\/La-otra-Costa-Rica-Foto-4.jpg 24w, https:\/\/d1xxa24wwackpg.cloudfront.net\/wp-content\/uploads\/2019\/07\/La-otra-Costa-Rica-Foto-4.jpg 48w, https:\/\/d1xxa24wwackpg.cloudfront.net\/wp-content\/uploads\/2019\/07\/La-otra-Costa-Rica-Foto-4.jpg 96w\" sizes=\"(max-width: 150px) 100vw, 150px\" \/><\/a>\n\t\t\t<\/div>\n\t\t\t\t<figcaption class='wp-caption-text gallery-caption' id='gallery-1-48020'>\n\t\t\t\tLuis Enrique Mej\u00eda con sus hijos Alejandro y Am\u00e9rica, en 1975. \n\t\t\t\t<\/figcaption><\/figure>\n\t\t<\/div>\n\n<p style=\"text-align: center;\">***<\/p>\n<p>A Carlos T\u00fcnnermann no le result\u00f3 dif\u00edcil instalarse para entonces en ese pa\u00eds, pues cuando residi\u00f3 ah\u00ed por primera vez, entre 1960 y 1964 como secretario general del Consejo Superior Universitario Centroamericano, advirti\u00f3 las diferencias culturales entre Nicaragua y Costa Rica.<\/p>\n<p>Esta vez, por ejemplo, ni se le ocurr\u00eda invitar a sus vecinos a una recepci\u00f3n para presentarse, no solo porque la situaci\u00f3n y las razones de su segunda estad\u00eda no lo ameritaban, sino porque cuando lo hizo la primera vez nadie lleg\u00f3 a la recepci\u00f3n, una oportunidad que est\u00e1 seguro no hubiera pasado de largo ning\u00fan nicarag\u00fcense.<\/p>\n<p>Sergio Ram\u00edrez tambi\u00e9n experiment\u00f3 esas diferencias. Algo que entendi\u00f3 en sus catorce a\u00f1os de residencia en Costa Rica fue la frase \u00abpase por casa\u00bb, con la que los costarricenses terminan corteses cualquier conversaci\u00f3n.<\/p>\n<p>\u00abLa fama de los ticos era que no abr\u00edan las puertas de sus casas para agasajar a ning\u00fan visitante, y que la cortes\u00eda terminaba con la frase &#8216;pase por casa&#8217;, que nunca se cumpl\u00eda porque se trataba de una invitaci\u00f3n abstracta, sin hora ni fecha\u00bb, recuerda Ram\u00edrez, y habr\u00eda que agregar que a veces ni siquiera revelaban la direcci\u00f3n.<\/p>\n<p>Otra de las situaciones que enfrentaron estos nicarag\u00fcenses en Costa Rica, es que a algunos no les cre\u00edan que eran nicarag\u00fcenses, como al cantautor Luis Enrique Mej\u00eda Godoy, a quien por blanco y coloch\u00f3n m\u00e1s de alguna vez lo creyeron tico, a pesar de que era un nicarag\u00fcense que durante 12 a\u00f1os residi\u00f3 ilegalmente en ese pa\u00eds.<\/p>\n<figure id=\"attachment_40464\" aria-describedby=\"caption-attachment-40464\" style=\"width: 700px\" class=\"wp-caption aligncenter\"><a href=\"https:\/\/gep90.laprensa.com.ni\/magazine\/wp-content\/uploads\/2018\/02\/Los-ap\u00f3stoles-de-la-guerr-1.jpg\"><img loading=\"lazy\" decoding=\"async\" class=\"wp-image-40464 size-full\" src=\"https:\/\/gep90.laprensa.com.ni\/magazine\/wp-content\/uploads\/2018\/02\/Los-ap\u00f3stoles-de-la-guerr-1.jpg\" alt=\"Magazine\/La Prensa\/Cortes\u00eda\" width=\"700\" height=\"507\" srcset=\"https:\/\/d1xxa24wwackpg.cloudfront.net\/wp-content\/uploads\/2018\/02\/07140942\/Los-ap%C3%B3stoles-de-la-guerr-1.jpg 700w, https:\/\/d1xxa24wwackpg.cloudfront.net\/wp-content\/uploads\/2018\/02\/07140942\/Los-ap%C3%B3stoles-de-la-guerr-1.jpg 300w, https:\/\/d1xxa24wwackpg.cloudfront.net\/wp-content\/uploads\/2018\/02\/07140942\/Los-ap%C3%B3stoles-de-la-guerr-1.jpg 600w\" sizes=\"(max-width: 700px) 100vw, 700px\" \/><\/a><figcaption id=\"caption-attachment-40464\" class=\"wp-caption-text\">Parte del Grupo de los Doce, en la casa donde vivi\u00f3 Ernesto Castillo en las afueras de San Jos\u00e9 (1977). De izquierda a derecha: Ernesto Castillo, Carlos Guti\u00e9rrez, Ricardo Coronel, Casimiro Sotelo, Joaqu\u00edn Cuadra, Sergio Ram\u00edrez, Emilio Baltodano, Fernando Cardenal, Carlos T\u00fcnnermann y Miguel D&#8217;Escoto.<\/figcaption><\/figure>\n<p style=\"text-align: center;\">***<\/p>\n<p>La historia de Luis Enrique Mej\u00eda Godoy en Costa Rica inici\u00f3 como la de un joven del norte de Nicaragua a quien sus padres lo enviaron a estudiar Medicina. Ten\u00eda veinte a\u00f1os, su pasaporte al d\u00eda y una residencia estudiantil. Y as\u00ed empez\u00f3 en aquel pa\u00eds, pero termin\u00f3 de una manera totalmente distinta, una vez que la cosquillita de la m\u00fasica termin\u00f3 de seducirlo.<\/p>\n<p><strong>Le adem\u00e1s: <a href=\"https:\/\/gep90.laprensa.com.ni\/magazine\/reportaje\/el-cantor-de-nicaragua\/\">El cantor de Nicaragua<\/a><\/strong><\/p>\n<p>\u00abEn Costa Rica, descubr\u00ed que hab\u00eda incre\u00edbles condiciones para desarrollar mi pasi\u00f3n y mi talento por la m\u00fasica\u00bb, recuerda quien dej\u00f3 la medicina por la m\u00fasica y le fue tan bien, que al a\u00f1o tocaba con Los Rufos y a los dos a\u00f1os era conocido en toda aquella naci\u00f3n, aunque por desafiar la decisi\u00f3n de sus padres le toc\u00f3 mantenerse ah\u00ed por su cuenta.<\/p>\n<p>En Costa Rica, Luis Enrique Mej\u00eda conoci\u00f3 a Sandino. Compr\u00f3 un libro en una tienda, lo estudi\u00f3 en las bibliotecas y as\u00ed supo m\u00e1s de quien en Nicaragua estaba vetado porque los Somoza lo presentaban como un bandolero.<\/p>\n<p>A Milena Zamora, una tecn\u00f3loga m\u00e9dica, hermana de la poetisa Daisy Zamora, tambi\u00e9n lo primero que le llam\u00f3 la atenci\u00f3n de Costa Rica fue la libertad de pensamiento, expresi\u00f3n y movilizaci\u00f3n.<\/p>\n<p>Ella lleg\u00f3 a Costa Rica a mediados de 1978 para visitar a su hermana en el exilio y no regres\u00f3 hasta en agosto de 1979, un mes despu\u00e9s del triunfo de la revoluci\u00f3n. Puesta all\u00e1, Milena se qued\u00f3 para colaborar en la atenci\u00f3n de los heridos desde la Base 00, ubicada cerca de la Iglesia de Ujarraz, con las casas de seguridad que el Frente Sandinista ten\u00eda distribuidas en Costa Rica, principalmente en la capital, aun cuando luego del triunfo de la revoluci\u00f3n unos 300 heridos quedaron a su suerte en los hospitales de San Jos\u00e9.<\/p>\n<p>Luis Enrique Mej\u00eda tampoco regres\u00f3 a Nicaragua en cuanto triunf\u00f3 la revoluci\u00f3n.<\/p>\n<p>Despu\u00e9s de doce a\u00f1os en Costa Rica, \u00absent\u00eda que deb\u00eda agradecer al pueblo costarricense que me acogi\u00f3 y quise organizar un concierto, que me permitieron realizar en el Teatro Nacional y lo llam\u00e9 Volver\u00e9 a mi Pueblo\u00bb, recuerda. Seg\u00fan el cantautor, en Costa Rica fue donde creci\u00f3 personal y art\u00edsticamente, al punto de que a pesar de su cercan\u00eda e inter\u00e9s en Nicaragua, fue a su regreso al pa\u00eds natal cuando se sinti\u00f3 extra\u00f1o.<\/p>\n<p>En Nicaragua no ten\u00eda casa ni trabajo y de Costa Rica lo \u00fanico que trajo con \u00e9l fue su guitarra en la mano. Desde 1974, no hab\u00eda pisado Nicaragua, porque la dinast\u00eda somocista le incluy\u00f3 en la lista de personas por eliminar y comenz\u00f3 a censurar sus canciones, mientras \u00e9l realizaba giras musicales con el grupo Tayac\u00e1n a pa\u00edses comunistas como Cuba y la Rep\u00fablica Democr\u00e1tica Alemana, adem\u00e1s con un pasaporte costarricense temporal, porque su pasaporte nicarag\u00fcense se hab\u00eda vencido desde hac\u00eda varios a\u00f1os.<\/p>\n<figure id=\"attachment_48008\" aria-describedby=\"caption-attachment-48008\" style=\"width: 720px\" class=\"wp-caption aligncenter\"><a href=\"https:\/\/gep90.laprensa.com.ni\/magazine\/wp-content\/uploads\/2019\/07\/La-otra-Costa-Rica-4.jpg\"><img loading=\"lazy\" decoding=\"async\" class=\"size-full wp-image-48008\" src=\"https:\/\/gep90.laprensa.com.ni\/magazine\/wp-content\/uploads\/2019\/07\/La-otra-Costa-Rica-4.jpg\" alt=\"Fotos de La Prensa\/ Archivo y Cortes\u00edas\" width=\"720\" height=\"488\" srcset=\"https:\/\/d1xxa24wwackpg.cloudfront.net\/wp-content\/uploads\/2019\/07\/La-otra-Costa-Rica-4.jpg 720w, https:\/\/d1xxa24wwackpg.cloudfront.net\/wp-content\/uploads\/2019\/07\/La-otra-Costa-Rica-4.jpg 300w\" sizes=\"(max-width: 720px) 100vw, 720px\" \/><\/a><figcaption id=\"caption-attachment-48008\" class=\"wp-caption-text\">Miembros de la Junta de Gobierno de Reconstrucci\u00f3n Nacional en San Jos\u00e9, dos meses antes del triunfo de la revoluci\u00f3n. En la foto: \u00c1lvaro Robelo, Sergio Ram\u00edrez y Violeta Barrios de Chamorro.<\/figcaption><\/figure>\n<p style=\"text-align: center;\">***<\/p>\n<p>La experiencia de Elsie Rivas Anduray en Costa Rica fue despu\u00e9s del triunfo de la revoluci\u00f3n. En 1981 su padre la mand\u00f3 a estudiar a Costa Rica, donde termin\u00f3 de bachillerarse y no regres\u00f3 hasta quince a\u00f1os despu\u00e9s, casada con un costarricense y con tres hijos, nacidos en Estados Unidos, donde tambi\u00e9n residi\u00f3 algunos a\u00f1os.<\/p>\n<p>Ella asegura que nunca ha padecido de la xenofobia de la que se acusan costarricenses y nicarag\u00fcenses, pero admite que los primeros a\u00f1os en Costa Rica no fueron f\u00e1ciles, principalmente porque cambi\u00f3 de un colegio cat\u00f3lico solo para mujeres en Nicaragua a un colegio cat\u00f3lico, pero mixto en Costa Rica.<\/p>\n<p>Recuerda que al principio sus compa\u00f1eros no cre\u00edan que fuera nicarag\u00fcense, por sus rasgos f\u00edsicos y color de piel, pero que ella no tom\u00f3 eso como un insulto. Por el contrario, a pesar del choque inicial por el cambio de colegio y de pa\u00eds, ahora sus mejores amigos son costarricenses y al menos dos veces al a\u00f1o viaja a Costa Rica para reunirse con ellos y la familia de su esposo.<\/p>\n<p>\u00abYo presiono m\u00e1s a mi marido por viajar a Costa Rica, que \u00e9l a m\u00ed. All\u00e1 siempre me re\u00fano con mis amigos del colegio, platicamos, salimos, porque es una amistad que no pasa con los a\u00f1os. Siempre nos mantenemos en contacto. Ahora el Facebook ayuda mucho, pero desde antes siempre encontraba la forma de saber c\u00f3mo est\u00e1n all\u00e1. M\u00e1s bien siento que a veces no puedo viajar cuando lo deseo, porque tengo otros compromisos en Nicaragua u otro pa\u00eds\u00bb, lamenta.<\/p>\n<figure id=\"attachment_48010\" aria-describedby=\"caption-attachment-48010\" style=\"width: 720px\" class=\"wp-caption aligncenter\"><a href=\"https:\/\/gep90.laprensa.com.ni\/magazine\/wp-content\/uploads\/2019\/07\/La-otra-Costa-Rica-extra-2adfafasfafddfd.jpg\"><img loading=\"lazy\" decoding=\"async\" class=\"size-full wp-image-48010\" src=\"https:\/\/gep90.laprensa.com.ni\/magazine\/wp-content\/uploads\/2019\/07\/La-otra-Costa-Rica-extra-2adfafasfafddfd.jpg\" alt=\"Fotos de La Prensa\/ Archivo y Cortes\u00edas\" width=\"720\" height=\"430\" srcset=\"https:\/\/d1xxa24wwackpg.cloudfront.net\/wp-content\/uploads\/2019\/07\/La-otra-Costa-Rica-extra-2adfafasfafddfd.jpg 720w, https:\/\/d1xxa24wwackpg.cloudfront.net\/wp-content\/uploads\/2019\/07\/La-otra-Costa-Rica-extra-2adfafasfafddfd.jpg 300w, https:\/\/d1xxa24wwackpg.cloudfront.net\/wp-content\/uploads\/2019\/07\/La-otra-Costa-Rica-extra-2adfafasfafddfd.jpg 500w\" sizes=\"(max-width: 720px) 100vw, 720px\" \/><\/a><figcaption id=\"caption-attachment-48010\" class=\"wp-caption-text\">Cuando lleg\u00f3 a Costa Rica, Luis Enrique Mej\u00eda Godoy ten\u00eda 20 a\u00f1os de edad. Con su pasaporte nicarag\u00fcense vencido y sin posibilidad de renovarlo us\u00f3 varios pasaportes provisionales costarricenses para realizar giras internacionales, incluso a pa\u00edses comunistas, como esta gira a Cuba con Tayac\u00e1n, en 1978.<\/figcaption><\/figure>\n<p style=\"text-align: center;\">***<\/p>\n<p>Sergio Ram\u00edrez asegura que \u00e9l comprendi\u00f3 las diferencias culturales entre Nicaragua y Costa Rica y sin tener que \u00abmimetizarse\u00bb hizo buenas amistades en ese pa\u00eds. En las cuentas del escritor no son pocos los artistas e intelectuales nicas que han encontrado asilo y cobijo en Costa Rica. Sin embargo, tambi\u00e9n admite que hoy los emigrantes nicarag\u00fcenses son m\u00e1s abundantes que nunca en Costa Rica \u2014m\u00e1s de 400 mil se calcula\u2014, la mayor\u00eda en busca de las oportunidades de empleo que Nicaragua no les da.<\/p>\n<h3>La huella de Costa Rica<\/h3>\n<p>Con el aumento de la represi\u00f3n de la dinast\u00eda a finales de 1978, el Frente Sandinista super\u00f3 su capacidad para proteger a los cuadros clandestinos en las casas de seguridad y muchos de ellos tuvieron que salir del pa\u00eds.<\/p>\n<p>Con la ayuda del Eddy K\u00fchl Ar\u00e1uz, la poeta Daisy Zamora logr\u00f3 escapar de la guardia somocista y llegar hasta la embajada de Honduras, donde se asil\u00f3 y luego viaj\u00f3 a ese pa\u00eds, sigui\u00f3 a Panam\u00e1 y finalmente se estableci\u00f3 en Costa Rica en los meses previos al derrocamiento de Anastasio Somoza.<\/p>\n<p>Ah\u00ed la poeta trabaj\u00f3 en la Radio Sandino, que transmit\u00eda de forma clandestina, fue el enlace entre el director de Migraci\u00f3n de Costa Rica y el FSLN, estuvo a cargo de la \u00abeducaci\u00f3n pol\u00edtica\u00bb de los combatientes hospitalizados y particip\u00f3 en el montaje y organizaci\u00f3n de un hospital clandestino para atender a los heridos del Frente Sur hasta su regreso a Nicaragua con el triunfo de la revoluci\u00f3n.<\/p>\n<p><strong>Lea: <a href=\"https:\/\/gep90.laprensa.com.ni\/magazine\/reportaje\/32648\/\">Nicaragua Costa Rica 8 conexiones<\/a><\/strong><\/p>\n<p>A pesar de que estuvo poco tiempo y con mucho trabajo, la poeta asegura que Costa Rica \u00abest\u00e1 muy cerca\u00bb de su coraz\u00f3n. \u00abEl pueblo costarricense fue absolutamente solidario con nosotros y la gran mayor\u00eda lo hizo como hermanos, sin inter\u00e9s ni buscando recompensas de ninguna clase&#8230; He regresado algunas veces a Costa Rica, no tantas como quisiera, m\u00e1s que todo a participar en eventos literarios, pero cuando llego siempre me siento como en familia\u00bb.<\/p>\n<h3>Las condiciones de Costa Rica<\/h3>\n<p>Los golpes de Estado, la violencia pol\u00edtica y los conflictos lim\u00edtrofes entre Honduras y El Salvador mientras Costa Rica era un pa\u00eds pol\u00edticamente estable, fueron parte de las condiciones para que los nicarag\u00fcenses que tuvieron que abandonar Nicaragua durante la dictadura somocista optaran por instalarse en el vecino pa\u00eds del sur.<\/p>\n<p>El sacerdote jesuita Fernando Cardenal, que residi\u00f3 en Costa Rica desde octubre de 1977 hasta julio de 1978 como miembro del Grupo de los Doce, recuerda que \u00abCosta Rica era el \u00fanico pa\u00eds donde hab\u00eda un gran sentimiento antisomocista generalizado entre la poblaci\u00f3n\u00bb. Y el apoyo no solo fue de los costarricenses que alojaron o convivieron a veces hasta con guerrilleros nicarag\u00fcenses, sino tambi\u00e9n de las autoridades, principalmente de los expresidentes Jos\u00e9 Figueres Ferrer y Rodrigo Carazo.<\/p>\n<figure id=\"attachment_48009\" aria-describedby=\"caption-attachment-48009\" style=\"width: 720px\" class=\"wp-caption aligncenter\"><a href=\"https:\/\/gep90.laprensa.com.ni\/magazine\/wp-content\/uploads\/2019\/07\/La-otra-Costa-Rica-extra-2adfafasfsdsdsd.jpg\"><img loading=\"lazy\" decoding=\"async\" class=\"size-full wp-image-48009\" src=\"https:\/\/gep90.laprensa.com.ni\/magazine\/wp-content\/uploads\/2019\/07\/La-otra-Costa-Rica-extra-2adfafasfsdsdsd.jpg\" alt=\"Fotos de La Prensa\/ Archivo y Cortes\u00edas\" width=\"720\" height=\"420\" srcset=\"https:\/\/d1xxa24wwackpg.cloudfront.net\/wp-content\/uploads\/2019\/07\/La-otra-Costa-Rica-extra-2adfafasfsdsdsd.jpg 720w, https:\/\/d1xxa24wwackpg.cloudfront.net\/wp-content\/uploads\/2019\/07\/La-otra-Costa-Rica-extra-2adfafasfsdsdsd.jpg 300w\" sizes=\"(max-width: 720px) 100vw, 720px\" \/><\/a><figcaption id=\"caption-attachment-48009\" class=\"wp-caption-text\">El pol\u00edtico costarricense Jos\u00e9 Figueres (a la izquierda de Sergio Ram\u00edrez) respald\u00f3 la lucha contra Anastasio Somoza Debayle, impulsada desde Costa Rica.<\/figcaption><\/figure>\n","protected":false},"excerpt":{"rendered":"<p>El pa\u00eds que hoy deporta un promedio de cinco a diez nicarag\u00fcenses por d\u00eda es el mismo que cuarenta o treinta a\u00f1os atr\u00e1s abri\u00f3 las puertas a cientos de nacionales acosados por la dinast\u00eda somocista o inconformes con el r\u00e9gimen sandinista que le continu\u00f3. As\u00ed vivieron los nicarag\u00fcenses en la Costa Rica que les dio la mano en tiempos duros<\/p>\n","protected":false},"author":46,"featured_media":0,"comment_status":"open","ping_status":"open","sticky":false,"template":"","format":"standard","meta":{"_acf_changed":false,"footnotes":""},"categories":[26],"tags":[928,1654,676],"class_list":["post-48007","post","type-post","status-publish","format-standard","hentry","category-reportajes","tag-costa-rica","tag-historia-de-nicaragua","tag-sandinistas"],"acf":[],"_links":{"self":[{"href":"https:\/\/staging.laprensanic.com\/magazine\/wp-json\/wp\/v2\/posts\/48007","targetHints":{"allow":["GET"]}}],"collection":[{"href":"https:\/\/staging.laprensanic.com\/magazine\/wp-json\/wp\/v2\/posts"}],"about":[{"href":"https:\/\/staging.laprensanic.com\/magazine\/wp-json\/wp\/v2\/types\/post"}],"author":[{"embeddable":true,"href":"https:\/\/staging.laprensanic.com\/magazine\/wp-json\/wp\/v2\/users\/46"}],"replies":[{"embeddable":true,"href":"https:\/\/staging.laprensanic.com\/magazine\/wp-json\/wp\/v2\/comments?post=48007"}],"version-history":[{"count":6,"href":"https:\/\/staging.laprensanic.com\/magazine\/wp-json\/wp\/v2\/posts\/48007\/revisions"}],"predecessor-version":[{"id":48024,"href":"https:\/\/staging.laprensanic.com\/magazine\/wp-json\/wp\/v2\/posts\/48007\/revisions\/48024"}],"wp:attachment":[{"href":"https:\/\/staging.laprensanic.com\/magazine\/wp-json\/wp\/v2\/media?parent=48007"}],"wp:term":[{"taxonomy":"category","embeddable":true,"href":"https:\/\/staging.laprensanic.com\/magazine\/wp-json\/wp\/v2\/categories?post=48007"},{"taxonomy":"post_tag","embeddable":true,"href":"https:\/\/staging.laprensanic.com\/magazine\/wp-json\/wp\/v2\/tags?post=48007"}],"curies":[{"name":"wp","href":"https:\/\/api.w.org\/{rel}","templated":true}]}}