{"id":48028,"date":"2011-07-24T16:11:43","date_gmt":"2011-07-24T16:11:43","guid":{"rendered":"http:\/\/gep90.laprensa.com.ni\/magazine\/?p=48028"},"modified":"2020-08-04T11:42:52","modified_gmt":"2020-08-04T17:42:52","slug":"la-maestra-guerrillera-olga-maria-aviles","status":"publish","type":"post","link":"https:\/\/staging.laprensanic.com\/magazine\/reportajes\/la-maestra-guerrillera-olga-maria-aviles\/","title":{"rendered":"La guerrillera Olga Mar\u00eda Avil\u00e9s y el fallido secuestro de Alfredo Pellas"},"content":{"rendered":"<p style=\"text-align: center;\"><strong>Le llaman \u201cla t\u00eda\u201d. Era maestra y se meti\u00f3 a guerrillera. Olga Mar\u00eda Avil\u00e9s dej\u00f3 las aulas para dedicarse a fabricar bombas y armas caseras. Particip\u00f3 en un fallido intento de secuestro al empresario Alfredo Pellas y en el asalto del Frente Sandinista a la casa de Chema Castillo Quant, en diciembre de 1974<\/strong><\/p>\n<p style=\"text-align: center;\"><strong>Arlen Cerda<\/strong><br \/>\n<strong>Fotos La Prensa \/ Carlos Malesp\u00edn\/ Cortes\u00eda<\/strong><\/p>\n<p>La primera vez que Olga Mar\u00eda \u00c1vil\u00e9s L\u00f3pez dispar\u00f3 un arma, la detonaci\u00f3n la tumb\u00f3 de espaldas contra una palmera de coco. \u00bfQu\u00e9 iba a saber ella, una maestra de primaria graduada de la Escuela Normal de Se\u00f1oritas Salvadora de Somoza, c\u00f3mo deb\u00eda operar un garand o disparar una granada antitanque?<\/p>\n<p>Pero ah\u00ed estaba ella, en una isla del Caribe, a m\u00e1s de 1,290 kil\u00f3metros de distancia de su familia: madre, hermanos y los sobrinos que criaba. Adi\u00f3s a los libros y las pizarras de las escuelas de Managua. Era tiempo para aprender a fabricar bombas y armas.<\/p>\n<p>Un chavalo miope de ojos azules que era solo cinco a\u00f1os mayor que ella y se llamaba Carlos Fonseca, fue quien la mand\u00f3 a estudiar a Cuba. \u00abTen\u00e9s que ir a entrenarte militarmente\u00bb, fue su orientaci\u00f3n, casi a mediados de 1967.<\/p>\n<p>Y un a\u00f1o despu\u00e9s, de regreso en Nicaragua, ella no volvi\u00f3 a su casa.<\/p>\n<p>Olga Mar\u00eda se qued\u00f3 como cuadro clandestino del Frente Sandinista, que entonces realizaba los primeros episodios de la resistencia urbana. Luego, cuando la Guardia Nacional desat\u00f3 una fuerte represi\u00f3n, en 1970, al punto que el tercero en la sucesi\u00f3n din\u00e1stica, Anastasio Somoza Debayle, declar\u00f3 que el Frente Sandinista hab\u00eda desaparecido, porque todos sus miembros estaban muertos o presos, ella se encarg\u00f3 de la reconstrucci\u00f3n de las estructuras del FSLN, junto a Oscar Turcios.<\/p>\n<p>Esta es la historia de ella, la maestra guerrillera, a quien otro de los miembros hist\u00f3ricos del FSLN, Pedro Ar\u00e1uz Palacios, bautiz\u00f3 como \u00abla t\u00eda\u00bb, y quien hoy, a los 70 a\u00f1os de edad, pasa los d\u00edas en su casa de Villa Fontana, criando a dos ni\u00f1os de una sobrina que muri\u00f3 a\u00f1os atr\u00e1s.<\/p>\n<figure id=\"attachment_48030\" aria-describedby=\"caption-attachment-48030\" style=\"width: 720px\" class=\"wp-caption aligncenter\"><a href=\"https:\/\/gep90.laprensa.com.ni\/magazine\/wp-content\/uploads\/2019\/08\/Las-andanza-de-\uf020-La-t\u00eda-\uf020-6.jpg\"><img fetchpriority=\"high\" decoding=\"async\" class=\"size-full wp-image-48030\" src=\"https:\/\/gep90.laprensa.com.ni\/magazine\/wp-content\/uploads\/2019\/08\/Las-andanza-de-\uf020-La-t\u00eda-\uf020-6.jpg\" alt=\"Fotos La Prensa\/ Carlos Malesp\u00edn\/ Cortes\u00eda\" width=\"720\" height=\"548\" srcset=\"https:\/\/d1xxa24wwackpg.cloudfront.net\/wp-content\/uploads\/2019\/08\/Las-andanza-de-%EF%80%A0-La-t%C3%ADa-%EF%80%A0-6.jpg 720w, https:\/\/d1xxa24wwackpg.cloudfront.net\/wp-content\/uploads\/2019\/08\/Las-andanza-de-%EF%80%A0-La-t%C3%ADa-%EF%80%A0-6.jpg 300w\" sizes=\"(max-width: 720px) 100vw, 720px\" \/><\/a><figcaption id=\"caption-attachment-48030\" class=\"wp-caption-text\">Olga Mar\u00eda Avil\u00e9s L\u00f3pez se gradu\u00f3 en la Escuela Normal de Se\u00f1oritas Salvadora de Somoza, en la promoci\u00f3n de 1961, dedicada a Luis Somoza Debayle, hijo del dictador Anastasio Somoza Garc\u00eda. Esta foto es de 1960.<\/figcaption><\/figure>\n<p style=\"text-align: center;\">***<\/p>\n<p>Llevaban m\u00e1s de tres meses planificando el secuestro. Al empresario Alfredo Pellas Chamorro \u2014padre del tambi\u00e9n empresario Carlos Pellas, que actualmente preside el conglomerado empresarial m\u00e1s poderoso de Nicaragua y uno de los principales de la regi\u00f3n\u2014, lo ten\u00edan bien vigilado.<\/p>\n<p>Era principios de agosto de 1970, y desde junio un grupo guerrillero integrado por Oscar Turcios, Polo Rivas, Emmet Lang, Jos\u00e9 Benito Escobar, Juli\u00e1n Roque y Olga Avil\u00e9s, hab\u00eda planificado secuestrar al empresario.<\/p>\n<p>Sab\u00edan que todos los d\u00edas \u00e9l sal\u00eda a las 7:30 de la ma\u00f1ana de su casa ubicada cerca del hospital El Retiro \u2014que derrumb\u00f3 el terremoto de 1972\u2014 hacia el trabajo.<\/p>\n<p>Cuando el port\u00f3n de la casa se abri\u00f3, Jonathan Gonz\u00e1lez le dio la se\u00f1a al resto del grupo.<\/p>\n<p>A una cuadra del port\u00f3n, Olga Mar\u00eda estaba disfrazada de una enfermera pelirroja, al lado de Jos\u00e9 Benito Escobar.<\/p>\n<p>\u00abEl plan era que aparent\u00e1ramos esperar un taxi en la esquina opuesta del Parque de las Madres (al oeste) y los otros compa\u00f1eros del grupo iban a estar en los dem\u00e1s costados. As\u00ed, cuando el carro se acercara sobre la calle que iba a El Retiro \u00edbamos a poder emboscarlo\u00bb, recuerda Avil\u00e9s. Pero el plan no result\u00f3 como lo hab\u00edan imaginado.<\/p>\n<figure id=\"attachment_48031\" aria-describedby=\"caption-attachment-48031\" style=\"width: 720px\" class=\"wp-caption aligncenter\"><a href=\"https:\/\/gep90.laprensa.com.ni\/magazine\/wp-content\/uploads\/2019\/08\/y.jpg\"><img decoding=\"async\" class=\"size-full wp-image-48031\" src=\"https:\/\/gep90.laprensa.com.ni\/magazine\/wp-content\/uploads\/2019\/08\/y.jpg\" alt=\"Fotos La Prensa\/ Carlos Malesp\u00edn\/ Cortes\u00eda\" width=\"720\" height=\"487\" srcset=\"https:\/\/d1xxa24wwackpg.cloudfront.net\/wp-content\/uploads\/2019\/08\/y.jpg 720w, https:\/\/d1xxa24wwackpg.cloudfront.net\/wp-content\/uploads\/2019\/08\/y.jpg 300w\" sizes=\"(max-width: 720px) 100vw, 720px\" \/><\/a><figcaption id=\"caption-attachment-48031\" class=\"wp-caption-text\">Olga Mar\u00eda recibi\u00f3 el grado de comandante en 1982. El entonces ministro del Interior, Tom\u00e1s Borge, fue quien le coloc\u00f3 los grados militares.<\/figcaption><\/figure>\n<p style=\"text-align: center;\">***<\/p>\n<p>En un relato in\u00e9dito sobre la casa de seguridad de Esperanza Bojorge, donde hab\u00edan planificado el secuestro, Avil\u00e9s relata c\u00f3mo se realiz\u00f3 la acci\u00f3n.<\/p>\n<p>\u00abTodo fue muy r\u00e1pido. Polo no alcanz\u00f3 a llegar a tiempo a la puerta trasera del carro ubicada detr\u00e1s del chofer, ni Juli\u00e1n (logr\u00f3 sacar al chofer. Eso permiti\u00f3 que el elemento (Pellas) saliera por esa puerta y corriera gritando\u00bb, menciona.<\/p>\n<p>Llevaban armas, \u00bfpor qu\u00e9 no dispararon?<\/p>\n<p>Todas las armas estaban fuera de las fundas, pero hab\u00eda orden de no disparar. De otra manera el tipo era hombre muerto y as\u00ed no nos interesaba. Nunca planeamos llegar a matar. Lo que quer\u00edamos era secuestrarlo para pedir un rescate y financiar la resistencia urbana.<\/p>\n<p>\u2014\u00bfCreen que \u00e9l sospechaba y por eso la acci\u00f3n sali\u00f3 mal?<\/p>\n<p>\u2014Muchas cosas no se pensaron bien y otras no salieron como esper\u00e1bamos. Por ejemplo, el se\u00f1or Pellas siempre viajaba solo con su chofer, pero ese d\u00eda la empleada de la casa iba en el asiento del copiloto, donde hab\u00edamos planificado que yo iba a montarme para enca\u00f1onar al conductor. Yo la amenazaba, pero la mujer no se mov\u00eda, en eso fue que Pellas sali\u00f3 corriendo.<\/p>\n<p>Seg\u00fan el relato de Avil\u00e9s, Pellas forceje\u00f3 con Jonathan Gonz\u00e1lez y Polo Rivas. Una leyenda que se teji\u00f3 sobre ese intento de secuestro es que Pellas logr\u00f3 quitarle las armas, pero Avil\u00e9s lo niega.<\/p>\n<p>\u2014El hombre solo gritaba, se solt\u00f3 y ech\u00f3 a correr hacia su casa.<\/p>\n<p>\u2014\u00bfAh\u00ed fracas\u00f3 completamente la misi\u00f3n?<\/p>\n<p>\u2014Pues s\u00ed. Jos\u00e9 Benito dio la orden inmediata de emprender la retirada, pero yo no me percat\u00e9.<\/p>\n<p>Cuando \u00e9l dijo eso, yo iba corriendo detr\u00e1s de Pellas. El se\u00f1or segu\u00eda gritando y yo lo iba persiguiendo.<\/p>\n<p>\u2014\u00bfLo alcanz\u00f3?<\/p>\n<p>\u2014Eso es lo que yo trataba de hacer, pero Jos\u00e9 Benito me agarr\u00f3 en vilo y me mont\u00f3 al carro de un tir\u00f3n. Ah\u00ed s\u00ed se acab\u00f3 la misi\u00f3n.<\/p>\n<p>Unos d\u00edas despu\u00e9s del intento de secuestro, la Guardia se apareci\u00f3 en la casa de Esperanza Bojorge, preguntando por \u00abOlga\u00bb, pero Esperanza solo la conoc\u00eda por su seud\u00f3nimo de Sof\u00eda y nunca hab\u00eda visto al resto del grupo guerrillero. Entonces los guardias registraron toda la casa.<\/p>\n<p>Avil\u00e9s ya no estaba ah\u00ed, pero encontraron el uniforme de enfermera y varias pelucas, entre ellas una de pelirroja. \u00abLa ventaja fue que \u00abla Negra\u00bb trabajaba en un hospital y por ah\u00ed explic\u00f3 lo del traje de enfermera, de las pelucas no pudieron relacionar nada, por m\u00e1s que los guardias trataron, a ella no la sacaron de no s\u00e9\u00bb.<\/p>\n<div id='gallery-1' class='gallery galleryid-48028 gallery-columns-3 gallery-size-thumbnail'><figure class='gallery-item'>\n\t\t\t<div class='gallery-icon landscape'>\n\t\t\t\t<a href='https:\/\/staging.laprensanic.com\/magazine\/reportajes\/la-maestra-guerrillera-olga-maria-aviles\/attachment\/galeria-1\/'><img decoding=\"async\" width=\"150\" height=\"150\" src=\"https:\/\/d1xxa24wwackpg.cloudfront.net\/wp-content\/uploads\/2019\/08\/Galeria-1.jpg\" class=\"attachment-thumbnail size-thumbnail\" alt=\"Fotos La Prensa\/ Carlos Malesp\u00edn\/ Cortes\u00eda\" aria-describedby=\"gallery-1-48032\" srcset=\"https:\/\/d1xxa24wwackpg.cloudfront.net\/wp-content\/uploads\/2019\/08\/Galeria-1.jpg 150w, https:\/\/d1xxa24wwackpg.cloudfront.net\/wp-content\/uploads\/2019\/08\/Galeria-1.jpg 600w, https:\/\/d1xxa24wwackpg.cloudfront.net\/wp-content\/uploads\/2019\/08\/Galeria-1.jpg 24w, https:\/\/d1xxa24wwackpg.cloudfront.net\/wp-content\/uploads\/2019\/08\/Galeria-1.jpg 48w, https:\/\/d1xxa24wwackpg.cloudfront.net\/wp-content\/uploads\/2019\/08\/Galeria-1.jpg 96w\" sizes=\"(max-width: 150px) 100vw, 150px\" \/><\/a>\n\t\t\t<\/div>\n\t\t\t\t<figcaption class='wp-caption-text gallery-caption' id='gallery-1-48032'>\n\t\t\t\tTras el triunfo de la revoluci\u00f3n, fue la embajadora nica en Vietnam. \n\t\t\t\t<\/figcaption><\/figure><figure class='gallery-item'>\n\t\t\t<div class='gallery-icon landscape'>\n\t\t\t\t<a href='https:\/\/staging.laprensanic.com\/magazine\/reportajes\/la-maestra-guerrillera-olga-maria-aviles\/attachment\/galeria-2\/'><img loading=\"lazy\" decoding=\"async\" width=\"150\" height=\"150\" src=\"https:\/\/d1xxa24wwackpg.cloudfront.net\/wp-content\/uploads\/2019\/08\/Galeria-2.jpg\" class=\"attachment-thumbnail size-thumbnail\" alt=\"Fotos La Prensa\/ Carlos Malesp\u00edn\/ Cortes\u00eda\" aria-describedby=\"gallery-1-48033\" srcset=\"https:\/\/d1xxa24wwackpg.cloudfront.net\/wp-content\/uploads\/2019\/08\/Galeria-2.jpg 150w, https:\/\/d1xxa24wwackpg.cloudfront.net\/wp-content\/uploads\/2019\/08\/Galeria-2.jpg 600w, https:\/\/d1xxa24wwackpg.cloudfront.net\/wp-content\/uploads\/2019\/08\/Galeria-2.jpg 24w, https:\/\/d1xxa24wwackpg.cloudfront.net\/wp-content\/uploads\/2019\/08\/Galeria-2.jpg 48w, https:\/\/d1xxa24wwackpg.cloudfront.net\/wp-content\/uploads\/2019\/08\/Galeria-2.jpg 96w\" sizes=\"(max-width: 150px) 100vw, 150px\" \/><\/a>\n\t\t\t<\/div>\n\t\t\t\t<figcaption class='wp-caption-text gallery-caption' id='gallery-1-48033'>\n\t\t\t\tEn 1980, represent\u00f3 al pa\u00eds en un congreso de sindicatos sovi\u00e9ticos. \n\t\t\t\t<\/figcaption><\/figure><figure class='gallery-item'>\n\t\t\t<div class='gallery-icon landscape'>\n\t\t\t\t<a href='https:\/\/staging.laprensanic.com\/magazine\/reportajes\/la-maestra-guerrillera-olga-maria-aviles\/attachment\/galeria-3\/'><img loading=\"lazy\" decoding=\"async\" width=\"150\" height=\"150\" src=\"https:\/\/d1xxa24wwackpg.cloudfront.net\/wp-content\/uploads\/2019\/08\/Galeria-3.jpg\" class=\"attachment-thumbnail size-thumbnail\" alt=\"Fotos La Prensa\/ Carlos Malesp\u00edn\/ Cortes\u00eda\" aria-describedby=\"gallery-1-48034\" srcset=\"https:\/\/d1xxa24wwackpg.cloudfront.net\/wp-content\/uploads\/2019\/08\/Galeria-3.jpg 150w, https:\/\/d1xxa24wwackpg.cloudfront.net\/wp-content\/uploads\/2019\/08\/Galeria-3.jpg 600w, https:\/\/d1xxa24wwackpg.cloudfront.net\/wp-content\/uploads\/2019\/08\/Galeria-3.jpg 24w, https:\/\/d1xxa24wwackpg.cloudfront.net\/wp-content\/uploads\/2019\/08\/Galeria-3.jpg 48w, https:\/\/d1xxa24wwackpg.cloudfront.net\/wp-content\/uploads\/2019\/08\/Galeria-3.jpg 96w\" sizes=\"(max-width: 150px) 100vw, 150px\" \/><\/a>\n\t\t\t<\/div>\n\t\t\t\t<figcaption class='wp-caption-text gallery-caption' id='gallery-1-48034'>\n\t\t\t\tLa Federaci\u00f3n Democr\u00e1tica Internacional de Mujeres la condecor\u00f3.\n\t\t\t\t<\/figcaption><\/figure><figure class='gallery-item'>\n\t\t\t<div class='gallery-icon landscape'>\n\t\t\t\t<a href='https:\/\/staging.laprensanic.com\/magazine\/reportajes\/la-maestra-guerrillera-olga-maria-aviles\/attachment\/galeria-4\/'><img loading=\"lazy\" decoding=\"async\" width=\"150\" height=\"150\" src=\"https:\/\/d1xxa24wwackpg.cloudfront.net\/wp-content\/uploads\/2019\/08\/Galeria-4.jpg\" class=\"attachment-thumbnail size-thumbnail\" alt=\"Fotos La Prensa\/ Carlos Malesp\u00edn\/ Cortes\u00eda\" aria-describedby=\"gallery-1-48035\" srcset=\"https:\/\/d1xxa24wwackpg.cloudfront.net\/wp-content\/uploads\/2019\/08\/Galeria-4.jpg 150w, https:\/\/d1xxa24wwackpg.cloudfront.net\/wp-content\/uploads\/2019\/08\/Galeria-4.jpg 600w, https:\/\/d1xxa24wwackpg.cloudfront.net\/wp-content\/uploads\/2019\/08\/Galeria-4.jpg 24w, https:\/\/d1xxa24wwackpg.cloudfront.net\/wp-content\/uploads\/2019\/08\/Galeria-4.jpg 48w, https:\/\/d1xxa24wwackpg.cloudfront.net\/wp-content\/uploads\/2019\/08\/Galeria-4.jpg 96w\" sizes=\"(max-width: 150px) 100vw, 150px\" \/><\/a>\n\t\t\t<\/div>\n\t\t\t\t<figcaption class='wp-caption-text gallery-caption' id='gallery-1-48035'>\n\t\t\t\tTras la revoluci\u00f3n, su apodo sigui\u00f3 siendo \u00abla T\u00eda\u00bb.\n\t\t\t\t<\/figcaption><\/figure><figure class='gallery-item'>\n\t\t\t<div class='gallery-icon landscape'>\n\t\t\t\t<a href='https:\/\/staging.laprensanic.com\/magazine\/reportajes\/la-maestra-guerrillera-olga-maria-aviles\/attachment\/galeria-5\/'><img loading=\"lazy\" decoding=\"async\" width=\"150\" height=\"150\" src=\"https:\/\/d1xxa24wwackpg.cloudfront.net\/wp-content\/uploads\/2019\/08\/Galeria-5.jpg\" class=\"attachment-thumbnail size-thumbnail\" alt=\"Fotos La Prensa\/ Carlos Malesp\u00edn\/ Cortes\u00eda\" aria-describedby=\"gallery-1-48036\" srcset=\"https:\/\/d1xxa24wwackpg.cloudfront.net\/wp-content\/uploads\/2019\/08\/Galeria-5.jpg 150w, https:\/\/d1xxa24wwackpg.cloudfront.net\/wp-content\/uploads\/2019\/08\/Galeria-5.jpg 600w, https:\/\/d1xxa24wwackpg.cloudfront.net\/wp-content\/uploads\/2019\/08\/Galeria-5.jpg 24w, https:\/\/d1xxa24wwackpg.cloudfront.net\/wp-content\/uploads\/2019\/08\/Galeria-5.jpg 48w, https:\/\/d1xxa24wwackpg.cloudfront.net\/wp-content\/uploads\/2019\/08\/Galeria-5.jpg 96w\" sizes=\"(max-width: 150px) 100vw, 150px\" \/><\/a>\n\t\t\t<\/div>\n\t\t\t\t<figcaption class='wp-caption-text gallery-caption' id='gallery-1-48036'>\n\t\t\t\tFue miembro del departamento de relaciones internacionales del FSLN. \n\t\t\t\t<\/figcaption><\/figure><figure class='gallery-item'>\n\t\t\t<div class='gallery-icon landscape'>\n\t\t\t\t<a href='https:\/\/staging.laprensanic.com\/magazine\/reportajes\/la-maestra-guerrillera-olga-maria-aviles\/attachment\/galeria-6\/'><img loading=\"lazy\" decoding=\"async\" width=\"150\" height=\"150\" src=\"https:\/\/d1xxa24wwackpg.cloudfront.net\/wp-content\/uploads\/2019\/08\/Galeria-6.jpg\" class=\"attachment-thumbnail size-thumbnail\" alt=\"Fotos La Prensa\/ Carlos Malesp\u00edn\/ Cortes\u00eda\" aria-describedby=\"gallery-1-48037\" srcset=\"https:\/\/d1xxa24wwackpg.cloudfront.net\/wp-content\/uploads\/2019\/08\/Galeria-6.jpg 150w, https:\/\/d1xxa24wwackpg.cloudfront.net\/wp-content\/uploads\/2019\/08\/Galeria-6.jpg 600w, https:\/\/d1xxa24wwackpg.cloudfront.net\/wp-content\/uploads\/2019\/08\/Galeria-6.jpg 24w, https:\/\/d1xxa24wwackpg.cloudfront.net\/wp-content\/uploads\/2019\/08\/Galeria-6.jpg 48w, https:\/\/d1xxa24wwackpg.cloudfront.net\/wp-content\/uploads\/2019\/08\/Galeria-6.jpg 96w\" sizes=\"(max-width: 150px) 100vw, 150px\" \/><\/a>\n\t\t\t<\/div>\n\t\t\t\t<figcaption class='wp-caption-text gallery-caption' id='gallery-1-48037'>\n\t\t\t\tEn los ochenta, tambi\u00e9n represent\u00f3 al pa\u00eds en Laos y Camboya. \n\t\t\t\t<\/figcaption><\/figure><figure class='gallery-item'>\n\t\t\t<div class='gallery-icon landscape'>\n\t\t\t\t<a href='https:\/\/staging.laprensanic.com\/magazine\/reportajes\/la-maestra-guerrillera-olga-maria-aviles\/attachment\/galeria-7\/'><img loading=\"lazy\" decoding=\"async\" width=\"150\" height=\"150\" src=\"https:\/\/d1xxa24wwackpg.cloudfront.net\/wp-content\/uploads\/2019\/08\/Galeria-7.jpg\" class=\"attachment-thumbnail size-thumbnail\" alt=\"Fotos La Prensa\/ Carlos Malesp\u00edn\/ Cortes\u00eda\" aria-describedby=\"gallery-1-48038\" srcset=\"https:\/\/d1xxa24wwackpg.cloudfront.net\/wp-content\/uploads\/2019\/08\/Galeria-7.jpg 150w, https:\/\/d1xxa24wwackpg.cloudfront.net\/wp-content\/uploads\/2019\/08\/Galeria-7.jpg 600w, https:\/\/d1xxa24wwackpg.cloudfront.net\/wp-content\/uploads\/2019\/08\/Galeria-7.jpg 24w, https:\/\/d1xxa24wwackpg.cloudfront.net\/wp-content\/uploads\/2019\/08\/Galeria-7.jpg 48w, https:\/\/d1xxa24wwackpg.cloudfront.net\/wp-content\/uploads\/2019\/08\/Galeria-7.jpg 96w\" sizes=\"(max-width: 150px) 100vw, 150px\" \/><\/a>\n\t\t\t<\/div>\n\t\t\t\t<figcaption class='wp-caption-text gallery-caption' id='gallery-1-48038'>\n\t\t\t\tSe gradu\u00f3 como soci\u00f3loga en la Universidad Centroamericana (1992). \n\t\t\t\t<\/figcaption><\/figure><figure class='gallery-item'>\n\t\t\t<div class='gallery-icon landscape'>\n\t\t\t\t<a href='https:\/\/staging.laprensanic.com\/magazine\/reportajes\/la-maestra-guerrillera-olga-maria-aviles\/attachment\/galeria-8\/'><img loading=\"lazy\" decoding=\"async\" width=\"150\" height=\"150\" src=\"https:\/\/d1xxa24wwackpg.cloudfront.net\/wp-content\/uploads\/2019\/08\/Galeria-8.jpg\" class=\"attachment-thumbnail size-thumbnail\" alt=\"Fotos La Prensa\/ Carlos Malesp\u00edn\/ Cortes\u00eda\" aria-describedby=\"gallery-1-48039\" srcset=\"https:\/\/d1xxa24wwackpg.cloudfront.net\/wp-content\/uploads\/2019\/08\/Galeria-8.jpg 150w, https:\/\/d1xxa24wwackpg.cloudfront.net\/wp-content\/uploads\/2019\/08\/Galeria-8.jpg 600w, https:\/\/d1xxa24wwackpg.cloudfront.net\/wp-content\/uploads\/2019\/08\/Galeria-8.jpg 24w, https:\/\/d1xxa24wwackpg.cloudfront.net\/wp-content\/uploads\/2019\/08\/Galeria-8.jpg 48w, https:\/\/d1xxa24wwackpg.cloudfront.net\/wp-content\/uploads\/2019\/08\/Galeria-8.jpg 96w\" sizes=\"(max-width: 150px) 100vw, 150px\" \/><\/a>\n\t\t\t<\/div>\n\t\t\t\t<figcaption class='wp-caption-text gallery-caption' id='gallery-1-48039'>\n\t\t\t\tCon el presidente de Corea, Kim II-sung, en abril de 1983. \n\t\t\t\t<\/figcaption><\/figure>\n\t\t<\/div>\n\n<p style=\"text-align: center;\">***<\/p>\n<p>En la sala de la casa de Olga Avil\u00e9s, parece que siempre se est\u00e1 esperando a que ocurra alguna reuni\u00f3n.<\/p>\n<p>Varios juegos diferentes de sillas y mecedoras est\u00e1n colocados alrededor de tres largas mesas de caf\u00e9, puestas una delante de la otra como si se quisiera dar la impresi\u00f3n de que es una sola mesa extensa.<\/p>\n<p>\u00abLa verdad es que s\u00ed\u00bb, explica. \u00abAqu\u00ed a veces en cualquier momento hay una reuni\u00f3n\u00bb.<\/p>\n<p>Olga Avil\u00e9s recuerda que hasta hace algunos a\u00f1os ah\u00ed llegaba el profesor Fidel Coloma para pasar una tertulia vespertina con varias de las antiguas maestras del Ram\u00edrez Goyena, donde ella dio clases de espa\u00f1ol, matem\u00e1tica y c\u00edvica. Tambi\u00e9n ah\u00ed se re\u00fane con excompa\u00f1eras de la Escuela Normal de Se\u00f1oritas, que funcion\u00f3 en San Marcos, y para la campa\u00f1a electoral y el d\u00eda de las elecciones su casa es puesto de mando del Frente Sandinista.<\/p>\n<p>\u00abMi casa siempre ha sido un lugar donde se concentra la mayor parte de la gente que va a participar en las elecciones. De aqu\u00ed se le da de comer a los que est\u00e1n en las mesas electorales y junto a otros se hace la labor de recoger el dinero entre la militancia del Frente para dar de comer a la gente\u00bb, comenta.<\/p>\n<p style=\"text-align: center;\">***<\/p>\n<p>Cuando regres\u00f3 de las misiones diplom\u00e1ticas que ocup\u00f3 durante el gobierno del Frente Sandinista en los a\u00f1os ochenta, tras el triunfo de la revoluci\u00f3n, Olga Mar\u00eda se vio a s\u00ed misma sin oficio ni trabajo.<\/p>\n<p>\u00abPero yo no me aflig\u00ed. Me puse a pensar en qu\u00e9 pod\u00eda hacer y se me ocurri\u00f3 comprarme un microb\u00fas.<\/p>\n<p>As\u00ed inici\u00e9 una empresa de viajes a Guatemala, Panam\u00e1, El Guasaule. Mientras la empresa fue bien me compr\u00e9 otros carros, pero luego todo lo vend\u00ed para comprarme un puesto en el (mercado Oriental de Managua)\u00bb, narra.<\/p>\n<p>Una nota publicada en una revista comercial da cuenta del \u00e9xito de su negocio, bajo el t\u00edtulo de \u00abla embajadora del comercio\u00bb.<\/p>\n<p>De un puesto de venta de granos b\u00e1sicos, Avil\u00e9s creci\u00f3 a una abarroter\u00eda con m\u00e1s de 15 mil productos, que mantuvo durante casi nueve a\u00f1os. Entonces decidi\u00f3 venderlo para apoyar econ\u00f3micamente la campa\u00f1a electoral del actual presidente Daniel Ortega, en las elecciones de noviembre del 2006.<\/p>\n<figure id=\"attachment_48042\" aria-describedby=\"caption-attachment-48042\" style=\"width: 500px\" class=\"wp-caption aligncenter\"><a href=\"https:\/\/gep90.laprensa.com.ni\/magazine\/wp-content\/uploads\/2019\/08\/y22.jpg\"><img loading=\"lazy\" decoding=\"async\" class=\"wp-image-48042\" src=\"https:\/\/gep90.laprensa.com.ni\/magazine\/wp-content\/uploads\/2019\/08\/y22.jpg\" alt=\"Fotos La Prensa\/ Carlos Malesp\u00edn\/ Cortes\u00eda \" width=\"500\" height=\"585\" srcset=\"https:\/\/d1xxa24wwackpg.cloudfront.net\/wp-content\/uploads\/2019\/08\/y22.jpg 720w, https:\/\/d1xxa24wwackpg.cloudfront.net\/wp-content\/uploads\/2019\/08\/y22.jpg 257w\" sizes=\"(max-width: 500px) 100vw, 500px\" \/><\/a><figcaption id=\"caption-attachment-48042\" class=\"wp-caption-text\">En la casa de seguridad de Esperanza Bojorge, ubicada en la Colonia Moraz\u00e1n, de Managua, fue donde se planific\u00f3 el secuestro a Alfredo Pellas Chamorro, en 1970. En la foto, Olga Avil\u00e9s con la Negra Bojorge, en el patio de la misma casa, muchos a\u00f1os despu\u00e9s.<\/figcaption><\/figure>\n<h3>\u00bfPor qu\u00e9 \u00abla T\u00eda\u00bb?<\/h3>\n<p>Cuando en el Frente Sandinista le pidieron que se fuera a Cuba para aprender a preparar explosivos, Olga Mar\u00eda Avil\u00e9s le dijo a sus padres que se hab\u00eda ganado una beca para ir a estudiara M\u00e9xico, pero de la capital azteca parti\u00f3 hacia la isla.<\/p>\n<p>Aunque su familia siempre fue antisomocista, ella prefiri\u00f3 no decir su verdadero paradero y motivos para no preocupar a su madre.<\/p>\n<p>Sin embargo, m\u00e1s all\u00e1 de la maestra que dej\u00f3 las aulas para ser guerrillera, Olga Avil\u00e9s tambi\u00e9n es una mujer que a pesar de que no tuvo hijos, siempre ha criado ni\u00f1os.<\/p>\n<p>Primero fue una ni\u00f1a, que uno de sus hermanos le entreg\u00f3 a los seis meses de edad. Ahora son dos peque\u00f1os hijos de otra muchacha que ella crio, pero muri\u00f3 por las complicaciones de un raro desorden mental.<\/p>\n<p>Varios miembros de la direcci\u00f3n nacional del FSLN se enteraron de que ella criaba una sobrina, porque incluso un tiempo se la llev\u00f3 a vivir con ella a una casa de seguridad. La direcci\u00f3n mand\u00f3 a estudiar a la ni\u00f1a a Cuba, pero Avil\u00e9s \u2014por referencia\u2014 se qued\u00f3 ya como \u201cla T\u00eda\u201d.<\/p>\n<h3>No la capturaron<\/h3>\n<p>La Guardia de Somoza nunca pudo atraparla. La buscaban como una mujer baja, de pelo largo y entrenzado, que vest\u00eda pantalones y chaqueta de remaches, pero en realidad siempre estaba cambiando de vestuario.<\/p>\n<p>\u00abA veces usaba pelucas de diferentes tonos y siempre me miraba m\u00e1s alta y esbelta, porque usaba unos botines de plataforma con tac\u00f3n a los que me acostumbr\u00e9 tanto que con ellos hasta pod\u00eda montar a caballo\u00bb, recuerda la comandante Olga Avil\u00e9s.<\/p>\n<p>\u00abAhora es que me dicen que ya perd\u00ed mi brillo conspirativo, porque se me han metido a robar algunas veces a la casa\u00bb, cuenta entre risas.<\/p>\n<figure id=\"attachment_48040\" aria-describedby=\"caption-attachment-48040\" style=\"width: 720px\" class=\"wp-caption aligncenter\"><a href=\"https:\/\/gep90.laprensa.com.ni\/magazine\/wp-content\/uploads\/2019\/08\/Las-andanza-de-\uf020-La-t\u00eda-\uf020-.jpg\"><img loading=\"lazy\" decoding=\"async\" class=\"size-full wp-image-48040\" src=\"https:\/\/gep90.laprensa.com.ni\/magazine\/wp-content\/uploads\/2019\/08\/Las-andanza-de-\uf020-La-t\u00eda-\uf020-.jpg\" alt=\"Fotos La Prensa\/ Carlos Malesp\u00edn\/ Cortes\u00eda \" width=\"720\" height=\"519\" srcset=\"https:\/\/d1xxa24wwackpg.cloudfront.net\/wp-content\/uploads\/2019\/08\/Las-andanza-de-%EF%80%A0-La-t%C3%ADa-%EF%80%A0-.jpg 720w, https:\/\/d1xxa24wwackpg.cloudfront.net\/wp-content\/uploads\/2019\/08\/Las-andanza-de-%EF%80%A0-La-t%C3%ADa-%EF%80%A0-.jpg 300w, https:\/\/d1xxa24wwackpg.cloudfront.net\/wp-content\/uploads\/2019\/08\/Las-andanza-de-%EF%80%A0-La-t%C3%ADa-%EF%80%A0-.jpg 360w\" sizes=\"(max-width: 720px) 100vw, 720px\" \/><\/a><figcaption id=\"caption-attachment-48040\" class=\"wp-caption-text\">Tras el asalto a la casa de Chema Castillo, el Comando Juan Jos\u00e9 Quezada fue fotografiado en La Habana. De izquierda a derecha est\u00e1n: Leticia Herrera, Hilario S\u00e1nchez, Javier Carri\u00f3n, Omar Halleslevens, Joaqu\u00edn Cuadra, Alberto R\u00edos, R\u00f3ger Desh\u00f3n, Eduardo Contreras, Germ\u00e1n Pomares, Hugo Torres, Olga Avil\u00e9s, Eleonora Rocha y F\u00e9lix Pedro Picado.<\/figcaption><\/figure>\n<h3>El asalto a la casa de Chema Castillo<\/h3>\n<p>Una de las acciones m\u00e1s importantes en las que particip\u00f3 Olga Avil\u00e9s fue en el asalto a la casa de Jos\u00e9 Mar\u00eda Castillo Quant.<\/p>\n<p>A las 10:15 de la noche, del 27 de diciembre de 1974 trece guerrilleros del Frente Sandinista, incluida ella, entraron disparando a la casa del pol\u00edtico liberal Jos\u00e9 Mar\u00eda Castillo Quant, donde se realizaba una fiesta en la que participaban varios funcionarios del gobierno de Anastasio Somoza y miembros del cuerpo diplom\u00e1tico.<\/p>\n<p>Era el Comando Juan Jos\u00e9 Quezada, a cargo de Eduardo Contreras, que apenas unos minutos antes no sab\u00eda d\u00f3nde exactamente iba dar el golpe, hasta que el radioperiodista Laslo Pataky se jact\u00f3 de tener invitaci\u00f3n para asistir a la refinada fiesta.<\/p>\n<p>\u00abEso nos dio la oportunidad de ejecutar una acci\u00f3n importante para exigir la liberaci\u00f3n de varios presos pol\u00edticos y pedir un rescate millonario a Somoza\u00bb recuerda.<\/p>\n<p>En la fiesta estaban el alcalde de Managua, Luis Valle Olivares; el embajador de Nicaragua en Washington, Guillermo Sevilla Sacasa; el embajador ante la Organizaci\u00f3n de Estados Americanos (OEA), Noel Pallais, y el ministro Alejandro Montiel Arg\u00fcello, entre otros funcionarios y diplom\u00e1ticos, con el anfitri\u00f3n Castillo Quant, que muri\u00f3 tras un enfrentamiento con los guerrilleros.<\/p>\n<p>\u00abUno de nosotros tom\u00f3 el tel\u00e9fono para avisar a las radios sobre el asalto. Pero ya hab\u00eda amanecido y era el D\u00eda de los Inocentes, por eso no le creyeron\u00bb, recuerda Olga Avil\u00e9s.<\/p>\n<p>Las negociaciones comenzaron hasta en la madrugada del 28 y duraron tres d\u00edas, hasta que Somoza acept\u00f3 liberar a un grupo de 22 presos pol\u00edticos y con ellos el comando parti\u00f3 hacia Cuba, para despu\u00e9s reintegrarse de forma clandestina a Nicaragua.<\/p>\n<figure id=\"attachment_48041\" aria-describedby=\"caption-attachment-48041\" style=\"width: 720px\" class=\"wp-caption aligncenter\"><a href=\"https:\/\/gep90.laprensa.com.ni\/magazine\/wp-content\/uploads\/2019\/08\/Las-andanza-de-\uf020-La-t\u00eda-\uf0202.jpg\"><img loading=\"lazy\" decoding=\"async\" class=\"size-full wp-image-48041\" src=\"https:\/\/gep90.laprensa.com.ni\/magazine\/wp-content\/uploads\/2019\/08\/Las-andanza-de-\uf020-La-t\u00eda-\uf0202.jpg\" alt=\"Fotos La Prensa\/ Carlos Malesp\u00edn\/ Cortes\u00eda \" width=\"720\" height=\"585\" srcset=\"https:\/\/d1xxa24wwackpg.cloudfront.net\/wp-content\/uploads\/2019\/08\/Las-andanza-de-%EF%80%A0-La-t%C3%ADa-%EF%80%A02.jpg 720w, https:\/\/d1xxa24wwackpg.cloudfront.net\/wp-content\/uploads\/2019\/08\/Las-andanza-de-%EF%80%A0-La-t%C3%ADa-%EF%80%A02.jpg 300w\" sizes=\"(max-width: 720px) 100vw, 720px\" \/><\/a><figcaption id=\"caption-attachment-48041\" class=\"wp-caption-text\">El principal objetivo con el asalto era lograr la liberaci\u00f3n de varios presos. Entre ellos:<br \/>Daniel Ortega, Len\u00edn Cerna, Carlos Guadamuz, Leonel Espinoza, Jacinto Su\u00e1rez, Carlos Arg\u00fcello, Daniel Cuadra, Jaime Cuadra, Juli\u00e1n Roque, Oscar Benavides y Jos\u00e9 Benito Escobar. Una vez que lo lograron, pidieron que un avi\u00f3n los llevara hasta Cuba.<\/figcaption><\/figure>\n","protected":false},"excerpt":{"rendered":"<p>Le llaman \u201cla t\u00eda\u201d. Era maestra y se meti\u00f3 a guerrillera. Olga Mar\u00eda Avil\u00e9s dej\u00f3 las aulas para dedicarse a fabricar bombas y armas caseras. Particip\u00f3 en un fallido intento de secuestro al empresario Alfredo Pellas y en el asalto del Frente Sandinista a la casa de Chema Castillo Quant en diciembre de 1974<\/p>\n","protected":false},"author":46,"featured_media":48029,"comment_status":"open","ping_status":"open","sticky":false,"template":"","format":"standard","meta":{"_acf_changed":false,"footnotes":""},"categories":[26],"tags":[],"class_list":["post-48028","post","type-post","status-publish","format-standard","has-post-thumbnail","hentry","category-reportajes"],"acf":[],"_links":{"self":[{"href":"https:\/\/staging.laprensanic.com\/magazine\/wp-json\/wp\/v2\/posts\/48028","targetHints":{"allow":["GET"]}}],"collection":[{"href":"https:\/\/staging.laprensanic.com\/magazine\/wp-json\/wp\/v2\/posts"}],"about":[{"href":"https:\/\/staging.laprensanic.com\/magazine\/wp-json\/wp\/v2\/types\/post"}],"author":[{"embeddable":true,"href":"https:\/\/staging.laprensanic.com\/magazine\/wp-json\/wp\/v2\/users\/46"}],"replies":[{"embeddable":true,"href":"https:\/\/staging.laprensanic.com\/magazine\/wp-json\/wp\/v2\/comments?post=48028"}],"version-history":[{"count":8,"href":"https:\/\/staging.laprensanic.com\/magazine\/wp-json\/wp\/v2\/posts\/48028\/revisions"}],"predecessor-version":[{"id":51737,"href":"https:\/\/staging.laprensanic.com\/magazine\/wp-json\/wp\/v2\/posts\/48028\/revisions\/51737"}],"wp:featuredmedia":[{"embeddable":true,"href":"https:\/\/staging.laprensanic.com\/magazine\/wp-json\/wp\/v2\/media\/48029"}],"wp:attachment":[{"href":"https:\/\/staging.laprensanic.com\/magazine\/wp-json\/wp\/v2\/media?parent=48028"}],"wp:term":[{"taxonomy":"category","embeddable":true,"href":"https:\/\/staging.laprensanic.com\/magazine\/wp-json\/wp\/v2\/categories?post=48028"},{"taxonomy":"post_tag","embeddable":true,"href":"https:\/\/staging.laprensanic.com\/magazine\/wp-json\/wp\/v2\/tags?post=48028"}],"curies":[{"name":"wp","href":"https:\/\/api.w.org\/{rel}","templated":true}]}}