{"id":48094,"date":"2011-07-10T18:29:06","date_gmt":"2011-07-10T18:29:06","guid":{"rendered":"http:\/\/gep90.laprensa.com.ni\/magazine\/?p=48094"},"modified":"2020-07-27T17:00:25","modified_gmt":"2020-07-27T23:00:25","slug":"la-tenebrosa-carcel-la-21-2","status":"publish","type":"post","link":"https:\/\/staging.laprensanic.com\/magazine\/reportajes\/la-tenebrosa-carcel-la-21-2\/","title":{"rendered":"La tenebrosa c\u00e1rcel La 21"},"content":{"rendered":"<p style=\"text-align: center;\">\u00abSe lo llevaron a la 21\u00bb era a veces lo \u00faltimo que se sab\u00eda de alguna persona de Le\u00f3n, cuando en aquella ciudad aument\u00f3 la represi\u00f3n de la dinast\u00eda somocista. Aunque algunos dicen que tras el triunfo de la revoluci\u00f3n las historias sobre el lugar se han exagerado un poco, todav\u00eda hay vestigios de las torturas en esa vieja c\u00e1rcel, donde hasta unos \u00abcazadores de fantasmas\u00bb encontraron el a\u00f1o pasado \u00abevidencia paranormal\u00bb<\/p>\n<p style=\"text-align: center;\"><strong>Arlen Cerda<\/strong><br \/>\n<strong>Fotos de La Prensa \/ Arlen Cerda y Eddy L\u00f3pez<\/strong><\/p>\n<p>En golpeteo lejano interrumpe el silencio con el que uno avanza hacia las celdas de la antigua c\u00e1rcel La 21, de Le\u00f3n. La primera impresi\u00f3n es que se trata de un ruido externo, \u00bfquiz\u00e1 un vecino tocando tambor? Pero luego uno divisa un equipo de sonido y un par de parlantes tras las rejas de una ventana y se percata de que el golpeteo es solo un \u00abefecto\u00bb de suspenso, para ambientar el recorrido por el museo de tradiciones y leyendas que ahora ah\u00ed funciona.<\/p>\n<p>Sin embargo, basta hurgar en la historia de la c\u00e1rcel para enterarse de que por el horror vivido entre esas paredes no hace falta ning\u00fan tipo de efecto, aunque un grupo de \u00abcazadores de fantasmas\u00bb viaje desde Estados Unidos para demostrar la presencia paranormal.<\/p>\n<p style=\"text-align: center;\">***<\/p>\n<p>La tenebrosa 21, le llama el empresario radial y escritor Jes\u00fas Miguel Bland\u00f3n, en su libro <em>Entre Sandino y Fonseca<\/em>, a la antigua c\u00e1rcel ubicada en el barrio San Sebasti\u00e1n, de Le\u00f3n. Bland\u00f3n narra antes la muerte del l\u00edder universitario Uriel Sotomayor, quien una noche de mayo de 1948 entr\u00f3 ah\u00ed arrestado y al d\u00eda siguiente la Guardia lo sac\u00f3 muerto y ensangrentado, ante su madre y una multitud concentrada frente a la c\u00e1rcel.<\/p>\n<p>\u00abEra un lugar de terror\u00bb, asegura Bland\u00f3n. Ser llevado a La 21 era para muchos la antesala de la muerte, casi siempre an\u00f3nima, porque la Guardia Nacional de muy pocos rend\u00eda cuenta.<\/p>\n<p><strong>Lea tambi\u00e9n: <a href=\"https:\/\/gep90.laprensa.com.ni\/magazine\/reportaje\/cronica-desde-las-celdas-el-infiernillo\/\">Cr\u00f3nicas desde las celdas del infiernillo<\/a><\/strong><\/p>\n<p>El abogado Luis Felipe P\u00e9rez recuerda que los reos pol\u00edticos que fueron a parar a La 21, tras aquella<br \/>\nnoche de septiembre de 1956 \u2014cuando un poeta asesin\u00f3 a Anastasio Somoza Garc\u00eda\u2014 fueron los primeros en sufrir varios de los diferentes tipos de tortura que hoy se muestran en varias pintas de los corredores y celdas de la antigua c\u00e1rcel. \u00abLa suerte de quien ca\u00eda en La 21 era desconocida. A c\u00f3mo pod\u00eda salir, lo pod\u00edan mandar a El Fort\u00edn o hasta El Hormiguero, en Managua\u00bb, recuerda P\u00e9rez.<\/p>\n<p>Otros, agrega, ni siquiera ten\u00edan que estar en la lista negra de la Guardia para correr la peor de las suertes. Como los ladrones a los que el comandante Pedro Nolasco Romero mandaba a traer a la medianoche desde La 21 hasta El Fort\u00edn para hacerlos cavar su propia fosa y despu\u00e9s fusilarlos.<\/p>\n<figure id=\"attachment_48095\" aria-describedby=\"caption-attachment-48095\" style=\"width: 720px\" class=\"wp-caption aligncenter\"><a href=\"https:\/\/gep90.laprensa.com.ni\/magazine\/wp-content\/uploads\/2019\/08\/yur.jpg\"><img fetchpriority=\"high\" decoding=\"async\" class=\"size-full wp-image-48095\" src=\"https:\/\/gep90.laprensa.com.ni\/magazine\/wp-content\/uploads\/2019\/08\/yur.jpg\" alt=\"Fotos de La Prensa \/ Arlen Cerda y Eddy L\u00f3pez\" width=\"720\" height=\"555\" srcset=\"https:\/\/d1xxa24wwackpg.cloudfront.net\/wp-content\/uploads\/2019\/08\/yur.jpg 720w, https:\/\/d1xxa24wwackpg.cloudfront.net\/wp-content\/uploads\/2019\/08\/yur.jpg 300w\" sizes=\"(max-width: 720px) 100vw, 720px\" \/><\/a><figcaption id=\"caption-attachment-48095\" class=\"wp-caption-text\">Decenas de visitantes, principalmente j\u00f3venes y ni\u00f1os, llegan a diario a la antigua c\u00e1rcel La 21, interesados en las tradiciones de Le\u00f3n y la historia de este sitio.<\/figcaption><\/figure>\n<p style=\"text-align: center;\">***<\/p>\n<p>Hoy, de la antigua c\u00e1rcel solo se conservan la segunda cruj\u00eda y las celdas, rodeadas por altas paredes de concreto, sobre las que se distinguen un par de garitas de vigilancia.<\/p>\n<p>El frontis del edificio fue destruido en 1979, durante los enfrentamientos entre la Guardia y los combatientes del Frente Sandinista, que tambi\u00e9n acabaron con la parroquia cercana.<\/p>\n<p>Tras el triunfo de la revoluci\u00f3n, en julio de 1979, se realizaron los murales que de manera sencilla muestran escenas de la represi\u00f3n de la Guardia en Le\u00f3n y las formas de tortura en la antigua c\u00e1rcel. Seg\u00fan las pintas, a algunos reos los obligaban a tragarse un bot\u00f3n atado a un hilo, para luego gui\u00f1\u00e1rselo desde el est\u00f3mago. A otros los hac\u00edan tomar agua con sal y los golpeaban hasta que vomitaran.<\/p>\n<p>Otras pintas en los corredores izquierdo y derecho muestran otros tipos de tortura m\u00e1s salvajes.<\/p>\n<p>\u00abLos desnudaban y los colgaban de cabeza de aquel palo de mango, con la mitad del cuerpo dentro de alguna de esas pilas, para que el reo hablara o hiciera lo que la Guardia quer\u00eda. Si el reo no respond\u00eda lo iban bajando m\u00e1s y m\u00e1s dentro de la pila, hasta que el reo hablara para no morir ahogado. O si no tambi\u00e9n los electrocutaban\u00bb, cuenta un profesor de primaria a un grupo de siete ni\u00f1os que lo acompa\u00f1a en un recorrido por el museo.<\/p>\n<p>\u2014Profesor, \u00bfy se mor\u00edan? \u2014interrumpe uno de los ni\u00f1os.<\/p>\n<p>\u2014Claro. Aqu\u00ed hubo un mont\u00f3n de muertos \u2014responde el profesor, que luego prefiere \u00abhablar m\u00e1s sobre las tradiciones y leyendas\u00bb.<\/p>\n<p>Quiz\u00e1 para evitar pesadillas a los ni\u00f1os que lo escucharon at\u00f3nitos.<\/p>\n<p>El historiador leon\u00e9s Manuel Noguera s\u00ed habla de las torturas. Y hay una que recuerda m\u00e1s.<\/p>\n<figure id=\"attachment_48096\" aria-describedby=\"caption-attachment-48096\" style=\"width: 700px\" class=\"wp-caption aligncenter\"><a href=\"https:\/\/gep90.laprensa.com.ni\/magazine\/wp-content\/uploads\/2019\/08\/La-tenebrosa-C\u00e1rcel-la-21-03.jpg\"><img decoding=\"async\" class=\"size-full wp-image-48096\" src=\"https:\/\/gep90.laprensa.com.ni\/magazine\/wp-content\/uploads\/2019\/08\/La-tenebrosa-C\u00e1rcel-la-21-03.jpg\" alt=\"Fotos de La Prensa \/ Arlen Cerda y Eddy L\u00f3pez\" width=\"700\" height=\"442\" srcset=\"https:\/\/d1xxa24wwackpg.cloudfront.net\/wp-content\/uploads\/2019\/08\/La-tenebrosa-C%C3%A1rcel-la-21-03.jpg 700w, https:\/\/d1xxa24wwackpg.cloudfront.net\/wp-content\/uploads\/2019\/08\/La-tenebrosa-C%C3%A1rcel-la-21-03.jpg 300w\" sizes=\"(max-width: 700px) 100vw, 700px\" \/><\/a><figcaption id=\"caption-attachment-48096\" class=\"wp-caption-text\">En el primer patio de lo que queda de la antigua c\u00e1rcel La 21, se construyeron varios mosaicos con peque\u00f1os ladrillos. Los mosaicos del lado derecho muestran im\u00e1genes de las leyendas de espanto leonesas. Las del lado izquierdo, las escenas de la represi\u00f3n somocista.<\/figcaption><\/figure>\n<p style=\"text-align: center;\">***<\/p>\n<p>Santos B\u00e1rcenas era madre de tres guerrilleros que la Guardia nunca atrap\u00f3. Por eso la encarcelaron a ella. \u00abSe la llevaron a La 21, fue lo \u00faltimo que se escuch\u00f3\u00bb, dice Noguera.<\/p>\n<p>Muchos leoneses ni siquiera la recuerdan, aunque el mercado municipal que llaman La Estaci\u00f3n, oficialmente lleva su nombre, que parece m\u00e1s el de un var\u00f3n.<\/p>\n<p>\u00abQuiz\u00e1 fue porque la escena era escalofriante que la mayor\u00eda prefiri\u00f3 olvidar qu\u00e9 pas\u00f3, y pocos recuerdan que el suyo era uno de los cad\u00e1veres que la Guardia dej\u00f3 en La 21\u00bb, asegura el historiador. Su cad\u00e1ver fue encontrado junto al de otros reos, tras la toma del comando y la c\u00e1rcel La 21, casi un mes antes de que en el resto de Nicaragua triunfara la revoluci\u00f3n. La mujer ten\u00eda un palo atravesado desde el orificio rectal hasta las entra\u00f1as y casi nadie la reconoci\u00f3 porque ten\u00eda el rostro desfigurado por viejas palizas. \u00abEs la Santos B\u00e1rcenas\u00bb, grit\u00f3 uno. Y la noticia se reg\u00f3 por todo Le\u00f3n.<\/p>\n<p>Otros cad\u00e1veres que encontraron tambi\u00e9n mostraban indicios de tortura. Seg\u00fan Noguera, algunos hasta hab\u00edan sido incinerados, por el alto grado de descomposici\u00f3n.<\/p>\n<div id='gallery-1' class='gallery galleryid-48094 gallery-columns-3 gallery-size-thumbnail'><figure class='gallery-item'>\n\t\t\t<div class='gallery-icon landscape'>\n\t\t\t\t<a href='https:\/\/staging.laprensanic.com\/magazine\/reportajes\/la-tenebrosa-carcel-la-21-2\/attachment\/galeria-11\/'><img decoding=\"async\" width=\"150\" height=\"150\" src=\"https:\/\/d1xxa24wwackpg.cloudfront.net\/wp-content\/uploads\/2019\/08\/Galeria-11.jpg\" class=\"attachment-thumbnail size-thumbnail\" alt=\"\" aria-describedby=\"gallery-1-48098\" srcset=\"https:\/\/d1xxa24wwackpg.cloudfront.net\/wp-content\/uploads\/2019\/08\/Galeria-11.jpg 150w, https:\/\/d1xxa24wwackpg.cloudfront.net\/wp-content\/uploads\/2019\/08\/Galeria-11.jpg 600w, https:\/\/d1xxa24wwackpg.cloudfront.net\/wp-content\/uploads\/2019\/08\/Galeria-11.jpg 24w, https:\/\/d1xxa24wwackpg.cloudfront.net\/wp-content\/uploads\/2019\/08\/Galeria-11.jpg 48w, https:\/\/d1xxa24wwackpg.cloudfront.net\/wp-content\/uploads\/2019\/08\/Galeria-11.jpg 96w\" sizes=\"(max-width: 150px) 100vw, 150px\" \/><\/a>\n\t\t\t<\/div>\n\t\t\t\t<figcaption class='wp-caption-text gallery-caption' id='gallery-1-48098'>\n\t\t\t\tCasi a diario, decenas de leoneses se apostaban afuera de La 21 para tratar de visitar a alg\u00fan familiar preso. \n\t\t\t\t<\/figcaption><\/figure><figure class='gallery-item'>\n\t\t\t<div class='gallery-icon landscape'>\n\t\t\t\t<a href='https:\/\/staging.laprensanic.com\/magazine\/reportajes\/la-tenebrosa-carcel-la-21-2\/attachment\/la-tenebrosa-carcel-la-21-04\/'><img loading=\"lazy\" decoding=\"async\" width=\"150\" height=\"150\" src=\"https:\/\/d1xxa24wwackpg.cloudfront.net\/wp-content\/uploads\/2011\/07\/La-tenebrosa-C%C3%A1rcel-la-21-04.jpg\" class=\"attachment-thumbnail size-thumbnail\" alt=\"otos de La Prensa \/ Arlen Cerda y Eddy L\u00f3pez\" aria-describedby=\"gallery-1-48114\" srcset=\"https:\/\/d1xxa24wwackpg.cloudfront.net\/wp-content\/uploads\/2011\/07\/La-tenebrosa-C%C3%A1rcel-la-21-04.jpg 150w, https:\/\/d1xxa24wwackpg.cloudfront.net\/wp-content\/uploads\/2011\/07\/La-tenebrosa-C%C3%A1rcel-la-21-04.jpg 24w, https:\/\/d1xxa24wwackpg.cloudfront.net\/wp-content\/uploads\/2011\/07\/La-tenebrosa-C%C3%A1rcel-la-21-04.jpg 48w, https:\/\/d1xxa24wwackpg.cloudfront.net\/wp-content\/uploads\/2011\/07\/La-tenebrosa-C%C3%A1rcel-la-21-04.jpg 96w\" sizes=\"(max-width: 150px) 100vw, 150px\" \/><\/a>\n\t\t\t<\/div>\n\t\t\t\t<figcaption class='wp-caption-text gallery-caption' id='gallery-1-48114'>\n\t\t\t\tEn la primera cruj\u00eda de la antigua c\u00e1rcel, se construy\u00f3 despu\u00e9s un parque en memoria de los combatientes. \n\t\t\t\t<\/figcaption><\/figure><figure class='gallery-item'>\n\t\t\t<div class='gallery-icon landscape'>\n\t\t\t\t<a href='https:\/\/staging.laprensanic.com\/magazine\/reportajes\/la-tenebrosa-carcel-la-21-2\/attachment\/galeria-31\/'><img loading=\"lazy\" decoding=\"async\" width=\"150\" height=\"150\" src=\"https:\/\/d1xxa24wwackpg.cloudfront.net\/wp-content\/uploads\/2019\/08\/Galeria-31.jpg\" class=\"attachment-thumbnail size-thumbnail\" alt=\"\" aria-describedby=\"gallery-1-48101\" srcset=\"https:\/\/d1xxa24wwackpg.cloudfront.net\/wp-content\/uploads\/2019\/08\/Galeria-31.jpg 150w, https:\/\/d1xxa24wwackpg.cloudfront.net\/wp-content\/uploads\/2019\/08\/Galeria-31.jpg 600w, https:\/\/d1xxa24wwackpg.cloudfront.net\/wp-content\/uploads\/2019\/08\/Galeria-31.jpg 24w, https:\/\/d1xxa24wwackpg.cloudfront.net\/wp-content\/uploads\/2019\/08\/Galeria-31.jpg 48w, https:\/\/d1xxa24wwackpg.cloudfront.net\/wp-content\/uploads\/2019\/08\/Galeria-31.jpg 96w\" sizes=\"(max-width: 150px) 100vw, 150px\" \/><\/a>\n\t\t\t<\/div>\n\t\t\t\t<figcaption class='wp-caption-text gallery-caption' id='gallery-1-48101'>\n\t\t\t\tEn una tanqueta de la Guardia, una tropa sandinista se dirige a La 21, en junio de 1979. Desde el 2010 la tanqueta se conserva en la c\u00e1rcel. \n\t\t\t\t<\/figcaption><\/figure><figure class='gallery-item'>\n\t\t\t<div class='gallery-icon landscape'>\n\t\t\t\t<a href='https:\/\/staging.laprensanic.com\/magazine\/reportajes\/la-tenebrosa-carcel-la-21-2\/attachment\/galeria-41\/'><img loading=\"lazy\" decoding=\"async\" width=\"150\" height=\"150\" src=\"https:\/\/d1xxa24wwackpg.cloudfront.net\/wp-content\/uploads\/2019\/08\/Galeria-41.jpg\" class=\"attachment-thumbnail size-thumbnail\" alt=\"\" aria-describedby=\"gallery-1-48099\" srcset=\"https:\/\/d1xxa24wwackpg.cloudfront.net\/wp-content\/uploads\/2019\/08\/Galeria-41.jpg 150w, https:\/\/d1xxa24wwackpg.cloudfront.net\/wp-content\/uploads\/2019\/08\/Galeria-41.jpg 600w, https:\/\/d1xxa24wwackpg.cloudfront.net\/wp-content\/uploads\/2019\/08\/Galeria-41.jpg 24w, https:\/\/d1xxa24wwackpg.cloudfront.net\/wp-content\/uploads\/2019\/08\/Galeria-41.jpg 48w, https:\/\/d1xxa24wwackpg.cloudfront.net\/wp-content\/uploads\/2019\/08\/Galeria-41.jpg 96w\" sizes=\"(max-width: 150px) 100vw, 150px\" \/><\/a>\n\t\t\t<\/div>\n\t\t\t\t<figcaption class='wp-caption-text gallery-caption' id='gallery-1-48099'>\n\t\t\t\tRestos del cuerpo incinerado de un guardia muerto en La 21. \n\t\t\t\t<\/figcaption><\/figure><figure class='gallery-item'>\n\t\t\t<div class='gallery-icon landscape'>\n\t\t\t\t<a href='https:\/\/staging.laprensanic.com\/magazine\/reportajes\/la-tenebrosa-carcel-la-21-2\/attachment\/la-tenebrosa-carcel-pie-de-fotos-2\/'><img loading=\"lazy\" decoding=\"async\" width=\"150\" height=\"150\" src=\"https:\/\/d1xxa24wwackpg.cloudfront.net\/wp-content\/uploads\/2019\/08\/La-tenebrosa-C%C3%A1rcel-pie-de-fotos-2.jpg\" class=\"attachment-thumbnail size-thumbnail\" alt=\"\" aria-describedby=\"gallery-1-48100\" srcset=\"https:\/\/d1xxa24wwackpg.cloudfront.net\/wp-content\/uploads\/2019\/08\/La-tenebrosa-C%C3%A1rcel-pie-de-fotos-2.jpg 150w, https:\/\/d1xxa24wwackpg.cloudfront.net\/wp-content\/uploads\/2019\/08\/La-tenebrosa-C%C3%A1rcel-pie-de-fotos-2.jpg 600w, https:\/\/d1xxa24wwackpg.cloudfront.net\/wp-content\/uploads\/2019\/08\/La-tenebrosa-C%C3%A1rcel-pie-de-fotos-2.jpg 24w, https:\/\/d1xxa24wwackpg.cloudfront.net\/wp-content\/uploads\/2019\/08\/La-tenebrosa-C%C3%A1rcel-pie-de-fotos-2.jpg 48w, https:\/\/d1xxa24wwackpg.cloudfront.net\/wp-content\/uploads\/2019\/08\/La-tenebrosa-C%C3%A1rcel-pie-de-fotos-2.jpg 96w\" sizes=\"(max-width: 150px) 100vw, 150px\" \/><\/a>\n\t\t\t<\/div>\n\t\t\t\t<figcaption class='wp-caption-text gallery-caption' id='gallery-1-48100'>\n\t\t\t\tEn la antigua c\u00e1rcel La 21 a\u00fan se conservan estas pilas, en las que, seg\u00fan los pobladores de Le\u00f3n, la Guardia practicaba uno de los diferentes tipos de tortura.\n\t\t\t\t<\/figcaption><\/figure><figure class='gallery-item'>\n\t\t\t<div class='gallery-icon landscape'>\n\t\t\t\t<a href='https:\/\/staging.laprensanic.com\/magazine\/reportajes\/la-tenebrosa-carcel-la-21-2\/attachment\/galeria-5-2\/'><img loading=\"lazy\" decoding=\"async\" width=\"150\" height=\"150\" src=\"https:\/\/d1xxa24wwackpg.cloudfront.net\/wp-content\/uploads\/2011\/07\/Galeria-5.jpg\" class=\"attachment-thumbnail size-thumbnail\" alt=\"\" aria-describedby=\"gallery-1-48110\" srcset=\"https:\/\/d1xxa24wwackpg.cloudfront.net\/wp-content\/uploads\/2011\/07\/Galeria-5.jpg 150w, https:\/\/d1xxa24wwackpg.cloudfront.net\/wp-content\/uploads\/2011\/07\/Galeria-5.jpg 600w, https:\/\/d1xxa24wwackpg.cloudfront.net\/wp-content\/uploads\/2011\/07\/Galeria-5.jpg 24w, https:\/\/d1xxa24wwackpg.cloudfront.net\/wp-content\/uploads\/2011\/07\/Galeria-5.jpg 48w, https:\/\/d1xxa24wwackpg.cloudfront.net\/wp-content\/uploads\/2011\/07\/Galeria-5.jpg 96w\" sizes=\"(max-width: 150px) 100vw, 150px\" \/><\/a>\n\t\t\t<\/div>\n\t\t\t\t<figcaption class='wp-caption-text gallery-caption' id='gallery-1-48110'>\n\t\t\t\tDiversos murales en la antigua c\u00e1rcel marcan el a\u00f1o 1956 como el inicio de las represiones y torturas. \n\t\t\t\t<\/figcaption><\/figure><figure class='gallery-item'>\n\t\t\t<div class='gallery-icon landscape'>\n\t\t\t\t<a href='https:\/\/staging.laprensanic.com\/magazine\/reportajes\/la-tenebrosa-carcel-la-21-2\/attachment\/galeria-6-2\/'><img loading=\"lazy\" decoding=\"async\" width=\"150\" height=\"150\" src=\"https:\/\/d1xxa24wwackpg.cloudfront.net\/wp-content\/uploads\/2011\/07\/Galeria-6.jpg\" class=\"attachment-thumbnail size-thumbnail\" alt=\"\" aria-describedby=\"gallery-1-48111\" srcset=\"https:\/\/d1xxa24wwackpg.cloudfront.net\/wp-content\/uploads\/2011\/07\/Galeria-6.jpg 150w, https:\/\/d1xxa24wwackpg.cloudfront.net\/wp-content\/uploads\/2011\/07\/Galeria-6.jpg 600w, https:\/\/d1xxa24wwackpg.cloudfront.net\/wp-content\/uploads\/2011\/07\/Galeria-6.jpg 24w, https:\/\/d1xxa24wwackpg.cloudfront.net\/wp-content\/uploads\/2011\/07\/Galeria-6.jpg 48w, https:\/\/d1xxa24wwackpg.cloudfront.net\/wp-content\/uploads\/2011\/07\/Galeria-6.jpg 96w\" sizes=\"(max-width: 150px) 100vw, 150px\" \/><\/a>\n\t\t\t<\/div>\n\t\t\t\t<figcaption class='wp-caption-text gallery-caption' id='gallery-1-48111'>\n\t\t\t\tLas pintas sobre las formas de violencia y represi\u00f3n est\u00e1n por todos los corredores y celdas de la vieja c\u00e1rcel. \n\t\t\t\t<\/figcaption><\/figure><figure class='gallery-item'>\n\t\t\t<div class='gallery-icon landscape'>\n\t\t\t\t<a href='https:\/\/staging.laprensanic.com\/magazine\/reportajes\/la-tenebrosa-carcel-la-21-2\/attachment\/galeria-7-2\/'><img loading=\"lazy\" decoding=\"async\" width=\"150\" height=\"150\" src=\"https:\/\/d1xxa24wwackpg.cloudfront.net\/wp-content\/uploads\/2011\/07\/Galeria-7.jpg\" class=\"attachment-thumbnail size-thumbnail\" alt=\"\" aria-describedby=\"gallery-1-48112\" srcset=\"https:\/\/d1xxa24wwackpg.cloudfront.net\/wp-content\/uploads\/2011\/07\/Galeria-7.jpg 150w, https:\/\/d1xxa24wwackpg.cloudfront.net\/wp-content\/uploads\/2011\/07\/Galeria-7.jpg 24w, https:\/\/d1xxa24wwackpg.cloudfront.net\/wp-content\/uploads\/2011\/07\/Galeria-7.jpg 48w, https:\/\/d1xxa24wwackpg.cloudfront.net\/wp-content\/uploads\/2011\/07\/Galeria-7.jpg 96w\" sizes=\"(max-width: 150px) 100vw, 150px\" \/><\/a>\n\t\t\t<\/div>\n\t\t\t\t<figcaption class='wp-caption-text gallery-caption' id='gallery-1-48112'>\n\t\t\t\tUn amplio detalla los supuestos tipos de tortura practicados. \n\n\t\t\t\t<\/figcaption><\/figure><figure class='gallery-item'>\n\t\t\t<div class='gallery-icon landscape'>\n\t\t\t\t<a href='https:\/\/staging.laprensanic.com\/magazine\/reportajes\/la-tenebrosa-carcel-la-21-2\/attachment\/galeria-8-2\/'><img loading=\"lazy\" decoding=\"async\" width=\"150\" height=\"150\" src=\"https:\/\/d1xxa24wwackpg.cloudfront.net\/wp-content\/uploads\/2011\/07\/Galeria-8.jpg\" class=\"attachment-thumbnail size-thumbnail\" alt=\"\" aria-describedby=\"gallery-1-48113\" srcset=\"https:\/\/d1xxa24wwackpg.cloudfront.net\/wp-content\/uploads\/2011\/07\/Galeria-8.jpg 150w, https:\/\/d1xxa24wwackpg.cloudfront.net\/wp-content\/uploads\/2011\/07\/Galeria-8.jpg 600w, https:\/\/d1xxa24wwackpg.cloudfront.net\/wp-content\/uploads\/2011\/07\/Galeria-8.jpg 24w, https:\/\/d1xxa24wwackpg.cloudfront.net\/wp-content\/uploads\/2011\/07\/Galeria-8.jpg 48w, https:\/\/d1xxa24wwackpg.cloudfront.net\/wp-content\/uploads\/2011\/07\/Galeria-8.jpg 96w\" sizes=\"(max-width: 150px) 100vw, 150px\" \/><\/a>\n\t\t\t<\/div>\n\t\t\t\t<figcaption class='wp-caption-text gallery-caption' id='gallery-1-48113'>\n\t\t\t\tAdem\u00e1s de las pintas, un equipo con m\u00fasica de suspenso \u00abambienta\u00bb el recorrido por la antigua c\u00e1rcel. \n\t\t\t\t<\/figcaption><\/figure>\n\t\t<\/div>\n\n<p style=\"text-align: center;\">***<\/p>\n<p>La antigua c\u00e1rcel pr\u00e1cticamente estuvo cerrada hasta principios del siglo pasado. Antes abr\u00eda ocasionalmente para mostrar las pintas de la vieja c\u00e1rcel, pero fue hasta el 31 de octubre de 2000 que se oficializ\u00f3 como museo, cuando instalaron ah\u00ed la exposici\u00f3n particular de mu\u00f1ecos de trapo representativos de las leyendas y tradiciones de Le\u00f3n, de Carmen Toru\u00f1o.<\/p>\n<p>La antigua c\u00e1rcel fue rebautizada como Museo de Leyendas y Tradiciones Coronel Joaqu\u00edn Arrechavala, pero conserv\u00f3 las pintas que a\u00fan se aprecian por todas las paredes, y se instal\u00f3 una sala de exposici\u00f3n fotogr\u00e1fica sobre la historia de la antigua c\u00e1rcel. Ahora, a diario llegan al lugar visitantes nacionales, la mayor\u00eda j\u00f3venes y ni\u00f1os que quieren aprender sobre las tradiciones y leyendas de Le\u00f3n. Y tambi\u00e9n de vez en cuando aparecen grupos de extranjeros en busca de historia, y hasta de fantasmas.<\/p>\n<figure id=\"attachment_48097\" aria-describedby=\"caption-attachment-48097\" style=\"width: 450px\" class=\"wp-caption aligncenter\"><a href=\"https:\/\/gep90.laprensa.com.ni\/magazine\/wp-content\/uploads\/2019\/08\/La-tenebrosa-C\u00e1rcel-pie-de-fotos.jpg\"><img loading=\"lazy\" decoding=\"async\" class=\"wp-image-48097\" src=\"https:\/\/gep90.laprensa.com.ni\/magazine\/wp-content\/uploads\/2019\/08\/La-tenebrosa-C\u00e1rcel-pie-de-fotos.jpg\" alt=\"Fotos de La Prensa \/ Arlen Cerda y Eddy L\u00f3pez\" width=\"450\" height=\"553\" srcset=\"https:\/\/d1xxa24wwackpg.cloudfront.net\/wp-content\/uploads\/2019\/08\/La-tenebrosa-C%C3%A1rcel-pie-de-fotos.jpg 720w, https:\/\/d1xxa24wwackpg.cloudfront.net\/wp-content\/uploads\/2019\/08\/La-tenebrosa-C%C3%A1rcel-pie-de-fotos.jpg 244w\" sizes=\"(max-width: 450px) 100vw, 450px\" \/><\/a><figcaption id=\"caption-attachment-48097\" class=\"wp-caption-text\">Con el Museo de Leyendas y Tradiciones Coronel Joaqu\u00edn Arrechavala, instalado en la antigua c\u00e1rcel desde el 2000, las pintas del sitio se mezclan con las figuras de espantos, hechas por do\u00f1a Carmen Toru\u00f1o.<\/figcaption><\/figure>\n<h3>\u00bfPresencia paranormal?<\/h3>\n<p>En junio del a\u00f1o pasado, un grupo de la serie de televisi\u00f3n Ghost Hunters International viaj\u00f3 a Nicaragua para comprobar la presencia paranormal en la antigua Fortaleza de El Coyotepe, de Masaya, y la antigua c\u00e1rcel La 21 de Le\u00f3n. En el episodio 8 de la segunda temporada, los GHI revelaron como \u00fanica evidencia los supuestos sonidos extra\u00f1os del lugar y una \u00abluz voladora\u00bb que se perd\u00eda en los corredores de La 21.<\/p>\n<h3>Or\u00edgenes de La 21<\/h3>\n<p>El historiador Manuel Noguera cree que por recomendaciones de la Constabularia que se instal\u00f3 en Nicaragua en 1927 como antecedente a la Guardia Nacional se decidi\u00f3 construir una nueva c\u00e1rcel en Le\u00f3n, hecha con concreto, paredes altas y garitas de vigilancia.<\/p>\n<p>La c\u00e1rcel fue construida en la antigua casa del exjefe de Estado, Jos\u00e9 Guerrero, y fue inaugurada en 1921, de donde tom\u00f3 su nombre.<\/p>\n<p>El abogado Luis Felipe P\u00e9rez estima que \u00abLa 21 primero era una c\u00e1rcel com\u00fan, pero adquiri\u00f3 otro tono con el encarcelamiento de los opositores se tom\u00f3 relevante con la muerte de Uriel Sotomayor y acab\u00f3 con ribetes tenebrosos por sus torturas y asesinatos\u00bb.<\/p>\n","protected":false},"excerpt":{"rendered":"<p>\u00abSe lo llevaron a la 21\u00bb era a veces lo \u00faltimo que se sab\u00eda de alguna persona de Le\u00f3n, cuando en aquella ciudad aument\u00f3 la represi\u00f3n de la dinast\u00eda somocista. Aunque algunos dicen que tras el triunfo de la revoluci\u00f3n las historias sobre el lugar se han exagerado un poco, todav\u00eda hay vestigios de las torturas en esa vieja c\u00e1rcel, donde hasta unos \u00abcazadores de fantasmas\u00bb encontraron el a\u00f1o pasado \u00abevidencia paranormal\u00bb<\/p>\n","protected":false},"author":46,"featured_media":48102,"comment_status":"open","ping_status":"open","sticky":false,"template":"","format":"standard","meta":{"_acf_changed":false,"footnotes":""},"categories":[26],"tags":[],"class_list":["post-48094","post","type-post","status-publish","format-standard","has-post-thumbnail","hentry","category-reportajes"],"acf":[],"_links":{"self":[{"href":"https:\/\/staging.laprensanic.com\/magazine\/wp-json\/wp\/v2\/posts\/48094","targetHints":{"allow":["GET"]}}],"collection":[{"href":"https:\/\/staging.laprensanic.com\/magazine\/wp-json\/wp\/v2\/posts"}],"about":[{"href":"https:\/\/staging.laprensanic.com\/magazine\/wp-json\/wp\/v2\/types\/post"}],"author":[{"embeddable":true,"href":"https:\/\/staging.laprensanic.com\/magazine\/wp-json\/wp\/v2\/users\/46"}],"replies":[{"embeddable":true,"href":"https:\/\/staging.laprensanic.com\/magazine\/wp-json\/wp\/v2\/comments?post=48094"}],"version-history":[{"count":12,"href":"https:\/\/staging.laprensanic.com\/magazine\/wp-json\/wp\/v2\/posts\/48094\/revisions"}],"predecessor-version":[{"id":51502,"href":"https:\/\/staging.laprensanic.com\/magazine\/wp-json\/wp\/v2\/posts\/48094\/revisions\/51502"}],"wp:featuredmedia":[{"embeddable":true,"href":"https:\/\/staging.laprensanic.com\/magazine\/wp-json\/wp\/v2\/media\/48102"}],"wp:attachment":[{"href":"https:\/\/staging.laprensanic.com\/magazine\/wp-json\/wp\/v2\/media?parent=48094"}],"wp:term":[{"taxonomy":"category","embeddable":true,"href":"https:\/\/staging.laprensanic.com\/magazine\/wp-json\/wp\/v2\/categories?post=48094"},{"taxonomy":"post_tag","embeddable":true,"href":"https:\/\/staging.laprensanic.com\/magazine\/wp-json\/wp\/v2\/tags?post=48094"}],"curies":[{"name":"wp","href":"https:\/\/api.w.org\/{rel}","templated":true}]}}