{"id":48178,"date":"2011-08-21T11:37:23","date_gmt":"2011-08-21T17:37:23","guid":{"rendered":"http:\/\/gep90.laprensa.com.ni\/magazine\/?p=48178"},"modified":"2020-07-28T16:23:23","modified_gmt":"2020-07-28T22:23:23","slug":"la-censura-en-los-80","status":"publish","type":"post","link":"https:\/\/staging.laprensanic.com\/magazine\/reportajes\/la-censura-en-los-80\/","title":{"rendered":"La censura en los 80"},"content":{"rendered":"<p style=\"text-align: center;\">M\u00e1s del ochenta por ciento del material editorial, noticioso y publicitario del Diario La Prensa fue suspendido d\u00eda a d\u00eda por la Direcci\u00f3n de Medios de Comunicaci\u00f3n que ejerci\u00f3 la censura del primer gobierno del Frente Sandinista en los a\u00f1os ochenta. Im\u00e1genes de madres llorando por sus hijos arrastrados al Servicio Militar o notas sobre la guerra o la escasez de alimentos nunca pudieron ser publicadas por este Diario.<\/p>\n<p style=\"text-align: center;\"><strong>Arlen Cerda<\/strong><br \/>\n<strong>Fotos de La Prensa \/ Alfredo Z\u00fa\u00f1iga y Archivo<\/strong><\/p>\n<p>Ninguno de los lectores de La Prensa se enter\u00f3 por las p\u00e1ginas que logr\u00f3 publicar el Diario sobre lo que ocurri\u00f3 aquella noche de febrero de 1985, en el Centro de Salud Pedro Altamirano, de Managua.<\/p>\n<p>Trescientas madres trataron de evitar que los militares se llevaran a sus hijos a la guerra. Unas se colgaron del bus que se llevaba a los chavalos y otra hasta se acost\u00f3 frente a las llantas del veh\u00edculo, pero ninguna pudo evitarlo.<\/p>\n<p>El fot\u00f3grafo de La Prensa Marvin Sequeira \u2014hoy periodista de la radio 15 de Septiembre\u2014 captur\u00f3 todas las escenas, entre ellas la de su propia madre, llorando porque los militares trataban de llevarse a uno de sus hermanos.<\/p>\n<p>\u00abMadres lloran al ver partir a sus hijos: Emotiva despedida en el Centro de Salud\u00bb, era el titular de la nota que estaba acompa\u00f1ada de varias fotograf\u00edas que nunca fueron publicadas. De la Direcci\u00f3n de Medios de Comunicaci\u00f3n, a cargo de ejercer la censura previa que estableci\u00f3 el r\u00e9gimen del Frente Sandinista en los a\u00f1os ochenta, regresaron las tres palabras con las que muchas veces se prohib\u00eda el contenido de casi todo el peri\u00f3dico: \u00abNo puede publicarse\u00bb.<\/p>\n<p>Con esas palabras el FSLN pretend\u00eda que nadie se enterara del dolor que el reclutamiento militar le causaba a las madres.<\/p>\n<p>El \u00abNo puede publicarse\u00bb se aplicaba por igual a notas sobre cualquier tipo de enfermedades o epidemias, alza de precios o escasez de alimentos, toma de tierras, o informaciones relacionadas con quienes ellos \u2014por disentir\u2014 consideraban \u00abtraidores\u00bb.<\/p>\n<p>La censura que el r\u00e9gimen del Frente Sandinista impuso a La Prensa inclu\u00eda titulares, noticias de todo tipo completas o solo algunos p\u00e1rrafos, fotos, pie de fotos, denuncias ciudadanas, cartas de los lectores, editoriales y hasta anuncios publicitarios.<\/p>\n<p>Entonces los nicarag\u00fcenses ten\u00edan en los diarios una realidad prefabricada, porque mientras los medios oficialistas no se preocupaban por dar cuenta de lo que en verdad pasaba, las informaciones de La Prensa \u2014a veces p\u00e1ginas enteras\u2014 eran censuradas.<\/p>\n<p>Veintis\u00e9is a\u00f1os despu\u00e9s,<em> Magazine<\/em> hurg\u00f3 en parte de esos materiales. Son notas, im\u00e1genes y hasta caricaturas que no pasaron la censura de los a\u00f1os ochenta. Lo que usted no ley\u00f3 en los diarios de la \u00e9poca, pero que pas\u00f3 y ahora aqu\u00ed tiene una muestra.<\/p>\n<h3>Bland\u00f3n justifica<\/h3>\n<p>Nelba Cecilia Bland\u00f3n fue la jefa de la Direcci\u00f3n de Medios de Comunicaci\u00f3n desde 1982 en adelante. Ella fue quien firm\u00f3 las resoluciones de la censura previa y cierres indefinidos contra La Prensa. En una entrevista que concedi\u00f3 a Magazine en el 2008, Bland\u00f3n asegur\u00f3 que la censura \u00abfue lo correcto\u00bb, aunque admiti\u00f3 que hubo excesos.<\/p>\n<p>\u00abEst\u00e1bamos en guerra. Nicaragua acorralada, empobrecida y la potencia m\u00e1s grande del mundo (Estados Unidos) sobre nosotros. Claro que hubiera sido preferible que las condiciones no nos llevaran a eso, pero en ese momento, La Prensa era cosa seria\u00bb, declar\u00f3 quien fue el rostro de la censura.<\/p>\n<div id='gallery-1' class='gallery galleryid-48178 gallery-columns-3 gallery-size-large'><figure class='gallery-item'>\n\t\t\t<div class='gallery-icon landscape'>\n\t\t\t\t<a href='https:\/\/staging.laprensanic.com\/magazine\/reportajes\/la-censura-en-los-80\/attachment\/9\/'><img fetchpriority=\"high\" decoding=\"async\" width=\"640\" height=\"368\" src=\"https:\/\/d1xxa24wwackpg.cloudfront.net\/wp-content\/uploads\/2019\/08\/9.jpg\" class=\"attachment-large size-large\" alt=\"\" aria-describedby=\"gallery-1-48272\" srcset=\"https:\/\/d1xxa24wwackpg.cloudfront.net\/wp-content\/uploads\/2019\/08\/9.jpg 720w, https:\/\/d1xxa24wwackpg.cloudfront.net\/wp-content\/uploads\/2019\/08\/9.jpg 300w, https:\/\/d1xxa24wwackpg.cloudfront.net\/wp-content\/uploads\/2019\/08\/9.jpg 600w\" sizes=\"(max-width: 640px) 100vw, 640px\" \/><\/a>\n\t\t\t<\/div>\n\t\t\t\t<figcaption class='wp-caption-text gallery-caption' id='gallery-1-48272'>\n\t\t\t\tEl dolor de las madres por el reclutamiento militar fue uno de los temas censurados en el Diario. \n\t\t\t\t<\/figcaption><\/figure><figure class='gallery-item'>\n\t\t\t<div class='gallery-icon landscape'>\n\t\t\t\t<a href='https:\/\/staging.laprensanic.com\/magazine\/reportajes\/la-censura-en-los-80\/attachment\/10\/'><img decoding=\"async\" width=\"640\" height=\"377\" src=\"https:\/\/d1xxa24wwackpg.cloudfront.net\/wp-content\/uploads\/2019\/08\/10.jpg\" class=\"attachment-large size-large\" alt=\"\" aria-describedby=\"gallery-1-48273\" srcset=\"https:\/\/d1xxa24wwackpg.cloudfront.net\/wp-content\/uploads\/2019\/08\/10.jpg 720w, https:\/\/d1xxa24wwackpg.cloudfront.net\/wp-content\/uploads\/2019\/08\/10.jpg 300w, https:\/\/d1xxa24wwackpg.cloudfront.net\/wp-content\/uploads\/2019\/08\/10.jpg 600w\" sizes=\"(max-width: 640px) 100vw, 640px\" \/><\/a>\n\t\t\t<\/div>\n\t\t\t\t<figcaption class='wp-caption-text gallery-caption' id='gallery-1-48273'>\n\t\t\t\tDe aquellas escenas apenas quedan fotocopias de unas fotos, porque los rollos eran decomisados. \n\t\t\t\t<\/figcaption><\/figure><figure class='gallery-item'>\n\t\t\t<div class='gallery-icon landscape'>\n\t\t\t\t<a href='https:\/\/staging.laprensanic.com\/magazine\/reportajes\/la-censura-en-los-80\/attachment\/11\/'><img decoding=\"async\" width=\"640\" height=\"374\" src=\"https:\/\/d1xxa24wwackpg.cloudfront.net\/wp-content\/uploads\/2019\/08\/11.jpg\" class=\"attachment-large size-large\" alt=\"\" aria-describedby=\"gallery-1-48274\" srcset=\"https:\/\/d1xxa24wwackpg.cloudfront.net\/wp-content\/uploads\/2019\/08\/11.jpg 720w, https:\/\/d1xxa24wwackpg.cloudfront.net\/wp-content\/uploads\/2019\/08\/11.jpg 300w, https:\/\/d1xxa24wwackpg.cloudfront.net\/wp-content\/uploads\/2019\/08\/11.jpg 600w\" sizes=\"(max-width: 640px) 100vw, 640px\" \/><\/a>\n\t\t\t<\/div>\n\t\t\t\t<figcaption class='wp-caption-text gallery-caption' id='gallery-1-48274'>\n\t\t\t\t\u00abNo se los lleven\u00bb, rogaban las madres, pero nadie lo supo. La nota y fotos fueron censurados. \n\t\t\t\t<\/figcaption><\/figure>\n\t\t<\/div>\n\n<h3>La Prensa y la censura<\/h3>\n<p>\u00abLa historia de LA PRENSA \u2014asegura su director Jaime Chamorro Cardenal\u2014 es la historia de la lucha por la libertad de prensa y por los derechos del nicarag\u00fcense\u00bb.<\/p>\n<p>En su libro <em>Frente dos dictaduras<\/em>, publicado en 1986, en ocasi\u00f3n del 60 aniversario de LA PRENSA, Chamorro Cardenal argumenta que \u00abuna meticulosa &#8216;cronolog\u00eda de la censura&#8217; revelar\u00eda que, desde sus primeros a\u00f1os, a trav\u00e9s de diversas \u00e9pocas y gobiernos, nuestro peri\u00f3dico ha sido siempre v\u00edctima de la represi\u00f3n y la agresi\u00f3n para evitar que publique la verdad o proteste contra las arbitrariedades o reclame la justicia para el indefenso\u00bb.<\/p>\n<p>Esa fue la realidad constante bajo la dinast\u00eda somocista y el r\u00e9gimen del Frente Sandinista que le continu\u00f3. \u00abBajo la dictadura din\u00e1stica de los Somoza (y bajo la tiran\u00eda sandinista en los ochenta), el r\u00e9gimen de la censura ha tenido caracter\u00edsticas an\u00e1logas, diferenci\u00e1ndose en que lo que en uno era represalia vengativa, en los otros es ideolog\u00eda totalitaria, tambi\u00e9n revanchista\u00bb, agrega Chamorro Cardenal.<\/p>\n<p>Sin embargo, el director de La Prensa sostiene que las \u00abrepresiones y agresiones\u00bb del r\u00e9gimen del Frente Sandinista de los a\u00f1os ochenta \u00abno fueron meras represalias vengativas como las del somocismo\u00bb.<\/p>\n<p>Chamorro Cardenal explica que en los a\u00f1os ochenta en la Direcci\u00f3n de Medios de Comunicaci\u00f3n \u00abtend\u00edan a arrancar de ra\u00edz conforme su pol\u00edtica declarada, las concepciones de la libertad de dependientes de las concepciones ideol\u00f3gicas porque un pluralismo libre y una libre expresi\u00f3n ponen en peligro el poder pol\u00edtico de los comandantes\u00bb.<\/p>\n<p>En el libro <strong>La Prensa, 85 a\u00f1os defendiendo la libertad<\/strong>, que el Diario public\u00f3 en marzo pasado, se da cuenta de los tipos de censura que ha padecido el peri\u00f3dico: hostigamientos, amonestaciones, suspensiones, cierres indefinidos, censura previa y hasta bombardeo.<\/p>\n<p>El r\u00e9gimen sandinista de los a\u00f1os ochenta fue una de las \u00e9pocas m\u00e1s duras para la libertad de prensa y para el Diario La Prensa en particular. Seg\u00fan Chamorro, m\u00e1s del 80 por ciento del material del peri\u00f3dico fue censurado d\u00eda a d\u00eda por la censura militar del FSLN.<\/p>\n<figure id=\"attachment_48275\" aria-describedby=\"caption-attachment-48275\" style=\"width: 720px\" class=\"wp-caption aligncenter\"><a href=\"https:\/\/gep90.laprensa.com.ni\/magazine\/wp-content\/uploads\/2019\/08\/Lo-que-no-vio-en-los-80-4.jpg\"><img loading=\"lazy\" decoding=\"async\" class=\"size-full wp-image-48275\" src=\"https:\/\/gep90.laprensa.com.ni\/magazine\/wp-content\/uploads\/2019\/08\/Lo-que-no-vio-en-los-80-4.jpg\" alt=\"\" width=\"720\" height=\"414\" srcset=\"https:\/\/d1xxa24wwackpg.cloudfront.net\/wp-content\/uploads\/2019\/08\/Lo-que-no-vio-en-los-80-4.jpg 720w, https:\/\/d1xxa24wwackpg.cloudfront.net\/wp-content\/uploads\/2019\/08\/Lo-que-no-vio-en-los-80-4.jpg 300w, https:\/\/d1xxa24wwackpg.cloudfront.net\/wp-content\/uploads\/2019\/08\/Lo-que-no-vio-en-los-80-4.jpg 600w\" sizes=\"(max-width: 720px) 100vw, 720px\" \/><\/a><figcaption id=\"caption-attachment-48275\" class=\"wp-caption-text\">Sin opini\u00f3n de humor. Esta caricatura tampoco se salv\u00f3 de la censura. El expresidente Enrique Bola\u00f1os a\u00fan conserva junto al resto de fotocopias y todo lo colocar\u00e1 en la biblioteca virtual, que presentar\u00e1 en septiembre.<\/figcaption><\/figure>\n<h3>Rothschuh que no se repita jam\u00e1s<\/h3>\n<p>En 1979, Guillermo Rothschuh Villanueva cre\u00f3 la Direcci\u00f3n de Medios de Comunicaci\u00f3n, que en enero de 1981 fue trasladada del Ministerio de la Cultura al Ministerio del Interior.<\/p>\n<p>Sin embargo, el actual director del Observatorio de Medios de Comunicaci\u00f3n asegura que \u00e9l siempre fue contrario a la censura y m\u00e1s bien vivi\u00f3 la \u00abluna de miel\u00bb entre los medios y la revoluci\u00f3n. \u00abUnos d\u00edas antes de realizarse este traslado hab\u00eda sido invitado por el ministro (Tom\u00e1s) Borge (a) hacerme cargo de Relaciones P\u00fablicas. Cuando me lo propuso, no lo dud\u00e9 ni un segundo. La situaci\u00f3n que se avecinaba en Nicaragua en el campo medi\u00e1tico iba a ser dur\u00edsima y para entonces no deseaba estar como coordinador de la Direcci\u00f3n de Medios de Comunicaci\u00f3n\u00bb, recuerda.<\/p>\n<p>Rothschuh justifica que \u00abel pa\u00eds viv\u00eda una situaci\u00f3n de guerra que de alguna forma impon\u00eda la necesidad de tomar ciertas providencias\u00bb y agrega que \u00abhasta ahora no existe un solo gobierno que en situaciones de guerra no imponga la censura\u00bb. \u00abA los gobiernos les resulta mejor lidiar con una prensa maniatada, incurriendo en una grave equivocaci\u00f3n\u00bb, dice.<\/p>\n<p>Sin embargo, reconoce que \u00absin el contrapeso de los medios el poder se desboca, se torna incontrolable\u00bb y opina que \u00abes preferible que los medios se equivoquen a tener que ponerles un bozal para que no informen sobre los desmanes que cometen los gobiernos\u00bb.<\/p>\n<p>Rothschuh admite que \u00abaunque los medios quedaron atrapados y formaron parte del conflicto b\u00e9lico de los ochenta, muchas veces se censuraron cuestiones intrascendentes\u00bb. Por eso hoy sugiere que \u00abtodo este material debe ser analizado, para que estos excesos no vuelvan a reeditarse jam\u00e1s en Nicaragua\u00bb.<\/p>\n<figure id=\"attachment_48271\" aria-describedby=\"caption-attachment-48271\" style=\"width: 720px\" class=\"wp-caption aligncenter\"><a href=\"https:\/\/gep90.laprensa.com.ni\/magazine\/wp-content\/uploads\/2019\/08\/6.jpg\"><img loading=\"lazy\" decoding=\"async\" class=\"size-full wp-image-48271\" src=\"https:\/\/gep90.laprensa.com.ni\/magazine\/wp-content\/uploads\/2019\/08\/6.jpg\" alt=\"\" width=\"720\" height=\"873\" srcset=\"https:\/\/d1xxa24wwackpg.cloudfront.net\/wp-content\/uploads\/2019\/08\/6.jpg 720w, https:\/\/d1xxa24wwackpg.cloudfront.net\/wp-content\/uploads\/2019\/08\/6.jpg 247w, https:\/\/d1xxa24wwackpg.cloudfront.net\/wp-content\/uploads\/2019\/08\/6.jpg 600w\" sizes=\"(max-width: 720px) 100vw, 720px\" \/><\/a><figcaption id=\"caption-attachment-48271\" class=\"wp-caption-text\">\u00abDiversionismo ideol\u00f3gico\u00bb. Esta foto de la protesta de la actriz Bo Derek por sus escenas censuradas en la pel\u00edcula Tarz\u00e1n, igual a la de un grupo esquiando en la nieve fueron censuradas por el r\u00e9gimen del FSLN, que ve\u00eda conspiraciones tras este tipo de im\u00e1genes.<\/figcaption><\/figure>\n<h3>Najlis fue un error<\/h3>\n<p>La te\u00f3loga Michele Najlis estuvo a cargo de la Direcci\u00f3n de Medios de Comunicaci\u00f3n durante 1998.<\/p>\n<p>Najlis admite que \u00abla pol\u00edtica del gobierno del FSLN hacia los medios de oposici\u00f3n era la de castigarlos con el cierre, sobre todo a La Prensa\u00bb, y esas orientaciones ven\u00edan de la Direcci\u00f3n Nacional. Sin embargo, aclara que no se enter\u00f3 de la censura previa que se estableci\u00f3 despu\u00e9s, hasta hace algunos meses.<\/p>\n<p>Seg\u00fan Najlis, hace falta un an\u00e1lisis sobre la complejidad de la situaci\u00f3n que se viv\u00eda en los a\u00f1os ochenta para evitar \u00abel riesgo de juzgar desde el presente, olvidando que en Nicaragua hab\u00eda una guerra que era algo real, financiada y armada por EE. UU. De este olvido resultar\u00eda una respuesta demasiado simplista. Pero tambi\u00e9n hay otro riesgo: el que querer justificar todo en nombre de la guerra\u00bb.<\/p>\n<p>Treinta a\u00f1os despu\u00e9s de haber dejado aquel cargo, Najlis asegura que \u00abambas cosas, los cierres de los medios y la censura, fueron un error explicable por la situaci\u00f3n de guerra, pero error al fin\u00bb.<\/p>\n<p>Najlis cree que \u00ablo mejor hubiera sido crear y consensuar una Ley de Medios basada en un c\u00f3digo \u00e9tico y no en razones partidarias\u00bb, pero lamenta que esa ley no prosper\u00f3.<\/p>\n","protected":false},"excerpt":{"rendered":"<p>M\u00e1s del ochenta por ciento del material editorial, noticioso y publicitario del Diario La Prensa fue suspendido d\u00eda a d\u00eda por la Direcci\u00f3n de Medios de Comunicaci\u00f3n que ejerci\u00f3 la censura del primer gobierno del Frente Sandinista en los a\u00f1os ochenta. Im\u00e1genes de madres llorando por sus hijos arrastrados al Servicio Militar o notas sobre la guerra o la escasez de alimentos nunca pudieron ser publicadas por este Diario.<\/p>\n","protected":false},"author":46,"featured_media":48179,"comment_status":"open","ping_status":"open","sticky":false,"template":"","format":"standard","meta":{"_acf_changed":false,"footnotes":""},"categories":[26],"tags":[415,676],"class_list":["post-48178","post","type-post","status-publish","format-standard","has-post-thumbnail","hentry","category-reportajes","tag-la-prensa","tag-sandinistas"],"acf":[],"_links":{"self":[{"href":"https:\/\/staging.laprensanic.com\/magazine\/wp-json\/wp\/v2\/posts\/48178","targetHints":{"allow":["GET"]}}],"collection":[{"href":"https:\/\/staging.laprensanic.com\/magazine\/wp-json\/wp\/v2\/posts"}],"about":[{"href":"https:\/\/staging.laprensanic.com\/magazine\/wp-json\/wp\/v2\/types\/post"}],"author":[{"embeddable":true,"href":"https:\/\/staging.laprensanic.com\/magazine\/wp-json\/wp\/v2\/users\/46"}],"replies":[{"embeddable":true,"href":"https:\/\/staging.laprensanic.com\/magazine\/wp-json\/wp\/v2\/comments?post=48178"}],"version-history":[{"count":6,"href":"https:\/\/staging.laprensanic.com\/magazine\/wp-json\/wp\/v2\/posts\/48178\/revisions"}],"predecessor-version":[{"id":51507,"href":"https:\/\/staging.laprensanic.com\/magazine\/wp-json\/wp\/v2\/posts\/48178\/revisions\/51507"}],"wp:featuredmedia":[{"embeddable":true,"href":"https:\/\/staging.laprensanic.com\/magazine\/wp-json\/wp\/v2\/media\/48179"}],"wp:attachment":[{"href":"https:\/\/staging.laprensanic.com\/magazine\/wp-json\/wp\/v2\/media?parent=48178"}],"wp:term":[{"taxonomy":"category","embeddable":true,"href":"https:\/\/staging.laprensanic.com\/magazine\/wp-json\/wp\/v2\/categories?post=48178"},{"taxonomy":"post_tag","embeddable":true,"href":"https:\/\/staging.laprensanic.com\/magazine\/wp-json\/wp\/v2\/tags?post=48178"}],"curies":[{"name":"wp","href":"https:\/\/api.w.org\/{rel}","templated":true}]}}