{"id":48301,"date":"2011-09-04T11:02:57","date_gmt":"2011-09-04T17:02:57","guid":{"rendered":"http:\/\/gep90.laprensa.com.ni\/magazine\/?p=48301"},"modified":"2020-07-29T12:17:46","modified_gmt":"2020-07-29T18:17:46","slug":"esos-anos-del-colegio","status":"publish","type":"post","link":"https:\/\/staging.laprensanic.com\/magazine\/reportajes\/esos-anos-del-colegio\/","title":{"rendered":"Esos a\u00f1os del colegio"},"content":{"rendered":"<p style=\"text-align: center;\">\u00bfPuede imaginar al cronista deportivo Edgar Tijerino robando libros o al pintor Alejandro Ar\u00f3stegui siendo aplazado en la clase de dibujo? \u00bfO a Guillermo Arg\u00fcello Poessy de novio? Ocho personajes nicarag\u00fcenses hacen una retrospectiva y nos cuentan sus a\u00f1os en la secundaria<\/p>\n<p style=\"text-align: center;\"><strong>Por Dora Luz Romero y Arlen Cerda<\/strong><\/p>\n<p>En este club hubo vagos, palillonas, religiosos, malos y buenos alumnos. Personajes nicarag\u00fcenses se quitan la pena de encima, con una sonrisa en el rostro y con ese sabor a nostalgia recuerdan c\u00f3mo les fue en sus a\u00f1os de secundaria. De aquellos tiempos van y vienen flashes de rebeld\u00eda, de travesuras, de aprietos&#8230;<\/p>\n<p>Se muestran tal cuales eran. Con sus defectos e insolencias e incluso con su inocencia. Dionisio Marenco, exalcalde de Managua, confiesa que no tuvo suerte con las novias en la secundaria. El cantautor Luis Enrique Mej\u00eda Godoy guarda en su memoria que aquella terrible clase de Qu\u00edmica no le permiti\u00f3 subir a la ceremonia de graduaci\u00f3n. La diputada M\u00f3nica Baltodano tampoco subi\u00f3 a su promoci\u00f3n, pero fue porque las monjas no la dejaron.<\/p>\n<p><strong>Lea tambi\u00e9n: <a href=\"https:\/\/gep90.laprensa.com.ni\/magazine\/reportaje\/aleman-y-ortega\/\">Los a\u00f1os de Daniel Ortega y Arnoldo Alem\u00e1n en el colegio<\/a><\/strong><\/p>\n<p>La ex Miss Nicaragua, Marianela Lacayo, se recuerda demasiado flaca y el cronista Edgar Tijerino rememora con jocosidad las fajeadas que su pap\u00e1 le daba frente a todos en el colegio, debido a sus insolencias. Todos tienen algo que contar.<\/p>\n<h3>\u00abFui parte de una banda robalibros\u00bb<\/h3>\n<p>Mis padres casi enloquecen. Perd\u00ed un a\u00f1o en primaria y dos en secundaria. Me amenazaron con meterme al Reformatorio o a la Academia Militar. Confieso que fui un mal alumno. Solo me interesaba pasar y viv\u00eda m\u00e1s pendiente de los deportes. Era popular, necio y por eso siempre viv\u00eda metido en clavos.<\/p>\n<p>Era expulsado constantemente, casi todos los d\u00edas me llevaban a la subdirecci\u00f3n. Cuando parec\u00eda una expulsi\u00f3n definitiva en tercer a\u00f1o, me salv\u00f3 Doris Tijerino, al responsabilizarse por lo que yo hab\u00eda hecho. Recuerdo que mi pap\u00e1 acostumbraba a fajearme en la tarima, delante de todos, y nada.<\/p>\n<p>Era flaco, con gesto asustado, rostro grasoso, con barros por todos lados&#8230; \u00a1Hasta en las orejas!<\/p>\n<p>M\u00e1s que una travesura, lo peor que recuerdo es un delito. Fui parte de una banda robalibros, que los vend\u00edamos en los puestos de los mercados Central y San Miguel. Lo hac\u00edamos en el recreo y los ocult\u00e1bamos muy bien. Para efectos de apariencia a nosotros tambi\u00e9n \u00abnos robaban\u00bb. Mi padre casi me mata cuando sospech\u00f3 que yo estaba involucrado.<\/p>\n<p>La secundaria fue una etapa feliz, como un so\u00f1ador indocumentado, pobre pero sin preocupaciones.<\/p>\n<p>Fui un vago. No tengo otro calificativo m\u00e1s apropiado. Eso s\u00ed, despu\u00e9s me compuse y de verdad.<\/p>\n<figure id=\"attachment_48302\" aria-describedby=\"caption-attachment-48302\" style=\"width: 500px\" class=\"wp-caption aligncenter\"><a href=\"https:\/\/gep90.laprensa.com.ni\/magazine\/wp-content\/uploads\/2019\/08\/Foto-1.jpg\"><img fetchpriority=\"high\" decoding=\"async\" class=\"wp-image-48302\" src=\"https:\/\/gep90.laprensa.com.ni\/magazine\/wp-content\/uploads\/2019\/08\/Foto-1.jpg\" alt=\"\" width=\"500\" height=\"501\" srcset=\"https:\/\/d1xxa24wwackpg.cloudfront.net\/wp-content\/uploads\/2019\/08\/Foto-1.jpg 700w, https:\/\/d1xxa24wwackpg.cloudfront.net\/wp-content\/uploads\/2019\/08\/Foto-1.jpg 150w, https:\/\/d1xxa24wwackpg.cloudfront.net\/wp-content\/uploads\/2019\/08\/Foto-1.jpg 300w, https:\/\/d1xxa24wwackpg.cloudfront.net\/wp-content\/uploads\/2019\/08\/Foto-1.jpg 600w, https:\/\/d1xxa24wwackpg.cloudfront.net\/wp-content\/uploads\/2019\/08\/Foto-1.jpg 100w, https:\/\/d1xxa24wwackpg.cloudfront.net\/wp-content\/uploads\/2019\/08\/Foto-1.jpg 24w, https:\/\/d1xxa24wwackpg.cloudfront.net\/wp-content\/uploads\/2019\/08\/Foto-1.jpg 48w, https:\/\/d1xxa24wwackpg.cloudfront.net\/wp-content\/uploads\/2019\/08\/Foto-1.jpg 96w\" sizes=\"(max-width: 500px) 100vw, 500px\" \/><\/a><figcaption id=\"caption-attachment-48302\" class=\"wp-caption-text\">Edgar Tijerino. Instituto Ram\u00edrez Goyena, 1964. Cronista deportivo. 68 a\u00f1os.<\/figcaption><\/figure>\n<h3>\u00abMe aplazaron en dibujo\u00bb<\/h3>\n<p>Flaco. Delgado. De lentes. T\u00edmido. Miedoso. As\u00ed era yo. Ven\u00eda de Bluefields y entr\u00e9 a tercer grado en el Pedag\u00f3gico La Salle, ese que quedaba sobre la avenida Roosevelt. Era muy calmo y siempre me sentaban atr\u00e1s.<\/p>\n<p>Ten\u00eda problemas con la vista y nadie lo sab\u00eda a\u00fan, as\u00ed que casi nunca pod\u00eda copiar las tareas del pizarr\u00f3n y hubo veces que estudi\u00e9 diez p\u00e1ginas de un libro que solo tocaba estudiar una.<\/p>\n<p>Recuerdo una ocasi\u00f3n que me aplazaron en la clase de dibujo. Ten\u00eda que dibujar un mango que el maestro puso sobre su escritorio y cuando mi pap\u00e1 lleg\u00f3 a protestar, \u00e9l le dijo que hab\u00eda dibujado un jocote y no un mango. \u00a1No ve\u00eda bien!<\/p>\n<p>Pero mi secundaria fue distinta.<\/p>\n<p>Siempre sent\u00ed gusto por la historia, la geograf\u00eda y, por supuesto, por las clases de dibujo. Era un buen estudiante y siempre fui cuadro de honor. Pero lo que m\u00e1s marc\u00f3 esos a\u00f1os de mi vida fue el basquetbol. Comenc\u00e9 a practicar este deporte y pronto sobresal\u00ed. Eso me distension\u00f3 mucho, me divert\u00eda y me daba much\u00edsima seguridad. Recuerdo que \u00e9ramos un grupo de cinco que est\u00e1bamos siempre listos para ir a jugar a cualquier lado. Era un rigioso.<\/p>\n<p>Nunca fui fiestero, tampoco tomaba, la verdad es que no fui de muchas travesuras, pero sin duda lo que m\u00e1s disfrut\u00e9 fueron esos juegos de basquetbol, que sent\u00eda que me daban una enorme libertad.<\/p>\n<figure id=\"attachment_48303\" aria-describedby=\"caption-attachment-48303\" style=\"width: 450px\" class=\"wp-caption aligncenter\"><a href=\"https:\/\/gep90.laprensa.com.ni\/magazine\/wp-content\/uploads\/2019\/08\/Foto-2.jpg\"><img decoding=\"async\" class=\"wp-image-48303\" src=\"https:\/\/gep90.laprensa.com.ni\/magazine\/wp-content\/uploads\/2019\/08\/Foto-2.jpg\" alt=\"\" width=\"450\" height=\"506\" srcset=\"https:\/\/d1xxa24wwackpg.cloudfront.net\/wp-content\/uploads\/2019\/08\/Foto-2.jpg 720w, https:\/\/d1xxa24wwackpg.cloudfront.net\/wp-content\/uploads\/2019\/08\/Foto-2.jpg 267w, https:\/\/d1xxa24wwackpg.cloudfront.net\/wp-content\/uploads\/2019\/08\/Foto-2.jpg 600w\" sizes=\"(max-width: 450px) 100vw, 450px\" \/><\/a><figcaption id=\"caption-attachment-48303\" class=\"wp-caption-text\">Alejandro Ar\u00f3stegui. Instituto Pedag\u00f3gico La Salle, 1953. Pintor, 76 a\u00f1os.<\/figcaption><\/figure>\n<h3>\u00abLas monjas no me dejaron subir\u00bb<\/h3>\n<p>Todo estaba listo. Para la graduaci\u00f3n un grupo de amigas y yo hab\u00edamos acordado que no tendr\u00edamos toga, birrete, anillo ni una ceremonia costosa. \u00c9ramos del grupo juvenil cristiano, varias comprometidas con la lucha antisomocista que se empezaba a gestar y promov\u00edamos el menor gasto para nuestros padres.<\/p>\n<p>A varias mam\u00e1s no les gustaba la idea, pero nosotras segu\u00edamos adelante.<\/p>\n<p>Mi mam\u00e1 a m\u00ed no me oblig\u00f3 a llevar el uniforme, as\u00ed que el d\u00eda de mi graduaci\u00f3n llegu\u00e9 vestida con un pantal\u00f3n blanco y una camiseta azul con botoncitos blancos en el pecho. Lo tengo tan presente. \u00a1Pero fui la \u00fanica! A todas las dem\u00e1s les hicieron vestir el uniforme. Las monjas no me dejaron subir a retirar mi diploma y me sentaron aparte. Despu\u00e9s de la ceremonia, algunas amigas me dijeron que sent\u00edan un poco de pena porque me dejaron sola, pero yo estaba tranquila conmigo misma.<\/p>\n<p>Unos d\u00edas despu\u00e9s organizamos un paseo a la finca de una amiga de Le\u00f3n, Alicia Langrand, y de bandidas nos tomamos unos traguitos. Entonces ya con la efervescencia yo les reclam\u00e9 que no pensaban en tanta gente pobre, en los ni\u00f1os hambrientos y otro mont\u00f3n de cosas. Ahora cada vez que nos reencontramos, ellas siempre me recuerdan esa vez que las trat\u00e9 a todas.<\/p>\n<figure id=\"attachment_48304\" aria-describedby=\"caption-attachment-48304\" style=\"width: 450px\" class=\"wp-caption aligncenter\"><a href=\"https:\/\/gep90.laprensa.com.ni\/magazine\/wp-content\/uploads\/2019\/08\/Foto-4.jpg\"><img decoding=\"async\" class=\"wp-image-48304\" src=\"https:\/\/gep90.laprensa.com.ni\/magazine\/wp-content\/uploads\/2019\/08\/Foto-4.jpg\" alt=\"\" width=\"450\" height=\"536\" srcset=\"https:\/\/d1xxa24wwackpg.cloudfront.net\/wp-content\/uploads\/2019\/08\/Foto-4.jpg 720w, https:\/\/d1xxa24wwackpg.cloudfront.net\/wp-content\/uploads\/2019\/08\/Foto-4.jpg 252w, https:\/\/d1xxa24wwackpg.cloudfront.net\/wp-content\/uploads\/2019\/08\/Foto-4.jpg 600w\" sizes=\"(max-width: 450px) 100vw, 450px\" \/><\/a><figcaption id=\"caption-attachment-48304\" class=\"wp-caption-text\">M\u00f3nica Baltodano. Colegio Pureza de Mar\u00eda, Le\u00f3n. 1971. Diputada, 57 a\u00f1os.<\/figcaption><\/figure>\n<h3>\u00abEra una chachalaca\u00bb<\/h3>\n<p>Am\u00e9 mi colegio. Eso es lo primero que voy a decir. Ah\u00ed estudi\u00e9 desde primer grado junto a sor Norma, a quien adoro. \u00c9ramos un grupo peque\u00f1o, 16 chicas, y recuerdo con claridad que sor Ana Mar\u00eda nos dividi\u00f3 en tres grupos: \u00ablas fuere\u00f1as\u00bb, que eran las que llegaban de otras ciudades a estudiar al San Jos\u00e9; \u00ablas intocables\u00bb, que se la pasaban estudiando, y \u00ablas chachalacas\u00bb, parlanchinas, cantadoras y gritonas. \u00a1Ah\u00ed estaba yo! Era una chachalaca.<\/p>\n<p>Todas las chachalacas \u00e9ramos de la banda de guerra y goz\u00e1bamos en los ensayos. Hasta ballet bail\u00e1bamos al ritmo de los tambores. Yo era la palillona principal y lo fui a\u00fan habiendo salido del colegio. Era alta, no tan flaca, bailaba ballet, flamenco y hasta jugu\u00e9 basquetbol por un tiempo, pero la verdad es que era mal\u00edsima. Tambi\u00e9n hubo un tiempo que us\u00e9 anteojos, frenillos y me miraba, honestamente, \u00a1grave!<\/p>\n<p>Algunos no lo creen, pero fui una excelente estudiante. Me gradu\u00e9 con honores y a m\u00ed me toc\u00f3 dar el discurso de despedida de quinto a\u00f1o.<\/p>\n<p>Siempre digo que a nuestra generaci\u00f3n le toc\u00f3 vivir momentos muy duros, era \u00e9poca de guerra, pero con el baile y nuestros inventos de veladas y shows hac\u00edamos de cada momento algo especial.<\/p>\n<figure id=\"attachment_48305\" aria-describedby=\"caption-attachment-48305\" style=\"width: 550px\" class=\"wp-caption aligncenter\"><a href=\"https:\/\/gep90.laprensa.com.ni\/magazine\/wp-content\/uploads\/2019\/08\/Foto-5.jpg\"><img loading=\"lazy\" decoding=\"async\" class=\"wp-image-48305\" src=\"https:\/\/gep90.laprensa.com.ni\/magazine\/wp-content\/uploads\/2019\/08\/Foto-5.jpg\" alt=\"\" width=\"550\" height=\"485\" srcset=\"https:\/\/d1xxa24wwackpg.cloudfront.net\/wp-content\/uploads\/2019\/08\/Foto-5.jpg 720w, https:\/\/d1xxa24wwackpg.cloudfront.net\/wp-content\/uploads\/2019\/08\/Foto-5.jpg 300w, https:\/\/d1xxa24wwackpg.cloudfront.net\/wp-content\/uploads\/2019\/08\/Foto-5.jpg 600w\" sizes=\"(max-width: 550px) 100vw, 550px\" \/><\/a><figcaption id=\"caption-attachment-48305\" class=\"wp-caption-text\">Karen Celebertti. Colegio San Jos\u00e9, Matagalpa. 1984. Propietaria de Franquicia Miss Nicaragua. 42 a\u00f1os.<\/figcaption><\/figure>\n<h3>\u00abMe dec\u00edan Tribil\u00edn\u00bb<\/h3>\n<p>Pesaba unas cien libras menos que ahora. Era flaco, alto y gracias a esas cualidades me gan\u00e9 el apodo de Tribil\u00edn. No fui un buen deportista, pero s\u00ed un buen alumno. Ten\u00eda<br \/>\ncierta facilidad con el estudio y una presi\u00f3n muy grande por parte de mi padre para tener un ritmo de estudio acelerado. Siempre fui parte de los mejores estudiantes de cada curso, disfrutaba much\u00edsimo de las clases de literatura e historia universal.<\/p>\n<p>Con las novias, debo ser honesto, no me fue muy bien. De hecho, no tuve en la secundaria. Fue hasta que llegu\u00e9 a Managua a estudiar Ingenier\u00eda que tuve mi primera novia. Era muy t\u00edmido, introvertido y lo sigo siendo.<\/p>\n<p>Los deportes no eran mi fuerte. Las veces que jugu\u00e9 lo hice en una liga no oficial del colegio, arm\u00e1bamos perreras. Le dec\u00edan la \u00abquebrantahuesos\u00bb,porque ah\u00ed tirabas tus patadas y hasta quebrados sal\u00edan.<\/p>\n<p>Fui muy poco para las travesuras. Nunca reprob\u00e9 una clase. Fui un poco aburrido quiz\u00e1s. Pero aquellos a\u00f1os me producen cierta nostalgia y recuerdos muy gratos. Dir\u00eda que fue una \u00e9poca muy bonita de mi vida.<\/p>\n<figure id=\"attachment_48306\" aria-describedby=\"caption-attachment-48306\" style=\"width: 450px\" class=\"wp-caption aligncenter\"><a href=\"https:\/\/gep90.laprensa.com.ni\/magazine\/wp-content\/uploads\/2019\/08\/Foto-3.jpg\"><img loading=\"lazy\" decoding=\"async\" class=\"wp-image-48306\" src=\"https:\/\/gep90.laprensa.com.ni\/magazine\/wp-content\/uploads\/2019\/08\/Foto-3.jpg\" alt=\"\" width=\"450\" height=\"471\" srcset=\"https:\/\/d1xxa24wwackpg.cloudfront.net\/wp-content\/uploads\/2019\/08\/Foto-3.jpg 720w, https:\/\/d1xxa24wwackpg.cloudfront.net\/wp-content\/uploads\/2019\/08\/Foto-3.jpg 286w, https:\/\/d1xxa24wwackpg.cloudfront.net\/wp-content\/uploads\/2019\/08\/Foto-3.jpg 600w, https:\/\/d1xxa24wwackpg.cloudfront.net\/wp-content\/uploads\/2019\/08\/Foto-3.jpg 24w\" sizes=\"(max-width: 450px) 100vw, 450px\" \/><\/a><figcaption id=\"caption-attachment-48306\" class=\"wp-caption-text\">Dionisio Marenco. Colegio Centro Am\u00e9rica, Granada. 1963. Exalcalde de Managua, 64 a\u00f1os.<\/figcaption><\/figure>\n<h3>\u00abIba convertirme en religioso\u00bb<\/h3>\n<p>Hablar de mis a\u00f1os de estudiante es tocarme la vanidad. Siempre fui muy buen alumno. No me gustaba matem\u00e1tica, f\u00edsica ni qu\u00edmica, pero s\u00ed las letras. Adem\u00e1s, mi relaci\u00f3n con los profesores era muy estrecha, al punto que pens\u00e9 seguir la carrera religiosa: ser hermano de la escuela cristiana de los Hijos de San Juan Bautista de La Salle.<\/p>\n<p>Al concluir el tercer a\u00f1o me traslad\u00e9 al internado de La Salle en Costa Rica y luego fui a Panam\u00e1. Era un noviciado menor y, para m\u00ed, los hermanos de La Salle eran santos varones.<\/p>\n<p>Pero el voto de obediencia en la vida religiosa es el m\u00e1s dif\u00edcil. Consider\u00e9 que yo no era apto para esa vida y dej\u00e9 el noviciado por el Derecho.<\/p>\n<p>Lo que m\u00e1s recuerdo de esos a\u00f1os son las buenas amistades. Mis compa\u00f1eros y yo todav\u00eda mantenemos comunicaci\u00f3n a trav\u00e9s de una red de correos que hemos bautizado de una forma muy optimista \u00abLos Muchachos del 58\u00bb, aunque todos tenemos m\u00e1s de 70 a\u00f1os y la mayor\u00eda est\u00e1n jubilados.<\/p>\n<p>\u00bfAn\u00e9cdotas? Ninguna me marc\u00f3 tanto como la que viv\u00ed ya en mis a\u00f1os de universitario: ver la masacre estudiantil (julio, 1959) desde un balc\u00f3n del Sesteo, la antigua Facultad de Derecho de la UNAN-Le\u00f3n. \u00a1Una tragedia espantosa!<\/p>\n<figure id=\"attachment_48307\" aria-describedby=\"caption-attachment-48307\" style=\"width: 450px\" class=\"wp-caption aligncenter\"><a href=\"https:\/\/gep90.laprensa.com.ni\/magazine\/wp-content\/uploads\/2019\/08\/Foto-7.jpg\"><img loading=\"lazy\" decoding=\"async\" class=\"wp-image-48307\" src=\"https:\/\/gep90.laprensa.com.ni\/magazine\/wp-content\/uploads\/2019\/08\/Foto-7.jpg\" alt=\"\" width=\"450\" height=\"494\" srcset=\"https:\/\/d1xxa24wwackpg.cloudfront.net\/wp-content\/uploads\/2019\/08\/Foto-7.jpg 720w, https:\/\/d1xxa24wwackpg.cloudfront.net\/wp-content\/uploads\/2019\/08\/Foto-7.jpg 273w, https:\/\/d1xxa24wwackpg.cloudfront.net\/wp-content\/uploads\/2019\/08\/Foto-7.jpg 600w\" sizes=\"(max-width: 450px) 100vw, 450px\" \/><\/a><figcaption id=\"caption-attachment-48307\" class=\"wp-caption-text\">Guillermo Arg\u00fcello Poessy. Instituto Pedag\u00f3gico La Salle, Panam\u00e1. 1958. Contralor, 70 a\u00f1os.<\/figcaption><\/figure>\n<h3>\u00abMe expulsaron\u00bb<\/h3>\n<p>La f\u00edsica y la qu\u00edmica me quitaron la vida. Fue tanto que el \u00faltimo a\u00f1o de la secundaria iba p\u00e9simo en qu\u00edmica, hice un mal examen final y reprob\u00e9. No pude subir a la ceremonia de la promoci\u00f3n y no sab\u00eda c\u00f3mo decirle eso a mis padres. Recuerdo que no me tomaron la foto de bachillerato, no sal\u00ed en la memoria como bachiller del colegio, tampoco sub\u00ed con mi mam\u00e1, ni me pusieron anillo. No le di ese gusto a mi madre y eso me doli\u00f3 mucho.<\/p>\n<p>Siempre fui muy activo en el colegio. Pertenec\u00eda a un grupo musical donde tocaba guitarra. Fui director de la revista literaria del colegio y adem\u00e1s jugaba basquetbol y futbol. En el colegio escrib\u00ed mis primeros poemas y canciones.<\/p>\n<p>Fui un poco rebelde tambi\u00e9n. En m\u00e1s de una ocasi\u00f3n me escap\u00e9 del internado con mis amigos. \u00cdbamos a los burdeles y a las cantinas.<\/p>\n<p>Pero hay algo que recuerdo siempre. A causa de una broma pesada que no provoqu\u00e9, pero en la que particip\u00e9, el padre nos expuls\u00f3. Entonces hicimos una caminata del colegio al parque en se\u00f1al de protesta por la injusticia. Estuvimos una semana en paro, los curas aceptaron que regres\u00e1ramos todos, menos dos compa\u00f1eros. Y a m\u00ed me dejaron regresar, pero me expulsaron del internado con mi mejor amigo y me toc\u00f3 ir a vivir a una pensi\u00f3n.<\/p>\n<figure id=\"attachment_48308\" aria-describedby=\"caption-attachment-48308\" style=\"width: 400px\" class=\"wp-caption aligncenter\"><a href=\"https:\/\/gep90.laprensa.com.ni\/magazine\/wp-content\/uploads\/2019\/08\/Foto-9.jpg\"><img loading=\"lazy\" decoding=\"async\" class=\"wp-image-48308\" src=\"https:\/\/gep90.laprensa.com.ni\/magazine\/wp-content\/uploads\/2019\/08\/Foto-9.jpg\" alt=\"\" width=\"400\" height=\"510\" srcset=\"https:\/\/d1xxa24wwackpg.cloudfront.net\/wp-content\/uploads\/2019\/08\/Foto-9.jpg 720w, https:\/\/d1xxa24wwackpg.cloudfront.net\/wp-content\/uploads\/2019\/08\/Foto-9.jpg 235w, https:\/\/d1xxa24wwackpg.cloudfront.net\/wp-content\/uploads\/2019\/08\/Foto-9.jpg 600w\" sizes=\"(max-width: 400px) 100vw, 400px\" \/><\/a><figcaption id=\"caption-attachment-48308\" class=\"wp-caption-text\">Luis Enrique Mej\u00eda Godoy. Colegio Calasanz, Le\u00f3n. 1965. Cantautor, 66 a\u00f1os.<\/figcaption><\/figure>\n<h3>\u00abNo era la m\u00e1s bonita\u00bb<\/h3>\n<p>Quiz\u00e1 el hecho de haber sido Miss Nicaragua invite a pensar que fui una chica muy popular, coqueta y que gustaba de llamar la atenci\u00f3n. Pero no.<\/p>\n<p>En mis a\u00f1os de secundaria fui una muchacha muy t\u00edmida, siempre me quejaba de ser tan flaca y de tener las piernas muy delgadas. No era muy agraciada o, al menos, as\u00ed me ve\u00eda yo.<\/p>\n<p>En aquellos a\u00f1os, dir\u00eda que el f\u00edsico no era mi fuerte, sino mi forma de ser. Siempre he sido muy cari\u00f1osa y he sabido escuchar.<\/p>\n<p>Tuve mis novios, ser\u00eda mentirosa al decir que no me hac\u00edan caso. Fueron noviazgos contados y muy formales, pero creo que no era la m\u00e1s bonita.<\/p>\n<p>Nunca fui la popular ni la callada. Me gustaba hablar mucho, era sociable, pero sobre todo con mis amigas. Tuve cinco amigas inseparables, que desde las bancas de los pasillos intent\u00e1bamos resolver el mundo. Mis amigos m\u00e1s queridos son de esa \u00e9poca, son como mis hermanos.<\/p>\n<p>Fueron buenos tiempos, extra\u00f1o esa magia del colegio. Desde aquella etapa a\u00fan mi gente m\u00e1s cercana me sigue llamando \u00abla flaca\u00bb, \u00abla Nela\u00bb, \u00abla colocho\u00bb o \u00abla gorda\u00bb.<\/p>\n<figure id=\"attachment_48309\" aria-describedby=\"caption-attachment-48309\" style=\"width: 450px\" class=\"wp-caption aligncenter\"><a href=\"https:\/\/gep90.laprensa.com.ni\/magazine\/wp-content\/uploads\/2019\/08\/Foto-8.jpg\"><img loading=\"lazy\" decoding=\"async\" class=\"wp-image-48309\" src=\"https:\/\/gep90.laprensa.com.ni\/magazine\/wp-content\/uploads\/2019\/08\/Foto-8.jpg\" alt=\"\" width=\"450\" height=\"435\" srcset=\"https:\/\/d1xxa24wwackpg.cloudfront.net\/wp-content\/uploads\/2019\/08\/Foto-8.jpg 720w, https:\/\/d1xxa24wwackpg.cloudfront.net\/wp-content\/uploads\/2019\/08\/Foto-8.jpg 300w, https:\/\/d1xxa24wwackpg.cloudfront.net\/wp-content\/uploads\/2019\/08\/Foto-8.jpg 600w, https:\/\/d1xxa24wwackpg.cloudfront.net\/wp-content\/uploads\/2019\/08\/Foto-8.jpg 24w\" sizes=\"(max-width: 450px) 100vw, 450px\" \/><\/a><figcaption id=\"caption-attachment-48309\" class=\"wp-caption-text\">Marianela Lacayo. Colegio Pureza de Mar\u00eda. 1998. Ex Miss Nicaragua, 30 a\u00f1os.<\/figcaption><\/figure>\n","protected":false},"excerpt":{"rendered":"<p>\u00bfPuede imaginar al cronista deportivo Edgard Tijerino robando libros o al pintor Alejandro Ar\u00f3stegui siendo aplazado en la clase de dibujo? \u00bfO a Guillermo Arg\u00fcello Poessy de novio? Ocho personajes nicarag\u00fcenses hacen una retrospectiva y nos cuentan sus a\u00f1os en la secundaria<\/p>\n","protected":false},"author":46,"featured_media":48311,"comment_status":"open","ping_status":"open","sticky":false,"template":"","format":"standard","meta":{"_acf_changed":false,"footnotes":""},"categories":[26],"tags":[],"class_list":["post-48301","post","type-post","status-publish","format-standard","has-post-thumbnail","hentry","category-reportajes"],"acf":[],"_links":{"self":[{"href":"https:\/\/staging.laprensanic.com\/magazine\/wp-json\/wp\/v2\/posts\/48301","targetHints":{"allow":["GET"]}}],"collection":[{"href":"https:\/\/staging.laprensanic.com\/magazine\/wp-json\/wp\/v2\/posts"}],"about":[{"href":"https:\/\/staging.laprensanic.com\/magazine\/wp-json\/wp\/v2\/types\/post"}],"author":[{"embeddable":true,"href":"https:\/\/staging.laprensanic.com\/magazine\/wp-json\/wp\/v2\/users\/46"}],"replies":[{"embeddable":true,"href":"https:\/\/staging.laprensanic.com\/magazine\/wp-json\/wp\/v2\/comments?post=48301"}],"version-history":[{"count":6,"href":"https:\/\/staging.laprensanic.com\/magazine\/wp-json\/wp\/v2\/posts\/48301\/revisions"}],"predecessor-version":[{"id":51534,"href":"https:\/\/staging.laprensanic.com\/magazine\/wp-json\/wp\/v2\/posts\/48301\/revisions\/51534"}],"wp:featuredmedia":[{"embeddable":true,"href":"https:\/\/staging.laprensanic.com\/magazine\/wp-json\/wp\/v2\/media\/48311"}],"wp:attachment":[{"href":"https:\/\/staging.laprensanic.com\/magazine\/wp-json\/wp\/v2\/media?parent=48301"}],"wp:term":[{"taxonomy":"category","embeddable":true,"href":"https:\/\/staging.laprensanic.com\/magazine\/wp-json\/wp\/v2\/categories?post=48301"},{"taxonomy":"post_tag","embeddable":true,"href":"https:\/\/staging.laprensanic.com\/magazine\/wp-json\/wp\/v2\/tags?post=48301"}],"curies":[{"name":"wp","href":"https:\/\/api.w.org\/{rel}","templated":true}]}}