{"id":48323,"date":"2011-08-07T13:32:30","date_gmt":"2011-08-07T19:32:30","guid":{"rendered":"http:\/\/gep90.laprensa.com.ni\/magazine\/?p=48323"},"modified":"2020-07-30T12:42:00","modified_gmt":"2020-07-30T18:42:00","slug":"el-retorno-de-el-bufalo-2","status":"publish","type":"post","link":"https:\/\/staging.laprensanic.com\/magazine\/reportajes\/el-retorno-de-el-bufalo-2\/","title":{"rendered":"El retorno del B\u00fafalo"},"content":{"rendered":"<p style=\"text-align: center;\">Uno de los mejores boxeadores de Nicaragua, dos veces campe\u00f3n del mundo y el \u00fanico que mand\u00f3 a la lona al mexicano Ricardo \u00abFinito\u00bb L\u00f3pez, considerado el mejor peleador de categor\u00edas peque\u00f1as de la historia. Despu\u00e9s de cinco a\u00f1os inactivo Rosendo \u00abel B\u00fafalo\u00bb \u00c1lvarez se pone de pie y dice estar listo para dar la batalla en el ring. A sus 41 a\u00f1os, con cuatro hijos y tres nietos, camina sobre un<br \/>\nsue\u00f1o: llegar a ser tricampe\u00f3n mundial<\/p>\n<p style=\"text-align: center;\"><strong>Dora Luz Romero<\/strong><br \/>\n<strong>Fotos de Brenda Beets Brown<\/strong><\/p>\n<p>Su voz daba la impresi\u00f3n de haberse apagado. Pasaron los a\u00f1os y su nombre se fue escuchando cada vez menos. Pronto hab\u00eda dejado de ser la comidilla de los medios de comunicaci\u00f3n. Su historia era la misma que la mayor\u00eda de los boxeadores, tuvo sus d\u00edas de gloria y luego se retir\u00f3 a una vida aderezada por los recuerdos y el anonimato. Pero no. Rosendo \u00c1lvarez, mejor conocido como el B\u00fafalo por su fortaleza en el ring, se resiste a ser olvidado. Se resiste a dejar el ring que por muchos a\u00f1os lo acogi\u00f3. Ahora con 41 a\u00f1os encima y desde California, donde se encuentra reconcentrado para su pr\u00f3xima pelea, el B\u00fafalo dice estar de vuelta. Sin embargo, un retorno \u2014opinan los expertos en deportes\u2014 no ser\u00eda la mejor decisi\u00f3n para un deportista de su talla.<\/p>\n<p>Los especialistas lo catalogan como el segundo mejor boxeador de Nicaragua, despu\u00e9s de Alexis Arg\u00fcello, y el mejor de las categor\u00edas peque\u00f1as. En su \u00e9poca, dio mucho de qu\u00e9 hablar. No solo por sus destrezas en el cuadril\u00e1tero, sino tambi\u00e9n por su indisciplina, su controversia, vida sentimental, el alcohol y el dinero.<\/p>\n<p><strong>LEA TAMBI\u00c9N: <a href=\"https:\/\/gep90.laprensa.com.ni\/magazine\/perfil\/alexis-arguello-aquel-muchacho-loco\/\">Alexis Arg\u00fcello: Aquel muchacho loco<\/a><\/strong><\/p>\n<p>Ahora, su nombre empieza a escucharse nuevamente. En julio pasado fue integrado al Sal\u00f3n de la<br \/>\nFama del Deporte de Nicaragua y hace algunos meses anunci\u00f3 que volver\u00eda al ring. Su retorno ha generado diversas opiniones. Hay quienes prefieren quedarse con la imagen del Rosendo que en 1998 logr\u00f3 llevar a la lona al mejor boxeador de categor\u00edas peque\u00f1as de la historia, el mexicano Ricardo \u00abFinito\u00bb L\u00f3pez. Hay algunos otros que les gustar\u00eda volver a verlo con los guantes puestos.<\/p>\n<p>Sin importar las opiniones, Rosendo asegura estar listo. Lleva tres meses entrenando, haciendo dieta para subir al ring. Piensa hacerlo en septiembre y seg\u00fan cuenta le est\u00e1n pagando \u00abbuen dinero\u00bb, tal y como la hac\u00edan en sus mejores tiempos. Quiere llegar a ser tricampe\u00f3n mundial. Y a ese sue\u00f1o, no piensa darle tregua.<\/p>\n<figure id=\"attachment_48332\" aria-describedby=\"caption-attachment-48332\" style=\"width: 400px\" class=\"wp-caption aligncenter\"><a href=\"https:\/\/gep90.laprensa.com.ni\/magazine\/wp-content\/uploads\/2019\/08\/Rosendo-\uf020-El-B\u00fafalo-\uf020-\u00c1lvarez-41.jpg\"><img fetchpriority=\"high\" decoding=\"async\" class=\"wp-image-48332\" src=\"https:\/\/gep90.laprensa.com.ni\/magazine\/wp-content\/uploads\/2019\/08\/Rosendo-\uf020-El-B\u00fafalo-\uf020-\u00c1lvarez-41.jpg\" alt=\"\" width=\"400\" height=\"531\" srcset=\"https:\/\/d1xxa24wwackpg.cloudfront.net\/wp-content\/uploads\/2019\/08\/Rosendo-%EF%80%A0-El-B%C3%BAfalo-%EF%80%A0-%C3%81lvarez-41.jpg 700w, https:\/\/d1xxa24wwackpg.cloudfront.net\/wp-content\/uploads\/2019\/08\/Rosendo-%EF%80%A0-El-B%C3%BAfalo-%EF%80%A0-%C3%81lvarez-41.jpg 226w, https:\/\/d1xxa24wwackpg.cloudfront.net\/wp-content\/uploads\/2019\/08\/Rosendo-%EF%80%A0-El-B%C3%BAfalo-%EF%80%A0-%C3%81lvarez-41.jpg 600w\" sizes=\"(max-width: 400px) 100vw, 400px\" \/><\/a><figcaption id=\"caption-attachment-48332\" class=\"wp-caption-text\">Hace tres meses que Rosendo se encuentra reconcentrado en California, donde se prepara para su regreso en septiembre pr\u00f3ximo.<\/figcaption><\/figure>\n<p style=\"text-align: center;\">***<\/p>\n<p>El 16 de mayo de 1970 naci\u00f3 Rosendo Jos\u00e9 \u00c1lvarez Hern\u00e1ndez. Creci\u00f3 en medio de una humilde familia en Ciudad Sandino, en ese entonces llamado <a href=\"https:\/\/gep90.laprensa.com.ni\/magazine\/reportaje\/los-fundadores-de-ciudad-sandino\/\">Open III<\/a>, y es el menor de ocho hijos que tuvo do\u00f1a Celina Hern\u00e1ndez. \u00ab\u00c9l es mi tierno\u00bb, dice con una sonrisa la viejita de m\u00e1s de ochenta a\u00f1os.<\/p>\n<p>Fue formado en un hogar evang\u00e9lico, donde todos los domingos por la ma\u00f1ana se iba a clase dominical y por la noche al culto. El pastor Rufino Soza, quien tiene m\u00e1s de treinta a\u00f1os de conocerlo, lo recuerda entrando a la iglesia junto a su madre para asistir a los cultos.<\/p>\n<p>Al igual que sus hermanos pas\u00f3 por algunas dificultades. Su mam\u00e1, Celina, ten\u00eda una fabriquita de condimentos y su padre, Rosendo, era chofer. As\u00ed sobreviv\u00edan.<\/p>\n<p>Era un ni\u00f1o inquieto, dice su mam\u00e1. Siempre estuvo involucrado en peleas con ni\u00f1os, era muy enamorado y se sal\u00eda escondido de su casa. \u00abMe daba guerra. Ya grandecito lo mandaba a hacer mandados y hab\u00eda chavalos que le pegaban y \u00e9l no se dejaba\u00bb.<\/p>\n<p>No era extra\u00f1o ver a Rosendo llegar despu\u00e9s de clases sucio y desali\u00f1ado producto de una pelea. \u00abUna vez se agarr\u00f3 con cinco y les peg\u00f3. Las mam\u00e1s llegaron a poner queja y a m\u00ed me daba pena, yo les dec\u00eda que lo iba a castigar porque no me gustaba que anduviera peleando\u00bb. Pero tambi\u00e9n le gustaba escaparse de su casa. Desde ni\u00f1o, relata do\u00f1a Celina, se iba a la playa para andar pescando. \u00abTen\u00eda que darle palo porque era vago\u00bb, dice con una mirada que sabe a nostalgia.<\/p>\n<p>Fue un ni\u00f1o enamorado. Tuvo muchas novias y cuando ten\u00eda unos 11 a\u00f1os, la profesora del colegio mand\u00f3 a llamar a su mam\u00e1 porque no lo aguantaba. \u00abMe dijo que la pasaba enamorando\u00bb, cuenta entre risas. Fue tan enamorado y bandido que a los 16 a\u00f1os tuvo su primera hija, quien ya lo hizo abuelo.<\/p>\n<p>Fueron pasando los a\u00f1os y la fama de buen peleador se la gan\u00f3 a pulso. Sus amigos del barrio lo buscaban cuando estaban en aprietos. Pero su pasi\u00f3n por el boxeo la desarroll\u00f3 alg\u00fan tiempo despu\u00e9s cuando fue reclutado para el Servicio Militar Obligatorio en 1986.<\/p>\n<p>Estando ah\u00ed, recuerda, buscaban talento deportivo y apareci\u00f3 \u00e9l. Particip\u00f3 y gan\u00f3 en varios torneos organizados por el Ej\u00e9rcito. \u00abMe dieron obsequios y eso me motiv\u00f3 a quedarme en el boxeo, porque no ten\u00eda que estar en la unidad de combate, hacer vigilancia, posta, cargar un fusil, ya solamente era boxear. Ah\u00ed com\u00edamos bien, en la unidad de deportes\u00bb, recuerda. Y as\u00ed dio sus primeros pasos.<\/p>\n<div id='gallery-1' class='gallery galleryid-48323 gallery-columns-3 gallery-size-thumbnail'><figure class='gallery-item'>\n\t\t\t<div class='gallery-icon portrait'>\n\t\t\t\t<a href='https:\/\/staging.laprensanic.com\/magazine\/reportajes\/el-retorno-de-el-bufalo-2\/attachment\/rosendo-%ef%80%a0-el-bufalo-%ef%80%a0-alvarez-4\/'><img decoding=\"async\" width=\"150\" height=\"150\" src=\"https:\/\/d1xxa24wwackpg.cloudfront.net\/wp-content\/uploads\/2019\/08\/Rosendo-%EF%80%A0-El-B%C3%BAfalo-%EF%80%A0-%C3%81lvarez-4.jpg\" class=\"attachment-thumbnail size-thumbnail\" alt=\"\" aria-describedby=\"gallery-1-48328\" srcset=\"https:\/\/d1xxa24wwackpg.cloudfront.net\/wp-content\/uploads\/2019\/08\/Rosendo-%EF%80%A0-El-B%C3%BAfalo-%EF%80%A0-%C3%81lvarez-4.jpg 150w, https:\/\/d1xxa24wwackpg.cloudfront.net\/wp-content\/uploads\/2019\/08\/Rosendo-%EF%80%A0-El-B%C3%BAfalo-%EF%80%A0-%C3%81lvarez-4.jpg 600w, https:\/\/d1xxa24wwackpg.cloudfront.net\/wp-content\/uploads\/2019\/08\/Rosendo-%EF%80%A0-El-B%C3%BAfalo-%EF%80%A0-%C3%81lvarez-4.jpg 300w, https:\/\/d1xxa24wwackpg.cloudfront.net\/wp-content\/uploads\/2019\/08\/Rosendo-%EF%80%A0-El-B%C3%BAfalo-%EF%80%A0-%C3%81lvarez-4.jpg 100w, https:\/\/d1xxa24wwackpg.cloudfront.net\/wp-content\/uploads\/2019\/08\/Rosendo-%EF%80%A0-El-B%C3%BAfalo-%EF%80%A0-%C3%81lvarez-4.jpg 24w, https:\/\/d1xxa24wwackpg.cloudfront.net\/wp-content\/uploads\/2019\/08\/Rosendo-%EF%80%A0-El-B%C3%BAfalo-%EF%80%A0-%C3%81lvarez-4.jpg 48w, https:\/\/d1xxa24wwackpg.cloudfront.net\/wp-content\/uploads\/2019\/08\/Rosendo-%EF%80%A0-El-B%C3%BAfalo-%EF%80%A0-%C3%81lvarez-4.jpg 96w\" sizes=\"(max-width: 150px) 100vw, 150px\" \/><\/a>\n\t\t\t<\/div>\n\t\t\t\t<figcaption class='wp-caption-text gallery-caption' id='gallery-1-48328'>\n\t\t\t\tPara su regreso asegura que le est\u00e1n dando \u00abbuen dinero\u00bb, pero prefiere no dar detalles. Est\u00e1 ganando como en sus buenos tiempos, dice. \n\t\t\t\t<\/figcaption><\/figure><figure class='gallery-item'>\n\t\t\t<div class='gallery-icon landscape'>\n\t\t\t\t<a href='https:\/\/staging.laprensanic.com\/magazine\/reportajes\/el-retorno-de-el-bufalo-2\/attachment\/rosendo-%ef%80%a0-el-bufalo-%ef%80%a0-alvarez-5fd\/'><img decoding=\"async\" width=\"150\" height=\"150\" src=\"https:\/\/d1xxa24wwackpg.cloudfront.net\/wp-content\/uploads\/2019\/08\/Rosendo-%EF%80%A0-El-B%C3%BAfalo-%EF%80%A0-%C3%81lvarez-5fd.jpg\" class=\"attachment-thumbnail size-thumbnail\" alt=\"\" aria-describedby=\"gallery-1-48329\" srcset=\"https:\/\/d1xxa24wwackpg.cloudfront.net\/wp-content\/uploads\/2019\/08\/Rosendo-%EF%80%A0-El-B%C3%BAfalo-%EF%80%A0-%C3%81lvarez-5fd.jpg 150w, https:\/\/d1xxa24wwackpg.cloudfront.net\/wp-content\/uploads\/2019\/08\/Rosendo-%EF%80%A0-El-B%C3%BAfalo-%EF%80%A0-%C3%81lvarez-5fd.jpg 300w, https:\/\/d1xxa24wwackpg.cloudfront.net\/wp-content\/uploads\/2019\/08\/Rosendo-%EF%80%A0-El-B%C3%BAfalo-%EF%80%A0-%C3%81lvarez-5fd.jpg 100w, https:\/\/d1xxa24wwackpg.cloudfront.net\/wp-content\/uploads\/2019\/08\/Rosendo-%EF%80%A0-El-B%C3%BAfalo-%EF%80%A0-%C3%81lvarez-5fd.jpg 24w, https:\/\/d1xxa24wwackpg.cloudfront.net\/wp-content\/uploads\/2019\/08\/Rosendo-%EF%80%A0-El-B%C3%BAfalo-%EF%80%A0-%C3%81lvarez-5fd.jpg 48w, https:\/\/d1xxa24wwackpg.cloudfront.net\/wp-content\/uploads\/2019\/08\/Rosendo-%EF%80%A0-El-B%C3%BAfalo-%EF%80%A0-%C3%81lvarez-5fd.jpg 96w\" sizes=\"(max-width: 150px) 100vw, 150px\" \/><\/a>\n\t\t\t<\/div>\n\t\t\t\t<figcaption class='wp-caption-text gallery-caption' id='gallery-1-48329'>\n\t\t\t\tA do\u00f1a Celina Hern\u00e1ndez le parece bien que su hijo vuelva al cuadril\u00e1tero. \u00abEso es lo que a \u00e9l le gusta\u00bb, asegura. \n\t\t\t\t<\/figcaption><\/figure><figure class='gallery-item'>\n\t\t\t<div class='gallery-icon landscape'>\n\t\t\t\t<a href='https:\/\/staging.laprensanic.com\/magazine\/reportajes\/el-retorno-de-el-bufalo-2\/attachment\/140634-2\/'><img loading=\"lazy\" decoding=\"async\" width=\"150\" height=\"150\" src=\"https:\/\/d1xxa24wwackpg.cloudfront.net\/wp-content\/uploads\/2019\/08\/140634-2.jpg\" class=\"attachment-thumbnail size-thumbnail\" alt=\"\" aria-describedby=\"gallery-1-48325\" srcset=\"https:\/\/d1xxa24wwackpg.cloudfront.net\/wp-content\/uploads\/2019\/08\/140634-2.jpg 150w, https:\/\/d1xxa24wwackpg.cloudfront.net\/wp-content\/uploads\/2019\/08\/140634-2.jpg 300w, https:\/\/d1xxa24wwackpg.cloudfront.net\/wp-content\/uploads\/2019\/08\/140634-2.jpg 100w, https:\/\/d1xxa24wwackpg.cloudfront.net\/wp-content\/uploads\/2019\/08\/140634-2.jpg 24w, https:\/\/d1xxa24wwackpg.cloudfront.net\/wp-content\/uploads\/2019\/08\/140634-2.jpg 48w, https:\/\/d1xxa24wwackpg.cloudfront.net\/wp-content\/uploads\/2019\/08\/140634-2.jpg 96w\" sizes=\"(max-width: 150px) 100vw, 150px\" \/><\/a>\n\t\t\t<\/div>\n\t\t\t\t<figcaption class='wp-caption-text gallery-caption' id='gallery-1-48325'>\n\t\t\t\tCuatro grandes del deporte nicarag\u00fcense: Rosendo junto a Denis Mart\u00ednez, Alexis Arg\u00fcello y Marvin Benard. \n\t\t\t\t<\/figcaption><\/figure><figure class='gallery-item'>\n\t\t\t<div class='gallery-icon portrait'>\n\t\t\t\t<a href='https:\/\/staging.laprensanic.com\/magazine\/reportajes\/el-retorno-de-el-bufalo-2\/attachment\/rosendo-%ef%80%a0-el-bufalo\/'><img loading=\"lazy\" decoding=\"async\" width=\"150\" height=\"150\" src=\"https:\/\/d1xxa24wwackpg.cloudfront.net\/wp-content\/uploads\/2019\/08\/Rosendo-%EF%80%A0-El-B%C3%BAfalo-.jpg\" class=\"attachment-thumbnail size-thumbnail\" alt=\"\" aria-describedby=\"gallery-1-48326\" srcset=\"https:\/\/d1xxa24wwackpg.cloudfront.net\/wp-content\/uploads\/2019\/08\/Rosendo-%EF%80%A0-El-B%C3%BAfalo-.jpg 150w, https:\/\/d1xxa24wwackpg.cloudfront.net\/wp-content\/uploads\/2019\/08\/Rosendo-%EF%80%A0-El-B%C3%BAfalo-.jpg 600w, https:\/\/d1xxa24wwackpg.cloudfront.net\/wp-content\/uploads\/2019\/08\/Rosendo-%EF%80%A0-El-B%C3%BAfalo-.jpg 300w, https:\/\/d1xxa24wwackpg.cloudfront.net\/wp-content\/uploads\/2019\/08\/Rosendo-%EF%80%A0-El-B%C3%BAfalo-.jpg 100w, https:\/\/d1xxa24wwackpg.cloudfront.net\/wp-content\/uploads\/2019\/08\/Rosendo-%EF%80%A0-El-B%C3%BAfalo-.jpg 24w, https:\/\/d1xxa24wwackpg.cloudfront.net\/wp-content\/uploads\/2019\/08\/Rosendo-%EF%80%A0-El-B%C3%BAfalo-.jpg 48w, https:\/\/d1xxa24wwackpg.cloudfront.net\/wp-content\/uploads\/2019\/08\/Rosendo-%EF%80%A0-El-B%C3%BAfalo-.jpg 96w\" sizes=\"(max-width: 150px) 100vw, 150px\" \/><\/a>\n\t\t\t<\/div>\n\t\t\t\t<figcaption class='wp-caption-text gallery-caption' id='gallery-1-48326'>\n\t\t\t\tRosendo est\u00e1 convencido de que naci\u00f3 para ser boxeador. En la imagen junto a \u00d3scar de la Hoya. \n\t\t\t\t<\/figcaption><\/figure><figure class='gallery-item'>\n\t\t\t<div class='gallery-icon landscape'>\n\t\t\t\t<a href='https:\/\/staging.laprensanic.com\/magazine\/reportajes\/el-retorno-de-el-bufalo-2\/attachment\/rosendo-%ef%80%a0-el-bufalo-%ef%80%a0-alvarez-3\/'><img loading=\"lazy\" decoding=\"async\" width=\"150\" height=\"150\" src=\"https:\/\/d1xxa24wwackpg.cloudfront.net\/wp-content\/uploads\/2019\/08\/Rosendo-%EF%80%A0-El-B%C3%BAfalo-%EF%80%A0-%C3%81lvarez-3.jpg\" class=\"attachment-thumbnail size-thumbnail\" alt=\"\" aria-describedby=\"gallery-1-48327\" srcset=\"https:\/\/d1xxa24wwackpg.cloudfront.net\/wp-content\/uploads\/2019\/08\/Rosendo-%EF%80%A0-El-B%C3%BAfalo-%EF%80%A0-%C3%81lvarez-3.jpg 150w, https:\/\/d1xxa24wwackpg.cloudfront.net\/wp-content\/uploads\/2019\/08\/Rosendo-%EF%80%A0-El-B%C3%BAfalo-%EF%80%A0-%C3%81lvarez-3.jpg 300w, https:\/\/d1xxa24wwackpg.cloudfront.net\/wp-content\/uploads\/2019\/08\/Rosendo-%EF%80%A0-El-B%C3%BAfalo-%EF%80%A0-%C3%81lvarez-3.jpg 100w, https:\/\/d1xxa24wwackpg.cloudfront.net\/wp-content\/uploads\/2019\/08\/Rosendo-%EF%80%A0-El-B%C3%BAfalo-%EF%80%A0-%C3%81lvarez-3.jpg 24w, https:\/\/d1xxa24wwackpg.cloudfront.net\/wp-content\/uploads\/2019\/08\/Rosendo-%EF%80%A0-El-B%C3%BAfalo-%EF%80%A0-%C3%81lvarez-3.jpg 48w, https:\/\/d1xxa24wwackpg.cloudfront.net\/wp-content\/uploads\/2019\/08\/Rosendo-%EF%80%A0-El-B%C3%BAfalo-%EF%80%A0-%C3%81lvarez-3.jpg 96w\" sizes=\"(max-width: 150px) 100vw, 150px\" \/><\/a>\n\t\t\t<\/div>\n\t\t\t\t<figcaption class='wp-caption-text gallery-caption' id='gallery-1-48327'>\n\t\t\t\tTiene cuatro hijos. La mayor la procre\u00f3 a los 16 a\u00f1os: Meyling. Los otros tres los crio junto a su exesposa Ana Francis: Francisco (hijo de crianza), Sharon y Rosendo Isaac. En la imagen junto a sus dos hijos varones. \n\t\t\t\t<\/figcaption><\/figure>\n\t\t<\/div>\n\n<p style=\"text-align: center;\">***<\/p>\n<p>La Plaza de Toros de M\u00e9xico estaba al reventar. Era 1998 y en una esquina estaba el mexicano Ricardo \u00abFinito\u00bb L\u00f3pez, en la otra Rosendo \u00abel B\u00fafalo\u00bb \u00c1lvarez. Ambos eran campeones y llegaban invictos al cuadril\u00e1tero.<\/p>\n<p>Rosendo llevaba un short gris con ribetes azules. Esa noche cumpl\u00eda uno de sus sue\u00f1os, enfrentarse al Finito L\u00f3pez, considerado el mejor boxeador de categor\u00edas peque\u00f1as de todos los tiempos.<\/p>\n<p>\u00abUn d\u00eda estaba en la casa de mi hermana y dije: este tipo me mata si me agarra\u00bb. Cinco a\u00f1os despu\u00e9s de estar sentado frente al televisor viendo una pelea del Finito, Rosendo estaba ah\u00ed, frente a \u00e9l, dando la batalla. Esa noche, cinco a\u00f1os despu\u00e9s de desearlo, su sue\u00f1o se hizo realidad.<\/p>\n<p>Esa noche, en la Plaza de Toros, Rosendo mand\u00f3 a la lona a su contrincante. No cualquiera lograba aquella haza\u00f1a, de hecho, en toda la carrera del boxeador mexicano, \u00e9l fue el \u00fanico que lo bot\u00f3.<\/p>\n<p>Tras el primer round de la pelea, Rosendo recuerda con emoci\u00f3n que desde su esquina mir\u00f3 a su oponente. \u00abRecuerdo que dije: en el nombre de Jes\u00fas te golpear\u00e9 hoy. Yo sal\u00ed decidido y confiado en la palabra que sali\u00f3 de mi boca y me sorprend\u00ed cuando lo conect\u00e9 y cay\u00f3 espectacularmente. Impactante esa experiencia\u00bb, relata.<\/p>\n<p>Do\u00f1a Celina acompa\u00f1aba a su hijo. La masa mexicana, recuerda, no era ni siquiera comparada con los nicarag\u00fcenses que hab\u00edan llegado para apoyar a su Rosendo. Ella, desde la primera fila, vio cuando el Finito cay\u00f3. \u00abLa gente se puso de pie y ah\u00ed s\u00ed me asust\u00e9, dije: le van a caer encima a mi hijo\u00bb.<\/p>\n<p>En condiciones no muy claras, se declar\u00f3 un empate y meses m\u00e1s tarde se realiz\u00f3 el desempate, que Rosendo perdi\u00f3.<\/p>\n<p>En una entrevista realizada en el 2006 por el editor de Deportes del diario La Prensa, Edgard Rodr\u00edguez, a Ricardo \u00abFinito\u00bb L\u00f3pez, este confes\u00f3 que Rosendo \u00abha sido el boxeador m\u00e1s fuerte que enfrent\u00e9. Incluso me envi\u00f3 a la lona y aquel empate oli\u00f3 a derrota all\u00e1 en M\u00e9xico\u00bb.<\/p>\n<p>Pero aquella pelea le cost\u00f3 caro a Rosendo. Su deseo por pelear con Finito trunc\u00f3 su carrera, asegura. \u00abDesgraciadamente yo firm\u00e9 con Don King para pelear con el gran Finito L\u00f3pez, que ese era mi sue\u00f1o. Por esa raz\u00f3n firm\u00e9 con Don King, si no firmaba con \u00e9l no me daban la oportunidad de pelear con \u00e9l y ese fue mi fracaso. \u00c9l congel\u00f3 mi carrera. Hice 11 peleas en 11 a\u00f1os. Daba una pelea y se desaparec\u00eda, yo pens\u00e9 que se iba a mejorar la cosa y despu\u00e9s no lo volv\u00eda a ver\u00bb, relata acongojado.<\/p>\n<p>Esa, reconoce, fue la derrota de su vida. Pas\u00f3 muchos a\u00f1os a la espera de esas grandes peleas que nunca llegaron. \u00abEso es algo de lo que me arrepiento. Fue el peor error de mi vida. Yo hac\u00eda buen dinero, no necesitaba a Don King, me hice campe\u00f3n sin \u00e9l\u00bb.<\/p>\n<p>Pero su carrera como boxeador no se vio estropeada \u00fanicamente por eso. En sus mejores tiempos, el p\u00fagil nicarag\u00fcense era noticia en los medios, no solo por su labor deportiva, sino porque en algunas ocasiones protagoniz\u00f3 esc\u00e1ndalos relacionados al dinero, mujeres y alcohol. Adem\u00e1s de esa mala imagen se le tachaba de indisciplinado, que no se preparaba bien y que siempre estaba fuera del peso indicado.<\/p>\n<p>El cronista deportivo Edgar Tijerino opina que \u00abcareci\u00f3 del comportamiento que uno espera ver de quien es un deportista de tanta notoriedad. No supo cuidar su imagen y tampoco f\u00edsicamente, descuidando varias veces su preparaci\u00f3n\u00bb. Pero su grandeza deportiva, dice, Tijerino, \u00abno admite discusi\u00f3n\u00bb. Hay otros, un poco m\u00e1s duros, como el historiador y cronista Bayardo Cuadra quien en una entrevista reciente tach\u00f3 a Rosendo de que \u00aba veces fue mediocre, sin el hambre de triunfo que ten\u00eda Alexis\u00bb. No es que haya sido malo, dice Cuadra. \u00abFue un boxeador muy bueno, pero le falt\u00f3 disciplina. Yo soy muy exigente en materia de boxeo y graduarlo en el sentido de boxeador excelso no lo pondr\u00eda yo\u00bb.<\/p>\n<p>Rosendo reconoce sus errores. Algunos, no todos. Sabe que malgast\u00f3 su dinero, pero insiste que nunca lo hizo en alcohol, drogas ni mujeres. \u00abLo hice en malas inversiones\u00bb, recalca. Su primer error, dice, fue haberse metido junto a su exesposa Ana Francis Donaire a promover boxeadores. \u00abMe dediqu\u00e9 andar promoviendo a otros y no me ayud\u00e9 a m\u00ed mismo. No iba al gimnasio por andar buscando dinero para promover peleas de boxeadores\u00bb.<\/p>\n<p>Rosendo admite que las peleas que perdi\u00f3 en su carrera fueron culpa de su irresponsabilidad. \u00abEs solo culpa m\u00eda. No perd\u00ed porque fueran supermejores que yo, son buenos, pero yo s\u00e9 que bien entrenado las cosas no hubieran sido as\u00ed\u00bb.<\/p>\n<figure id=\"attachment_48330\" aria-describedby=\"caption-attachment-48330\" style=\"width: 300px\" class=\"wp-caption aligncenter\"><a href=\"https:\/\/gep90.laprensa.com.ni\/magazine\/wp-content\/uploads\/2019\/08\/Rosendo-\uf020-El-B\u00fafalo-\uf020-\u00c1lvarez-2.jpg\"><img loading=\"lazy\" decoding=\"async\" class=\"wp-image-48330\" src=\"https:\/\/gep90.laprensa.com.ni\/magazine\/wp-content\/uploads\/2019\/08\/Rosendo-\uf020-El-B\u00fafalo-\uf020-\u00c1lvarez-2.jpg\" alt=\"\" width=\"300\" height=\"498\" srcset=\"https:\/\/d1xxa24wwackpg.cloudfront.net\/wp-content\/uploads\/2019\/08\/Rosendo-%EF%80%A0-El-B%C3%BAfalo-%EF%80%A0-%C3%81lvarez-2.jpg 700w, https:\/\/d1xxa24wwackpg.cloudfront.net\/wp-content\/uploads\/2019\/08\/Rosendo-%EF%80%A0-El-B%C3%BAfalo-%EF%80%A0-%C3%81lvarez-2.jpg 181w, https:\/\/d1xxa24wwackpg.cloudfront.net\/wp-content\/uploads\/2019\/08\/Rosendo-%EF%80%A0-El-B%C3%BAfalo-%EF%80%A0-%C3%81lvarez-2.jpg 616w, https:\/\/d1xxa24wwackpg.cloudfront.net\/wp-content\/uploads\/2019\/08\/Rosendo-%EF%80%A0-El-B%C3%BAfalo-%EF%80%A0-%C3%81lvarez-2.jpg 600w\" sizes=\"(max-width: 300px) 100vw, 300px\" \/><\/a><figcaption id=\"caption-attachment-48330\" class=\"wp-caption-text\">La primera pelea de Rosendo \u00c1lvarez en boxeo profesional fue el 12 de diciembre de 1992. \u00abMe pagaron bien, mil c\u00f3rdobas oro\u00bb, asegura.<\/figcaption><\/figure>\n<p style=\"text-align: center;\">***<\/p>\n<p>Un boxeador fuera de serie, con habilidad para tapar salidas, contragolpear y establecer su ritmo. Un p\u00fagil visto desde cualquier butaca\u00bb. As\u00ed describe <a href=\"https:\/\/gep90.laprensa.com.ni\/magazine\/reportaje\/la-vida-de-tijerino\/\">Edgar Tijerino <\/a>a Rosendo \u00c1lvarez. Pablo Fletes, periodista deportivo de La Prensa, por su parte, lo califica como un \u00abboxeador excepcional, con buena t\u00e9cnica y una pegada con ambas manos que hac\u00eda mucho da\u00f1o\u00bb.<\/p>\n<p>Pero adem\u00e1s de esas sus envidiables caracter\u00edsticas, este peleador \u2014dice Fletes\u2014 fue quien \u00abmarc\u00f3 la resurrecci\u00f3n box\u00edstica nicarag\u00fcense cuando gan\u00f3 la corona m\u00ednima de la AMB en Tailandia ante Chana Porpaoin, en diciembre de 1995. Luego de que el boxeo profesional se prohibiera en Nicaragua en la d\u00e9cada de los ochenta, fue \u00e9l quien volvi\u00f3 a poner a Nicaragua en el concierto box\u00edstico internacional\u00bb.<\/p>\n<p>Hace aproximadamente cinco a\u00f1os que Rosendo vive en Miami. Sali\u00f3 del pa\u00eds junto a sus hijos y su ahora exesposa Ana Francis Donaire. \u00abMi carrera estaba aqu\u00ed en Miami\u00bb, dice. El rumbo de su vida cambi\u00f3 cuando en el 2006 se separ\u00f3 de quien fue su esposa durante 14 a\u00f1os, quien se llev\u00f3 consigo a sus tres hijos: Francisco, Sharon y Rosendo Isaac. Se retir\u00f3 del boxeo y ahora no le gusta hablar de su vida privada. El pasado prefiere dejarlo donde est\u00e1.<\/p>\n<p>De su vida en Estados Unidos se escuch\u00f3 que lavaba carros y que cargaba maletas, pero \u00e9l asegura que nunca le ha tocado hacer un trabajo como ese. \u00abEso no es una deshonra, si fuera verdad yo lo digo, pero mi Dios no lo ha permitido\u00bb, dice. Desde que lleg\u00f3 a ese pa\u00eds le ha tocado trabajar con promotores de boxeo.<\/p>\n<p>Pero para Rosendo, ni su pasado, ni sus problemas, ni sus miedos, absolutamente nada le har\u00e1 echar pie atr\u00e1s. \u00c9l va en busca de su tercera corona.<\/p>\n<p>\u2014\u00bfC\u00f3mo te sent\u00eds para tu regreso?<\/p>\n<p>\u2014Al comienzo fue duro. Ten\u00eda cinco a\u00f1os de no estar haciendo ejercicios ni nada. Me resent\u00ed bastante. Ahora me siento m\u00e1s c\u00f3modo, m\u00e1s \u00e1gil, m\u00e1s r\u00e1pido, con mejores condiciones.<\/p>\n<p>\u2014\u00bfHas tenido problemas con el peso?<\/p>\n<p>\u2014Llegu\u00e9 pesado. Llegu\u00e9 gordo, estaba un poco desanimado por el boxeo por todas las cosas que atrae la fama. Amigos falsos, traiciones, mi matrimonio se termin\u00f3 un mes antes que peleara con Jorge \u00abel Travieso\u00bb Arce. Eso me afect\u00f3. Llegu\u00e9 en 154 libras. Ahora estoy 130. Mi meta es 118 libras. Estoy en la recta final y dos meses es suficiente.<\/p>\n<p>\u2014Hay quienes piensan que hac\u00e9s tu regreso por dinero.<\/p>\n<p>Tengo la necesidad de ganar dinero, pero tambi\u00e9n no quiero dar una mala presentaci\u00f3n. Estoy aqu\u00ed porque soy orgulloso, porque el boxeo es mi pasi\u00f3n. Adem\u00e1s, \u00bfqui\u00e9n no se mueve por dinero? Nadie hace un trabajo de balde.<\/p>\n<p>\u2014\u00bfPor qu\u00e9 ahora?<\/p>\n<p>\u2014En cinco a\u00f1os que pasaron jam\u00e1s toqu\u00e9 este tema del boxeo. No ten\u00eda las intenciones. Estaba resentido con el boxeo, con mucha gente. Pero hubo muchas personas positivas a mi alrededor que me dec\u00edan \u00abt\u00fa puedes volver\u00bb. Yo dije que de verdad este es mi talento. Esto viene de Dios.<\/p>\n<p>\u2014\u00bfCu\u00e1nto te est\u00e1n ofreciendo?<\/p>\n<p>\u2014Ahora no me gusta hablar de dinero.<\/p>\n<p>\u2014\u00bfTe est\u00e1n pagando como en tus buenos tiempos?<\/p>\n<p>\u2014Me est\u00e1n pagando bien. Los campeones actuales de Nicaragua no ganan lo que me est\u00e1n ofreciendo para pelear. Se me paga lo que valgo. Igual que en mis buenos tiempos.<\/p>\n<p>\u2014\u00bfTe da temor subir nuevamente al ring?<\/p>\n<p>\u2014Tengo 41 a\u00f1os y estoy muy orgulloso. Me siento muy fuerte, muy bien. Mi equipo de trabajo se r\u00ede de verme c\u00f3mo he ido evolucionando en estos d\u00edas de preparaci\u00f3n y se quedan asombrados. Ahora que ya estoy entrenando, que he guanteado, me he dado cuenta que yo estuve equivocado al no regresar hace cuatro a\u00f1os. Yo soy un guerrero, soy un valiente, soy un gladiador. Yo nac\u00ed para boxear.<\/p>\n<h3>Intimidad<\/h3>\n<p>Lo que m\u00e1s amo&#8230; Dios, mi madre y mis hijos.<\/p>\n<p>Me gusta&#8230; ayudar al m\u00e1s necesitado.<\/p>\n<p>Me disgusta&#8230; la injusticia.<\/p>\n<p>Mi sue\u00f1o es&#8230; graduar a mis hijos como profesionales y conquistar una tercera corona mundial.<\/p>\n<p>Creo en&#8230; Jehov\u00e1, el Dios omnipotente y Creador del universo.<\/p>\n<p>Un momento triste&#8230; A los nueve a\u00f1os perd\u00ed a mi padre Rosendo y a mi hermano Sandro en la revoluci\u00f3n de 1979.<\/p>\n<figure id=\"attachment_48324\" aria-describedby=\"caption-attachment-48324\" style=\"width: 300px\" class=\"wp-caption aligncenter\"><a href=\"https:\/\/gep90.laprensa.com.ni\/magazine\/wp-content\/uploads\/2019\/08\/120245-3.jpg\"><img loading=\"lazy\" decoding=\"async\" class=\"wp-image-48324\" src=\"https:\/\/gep90.laprensa.com.ni\/magazine\/wp-content\/uploads\/2019\/08\/120245-3.jpg\" alt=\"\" width=\"300\" height=\"594\" srcset=\"https:\/\/d1xxa24wwackpg.cloudfront.net\/wp-content\/uploads\/2019\/08\/120245-3.jpg 720w, https:\/\/d1xxa24wwackpg.cloudfront.net\/wp-content\/uploads\/2019\/08\/120245-3.jpg 151w, https:\/\/d1xxa24wwackpg.cloudfront.net\/wp-content\/uploads\/2019\/08\/120245-3.jpg 517w, https:\/\/d1xxa24wwackpg.cloudfront.net\/wp-content\/uploads\/2019\/08\/120245-3.jpg 600w\" sizes=\"(max-width: 300px) 100vw, 300px\" \/><\/a><figcaption id=\"caption-attachment-48324\" class=\"wp-caption-text\">La mala inversi\u00f3n de su vida \u2014asegura\u2014 fue meterse a promotor de boxeo junto a su exesposa. \u00abPas\u00e9 nueve a\u00f1os haci\u00e9ndolo, perd\u00ed casi 250 mil d\u00f3lares y ahora \u00bfqui\u00e9n me agradece? Ninguno\u00bb. En la fotograf\u00eda en una de sus tantas presentaciones en el pa\u00eds.<\/figcaption><\/figure>\n","protected":false},"excerpt":{"rendered":"<p>Uno de los mejores boxeadores de Nicaragua, dos veces campe\u00f3n del mundo y el \u00fanico que mand\u00f3 a la lona al mexicano Ricardo \u00abFinito\u00bb L\u00f3pez, considerado el mejor peleador de categor\u00edas peque\u00f1as de la historia. Despu\u00e9s de cinco a\u00f1os inactivo Rosendo \u00abEl B\u00fafalo\u00bb \u00c1lvarez se pone de pie y dice estar listo para dar la batalla en el ring. A sus 41 a\u00f1os, con cuatro hijos y tres nietos, camina sobre un sue\u00f1o: llegar a ser tricampe\u00f3n mundial<\/p>\n","protected":false},"author":46,"featured_media":0,"comment_status":"open","ping_status":"open","sticky":false,"template":"","format":"standard","meta":{"_acf_changed":false,"footnotes":""},"categories":[26],"tags":[158],"class_list":["post-48323","post","type-post","status-publish","format-standard","hentry","category-reportajes","tag-boxeo"],"acf":[],"_links":{"self":[{"href":"https:\/\/staging.laprensanic.com\/magazine\/wp-json\/wp\/v2\/posts\/48323","targetHints":{"allow":["GET"]}}],"collection":[{"href":"https:\/\/staging.laprensanic.com\/magazine\/wp-json\/wp\/v2\/posts"}],"about":[{"href":"https:\/\/staging.laprensanic.com\/magazine\/wp-json\/wp\/v2\/types\/post"}],"author":[{"embeddable":true,"href":"https:\/\/staging.laprensanic.com\/magazine\/wp-json\/wp\/v2\/users\/46"}],"replies":[{"embeddable":true,"href":"https:\/\/staging.laprensanic.com\/magazine\/wp-json\/wp\/v2\/comments?post=48323"}],"version-history":[{"count":8,"href":"https:\/\/staging.laprensanic.com\/magazine\/wp-json\/wp\/v2\/posts\/48323\/revisions"}],"predecessor-version":[{"id":51577,"href":"https:\/\/staging.laprensanic.com\/magazine\/wp-json\/wp\/v2\/posts\/48323\/revisions\/51577"}],"wp:attachment":[{"href":"https:\/\/staging.laprensanic.com\/magazine\/wp-json\/wp\/v2\/media?parent=48323"}],"wp:term":[{"taxonomy":"category","embeddable":true,"href":"https:\/\/staging.laprensanic.com\/magazine\/wp-json\/wp\/v2\/categories?post=48323"},{"taxonomy":"post_tag","embeddable":true,"href":"https:\/\/staging.laprensanic.com\/magazine\/wp-json\/wp\/v2\/tags?post=48323"}],"curies":[{"name":"wp","href":"https:\/\/api.w.org\/{rel}","templated":true}]}}