{"id":48430,"date":"2011-11-27T14:57:32","date_gmt":"2011-11-27T20:57:32","guid":{"rendered":"http:\/\/gep90.laprensa.com.ni\/magazine\/?p=48430"},"modified":"2019-09-04T16:05:16","modified_gmt":"2019-09-04T22:05:16","slug":"nicas-en-guerra-ajena","status":"publish","type":"post","link":"https:\/\/staging.laprensanic.com\/magazine\/reportajes\/nicas-en-guerra-ajena\/","title":{"rendered":"Nicas en guerra ajena"},"content":{"rendered":"<p style=\"text-align: center;\">Una guerra comenz\u00f3 en Irak, ese lejano pa\u00eds de Medio Oriente, termin\u00f3 involucrado a centenas de nicarag\u00fcenses. Unos llegaron a ayudar y otros a pelear y morir<\/p>\n<p style=\"text-align: center;\"><strong>Por Dora Luz Romero<\/strong><\/p>\n<p>El de marzo de 2003, el expresidente de Estados Unidos, George W Bush, le dio un ultim\u00e1tum a Saddam Hussein para que dejara su pa\u00eds. \u00abSaddam Hussein y sus hijos deben abandonar Irak en 48 horas. El no hacerlo acarrear\u00e1 un conflicto militar\u00bb, dijo. Meses atr\u00e1s el Consejo de Seguridad de Naciones Unidas discut\u00eda el tema de una posible invasi\u00f3n al pa\u00eds \u00e1rabe. Hab\u00eda algunos de acuerdo y otros no. En ese proceso y ante la insistencia de que Irak pose\u00eda armas de destrucci\u00f3n masiva, Bush logr\u00f3 el apoyo de algunos pa\u00edses para formar una alianza, invadir Irak y derrocar a Hussein. \u00abEl Consejo de Seguridad de la ONU no ha estado a la altura de sus responsabilidades, pero nosotros estaremos a la altura de las nuestras\u00bb expres\u00f3 en aquel momento cuando no tuvo el apoyo expreso de Naciones Unidas.<\/p>\n<p>Tres d\u00edas despu\u00e9s de aquel ultim\u00e1tum Bush cumpli\u00f3 su palabra. Despleg\u00f3 sus tropas y ese fue el inicio de una guerra que se prolong\u00f3 por siete a\u00f1os.<\/p>\n<p>Esa decisi\u00f3n influir\u00eda m\u00e1s tarde en la vida de 115 nicarag\u00fcenses que viajaron en misi\u00f3n humanitaria a Irak. Hombres como Juan Carlos T\u00e9llez que solo conoc\u00eda esas guerras en las monta\u00f1as tropicales de Nicaragua. Mujeres como la odont\u00f3loga Francis Zamora quien ha dedicado su vida a trabajar con el Ej\u00e9rcito. Pero tambi\u00e9n influy\u00f3 en cientos de nicarag\u00fcenses enrolados en las filas del Ej\u00e9rcito estadounidense. Como el caso de R\u00f3ger Su\u00e1rez, el joven de 21 a\u00f1os que perdi\u00f3 la vida en combate.<a href=\"https:\/\/gep90.laprensa.com.ni\/magazine\/wp-content\/uploads\/2019\/09\/ARCHIVO-LP824.jpg\"><img fetchpriority=\"high\" decoding=\"async\" class=\"aligncenter wp-image-48445\" src=\"https:\/\/gep90.laprensa.com.ni\/magazine\/wp-content\/uploads\/2019\/09\/ARCHIVO-LP824.jpg\" alt=\"\" width=\"550\" height=\"427\" srcset=\"https:\/\/d1xxa24wwackpg.cloudfront.net\/wp-content\/uploads\/2019\/09\/ARCHIVO-LP824.jpg 720w, https:\/\/d1xxa24wwackpg.cloudfront.net\/wp-content\/uploads\/2019\/09\/ARCHIVO-LP824.jpg 300w, https:\/\/d1xxa24wwackpg.cloudfront.net\/wp-content\/uploads\/2019\/09\/ARCHIVO-LP824.jpg 600w\" sizes=\"(max-width: 550px) 100vw, 550px\" \/><\/a><\/p>\n<p style=\"text-align: center;\">***<\/p>\n<p>Diwaniya, a unos 200 kil\u00f3metros al sur de Bagdad. Agosto 2003. Hace calor y el sol es inclemente. El aire se siente como bocanadas de fuego. Las mujeres llevan tapados sus rostros y por las calles los pobladores levantan las manos, saludan y sonr\u00eden. Se palpa la pobreza, hay escasez de agua y de otros servicios b\u00e1sicos.<\/p>\n<p>Ese es el lugar al que le toc\u00f3 ir al contingente de 115 nicarag\u00fcenses de la Fuerza de Tarea Humanitaria de Nicaragua a cargo del teniente coronel Osman Pavel Corea que el gobierno del expresidente Enrique Bola\u00f1os envi\u00f3 como parte de una fuerza multinacional. El ambiente no era hostil para entonces. El expresidente George W Bush hab\u00eda declarado \u00abel fin de la guerra\u00bb el primero de mayo de ese a\u00f1o. Ya hab\u00eda ca\u00eddo Bagdad. As\u00ed que cuando llegaron se trataba de una misi\u00f3n humanitaria para un pa\u00eds que se encontraba en \u00abposguerra\u00bb, pero que tampoco estaba exento de peligros.<\/p>\n<p>Previo a la ida de los nicarag\u00fcenses hubo quienes estuvieron en desacuerdo con la asistencia m\u00e9dica y el desminado que las tropas nicas har\u00edan en el pa\u00eds \u00e1rabe.<\/p>\n<p>En aquel momento el ahora presidente de la Asamblea Nacional, Ren\u00e9 N\u00fa\u00f1ez, dijo a un diario nacional que era \u00abuna locura absoluta del presidente Bola\u00f1os. Esa es una forma de civilizarse con Estados Unidos. No me cabe la menor duda que Estados Unidos, como primera potencia del mundo, tiene m\u00e1s capacidad que Nicaragua, de enviar apoyo despu\u00e9s de la guerra\u00bb Tambi\u00e9n mostr\u00f3 su desacuerdo el actual diputado de la bancada sandinista Jos\u00e9 Figueroa. \u00abEso es vergonzoso. Creo que estar respaldando una pol\u00edtica de agresi\u00f3n de Estados Unidos hacia el pueblo iraqu\u00ed no le corresponde al gobernante de Nicaragua\u00bb dijo.<\/p>\n<p>Por su parte, el jefe de las tropas nicas iba seguro a la misi\u00f3n que le encomendaron. Sin embargo en una entrevista previa al viaje dijo que \u00abpor las caracter\u00edsticas de los sectores radicales que todav\u00eda existen en Irak, pueda presentarse alguna acci\u00f3n hostil contra los miembros de la fuerza y alguien pueda salir lastimado\u00bb La posibilidad de entrar en combate \u2014explic\u00f3\u2014 era reducida, no obstante no la descartaba.<\/p>\n<figure id=\"attachment_48431\" aria-describedby=\"caption-attachment-48431\" style=\"width: 450px\" class=\"wp-caption aligncenter\"><a href=\"https:\/\/gep90.laprensa.com.ni\/magazine\/wp-content\/uploads\/2019\/09\/Foto7.jpg\"><img decoding=\"async\" class=\"wp-image-48431\" src=\"https:\/\/gep90.laprensa.com.ni\/magazine\/wp-content\/uploads\/2019\/09\/Foto7.jpg\" alt=\"\" width=\"450\" height=\"565\" srcset=\"https:\/\/d1xxa24wwackpg.cloudfront.net\/wp-content\/uploads\/2019\/09\/Foto7.jpg 700w, https:\/\/d1xxa24wwackpg.cloudfront.net\/wp-content\/uploads\/2019\/09\/Foto7.jpg 239w, https:\/\/d1xxa24wwackpg.cloudfront.net\/wp-content\/uploads\/2019\/09\/Foto7.jpg 600w\" sizes=\"(max-width: 450px) 100vw, 450px\" \/><\/a><figcaption id=\"caption-attachment-48431\" class=\"wp-caption-text\">A tan solo veinte d\u00edas de iniciada la guerra cay\u00f3 Bagdad. El ex presidente Bush declar\u00f3 el fin de la guerra el primero de mayo de ese a\u00f1o. Ese era apenas el inicio.<\/figcaption><\/figure>\n<p style=\"text-align: center;\">***<\/p>\n<p>La odont\u00f3loga Francis Edith Zamora vest\u00eda de uniforme camuflado, el que se cambi\u00f3 al llegar por uno del Ej\u00e9rcito de Estados Unidos. Llevaba un chaleco antibalas, casco, guantes, un fusil AK y una Makarov. \u00abD\u00e1bamos consultas al aire libre. Hab\u00eda ginec\u00f3logos, pediatras, m\u00e9dicos generales. Fue una experiencia maravillosa, pero hubiera visto la pobreza, hab\u00eda escasez de agua. Acababa de pasar la guerra estaba todo descontrolado, no hab\u00eda atenci\u00f3n m\u00e9dica entonces nosotros \u00edbamos a ayudar\u00bb cuenta.<\/p>\n<p>Francis perdi\u00f3 la cuenta de la cantidad de personas que atendi\u00f3, lo que s\u00ed recuerda es que para comunicarse con sus pacientes lo hac\u00eda con se\u00f1as. \u00abNos ense\u00f1aron un poquito de \u00e1rabe, sab\u00edamos pedazos de ingl\u00e9s, pero la comunicaci\u00f3n m\u00e1s que todo era con se\u00f1as, ya si no nos entend\u00edamos llam\u00e1bamos a un int\u00e9rprete que andaba\u00bb relata.<\/p>\n<p>Pero lo que m\u00e1s sorprendi\u00f3 a Francis fue la forma en como los hombres tratan a las mujeres. \u00abBien mal, algunos hasta les pegan\u00bb dice. Tambi\u00e9n se asombr\u00f3 de ver tantos ni\u00f1os tiernos amarrados como nacatamales. \u00abEllos dicen que hacen eso para que cuando est\u00e9n grandes sigan el camino recto\u00bb cuenta. Juan Carlos T\u00e9llez por su parte era parte del equipo que garantizar\u00eda la seguridad. \u00abPatrull\u00e1bamos todas las zonas, cuid\u00e1bamos los lugares vulnerables por los coche-bombas\u00bb asegura. Dorm\u00eda poco, entre cuatro y cinco horas, pero \u00abestamos acostumbrados a eso\u00bb.<\/p>\n<p style=\"text-align: center;\">***<\/p>\n<p>Cumplir el sue\u00f1o de su vida lo llev\u00f3 a la tumba. R\u00f3ger Su\u00e1rez anhelaba ir a la guerra y vestir de militar. Y \u00e9l mismo se encarg\u00f3 de que as\u00ed fuera. Desde que era un ni\u00f1o siempre disfrut\u00f3 jugar con pistolas de agua, trincheras y soldaditos. Su sue\u00f1o dur\u00f3 muy poco, menos de dos meses.<\/p>\n<p>Originario de Boaco, ten\u00eda 21 a\u00f1os cuando muri\u00f3. Estaba en Ramadi, Irak, cuando cay\u00f3 en combate. Hab\u00eda llegado a ese pa\u00eds con el Ej\u00e9rcito estadounidense. Siendo un adolescente R\u00f3ger emigr\u00f3 al pa\u00eds del norte y pronto se enlist\u00f3 en las filas del Ej\u00e9rcito.<\/p>\n<p>En marzo del 2003 cuando Estados Unidos y la coalici\u00f3n de pa\u00edses le declar\u00f3 la guerra a Irak, a \u00e9l como todo soldado, fiel y obediente, le toc\u00f3 cumplir \u00f3rdenes. En octubre del 2006, en medio de una lluvia de bombas y balas, viaj\u00f3 miles de kil\u00f3metros para cumplir lo que \u00e9l estaba convencido era su misi\u00f3n, abrir fuego contra el enemigo.<\/p>\n<p>Sobre la pared de la sala en la casa de \u00c1ngela Duarte, en Boaco, cuelga una imagen de un muchacho. Es blanco, de cejas tupidas y ojos color miel. Viste de militar, luce serio y de fondo aparece la bandera rojo con blanco de Estados Unidos. Es R\u00f3ger Su\u00e1rez, el nieto que la guerra de<\/p>\n<p>Irak le arranc\u00f3 de las manos a \u00c1ngela. \u00abEra un ni\u00f1o alegre, siempre activo, insolente, juguet\u00f3n. Encontraba amigos donde quiera. Como era bonito siempre era perseguido por las muchachas\u00bb, recuerda.<\/p>\n<p>Irak sabe a dolor, dice \u00c1ngela. Despu\u00e9s de ser un pa\u00eds m\u00e1s, del que solo sab\u00edan que quedaba en Medio Oriente, que estaba en guerra y cuyas im\u00e1genes solo ve\u00edan por televisi\u00f3n, se convirti\u00f3 en una pesadilla, en el lugar que trajo tristeza a su vida. Cuando habla de su nieto se le hace un nudo en la garganta, la voz se le quiebra y las l\u00e1grimas no dejan de caer sobre sus mejillas.<\/p>\n<p>Octubre de 2006 fue la \u00faltima vez que lo vio, d\u00edas antes de irse a Irak. No le dijo que ir\u00eda a Irak, pero s\u00ed se despidi\u00f3 previendo lo peor. \u00abMe llam\u00f3 a un cuarto y me dice: &#8216;Mama venga, \u00e9cheme la bendici\u00f3n por mi mama y por usted. A como puede ser que venga puede que no&#8217;. Lo mismo le dijo a su papa, aquel casi se hace loco el pobrecito, pero \u00e9l ya estaba decidido. Adem\u00e1s no podr\u00eda retractarse\u00bb, cuenta.<\/p>\n<p>La historia de R\u00f3ger es la misma que la de muchos otros nicarag\u00fcenses enrolados en el Ej\u00e9rcito de Estados Unidos. Les toc\u00f3 viajar a Irak y hacer la guerra, les toc\u00f3 volar plomo y soportar la decisi\u00f3n que tom\u00f3 el gobierno de su pa\u00eds adoptivo.<\/p>\n<p>Todas empezaron como historias de migraci\u00f3n, de pobreza, de la b\u00fasqueda del sue\u00f1o americano y terminaron con la muerte. Douglas Marenco Reyes, Marvin Campos Siles, Gabriel Palacios, son otros de los nombres que se unen a la lista de fallecidos.<\/p>\n<div id='gallery-1' class='gallery galleryid-48430 gallery-columns-3 gallery-size-thumbnail'><figure class='gallery-item'>\n\t\t\t<div class='gallery-icon portrait'>\n\t\t\t\t<a href='https:\/\/staging.laprensanic.com\/magazine\/reportajes\/nicas-en-guerra-ajena\/attachment\/archivo-lp823\/'><img decoding=\"async\" width=\"150\" height=\"150\" src=\"https:\/\/d1xxa24wwackpg.cloudfront.net\/wp-content\/uploads\/2019\/09\/ARCHIVO-LP823.jpg\" class=\"attachment-thumbnail size-thumbnail\" alt=\"\" aria-describedby=\"gallery-1-48441\" srcset=\"https:\/\/d1xxa24wwackpg.cloudfront.net\/wp-content\/uploads\/2019\/09\/ARCHIVO-LP823.jpg 150w, https:\/\/d1xxa24wwackpg.cloudfront.net\/wp-content\/uploads\/2019\/09\/ARCHIVO-LP823.jpg 600w, https:\/\/d1xxa24wwackpg.cloudfront.net\/wp-content\/uploads\/2019\/09\/ARCHIVO-LP823.jpg 300w, https:\/\/d1xxa24wwackpg.cloudfront.net\/wp-content\/uploads\/2019\/09\/ARCHIVO-LP823.jpg 100w, https:\/\/d1xxa24wwackpg.cloudfront.net\/wp-content\/uploads\/2019\/09\/ARCHIVO-LP823.jpg 24w, https:\/\/d1xxa24wwackpg.cloudfront.net\/wp-content\/uploads\/2019\/09\/ARCHIVO-LP823.jpg 48w, https:\/\/d1xxa24wwackpg.cloudfront.net\/wp-content\/uploads\/2019\/09\/ARCHIVO-LP823.jpg 96w\" sizes=\"(max-width: 150px) 100vw, 150px\" \/><\/a>\n\t\t\t<\/div>\n\t\t\t\t<figcaption class='wp-caption-text gallery-caption' id='gallery-1-48441'>\n\t\t\t\tLa odont\u00f3loga Francis Zamora cuenta que las consultas las brindan al aire y en todo momento les tocaba andar armados. \u00abFue una experiencia maravillosa\u00bb. asegura. \n\t\t\t\t<\/figcaption><\/figure><figure class='gallery-item'>\n\t\t\t<div class='gallery-icon landscape'>\n\t\t\t\t<a href='https:\/\/staging.laprensanic.com\/magazine\/reportajes\/nicas-en-guerra-ajena\/attachment\/foto3-2\/'><img loading=\"lazy\" decoding=\"async\" width=\"150\" height=\"150\" src=\"https:\/\/d1xxa24wwackpg.cloudfront.net\/wp-content\/uploads\/2019\/09\/Foto3.jpg\" class=\"attachment-thumbnail size-thumbnail\" alt=\"\" aria-describedby=\"gallery-1-48443\" srcset=\"https:\/\/d1xxa24wwackpg.cloudfront.net\/wp-content\/uploads\/2019\/09\/Foto3.jpg 150w, https:\/\/d1xxa24wwackpg.cloudfront.net\/wp-content\/uploads\/2019\/09\/Foto3.jpg 300w, https:\/\/d1xxa24wwackpg.cloudfront.net\/wp-content\/uploads\/2019\/09\/Foto3.jpg 100w, https:\/\/d1xxa24wwackpg.cloudfront.net\/wp-content\/uploads\/2019\/09\/Foto3.jpg 24w, https:\/\/d1xxa24wwackpg.cloudfront.net\/wp-content\/uploads\/2019\/09\/Foto3.jpg 48w, https:\/\/d1xxa24wwackpg.cloudfront.net\/wp-content\/uploads\/2019\/09\/Foto3.jpg 96w\" sizes=\"(max-width: 150px) 100vw, 150px\" \/><\/a>\n\t\t\t<\/div>\n\t\t\t\t<figcaption class='wp-caption-text gallery-caption' id='gallery-1-48443'>\n\t\t\t\tEl contingente de ayuda humanitaria parti\u00f3 a Irak en agosto de 2003. Estaba compuesto por 115 militares.  \n\t\t\t\t<\/figcaption><\/figure><figure class='gallery-item'>\n\t\t\t<div class='gallery-icon landscape'>\n\t\t\t\t<a href='https:\/\/staging.laprensanic.com\/magazine\/reportajes\/nicas-en-guerra-ajena\/attachment\/foto1-3\/'><img loading=\"lazy\" decoding=\"async\" width=\"150\" height=\"150\" src=\"https:\/\/d1xxa24wwackpg.cloudfront.net\/wp-content\/uploads\/2019\/09\/Foto1.jpg\" class=\"attachment-thumbnail size-thumbnail\" alt=\"\" aria-describedby=\"gallery-1-48442\" srcset=\"https:\/\/d1xxa24wwackpg.cloudfront.net\/wp-content\/uploads\/2019\/09\/Foto1.jpg 150w, https:\/\/d1xxa24wwackpg.cloudfront.net\/wp-content\/uploads\/2019\/09\/Foto1.jpg 300w, https:\/\/d1xxa24wwackpg.cloudfront.net\/wp-content\/uploads\/2019\/09\/Foto1.jpg 100w, https:\/\/d1xxa24wwackpg.cloudfront.net\/wp-content\/uploads\/2019\/09\/Foto1.jpg 24w, https:\/\/d1xxa24wwackpg.cloudfront.net\/wp-content\/uploads\/2019\/09\/Foto1.jpg 48w, https:\/\/d1xxa24wwackpg.cloudfront.net\/wp-content\/uploads\/2019\/09\/Foto1.jpg 96w\" sizes=\"(max-width: 150px) 100vw, 150px\" \/><\/a>\n\t\t\t<\/div>\n\t\t\t\t<figcaption class='wp-caption-text gallery-caption' id='gallery-1-48442'>\n\t\t\t\tRoger Su\u00e1rez ,originario de Boaco, se enrol\u00f3 en el Ej\u00e9rcito de Estados Unidos y le toc\u00f3 pelear en Irak. Cay\u00f3 en combate el 4 de diciembre de 2006. En la fotograf\u00eda de arriba sus abuelos y t\u00edos quienes viven en Boaco. En la imagen de abajo su abuelita Angela Duarte. \n\n\t\t\t\t<\/figcaption><\/figure><figure class='gallery-item'>\n\t\t\t<div class='gallery-icon landscape'>\n\t\t\t\t<a href='https:\/\/staging.laprensanic.com\/magazine\/reportajes\/nicas-en-guerra-ajena\/attachment\/foto5\/'><img loading=\"lazy\" decoding=\"async\" width=\"150\" height=\"150\" src=\"https:\/\/d1xxa24wwackpg.cloudfront.net\/wp-content\/uploads\/2019\/09\/Foto5.jpg\" class=\"attachment-thumbnail size-thumbnail\" alt=\"\" aria-describedby=\"gallery-1-48444\" srcset=\"https:\/\/d1xxa24wwackpg.cloudfront.net\/wp-content\/uploads\/2019\/09\/Foto5.jpg 150w, https:\/\/d1xxa24wwackpg.cloudfront.net\/wp-content\/uploads\/2019\/09\/Foto5.jpg 300w, https:\/\/d1xxa24wwackpg.cloudfront.net\/wp-content\/uploads\/2019\/09\/Foto5.jpg 100w, https:\/\/d1xxa24wwackpg.cloudfront.net\/wp-content\/uploads\/2019\/09\/Foto5.jpg 24w, https:\/\/d1xxa24wwackpg.cloudfront.net\/wp-content\/uploads\/2019\/09\/Foto5.jpg 48w, https:\/\/d1xxa24wwackpg.cloudfront.net\/wp-content\/uploads\/2019\/09\/Foto5.jpg 96w\" sizes=\"(max-width: 150px) 100vw, 150px\" \/><\/a>\n\t\t\t<\/div>\n\t\t\t\t<figcaption class='wp-caption-text gallery-caption' id='gallery-1-48444'>\n\t\t\t\tJuan Carlos Tellez formaba parte del equipo de seguridad, que viaj\u00f3 a Irak. \u00abNo tocaba patrullar todas las zonas. Cuid\u00e1bamos los lugares m\u00e1s vulnerables por los coches bomba\u00bb, dice.\n\t\t\t\t<\/figcaption><\/figure>\n\t\t<\/div>\n\n<p style=\"text-align: center;\">***<\/p>\n<p>Era el mes de agosto cuando los nicarag\u00fcenses llegaron a la Base Espa\u00f1a, donde estar\u00edan ubicados por seis meses. Ese mismo mes que llegaron el lugar fue atacado a morterazos. No hubo heridos, tampoco muertos. Pero era uno de los tantos hechos que indicaban que la posguerra pronto se convertir\u00eda en una guerra.<\/p>\n<p>En noviembre del 2003 el ambiente en Irak ya se hab\u00eda tornado hostil y la resistencia iraqu\u00ed comenz\u00f3 a expresarse. Se hablaba de muertos, ataques, emboscadas. \u00abEso es normal para nosotros. Es-tamos acostumbrados a escuchar granadas, bombas, el plomo cerca de nuestros o\u00eddos\u00bb dice Juan Carlos con el rostro inmutable.<\/p>\n<p>Francis, por su parte, reconoce que s\u00ed tuvo miedo. \u00abYo sent\u00eda temor porque hab\u00eda emboscadas. Los morterazos que cayeron cerca de donde est\u00e1bamos nos asustaron un poquito. And\u00e1bamos en las calles y as\u00ed en cualquier momento lo emboscaban a uno, pero eso s\u00ed, \u00edbamos bien protegidos\u00bb afirma.<\/p>\n<p>En caso de ataques \u2014dice Juan Carlos\u2014 ellos se defender\u00edan. \u00abNosotros no \u00edbamos con autorizaci\u00f3n de atacar, pero si ala hora de llegada nos atacaban o hab\u00eda una emboscada ten\u00edamos que atacar\u00bb ase-gura.<\/p>\n<p>Mientras tanto los familiares de los nicarag\u00fcenses que se encontraban en Irak le ped\u00edan al Gobierno el regreso de sus seres queridos.<\/p>\n<p style=\"text-align: center;\">***<\/p>\n<p>E1 ata\u00fad sellado y cobijado por la bandera de Estados Unidos recorri\u00f3 las calles de Boaco. Era diciembre de 2006 y los familiares de R\u00f3ger Su\u00e1rez lograron enterrar sus restos en su natal ciudad de dos pisos.<\/p>\n<p>R\u00f3ger hab\u00eda muerto el 4 de diciembre en Ramadi, Irak, mientras combat\u00eda. Han pasado casi cinco a\u00f1os y la versi\u00f3n de su muerte nunca qued\u00f3 clara. Un v\u00eddeo subido a Internet muestra un enfrentamiento en el que supuestamente particip\u00f3 R\u00f3ger.<\/p>\n<p>\u2014Era un tanque. Uno de nuestros tanques \u2014dice uno de los militares\u2014. Su\u00e1rez est\u00e1 muerto.<\/p>\n<p>De acuerdo con ese v\u00eddeo R\u00f3ger result\u00f3 muerto por \u00abfuego amigo\u00bb Sin embargo el Ej\u00e9rcito estadounidense ha insistido en m\u00faltiples ocasiones que fue \u00abel enemigo\u00bb R\u00f3ger Su\u00e1rez (padre), quien vive en Estados Unidos, Angela Duarte, la abuela y resto de familiares, nunca quedaron conformes con las explicaciones sobre el fallecimiento del muchacho.<\/p>\n<p>No pudieron verlo porque no se les permiti\u00f3 abrir el ata\u00fad. \u00abVino la caja, pero no sab\u00edamos qu\u00e9 tra\u00eda adentro. Nos dijeron que era imposible verlo\u00bb cuenta \u00c1ngela. Recuerda que para su entierro una representaci\u00f3n del Ej\u00e9rcito estuvo presente. \u00abHicieron esas cosas que ellos hacen, homenajes, pero con todo y eso la vida de \u00e9l no se repone. Ese fue su fin, mejor se hubiera quedado en Nicaragua con nosotros pasando dificultades, pero con nosotros\u00bb dice con la voz tr\u00e9mula. Adem\u00e1s, afirma: \u00abYo no estoy de acuerdo con que haya ido a pelear por un pa\u00eds que ni siquiera era el suyo\u00bb.<\/p>\n<p>En la casa de los Su\u00e1rez en Boaco prefieren recordar a R\u00f3ger como el muchacho alegre y activo que era.<\/p>\n<p>Su t\u00edo Eduardo Su\u00e1rez tiene la impresi\u00f3n que un d\u00eda cualquier entrar\u00e1 por la puerta de la casa con una gran sonrisa como sol\u00eda hacerlo cuando llegaba de paseo. \u00abYo nunca lo vi muerto, as\u00ed que \u00e9l para m\u00ed est\u00e1 vivo. Es un sobrino m\u00e1s de los que yo aprecio y quiero. Para m\u00ed anda en un viaje\u00bb dice mientras aclara su garganta.<\/p>\n<p>Para los Su\u00e1rez, Irak nunca m\u00e1s ser\u00e1 un pa\u00eds lejano, desconocido, ajeno. En la casa de esta familia aquella decisi\u00f3n del expresidente Bush convirti\u00f3 a Irak en un pa\u00eds que sabe a dolor.<\/p>\n<figure id=\"attachment_48438\" aria-describedby=\"caption-attachment-48438\" style=\"width: 700px\" class=\"wp-caption aligncenter\"><a href=\"https:\/\/gep90.laprensa.com.ni\/magazine\/wp-content\/uploads\/2019\/09\/Foto4.jpg\"><img loading=\"lazy\" decoding=\"async\" class=\"size-full wp-image-48438\" src=\"https:\/\/gep90.laprensa.com.ni\/magazine\/wp-content\/uploads\/2019\/09\/Foto4.jpg\" alt=\"\" width=\"700\" height=\"539\" srcset=\"https:\/\/d1xxa24wwackpg.cloudfront.net\/wp-content\/uploads\/2019\/09\/Foto4.jpg 700w, https:\/\/d1xxa24wwackpg.cloudfront.net\/wp-content\/uploads\/2019\/09\/Foto4.jpg 300w, https:\/\/d1xxa24wwackpg.cloudfront.net\/wp-content\/uploads\/2019\/09\/Foto4.jpg 600w\" sizes=\"(max-width: 700px) 100vw, 700px\" \/><\/a><figcaption id=\"caption-attachment-48438\" class=\"wp-caption-text\">Por falta de recursos el ex presidente Enrique Bola\u00f1os solamente pudo enviar a Irak a uno de los dos contingentes de ayuda que estaban previstos.<\/figcaption><\/figure>\n<p><strong>En cifras<\/strong><\/p>\n<p>Del 28 de agosto al 30 de diciembre los soldados de la Fuerza de Tarea de Ayuda Humanitaria Nicaragua brindaron 6,818 atenciones m\u00e9dicas a los iraqu\u00edes. Seg\u00fan el Ej\u00e9rcito de Nicaragua, en cuatro meses se destruyeron 450,686 kilos de artefactos explosivos.<\/p>\n<p><strong>El nica desertor<\/strong><\/p>\n<p>Camilo Mej\u00eda, originario de Nicaragua e hijo del cantautor nicarag\u00fcense Carlos Mej\u00eda Godoy, es un desertor de la guerra de Irak Era sargento de las tropas de infanter\u00eda del Ej\u00e9rcito de Estados Unidos cuando en el 2003 fue enviado a Irak donde estuvo por cinco meses. Le dieron permiso para regresar a Estados Unidos en octubre de ese a\u00f1o, pero cuando era tiempo de volver a la guerra Camilo se neg\u00f3 hacerlo.<\/p>\n<p>En aquella ocasi\u00f3n hizo p\u00fablico su desacuerdo con la invasi\u00f3n de Estados Unidos a Irak Un a\u00f1o m\u00e1s tarde fue juzgado en corte marcial donde se le conden\u00f3 a un a\u00f1o de prisi\u00f3n. \u00abEsta es una guerra motivada por el petr\u00f3leo y no creo que ning\u00fan soldado se enlista en el ej\u00e9rcito para pelear por el petr\u00f3leo&#8217;, dijo. \u00abTras estos barrotes me siento un hombre libre porque he escuchado un poder superior: la voz de mi conciencia\u00bb, expres\u00f3 en aquel momento. Camilo Mej\u00eda se convirti\u00f3 en un rostro p\u00fablico de la lucha contra la guerra en Estados Unidos.<a href=\"https:\/\/gep90.laprensa.com.ni\/magazine\/wp-content\/uploads\/2019\/09\/637543.jpg\"><img loading=\"lazy\" decoding=\"async\" class=\"aligncenter size-full wp-image-48440\" src=\"https:\/\/gep90.laprensa.com.ni\/magazine\/wp-content\/uploads\/2019\/09\/637543.jpg\" alt=\"\" width=\"700\" height=\"489\" srcset=\"https:\/\/d1xxa24wwackpg.cloudfront.net\/wp-content\/uploads\/2019\/09\/637543.jpg 700w, https:\/\/d1xxa24wwackpg.cloudfront.net\/wp-content\/uploads\/2019\/09\/637543.jpg 300w, https:\/\/d1xxa24wwackpg.cloudfront.net\/wp-content\/uploads\/2019\/09\/637543.jpg 600w\" sizes=\"(max-width: 700px) 100vw, 700px\" \/><\/a><\/p>\n","protected":false},"excerpt":{"rendered":"<p>Una guerra comenz\u00f3 en Irak, ese lejano pa\u00eds de Medio Oriente, termin\u00f3 involucrado a centenas de nicarag\u00fcenses. Unos llegaron a ayudar y otros a pelear y morir<\/p>\n","protected":false},"author":46,"featured_media":0,"comment_status":"open","ping_status":"open","sticky":false,"template":"","format":"standard","meta":{"_acf_changed":false,"footnotes":""},"categories":[26],"tags":[],"class_list":["post-48430","post","type-post","status-publish","format-standard","hentry","category-reportajes"],"acf":[],"_links":{"self":[{"href":"https:\/\/staging.laprensanic.com\/magazine\/wp-json\/wp\/v2\/posts\/48430","targetHints":{"allow":["GET"]}}],"collection":[{"href":"https:\/\/staging.laprensanic.com\/magazine\/wp-json\/wp\/v2\/posts"}],"about":[{"href":"https:\/\/staging.laprensanic.com\/magazine\/wp-json\/wp\/v2\/types\/post"}],"author":[{"embeddable":true,"href":"https:\/\/staging.laprensanic.com\/magazine\/wp-json\/wp\/v2\/users\/46"}],"replies":[{"embeddable":true,"href":"https:\/\/staging.laprensanic.com\/magazine\/wp-json\/wp\/v2\/comments?post=48430"}],"version-history":[{"count":5,"href":"https:\/\/staging.laprensanic.com\/magazine\/wp-json\/wp\/v2\/posts\/48430\/revisions"}],"predecessor-version":[{"id":48450,"href":"https:\/\/staging.laprensanic.com\/magazine\/wp-json\/wp\/v2\/posts\/48430\/revisions\/48450"}],"wp:attachment":[{"href":"https:\/\/staging.laprensanic.com\/magazine\/wp-json\/wp\/v2\/media?parent=48430"}],"wp:term":[{"taxonomy":"category","embeddable":true,"href":"https:\/\/staging.laprensanic.com\/magazine\/wp-json\/wp\/v2\/categories?post=48430"},{"taxonomy":"post_tag","embeddable":true,"href":"https:\/\/staging.laprensanic.com\/magazine\/wp-json\/wp\/v2\/tags?post=48430"}],"curies":[{"name":"wp","href":"https:\/\/api.w.org\/{rel}","templated":true}]}}