{"id":48469,"date":"2019-09-09T16:32:12","date_gmt":"2019-09-09T22:32:12","guid":{"rendered":"http:\/\/gep90.laprensa.com.ni\/magazine\/?p=48469"},"modified":"2024-01-04T20:07:45","modified_gmt":"2024-01-05T02:07:45","slug":"humberto-ortega-un-general-de-gusto-fino","status":"publish","type":"post","link":"https:\/\/staging.laprensanic.com\/magazine\/reportajes\/humberto-ortega-un-general-de-gusto-fino\/","title":{"rendered":"Humberto Ortega, un general de gusto fino"},"content":{"rendered":"\n<p>Humberto Ortega vive entre Nicaragua y Costa Rica. Donde quiera que est\u00e9 no importa. En cualquiera de los dos lugares vive en \u201ccondiciones de millonario\u201d, dicen quienes lo conocen de cerca. En Nicaragua habita en la Carretera a Masaya, en un lugar que llaman Complejo Tres, donde tiene hasta gimnasio. En Costa Rica, en Escaz\u00fa, uno de los sitios m\u00e1s lujosos de ese vecino pa\u00eds del sur.<\/p>\n\n\n\n<p>Para Ortega, ya quedaron muy atr\u00e1s los a\u00f1os de dificultad que pasaron sus padres, Daniel Ortega y Lidia Saavedra, quienes, por las duras condiciones de vida en La Libertad, Chontales, y tambi\u00e9n por falta de recursos, perdieron a sus dos primeros hijos, Germania y Sigfrido. Y despu\u00e9s pasaron apuros para criar a sus siguientes cuatro hijos: Daniel, Humberto, Germania y Camilo.<\/p>\n\n\n<div class=\"wp-block-image\">\n<figure class=\"aligncenter\"><a href=\"https:\/\/gep90.laprensa.com.ni\/magazine\/wp-content\/uploads\/2019\/09\/Humberto-Ortega_ON.jpg\"><img fetchpriority=\"high\" decoding=\"async\" width=\"693\" height=\"1024\" src=\"https:\/\/gep90.laprensa.com.ni\/magazine\/wp-content\/uploads\/2019\/09\/Humberto-Ortega_ON-693x1024.jpg\" alt=\"\" class=\"wp-image-48547\" srcset=\"https:\/\/d1xxa24wwackpg.cloudfront.net\/wp-content\/uploads\/2019\/09\/Humberto-Ortega_ON.jpg 693w, https:\/\/d1xxa24wwackpg.cloudfront.net\/wp-content\/uploads\/2019\/09\/Humberto-Ortega_ON.jpg 203w, https:\/\/d1xxa24wwackpg.cloudfront.net\/wp-content\/uploads\/2019\/09\/Humberto-Ortega_ON.jpg 600w, https:\/\/d1xxa24wwackpg.cloudfront.net\/wp-content\/uploads\/2019\/09\/Humberto-Ortega_ON.jpg 700w\" sizes=\"(max-width: 693px) 100vw, 693px\" \/><\/a><figcaption class=\"wp-element-caption\">Humberto Ortega Saavedra fue jefe del Ej\u00e9rcito entre 1979 y 1995. Ahora, aunque \u00e9l lo niega, se dedica a los negocios. FOTO\/ ARCHIVO PERSONAL\/ \u00d3SCAR NAVARRETE<\/figcaption><\/figure>\n<\/div>\n\n\n<p>La vida cambi\u00f3 completamente para Ortega cuando, de la mano de otros ocho comandantes, lleg\u00f3 al poder en julio de 1979 y se convirti\u00f3, durante casi 16 a\u00f1os, en el jefe m\u00e1ximo del Ej\u00e9rcito Sandinista, acumulando un poder casi ilimitado y disfrutando de placeres en abundancia, mientras promov\u00eda el Servicio Militar Patri\u00f3tico (SMP).<\/p>\n\n\n\n<p>Hoy, convertido en empresario, aunque no le gusta que lo califiquen como tal, Humberto est\u00e1 p\u00fablicamente alejado de su hermano Daniel, otro de los comandantes de los ochenta y quien ostentando el cargo de coordinador de junta de gobierno o de presidente, en diversos periodos, se ha convertido en el hombre que m\u00e1s tiempo ha estado en el poder en Nicaragua, casi 23 a\u00f1os.<\/p>\n\n\n\n<p>En diciembre de 2018, en plena crisis sociopol\u00edtica que se origin\u00f3 en abril de ese mismo a\u00f1o, por haber opinado a favor de elecciones adelantadas, Daniel llam\u00f3 \u201cpe\u00f3n del imperio\u201d norteamericano a su hermano Humberto Ortega y desde entonces este \u00faltimo aparece menos en la escena p\u00fablica. Un exalto oficial del Ej\u00e9rcito dice que \u201c\u00e9l nunca est\u00e1 quieto, siempre est\u00e1 hablando o manipulando, lo que pasa es que no lo escuchamos\u201d.<\/p>\n\n\n\n<p>En los siguientes p\u00e1rrafos, la revista <em>Magazine<\/em> trata de describir al \u201ccomandante en jefe\u201d \u2014as\u00ed le gustaba que lo llamaran en los ochenta\u2014, Humberto Ortega Saavedra.<\/p>\n\n\n\n<p class=\"has-text-align-center\">***<\/p>\n\n\n\n<p>Para hablar con Humberto Ortega hay que abocarse primero con su asistente. Un amigo de \u00e9l, que omite su identidad, se queja: \u201cCuando \u00e9l quiere hablar conmigo me llama por tel\u00e9fono. Pero si yo quiero hablar con \u00e9l no puedo, porque me sale n\u00famero desconocido. Entonces no le puedo devolver la llamada. Y yo le digo, \u201cideay jodido, no te puedo llamar yo\u201d. \u00c9l se r\u00ede y me dice que me va a dar el n\u00famero, pero nunca me lo da\u201d.<\/p>\n\n\n\n<p>Ortega ha sido as\u00ed desde que se convirti\u00f3 en jefe del Ej\u00e9rcito, en agosto de 1979. R\u00f3ger Miranda Bengoechea, su asistente personal entre 1982 y 1987, describe en su libro <em>La guerra civil en Nicaragua: dentro de los sandinistas<\/em>&nbsp;que en los ochenta Ortega no quer\u00eda que nadie fuese m\u00e1s que \u00e9l, excepto su hermano Daniel, y por eso se hac\u00eda el inalcanzable. Ni siquiera el segundo jefe del Ej\u00e9rcito, Joaqu\u00edn Cuadra, pod\u00eda comunicarse con \u00e9l directamente.<\/p>\n\n\n\n<p>\u201cHac\u00eda esperar a la gente para mostrar su importancia\u201d, dice Miranda, quien lo califica de \u201cmegal\u00f3mano\u201d.<\/p>\n\n\n\n<p>De acuerdo con Miranda, Ortega manten\u00eda su imagen como un comandante \u201cinfalible\u201d de la revoluci\u00f3n y no tomaba alcohol a menos que fuera en grupos muy reducidos.<\/p>\n\n\n\n<p>Un viejo cuadro del sandinismo considera que Ortega y su hermano Daniel son \u201cacomplejados\u201d, porque cuando eran ni\u00f1os fueron expulsados del Club Social de Juigalpa porque no eran socios y por eso, cuando llegaron al poder, le hicieron la guerra a la burgues\u00eda. \u201cAunque luego ellos se volvieron burgueses\u201d, dice la fuente que pide el anonimato.<\/p>\n\n\n<div class=\"wp-block-image\">\n<figure class=\"aligncenter\"><a href=\"https:\/\/gep90.laprensa.com.ni\/magazine\/wp-content\/uploads\/2019\/09\/297-Mag-Humbertophoto32.jpg\"><img decoding=\"async\" width=\"209\" height=\"300\" src=\"https:\/\/gep90.laprensa.com.ni\/magazine\/wp-content\/uploads\/2019\/09\/297-Mag-Humbertophoto32-209x300.jpg\" alt=\"\" class=\"wp-image-48541\" srcset=\"https:\/\/d1xxa24wwackpg.cloudfront.net\/wp-content\/uploads\/2019\/09\/297-Mag-Humbertophoto32.jpg 209w, https:\/\/d1xxa24wwackpg.cloudfront.net\/wp-content\/uploads\/2019\/09\/297-Mag-Humbertophoto32.jpg 600w, https:\/\/d1xxa24wwackpg.cloudfront.net\/wp-content\/uploads\/2019\/09\/297-Mag-Humbertophoto32.jpg 700w\" sizes=\"(max-width: 209px) 100vw, 209px\" \/><\/a><figcaption class=\"wp-element-caption\">Ortega opina poco de la gesti\u00f3n de su hermano mayor. FOTO\/ ARCHIVO<\/figcaption><\/figure>\n<\/div>\n\n\n<p>Nadie quiere hablar abiertamente de los hermanos Ortega. \u201cLo que pasa es que todos sabemos que Daniel se ir\u00e1 en cualquier momento, pero Humberto se va a quedar y no sabemos\u201d, dice otra persona allegada al exjefe militar.<\/p>\n\n\n\n<p>De todos los nueve comandantes que gobernaron Nicaragua en los a\u00f1os ochenta, el que menos sab\u00eda hablar en p\u00fablico era Humberto, y no Daniel como piensan muchos, consideran los allegados del exjefe del Ej\u00e9rcito.<\/p>\n\n\n\n<p>Miranda Bengoechea dice que antes de dar un discurso Ortega practicaba, pero luego se le olvidaba todo cuando empezaba a hablar y cuando ve\u00eda que no pod\u00eda era breve su intervenci\u00f3n.<\/p>\n\n\n\n<p>Cuando ya terminaba, preguntaba: \u201c\u00bfC\u00f3mo habl\u00e9?\u201d. \u201cFabuloso\u201d, le respond\u00edan los cercanos, aunque hab\u00eda sido \u201ctedioso y terrible\u201d, \u201cera repetitivo y tartamudeaba\u201d.<\/p>\n\n\n\n<p>Para sus allegados, Ortega no pod\u00eda soportar estar equivocado y por eso en muchas ocasiones le echaba la culpa de sus errores a sus subordinados.<\/p>\n\n\n\n<p>Adem\u00e1s, le molestaba sujetarse a horarios y programas de trabajo y por ello, en muchas ocasiones, cancelaba o pospon\u00eda reuniones.<\/p>\n\n\n\n<p>Tambi\u00e9n era desconfiado. Ortega siempre pensaba que lo iban a matar envenenado o emboscado. Por eso cuando iba a comer un oficial de apellido Vanegas era quien probaba primero la comida, de tal manera que ese oficial luego bromeaba. \u201cEl general se come mis sobras\u201d, dec\u00eda. Y cuando se desplazaba, siempre iba delante de \u00e9l un contingente explorando el terreno por donde pasar\u00eda Ortega. Era tan desconfiado y paranoico, que sus escoltas ten\u00edan \u00f3rdenes de disparar.<\/p>\n\n\n\n<p>La desconfianza de Ortega alcanzaba a las personas que eran cercanas a \u00e9l como el segundo jefe del Ej\u00e9rcito, Joaqu\u00edn Cuadra, o a otro de los nueve comandantes, Tom\u00e1s Borge, ministro del Interior en los a\u00f1os ochenta. Miranda Bengoechea acusa a Ortega de que mandaba a espiar a Cuadra y a Borge, del primero porque ten\u00eda celos y del segundo porque no se llevaba bien con \u00e9l.<\/p>\n\n\n\n<p>Los allegados de Ortega tambi\u00e9n lo tildan de inseguro. Gusta de verse en el espejo para asegurarse de que todo est\u00e1 bien con su vestimenta y su aspecto. \u201cEra de esos militares elegantes, de los que salen en las pel\u00edculas. Y cuando se vest\u00eda de civil era un figur\u00edn. Sus camisas Lacoste, reloj Rolex, sus botines Bally bien lustrados, los lentes n\u00edtidos\u201d, dice una persona allegada a la familia de Ortega.<\/p>\n\n\n\n<p>En noviembre de 2016, Ortega sorprendi\u00f3 apareciendo en televisi\u00f3n mientras vest\u00eda de manera casual, con una camiseta mangas largas, fondo gris, con rayas horizontales, cuello V, y una bufanda colg\u00e1ndole del cuello. La imagen fue impactante para quienes lo tienen en la memoria vestido de militar.<\/p>\n\n\n\n<p>Si algo bueno destacan de Ortega sus amistades es que es buen bailar\u00edn, le gustan las cumbias y los mambos. Adem\u00e1s, le encanta jugar beisbol y a menudo lo hac\u00eda con sus escoltas y personal de servicio.<\/p>\n\n\n\n<p class=\"has-text-align-center\">***<\/p>\n\n\n\n<p>\u201cLa vida de ellos es muy lujosa\u201d, era una de las explicaciones que sol\u00eda dar Rosario Murillo, para justificar por qu\u00e9 no le gustaba un acercamiento entre su familia con la de su cu\u00f1ado Humberto Ortega, en los a\u00f1os ochenta.<\/p>\n\n\n\n<p>Un amigo de ambas familias cuenta que cuando se juntaban se pod\u00edan ver diferencias, pues las hijas de Humberto Ortega se vest\u00edan con ropa de marca, mientras que la vestimenta de los hijos de Daniel Ortega y Rosario Murillo era m\u00e1s sencilla. A veces se bromeaba con \u201cla familia rica\u201d y \u201cla familia pobre\u201d.<\/p>\n\n\n\n<p>Allegados de Humberto Ortega explican que en la casa de este \u00faltimo, durante los a\u00f1os ochenta, todo lo que hab\u00eda era comprado en el extranjero, a pesar de que Nicaragua viv\u00eda en esa \u00e9poca un bloqueo econ\u00f3mico.<\/p>\n\n\n\n<p>R\u00f3ger Miranda Bengoechea explica en su libro que Ortega aprovechaba que el Ej\u00e9rcito ten\u00eda un comprador que iba al extranjero a traer suministros.<\/p>\n\n\n<div class=\"wp-block-image\">\n<figure class=\"aligncenter\"><a href=\"https:\/\/gep90.laprensa.com.ni\/magazine\/wp-content\/uploads\/2019\/09\/297-Mag-Humbertophoto31.jpg\"><img decoding=\"async\" width=\"700\" height=\"1017\" src=\"https:\/\/gep90.laprensa.com.ni\/magazine\/wp-content\/uploads\/2019\/09\/297-Mag-Humbertophoto31.jpg\" alt=\"\" class=\"wp-image-48540\" srcset=\"https:\/\/d1xxa24wwackpg.cloudfront.net\/wp-content\/uploads\/2019\/09\/297-Mag-Humbertophoto31.jpg 700w, https:\/\/d1xxa24wwackpg.cloudfront.net\/wp-content\/uploads\/2019\/09\/297-Mag-Humbertophoto31.jpg 206w, https:\/\/d1xxa24wwackpg.cloudfront.net\/wp-content\/uploads\/2019\/09\/297-Mag-Humbertophoto31.jpg 600w\" sizes=\"(max-width: 700px) 100vw, 700px\" \/><\/a><figcaption class=\"wp-element-caption\">El beisbol es una de las pasiones de Ortega, quien se jacta de tirar curvas. FOTO\/ CORTES\u00cdA<\/figcaption><\/figure>\n<\/div>\n\n\n<p>En 1987, seg\u00fan Miranda, con un salario de 300 d\u00f3lares mensuales, Ortega ten\u00eda 2.5 millones de d\u00f3lares en un banco de Suiza. De acuerdo con el exasistente de Ortega, ese dinero era producto de negocios que hac\u00eda el entonces jefe del Ej\u00e9rcito con el comprador de la instituci\u00f3n, Mario Castillo, quien inflaba los precios de los art\u00edculos, \u201cdesde veh\u00edculos hasta televisores, y luego Castillo y Ortega supuestamente se repart\u00edan mitad y mitad.<\/p>\n\n\n\n<p>Adem\u00e1s, Ortega habr\u00eda manejado una caja chica de 200 mil d\u00f3lares mensuales.<\/p>\n\n\n\n<p>La seguridad personal que ten\u00eda Humberto Ortega era impresionante. Miranda la calcula en 350 hombres y al menos 18 veh\u00edculos. Tambi\u00e9n ten\u00eda un \u201canillo\u201d de asistentes, para que fuese dif\u00edcil acceder a \u00e9l. \u201cLa casa se parec\u00eda a una fortaleza. Eran cientos de guardas alrededor\u201d, dice una fuente.<\/p>\n\n\n\n<p>Otros exoficiales del Ej\u00e9rcito aseguran que Ortega se habr\u00eda beneficiado de una venta de armas a Per\u00fa y Ecuador, la cual se hizo despu\u00e9s del triunfo de Violeta Barrios de Chamorro.<\/p>\n\n\n\n<p class=\"has-text-align-center\">***<\/p>\n\n\n\n<p>Ni Daniel ni Humberto Ortega son fundadores del Frente Sandinista de Liberaci\u00f3n Nacional (FSLN), movimiento guerrillero fundado entre 1962 y 1963 por Carlos Fonseca Amador y otros opositores al r\u00e9gimen de los Somoza.<\/p>\n\n\n\n<p>Ellos se unir\u00edan al FSLN poco despu\u00e9s de fundado. Daniel primero y luego Humberto.<\/p>\n\n\n\n<p>Ortega narra en su libro <em>La epopeya de la insurrecci\u00f3n<\/em> que debi\u00f3 frustrar sus estudios de secundaria en el Instituto Pedag\u00f3gico de Managua cuando estaba en segundo a\u00f1o para velar por los negocios de su padre, luego de que este \u00faltimo fue operado de la tr\u00e1quea.<\/p>\n\n\n\n<p>A pesar que los Somoza le negaron matr\u00edcula en los colegios de Managua, Ortega explic\u00f3 a LA PRENSA que se bachiller\u00f3 en 1966 y luego se form\u00f3, de manera autodidacta durante la lucha clandestina, en filosof\u00eda pol\u00edtica marxista, historia, y recibi\u00f3 cursos militares en Cuba y Corea del Norte.<\/p>\n\n\n\n<p>Su exasistente personal, R\u00f3ger Miranda Bengoechea, se\u00f1ala que Ortega no fue buen estudiante y que se le daba mejor \u201cla inteligencia de la calle\u201d, lo cual le servir\u00eda despu\u00e9s para incursionar en la guerrilla del FSLN. Adem\u00e1s, indica Miranda, Ortega era bueno a los pleitos callejeros.<\/p>\n\n\n<div class=\"wp-block-image\">\n<figure class=\"aligncenter\"><a href=\"https:\/\/gep90.laprensa.com.ni\/magazine\/wp-content\/uploads\/2019\/09\/297-Mag-Humberto-6.jpeg\"><img loading=\"lazy\" decoding=\"async\" width=\"700\" height=\"376\" src=\"https:\/\/gep90.laprensa.com.ni\/magazine\/wp-content\/uploads\/2019\/09\/297-Mag-Humberto-6.jpeg\" alt=\"\" class=\"wp-image-48531\" srcset=\"https:\/\/d1xxa24wwackpg.cloudfront.net\/wp-content\/uploads\/2019\/09\/297-Mag-Humberto-6.jpeg 700w, https:\/\/d1xxa24wwackpg.cloudfront.net\/wp-content\/uploads\/2019\/09\/297-Mag-Humberto-6.jpeg 300w, https:\/\/d1xxa24wwackpg.cloudfront.net\/wp-content\/uploads\/2019\/09\/297-Mag-Humberto-6.jpeg 600w\" sizes=\"(max-width: 700px) 100vw, 700px\" \/><\/a><figcaption class=\"wp-element-caption\">Los padres de Humberto Ortega y Germania, en Costa Rica, cuando cay\u00f3 preso tras intentar liberar a Carlos Fonseca. FOTO\/ ARCHIVO<\/figcaption><\/figure>\n<\/div>\n\n\n<p>Ya integrado totalmente al FSLN, Ortega cay\u00f3 preso por primera vez en 1967 cuando con otros intent\u00f3 atacar, por Las Piedrecitas, a una caravana en la que ven\u00eda Anastasio Somoza Debayle desde Le\u00f3n.<\/p>\n\n\n\n<p>En ese mismo a\u00f1o, en el mes de abril, Ortega abandona la casa de sus padres y se va a la clandestinidad con el FSLN. Casi inmediatamente despu\u00e9s se va a entrenar militarmente a Cuba.<\/p>\n\n\n\n<p>La primera acci\u00f3n de envergadura en la que Ortega participa llegar\u00eda en el a\u00f1o de 1969, cuando le corresponde ser parte del grupo de guerrilleros que intenta liberar a Carlos Fonseca Amador, quien estaba preso en Alajuela, Costa Rica. Se desconoce c\u00f3mo se iba a desarrollar el guerrillero Humberto Ortega, propiamente como tal, porque esa fue tambi\u00e9n la \u00faltima acci\u00f3n en la que particip\u00f3 activamente, pues sufri\u00f3 heridas de bala que lo dejaron inhabilitado para el resto de su vida para un combate.<\/p>\n\n\n\n<p>Mientras los guerrilleros sandinistas se liaban a balazos con los guardas de la c\u00e1rcel costarricense, Ortega fue alcanzado por las balas. En los a\u00f1os noventa \u00e9l cont\u00f3 el episodio as\u00ed a la revista <em>7 D\u00edas<\/em>: \u201cYo recibo dos balazos, uno calibre 38 mil\u00edmetros, cuando me encontraba al interior del cuartel, atraviesa mi pecho y me roza el coraz\u00f3n.<\/p>\n\n\n\n<p>El otro, calibre 45 mil\u00edmetros, que disparan desde el torre\u00f3n cuando ya he logrado alcanzar el autom\u00f3vil y me dispongo a abordarlo. Impacta en mi hombro derecho y lo paraliza, catapult\u00e1ndome sobre el carro. Carlos Fonseca viene detr\u00e1s de m\u00ed, me introduce en el veh\u00edculo y con Plutarco Hern\u00e1ndez partimos velozmente hacia San Jos\u00e9\u201d.<\/p>\n\n\n\n<p>Los nicarag\u00fcenses no corrieron largo porque fueron capturados y Ortega estuvo un a\u00f1o preso en Costa Rica, hasta que en 1970, otro comando sandinista, dirigido por el costarricense Carlos Ag\u00fcero, en el que particip\u00f3 tambi\u00e9n la compa\u00f1era de este \u00faltimo, Ligia Trejos Leiva, secuestr\u00f3 un avi\u00f3n y lograron la libertad de los presos, quienes luego fueron llevados a Cuba.<\/p>\n\n\n\n<p>As\u00ed terminar\u00eda la aventura guerrillera de Humberto Ortega, porque despu\u00e9s, cuentan antiguos guerrilleros del FSLN, pas\u00f3 varios a\u00f1os en Cuba, donde le practicaron varias operaciones para lograr recuperar la movilidad en los dedos de ambas manos. En una de las manos logr\u00f3 mejor recuperaci\u00f3n que en la otra, pero no volvi\u00f3 a ser apto para ir a un combate.<\/p>\n\n\n\n<p>Ortega se convertir\u00eda despu\u00e9s en una especie de \u201cestratega\u201d, dirigiendo acciones de combate, ya fuera desde Cuba o posteriormente desde Costa Rica. Uno de los operativos por los cuales Ortega se enorgullece mucho fueron los ataques a diferentes cuarteles de la Guardia Nacional en octubre de 1977, lo que los sandinistas denominaron Octubre Victorioso, a pesar de que no lograron tomar ninguna ciudad, solo San Carlos, en R\u00edo San Juan, por cinco horas<\/p>\n\n\n\n<p>Fue la primera ofensiva que el FSLN lanz\u00f3 contra la dictadura somocista y se produjo cuando se supon\u00eda que este movimiento guerrillero estaba casi liquidado.<\/p>\n\n\n\n<p>Para ese momento, el FSLN estaba dividido en tres facciones: los proletarios, los Guerra Popular Prolongada (GPP) y los terceristas, esta \u00faltima dirigida por los hermanos Daniel y Humberto Ortega y el mexicano V\u00edctor Tirado. Este \u00faltimo grupo tambi\u00e9n era el m\u00e1s fuerte.<\/p>\n\n\n\n<p>De acuerdo con antiguos guerrilleros sandinistas, los m\u00e1s fuertes eran los de la GPP y los terceristas. Los de la GPP era el que se inclinaba a hacer la guerra al somocismo en las monta\u00f1as, pero all\u00ed la Guardia Nacional hab\u00eda casi exterminado la guerrilla. Incluso, en noviembre de 1976 mataron al m\u00e1ximo l\u00edder Carlos Fonseca Amador en las monta\u00f1as de Zinica.<\/p>\n\n\n\n<p>Los terceristas, por su parte, eran los favoritos del dictador cubano Fidel Castro. Entre los sandinistas antiguos se cuenta que Castro nunca quiso recibir a Carlos Fonseca Amador, a pesar de que este \u00faltimo estuvo varios a\u00f1os en Cuba. En cambio, Castro s\u00ed recibi\u00f3 a Humberto Ortega.<\/p>\n\n\n\n<p>Los terceristas, iniciando con los ataques de octubre de 1977, comenzaron una estrategia de realizar operativos en las ciudades y de esa manera llamar la atenci\u00f3n tanto dentro como fuera del pa\u00eds. Seg\u00fan viejos guerrilleros, mientras la GPP era diezmada por la Guardia Nacional en las monta\u00f1as, de donde casi no se sab\u00eda nada porque lo que ocurr\u00eda poco sal\u00eda en las noticias, los terceristas actuaban en las ciudades y ganaban popularidad. Fue el caso, por ejemplo, de la toma del Palacio Nacional, en agosto de 1978, en la cual se hizo c\u00e9lebre Ed\u00e9n Pastora.<\/p>\n\n\n\n<p>En menos de dos a\u00f1os, desde que los terceristas iniciaron los ataques sistem\u00e1ticos en las ciudades, en julio de 1979, cay\u00f3 la dictadura somocista y los guerrilleros sandinistas subieron al poder.<\/p>\n\n\n\n<p>Y aunque despu\u00e9s se vendi\u00f3 la idea de que el estratega de la victoria hab\u00eda sido Humberto Ortega, quien estaba en una oficina de Palo Alto, en Costa Rica, detr\u00e1s de Dionisio Marenco dirigiendo la ofensiva final contra los Somoza, quienes pactaron la rendici\u00f3n de la Guardia Nacional con sus \u00faltimos jefes, antiguos guerrilleros del FSLN comentan que en realidad en Costa Rica lo que hab\u00eda era una \u201crepetidora\u201d, porque la guerra la estaban dirigiendo los cubanos desde Cuba, con Fidel Castro a la cabeza.<\/p>\n\n\n\n<p>\u201cHumberto Ortega era el favorito de Fidel Castro\u201d, comenta un exalto oficial del Ej\u00e9rcito Sandinista.<\/p>\n\n\n<div class=\"wp-block-image\">\n<figure class=\"aligncenter\"><a href=\"https:\/\/gep90.laprensa.com.ni\/magazine\/wp-content\/uploads\/2019\/09\/297-Mag-Humbertophoto41.jpeg\"><img loading=\"lazy\" decoding=\"async\" width=\"700\" height=\"480\" src=\"https:\/\/gep90.laprensa.com.ni\/magazine\/wp-content\/uploads\/2019\/09\/297-Mag-Humbertophoto41.jpeg\" alt=\"\" class=\"wp-image-48542\" srcset=\"https:\/\/d1xxa24wwackpg.cloudfront.net\/wp-content\/uploads\/2019\/09\/297-Mag-Humbertophoto41.jpeg 700w, https:\/\/d1xxa24wwackpg.cloudfront.net\/wp-content\/uploads\/2019\/09\/297-Mag-Humbertophoto41.jpeg 300w, https:\/\/d1xxa24wwackpg.cloudfront.net\/wp-content\/uploads\/2019\/09\/297-Mag-Humbertophoto41.jpeg 600w\" sizes=\"(max-width: 700px) 100vw, 700px\" \/><\/a><figcaption class=\"wp-element-caption\">La familia Ortega Saavedra. Arriba: Germania y Camilo. Abajo: Daniel Ortega Saavedra, Daniel Ortega Cerda, Lidia Saavedra y Humberto. FOTO\/ CORTES\u00cdA<\/figcaption><\/figure>\n<\/div>\n\n\n<p class=\"has-text-align-center\">***<\/p>\n\n\n\n<p>El 20 de julio de 1979, miles de nicarag\u00fcenses se reunieron en la Plaza de la Rep\u00fablica para celebrar la ca\u00edda de los Somoza. Ese d\u00eda se comenzaron a conocer los rostros de los \u201ccomandantes\u201d sandinistas, entre ellos Humberto Ortega Saavedra.<\/p>\n\n\n\n<p>Antes del triunfo, en marzo de 1979, los sandinistas de las tres tendencias se hab\u00edan reunido para lograr la unidad y conformaron una Direcci\u00f3n Nacional integrada por tres miembros de la GPP, tres de los proletarios y tres de los terceristas. Nueve comandantes en total, quienes habr\u00edan de gobernar Nicaragua en los a\u00f1os ochenta.<\/p>\n\n\n\n<p>En distintas oportunidades, algunos de ellos dicen no recordar exactamente c\u00f3mo fue que Humberto Ortega fue designado como jefe del naciente Ej\u00e9rcito Sandinista. Aunque ahora explican que por ser los terceristas la tendencia m\u00e1s fuerte se qued\u00f3 con los principales cargos, ya que otro tercerista, Daniel Ortega, fue elegido como el miembro de la Direcci\u00f3n Nacional que representar\u00eda a la misma en la Junta de Gobierno de Reconstrucci\u00f3n Nacional (JGRN) y luego, en las elecciones de 1984, se convertir\u00eda en presidente de Nicaragua.<\/p>\n\n\n\n<p>Otros explican que todo fue decidido por Fidel Castro, quien siempre vio con buenos ojos a Humberto Ortega.<\/p>\n\n\n\n<p>El propio Ortega se lo explic\u00f3 as\u00ed al Diario LA PRENSA: \u201cLa tendencia insurreccional que yo coordino fue el eje gravitacional para el triunfo de la insurrecci\u00f3n del pueblo el 19 julio 1979. Ya previo al triunfo en el proceso de negociaci\u00f3n para la unidad de las tendencias sandinistas, hab\u00edamos acordado entre Tom\u00e1s Borge, Daniel Ortega y mi persona, que Daniel ser\u00eda miembro de la Junta de Gobierno; Tom\u00e1s, ministro del Interior y yo jefe del Ej\u00e9rcito.<\/p>\n\n\n\n<p>Posterior al triunfo, en una reuni\u00f3n con parte de los nueve miembros de la Direcci\u00f3n Nacional esta voluntad y realidad pol\u00edtica se formaliz\u00f3 con el importante apoyo del comandante Henry Ruiz\u201d.<\/p>\n\n\n\n<p>El 19 de agosto de 1979, apenas un mes despu\u00e9s del triunfo, la Direcci\u00f3n Nacional design\u00f3 a Ortega como el comandante en jefe del Ej\u00e9rcito Popular Sandinista (EPS), cargo que desempe\u00f1\u00f3 durante casi 16 a\u00f1os, hasta que en febrero de 1995, la presidenta Violeta Barrios de Chamorro anunci\u00f3 su retiro. Debi\u00f3 retirarse en abril de 1990, cuando los sandinistas entregaron el poder, pero una serie de negociaciones entre sandinistas y la Uni\u00f3n Nacional Opositora (UNO) le permitieron seguir ostentando el cargo, a pesar de que generaba mucha desconfianza entre los contrarrevolucionarios que hab\u00edan aceptado desarmarse para iniciar un proceso de paz.<\/p>\n\n\n\n<p>De acuerdo con exaltos oficiales del Ej\u00e9rcito Sandinista, el calificativo de \u201ccomandante en jefe\u201d le gustaba mucho a Ortega, porque lo hac\u00eda sentir m\u00e1s que los otros ocho comandantes de la Direcci\u00f3n Nacional. Incluso, tuvo problemas con eso en Cuba, porque en la isla ese calificativo estaba reservado \u00fanicamente para Fidel Castro.<\/p>\n\n\n\n<p>Como jefe del Ej\u00e9rcito, algunos de sus exsubordinados consideran que Ortega \u201cnunca fue un militar de carrera, sino que siempre aspir\u00f3 a otras cosas. \u00c9l dec\u00eda que \u00e9l estaba para empresas mayores, para dirigir la revoluci\u00f3n. Se sobreestimaba mucho\u201d, cuenta un oficial en retiro.<\/p>\n\n\n\n<p>Para muchos exmiembros del Ej\u00e9rcito Sandinista, la verdadera conducci\u00f3n del Ej\u00e9rcito la llev\u00f3 durante los a\u00f1os ochenta, al menos en un 90 por ciento, el segundo jefe, el general Joaqu\u00edn Cuadra Lacayo. \u201cCuadra s\u00ed era un militar\u201d, dice un exoficial. De hecho, R\u00f3ger Miranda Bengoechea en su libro explica que Ortega le ten\u00eda envidia a Cuadra Lacayo, por diferentes razones, especialmente porque Cuadra proven\u00eda de \u201cbuena familia\u201d, hab\u00eda sido un destacado guerrillero y gozaba del aprecio de los subordinados.<\/p>\n\n\n\n<p>A diferencia de Cuadra, Ortega no pudo desarrollarse en la guerrilla contra Somoza debido a que los dedos de sus manos hab\u00edan quedado afectados por uno de los balazos que recibi\u00f3 en 1969, en el intento de liberar a Carlos Fonseca en Costa Rica. Mientras que Cuadra fue pieza clave en el Frente Interno.<\/p>\n\n\n\n<p>Adem\u00e1s, Ortega desarroll\u00f3 una estrategia de no ser accesible para nadie. Para poder hablar con \u00e9l, los subordinados ten\u00edan que pasar por \u201canillos\u201d de asistentes para conseguir cita. Cuadra, por su parte, era campechano. \u201cCuadra se ganaba el cari\u00f1o y el respeto de la gente. Humberto era alguien que estaba demasiado arriba, inalcanzable. \u00c9l se hac\u00eda inalcanzable\u201d, dice un exmiembro del Ej\u00e9rcito.<\/p>\n\n\n\n<p>Principalmente, Cuadra viv\u00eda entregado a la vida militar, mientras que Ortega se dedic\u00f3 a gozar de una vida de lujos, explican exoficiales bajo el anonimato.<\/p>\n\n\n\n<p>A Ortega tambi\u00e9n le atribuyen algunas acciones de irrespeto hacia sus subordinados.<\/p>\n\n\n\n<p>En 1990, cuando los sandinistas perdieron el poder, Ortega firm\u00f3 con Antonio Lacayo el acuerdo de transici\u00f3n que \u2014seg\u00fan el propio Ortega\u2014 \u201casegur\u00f3 la estabilidad b\u00e1sica necesaria para marchar por el dif\u00edcil proceso de la guerra a la paz, lo que le permite defender al EPS y apoyar al FSLN ante el revanchismo y alta polarizaci\u00f3n pol\u00edtica\u201d.<\/p>\n\n\n\n<p>Ortega afirma que se someti\u00f3 a la presidenta Violeta Barrios de Chamorro, lo cual, a\u00f1os despu\u00e9s, su hermano Daniel Ortega se lo enrostrar\u00eda como una traici\u00f3n. \u201cEl general Humberto Ortega era el jefe del Ej\u00e9rcito, que desde entonces con la salida del gobierno (sandinista) simplemente decidi\u00f3 pasarse al lado de los que hab\u00edan ganado las elecciones y convertirse en un pe\u00f3n de la oligarqu\u00eda y del imperio, un servidor de la oligarqu\u00eda y del imperio\u201d, dijo Daniel Ortega en diciembre pasado, durante la crisis sociopol\u00edtica que impera en Nicaragua desde abril de 2018.<\/p>\n\n\n<div class=\"wp-block-image\">\n<figure class=\"aligncenter\"><a href=\"https:\/\/gep90.laprensa.com.ni\/magazine\/wp-content\/uploads\/2019\/09\/297-Mag-Humbertophoto43.jpeg\"><img loading=\"lazy\" decoding=\"async\" width=\"700\" height=\"661\" src=\"https:\/\/gep90.laprensa.com.ni\/magazine\/wp-content\/uploads\/2019\/09\/297-Mag-Humbertophoto43.jpeg\" alt=\"\" class=\"wp-image-48544\" srcset=\"https:\/\/d1xxa24wwackpg.cloudfront.net\/wp-content\/uploads\/2019\/09\/297-Mag-Humbertophoto43.jpeg 700w, https:\/\/d1xxa24wwackpg.cloudfront.net\/wp-content\/uploads\/2019\/09\/297-Mag-Humbertophoto43.jpeg 300w, https:\/\/d1xxa24wwackpg.cloudfront.net\/wp-content\/uploads\/2019\/09\/297-Mag-Humbertophoto43.jpeg 600w, https:\/\/d1xxa24wwackpg.cloudfront.net\/wp-content\/uploads\/2019\/09\/297-Mag-Humbertophoto43.jpeg 24w\" sizes=\"(max-width: 700px) 100vw, 700px\" \/><\/a><figcaption class=\"wp-element-caption\">Lidia Saavedra y Daniel Ortega celebran la liberaci\u00f3n de Daniel en 1974. FOTO\/ CORTES\u00cdA<\/figcaption><\/figure>\n<\/div>\n\n\n<p class=\"has-text-align-center\">***<\/p>\n\n\n\n<p>Daniel Sime\u00f3n Ortega Cerda naci\u00f3 en 1905 y fue el padre de los guerrilleros sandinistas Daniel, Humberto y Camilo Ortega Saavedra.<\/p>\n\n\n\n<p>En La Libertad, Chontales, Ortega Cerda conoci\u00f3 a quien ser\u00eda su esposa, Lidia Saavedra. Ella era hija del comerciante Benjam\u00edn Saavedra y de Mercedes Rivas.<\/p>\n\n\n\n<p>Los dos primeros hijos que tuvieron fueron Germania y Sigfrido. Ortega Cerda era fan de los alemanes y por eso les puso esos nombres, pero los ni\u00f1os solo vivieron dos y tres a\u00f1os, respectivamente, y murieron en 1945, seg\u00fan el general Ortega por las duras condiciones de vida en la zona y tambi\u00e9n por falta de recursos. Uno de ellos, Sigfrido, muri\u00f3 el 8 de noviembre, solo tres d\u00edas antes de que naciera Daniel Ortega Saavedra. Germania hab\u00eda fallecido en junio.<\/p>\n\n\n\n<p>El abuelo paterno de los Ortega Saavedra, Marco Antonio Ortega, fue un personaje sumamente importante en la Granada de inicios del siglo pasado. Escribi\u00f3 La Patria Amada, el Himno Nacional de Nicaragua durante casi 30 a\u00f1os, desde 1910 hasta 1939.<\/p>\n\n\n\n<p>Adem\u00e1s, Marco Antonio Ortega fue maestro y luego director del Instituto Nacional de Oriente, donde fue maestro de grandes personajes de la historia nicarag\u00fcense, entre los que sobresale el propio fundador de la dinast\u00eda somocista, Anastasio Somoza Garc\u00eda.<\/p>\n\n\n\n<p>Despu\u00e9s del nacimiento de Daniel, el matrimonio Ortega Saavedra se traslad\u00f3 a Juigalpa, donde naci\u00f3 Humberto, el 10 enero 1947, y un a\u00f1o despu\u00e9s nace una ni\u00f1a, a quien inicialmente llaman Lydia Mercedes, pero un a\u00f1o despu\u00e9s la bautizan como Germania del Carmen, igual que la primera hija fallecida.<\/p>\n\n\n\n<p>Luego la familia se va a Managua, donde nace Camilo Antonio, en diciembre de 1950.<\/p>\n\n\n\n<p>A partir de 1960 los padres viven pendientes de la vida de sus tres hijos varones, el primero Daniel, quien se une al FSLN en 1963. Luego se une Humberto y por \u00faltimo tambi\u00e9n Camilo.<\/p>\n\n\n\n<p>Daniel Ortega Cerda muere el 21 de abril de 1975, cuatro meses despu\u00e9s de haber celebrado la liberaci\u00f3n de su hijo Daniel Ortega de la c\u00e1rcel. No logra ver la muerte de su hijo Camilo, en Masaya, en 1978, ni el triunfo de la Revoluci\u00f3n sandinista en 1979, con la posterior ascensi\u00f3n al poder de sus hijos Daniel, como presidente y Humberto como jefe del Ej\u00e9rcito.<\/p>\n\n\n<div class=\"wp-block-image\">\n<figure class=\"aligncenter\"><a href=\"https:\/\/gep90.laprensa.com.ni\/magazine\/wp-content\/uploads\/2019\/09\/297-Mag-Humbertophoto42.jpeg\"><img loading=\"lazy\" decoding=\"async\" width=\"700\" height=\"866\" src=\"https:\/\/gep90.laprensa.com.ni\/magazine\/wp-content\/uploads\/2019\/09\/297-Mag-Humbertophoto42.jpeg\" alt=\"\" class=\"wp-image-48543\" srcset=\"https:\/\/d1xxa24wwackpg.cloudfront.net\/wp-content\/uploads\/2019\/09\/297-Mag-Humbertophoto42.jpeg 700w, https:\/\/d1xxa24wwackpg.cloudfront.net\/wp-content\/uploads\/2019\/09\/297-Mag-Humbertophoto42.jpeg 242w, https:\/\/d1xxa24wwackpg.cloudfront.net\/wp-content\/uploads\/2019\/09\/297-Mag-Humbertophoto42.jpeg 600w\" sizes=\"(max-width: 700px) 100vw, 700px\" \/><\/a><figcaption class=\"wp-element-caption\">La familia Ortega Saavedra, menos Daniel hijo, en su casa en el barrio San Antonio, en 1966. FOTO\/ CORTES\u00cdA<\/figcaption><\/figure>\n<\/div>\n\n\n<p>Humberto Ortega explic\u00f3 a LA PRENSA la muerte de su hermano: \u201cLa muerte de mi hermano menor Camilo Antonio la sufr\u00ed en momentos en que manten\u00eda estrecha comunicaci\u00f3n con \u00e9l para dirigir la lucha que Camilo comandaba en Managua y el oriente del pa\u00eds, en particular posterior al asesinato del doctor Pedro Joaqu\u00edn Chamorro, cuando Camilo comanda el ataque al Cuartel La P\u00f3lvora en Granada el 2 febrero 1978 para quitar presi\u00f3n a nuestras fuerzas en el Frente Norte que comandan Daniel Ortega y V\u00edctor Tirado L\u00f3pez. Camilo se incorpora este mes a la insurrecci\u00f3n de Monimb\u00f3 y muere torturado al ser capturado herido de muerte el d\u00eda 26. Luego muy adolorido env\u00edo a Managua desde Costa Rica a mi madre do\u00f1a Lidia y a mi hermana Germania, a reclamar el cad\u00e1ver, al cual dan cristiana sepultura rodeadas solamente de soldados de Somoza\u201d.<\/p>\n\n\n\n<p>Lidia Saavedra muri\u00f3 el 3 de mayo del 2005, en Managua, a los 97 a\u00f1os edad.<\/p>\n\n\n\n<p class=\"has-text-align-center\">***<\/p>\n\n\n\n<p>Humberto Ortega es muy herm\u00e9tico en su vida familiar. \u00c9l fue padre por primera vez cuando estaba en Cuba, a inicios de los a\u00f1os 70, despu\u00e9s de que fue herido en Costa Rica, encarcelado y un a\u00f1o despu\u00e9s liberado por un comando dirigido por el tico Carlos Ag\u00fcero, un importante cuadro del FSLN y calificado como una persona humilde.<\/p>\n\n\n\n<p>Ese primer hijo de Ortega, con una mujer cubana, es un var\u00f3n que se llama Humberto y, personas allegadas al exjefe del Ej\u00e9rcito indican que en Cuba es tambi\u00e9n militar. A Nicaragua ha llegado en diversas ocasiones.<\/p>\n\n\n\n<p>Posteriormente, Ortega se casa con quien ha sido su esposa hasta la fecha, la costarricense Ligia Trejos Leiva. Ella era la compa\u00f1era de Carlos Ag\u00fcero, con quien procre\u00f3 una hija de nombre El\u00edzabeth, quien luego adoptar\u00eda el apellido Ortega, pues ella era muy peque\u00f1a cuando su padre muri\u00f3 y luego su madre se uni\u00f3 al ahora general en retiro.<\/p>\n\n\n\n<p>Algunos guerrilleros antiguos cuentan que cuando Ag\u00fcero falleci\u00f3, el 7 de abril de 1977, en un enfrentamiento con las fuerzas de la Guardia Nacional, el FSLN le encarg\u00f3 a Ortega que apoyara en lo necesario a su viuda, especialmente en lo econ\u00f3mico. Y de ah\u00ed habr\u00eda surgido la relaci\u00f3n. Ortega era muy amigo de Ag\u00fcero.<\/p>\n\n\n\n<p>La familia Ortega Trejos la completan los tres hijos que procrearon despu\u00e9s: Amanda, \u00d3scar Humberto y Mariana.<\/p>\n\n\n\n<p>De ellos la m\u00e1s conocida es Mariana, quien en el a\u00f1o 2004, qued\u00f3 entre las 12 finalistas del concurso Miss Nicaragua, y fue electa Miss Rostro del certamen.<\/p>\n\n\n\n<p>En esa ocasi\u00f3n Mariana dijo a la revista <em>Magazine<\/em>: \u201cYo no tengo que ser igual que mi padre. Soy otra persona y en otros tiempos. De militar, lo \u00fanico que tengo es la disciplina&#8230; Lo que hizo \u00e9l me llena de orgullo. Llegar hasta donde ha llegado siendo tan pobre\u2026 Ha sido muy duro para \u00e9l\u201d.<\/p>\n\n\n<div class=\"wp-block-image\">\n<figure class=\"aligncenter\"><a href=\"https:\/\/gep90.laprensa.com.ni\/magazine\/wp-content\/uploads\/2019\/09\/297-Mag-Humbertophoto47.jpg\"><img loading=\"lazy\" decoding=\"async\" width=\"700\" height=\"730\" src=\"https:\/\/gep90.laprensa.com.ni\/magazine\/wp-content\/uploads\/2019\/09\/297-Mag-Humbertophoto47.jpg\" alt=\"\" class=\"wp-image-48545\" srcset=\"https:\/\/d1xxa24wwackpg.cloudfront.net\/wp-content\/uploads\/2019\/09\/297-Mag-Humbertophoto47.jpg 700w, https:\/\/d1xxa24wwackpg.cloudfront.net\/wp-content\/uploads\/2019\/09\/297-Mag-Humbertophoto47.jpg 288w, https:\/\/d1xxa24wwackpg.cloudfront.net\/wp-content\/uploads\/2019\/09\/297-Mag-Humbertophoto47.jpg 600w, https:\/\/d1xxa24wwackpg.cloudfront.net\/wp-content\/uploads\/2019\/09\/297-Mag-Humbertophoto47.jpg 24w\" sizes=\"(max-width: 700px) 100vw, 700px\" \/><\/a><figcaption class=\"wp-element-caption\">Mariana Ortega, la hija modelo del general que fue finalista en Miss Nicaragua en 2004. FOTO\/ ARCHIVO<\/figcaption><\/figure>\n<\/div>\n\n\n<p>Tras la derrota de los sandinistas, seg\u00fan cuentan allegados de la familia, Ortega dispuso negocios a sus hijos: A Amanda, una tienda de video; a El\u00edzabeth, una tienda de ropa; a Mariana, una sorbeter\u00eda, y \u00d3scar Humberto trabaja con \u00e9l en negocios de importaci\u00f3n.<\/p>\n\n\n\n<p>En la actualidad, son sus hijos quienes le ayudan a Ortega a ver las empresas que tiene y en las que es socio.<\/p>\n\n\n\n<p>A Ortega le molesta que le llamen empresario. En una ocasi\u00f3n dijo a LA PRENSA: \u201cNunca he sido empresario. Aunque desde la paz he apoyado con mis relaciones internacionales la inversi\u00f3n externa de empresarios o gobiernos a nuestra patria. Soy un ide\u00f3logo, estratega pol\u00edtico, escritor e historiador, y miembro de la Academia de Geograf\u00eda e Historia de Nicaragua\u201d.<\/p>\n\n\n\n<p class=\"has-text-align-center\">***<\/p>\n\n\n\n<p>Adem\u00e1s de los gustos, hab\u00eda otra cosa m\u00e1s fuerte que separaba a las familias de los hermanos Daniel y Humberto Ortega: las esposas. No se toleraban.<\/p>\n\n\n\n<p>Seg\u00fan el exasistente de Humberto Ortega, R\u00f3ger Miranda Bengoechea, Rosario Murillo, la compa\u00f1era de Daniel, era una \u201cjefa\u201d, \u201cdominante\u201d, \u201ccon una gran influencia sobre (Daniel) Ortega\u201d.<\/p>\n\n\n\n<p>\u201cEsa mujer deshonra a Daniel\u201d, sol\u00eda decir Humberto Ortega en c\u00edrculos reducidos e \u00edntimos, seg\u00fan Miranda.<\/p>\n\n\n\n<p>Ligia Trejos era lo opuesto a Murillo. Conocida como \u201cMarcela\u201d en la guerrilla sandinista, Trejos, costarricense, es una mujer \u201csin pretensiones en sus acciones y vestimenta, casi sin perfil p\u00fablico\u201d, dice Miranda, quien afirma que Trejos admit\u00eda: \u201cVivo para Humberto y para mis hijos\u201d. Y Humberto dec\u00eda: \u201cHago pol\u00edtica mientras mi esposa cuida de los ni\u00f1os. Ella hace lo que yo no puedo hacer y yo hago lo que ella no puede hacer\u201d.<\/p>\n\n\n\n<p>Otras personas allegadas a los Ortega Trejos indican que ella dirig\u00eda el Instituto de Estudios Sandinistas (IES), porque a Humberto Ortega le interesaba la historia y escribir\u00eda sobre ella. Pero eso causaba roces con Murillo, porque a esta \u00faltima tambi\u00e9n le interesaba la historia.<\/p>\n\n\n<div class=\"wp-block-image\">\n<figure class=\"aligncenter\"><a href=\"https:\/\/gep90.laprensa.com.ni\/magazine\/wp-content\/uploads\/2019\/09\/297-Mag-Humbertophoto61.jpg\"><img loading=\"lazy\" decoding=\"async\" width=\"700\" height=\"688\" src=\"https:\/\/gep90.laprensa.com.ni\/magazine\/wp-content\/uploads\/2019\/09\/297-Mag-Humbertophoto61.jpg\" alt=\"\" class=\"wp-image-48546\" srcset=\"https:\/\/d1xxa24wwackpg.cloudfront.net\/wp-content\/uploads\/2019\/09\/297-Mag-Humbertophoto61.jpg 700w, https:\/\/d1xxa24wwackpg.cloudfront.net\/wp-content\/uploads\/2019\/09\/297-Mag-Humbertophoto61.jpg 300w, https:\/\/d1xxa24wwackpg.cloudfront.net\/wp-content\/uploads\/2019\/09\/297-Mag-Humbertophoto61.jpg 600w, https:\/\/d1xxa24wwackpg.cloudfront.net\/wp-content\/uploads\/2019\/09\/297-Mag-Humbertophoto61.jpg 24w, https:\/\/d1xxa24wwackpg.cloudfront.net\/wp-content\/uploads\/2019\/09\/297-Mag-Humbertophoto61.jpg 48w\" sizes=\"(max-width: 700px) 100vw, 700px\" \/><\/a><figcaption class=\"wp-element-caption\">Ortega y Germ\u00e1n Pomares, en los a\u00f1os setenta, planificando los ataques de octubre de 1977 en diferentes cabeceras departamentales del pa\u00eds. FOTO\/ CORTES\u00cdA<\/figcaption><\/figure>\n<\/div>\n\n\n<p>Trejos \u201ces una mujer de mediana estatura, con un rostro bonito, sencilla, pero con buen porte. Elegante. Eso s\u00ed, tiene rasgos de haber tenido acn\u00e9. Ella y sus hijas\u201d, dice otra persona allegada.<\/p>\n\n\n\n<p>En los a\u00f1os ochenta dos situaciones ayudaban a que Daniel y Humberto mantuvieran relaci\u00f3n: la Direcci\u00f3n Nacional del FSLN, pero especialmente su madre, Lidia Saavedra.<\/p>\n\n\n\n<p>Cuando Humberto Ortega sale de la Direcci\u00f3n Nacional, tras la derrota electoral de 1990, solo les quedaba como punto de convergencia su madre.<\/p>\n\n\n\n<p>Todo indicaba que los hermanos Ortega dise\u00f1aron que Lidia Saavedra fuera cuidada por su otra hija, Germania, pero ella muri\u00f3 a inicios de los a\u00f1os noventa y ahora solo pod\u00edan cuidarla Daniel o Humberto. Finalmente qued\u00f3 donde el segundo, porque, dicen personas allegadas a la familia, Murillo no habr\u00eda permitido que su suegra entrara al n\u00facleo familiar.<\/p>\n\n\n\n<p>Luego, Humberto Ortega comenz\u00f3 a vivir m\u00e1s en Costa Rica que en Nicaragua y \u00bfqui\u00e9n iba a cuidar de do\u00f1a Lydia?<\/p>\n\n\n\n<p>Esa situaci\u00f3n habr\u00eda de romper totalmente la relaci\u00f3n entre Daniel y Humberto Ortega.<\/p>\n\n\n\n<p>Lidia Saavedra falleci\u00f3 el 3 de mayo de 2005 y su sepelio destap\u00f3 m\u00e1s la mala relaci\u00f3n entre los hermanos Ortega. Humberto, fiel a sus buenos gustos, quer\u00eda sepultar a su madre en un cementerio privado de lujo. Daniel, en el Cementerio General de Managua.<\/p>\n\n\n\n<p>En la situaci\u00f3n tuvo que mediar el cardenal Miguel Obando y Bravo, para ese entonces ya \u201creconciliado\u201d con Daniel Ortega. El sacerdote invit\u00f3 a los hermanos a unirse en armon\u00eda.<\/p>\n\n\n\n<p>\u201cUna madre siempre quiere ver a sus hijos unidos, por eso desde arriba do\u00f1a Lidia estar\u00e1 bendiciendo y rezando por la unidad de sus hijos, nietos y dem\u00e1s familiares\u201d, dijo el cardenal en la misa que ofici\u00f3 por Saavedra.<\/p>\n\n\n\n<p>En la actualidad, se desconoce con certeza la situaci\u00f3n de las relaciones entre hermanos, pero Daniel Ortega evidenci\u00f3 en diciembre pasado que la armon\u00eda entre ellos todav\u00eda no es una petici\u00f3n cumplida en su totalidad para su progenitora.<\/p>\n\n\n<div class=\"wp-block-image\">\n<figure class=\"aligncenter\"><a href=\"https:\/\/gep90.laprensa.com.ni\/magazine\/wp-content\/uploads\/2018\/07\/283-MAG-JEANPAULGENIE-3.jpg\"><img loading=\"lazy\" decoding=\"async\" width=\"900\" height=\"719\" src=\"https:\/\/gep90.laprensa.com.ni\/magazine\/wp-content\/uploads\/2018\/07\/283-MAG-JEANPAULGENIE-3.jpg\" alt=\"\" class=\"wp-image-42790\" srcset=\"https:\/\/d1xxa24wwackpg.cloudfront.net\/wp-content\/uploads\/2018\/07\/07134705\/283-MAG-JEANPAULGENIE-3.jpg 900w, https:\/\/d1xxa24wwackpg.cloudfront.net\/wp-content\/uploads\/2018\/07\/07134705\/283-MAG-JEANPAULGENIE-3.jpg 300w, https:\/\/d1xxa24wwackpg.cloudfront.net\/wp-content\/uploads\/2018\/07\/07134705\/283-MAG-JEANPAULGENIE-3.jpg 768w, https:\/\/d1xxa24wwackpg.cloudfront.net\/wp-content\/uploads\/2018\/07\/07134705\/283-MAG-JEANPAULGENIE-3.jpg 600w\" sizes=\"(max-width: 900px) 100vw, 900px\" \/><\/a><figcaption class=\"wp-element-caption\">Jean Paul Genie Lacayo con sus padres Raymond Genie y Gloria \u00c1ngeles Lacayo. La foto se hizo famosa en la \u00e9poca en que se exig\u00eda justicia. FOTO\/ ARCHIVO<\/figcaption><\/figure>\n<\/div>\n\n\n<h3 class=\"wp-block-heading\">El caso Jean Paul Genie<\/h3>\n\n\n\n<p>El domingo 28 de octubre de 1990, escoltas de Humberto Ortega acribillaron a balazos al joven de 16 a\u00f1os de edad Jean Paul Genie, quien intentaba aventajar en Carretera a Masaya la caravana en que Humberto Ortega se dirig\u00eda a su casa.<\/p>\n\n\n\n<p>En un primer momento no se supo, sino hasta varios d\u00edas despu\u00e9s, que hab\u00edan sido los escoltas de Ortega. Debido a que la Procuradur\u00eda no se atrevi\u00f3 a interponer una denuncia contra Ortega y sus escoltas, se limit\u00f3 a denunciar los hechos y el caso cay\u00f3 en manos de Boanerges Ojeda, quien en 1991 era juez S\u00e9ptimo de Distrito del Crimen en Managua. A \u00e9l le toc\u00f3 investigar el caso desde el 2 de junio de ese a\u00f1o hasta el 2 de julio de 1992.<\/p>\n\n\n\n<p>Al final el caso fue trasladado de la v\u00eda civil al fuero militar, para ser tratado por jueces y fiscales del Ej\u00e9rcito, y un a\u00f1o despu\u00e9s, en 1994, la Auditor\u00eda Militar absolvi\u00f3 a los acusados.<\/p>\n\n\n\n<p>Sobre el caso, Ortega dijo a LA PRENSA: \u201cEl caso del jovencito Jean Paul Genie fue un lamentable suceso que llev\u00f3 dolor a su familia con la cual manten\u00eda respetuosa amistad por medio del sandinista Herty Lewites. Se da en momentos convulsos de la polarizaci\u00f3n pol\u00edtica al arribar al gobierno do\u00f1a Violeta Barrios, y se manipula tal suceso para hacer da\u00f1o al EPS y mi persona. Pero los padres de Jean Paul, abrigados al cristianismo, rechazaron ser manipulados\u201d.<\/p>\n\n\n\n<h3 class=\"wp-block-heading\">Humberto Ortega y el SMP<\/h3>\n\n\n\n<p>Humberto Ortega, como ministro de Defensa y jefe del Ej\u00e9rcito en los a\u00f1os 80, es el impulsor de algo que caus\u00f3 mucho dolor entre los nicarag\u00fcenses, especialmente entre los j\u00f3venes y sus madres: el Servicio Militar Patri\u00f3tico (SMP), de car\u00e1cter obligatorio para todo var\u00f3n entre los 18 y 40 a\u00f1os de edad.<\/p>\n\n\n\n<p>Seg\u00fan dijo el propio Ortega a la revista <em>Domingo<\/em> de LA PRENSA, en el SMP participaron desde 1983 hasta 1989, 325,695 efectivos en las dos modalidades SMP: 149,590 j\u00f3venes en el Servicio Militar Activo (SMA) por dos a\u00f1os, y 175,695 en el Servicio Militar de Reserva (SMR) por dos meses al a\u00f1o desde 1985-89 son movilizados, varones y mujeres en las edades de 25-40 a\u00f1os.<\/p>\n\n\n\n<p>Ortega tambi\u00e9n explic\u00f3, con relaci\u00f3n a las v\u00edctimas, que \u201chace falta precisar las cifras, tarea muy dif\u00edcil por el tipo de guerra de agresi\u00f3n no convencional que sufrimos. Algunos calculan 150 mil v\u00edctimas durante 1980-89, la mayor\u00eda indirectas al incluir hu\u00e9rfanos, viudas y familiares en general. Hasta el presente se habla de m\u00e1s de 50 mil, entre muertos, heridos y desaparecidos&#8230; Acerca de bajas de las fuerzas directamente en combates, el \u00faltimo jefe contrarrevolucionario, \u00d3scar Sobalvarro, recuenta en sus filas m\u00e1s de 13 mil muertos. En relaci\u00f3n con el SMP, la cifra se aproxima a cuatro mil ca\u00eddos que son el grueso de muertos del EPS\u201d.<\/p>\n\n\n\n<p>Ortega tambi\u00e9n indic\u00f3 a LA PRENSA: \u201cFui el impulsor del SMP cuando el Servicio Militar voluntario fue insuficiente para repeler la Guerra de Agresi\u00f3n de EE. UU. que causaba grandes bajas en nuestras filas. El Servicio Militar obligatorio en \u00e9poca de guerra es una necesidad en cualquier pa\u00eds del mundo. Con el SMP de heroicos y abnegados j\u00f3venes el EPS se profesionaliz\u00f3, y redujo sensiblemente la sangr\u00eda de obreros y campesinos del Servicio Militar voluntario, y posibilita hacer del Ej\u00e9rcito la columna vertebral que garantiz\u00f3 la defensa nacional, y evitar el plan de Ronald Reagan de sustituir al EPS por la Contrarrevoluci\u00f3n. El SMP signific\u00f3 un alto costo pol\u00edtico para el sandinismo, pero fue vital para el triunfo militar, la paz y la apertura al proceso largo y complejo de la democracia que a\u00fan hoy forjamos\u201d.<\/p>\n","protected":false},"excerpt":{"rendered":"<p>Megal\u00f3mano le dicen sus amigos. Fue el poderoso jefe del ej\u00e9rcito en los a\u00f1os ochenta. Distante de su hermano Daniel, todav\u00eda hoy sus opiniones pesan. Es el general Humberto Ortega, que no logr\u00f3 desarrollarse como guerrillero.<\/p>\n","protected":false},"author":5124,"featured_media":48538,"comment_status":"open","ping_status":"open","sticky":false,"template":"","format":"standard","meta":{"_acf_changed":false,"footnotes":""},"categories":[26],"tags":[183,7,4740,1164],"class_list":["post-48469","post","type-post","status-publish","format-standard","has-post-thumbnail","hentry","category-reportajes","tag-daniel-ortega","tag-fsln","tag-humberto-ortega","tag-rosario-murillo"],"acf":[],"_links":{"self":[{"href":"https:\/\/staging.laprensanic.com\/magazine\/wp-json\/wp\/v2\/posts\/48469","targetHints":{"allow":["GET"]}}],"collection":[{"href":"https:\/\/staging.laprensanic.com\/magazine\/wp-json\/wp\/v2\/posts"}],"about":[{"href":"https:\/\/staging.laprensanic.com\/magazine\/wp-json\/wp\/v2\/types\/post"}],"author":[{"embeddable":true,"href":"https:\/\/staging.laprensanic.com\/magazine\/wp-json\/wp\/v2\/users\/5124"}],"replies":[{"embeddable":true,"href":"https:\/\/staging.laprensanic.com\/magazine\/wp-json\/wp\/v2\/comments?post=48469"}],"version-history":[{"count":13,"href":"https:\/\/staging.laprensanic.com\/magazine\/wp-json\/wp\/v2\/posts\/48469\/revisions"}],"predecessor-version":[{"id":58866,"href":"https:\/\/staging.laprensanic.com\/magazine\/wp-json\/wp\/v2\/posts\/48469\/revisions\/58866"}],"wp:featuredmedia":[{"embeddable":true,"href":"https:\/\/staging.laprensanic.com\/magazine\/wp-json\/wp\/v2\/media\/48538"}],"wp:attachment":[{"href":"https:\/\/staging.laprensanic.com\/magazine\/wp-json\/wp\/v2\/media?parent=48469"}],"wp:term":[{"taxonomy":"category","embeddable":true,"href":"https:\/\/staging.laprensanic.com\/magazine\/wp-json\/wp\/v2\/categories?post=48469"},{"taxonomy":"post_tag","embeddable":true,"href":"https:\/\/staging.laprensanic.com\/magazine\/wp-json\/wp\/v2\/tags?post=48469"}],"curies":[{"name":"wp","href":"https:\/\/api.w.org\/{rel}","templated":true}]}}