{"id":48707,"date":"2011-03-06T13:45:29","date_gmt":"2011-03-06T19:45:29","guid":{"rendered":"http:\/\/gep90.laprensa.com.ni\/magazine\/?p=48707"},"modified":"2020-07-25T12:21:54","modified_gmt":"2020-07-25T18:21:54","slug":"adriana-dorn-la-nueva-reina","status":"publish","type":"post","link":"https:\/\/staging.laprensanic.com\/magazine\/reportajes\/adriana-dorn-la-nueva-reina\/","title":{"rendered":"Adriana Dorn, la nueva reina"},"content":{"rendered":"<p style=\"text-align: center;\">Su nombre es Adriana Dorn, es relacionista p\u00fablica, baila jazz y por el momento est\u00e1 soltera.<br \/>\nTiene 24 a\u00f1os y desde los 13 se le ve en las pasarelas. Originaria de Managua, esta muchacha que fue electa en febrero pasado como Miss Nicaragua, se declara fiel seguidora de Juan Pablo II, pero tambi\u00e9n amante del reguet\u00f3n<\/p>\n<p style=\"text-align: center;\"><strong>Dora Luz Romero<\/strong><br \/>\n<strong>Fotos de Uriel Molina<\/strong><\/p>\n<p>Pudo haber sido cualquiera de las catorce aspirantes, pero no. Ese era el d\u00eda de Adriana Dorn. Esa, era su corona. Catorce jovencitas participaron para conquistar un mismo sue\u00f1o, convertirse en la mujer m\u00e1s bella del pa\u00eds, pero solo una lo logr\u00f3 y esa fue Adriana Dorn. Era su sue\u00f1o de ni\u00f1a, al igual que la mayor\u00eda de las misses coronadas. Y se hizo realidad el 26 de febrero de 2011.<\/p>\n<p>Desde entonces, su nombre ha colmado las redes sociales y su imagen ha cruzado las fronteras virtuales.<\/p>\n<p>Delgada, blanca, de piernas largas y cabello casta\u00f1o como la melcocha, esta joven de 24 a\u00f1os y con miles de seguidores en Facebook ha sido tema de conversaci\u00f3n en toda Nicaragua. Que si es bonita, que si era la mejor, que si lo merec\u00eda, su actuaci\u00f3n, su respuesta ante el jurado&#8230;<\/p>\n<p>Adriana Dorn parece una barbie. Tiene los ojos verdes, una cintura de avispa y una sonrisa permanente. Pero m\u00e1s all\u00e1 de esa belleza f\u00edsica, de su rostro n\u00edtidamente maquillado y de sus saludos como reina, Adriana Dorn dice ser una muchacha como cualquiera otra. Coqueta, desde ni\u00f1a, y amante de las pasarelas. Bailarina de jazz y coleccionista de relojes. No le gusta trasnochar y todo en su vida est\u00e1 milim\u00e9tricamente planeado. Le tiene miedo a las alturas, adora el chancho con yuca y tiene tanta ropa que debe usar el cl\u00f3set de su hermana. As\u00ed es la nueva Miss Nicaragua.<\/p>\n<figure id=\"attachment_48717\" aria-describedby=\"caption-attachment-48717\" style=\"width: 720px\" class=\"wp-caption aligncenter\"><a href=\"https:\/\/gep90.laprensa.com.ni\/magazine\/wp-content\/uploads\/2019\/09\/Adrina-Dorn3.jpg\"><img fetchpriority=\"high\" decoding=\"async\" class=\"size-full wp-image-48717\" src=\"https:\/\/gep90.laprensa.com.ni\/magazine\/wp-content\/uploads\/2019\/09\/Adrina-Dorn3.jpg\" alt=\"\" width=\"720\" height=\"517\" srcset=\"https:\/\/d1xxa24wwackpg.cloudfront.net\/wp-content\/uploads\/2019\/09\/Adrina-Dorn3.jpg 720w, https:\/\/d1xxa24wwackpg.cloudfront.net\/wp-content\/uploads\/2019\/09\/Adrina-Dorn3.jpg 300w, https:\/\/d1xxa24wwackpg.cloudfront.net\/wp-content\/uploads\/2019\/09\/Adrina-Dorn3.jpg 360w\" sizes=\"(max-width: 720px) 100vw, 720px\" \/><\/a><figcaption id=\"caption-attachment-48717\" class=\"wp-caption-text\">La familia de Adriana. De izquierda a derecha: su cu\u00f1ado Juan Carlos Riestra, su hermana Margarita Talavera de Riestra, su hermano Rodolfo Dorn R., su cu\u00f1ada Daniela Deshon de Dorn, ella y sus padres Margarita Rodr\u00edguez de Dorn y Rodolfo Dorn H.<\/figcaption><\/figure>\n<p style=\"text-align: center;\">***<\/p>\n<p>Adriana Dorn Rodr\u00edguez es originaria de Managua. Naci\u00f3 el 30 de diciembre de 1986 y es la menor de cinco hermanos, cuatro mujeres y un var\u00f3n. Adriana creci\u00f3 en medio de una familia acomodada y muy unida, su padre Rodolfo Dorn es ingeniero y reconocido empresario nicarag\u00fcense; su madre, Margarita Rodr\u00edguez de Dorn, es graduada en Relaciones Internacionales, pero por ahora es ama de casa.<\/p>\n<p>Las fotograf\u00edas que Adriana muestra de su ni\u00f1ez dibujan a una peque\u00f1ita adorada por las c\u00e1maras, sonriente y con ojos vivarachos.<\/p>\n<p>De ni\u00f1a, dice, le gustaba jugar barbies, pero tambi\u00e9n subirse a los \u00e1rboles. Le gustaba bailar y tambi\u00e9n disfrazarse. \u00abDe chiquita yo siempre fui como marimacha, jugaba bastante deportes y andaba con bastantes varones\u00bb, cuenta con un gesto como de quien se confiesa.<\/p>\n<p>Cuando Adriana habla sobre aquellos a\u00f1os sus ojos parecen encenderse y en su rostro se traza una sonrisa. \u00abFue una \u00e9poca bien alegre. \u00cdbamos bastante de viaje, a las playas, a Granada o hac\u00edamos viajes fuera. Tenemos familiares en Costa Rica, en Miami&#8230;\u00bb, comenta. Lo mismo recuerda Marifely Arg\u00fcello, amiga de infancia. \u00abNos criamos como primas y la sigo queriendo tal cual. Recuerdo su primera comuni\u00f3n, Jazz Plus, viajes a la playa&#8230;\u00bb, asegura Arg\u00fcello v\u00eda correo electr\u00f3nico.<\/p>\n<p>Graduada en el Colegio Americano, esta miss asegura que siempre ha sido buena alumna, pero nunca buena para los n\u00fameros. \u00abNunca me gust\u00f3 matem\u00e1tica. Yo odiaba ir a tutor\u00eda de matem\u00e1tica, no es mi fuerte, no le entend\u00eda\u00bb, reconoce. Para lo que s\u00ed ha tenido talento es para el baile. Desde los seis a\u00f1os aprendi\u00f3 a bailar jazz y lo hizo por poco m\u00e1s de diez a\u00f1os.<\/p>\n<p>Para Rodolfo Dorn, su hermana \u00absiempre ha sido una reina\u00bb. Desde muy peque\u00f1a, comenta, se comportaba de tal manera que todo el mundo quer\u00eda hacer lo posible por hacerla feliz. \u00abSe gana los corazones de todos los que la rodean. Tiene una facilidad para hablar con la gente\u00bb. Mientras tanto, su hermana Margarita Talavera recuerda que cuando eran peque\u00f1as, las m\u00e1s grandes discusiones eran porque \u00abAdriana quer\u00eda pasar tiempo conmigo y yo no le hac\u00eda caso. Adriana se mor\u00eda por jugar conmigo y lamentablemente yo no le hac\u00eda mucho caso y la cre\u00eda metiche\u00bb, asegura Margarita, quien confiesa que fue hasta en la universidad que se convirtieron en mejores amigas.<\/p>\n<p style=\"text-align: center;\">***<\/p>\n<p>Antes del concurso la vida de Adriana Dorn transcurr\u00eda con la misma naturalidad que la de cualquier jovencita de su edad. Trabajo, estudios, discotecas, cine, amigos, novios, familia y gimnasio.<\/p>\n<p>Ha sido una muchacha de pocos novios, asegura. Cuando uno le pregunta, se ruboriza, pero dice que ha tenido \u00abunos cinco\u00bb. El primero lo tuvo a los quince a\u00f1os. Esta joven de 1.75 metros de estatura y delgada como un alfiler se declara cristiana y devota de la Virgen y afirma que no hay jueves que falle al Sant\u00edsimo. Se dice fiel seguidora del papa Juan Pablo II, a quien logr\u00f3 conocer en 1996, cuando ten\u00eda nueve a\u00f1os. \u00abNos dio la bendici\u00f3n a m\u00ed y a mi familia, entonces agarr\u00e9 un papel y escrib\u00ed &#8216;Totus tuus&#8217;, que era el lema del papa Juan Pablo II, que significa &#8216;Todo tuyo&#8217; en lat\u00edn. Cuando el papa estaba bendiciendo a otras familias le agarr\u00e9 la mano y le puse el papel, \u00e9l lo ley\u00f3, me agarr\u00f3 y me abraz\u00f3. Cuando me abraz\u00f3 sent\u00ed una gran paz\u00bb, cuenta.<\/p>\n<p>Pero fuera del \u00e1mbito religioso, Adriana es amante del reguet\u00f3n. Y si hay alguien que le encanta ese es Daddy Yankee.<\/p>\n<p>Daniela Deshon Dorn, su cu\u00f1ada, la describe como una joven \u00abcontenta, bien trabajadora. Extrovertida. Muy segura de s\u00ed misma. Le encanta bailar, comer y re\u00edrse, pero sobre todo pasar tiempo con la familia\u00bb. Adriana, por su parte, se define como una mujer \u00abbella, inteligente, superorganizada, cuidadosa\u00bb. Quienes la conocen no tienen dudas, si hay algo que Adriana sabe hacer es planear. Planea todo. Viajes, trabajo, concursos, salidas, pagos&#8230; \u00abY si algo no sale como estaba previsto, entonces me estreso. Uno de mis defectos es ser demasiado perfeccionista. Siempre me lo he criticado. Yo exijo mucho de la gente porque yo doy mucho. Yo doy todo en mi trabajo, en mis clases, en mi familia, en mis relaciones\u00bb, asegura. Para Adriana hacer algo que est\u00e1 fuera de un plan, es \u00abuna locura\u00bb. Y esa, dice, es una herencia de su padre.<\/p>\n<p>Adriana Dorn es graduada en Relaciones P\u00fablicas con menci\u00f3n en Administraci\u00f3n de Empresas y Psicolog\u00eda por la Universidad del Estado de Pensilvania, Estados Unidos, y actualmente cursa un postgrado en Administraci\u00f3n de Mercadotecnia con el Tecnol\u00f3gico de Monterrey.<\/p>\n<p>La mayor parte del tiempo la pasa en su trabajo, ProNicaragua, donde es ejecutiva de Relaciones P\u00fablicas. Por las ma\u00f1anas suele salir a caminar con sus padres y por las tardes visita el gimnasio. Todos los viernes sale con su familia y los fines de semana con sus amigas.<\/p>\n<p>As\u00ed es Adriana y as\u00ed ha sido su vida desde hace alg\u00fan tiempo. Pero ahora, todo cambi\u00f3. Su ritmo de vida ha dado un giro enorme, como el de una ruleta, y sus d\u00edas se han tenido que reducir a gimnasio, sesiones de fotos, alimentaci\u00f3n balanceada, visitas como miss, clases de dicci\u00f3n. Los cambios ya empezaron. Su trabajo, por ejemplo, si no puede combinarse con su reinado, le tocar\u00e1 dejarlo. Y ella lo sabe.<\/p>\n<p style=\"text-align: center;\">***<\/p>\n<p>Sus primeros pasos en el modelaje los dio a los trece a\u00f1os. A esa edad, cuenta do\u00f1a Margarita Rodr\u00edguez de Dorn, su hija era m\u00e1s alta que cualquier ni\u00f1a de su edad. \u00abEsto le ocasionaba que se sintiera diferente a las dem\u00e1s compa\u00f1eritas del colegio, as\u00ed que para que no se acomplejara ni sus compa\u00f1eras se burlaran de ella, decid\u00ed meterla en una agencia de modelaje, y ah\u00ed inici\u00f3 su gusto por el modelaje\u00bb, relata. Sin embargo, las fotograf\u00edas de ni\u00f1a, mucho antes de los trece a\u00f1os, muestran a una Adriana coqueta, fotog\u00e9nica y que posaba con gran naturalidad ante las c\u00e1maras.<\/p>\n<p>Siendo adolescente comenz\u00f3 a participar en pasarelas para recaudar fondos para causas sociales. Pos\u00f3 adem\u00e1s para varias revistas y diarios nacionales e incluso particip\u00f3 en un Fashion Week en Costa Rica. En esa ocasi\u00f3n, recuerda, hab\u00eda agentes de agencias de modelaje de Nueva York y de Miami y hubo uno que se interes\u00f3 en llev\u00e1rsela al extranjero. \u00abMe cost\u00f3, pero la pens\u00e9 muy bien, siempre he dicho que cada quien tiene metas que cumplir, mi meta en ese entonces era ser una profesional, lo del modelaje pod\u00eda esperar\u00bb.<\/p>\n<p>Y eso no es lo \u00fanico que ha tenido que esperar en la vida de Adriana. El concurso Miss Nicaragua tuvo que esperar varios a\u00f1os tambi\u00e9n. Aunque coronarse como la mujer m\u00e1s bella del pa\u00eds ha sido unos de sus sue\u00f1os desde ni\u00f1a, ella quiso esperar hasta sentirse preparada. Marifely Arg\u00fcello, amiga de infancia y Miss Nicaragua 2004, asegura que \u00abella sabe cu\u00e1l es el momento oportuno para conseguir las cosas. A ella la ven\u00edan llamando para que fuera Miss Nicaragua desde hace rato, desde que yo gan\u00e9 Miss Nicaragua (2004), pero estaba muy chiquita. Se decidi\u00f3 a concursar hasta ahora, en el momento justo, cuando estuviera bien preparada\u00bb.<\/p>\n<p>\u00abLa gente me dec\u00eda &#8216;metete, metete&#8217;, pero yo no estaba preparada. Ten\u00eda que estudiar, conocer mi pa\u00eds y saber un poco m\u00e1s de Nicaragua y creo que este era el momento\u00bb, dice Adriana con mucha seguridad.<\/p>\n<div id='gallery-1' class='gallery galleryid-48707 gallery-columns-3 gallery-size-thumbnail'><figure class='gallery-item'>\n\t\t\t<div class='gallery-icon portrait'>\n\t\t\t\t<a href='https:\/\/staging.laprensanic.com\/magazine\/reportajes\/adriana-dorn-la-nueva-reina\/attachment\/adriana-dorn09\/'><img decoding=\"async\" width=\"150\" height=\"150\" src=\"https:\/\/d1xxa24wwackpg.cloudfront.net\/wp-content\/uploads\/2019\/09\/Adriana-Dorn09.jpg\" class=\"attachment-thumbnail size-thumbnail\" alt=\"\" aria-describedby=\"gallery-1-48715\" srcset=\"https:\/\/d1xxa24wwackpg.cloudfront.net\/wp-content\/uploads\/2019\/09\/Adriana-Dorn09.jpg 150w, https:\/\/d1xxa24wwackpg.cloudfront.net\/wp-content\/uploads\/2019\/09\/Adriana-Dorn09.jpg 600w, https:\/\/d1xxa24wwackpg.cloudfront.net\/wp-content\/uploads\/2019\/09\/Adriana-Dorn09.jpg 24w, https:\/\/d1xxa24wwackpg.cloudfront.net\/wp-content\/uploads\/2019\/09\/Adriana-Dorn09.jpg 48w, https:\/\/d1xxa24wwackpg.cloudfront.net\/wp-content\/uploads\/2019\/09\/Adriana-Dorn09.jpg 96w\" sizes=\"(max-width: 150px) 100vw, 150px\" \/><\/a>\n\t\t\t<\/div>\n\t\t\t\t<figcaption class='wp-caption-text gallery-caption' id='gallery-1-48715'>\n\t\t\t\tAdriana Dorn es la menor de cinco hermanos.\n\t\t\t\t<\/figcaption><\/figure><figure class='gallery-item'>\n\t\t\t<div class='gallery-icon portrait'>\n\t\t\t\t<a href='https:\/\/staging.laprensanic.com\/magazine\/reportajes\/adriana-dorn-la-nueva-reina\/attachment\/adriana-dorn-010\/'><img decoding=\"async\" width=\"150\" height=\"150\" src=\"https:\/\/d1xxa24wwackpg.cloudfront.net\/wp-content\/uploads\/2019\/09\/Adriana-Dorn-010.jpg\" class=\"attachment-thumbnail size-thumbnail\" alt=\"\" aria-describedby=\"gallery-1-48714\" srcset=\"https:\/\/d1xxa24wwackpg.cloudfront.net\/wp-content\/uploads\/2019\/09\/Adriana-Dorn-010.jpg 150w, https:\/\/d1xxa24wwackpg.cloudfront.net\/wp-content\/uploads\/2019\/09\/Adriana-Dorn-010.jpg 600w, https:\/\/d1xxa24wwackpg.cloudfront.net\/wp-content\/uploads\/2019\/09\/Adriana-Dorn-010.jpg 24w, https:\/\/d1xxa24wwackpg.cloudfront.net\/wp-content\/uploads\/2019\/09\/Adriana-Dorn-010.jpg 48w, https:\/\/d1xxa24wwackpg.cloudfront.net\/wp-content\/uploads\/2019\/09\/Adriana-Dorn-010.jpg 96w\" sizes=\"(max-width: 150px) 100vw, 150px\" \/><\/a>\n\t\t\t<\/div>\n\t\t\t\t<figcaption class='wp-caption-text gallery-caption' id='gallery-1-48714'>\n\t\t\t\tJunto a su pap\u00e1 Rodolfo y su hermano del mismo nombre. \n\t\t\t\t<\/figcaption><\/figure><figure class='gallery-item'>\n\t\t\t<div class='gallery-icon landscape'>\n\t\t\t\t<a href='https:\/\/staging.laprensanic.com\/magazine\/reportajes\/adriana-dorn-la-nueva-reina\/attachment\/adriana-dorn011\/'><img loading=\"lazy\" decoding=\"async\" width=\"150\" height=\"150\" src=\"https:\/\/d1xxa24wwackpg.cloudfront.net\/wp-content\/uploads\/2019\/09\/Adriana-Dorn011.jpg\" class=\"attachment-thumbnail size-thumbnail\" alt=\"\" aria-describedby=\"gallery-1-48716\" srcset=\"https:\/\/d1xxa24wwackpg.cloudfront.net\/wp-content\/uploads\/2019\/09\/Adriana-Dorn011.jpg 150w, https:\/\/d1xxa24wwackpg.cloudfront.net\/wp-content\/uploads\/2019\/09\/Adriana-Dorn011.jpg 600w, https:\/\/d1xxa24wwackpg.cloudfront.net\/wp-content\/uploads\/2019\/09\/Adriana-Dorn011.jpg 24w, https:\/\/d1xxa24wwackpg.cloudfront.net\/wp-content\/uploads\/2019\/09\/Adriana-Dorn011.jpg 48w, https:\/\/d1xxa24wwackpg.cloudfront.net\/wp-content\/uploads\/2019\/09\/Adriana-Dorn011.jpg 96w\" sizes=\"(max-width: 150px) 100vw, 150px\" \/><\/a>\n\t\t\t<\/div>\n\t\t\t\t<figcaption class='wp-caption-text gallery-caption' id='gallery-1-48716'>\n\t\t\t\tCon su mam\u00e1 Rodr\u00edguez de Dorn.\n\t\t\t\t<\/figcaption><\/figure><figure class='gallery-item'>\n\t\t\t<div class='gallery-icon landscape'>\n\t\t\t\t<a href='https:\/\/staging.laprensanic.com\/magazine\/reportajes\/adriana-dorn-la-nueva-reina\/attachment\/adriana-dorn-01\/'><img loading=\"lazy\" decoding=\"async\" width=\"150\" height=\"150\" src=\"https:\/\/d1xxa24wwackpg.cloudfront.net\/wp-content\/uploads\/2019\/09\/Adriana-Dorn-01.jpg\" class=\"attachment-thumbnail size-thumbnail\" alt=\"\" aria-describedby=\"gallery-1-48709\" srcset=\"https:\/\/d1xxa24wwackpg.cloudfront.net\/wp-content\/uploads\/2019\/09\/Adriana-Dorn-01.jpg 150w, https:\/\/d1xxa24wwackpg.cloudfront.net\/wp-content\/uploads\/2019\/09\/Adriana-Dorn-01.jpg 600w, https:\/\/d1xxa24wwackpg.cloudfront.net\/wp-content\/uploads\/2019\/09\/Adriana-Dorn-01.jpg 24w, https:\/\/d1xxa24wwackpg.cloudfront.net\/wp-content\/uploads\/2019\/09\/Adriana-Dorn-01.jpg 48w, https:\/\/d1xxa24wwackpg.cloudfront.net\/wp-content\/uploads\/2019\/09\/Adriana-Dorn-01.jpg 96w\" sizes=\"(max-width: 150px) 100vw, 150px\" \/><\/a>\n\t\t\t<\/div>\n\t\t\t\t<figcaption class='wp-caption-text gallery-caption' id='gallery-1-48709'>\n\t\t\t\tDesde los seis a\u00f1os Adriana baila jazz.\n\t\t\t\t<\/figcaption><\/figure><figure class='gallery-item'>\n\t\t\t<div class='gallery-icon landscape'>\n\t\t\t\t<a href='https:\/\/staging.laprensanic.com\/magazine\/reportajes\/adriana-dorn-la-nueva-reina\/attachment\/adriana-dorn-04\/'><img loading=\"lazy\" decoding=\"async\" width=\"150\" height=\"150\" src=\"https:\/\/d1xxa24wwackpg.cloudfront.net\/wp-content\/uploads\/2019\/09\/Adriana-Dorn-04.jpg\" class=\"attachment-thumbnail size-thumbnail\" alt=\"\" aria-describedby=\"gallery-1-48711\" srcset=\"https:\/\/d1xxa24wwackpg.cloudfront.net\/wp-content\/uploads\/2019\/09\/Adriana-Dorn-04.jpg 150w, https:\/\/d1xxa24wwackpg.cloudfront.net\/wp-content\/uploads\/2019\/09\/Adriana-Dorn-04.jpg 600w, https:\/\/d1xxa24wwackpg.cloudfront.net\/wp-content\/uploads\/2019\/09\/Adriana-Dorn-04.jpg 24w, https:\/\/d1xxa24wwackpg.cloudfront.net\/wp-content\/uploads\/2019\/09\/Adriana-Dorn-04.jpg 48w, https:\/\/d1xxa24wwackpg.cloudfront.net\/wp-content\/uploads\/2019\/09\/Adriana-Dorn-04.jpg 96w\" sizes=\"(max-width: 150px) 100vw, 150px\" \/><\/a>\n\t\t\t<\/div>\n\t\t\t\t<figcaption class='wp-caption-text gallery-caption' id='gallery-1-48711'>\n\t\t\t\tA los trece a\u00f1os inici\u00f3 clases de etiqueta y modelaje. \n\t\t\t\t<\/figcaption><\/figure><figure class='gallery-item'>\n\t\t\t<div class='gallery-icon landscape'>\n\t\t\t\t<a href='https:\/\/staging.laprensanic.com\/magazine\/reportajes\/adriana-dorn-la-nueva-reina\/attachment\/adriana-dorn-08\/'><img loading=\"lazy\" decoding=\"async\" width=\"150\" height=\"150\" src=\"https:\/\/d1xxa24wwackpg.cloudfront.net\/wp-content\/uploads\/2019\/09\/Adriana-Dorn-08.jpg\" class=\"attachment-thumbnail size-thumbnail\" alt=\"\" aria-describedby=\"gallery-1-48713\" srcset=\"https:\/\/d1xxa24wwackpg.cloudfront.net\/wp-content\/uploads\/2019\/09\/Adriana-Dorn-08.jpg 150w, https:\/\/d1xxa24wwackpg.cloudfront.net\/wp-content\/uploads\/2019\/09\/Adriana-Dorn-08.jpg 600w, https:\/\/d1xxa24wwackpg.cloudfront.net\/wp-content\/uploads\/2019\/09\/Adriana-Dorn-08.jpg 24w, https:\/\/d1xxa24wwackpg.cloudfront.net\/wp-content\/uploads\/2019\/09\/Adriana-Dorn-08.jpg 48w, https:\/\/d1xxa24wwackpg.cloudfront.net\/wp-content\/uploads\/2019\/09\/Adriana-Dorn-08.jpg 96w\" sizes=\"(max-width: 150px) 100vw, 150px\" \/><\/a>\n\t\t\t<\/div>\n\t\t\t\t<figcaption class='wp-caption-text gallery-caption' id='gallery-1-48713'>\n\t\t\t\tUna se las cosas m\u00e1s importantes para Adriana es su familia. Sus padres y hermanos. \n\t\t\t\t<\/figcaption><\/figure><figure class='gallery-item'>\n\t\t\t<div class='gallery-icon portrait'>\n\t\t\t\t<a href='https:\/\/staging.laprensanic.com\/magazine\/reportajes\/adriana-dorn-la-nueva-reina\/attachment\/adriana-dorn-03\/'><img loading=\"lazy\" decoding=\"async\" width=\"150\" height=\"150\" src=\"https:\/\/d1xxa24wwackpg.cloudfront.net\/wp-content\/uploads\/2019\/09\/Adriana-Dorn-03.jpg\" class=\"attachment-thumbnail size-thumbnail\" alt=\"\" aria-describedby=\"gallery-1-48710\" srcset=\"https:\/\/d1xxa24wwackpg.cloudfront.net\/wp-content\/uploads\/2019\/09\/Adriana-Dorn-03.jpg 150w, https:\/\/d1xxa24wwackpg.cloudfront.net\/wp-content\/uploads\/2019\/09\/Adriana-Dorn-03.jpg 600w, https:\/\/d1xxa24wwackpg.cloudfront.net\/wp-content\/uploads\/2019\/09\/Adriana-Dorn-03.jpg 24w, https:\/\/d1xxa24wwackpg.cloudfront.net\/wp-content\/uploads\/2019\/09\/Adriana-Dorn-03.jpg 48w, https:\/\/d1xxa24wwackpg.cloudfront.net\/wp-content\/uploads\/2019\/09\/Adriana-Dorn-03.jpg 96w\" sizes=\"(max-width: 150px) 100vw, 150px\" \/><\/a>\n\t\t\t<\/div>\n\t\t\t\t<figcaption class='wp-caption-text gallery-caption' id='gallery-1-48710'>\n\t\t\t\tA los ocho a\u00f1os dio su primera comuni\u00f3n. \n\t\t\t\t<\/figcaption><\/figure><figure class='gallery-item'>\n\t\t\t<div class='gallery-icon landscape'>\n\t\t\t\t<a href='https:\/\/staging.laprensanic.com\/magazine\/reportajes\/adriana-dorn-la-nueva-reina\/attachment\/adriana-dorn-05\/'><img loading=\"lazy\" decoding=\"async\" width=\"150\" height=\"150\" src=\"https:\/\/d1xxa24wwackpg.cloudfront.net\/wp-content\/uploads\/2019\/09\/Adriana-Dorn-05.jpg\" class=\"attachment-thumbnail size-thumbnail\" alt=\"Foto: Uriel Molina\" aria-describedby=\"gallery-1-48712\" srcset=\"https:\/\/d1xxa24wwackpg.cloudfront.net\/wp-content\/uploads\/2019\/09\/Adriana-Dorn-05.jpg 150w, https:\/\/d1xxa24wwackpg.cloudfront.net\/wp-content\/uploads\/2019\/09\/Adriana-Dorn-05.jpg 24w, https:\/\/d1xxa24wwackpg.cloudfront.net\/wp-content\/uploads\/2019\/09\/Adriana-Dorn-05.jpg 48w, https:\/\/d1xxa24wwackpg.cloudfront.net\/wp-content\/uploads\/2019\/09\/Adriana-Dorn-05.jpg 96w\" sizes=\"(max-width: 150px) 100vw, 150px\" \/><\/a>\n\t\t\t<\/div>\n\t\t\t\t<figcaption class='wp-caption-text gallery-caption' id='gallery-1-48712'>\n\t\t\t\tFiel seguidora de Juan Pablo II, logr\u00f3 conocerlo en 1996, durante su visita a Nicaragua. \n\t\t\t\t<\/figcaption><\/figure>\n\t\t<\/div>\n\n<p style=\"text-align: center;\">***<\/p>\n<p>La noche del s\u00e1bado 26 de febrero las manos de Adriana estaban sudadas. Respiraba hondo, apretaba los labios con fuerza y en silencio rezaba. Faltaban segundos para que el presentador del concurso Miss Nicaragua dijera en voz alta qui\u00e9n ser\u00eda Miss Nicaragua 2011 La competencia hab\u00eda llegado a su \u00faltimo eslab\u00f3n. Ah\u00ed, frente al escenario en el Teatro Nacional Rub\u00e9n Dar\u00edo y frente a los televidentes estaban Adriana Dorn y Lauren Lawson. Al igual que en todo concurso de belleza cuando llega a su fin, las finalistas se tomaron de la mano, se miraron por unos segundos y sonrieron. Pudo haber sido cualquiera de las dos, pero no. Esa era la noche de Adriana.<\/p>\n<p>A pesar de la constante sonrisa en su rostro, los ojos de Adriana mostraban angustia y mientras esperaban los resultados una risita nerviosa sal\u00eda de su boca. El presentador anunci\u00f3 que la primera finalista era Lauren Lawson, lo que convert\u00eda a Adriana en la nueva Miss Nicaragua. Al igual que todas las misses coronadas, llev\u00f3 sus manos al rostro, con las que tap\u00f3 su boca y pronto comenz\u00f3 a re\u00edr. El p\u00fablico le aplaudi\u00f3 y ella, ya con la corona puesta, hizo su primer recorrido y saludo en el escenario. La sonrisa no le cab\u00eda en el rostro y la respiraci\u00f3n era tan fuerte que le inflaba el pecho.<\/p>\n<p>\u00bfQu\u00e9 pas\u00f3 por la mente de Adriana en aquel momento? Antes de escuchar que era la nueva reina Adriana asegura que no hac\u00eda m\u00e1s que rezar. \u00abEstaba pidi\u00e9ndole a Diosito, lo puse todo en sus manos. Que si era para m\u00ed, se lo iba a agradecer por siempre y pues si no, pues no, mi vida seguir\u00eda con otras metas que cumplir. Y pas\u00e9 rezando: Diosito, por favor; Diosito, por favor\u00bb, relata.<\/p>\n<p>Esa noche, Adriana llevaba en el bikini una medalla de la Virgen Milagrosa. \u00abSiempre la llevo conmigo, siento que me ha protegido much\u00edsimo\u00bb, asegura.<\/p>\n<p>Desde que Adriana clasific\u00f3 en el casting de Miss Nicaragua para este a\u00f1o, estuvo dentro de las favoritas del p\u00fablico, que la ubicaba como una de las participantes m\u00e1s bellas. Y ella lo sab\u00eda, pero a pesar de eso, confiesa, nunca estuvo segura de que si ganar\u00eda o no el reinado. \u00abYo s\u00e9 c\u00f3mo funcionan estos concursos, hay favoritas, pero no siempre ganan. Yo creo que nunca hay que confiarse\u00bb. Por ahora, Adriana, electa la mujer m\u00e1s bella del pa\u00eds, se prepara para participar en Miss Universo, a realizarse en Brasil en septiembre de este a\u00f1o. Y falta un sue\u00f1o por cumplir todav\u00eda, traer la primera corona de Miss Universo a Nicaragua.<\/p>\n<figure id=\"attachment_48708\" aria-describedby=\"caption-attachment-48708\" style=\"width: 400px\" class=\"wp-caption aligncenter\"><a href=\"https:\/\/gep90.laprensa.com.ni\/magazine\/wp-content\/uploads\/2019\/09\/1187936.jpg\"><img loading=\"lazy\" decoding=\"async\" class=\"wp-image-48708\" src=\"https:\/\/gep90.laprensa.com.ni\/magazine\/wp-content\/uploads\/2019\/09\/1187936.jpg\" alt=\"Foto: Uriel Molina\" width=\"400\" height=\"604\" srcset=\"https:\/\/d1xxa24wwackpg.cloudfront.net\/wp-content\/uploads\/2019\/09\/1187936.jpg 720w, https:\/\/d1xxa24wwackpg.cloudfront.net\/wp-content\/uploads\/2019\/09\/1187936.jpg 199w, https:\/\/d1xxa24wwackpg.cloudfront.net\/wp-content\/uploads\/2019\/09\/1187936.jpg 678w\" sizes=\"(max-width: 400px) 100vw, 400px\" \/><\/a><figcaption id=\"caption-attachment-48708\" class=\"wp-caption-text\">Adriana representar\u00e1 a Nicaragua en Miss Universo, a realizarse en septiembre en Brasil.<\/figcaption><\/figure>\n","protected":false},"excerpt":{"rendered":"<p>Su nombre es Adriana Dorn, es relacionista p\u00fablica, baila jazz y por el momento est\u00e1 soltera. Tiene 24 a\u00f1os y desde los 13 se le ve en las pasarelas. Originaria de Managua, esta muchacha que fue electa en febrero pasado como Miss Nicaragua, se declara fiel seguidora de Juan Pablo II, pero tambi\u00e9n amante del reggaet\u00f3n<\/p>\n","protected":false},"author":46,"featured_media":48719,"comment_status":"open","ping_status":"open","sticky":false,"template":"","format":"standard","meta":{"_acf_changed":false,"footnotes":""},"categories":[26],"tags":[],"class_list":["post-48707","post","type-post","status-publish","format-standard","has-post-thumbnail","hentry","category-reportajes"],"acf":[],"_links":{"self":[{"href":"https:\/\/staging.laprensanic.com\/magazine\/wp-json\/wp\/v2\/posts\/48707","targetHints":{"allow":["GET"]}}],"collection":[{"href":"https:\/\/staging.laprensanic.com\/magazine\/wp-json\/wp\/v2\/posts"}],"about":[{"href":"https:\/\/staging.laprensanic.com\/magazine\/wp-json\/wp\/v2\/types\/post"}],"author":[{"embeddable":true,"href":"https:\/\/staging.laprensanic.com\/magazine\/wp-json\/wp\/v2\/users\/46"}],"replies":[{"embeddable":true,"href":"https:\/\/staging.laprensanic.com\/magazine\/wp-json\/wp\/v2\/comments?post=48707"}],"version-history":[{"count":8,"href":"https:\/\/staging.laprensanic.com\/magazine\/wp-json\/wp\/v2\/posts\/48707\/revisions"}],"predecessor-version":[{"id":51461,"href":"https:\/\/staging.laprensanic.com\/magazine\/wp-json\/wp\/v2\/posts\/48707\/revisions\/51461"}],"wp:featuredmedia":[{"embeddable":true,"href":"https:\/\/staging.laprensanic.com\/magazine\/wp-json\/wp\/v2\/media\/48719"}],"wp:attachment":[{"href":"https:\/\/staging.laprensanic.com\/magazine\/wp-json\/wp\/v2\/media?parent=48707"}],"wp:term":[{"taxonomy":"category","embeddable":true,"href":"https:\/\/staging.laprensanic.com\/magazine\/wp-json\/wp\/v2\/categories?post=48707"},{"taxonomy":"post_tag","embeddable":true,"href":"https:\/\/staging.laprensanic.com\/magazine\/wp-json\/wp\/v2\/tags?post=48707"}],"curies":[{"name":"wp","href":"https:\/\/api.w.org\/{rel}","templated":true}]}}