{"id":48736,"date":"2010-12-12T10:21:26","date_gmt":"2010-12-12T16:21:26","guid":{"rendered":"http:\/\/gep90.laprensa.com.ni\/magazine\/?p=48736"},"modified":"2019-09-30T13:22:41","modified_gmt":"2019-09-30T19:22:41","slug":"adan-torres-el-nica-que-escribio-almohada","status":"publish","type":"post","link":"https:\/\/staging.laprensanic.com\/magazine\/reportajes\/adan-torres-el-nica-que-escribio-almohada\/","title":{"rendered":"Ad\u00e1n Torres: el nica que escribi\u00f3 Almohada"},"content":{"rendered":"<p style=\"text-align: center;\"><em>Almohada<\/em>, la canci\u00f3n rom\u00e1ntica que hizo famosa internacionalmente el mexicano Jos\u00e9 Jos\u00e9, fue escrita por un nicarag\u00fcense en una noche de soledad. La canci\u00f3n del nicarag\u00fcense Ad\u00e1n Torres ha sido interpretada adem\u00e1s por cantantes de la talla de Pepe Aguilar, Tito Nieves, Cristian Castro y<br \/>\nMarc Antony. Tres d\u00e9cadas despu\u00e9s, <em>Magazine<\/em> conversa con su autor<\/p>\n<p style=\"text-align: center;\"><strong>Tania Sirias<\/strong><br \/>\n<strong>Fotos: Cortes\u00eda, Guillermo Flores<\/strong><\/p>\n<p>Esta es una canci\u00f3n que ustedes convirtieron en \u00e9xito rotundo: <em>Almohada<\/em>. Una cerrada ovaci\u00f3n apaga la voz del Pr\u00edncipe de la Canci\u00f3n Rom\u00e1ntica, Jos\u00e9 Jos\u00e9, que tan pronto comienza a cantar acalla por completo a la multitud: \u00abAmor como el nuestro no hay dos en la vida&#8230;\u00bb<\/p>\n<p>Sin embargo, pocos saben que esta canci\u00f3n que ha sido un himno al amor durante d\u00e9cadas fue escrita por el nicarag\u00fcense Ad\u00e1n Torres, en una historia que ahora <em>Magazine<\/em> cuenta completa.<\/p>\n<p>La primera vez que se internacionaliz\u00f3 fue en la voz del Pr\u00edncipe de la Canci\u00f3n Rom\u00e1ntica, Jos\u00e9 Jos\u00e9, en versi\u00f3n ranchera con Pepe Aguilar, un merengue suave con Tito Nieves, una salsa interpretada por Marc Antony, y la \u00faltima una balada de Cristian Castro.<\/p>\n<p>Han pasado 35 a\u00f1os de aquella noche, cuando Ad\u00e1n Torres se inspirara en un momento de soledad al recordar a su esposa Marina Moncada, al buscarla en su cama y solo encontrase con la almohada.<\/p>\n<p>Su historia comienza en Los \u00c1ngeles, una noche de 1975 cuando \u00e9l so\u00f1aba con su esposa. Ese sue\u00f1o adem\u00e1s de ser casi perceptible, fue lo que lo inspir\u00f3 a realizar una de las canciones m\u00e1s rom\u00e1nticas de estos tiempos.<\/p>\n<p>\u00abEstaba estudiando un curso t\u00e9cnico automotriz en los Estados Unidos. Yo ya estaba casado, y extra\u00f1aba mucho a mi esposa\u00bb, dice el autor. Pero esa noche solo escribi\u00f3 la mitad de la canci\u00f3n, la que termin\u00f3 dos a\u00f1os despu\u00e9s para inscribirla en el Festival de la Canci\u00f3n OTI de 1977.<\/p>\n<figure id=\"attachment_48738\" aria-describedby=\"caption-attachment-48738\" style=\"width: 400px\" class=\"wp-caption aligncenter\"><a href=\"https:\/\/gep90.laprensa.com.ni\/magazine\/wp-content\/uploads\/2019\/09\/175.jpg\"><img fetchpriority=\"high\" decoding=\"async\" class=\"wp-image-48738\" src=\"https:\/\/gep90.laprensa.com.ni\/magazine\/wp-content\/uploads\/2019\/09\/175.jpg\" alt=\"\" width=\"400\" height=\"536\" srcset=\"https:\/\/d1xxa24wwackpg.cloudfront.net\/wp-content\/uploads\/2019\/09\/175.jpg 720w, https:\/\/d1xxa24wwackpg.cloudfront.net\/wp-content\/uploads\/2019\/09\/175.jpg 224w\" sizes=\"(max-width: 400px) 100vw, 400px\" \/><\/a><figcaption id=\"caption-attachment-48738\" class=\"wp-caption-text\">La familia Torres Moncada, compuesta por Ad\u00e1n y Marina, junto con sus hijos Carmen Marina, Mar\u00eda Ver\u00f3nica y Jorge Ad\u00e1n. Sentados sus nietos Robert Hedrick Torres y Sof\u00eda Mart\u00ednez Torres.<\/figcaption><\/figure>\n<p style=\"text-align: center;\">***<\/p>\n<p>Una c\u00e1lida voz responde el tel\u00e9fono desde Los \u00c1ngeles, es Marina Moncada, la musa inspiradora de Ad\u00e1n Torres. \u00abYo puedo contarte la historia de nuestras vidas, ya que a estas alturas ya somos uno mismo, pero voy a dejar que \u00e9l la cuente\u00bb, dice como una forma de introducci\u00f3n.<\/p>\n<p>No obstante, agrega que se cas\u00f3 a los 19 a\u00f1os de edad, y ya tienen 40 a\u00f1os de matrimonio. En esas cuatro d\u00e9cadas pocas veces se han separado.<\/p>\n<p><strong>Lea tambi\u00e9n: <a href=\"https:\/\/gep90.laprensa.com.ni\/magazine\/reportaje\/los-locos-anos-60\/\">Los locos a\u00f1os 60<\/a><\/strong><\/p>\n<p>El mayor tiempo que permanecieron distanciados fue en 1975, cuando Torres estaba estudiando una carrera t\u00e9cnica en Estados Unidos y fue donde se inspir\u00f3 para escribir el tema <em>Almohada<\/em>.<\/p>\n<p>Sonr\u00ede al preguntarle qu\u00e9 siente al escuchar ese tema que fue escrito para ella, y que ahora suena en diferentes voces y con distintos arreglos musicales.<\/p>\n<p>\u00abEs una bella canci\u00f3n, me emociono tanto cuando la escucho, me encanta la versi\u00f3n de Cristian Castro. \u00a1Qu\u00e9 voz la de ese muchacho!\u00bb<\/p>\n<p>\u00abCada vez que escucho<em> Almohada<\/em>, ya sea directo de Ad\u00e1n con su guitarra ac\u00fastica, en la radio o en la televisi\u00f3n, siento que es la primera vez que la escucho. Admiro y respeto mucho el talento de Ad\u00e1n y creo poder separar mi admiraci\u00f3n por \u00e9l y su m\u00fasica, del hecho de ser su esposa\u00bb.<\/p>\n<p>De ese matrimonio nacieron tres hijos: Carmen Marina, Mar\u00eda Ver\u00f3nica y Jorge Ad\u00e1n Torres, quien le sigue los pasos a su padre en la m\u00fasica.<\/p>\n<p>\u00abEstoy muy orgullosa de mi hijo, soy su fan n\u00famero uno\u00bb, dice Marina quien se despide r\u00e1pidamente porque va de salida.<\/p>\n<p style=\"text-align: center;\">***<\/p>\n<p>Ad\u00e1n Torres estuvo recientemente de cumplea\u00f1os, naci\u00f3 el primero de diciembre de 1945. A sus 65 a\u00f1os tiene dos nietos: Robert Thomas Hedrick Torres, su primer nieto, hijo de Carmen Marina, y Sof\u00eda Ver\u00f3nica Mart\u00ednez Torres, hija de Mar\u00eda Ver\u00f3nica.<\/p>\n<p>Comenta que est\u00e1 por retirarse de Vons, una compa\u00f1\u00eda de productos l\u00e1cteos y cadena de supermercados. Al jubilarse quiere continuar escribiendo y componiendo canciones, lo cual siempre ha sido su pasi\u00f3n.<\/p>\n<p>Relata que quienes insistieron para que inscribiera el tema <em>Almohada<\/em> en el festival OTI de la Canci\u00f3n fueron sus suegros y cu\u00f1ados pues estaban seguros que pod\u00eda ganar el primer lugar.<\/p>\n<p>\u00abLes dije que todav\u00eda no estaba completa y que le hac\u00eda falta la segunda parte, pero un d\u00eda que fui a una de las tertulias de la tarde de agosto, en la verbenas que hac\u00eda do\u00f1a Hope (Portocarrero) frente a la UCA, se me vino de pronto la inspiraci\u00f3n\u00bb.<\/p>\n<p>\u00abEstaba bailando con Marina un rato y me acord\u00e9 del tiempo en el que \u00e9ramos novios y mis suegros no me quer\u00edan. Como sent\u00ed que la canci\u00f3n ya estaba completa la met\u00ed en el festival\u00bb, narra Torres al tel\u00e9fono desde la ciudad de Los \u00c1ngeles.<\/p>\n<p>Se present\u00f3 con el seud\u00f3nimo del \u00abTriste 7\u00bb, ya que un compa\u00f1ero de trabajo le dijo que <em>El triste<\/em> era un tema de Jos\u00e9 Jos\u00e9, as\u00ed que le recomend\u00f3 agregar el 7. Torres a\u00f1ade que jam\u00e1s pens\u00f3 que alg\u00fan d\u00eda el cantante mexicano iba a llegar a cantar su canci\u00f3n.<\/p>\n<p>\u00abA m\u00ed me pareci\u00f3 bien ponerle el 7, ya que como era boerista desde ni\u00f1o y cuando jugaban los equipos en Managua, el Le\u00f3n, el Oriental, el inning de la suerte del B\u00f3er era el 7\u00bb, agrega.<\/p>\n<p>Esa canci\u00f3n la interpret\u00f3 Mauricio Pe\u00f1a, quien ahora vive en Miami, y fue seleccionado por Torres porque era un buen cantante, pero adem\u00e1s porque hab\u00edan sido compa\u00f1eros de clases en el colegio Bautista de Managua. Ese a\u00f1o, la canci\u00f3n <em>Almohada<\/em> qued\u00f3 apenas en el cuarto lugar del festival OTI Nicaragua, y gan\u00f3 el tema <em>Quincho Barrilete<\/em>, de Carlos Mej\u00eda Godoy, que luego ganar\u00eda la OTI Internacional. A\u00fan as\u00ed, <em>Almohada<\/em> tuvo el m\u00e9rito de estar entre las diez canciones seleccionadas de las 200 inscritas en el concurso local.<\/p>\n<p style=\"text-align: center;\">***<\/p>\n<p>Quiz\u00e1s al escuchar el tema <em>Almohada<\/em>, pocos lo relacionen con Ad\u00e1n Torres, pero este m\u00fasico nicarag\u00fcense formaba parte de la famosa banda Los Rockets, de la vieja Managua.<\/p>\n<p>El maestro Ricardo Palma se encuentra retirado de los escenarios, ya no brinda entrevista, pues dice estar cansado de la far\u00e1ndula. Sin embargo hace una excepci\u00f3n por tratarse de su amigo Ad\u00e1n Torres.<\/p>\n<p><strong>Le tambi\u00e9n: <a href=\"https:\/\/gep90.laprensa.com.ni\/magazine\/reportaje\/historias-de-amor-y-desamor\/\">Historias de amor y desamor<\/a><\/strong><\/p>\n<p>\u00abConoc\u00ed a Ad\u00e1n en el colegio Bautista en 1960 cuando mi pap\u00e1 me castig\u00f3, seg\u00fan \u00e9l, meti\u00e9ndome a ese colegio porque me aplazaron en Catecismo en el colegio Calasanz, estaba en primer a\u00f1o de secundaria. Para esa \u00e9poca ya estaban de moda Elvis Presley, Paul Anka y toda esa camada de buenos cantantes\u00bb, narra el maestro Palma.<\/p>\n<p>Al escucharlo cantar canciones de Presley y como \u00e9l ya tocaba guitarra y piano, se entusiasma por la beatleman\u00eda y le propone que conforme un grupo. Torres acepta.<\/p>\n<p>\u00ab\u00c9ramos la sensaci\u00f3n del colegio&#8230; yo no s\u00e9 c\u00f3mo me bachiller\u00e9\u00bb, dice Palma.<\/p>\n<p>\u2014\u00bfCu\u00e1nto tiempo estuvo con Los Rockets?<\/p>\n<p>Ad\u00e1n estuvo con Los Rockets del a\u00f1o 1964 hasta como e1 66 o 67, pues \u00e9l se cas\u00f3 y ya no quiso seguir tocando. Seguro se lo prohibi\u00f3 su esposa, a lo mejor por celos, pues \u00e9l era muy perseguido por las muchachas.<\/p>\n<p>\u2014\u00bfQu\u00e9 instrumento tocaba?<\/p>\n<p>Cuando lo conoc\u00ed \u00e9l no tocaba ning\u00fan instrumento, entonces comenc\u00e9 a ense\u00f1arle a tocar la guitarra, que por cierto, como \u00e9l es zurdo le ense\u00f1\u00e9 a tocar a la derecha y eso le dio un poco de problema, pero le puso empe\u00f1o y lo logr\u00f3. Entonces \u00e9l cantaba y tocaba la guitarra.<\/p>\n<p>\u2014\u00bfC\u00f3mo era la relaci\u00f3n con \u00e9l?<\/p>\n<p>Era una relaci\u00f3n de hermanos. Nos respet\u00e1bamos y nos quer\u00edamos mucho. \u00c9l es una persona, por lo menos en aquellos momentos, muy noble y de buenos sentimientos, ahora no s\u00e9\u00bb, dice entre risas, pues afirma que tiene a\u00f1os de no verlo. \u00abAd\u00e1n es de alto calibre\u00bb, dice al despedirse.<\/p>\n<div id='gallery-1' class='gallery galleryid-48736 gallery-columns-3 gallery-size-thumbnail'><figure class='gallery-item'>\n\t\t\t<div class='gallery-icon portrait'>\n\t\t\t\t<a href='https:\/\/staging.laprensanic.com\/magazine\/reportajes\/adan-torres-el-nica-que-escribio-almohada\/attachment\/el-nica-tras-%ef%80%a0-la-almuhada4\/'><img decoding=\"async\" width=\"150\" height=\"150\" src=\"https:\/\/d1xxa24wwackpg.cloudfront.net\/wp-content\/uploads\/2019\/09\/El-nica-Tras-%EF%80%A0-la-almuhada4.jpg\" class=\"attachment-thumbnail size-thumbnail\" alt=\"\" aria-describedby=\"gallery-1-48742\" srcset=\"https:\/\/d1xxa24wwackpg.cloudfront.net\/wp-content\/uploads\/2019\/09\/El-nica-Tras-%EF%80%A0-la-almuhada4.jpg 150w, https:\/\/d1xxa24wwackpg.cloudfront.net\/wp-content\/uploads\/2019\/09\/El-nica-Tras-%EF%80%A0-la-almuhada4.jpg 600w, https:\/\/d1xxa24wwackpg.cloudfront.net\/wp-content\/uploads\/2019\/09\/El-nica-Tras-%EF%80%A0-la-almuhada4.jpg 24w, https:\/\/d1xxa24wwackpg.cloudfront.net\/wp-content\/uploads\/2019\/09\/El-nica-Tras-%EF%80%A0-la-almuhada4.jpg 48w, https:\/\/d1xxa24wwackpg.cloudfront.net\/wp-content\/uploads\/2019\/09\/El-nica-Tras-%EF%80%A0-la-almuhada4.jpg 96w\" sizes=\"(max-width: 150px) 100vw, 150px\" \/><\/a>\n\t\t\t<\/div>\n\t\t\t\t<figcaption class='wp-caption-text gallery-caption' id='gallery-1-48742'>\n\t\t\t\tLos Rockets, Octavio Borge, Ad\u00e1n Torres, Armando Paladino y Ricardo Palma.\n\t\t\t\t<\/figcaption><\/figure><figure class='gallery-item'>\n\t\t\t<div class='gallery-icon landscape'>\n\t\t\t\t<a href='https:\/\/staging.laprensanic.com\/magazine\/reportajes\/adan-torres-el-nica-que-escribio-almohada\/attachment\/el-nica-tras-%ef%80%a0-la-almuhada2\/'><img decoding=\"async\" width=\"150\" height=\"150\" src=\"https:\/\/d1xxa24wwackpg.cloudfront.net\/wp-content\/uploads\/2019\/09\/El-nica-Tras-%EF%80%A0-la-almuhada2.jpg\" class=\"attachment-thumbnail size-thumbnail\" alt=\"\" aria-describedby=\"gallery-1-48741\" srcset=\"https:\/\/d1xxa24wwackpg.cloudfront.net\/wp-content\/uploads\/2019\/09\/El-nica-Tras-%EF%80%A0-la-almuhada2.jpg 150w, https:\/\/d1xxa24wwackpg.cloudfront.net\/wp-content\/uploads\/2019\/09\/El-nica-Tras-%EF%80%A0-la-almuhada2.jpg 600w, https:\/\/d1xxa24wwackpg.cloudfront.net\/wp-content\/uploads\/2019\/09\/El-nica-Tras-%EF%80%A0-la-almuhada2.jpg 24w, https:\/\/d1xxa24wwackpg.cloudfront.net\/wp-content\/uploads\/2019\/09\/El-nica-Tras-%EF%80%A0-la-almuhada2.jpg 48w, https:\/\/d1xxa24wwackpg.cloudfront.net\/wp-content\/uploads\/2019\/09\/El-nica-Tras-%EF%80%A0-la-almuhada2.jpg 96w\" sizes=\"(max-width: 150px) 100vw, 150px\" \/><\/a>\n\t\t\t<\/div>\n\t\t\t\t<figcaption class='wp-caption-text gallery-caption' id='gallery-1-48741'>\n\t\t\t\tLa boda de Ad\u00e1n Torres y Marina Moncada, hace 40 a\u00f1os. \n\t\t\t\t<\/figcaption><\/figure><figure class='gallery-item'>\n\t\t\t<div class='gallery-icon landscape'>\n\t\t\t\t<a href='https:\/\/staging.laprensanic.com\/magazine\/reportajes\/adan-torres-el-nica-que-escribio-almohada\/attachment\/el-nica-tras-%ef%80%a0-la-almuhada3\/'><img loading=\"lazy\" decoding=\"async\" width=\"150\" height=\"150\" src=\"https:\/\/d1xxa24wwackpg.cloudfront.net\/wp-content\/uploads\/2019\/09\/El-nica-Tras-%EF%80%A0-la-almuhada3.jpg\" class=\"attachment-thumbnail size-thumbnail\" alt=\"\" aria-describedby=\"gallery-1-48740\" srcset=\"https:\/\/d1xxa24wwackpg.cloudfront.net\/wp-content\/uploads\/2019\/09\/El-nica-Tras-%EF%80%A0-la-almuhada3.jpg 150w, https:\/\/d1xxa24wwackpg.cloudfront.net\/wp-content\/uploads\/2019\/09\/El-nica-Tras-%EF%80%A0-la-almuhada3.jpg 24w, https:\/\/d1xxa24wwackpg.cloudfront.net\/wp-content\/uploads\/2019\/09\/El-nica-Tras-%EF%80%A0-la-almuhada3.jpg 48w, https:\/\/d1xxa24wwackpg.cloudfront.net\/wp-content\/uploads\/2019\/09\/El-nica-Tras-%EF%80%A0-la-almuhada3.jpg 96w\" sizes=\"(max-width: 150px) 100vw, 150px\" \/><\/a>\n\t\t\t<\/div>\n\t\t\t\t<figcaption class='wp-caption-text gallery-caption' id='gallery-1-48740'>\n\t\t\t\tDepartiendo Ad\u00e1n Torres, su esposa Marina y Luis Enrique, el salsero. \n\t\t\t\t<\/figcaption><\/figure><figure class='gallery-item'>\n\t\t\t<div class='gallery-icon landscape'>\n\t\t\t\t<a href='https:\/\/staging.laprensanic.com\/magazine\/reportajes\/adan-torres-el-nica-que-escribio-almohada\/attachment\/el-nica-tras-%ef%80%a0-la-almuhada5\/'><img loading=\"lazy\" decoding=\"async\" width=\"150\" height=\"150\" src=\"https:\/\/d1xxa24wwackpg.cloudfront.net\/wp-content\/uploads\/2019\/09\/El-nica-Tras-%EF%80%A0-la-almuhada5.jpg\" class=\"attachment-thumbnail size-thumbnail\" alt=\"\" aria-describedby=\"gallery-1-48739\" srcset=\"https:\/\/d1xxa24wwackpg.cloudfront.net\/wp-content\/uploads\/2019\/09\/El-nica-Tras-%EF%80%A0-la-almuhada5.jpg 150w, https:\/\/d1xxa24wwackpg.cloudfront.net\/wp-content\/uploads\/2019\/09\/El-nica-Tras-%EF%80%A0-la-almuhada5.jpg 600w, https:\/\/d1xxa24wwackpg.cloudfront.net\/wp-content\/uploads\/2019\/09\/El-nica-Tras-%EF%80%A0-la-almuhada5.jpg 24w, https:\/\/d1xxa24wwackpg.cloudfront.net\/wp-content\/uploads\/2019\/09\/El-nica-Tras-%EF%80%A0-la-almuhada5.jpg 48w, https:\/\/d1xxa24wwackpg.cloudfront.net\/wp-content\/uploads\/2019\/09\/El-nica-Tras-%EF%80%A0-la-almuhada5.jpg 96w\" sizes=\"(max-width: 150px) 100vw, 150px\" \/><\/a>\n\t\t\t<\/div>\n\t\t\t\t<figcaption class='wp-caption-text gallery-caption' id='gallery-1-48739'>\n\t\t\t\tEl m\u00fasico nicarag\u00fcense Ad\u00e1n Torres durante una presentaci\u00f3n en Los \u00c1ngeles.  \n\t\t\t\t<\/figcaption><\/figure>\n\t\t<\/div>\n\n<p style=\"text-align: center;\">***<\/p>\n<p>Al concluir el Festival OTI en 1977, ya no eran secreto los autores de las canciones que se presentaron. Una en particular llam\u00f3 la atenci\u00f3n de la cantante mexicana Lupita D&#8217;Alessio, una de las jueces de esa noche.<\/p>\n<p>Ad\u00e1n Torres narra que un muchacho le dijo que Lupita D&#8217;Alessio quer\u00eda hablar con \u00e9l, y que corriera porque ella estaba esperando en el escenario.<\/p>\n<p><strong>Le tambi\u00e9n: <a href=\"https:\/\/gep90.laprensa.com.ni\/magazine\/reportaje\/los-anos-de-la-oti\/\">Los a\u00f1os de la OTI<\/a><\/strong><\/p>\n<p>\u00abAl llegar, ella me extendi\u00f3 su mano y me dijo: &#8216;Que canci\u00f3n m\u00e1s bella, no debi\u00f3 quedar en cuarto lugar, pero bueno yo s\u00e9 qui\u00e9n se la hace primer lugar, no aqu\u00ed en este festival ni en Nicaragua, sino en el mundo entero\u00bb&#8216;, le dijo al terminar el Festival.<\/p>\n<p>\u00ab\u00bfQui\u00e9n?\u00bb, pregunt\u00f3 Torres y ella respondi\u00f3: \u00abJos\u00e9 Jos\u00e9, yo voy hablar con \u00e9l sobre esta canci\u00f3n\u00bb.<\/p>\n<p>Esa noche intercambiaron tel\u00e9fonos, pas\u00f3 el tiempo y no hubo respuesta, hasta que un a\u00f1o despu\u00e9s lleg\u00f3 Jos\u00e9 Jos\u00e9 a Nicaragua en abril de 1978, promoviendo su disco <em>Volc\u00e1n.<\/em><\/p>\n<p>\u00abRecuerdo que en esa visita Jos\u00e9 Jos\u00e9 dio unas declaraciones en la radio donde \u00e9l dec\u00eda: `\u00bfY aqu\u00ed est\u00e1n en guerra? Aqu\u00ed no est\u00e1 pasando nada&#8217;. Pero \u00e9l no viv\u00eda en Nicaragua, no sab\u00eda c\u00f3mo estaba la situaci\u00f3n. Hab\u00edan momentos donde se calmaban las cosas\u00bb, cuenta Ad\u00e1n Torres.<\/p>\n<p>Al saber de la visita del cantante mexicano se fue a buscarlo en compa\u00f1\u00eda de su esposa Marina al Hotel Camino Real, pero el muchacho que atend\u00eda en el lobby les dijo que Jos\u00e9 Jos\u00e9 ya se hab\u00eda ido, ya no estaba en Nicaragua.<\/p>\n<p>Ad\u00e1n Torres quien cargaba su guitarra al hombro le dijo a su esposa: \u00abLlegamos tarde Marina\u00bb.<br \/>\nCuando iban caminando al parqueo buscando el carro, los sigui\u00f3 un taxista, \u00abuno de esos \u00e1ngeles que pone Dios en el camino\u00bb, dice el autor de <em>Almohada<\/em>, y les dijo: \u00abNo se vayan, les mintieron, yo voy a ir a traerlo a la discoteca Infinito, para luego llevarlo al Lobo Jack\u00bb.<\/p>\n<p>Luego de esas palabras regresaron al hotel y esperaron hasta que lleg\u00f3 Jos\u00e9 Jos\u00e9.<\/p>\n<p>\u00abCuando lo vi, me levant\u00e9 con la guitarra a mano y desde que \u00e9l me vio se vino directamente donde m\u00ed y me abraz\u00f3\u00bb, recuerda 32 a\u00f1os despu\u00e9s.<\/p>\n<p>\u2014En qu\u00e9 puedo servirle \u2014le dijo Jos\u00e9 Jos\u00e9.<\/p>\n<p>\u2014Yo tengo una canci\u00f3n que quiero que escuche.<\/p>\n<p>\u2014Oh, en este momento no puedo escucharla, si andas un casete se lo das a mi m\u00e1nager.<\/p>\n<p>\u2014No la tengo grabada, solo ando mi guitarra.<\/p>\n<p>\u2014En este momento no tengo tiempo, debo vestirme para una presentaci\u00f3n.<\/p>\n<p>Al ver que perd\u00eda la oportunidad de su vida, Ad\u00e1n Torres se acord\u00f3 de la persona que pod\u00eda ayudarlo.<\/p>\n<p>\u2014Una persona importante me dijo que hablara con usted.<\/p>\n<p>\u2014\u00bfQui\u00e9n? \u2014pregunt\u00f3 Jos\u00e9 Jos\u00e9.<\/p>\n<p>\u2014Lupita D&#8217;Alessio, ella me dijo que hablara con usted.<\/p>\n<p>\u00abCuando dije eso, \u00e9l me dijo v\u00e9ngase conmigo para el cuarto y que esper\u00e1ramos mientras \u00e9l se cambiaba. Cuando sali\u00f3 del ba\u00f1o estaba vestido con un traje blanco, se sent\u00f3 en la cama y me dijo que se la cantara\u00bb.<\/p>\n<p>Recuerda que mientras la estaba cantando, Jos\u00e9 Jos\u00e9 se volvi\u00f3 a ver con el m\u00e1nager y le dijo: \u00abEsperate no la sigas cantando, la vamos a grabar. Sac\u00f3 de su maleta una grabadora casete, pidi\u00f3 mi nombre, y el tema de la canci\u00f3n\u00bb.<\/p>\n<p>Meti\u00f3 el casete y dijo: \u00abEl se\u00f1or Ad\u00e1n Torres con su canci\u00f3n <em>Almohada<\/em>, acto seguido comenz\u00f3 a cantar.<\/p>\n<p>Ad\u00e1n Torres le pregunt\u00f3 si iba a grabarla y Jos\u00e9 Jos\u00e9 le respondi\u00f3 que todo depend\u00eda de su sello disquero.<\/p>\n<p>\u00abMe ense\u00f1\u00f3 cientos de canciones que les hab\u00edan dado gente de Guatemala, Honduras y de otros pa\u00edses. Le dije a mi esposa: le gust\u00f3 la canci\u00f3n, as\u00ed que vamos a ir a celebrar al Infinito. Cuando llegamos a la casa, Jackeline, hermana de mi esposa, me dijo que Jos\u00e9 Jos\u00e9 hab\u00eda llamado desde Guatemala, y que quer\u00eda hablar conmigo\u00bb.<\/p>\n<p>En mayo de ese a\u00f1o recibi\u00f3 una llamada diciendo que la canci\u00f3n la iba a grabar Jos\u00e9 Jos\u00e9 pero despu\u00e9s se perdi\u00f3 la comunicaci\u00f3n.<\/p>\n<p>El 17 de julio de 1979 el pa\u00eds ard\u00eda por revoluci\u00f3n, ese d\u00eda Somoza deja la Presidencia, y como muchos nicarag\u00fcenses Ad\u00e1n Torres sale del pa\u00eds con toda su familia rumbo a Los \u00c1ngeles.<\/p>\n<p>\u00abMe fui con toda mi familia al aeropuerto y ah\u00ed estuvimos esperando hasta que consegu\u00ed cupos. Hab\u00edan un poco m\u00e1s de 200 personas esperando salir del pa\u00eds, y yo cargaba a mis hijas y mi guitarra. Recuerdo que tuvimos que dormir una noche en el aeropuerto ya que primero iban saliendo los militares, coroneles y ministros\u00bb.<\/p>\n<p>\u00abDimos gracias a Dios cuando llam\u00f3 un se\u00f1or de Matagalpa y cancel\u00f3 pues por motivos de la guerra no pod\u00eda salir. Luego llam\u00f3 otra se\u00f1ora de Le\u00f3n, y nos dieron esas dos sillas en el avi\u00f3n\u00bb.<\/p>\n<p>Estando todav\u00eda en el aeropuerto de Nicaragua la gente como para alivianar el estr\u00e9s por la espera y la guerra, le pidieron a Ad\u00e1n Torres que cantara.<\/p>\n<p>\u00abLes dije que iba a tocar la guitarra y que mis hijas \u2014las que ten\u00edan para ese tiempo 7 y 8 a\u00f1os\u2014 iban a cantar la canci\u00f3n <em>Almohada<\/em> en dos voces. Al terminar de cantar vi que todo el mundo estaba llorando\u00bb.<\/p>\n<p>Un periodista mexicano que le estaba dando cobertura a la guerra le dijo que \u00e9l hab\u00eda escuchado esa canci\u00f3n en voz de Jos\u00e9 Jos\u00e9 en su \u00faltimo disco LP, que lo ten\u00eda en el hotel y que al d\u00eda siguiente se lo iba a llevar.<\/p>\n<p>No hubo tiempo, esa noche Ad\u00e1n Torres sali\u00f3 rumbo a Miami donde hicieron escala, ya que el destino final eran Los \u00c1ngeles.<\/p>\n<p style=\"text-align: center;\">***<\/p>\n<p>La historia de Ad\u00e1n Torres ha servido de inspiraci\u00f3n para muchos artistas nicarag\u00fcenses que viven en el extranjero, y uno ellos es el salsero Sergio D&#8217; Fern\u00e1ndez. Se conocen en la casa de su amigo Fernando Vargas a principio de los a\u00f1os 90, en una fiesta a la que asisti\u00f3 con su esposa Marina Moncada en la ciudad de Los \u00c1ngeles.<\/p>\n<p>Fernando Vargas fue quien le dijo que Ad\u00e1n era cantautor y que Jos\u00e9 Jos\u00e9 hab\u00eda interpretado su canci\u00f3n <em>Almohada<\/em>. Luego de esa formal presentaci\u00f3n pudo disfrutar de la velada pues Ad\u00e1n sac\u00f3 su guitarra y empez\u00f3 a cantar la famosa canci\u00f3n.<\/p>\n<p>\u00abQued\u00e9 fascinado en la forma que la interpretaba, despu\u00e9s cant\u00f3 una canci\u00f3n que escribi\u00f3 para la comunidad cubana en Miami y fue cuando pens\u00e9, alg\u00fan d\u00eda debo interpretarla\u00bb.<\/p>\n<p>Sergio naci\u00f3 en Canad\u00e1, pero sus padres son nicarag\u00fcenses. Su vida art\u00edstica la ha desarrollado en Los \u00c1ngeles, y su mercado han sido sus compatriotas.<\/p>\n<p>Comenta que la vida de Ad\u00e1n Torres ha sido muy dif\u00edcil, como la de todos los nicarag\u00fcenses que han emigrado a Estados Unidos. Adem\u00e1s lo describe como un hombre muy trabajador y muy apegado a su familia.<\/p>\n<p>\u00abEs un hombre de familia en todo el sentido de la palabra, es un buen esposo y padre, muy trabajador, extremadamente humilde. Pareciera un hombre callado, pero al contrario es muy alegre con sus amistades, y un verdadero amigo que siempre est\u00e1 al tanto de los que lo rodean\u00bb.<\/p>\n<p>Este salsero de origen nicarag\u00fcense afirma sentirse inspirado por la m\u00fasica de Ad\u00e1n Torres, pues todas las canciones que \u00e9l escribe se tratan de la vida, el amor, de lo que lo rodea d\u00eda a d\u00eda y en especial cuando escribe canciones con sabor nicarag\u00fcense.<\/p>\n<p>\u00abAl escucharlo cantar uno puede sentir el aroma a le\u00f1a quem\u00e1ndose, a la distancia, \u00e9l nos transporta a nuestra linda Nicaragua\u00bb, dice el salsero.<\/p>\n<p>La cantante Lya Barrioz tambi\u00e9n es una artista que se siente inspirada por la vida de este personaje. \u00abNo lo conoc\u00ed personalmente, ya que \u00e9l se encuentra fuera del pa\u00eds. Reconozco que yo era una de la tantas personas que no sab\u00edan que el int\u00e9rprete era nicarag\u00fcense, fue hasta cuando ingres\u00e9 a Macolla y hablando con el director Andr\u00e9s S\u00e1nchez, que lo conoce, me cont\u00f3 la historia rom\u00e1ntica que hay detr\u00e1s de la canci\u00f3n\u00bb.<\/p>\n<p>Desde entonces cada vez que Lya Barrioz interpreta esta canci\u00f3n en los conciertos, habla un poco de su autor. Ambos artistas planean hacer un d\u00fao y para eso ya cuentan con el permiso de su autor.<\/p>\n<p style=\"text-align: center;\">***<\/p>\n<p>El 19 de julio de 1979, Ad\u00e1n Torres amaneci\u00f3 con toda su familia en Los \u00c1ngeles, y lo primero que hizo luego de desempacar maletas fue ir a una disco y buscar el \u00e1lbum de Jos\u00e9 Jos\u00e9 para saber si este hab\u00eda grabado su tema <em>Almohada<\/em>.<\/p>\n<p>\u00abFuimos a buscar el disco en una discoteca latina que estaba al oeste de Los \u00c1ngeles\u00bb, comenta. Hace 30 a\u00f1os eran pocos los comercios latinos en Estados Unidos. Encontr\u00f3 el disco, pero no supo de Jos\u00e9 Jos\u00e9 hasta dos a\u00f1os despu\u00e9s, en 1981, cuando se enter\u00f3 por la radio Amor que el int\u00e9rprete de <em>El triste<\/em> estaba grabando un disco en Los \u00c1ngeles.<\/p>\n<p>\u00abJos\u00e9 Jos\u00e9 estaba grabando en el estudio M&amp;M que era el mejor en esos tiempos, y era el m\u00e1s caro. Me encontr\u00e9 con \u00e9l, y me dijo: &#8216;Te cre\u00edamos muerto por lo de la guerra'\u00bb.<\/p>\n<p>Luego de ese encuentro comenzaron a pagarle por las regal\u00edas de la canci\u00f3n, y desde entonces las recibe cada tres meses.<\/p>\n<p>\u2014\u00bfVolvi\u00f3 a verse con Jos\u00e9 Jos\u00e9 despu\u00e9s de esa reuni\u00f3n en Los \u00c1ngeles?<\/p>\n<p>S\u00ed, nos vimos varias veces en el apartamento de su mam\u00e1 que vive en Los \u00c1ngeles, ah\u00ed conocimos a su esposa y sus hijos. Nos ve\u00edamos cuando \u00e9l se presentaba en la ciudad, cuando hac\u00eda sus shows.<\/p>\n<p>\u2014\u00bfSigue escribiendo canciones?<\/p>\n<p>Tengo algunos temas, e incluso quer\u00eda que las cantara Jos\u00e9 Jos\u00e9, pero enseguida se enferm\u00f3, y ya no volvi\u00f3 a recuperar la voz. A quien me encantar\u00eda darle unos temas es a Cristian Castro, pues interpreta la canci\u00f3n <em>Almohada<\/em> y lo hace muy bien, me gusta esa versi\u00f3n. Lo vi por internet y qu\u00e9 arreglo m\u00e1s lindo el que le hicieron a la canci\u00f3n.<\/p>\n<p>\u2014\u00bfRegres\u00f3 a Nicaragua despu\u00e9s del 79?<\/p>\n<p>Regres\u00e9 a Nicaragua 20 a\u00f1os despu\u00e9s, en 1999, ya en lo \u00faltimo del mandato de (Arnoldo) Alem\u00e1n, y luego regres\u00e9 en 2001, ya estaba (Enrique) Bola\u00f1os, y desde entonces no he vuelto a visitar mi pa\u00eds.<\/p>\n<p>\u2014\u00bfHa sido dura la vida en el extranjero?<\/p>\n<p>Es terrible \u2014dice al momento que su voz se quiebra en el tel\u00e9fono\u2014. Es triste estar tanto tiempo sin ver las monta\u00f1as, los lagos, los volcanes, la lluvia, sin comer las frutas, las cajetas, los dulces, sin ver a la gente. Yo cuando voy a Nicaragua no llego a ver a los pol\u00edticos sino a saborear la forma en que hablan, la forma del pueblo, irme a los mercados, escuchar el bullicio, hablar con las vivanderas, ver a mi pueblo en acci\u00f3n. Es una l\u00e1stima que los pol\u00edticos no han podido apreciar ni a su gente ni a sus paisajes. Nicaragua es un pa\u00eds hermoso\u00bb.<\/p>\n","protected":false},"excerpt":{"rendered":"<p>Almohada, la canci\u00f3n rom\u00e1ntica que hizo famosa internacionalmente el mexicano Jos\u00e9 Jos\u00e9, fue escrita por un nicarag\u00fcense en una noche de soledad. La canci\u00f3n del nicarag\u00fcense Ad\u00e1n Torres ha sido interpretada adem\u00e1s por cantantes de la talla de Pepe Aguilar, Tito Nieves, Cristian Castro y Marc Antony. Tres d\u00e9cadas despu\u00e9s, Magazine conversa con su autor<\/p>\n","protected":false},"author":46,"featured_media":48737,"comment_status":"open","ping_status":"open","sticky":false,"template":"","format":"standard","meta":{"_acf_changed":false,"footnotes":""},"categories":[26],"tags":[],"class_list":["post-48736","post","type-post","status-publish","format-standard","has-post-thumbnail","hentry","category-reportajes"],"acf":[],"_links":{"self":[{"href":"https:\/\/staging.laprensanic.com\/magazine\/wp-json\/wp\/v2\/posts\/48736","targetHints":{"allow":["GET"]}}],"collection":[{"href":"https:\/\/staging.laprensanic.com\/magazine\/wp-json\/wp\/v2\/posts"}],"about":[{"href":"https:\/\/staging.laprensanic.com\/magazine\/wp-json\/wp\/v2\/types\/post"}],"author":[{"embeddable":true,"href":"https:\/\/staging.laprensanic.com\/magazine\/wp-json\/wp\/v2\/users\/46"}],"replies":[{"embeddable":true,"href":"https:\/\/staging.laprensanic.com\/magazine\/wp-json\/wp\/v2\/comments?post=48736"}],"version-history":[{"count":7,"href":"https:\/\/staging.laprensanic.com\/magazine\/wp-json\/wp\/v2\/posts\/48736\/revisions"}],"predecessor-version":[{"id":48753,"href":"https:\/\/staging.laprensanic.com\/magazine\/wp-json\/wp\/v2\/posts\/48736\/revisions\/48753"}],"wp:featuredmedia":[{"embeddable":true,"href":"https:\/\/staging.laprensanic.com\/magazine\/wp-json\/wp\/v2\/media\/48737"}],"wp:attachment":[{"href":"https:\/\/staging.laprensanic.com\/magazine\/wp-json\/wp\/v2\/media?parent=48736"}],"wp:term":[{"taxonomy":"category","embeddable":true,"href":"https:\/\/staging.laprensanic.com\/magazine\/wp-json\/wp\/v2\/categories?post=48736"},{"taxonomy":"post_tag","embeddable":true,"href":"https:\/\/staging.laprensanic.com\/magazine\/wp-json\/wp\/v2\/tags?post=48736"}],"curies":[{"name":"wp","href":"https:\/\/api.w.org\/{rel}","templated":true}]}}