{"id":48792,"date":"2011-04-17T10:53:02","date_gmt":"2011-04-17T16:53:02","guid":{"rendered":"http:\/\/gep90.laprensa.com.ni\/magazine\/?p=48792"},"modified":"2019-12-11T11:50:02","modified_gmt":"2019-12-11T17:50:02","slug":"sor-maria-romero","status":"publish","type":"post","link":"https:\/\/staging.laprensanic.com\/magazine\/reportajes\/sor-maria-romero\/","title":{"rendered":"Sor Mar\u00eda Romero"},"content":{"rendered":"<p style=\"text-align: center;\">Sor Mar\u00eda Romero Meneses, la primera centroamericana camino a los altares, se dedic\u00f3 desde peque\u00f1a a asistir a los m\u00e1s pobres y siempre practic\u00f3 una fe ilimitada en Dios y en la Virgen Mar\u00eda, a quienes llam\u00f3 su \u00abRey\u00bb y su \u00abReina\u00bb. Pero no por eso escap\u00f3 de varios l\u00edos, ni siquiera de que, entre su propia congregaci\u00f3n, alg\u00fan tiempo la creyeran bruja<\/p>\n<p style=\"text-align: center;\"><strong>Arlen Cerda<\/strong><br \/>\n<strong>Fotos de La Prensa\/ Guillermo Flores, Archivo y Cortes\u00edas de la casa Natal de Sor Mar\u00eda Romero<\/strong><\/p>\n<p>Pudo ser entre 1924 y 1929. Lola Carazo Arellano era una ni\u00f1a de entre 9 y 13 a\u00f1os de edad y esa ma\u00f1ana pas\u00f3 por la capilla del colegio Mar\u00eda Auxiliadora, de Granada, tal como le hab\u00edan acostumbrado las religiosas. Quiz\u00e1 pens\u00f3 que har\u00eda una r\u00e1pida reverencia y se ir\u00eda, pero cuando vio a sor Mar\u00eda Romero rezando de rodillas frente al altar, prest\u00f3 un poco m\u00e1s de atenci\u00f3n y not\u00f3 que \u00abla monjita parec\u00eda que estaba en el aire\u00bb.<\/p>\n<p>Ren\u00e9 Sandino Arg\u00fcello, escritor apasionado sobre la historia de Granada, recre\u00f3 esa an\u00e9cdota en su libro <em>Granada, la desgranada<\/em>, y cuenta que seg\u00fan do\u00f1a Lolita \u00absor Mar\u00eda arrodillada se elevaba desde la banca hacia arriba, permaneciendo (as\u00ed) unos segundos y bajando luego\u00bb y, que al ver eso, la ni\u00f1a no resisti\u00f3 la curiosidad de preguntar a la religiosa qu\u00e9 es lo que hab\u00eda pasado.<\/p>\n<p>Asegura que sor Mar\u00eda no le explic\u00f3 nada y solo le dijo: \u00abCallate muchacha, no dig\u00e1s nada\u00bb. Y do\u00f1a Lolita cont\u00f3 esa historia a sus hijos hasta muchos a\u00f1os despu\u00e9s de que aquella religiosa salesiana muriera en julio de 1977, en olor de santidad, algunos a\u00f1os antes de que do\u00f1a Lolita tambi\u00e9n falleciera.<\/p>\n<p>De esa monjita ahora inmortalizada en una fotograf\u00eda en la que luce una leve sonrisa y una mirada melanc\u00f3lica tras unas gruesas gafas que la cubren aun m\u00e1s junto al h\u00e1bito negro que siempre visti\u00f3, dicen que adem\u00e1s de la levitaci\u00f3n, ten\u00eda el don de la bilocaci\u00f3n.<\/p>\n<p>En m\u00e1s de una ocasi\u00f3n diferentes personas aseguraron que la hab\u00edan visto y le hablaron, cuando otros sab\u00edan que en realidad ella estaba en otra parte, quiz\u00e1 al otro lado de la casa donde durante todo el d\u00eda atend\u00edan a gente pobre o incluso al otro lado de San Jos\u00e9, la capital costarricense, donde vivi\u00f3 m\u00e1s de 46 a\u00f1os.<\/p>\n<p>\u00abDec\u00edan que ella pod\u00eda estar en dos partes al mismo tiempo\u00bb, asegura Mercedes Gordillo, devota de la religiosa de origen nicarag\u00fcense que en abril del 2002 fue beatificada por el papa Juan Pablo II y es autora del libro <em>Sor Mar\u00eda Romero y los nicarag\u00fcenses<\/em>, del que pronto circular\u00e1 la cuarta edici\u00f3n.<\/p>\n<p>\u00abTambi\u00e9n que ten\u00eda los dones de la profec\u00eda y de la sanaci\u00f3n\u00bb, agrega la escritora quien confiesa que ella misma es testigo de la intercesi\u00f3n de sor Mar\u00eda para cumplir una \u00abnecesidad personal\u00bb y que en su libro detalla c\u00f3mo sor Mar\u00eda advirti\u00f3 sobre el terremoto que sufri\u00f3 Managua el 23 de diciembre de 1972 y m\u00e1s tarde de la guerra. Adem\u00e1s, ah\u00ed da cuenta de cientos de testimonios milagrosos de parte de nicarag\u00fcenses que se suman a otra lista extensamente similar en Costa Rica, donde en 1978 inici\u00f3 el proceso de canonizaci\u00f3n.<\/p>\n<p>Cualquiera creer\u00eda que una religiosa as\u00ed no pasa inadvertida, pero varios de quienes la conocieron aseguran que perfectamente pod\u00eda perderse entre el mont\u00f3n. Era una \u00abmonjita cualquier cosa\u00bb, como le llam\u00f3 el poeta y su amigo Pablo Antonio Cuadra, en el poema La Tribu, en el que \u00e9l ya advert\u00eda sus dones de santidad.<\/p>\n<p>Sor Melania Mart\u00ednez, tambi\u00e9n religiosa salesiana a cargo de la casa natal de la beata, en Granada, recuerda que \u00absor Mar\u00eda no llamaba la atenci\u00f3n, porque a simple vista era una hermana com\u00fan y corriente como las dem\u00e1s, que nunca fue directora de nada ni tampoco le gustaba figurar\u00bb.<\/p>\n<p>Sin embargo, la responsable de la casa que ahora es un sitio de peregrinaje y oraci\u00f3n, aclara que la determinaci\u00f3n de sor Mar\u00eda para atraer la atenci\u00f3n de las personas adineradas hacia las m\u00e1s pobres y la efectividad de sus oraciones que hicieron de los milagros un acontecimiento cotidiano durante su vida religiosa y que ahora la tienen camino a los altares, antes provocaron que algunos creyeran que ella era una bruja, que ten\u00eda poderes m\u00e1gicos y para evitar problemas sus superiores le prohibieron que hablara con la gente por casi todo un a\u00f1o, a mediados de los a\u00f1os cincuenta del siglo pasado.<\/p>\n<p style=\"text-align: center;\">***<\/p>\n<p>La casita con paredes de adobe, puertas de madera y techo de tejas, podr\u00eda ser una peque\u00f1a casa colonial m\u00e1s en el centro hist\u00f3rico de Granada.<\/p>\n<p>Su ubicaci\u00f3n \u2014una cuadra al sur de la Calle Real Xalteva, en la intersecci\u00f3n de la Calle Obispo Ulloa y de la Calle Estrada\u2014 ni siquiera es destacada. Incluso, hasta hace un par de d\u00e9cadas la zona era de las menos transitadas y por el deterioro de la casa, la misma hasta parec\u00eda abandonada.<\/p>\n<p>Pero ahora la casa est\u00e1 restaurada y es un centro de oraci\u00f3n y peregrinaje para cat\u00f3licos devotos de todo el mundo, principalmente centroamericanos, que llegan para conocer la casa natal de la beata nicarag\u00fcense, donde a\u00fan se pueden observar varias fotograf\u00edas y objetos personales y familiares. Tambi\u00e9n hay ah\u00ed una reliquia de la beata autorizada por la Iglesia, que consiste en un trozo de hueso de uno de los dedos de la religiosa, que es impuesto a los visitantes, sobre todo a quienes llegan enfermos.<\/p>\n<p>En la capilla donde permanentemente est\u00e1 expuesto el Sant\u00edsimo naci\u00f3 hace 109 a\u00f1os Mar\u00eda Romero Meneses. Un 13 de enero de 1902. Hija de F\u00e9lix Romero Arana y Ana Meneses Bland\u00f3n, fue la sexta de ocho hijos del matrimonio, aunque de ellos solo sobrevivieron seis: Matilde, Juan, ella, Basilia, Pastora y Mar\u00eda Luisa.<\/p>\n<p>De esa casa, do\u00f1a Gloria Burgos Chamorro, de 84 a\u00f1os, a\u00fan recuerda el nacimiento que cada Navidad colocaba el matrimonio Romero Meneses, y del cual le habl\u00f3 su hermana mayor Guillermina, quien frecuentaba la casa de Mar\u00eda y sus hermanas, porque con dos de ellas comparti\u00f3 aulas en el Colegio Mar\u00eda Auxiliadora.<\/p>\n<p>\u00abMi hermana me cont\u00f3 que cuando Mar\u00eda Romero era una ni\u00f1a de 6 a\u00f1os, su mam\u00e1, do\u00f1a Ana, la sorprendi\u00f3 juntando basurita frente al nacimiento que ella ten\u00eda arreglado. Su mam\u00e1 le pregunt\u00f3: &#8216;Mar\u00eda, \u00bfpor qu\u00e9 me est\u00e1s ensuciando? \u00bfPara qu\u00e9 llev\u00e1s toda esa basura frente al Nacimiento?&#8217; y la ni\u00f1a le respondi\u00f3: &#8216;Mam\u00e1, esto no es basura. Es lo que el Ni\u00f1o me pidi\u00f3: que le traiga todo aquello que el mundo mira como basura, a los pobres que nadie quiere, que el mundo hace a un lado&#8217;. Para m\u00ed \u2014dice do\u00f1a Gloria\u2014 esa historia resume la vida de sor Mar\u00eda, es la muestra de c\u00f3mo desde peque\u00f1a ella tuvo inter\u00e9s por los m\u00e1s pobres, muestra su vocaci\u00f3n de santidad\u00bb.<\/p>\n<p>Pero hubo una ocasi\u00f3n, durante el noviciado que hizo en San Salvador, que Mar\u00eda no crey\u00f3 que ella tuviera la compasi\u00f3n necesaria.<\/p>\n<p>Aquella noche cada gota de lluvia la atorment\u00f3. Unas horas atr\u00e1s hab\u00eda dicho que \u00abser\u00eda delicioso dormir mientras llov\u00eda\u00bb, pero la indigente que la escuch\u00f3 le reclam\u00f3 que era una \u00abinsensible\u00bb, porque olvidaba que no todos ten\u00edan una cama sobre la cual dormir, una s\u00e1bana con la cual cubrirse y ni siquiera una casa en la cual refugiarse.<\/p>\n<p>Muchos creen que esa noche, mientras escuchaba la lluvia, sor Mar\u00eda Romero se determin\u00f3 a fundar e impulsar una casa de obras sociales que inici\u00f3 en Costa Rica, a donde el Instituto de las Hijas de Mar\u00eda Auxiliadora (FMA, por sus siglas en italiano), la traslad\u00f3 en 1931, dos semanas despu\u00e9s del terremoto que aquel 31 de marzo derrumb\u00f3 Managua, y convirti\u00f3 a su ciudad natal en el destino de varias familias que se trasladaron ah\u00ed para huir del caos de la capital.<\/p>\n<p>Tambi\u00e9n hoy algunos creen que por esa insensibilidad de la que aquella mujer la acus\u00f3, es que la religiosa siempre durmi\u00f3 sobre el catre m\u00e1s delgado y con las s\u00e1banas m\u00e1s ralitas, tal como hoy luce la cama que utiliz\u00f3 mientras educ\u00f3 en el Colegio Mar\u00eda Auxiliadora, ubicado en la Calle Guzm\u00e1n, de Granada (entre 1924 y 1931) y la otra en la habitaci\u00f3n que us\u00f3 en la casa de obras sociales Mar\u00eda Auxiliadora, que fund\u00f3 en 1959 en San Jos\u00e9. Despu\u00e9s de su muerte, en ambas habitaciones acondicionaron un par de museos con los objetos que us\u00f3 la beata.<\/p>\n<p>En Granada est\u00e1n el piano y el viol\u00edn que tocaba para las clases de m\u00fasica que ten\u00eda a cargo. En la otra tambi\u00e9n guardan el caballete que utilizaba para apoyar sus pinturas, que es el mismo sobre el cual pint\u00f3 una imagen del italiano San Juan Bosco (1815-1888), fundador de la Congregaci\u00f3n Salesiana y luego del Instituto de las Hijas de Mar\u00eda Auxiliadora. \u00abEl santo de la juventud\u00bb, con quien a ella la comparan como la versi\u00f3n femenina, nacida 87 a\u00f1os despu\u00e9s, en la ciudad colonial de un pa\u00eds tropical llamado Nicaragua.<\/p>\n<p>En San Jos\u00e9, a pesar de que a ella no le gustaba mucho que le tomaran fotograf\u00edas, hay decenas de im\u00e1genes en las que se le observa al frente de alguna clase de canto o de catequesis, colocando la primera piedra de un dispensario o acompa\u00f1ando la bendici\u00f3n de un consultorio m\u00e9dico, o bien, observando las carreras de sacos organizadas para la competencia entre los ni\u00f1os de sus oratorios u organizando paquetes de alimentos. Tambi\u00e9n distribuyendo alguna ropa, de la que reun\u00eda durante todo el a\u00f1o en una bodega, donde nunca le dejaba en paz el Diablo.<\/p>\n<div id='gallery-1' class='gallery galleryid-48792 gallery-columns-3 gallery-size-thumbnail'><figure class='gallery-item'>\n\t\t\t<div class='gallery-icon landscape'>\n\t\t\t\t<a href='https:\/\/staging.laprensanic.com\/magazine\/reportajes\/sor-maria-romero\/attachment\/sor-maria-madre-de-los-pobres3\/'><img decoding=\"async\" width=\"150\" height=\"150\" src=\"https:\/\/d1xxa24wwackpg.cloudfront.net\/wp-content\/uploads\/2011\/04\/Sor-Mar%C3%ADa-Madre-de-los-pobres3.jpg\" class=\"attachment-thumbnail size-thumbnail\" alt=\"\" aria-describedby=\"gallery-1-48801\" srcset=\"https:\/\/d1xxa24wwackpg.cloudfront.net\/wp-content\/uploads\/2011\/04\/Sor-Mar%C3%ADa-Madre-de-los-pobres3.jpg 150w, https:\/\/d1xxa24wwackpg.cloudfront.net\/wp-content\/uploads\/2011\/04\/Sor-Mar%C3%ADa-Madre-de-los-pobres3.jpg 600w, https:\/\/d1xxa24wwackpg.cloudfront.net\/wp-content\/uploads\/2011\/04\/Sor-Mar%C3%ADa-Madre-de-los-pobres3.jpg 24w, https:\/\/d1xxa24wwackpg.cloudfront.net\/wp-content\/uploads\/2011\/04\/Sor-Mar%C3%ADa-Madre-de-los-pobres3.jpg 48w, https:\/\/d1xxa24wwackpg.cloudfront.net\/wp-content\/uploads\/2011\/04\/Sor-Mar%C3%ADa-Madre-de-los-pobres3.jpg 96w\" sizes=\"(max-width: 150px) 100vw, 150px\" \/><\/a>\n\t\t\t<\/div>\n\t\t\t\t<figcaption class='wp-caption-text gallery-caption' id='gallery-1-48801'>\n\t\t\t\tMar\u00eda Romero, a los 15, en la \u00fanica foto que se le conoce antes de iniciar el noviciado y tomar los h\u00e1bitos. \n\t\t\t\t<\/figcaption><\/figure><figure class='gallery-item'>\n\t\t\t<div class='gallery-icon portrait'>\n\t\t\t\t<a href='https:\/\/staging.laprensanic.com\/magazine\/reportajes\/sor-maria-romero\/attachment\/sor-maria-madre-de-los-pobres3fdfd\/'><img decoding=\"async\" width=\"150\" height=\"150\" src=\"https:\/\/d1xxa24wwackpg.cloudfront.net\/wp-content\/uploads\/2011\/04\/Sor-Mar%C3%ADa-Madre-de-los-pobres3fdfd.jpg\" class=\"attachment-thumbnail size-thumbnail\" alt=\"\" aria-describedby=\"gallery-1-48803\" srcset=\"https:\/\/d1xxa24wwackpg.cloudfront.net\/wp-content\/uploads\/2011\/04\/Sor-Mar%C3%ADa-Madre-de-los-pobres3fdfd.jpg 150w, https:\/\/d1xxa24wwackpg.cloudfront.net\/wp-content\/uploads\/2011\/04\/Sor-Mar%C3%ADa-Madre-de-los-pobres3fdfd.jpg 600w, https:\/\/d1xxa24wwackpg.cloudfront.net\/wp-content\/uploads\/2011\/04\/Sor-Mar%C3%ADa-Madre-de-los-pobres3fdfd.jpg 24w, https:\/\/d1xxa24wwackpg.cloudfront.net\/wp-content\/uploads\/2011\/04\/Sor-Mar%C3%ADa-Madre-de-los-pobres3fdfd.jpg 48w, https:\/\/d1xxa24wwackpg.cloudfront.net\/wp-content\/uploads\/2011\/04\/Sor-Mar%C3%ADa-Madre-de-los-pobres3fdfd.jpg 96w\" sizes=\"(max-width: 150px) 100vw, 150px\" \/><\/a>\n\t\t\t<\/div>\n\t\t\t\t<figcaption class='wp-caption-text gallery-caption' id='gallery-1-48803'>\n\t\t\t\tSor Mar\u00eda inici\u00f3 su noviciado a los 18 a\u00f1os en San Salvador. \n\t\t\t\t<\/figcaption><\/figure><figure class='gallery-item'>\n\t\t\t<div class='gallery-icon landscape'>\n\t\t\t\t<a href='https:\/\/staging.laprensanic.com\/magazine\/reportajes\/sor-maria-romero\/attachment\/sor-maria-madre-de-los-pobres3dfdfdf\/'><img decoding=\"async\" width=\"150\" height=\"150\" src=\"https:\/\/d1xxa24wwackpg.cloudfront.net\/wp-content\/uploads\/2011\/04\/Sor-Mar%C3%ADa-Madre-de-los-pobres3dfdfdf.jpg\" class=\"attachment-thumbnail size-thumbnail\" alt=\"\" aria-describedby=\"gallery-1-48802\" srcset=\"https:\/\/d1xxa24wwackpg.cloudfront.net\/wp-content\/uploads\/2011\/04\/Sor-Mar%C3%ADa-Madre-de-los-pobres3dfdfdf.jpg 150w, https:\/\/d1xxa24wwackpg.cloudfront.net\/wp-content\/uploads\/2011\/04\/Sor-Mar%C3%ADa-Madre-de-los-pobres3dfdfdf.jpg 24w, https:\/\/d1xxa24wwackpg.cloudfront.net\/wp-content\/uploads\/2011\/04\/Sor-Mar%C3%ADa-Madre-de-los-pobres3dfdfdf.jpg 48w, https:\/\/d1xxa24wwackpg.cloudfront.net\/wp-content\/uploads\/2011\/04\/Sor-Mar%C3%ADa-Madre-de-los-pobres3dfdfdf.jpg 96w\" sizes=\"(max-width: 150px) 100vw, 150px\" \/><\/a>\n\t\t\t<\/div>\n\t\t\t\t<figcaption class='wp-caption-text gallery-caption' id='gallery-1-48802'>\n\t\t\t\tJunto a sus hermanos Celia, Pastora, Mar\u00eda Luisa, Matilde y F\u00e9lix. \n\t\t\t\t<\/figcaption><\/figure><figure class='gallery-item'>\n\t\t\t<div class='gallery-icon portrait'>\n\t\t\t\t<a href='https:\/\/staging.laprensanic.com\/magazine\/reportajes\/sor-maria-romero\/attachment\/sor-maria-madre-de-los-pobres3sdfsdfd\/'><img loading=\"lazy\" decoding=\"async\" width=\"150\" height=\"150\" src=\"https:\/\/d1xxa24wwackpg.cloudfront.net\/wp-content\/uploads\/2011\/04\/Sor-Mar%C3%ADa-Madre-de-los-pobres3sdfsdfd.jpg\" class=\"attachment-thumbnail size-thumbnail\" alt=\"\" aria-describedby=\"gallery-1-48804\" srcset=\"https:\/\/d1xxa24wwackpg.cloudfront.net\/wp-content\/uploads\/2011\/04\/Sor-Mar%C3%ADa-Madre-de-los-pobres3sdfsdfd.jpg 150w, https:\/\/d1xxa24wwackpg.cloudfront.net\/wp-content\/uploads\/2011\/04\/Sor-Mar%C3%ADa-Madre-de-los-pobres3sdfsdfd.jpg 600w, https:\/\/d1xxa24wwackpg.cloudfront.net\/wp-content\/uploads\/2011\/04\/Sor-Mar%C3%ADa-Madre-de-los-pobres3sdfsdfd.jpg 24w, https:\/\/d1xxa24wwackpg.cloudfront.net\/wp-content\/uploads\/2011\/04\/Sor-Mar%C3%ADa-Madre-de-los-pobres3sdfsdfd.jpg 48w, https:\/\/d1xxa24wwackpg.cloudfront.net\/wp-content\/uploads\/2011\/04\/Sor-Mar%C3%ADa-Madre-de-los-pobres3sdfsdfd.jpg 96w\" sizes=\"(max-width: 150px) 100vw, 150px\" \/><\/a>\n\t\t\t<\/div>\n\t\t\t\t<figcaption class='wp-caption-text gallery-caption' id='gallery-1-48804'>\n\t\t\t\tEn 1959 fund\u00f3 la Casa de Mar\u00eda Auxiliadora en San Jos\u00e9, Costa Rica. \n\t\t\t\t<\/figcaption><\/figure><figure class='gallery-item'>\n\t\t\t<div class='gallery-icon landscape'>\n\t\t\t\t<a href='https:\/\/staging.laprensanic.com\/magazine\/reportajes\/sor-maria-romero\/attachment\/40543-4\/'><img loading=\"lazy\" decoding=\"async\" width=\"150\" height=\"150\" src=\"https:\/\/d1xxa24wwackpg.cloudfront.net\/wp-content\/uploads\/2011\/04\/40543-4.jpg\" class=\"attachment-thumbnail size-thumbnail\" alt=\"\" aria-describedby=\"gallery-1-48799\" srcset=\"https:\/\/d1xxa24wwackpg.cloudfront.net\/wp-content\/uploads\/2011\/04\/40543-4.jpg 150w, https:\/\/d1xxa24wwackpg.cloudfront.net\/wp-content\/uploads\/2011\/04\/40543-4.jpg 24w, https:\/\/d1xxa24wwackpg.cloudfront.net\/wp-content\/uploads\/2011\/04\/40543-4.jpg 48w, https:\/\/d1xxa24wwackpg.cloudfront.net\/wp-content\/uploads\/2011\/04\/40543-4.jpg 96w\" sizes=\"(max-width: 150px) 100vw, 150px\" \/><\/a>\n\t\t\t<\/div>\n\t\t\t\t<figcaption class='wp-caption-text gallery-caption' id='gallery-1-48799'>\n\t\t\t\tEl director m\u00e1rtir de La Prensa, Pedro Joaqu\u00edn Chamorro, fue uno de los colaboradores de sor Mar\u00eda. \n\t\t\t\t<\/figcaption><\/figure><figure class='gallery-item'>\n\t\t\t<div class='gallery-icon landscape'>\n\t\t\t\t<a href='https:\/\/staging.laprensanic.com\/magazine\/reportajes\/sor-maria-romero\/attachment\/1213753\/'><img loading=\"lazy\" decoding=\"async\" width=\"150\" height=\"150\" src=\"https:\/\/d1xxa24wwackpg.cloudfront.net\/wp-content\/uploads\/2011\/04\/1213753.jpg\" class=\"attachment-thumbnail size-thumbnail\" alt=\"\" aria-describedby=\"gallery-1-48808\" srcset=\"https:\/\/d1xxa24wwackpg.cloudfront.net\/wp-content\/uploads\/2011\/04\/1213753.jpg 150w, https:\/\/d1xxa24wwackpg.cloudfront.net\/wp-content\/uploads\/2011\/04\/1213753.jpg 24w, https:\/\/d1xxa24wwackpg.cloudfront.net\/wp-content\/uploads\/2011\/04\/1213753.jpg 48w, https:\/\/d1xxa24wwackpg.cloudfront.net\/wp-content\/uploads\/2011\/04\/1213753.jpg 96w\" sizes=\"(max-width: 150px) 100vw, 150px\" \/><\/a>\n\t\t\t<\/div>\n\t\t\t\t<figcaption class='wp-caption-text gallery-caption' id='gallery-1-48808'>\n\t\t\t\tSor Mar\u00eda muri\u00f3 en Le\u00f3n y fue velada en Granada. Sus restos fueron trasladados a la casa que fund\u00f3. \n\t\t\t\t<\/figcaption><\/figure>\n\t\t<\/div>\n\n<p style=\"text-align: center;\">***<\/p>\n<p>En un art\u00edculo de Carlos M\u00e1ntica, que Gordillo cita en su libro sobre sor Mar\u00eda, el Chale cuenta como Pablo Antonio Cuadra le confirm\u00f3 que estando al lado de la religiosa fue testigo de los hostigamientos del Diablo, un d\u00eda que, mientras \u00e9l la visita en San Jos\u00e9, ella quiso mostrarle el cuarto donde almacenaba la ropa.<\/p>\n<p>\u00abAl poner sor Mar\u00eda el primer pie en el cuarto, empez\u00f3 todo a temblar y sacudirse. Las perchas y la ropa cayeron al suelo, pero era evidente para Pablo que era solo la ropa y no la casa la que temblaba. &#8216;\u00a1Ah no ni\u00f1\u00f3! \u2014grit\u00f3 sor Mar\u00eda\u2014 . \u00a1Andate de aqu\u00ed, ya no te aguanto! \u00bfTe fij\u00e1s Pablito? \u00a1A cada rato es la misma babiecada!&#8217; Pero con el primer &#8216;andate de aqu\u00ed&#8217; huy\u00f3 el demonio y se acab\u00f3 su show\u00bb, relata M\u00e1ntica. Aunque en verdad otras veces \u00abel Diablo s\u00ed logr\u00f3 perjudicarla\u00bb rob\u00e1ndole la ropa.<\/p>\n<p>Sin embargo, sor Melania comenta que con esa misma frecuencia que el Diablo molestaba, la Virgen siempre asisti\u00f3 a sor Mar\u00eda.<\/p>\n<p>\u00abA veces se aparec\u00edan las ayudantes asustadas porque la casa estaba llena de ni\u00f1os de la calle, ancianos abandonados o mujeres sin casa que llegaban por algo de comida o alguna prenda de ropa y las bodegas casi estaban vac\u00edas\u00bb.<\/p>\n<p>\u00abSor Mar\u00eda, son demasiados. No nos va a dar. No nos va a dar para tantos\u00bb, le dec\u00edan. Pero la respuesta de sor Mar\u00eda siempre era la misma. \u00abUstedes sigan repartiendo lo que haya hasta que se acabe. Dios proveer\u00e1, proveer\u00e1\u00bb.<\/p>\n<p>\u00abAl final \u2014asegura sor Melania\u2014 pocos se explicaban como es que de no haber para tantos los alimentos o la ropa terminaban sobrando. Ella siempre apost\u00f3 a eso: a una fe ilimitada en Dios y la Sant\u00edsima Virgen. Y yo le puedo decir que a\u00fan aqu\u00ed eso nos pasa a diario. Yo siento que aunque sor Mar\u00eda vivi\u00f3 la mayor parte de su vida en Costa Rica, ella tambi\u00e9n se pasea en esta casa donde naci\u00f3\u00bb.<\/p>\n<p>\u00abA veces \u2014agrega\u2014 nosotros tampoco tenemos para las obras. Hace poco enviud\u00f3 una devota bien pobre, que no ten\u00eda ni para el caf\u00e9 de la vela. Yo le llev\u00e9 los \u00faltimos 500 pesos que me quedaban. No sab\u00eda c\u00f3mo iba a pagar las cuentas al final de la semana, pero la se\u00f1ora no ten\u00eda nada. Luego, antes de que acabara la semana, alguien dej\u00f3 una limosna de mil d\u00f3lares. Cuando lo descubr\u00ed yo no encontraba ni en d\u00f3nde sentarme. Pudimos pagar todo, despu\u00e9s que cre\u00edamos que nos quedamos sin nada\u00bb.<\/p>\n<p>Seg\u00fan sor Melania, la atenci\u00f3n de Dios y la Virgen a las oraciones de sor Mar\u00eda se debe a que la religiosa tampoco se negaba a \u00abconsentir los antojitos de su Rey y su Reina\u00bb, como ella llamada a Dios y a la Virgen Mar\u00eda.<\/p>\n<p>\u00abA veces le dec\u00eda a una persona: le vendo un milagro, y a algunas religiosas eso les asustaba. Pero ella lo hac\u00eda como quien vende al fiado\u00bb, relata sor Melania. Sor Mar\u00eda primero rezaba por esa petici\u00f3n y esperaba a que el favorecido regresara a la Casa de la Virgen para ver qu\u00e9 se le ofrec\u00eda a aquella monjita, que todo lo anotaba en una libreta negra, que hoy est\u00e1 publicada en cuatro tomos llamados <em>Escritos Espirituales<\/em>. \u00abLos milagros eran tantos \u2014dice sor Melania\u2014 que la gente despu\u00e9s a diario llegaba por montones\u00bb.<\/p>\n<p style=\"text-align: center;\">***<\/p>\n<p>A principios de julio de 1977, sor Mar\u00eda Romero viaj\u00f3 de inc\u00f3gnita a Nicaragua. Su superiora casi la oblig\u00f3 a tomar vacaciones despu\u00e9s de que con 75 a\u00f1os a cuestas se dedic\u00f3 como en sus primeros a\u00f1os a la organizaci\u00f3n de las fiestas de Mar\u00eda Auxiliadora durante el mes de mayo, y despu\u00e9s a las del Sagrado Coraz\u00f3n de Jes\u00fas, en el siguiente mes. Para entonces tampoco se daba abasto con tantos que llegaban a buscarle para solicitarle su intercesi\u00f3n, pues su fama de santa comenzaba a perseguirla a donde quiera que iba.<\/p>\n<p>Por eso sus hermanas le alquilaron una casa frente al mar, en la playa de Las Pe\u00f1itas, a veinte kil\u00f3metros de la ciudad de Le\u00f3n.<\/p>\n<p>A\u00f1os atr\u00e1s sor Mar\u00eda hab\u00eda expresado: \u00ab\u00a1Qu\u00e9 lindo ser\u00eda morir frente al mar, porque yo veo en cada gota de agua a mi Creador!\u00bb, pero ninguna repar\u00f3 en aquel deseo que acab\u00f3 siendo una profec\u00eda, hasta la ma\u00f1ana de ese mi\u00e9rcoles 7 de julio que sufri\u00f3 un infarto fulminante, mientras entraba al ba\u00f1o para tomar una ducha.<\/p>\n<p>La noticia de su muerte acab\u00f3 con su viaje de inc\u00f3gnita y de Le\u00f3n regres\u00f3 muerta a Granada, donde la velaron y le celebraron una multitudinaria misa antes de trasladarla a Costa Rica, donde sus restos est\u00e1n depositados en un mausoleo junto a la capilla de la casa que fund\u00f3. Hoy ah\u00ed llegan centenares para rezar a sor Mar\u00eda, a quien nunca se supo que Dios o la Virgen le negaran algo, porque aunque alguna vez la creyeran bruja, ella tampoco se neg\u00f3 a Dios.<\/p>\n<figure id=\"attachment_48797\" aria-describedby=\"caption-attachment-48797\" style=\"width: 450px\" class=\"wp-caption aligncenter\"><a href=\"https:\/\/gep90.laprensa.com.ni\/magazine\/wp-content\/uploads\/2019\/10\/Untitled-1.jpg\"><img loading=\"lazy\" decoding=\"async\" class=\"wp-image-48797\" src=\"https:\/\/gep90.laprensa.com.ni\/magazine\/wp-content\/uploads\/2019\/10\/Untitled-1.jpg\" alt=\"\" width=\"450\" height=\"670\" srcset=\"https:\/\/d1xxa24wwackpg.cloudfront.net\/wp-content\/uploads\/2019\/10\/Untitled-1.jpg 720w, https:\/\/d1xxa24wwackpg.cloudfront.net\/wp-content\/uploads\/2019\/10\/Untitled-1.jpg 201w, https:\/\/d1xxa24wwackpg.cloudfront.net\/wp-content\/uploads\/2019\/10\/Untitled-1.jpg 688w\" sizes=\"(max-width: 450px) 100vw, 450px\" \/><\/a><figcaption id=\"caption-attachment-48797\" class=\"wp-caption-text\">Arriba: La casa natal de sor Mar\u00eda fue comprada y restaurada con las donaciones de cientos de laicos y ahora es administrada por el Instituto de las FMA.<br \/>En el colegio Mar\u00eda Auxiliadora a\u00fan conservan la gruta alrededor de la que en 1929 florecieron decenas de lirios fuera de temporada, como pre\u00e1mbulo de la santidad de sor Mar\u00eda, quien hab\u00eda pedido a Dios que al menos uno de los lirios floreciera si ella ser\u00eda una buena religiosa.<\/figcaption><\/figure>\n<h3>El milagro<\/h3>\n<p>Al matrimonio de los costarricenses Alex Sol\u00eds y Claudia Quir\u00f3s, todos los m\u00e9dicos les dec\u00edan lo mismo. Ninguno pod\u00eda negarles que cada uno de los ultrasonidos del tercer embarazo de Claudia, hasta el que enviaron a Estados Unidos cuatro d\u00edas antes del parto, confirmaban que su hija nacer\u00eda con el nivel m\u00e1s grave de labio leporino, que no tendr\u00eda paladar.<\/p>\n<p>Su \u00fanica esperanza eran sus s\u00faplicas diarias a Dios, a trav\u00e9s de la intercesi\u00f3n de sor Mar\u00eda Romero, una monjita milagrosa de la que hab\u00edan escuchado en San Jos\u00e9.<\/p>\n<p>El 28 de noviembre de 1994, ocho doctores en la sala de parto, esperaron el nacimiento de Mar\u00eda Sol\u00eds y lo que presenciaron fue el milagro del nacimiento de una ni\u00f1a que contra todo pron\u00f3stico naci\u00f3 sana, a\u00fan cuando los resultados del \u00faltimo ultrasonido llegaron dos d\u00edas despu\u00e9s del parto confirmando que la ni\u00f1a nacer\u00eda discapacitada. Pero para entonces ya no importaba. Menos de ocho a\u00f1os m\u00e1s tarde, el Vaticano reconoci\u00f3 el milagro que permiti\u00f3 la beatificaci\u00f3n de aquella religiosa, para quien ahora solo hace falta confirmar cient\u00edficamente otro milagro, para que sea declarada santa.<\/p>\n","protected":false},"excerpt":{"rendered":"<p>Sor Mar\u00eda Romero Meneses, la primera centroamericana camino a los altares, se dedic\u00f3 desde peque\u00f1a a asistir a los m\u00e1s pobres y siempre practic\u00f3 una fe ilimitada en Dios y en la Virgen Mar\u00eda, a quienes llam\u00f3 su \u00abRey\u00bb y su \u00abReina\u00bb. Pero no por eso escap\u00f3 de varios l\u00edos, ni siquiera de que, entre su propia congregaci\u00f3n, alg\u00fan tiempo la creyeran bruja<\/p>\n","protected":false},"author":46,"featured_media":48794,"comment_status":"open","ping_status":"open","sticky":false,"template":"","format":"standard","meta":{"_acf_changed":false,"footnotes":""},"categories":[26],"tags":[],"class_list":["post-48792","post","type-post","status-publish","format-standard","has-post-thumbnail","hentry","category-reportajes"],"acf":[],"_links":{"self":[{"href":"https:\/\/staging.laprensanic.com\/magazine\/wp-json\/wp\/v2\/posts\/48792","targetHints":{"allow":["GET"]}}],"collection":[{"href":"https:\/\/staging.laprensanic.com\/magazine\/wp-json\/wp\/v2\/posts"}],"about":[{"href":"https:\/\/staging.laprensanic.com\/magazine\/wp-json\/wp\/v2\/types\/post"}],"author":[{"embeddable":true,"href":"https:\/\/staging.laprensanic.com\/magazine\/wp-json\/wp\/v2\/users\/46"}],"replies":[{"embeddable":true,"href":"https:\/\/staging.laprensanic.com\/magazine\/wp-json\/wp\/v2\/comments?post=48792"}],"version-history":[{"count":7,"href":"https:\/\/staging.laprensanic.com\/magazine\/wp-json\/wp\/v2\/posts\/48792\/revisions"}],"predecessor-version":[{"id":49608,"href":"https:\/\/staging.laprensanic.com\/magazine\/wp-json\/wp\/v2\/posts\/48792\/revisions\/49608"}],"wp:featuredmedia":[{"embeddable":true,"href":"https:\/\/staging.laprensanic.com\/magazine\/wp-json\/wp\/v2\/media\/48794"}],"wp:attachment":[{"href":"https:\/\/staging.laprensanic.com\/magazine\/wp-json\/wp\/v2\/media?parent=48792"}],"wp:term":[{"taxonomy":"category","embeddable":true,"href":"https:\/\/staging.laprensanic.com\/magazine\/wp-json\/wp\/v2\/categories?post=48792"},{"taxonomy":"post_tag","embeddable":true,"href":"https:\/\/staging.laprensanic.com\/magazine\/wp-json\/wp\/v2\/tags?post=48792"}],"curies":[{"name":"wp","href":"https:\/\/api.w.org\/{rel}","templated":true}]}}