{"id":49022,"date":"2004-03-28T15:59:20","date_gmt":"2004-03-28T21:59:20","guid":{"rendered":"http:\/\/gep90.laprensa.com.ni\/magazine\/?p=49022"},"modified":"2023-12-11T12:58:44","modified_gmt":"2023-12-11T18:58:44","slug":"en-busca-del-centro-olvidado","status":"publish","type":"post","link":"https:\/\/staging.laprensanic.com\/magazine\/reportajes\/en-busca-del-centro-olvidado\/","title":{"rendered":"En busca del centro olvidado de Managua"},"content":{"rendered":"\n<p>Un joven extranjero que ven\u00eda a vivir a Managua llam\u00f3 hace poco a un amigo suyo nicarag\u00fcense. Le pregunt\u00f3 qu\u00e9 zonas de la ciudad eran tranquilas y no excesivamente caras para alquilar una vivienda.<\/p>\n\n\n\n<p>\u2014Te aconsejo la Colonia Centroam\u00e9rica \u2014dijo el nica.<\/p>\n\n\n\n<p>\u2014\u00bfEst\u00e1 cerca del centro? \u2014pregunt\u00f3 el extranjero.<\/p>\n\n\n\n<p>\u2014\u00bfQuer\u00e9s decir de Metrocentro?<\/p>\n\n\n\n<p>\u2014\u00bfQu\u00e9 es Metrocentro?<\/p>\n\n\n\n<p>\u2014Un centro comercial.<\/p>\n\n\n\n<p>\u2014\u00bfMetrocentro est\u00e1 cerca del centro?<\/p>\n\n\n\n<p>\u2014\u00bfDel centro? Managua no tiene centro \u2014 y ah\u00ed acab\u00f3 la conversaci\u00f3n.<\/p>\n\n\n\n<p>El extranjero lleg\u00f3 a la capital y sali\u00f3 a pasear. No conoc\u00eda a casi nadie, as\u00ed que anduvo y anduvo solo por Managua. \u00danicamente encontr\u00f3 una sucesi\u00f3n de viviendas en barrios de extrarradio. Le obsesionaba la ausencia de un centro urbano, algo que tienen todas las ciudades. Al poco tiempo, el joven, que era algo ignorante, supo que un terremoto hizo trizas la antigua Managua en 1972. Lleg\u00f3 al lugar de los hechos. Lo que vio le dej\u00f3 anonadado: no dejaba de preguntarse, \u00ab\u00bfc\u00f3mo es posible que despu\u00e9s de m\u00e1s de 30 a\u00f1os el antiguo centro de Managua siga estando as\u00ed?\u00bb<\/p>\n\n\n<div class=\"wp-block-image\">\n<figure class=\"aligncenter\"><a href=\"https:\/\/gep90.laprensa.com.ni\/magazine\/wp-content\/uploads\/2019\/10\/Farmacia5.jpg\"><img fetchpriority=\"high\" decoding=\"async\" width=\"720\" height=\"1098\" src=\"https:\/\/gep90.laprensa.com.ni\/magazine\/wp-content\/uploads\/2019\/10\/Farmacia5.jpg\" alt=\"\" class=\"wp-image-49025\" srcset=\"https:\/\/d1xxa24wwackpg.cloudfront.net\/wp-content\/uploads\/2019\/10\/Farmacia5.jpg 720w, https:\/\/d1xxa24wwackpg.cloudfront.net\/wp-content\/uploads\/2019\/10\/Farmacia5.jpg 197w, https:\/\/d1xxa24wwackpg.cloudfront.net\/wp-content\/uploads\/2019\/10\/Farmacia5.jpg 671w\" sizes=\"(max-width: 720px) 100vw, 720px\" \/><\/a><figcaption class=\"wp-element-caption\">Justo en el centro del antiguo centro se encuentra la Farmacia Managua, donde 20 familias sobreviven como pueden.<\/figcaption><\/figure>\n<\/div>\n\n\n<h2 class=\"wp-block-heading\">La ciudad virtual<\/h2>\n\n\n\n<p>La computadora del despacho de Gerald Pentzke, arquitecto y director de Urbanismo de la Alcald\u00eda de Managua, muestra dos im\u00e1genes, una encima de la otra. La inferior presenta una vista a\u00e9rea de las 600 hect\u00e1reas del centro de la ciudad antes del terremoto de 1972: aparece el edificio de la Asamblea Nacional rodeado de buenas casas, con su jard\u00edn cuidado, sus calles bien asfaltadas y sus cuadras perfectamente delineadas. La fotograf\u00eda superior es la misma imagen, pero 30 a\u00f1os despu\u00e9s: alrededor del edificio donde se re\u00fanen los diputados ya no hay ni rastro de aquello que se ve\u00eda en la anterior; s\u00f3lo ruinas y terrenos vac\u00edos. La primera foto es en blanco y negro, la segunda es en color. El color, en la imagen, suele representar lo mejorado, lo moderno, lo renovado. El blanco y negro, por el contrario, tiende a mostrar escenas y lugares m\u00e1s deteriorados, menos desarrollados. En estas fotograf\u00edas sucede al rev\u00e9s, y el contraste resulta antinatural.<\/p>\n\n\n\n<p>Pentzke es un hombre moreno, de treinta y tantos a\u00f1os, con un sentido del humor algo \u00e1cido y una risa apagada. En la antesala de su oficina del Ayuntamiento hay una detallada maqueta de c\u00f3mo ser\u00e1 el antiguo centro de Managua, de acuerdo con lo especificado en el Plan Maestro del \u00c1rea Central de Managua, un proyecto de reconstrucci\u00f3n que comenz\u00f3 a elaborarse durante la administraci\u00f3n sandinista de Carlos Carri\u00f3n y se concluy\u00f3 en 1995, cuando Amoldo Alem\u00e1n era alcalde.<\/p>\n\n\n\n<p>En su misma oficina, detr\u00e1s de su asiento, aparece un colorido cuadro que tambi\u00e9n refleja lo que ser\u00e1 ese espacio de cumplirse lo recogido en el plan. Todo parece perfecto en esas dos representaciones: las cuadras, las hileras de \u00e1rboles, las casas pintadas de blanco y el lago de Managua de un color azul intenso.<\/p>\n\n\n\n<p>Ese centro de Managua s\u00f3lo existe en la oficina de Urbanismo de la Alcald\u00eda. El verdadero centro, el que habitan los pobladores de lugares como la antigua Farmacia Managua, es muy distinto. Su atm\u00f3sfera es inquietantemente silenciosa y est\u00e1 lleno de c\u00e1scaras de antiguos edificios. Se parece m\u00e1s al paisaje despu\u00e9s de una batalla que a una ciudad. Es como si el temblor hubiera ocurrido en la madrugada de ayer; no en la madrugada del 23 de diciembre de hace m\u00e1s de 30 a\u00f1os. Pentzke levanta con una mano un ejemplar bien encuadernado del Reglamento del Plan Maestro, lo se\u00f1ala con la otra y dice: \u00abEn la pr\u00e1ctica, esto no se ha traducido en nada\u00bb.<\/p>\n\n\n\n<h2 class=\"wp-block-heading\">Murci\u00e9lagos y escombros<\/h2>\n\n\n\n<p>La antigua Farmacia Managua es un lugar horrible. Situada en el Parque Luis Alfonso Vel\u00e1squez Flores, frente a unas cuidadas pistas de tenis, est\u00e1 enclavada en el centro exacto de lo que era la capital. Frente a ella se situaban dos mercados: el Central y el de San Miguel, los principales de la \u00e9poca. De todo eso no queda absolutamente nada. Ahora hay 20 familias que viven como pueden en un caparaz\u00f3n de concreto, en medio de un lugar por el que nadie pasear\u00eda de noche. El edificio se cae a pedazos, por los estragos del terremoto y por el uso continuo y descuidado de los \u00abparacaidistas\u00bb, personas que llegaron aqu\u00ed porque no ten\u00edan otro lugar.<\/p>\n\n\n\n<p>Juana Mar\u00eda Amador es una anciana y castigada mujer de pelo lacio y ojos tristes. Lleva viviendo en la antigua farmacia desde 1982 y es la m\u00e1s antigua ocupante del lugar. Cuando lleg\u00f3 ya hab\u00eda varias familias instaladas, pero todas ellas, a trav\u00e9s de distintos proyectos, consiguieron que les dieran una casa en condiciones. Amador sigue aqu\u00ed, como ella dice, \u00abesperando, esperando y esperando\u00bb.<\/p>\n\n\n\n<p>Quiere huir del centro. De todas maneras, explica que no ha sabido nada de un eventual derribo del edificio, ni el propietario ha llegado jam\u00e1s para echarles del lugar.<\/p>\n\n\n\n<p>Ser el due\u00f1o de un edificio en el antiguo centro debe ser parecido a dedicarse a la fabricaci\u00f3n de obsoletas m\u00e1quinas de escribir: \u00bfqui\u00e9n est\u00e1 interesado en ellas ahora? Ni siquiera los due\u00f1os de las construcciones que no fueron severamente da\u00f1adas por el temblor corren mejor suerte.<\/p>\n\n\n\n<p>El antiguo Hotel Nicaragua era, en su tiempo, uno de los alojamientos m\u00e1s selectos de la ciudad, como lo atestiguan sus grandes murales que reflejan episodios hist\u00f3ricos nacionales y la escalinata de madera noble que sube al segundo piso del edificio. S\u00f3lo los murci\u00e9lagos se alojan hoy en este bloque de dos pisos y 53 habitaciones, que se encuentra rodeado de miserables construcciones improvisadas. Es el lugar perfecto para rodar una pel\u00edcula de terror.<\/p>\n\n\n\n<p>A cada paso se espera un sobresalto, en este caso producido por las decenas de murci\u00e9lagos que, volando en c\u00edrculos, buscan refugiarse de la luz del sol en esta abandonada cueva. Tambi\u00e9n defecan en las paredes, cuyos azulejos se encuentran repletos de una maloliente sustancia marr\u00f3n. Nora de Delgado, la propietaria del hotel, lleva seis meses intentando vender el lugar. Nadie la ha llamado. Por muy ilustre que sea su origen, por muy buena que sea su estructura, \u00bfqui\u00e9n va a querer comprar un edificio situado al lado de un asentamiento?<\/p>\n\n\n\n<p>Al poco que lo fue todo y ahora no es nada se le suma otro problema: la dificultad de acceder a los terrenos de titularidad p\u00fablica, en este caso de la Presidencia de la Rep\u00fablica. \u00abSi alguien quisiera invertir en el antiguo centro, no sabr\u00eda por d\u00f3nde empezar. El procedimiento es demasiado complejo\u00bb, sostiene Pentzke, el director de Urbanismo de la Alcald\u00eda.<\/p>\n\n\n\n<p>Los terrenos del \u00e1rea central cambiaron de manos en 1992, cuando, por decreto, dejaron de ser titularidad de la Alcald\u00eda y pasaron a la Presidencia, siendo primera mandataria Violeta de Chamorro. \u00abFue una medida motivada por los celos\u00bb, se\u00f1ala un antiguo funcionario de la Presidencia. \u00abEn aquella \u00e9poca, el entonces alcalde Arnoldo Alem\u00e1n viaj\u00f3 a Taiwan y convenci\u00f3 a esos chinos para que financiasen con varios millones de d\u00f3lares la reforma del antiguo centro. Eso hubiera supuesto que el gordo se asegurase la Presidencia, as\u00ed que Antonio Lacayo (entonces Ministro de la Presidencia) decidi\u00f3 de un d\u00eda para otro que esos terrenos pasaban a ser de la Presidencia\u00bb.<\/p>\n\n\n\n<p>Este cambio de titularidad puede explicar en parte por qu\u00e9 se han construido casi exclusivamente edificios p\u00fablicos en la zona: el Ministerio de Relaciones Exteriores, el Palacio de las Comunicaciones o la Casa Presidencial. \u00abEl procedimiento de venta de inmuebles estatales a compradores privados es complejo\u00bb, explica Roberto Fuentes, ingeniero y asesor en Infraestructura de la Presidencia entre 1998 y 2002, \u00abtiene que pasar por la Asamblea Nacional y es arduo. Era m\u00e1s f\u00e1cil ceder los terrenos a instancias estatales\u00bb.<\/p>\n\n\n\n<p>Y as\u00ed, lo poco edificado en el centro han sido construcciones que se llenan de funcionarios durante el d\u00eda y quedan desiertos durante la noche. Nada que ver con las calles y las tiendas rebosantes de vida que recuerdan los que conocieron la Managua extinguida. Porque hay gente que todav\u00eda recuerda aquella ciudad.<\/p>\n\n\n\n<h2 class=\"wp-block-heading\">El nost\u00e1lgico<\/h2>\n\n\n\n<p>Mario Fulvio Espinosa, hist\u00f3rico reportero de La Prensa y el m\u00e1s consistente cronista de la desaparecida capital, puede ver la antigua Managua en muchas esquinas del \u00c1rea Central. Es capaz de decir la hora en la que las barcas sal\u00edan al lago mientras se pasea por el Barrio de Pescadores, capaz de recordar frases asociadas a lugares paradigm\u00e1ticos del centro, frases como \u00abah\u00ed te voy a ver pasar por la 15 de Septiembre\u00bb, en referencia a la calle del mismo nombre, que va a dar al Cementerio General y que ven\u00eda a significar que tarde o temprano todo el mundo muere; frases que, como aqu\u00e9llos que ya pasaron por la 15 de Septiembre y como el mismo centro, est\u00e1n muertas.<\/p>\n\n\n\n<p>Manejando su autom\u00f3vil en busca de los pocos vestigios que quedan de esa ciudad que nunca volver\u00e1 a ser, Espinosa emplea la palabra \u00abtrauma\u00bb para describir el sentimiento de su generaci\u00f3n por la desaparecida Managua. El trauma de la ciudad ca\u00edda, de la ciudad desaparecida, de la ciudad muerta. \u00abEra otra vida, otra gente, otro lugar\u00bb, resume. \u00abAhora, Managua est\u00e1 hecha contra el peat\u00f3n\u00bb.<\/p>\n\n\n\n<p>\u00bfHasta cu\u00e1ndo seguir\u00e1 siendo Managua un lugar hostil al peat\u00f3n, un lugar por el que no se pueda ir caminando a hacer compras, un lugar sin centro? Seg\u00fan Pentzke, \u00abel pa\u00eds siempre ha tenido otras prioridades, otros problemas m\u00e1s acuciantes. Hasta que no se resuelvan \u00e9stos, el \u00c1rea Central habr\u00e1 de esperar\u00bb. De acuerdo con Fuentes, \u00abtodo depende del impulso pol\u00edtico\u00bb.<\/p>\n\n\n\n<p>Un impulso pol\u00edtico que no parece haber sido especialmente fuerte. \u00abMi impresi\u00f3n es que el Gobierno no ha hecho lo suficiente para remodelar el centro\u00bb, opina Pentzke. \u00abY la Alcald\u00eda\u00bb, contin\u00faa, \u00abaunque s\u00f3lo fuera por el valor simb\u00f3lico, deber\u00eda invertir m\u00e1s. &#8216;Adecentar&#8217; un poco el \u00c1rea Central no implicar\u00eda una gran inversi\u00f3n\u00bb.<\/p>\n\n\n<div class=\"wp-block-image\">\n<figure class=\"aligncenter\"><a href=\"https:\/\/gep90.laprensa.com.ni\/magazine\/wp-content\/uploads\/2019\/10\/Farmacia-Managua.jpg\"><img decoding=\"async\" width=\"720\" height=\"925\" src=\"https:\/\/gep90.laprensa.com.ni\/magazine\/wp-content\/uploads\/2019\/10\/Farmacia-Managua.jpg\" alt=\"La Prensa\/ Mayerly Garc\u00eda\" class=\"wp-image-49026\" srcset=\"https:\/\/d1xxa24wwackpg.cloudfront.net\/wp-content\/uploads\/2019\/10\/Farmacia-Managua.jpg 720w, https:\/\/d1xxa24wwackpg.cloudfront.net\/wp-content\/uploads\/2019\/10\/Farmacia-Managua.jpg 234w\" sizes=\"(max-width: 720px) 100vw, 720px\" \/><\/a><\/figure>\n<\/div>\n\n\n<p>Mientras tanto, las repercusiones de la ausencia del centro se dejan sentir. Para Fuentes, esta circunstancia hace que \u00abla ciudad sea m\u00e1s complicada y m\u00e1s cara para vivir en ella. El tr\u00e1fico es un desastre, y los desplazamientos son largos, lo que supone caos circulatorio y mayor gasto en combustible\u00bb. En opini\u00f3n de Pentzke, las consecuencias tambi\u00e9n se extienden a la forma en que los ciudadanos tratan a la capital: \u00abLa falta de aprecio de los managuas hacia su ciudad est\u00e1 relacionada con la carencia de un centro. Se ve en la forma en que botan la basura en la calle\u00bb. \u00abEl centro de Managua est\u00e1 muerto\u00bb, concluye Fuentes, \u00abpero es peor que eso; es un cad\u00e1ver en descomposici\u00f3n\u00bb.<\/p>\n\n\n\n<h2 class=\"wp-block-heading\"><strong>El plan inaplicado<\/strong><\/h2>\n\n\n\n<p>El reglamento del \u00e1rea central de Managua, que regula el Plan Maestro del mismo nombre, es, como suele decirse, papel mojado. En teor\u00eda, tiene por finalidad \u00abestablecer el instrumento legal para hacer efectivas las disposiciones urban\u00edsticas, normas t\u00e9cnicas y procedimientos administrativos inherentes a la implementaci\u00f3n del plan\u00bb. En la pr\u00e1ctica, no se ha aplicado; \u00abno se ha traducido en nada\u00bb en palabras del director de Urbanismo de la Alcald\u00eda de Managua, Gerald Pentzke.<\/p>\n\n\n\n<p>De aplicarse, el plan comportar\u00eda \u00abubicar funciones pol\u00edtico-administrativas, comerciales, culturales y recreativas en el centro de la ciudad; estructurar funciones del centro metropolitano en armon\u00eda con la estructura de la ciudad; integrar los elementos f\u00edsico-naturales de valor ambiental y paisaj\u00edstico a la estructura espacial del centro; y fomentar el uso habitacional como complemento de las funciones metropolitanas\u00bb. Basta con darse una vuelta por el \u00e1rea central para constatar en qu\u00e9 han quedado todas estas buenas intenciones.<\/p>\n","protected":false},"excerpt":{"rendered":"<p>Managua es la \u00fanica capital sin centro. O, m\u00e1s exactamente, con uno destruido, olvidado, muerto. Para sus habitantes, la zona es un infierno; para aquellos que la conocieron cuando estaba viva, es tan s\u00f3lo un recuerdo; y, para la Alcald\u00eda, es una serie de planos virtuales. M\u00e1s de treinta a\u00f1os despu\u00e9s del terremoto que la devast\u00f3, el \u00e1rea central contin\u00faa esperando su reconstrucci\u00f3n. \u00bfHasta cu\u00e1ndo?<\/p>\n","protected":false},"author":46,"featured_media":49024,"comment_status":"open","ping_status":"open","sticky":false,"template":"","format":"standard","meta":{"_acf_changed":false,"footnotes":""},"categories":[26],"tags":[124,81,4752],"class_list":["post-49022","post","type-post","status-publish","format-standard","has-post-thumbnail","hentry","category-reportajes","tag-managua","tag-nicaragua","tag-terremoto-1972"],"acf":[],"_links":{"self":[{"href":"https:\/\/staging.laprensanic.com\/magazine\/wp-json\/wp\/v2\/posts\/49022","targetHints":{"allow":["GET"]}}],"collection":[{"href":"https:\/\/staging.laprensanic.com\/magazine\/wp-json\/wp\/v2\/posts"}],"about":[{"href":"https:\/\/staging.laprensanic.com\/magazine\/wp-json\/wp\/v2\/types\/post"}],"author":[{"embeddable":true,"href":"https:\/\/staging.laprensanic.com\/magazine\/wp-json\/wp\/v2\/users\/46"}],"replies":[{"embeddable":true,"href":"https:\/\/staging.laprensanic.com\/magazine\/wp-json\/wp\/v2\/comments?post=49022"}],"version-history":[{"count":5,"href":"https:\/\/staging.laprensanic.com\/magazine\/wp-json\/wp\/v2\/posts\/49022\/revisions"}],"predecessor-version":[{"id":57505,"href":"https:\/\/staging.laprensanic.com\/magazine\/wp-json\/wp\/v2\/posts\/49022\/revisions\/57505"}],"wp:featuredmedia":[{"embeddable":true,"href":"https:\/\/staging.laprensanic.com\/magazine\/wp-json\/wp\/v2\/media\/49024"}],"wp:attachment":[{"href":"https:\/\/staging.laprensanic.com\/magazine\/wp-json\/wp\/v2\/media?parent=49022"}],"wp:term":[{"taxonomy":"category","embeddable":true,"href":"https:\/\/staging.laprensanic.com\/magazine\/wp-json\/wp\/v2\/categories?post=49022"},{"taxonomy":"post_tag","embeddable":true,"href":"https:\/\/staging.laprensanic.com\/magazine\/wp-json\/wp\/v2\/tags?post=49022"}],"curies":[{"name":"wp","href":"https:\/\/api.w.org\/{rel}","templated":true}]}}