{"id":49527,"date":"2019-12-16T09:55:28","date_gmt":"2019-12-16T15:55:28","guid":{"rendered":"http:\/\/gep90.laprensa.com.ni\/magazine\/?p=49527"},"modified":"2024-01-04T19:17:43","modified_gmt":"2024-01-05T01:17:43","slug":"que-paso-con-la-contra-despues-de-la-guerra-con-los-sandinistas","status":"publish","type":"post","link":"https:\/\/staging.laprensanic.com\/magazine\/reportajes\/que-paso-con-la-contra-despues-de-la-guerra-con-los-sandinistas\/","title":{"rendered":"\u00bfQu\u00e9 pas\u00f3 con la Contra despu\u00e9s de la guerra con los sandinistas?"},"content":{"rendered":"\n<p>El 25 de abril de 1990, do\u00f1a Violeta Barrios de Chamorro toma posesi\u00f3n de la Presidencia de Nicaragua. En su discurso anuncia que pronto se completar\u00e1 la desmovilizaci\u00f3n de las fuerzas de la Resistencia Nicarag\u00fcense y la desmovilizaci\u00f3n de los j\u00f3venes del servicio militar. Acto seguido, ratifica la permanencia del general Humberto Ortega como jefe del Ej\u00e9rcito.<\/p>\n\n\n\n<p>La decisi\u00f3n caus\u00f3 pol\u00e9mica en la mayor\u00eda de los sectores del pa\u00eds, incluida la Contra.<br>El 27 de junio de 1990, en San Pedro de L\u00f3vago, el Estado Mayor de la Resistencia se desarm\u00f3. Do\u00f1a Violeta Barrios, siempre vestida de blanco, rodeada de representantes de la Organizaci\u00f3n de Estados Americanos (OEA), militares espa\u00f1oles y venezolanos y el cardenal Miguel Obando y Bravo, observ\u00f3 como los \u00faltimos miembros de una de las guerrillas m\u00e1s grandes del continente americano entregaba sus fusiles.<\/p>\n\n\n\n<p class=\"has-text-align-center\">***<\/p>\n\n\n\n<p class=\"has-text-align-left\">Casi 25 mil hombres que entraron siendo adolescentes a la Contra se enfrentan a la realidad de buscar qu\u00e9 hacer con sus vidas, luego de pasar gran parte de sus mejores a\u00f1os metidos en la guerra.<br>Luego los excombatientes de la Contra ser\u00edan \u201ccazados\u201d por la ya desaparecida Seguridad del Estado, m\u00e1s tarde por el propio Ej\u00e9rcito y recientemente por la Polic\u00eda. Algunos optaron por rearmarse, pero en la mayor\u00eda de los casos esto ha acelerado sus muertes.<\/p>\n\n\n\n<p>Gran parte de los guerrilleros de la Contra eran campesinos. Al finalizar el conflicto, los que ten\u00edan familia decidieron volver a sus tierras o lo que quedaba de ellas. Algunos no sab\u00edan hacer otra cosa que no fuera disparar con un fusil, por lo que de nada sirvi\u00f3 que el gobierno de do\u00f1a Violeta les entregara tierras, mismas que luego fueron malvendidas.<\/p>\n\n\n\n<p>\u201cEso de tierras sin asistencia t\u00e9cnica ni capacitaci\u00f3n no funcion\u00f3\u201d, asegura \u00d3scar Sobalvarro, antiguo miembro de la Contra.<\/p>\n\n\n\n<p>Adem\u00e1s, la entrega de terrenos no fue pareja y tampoco se cumplieron otros compromisos que se hab\u00edan firmado en marzo de 1988, en el Acuerdo de Sapo\u00e1. Otros intentaron probar suerte fuera del campo, pero les fue dif\u00edcil reinsertarse a la sociedad.<\/p>\n\n\n<div class=\"wp-block-image\">\n<figure class=\"aligncenter\"><a href=\"https:\/\/gep90.laprensa.com.ni\/magazine\/wp-content\/uploads\/2019\/12\/firma.png\"><img fetchpriority=\"high\" decoding=\"async\" width=\"929\" height=\"558\" src=\"https:\/\/gep90.laprensa.com.ni\/magazine\/wp-content\/uploads\/2019\/12\/firma.png\" alt=\"\" class=\"wp-image-49530\" srcset=\"https:\/\/d1xxa24wwackpg.cloudfront.net\/wp-content\/uploads\/2019\/12\/firma.png 929w, https:\/\/d1xxa24wwackpg.cloudfront.net\/wp-content\/uploads\/2019\/12\/firma.png 300w, https:\/\/d1xxa24wwackpg.cloudfront.net\/wp-content\/uploads\/2019\/12\/firma.png 768w, https:\/\/d1xxa24wwackpg.cloudfront.net\/wp-content\/uploads\/2019\/12\/firma.png 500w\" sizes=\"(max-width: 929px) 100vw, 929px\" \/><\/a><figcaption class=\"wp-element-caption\"><strong>El d\u00eda del desarme del Estado Mayor de la Resistencia asistieron militares venezolanos y espa\u00f1oles al acto. LA PRENSA\/ARCHIVO<\/strong><\/figcaption><\/figure>\n<\/div>\n\n\n<p>Cuando iniciaron los primeros acercamientos para llegar a un acuerdo, la Contra desconfiaba tanto de los sandinistas que no acept\u00f3 entregar las armas hasta que se celebraran elecciones libres y transparentes. Uno de los principales acuerdos violados fue el de no persecuci\u00f3n a los exguerrilleros de la Resistencia.<\/p>\n\n\n\n<p>La decisi\u00f3n de dejar al general Humberto Ortega a cargo del Ej\u00e9rcito y de no mover a fichas importantes de la Seguridad del Estado, dej\u00f3 el campo abierto para que los contras fueran cazados sistem\u00e1ticamente durante los primeros a\u00f1os del gobierno de do\u00f1a Violeta.<\/p>\n\n\n\n<p>M\u00e1s de 500 contras fueron asesinados en las monta\u00f1as de Nicaragua luego del desarme, seg\u00fan Luis Fley, comandante Johnson, uno de los principales jefes de la Resistencia y quien junto a la OEA y representantes del gobierno de do\u00f1a Violeta lograron constatar gran parte de estas ejecuciones.<\/p>\n\n\n\n<p>\u201cFuimos blanco del ej\u00e9rcito sandinista. En los \u00faltimos a\u00f1os, cada proceso electoral que se da en el \u00e1rea rural siempre hay muertos de la Resistencia\u201d, afirma Sobalvarro.<\/p>\n\n\n\n<p class=\"has-text-align-center\"><strong>***<\/strong><\/p>\n\n\n\n<p>Maximino Rodr\u00edguez entr\u00f3 a las filas de la Contra con 17 a\u00f1os de edad. Recuerda que primero form\u00f3 parte de una c\u00e9lula que se asent\u00f3 en Nueva Guinea. Luego junto a otros 10 guerrilleros se fue a Jinotega a continuar su preparaci\u00f3n para la guerra. Pas\u00f3 por R\u00edo San Juan, donde casi lo descubre el Ej\u00e9rcito Popular Sandinista y decidi\u00f3 salir para Choluteca, Honduras. Finalmente conforma la legi\u00f3n 15 de Septiembre.<\/p>\n\n\n\n<p class=\"has-text-align-left\">En sus andanzas en las filas de la Contra le toc\u00f3 pasar hambre, combatir con cachorros de su edad y casi siempre menores que \u00e9l y hasta emboscar a los Cinchoneros, una guerrilla de izquierda de Honduras. Fueron cinco balazos los que se llev\u00f3 en esos a\u00f1os.<\/p>\n\n\n\n<p class=\"has-text-align-left\">Hoy Rodr\u00edguez es diputado de la Asamblea Nacional. Un parlamento controlado por los mismos a los que Rodr\u00edguez combati\u00f3 en los ochenta. Es hoy por hoy uno de los pocos excontras que tiene un cargo p\u00fablico.<br>Para la gran mayor\u00eda de los excombatientes de la Resistencia, el gobierno de Violeta Barrios los enga\u00f1\u00f3 y tuvieron que afrontar solos hambre y la persecuci\u00f3n.<\/p>\n\n\n\n<p class=\"has-text-align-left\">Dice que los excontras desde que termin\u00f3 la guerra se sintieron marcados de muerte. \u00bfQui\u00e9n les puso esa marca?<br>\u201cNo fue la gente. M\u00e1s bien las personas en las comunidades nos recib\u00edan alegres. Todos quer\u00edamos volver a una Nicaragua libre y en paz y ya la perdimos. Cuando hablo de estigmatizaci\u00f3n es de parte de la misma clase pol\u00edtica e hist\u00f3rica de Nicaragua. En mi cara me han dicho que \u2018la pol\u00edtica es para los profesionales\u2019 y que nosotros ya hicimos nuestro trabajo, que fue volar tiros\u201d, dice.<\/p>\n\n\n\n<p class=\"has-text-align-left\">\u201cYo soy lisiado de guerra y diario tengo que comprar un medicamento caro. Un campesino de la Contra no tiene capacidad para comprar un medicamento o gastarse 200 d\u00f3lares diarios en medicamento, porque a lo sumo le pagan 100 o 150 c\u00f3rdobas como jornalero. La mayor parte de nuestros combatientes son jornaleros. Una pr\u00f3tesis es cara. A m\u00ed nadie de la sociedad nicarag\u00fcense me ha dado algo para mis problemas de salud.<\/p>\n\n\n\n<p class=\"has-text-align-left\">En tiempos de do\u00f1a Violeta me dieron un dictamen m\u00e9dico del ciento por ciento de la incapacidad para trabajar. Me daban 25 c\u00f3rdobas oro de pensi\u00f3n en aquel momento y yo les dije que no\u201d.<\/p>\n\n\n<div class=\"wp-block-image\">\n<figure class=\"aligncenter\"><a href=\"https:\/\/gep90.laprensa.com.ni\/magazine\/wp-content\/uploads\/2019\/12\/capture.png\"><img decoding=\"async\" width=\"880\" height=\"549\" src=\"https:\/\/gep90.laprensa.com.ni\/magazine\/wp-content\/uploads\/2019\/12\/capture.png\" alt=\"\" class=\"wp-image-49529\" srcset=\"https:\/\/d1xxa24wwackpg.cloudfront.net\/wp-content\/uploads\/2019\/12\/capture.png 880w, https:\/\/d1xxa24wwackpg.cloudfront.net\/wp-content\/uploads\/2019\/12\/capture.png 300w, https:\/\/d1xxa24wwackpg.cloudfront.net\/wp-content\/uploads\/2019\/12\/capture.png 768w\" sizes=\"(max-width: 880px) 100vw, 880px\" \/><\/a><figcaption class=\"wp-element-caption\"><strong>Campesinos contras capturados a finales de los a\u00f1os ochenta. Fueron de los \u00faltimos prisioneros que tuvo el Ej\u00e9rcito Popular Sandinista. LA PRENSA\/ARCHIVO PERSONAL OSCAR NAVARRETE<\/strong><\/figcaption><\/figure>\n<\/div>\n\n\n<p class=\"has-text-align-left\">\u00bfC\u00f3mo estar\u00edamos en Nicaragua si nunca hubiera existido la Contra?, se le pregunta.<\/p>\n\n\n\n<p class=\"has-text-align-left\">\u201cSer\u00edamos la Cuba n\u00famero dos. Ten\u00edamos un objetivo que era derribar el marxismo leninismo en Nicaragua. Ese r\u00e9gimen sandinista era una amenaza. Ser\u00edamos un pa\u00eds conformista que vivir\u00eda de las migas que da el Estado\u201d.<br>Durante el mismo desarme se firm\u00f3 que la Contra tendr\u00eda su propio partido pol\u00edtico y as\u00ed fue como naci\u00f3 el Partido Resistencia Nicarag\u00fcense (PRN).<\/p>\n\n\n\n<p class=\"has-text-align-left\">En la actualidad este partido es una especie de \u201cox\u00edmoron\u201d, ya que es aliado del Frente Sandinista de Liberaci\u00f3n Nacional. Para Maximino Rodr\u00edguez es una alianza antinatura, aunque asegura que no es el PRN que est\u00e1 aliado con Daniel Ortega, sino las personas que tienen secuestrado el partido.<\/p>\n\n\n\n<p class=\"has-text-align-left\">\u201cEl que est\u00e1 aliado es Julio C\u00e9sar Bland\u00f3n \u2018Kalim\u00e1n\u2019, adem\u00e1s que los contras no necesitamos solicitar ser parte del PRN, por el simple hecho de que sus estatutos dicen que todos los que fuimos de la Resistencia somos parte del PRN\u201d, insiste Rodr\u00edguez.<\/p>\n\n\n\n<p class=\"has-text-align-left\">El PRN sigue en manos de aliados del Frente Sandinista, por lo que varios miembros de la Contra deciden en 2016 crear el partido Fuerza Democr\u00e1tica Nicarag\u00fcense (FDN).<\/p>\n\n\n\n<p class=\"has-text-align-left\">Desde el FDN se pretende \u201casaltar\u201d el poder por la v\u00eda electoral, pero la actual situaci\u00f3n que vive Nicaragua desde el 18 de abril de 2018 ha frenado el trabajo que se estaba haciendo con este partido.<\/p>\n\n\n\n<p class=\"has-text-align-left\">En la actualidad, gran parte de los miembros de la Resistencia sobrepasan los 50 a\u00f1os de edad. Son un \u201cej\u00e9rcito de campesinos lisiados de guerra\u201d, a los que se les ha dejado en el abandono, se\u00f1ala Maximino Rodr\u00edguez, aunque resalta que si antes eran m\u00e1s de 20 mil contras, hoy son m\u00e1s los miembros de la Resistencia.<\/p>\n\n\n\n<p class=\"has-text-align-left\">\u201cUn hijo de un miembro de la Resistencia es un contra m\u00e1s y vamos a seguir en pie de lucha por la v\u00eda democr\u00e1tica para sacar de nuevo a los sandinistas del poder\u201d, sentencia Rodr\u00edguez.<\/p>\n\n\n\n<p class=\"has-text-align-center\">***<\/p>\n\n\n\n<p>Uno de los ataques m\u00e1s grandes en contra de contras fue el ocurrido el 6 de enero de 1995 en el cerro de La Mara\u00f1osa, en la carretera Pantasma-Jinotega, donde miembros del Ej\u00e9rcito de Nicaragua masacraron a 13 personas.<br>Ese d\u00eda dos camiones rusos Zil del Ej\u00e9rcito llegaron al sector de La Zacatera, ubicada a 10 kil\u00f3metros al sureste de Wiwil\u00ed, en Jinotega. Ah\u00ed los esperaba la banda de rearmados los Hugos, que ser\u00edan trasladados a la base de Apan\u00e1s, donde recibir\u00edan 250 mil c\u00f3rdobas por dejar las armas. Estos eran custodiados por los soldados Henry Vallecillo y Fausto Amador, quienes tambi\u00e9n fallecieron en la emboscada en el empalme de La Mara\u00f1osa.<\/p>\n\n\n\n<p>A eso de las nueve y media de la noche, cuando el cami\u00f3n circulaba por el empalme de La Mara\u00f1osa, se escuch\u00f3 una detonaci\u00f3n y luego disparos que duraron unos 25 minutos, recuerda Harvi Montenegro, quien viv\u00eda a 100 metros de donde ocurri\u00f3 la masacre.<\/p>\n\n\n\n<p>Como era de esperarse, se dijo que las personas que resultaron muertas eran \u201cgrupos delincuenciales\u201d, aunque la versi\u00f3n del Ej\u00e9rcito se contradec\u00eda con la de la Polic\u00eda en muchos aspectos. Fernando Caldera, jefe policial por entonces, dijo que \u201cse hab\u00eda producido una emboscada por parte de un grupo rearmado contra miembros del Ej\u00e9rcito\u201d.<\/p>\n\n\n<div class=\"wp-block-image\">\n<figure class=\"aligncenter\"><a href=\"https:\/\/gep90.laprensa.com.ni\/magazine\/wp-content\/uploads\/2019\/12\/jefes.png\"><img decoding=\"async\" width=\"884\" height=\"543\" src=\"https:\/\/gep90.laprensa.com.ni\/magazine\/wp-content\/uploads\/2019\/12\/jefes.png\" alt=\"\" class=\"wp-image-49528\" srcset=\"https:\/\/d1xxa24wwackpg.cloudfront.net\/wp-content\/uploads\/2019\/12\/jefes.png 884w, https:\/\/d1xxa24wwackpg.cloudfront.net\/wp-content\/uploads\/2019\/12\/jefes.png 300w, https:\/\/d1xxa24wwackpg.cloudfront.net\/wp-content\/uploads\/2019\/12\/jefes.png 768w\" sizes=\"(max-width: 884px) 100vw, 884px\" \/><\/a><figcaption class=\"wp-element-caption\"><strong>La \u00faltima foto del Estado Mayor de la Resistencia antes de dejar las armas. LA PRENSA\/ARCHIVO<\/strong><\/figcaption><\/figure>\n<\/div>\n\n\n<p>Mientras que el comunicado del Ej\u00e9rcito asegur\u00f3 que \u201cdesde el d\u00eda 16 de diciembre de 1994 las Fuerzas Especiales de la Agrupaci\u00f3n T\u00e1ctica de Combate Benjam\u00edn Zeled\u00f3n, sostuvieron contacto con los enlaces de la banda de delincuentes armados jefeados por los individuos C\u00e9sar Meza Rivera \u2018Hugo\u2019 y Mario Meza Rivera \u2018Bayardo\u2019, quienes quer\u00edan conversar con el Ej\u00e9rcito Popular Sandinista (EPS) para su desarme\u201d.<\/p>\n\n\n\n<p>Sobre el enfrentamiento del 6 de enero de 1995, \u201ccuando la caravana que era escoltada por 20 comandos se desplazaba a 2 kil\u00f3metros al sureste del empalme de La Mara\u00f1osa \u2014narran los militares\u2014 se escuch\u00f3 una r\u00e1faga en el cami\u00f3n que transportaba a los delincuentes, produci\u00e9ndose de forma instant\u00e1nea la muerte del conductor del cami\u00f3n, el soldado del EPS Harry Vallecillo y del soldado escolta Fausto Amador Zelaya. Al mismo tiempo los delincuentes desde el cami\u00f3n atacaron con granadas el cami\u00f3n escolta, produci\u00e9ndose un combate que dur\u00f3 30 minutos\u201d.<\/p>\n\n\n\n<p>Luis Fley asegur\u00f3 que este grupo de 13 personas eran recontras que se hab\u00edan levantado en armas para exigir el cumplimiento de los acuerdos firmados durante el desarme.<\/p>\n\n\n\n<p>Entre los alzados estaban: C\u00e9sar Meza Rivera, alias Hugo; Mario Rivera Meza; Jos\u00e9 Rivera Meza; Jes\u00fas Meza, padre de los rearmados; David Montenegro Gonz\u00e1lez; Marlon Duarte Olivas; An\u00edbal Duarte Olivas; Edwin Rugama Mart\u00ednez; Bernardino Chavarr\u00eda Matey; Tilo Quintero Castro y la profesora Egdomilia Peralta Beflor\u00edn.<\/p>\n\n\n\n<h3 class=\"wp-block-heading\">Los \u00faltimos rearmados ejecutados<\/h3>\n\n\n\n<p>Tras la vuelta al poder de Daniel Ortega, la persecuci\u00f3n en contra de los excombatientes de la Resistencia se ha intensificado. Desde 2011 al menos han sucedido unos 20 enfrentamientos entre patrullas de la Polic\u00eda, en combinaci\u00f3n con miembros del Ej\u00e9rcito, en contra de \u201cgrupos delincuenciales\u201d a los que se les ha denominado rearmados.<\/p>\n\n\n\n<p>Al menos, 47 rearmados han resultado asesinados en estos enfrentamientos, siendo la masacre de La Cruz de R\u00edo Grande en noviembre de 2017 uno de los \u00faltimos episodios. Donde fueron asesinados los dos hijos menores de edad de la campesina Elea Valle.<\/p>\n\n\n\n<p>En febrero de 2011 fue asesinado Jos\u00e9 Gabriel Garmendia, conocido como Jahob.<\/p>\n\n\n\n<p>En enero de 2012, fue asesinado en Honduras Santos Guadalupe Joya, conocido como Pablo Negro. Miembros de la Contra aseguraron que fue el Ej\u00e9rcito.<\/p>\n\n\n\n<p>En abril de 2013, el campesino Joaqu\u00edn Torres D\u00edaz \u201cCascabel\u201d fue asesinado. D\u00edas antes se hab\u00eda publicado un video donde aseguraba que se hab\u00eda levantado en armas contra Daniel Ortega.<\/p>\n\n\n\n<p>El 12 de junio de 2014 Saturnino Lira, comandante Naval, muri\u00f3 en un enfrentamiento con el Ej\u00e9rcito.<\/p>\n\n\n\n<p>La mayor\u00eda de estos campesinos asegur\u00f3 antes de morir que eran excombatientes de la Contra.<\/p>\n\n\n\n<h3 class=\"wp-block-heading\">La leyenda del Flaco Guti\u00e9rrez<\/h3>\n\n\n\n<p>En octubre de 2018, en redes sociales se hizo viral un video donde un grupo de hombres armados que hablan contra Daniel Ortega. Entre ellos, sorprende la aparici\u00f3n de Gerardo de Jes\u00fas Guti\u00e9rrez, conocido como el Flaco, que manda saludos a los estudiantes que se levantaron en abril de 2018 y al barrio ind\u00edgena de Monimb\u00f3.<\/p>\n\n\n\n<p>Gerardo no era visto desde 2013, cuando asegur\u00f3 ser un excombatiente de la Resistencia y anunci\u00f3 que tomar\u00eda las armas para combatir a Daniel Ortega.<\/p>\n\n\n\n<p>Este campesino originario de la comunidad Tamalaque, a ocho kil\u00f3metros al oeste del poblado Praderas, cabecera municipal de Santa Mar\u00eda de Pantasma, departamento de Jinotega, es uno de los pocos hombres que ha escapado de ser ejecutado por el Ej\u00e9rcito de Nicaragua.<\/p>\n\n\n\n<p>En 2013 el coronel Jos\u00e9 Dolores Hern\u00e1ndez, jefe del Sexto Comando Militar Regional (SCMR), le acus\u00f3 de robo, secuestro y abigeo. En todo 2014 hubo 13 enfrentamientos entre el SCMR y grupos rearmados en el norte del pa\u00eds. De esos enfrentamientos solo el Flaco Guti\u00e9rrez ha sobrevivido.<\/p>\n\n\n\n<h3 class=\"wp-block-heading\">El asesinato de 3-80<\/h3>\n\n\n\n<p>No hab\u00eda pasado un a\u00f1o desde el desarme de la Contra cuando el 16 de febrero de 1991 fue asesinado Enrique Berm\u00fadez Varela, conocido como comandante 3-80.<\/p>\n\n\n\n<p>Fue el \u00faltimo jefe de la Contra asesinado a tiros. 3-80 fue asesinado en el estacionamiento del Hotel Intercontinental, hoy Crowne Plaza. Recibi\u00f3 dos disparos, uno de ellos en la cabeza. Seg\u00fan la cr\u00f3nica del diario LA PRENSA, el excoronel somocista, exagregado militar de la embajada nicarag\u00fcense en Washington, fue asesinado con un arma de alta precisi\u00f3n.<\/p>\n\n\n\n<p>\u201cLe dispararon sin asco\u201d, dijo el cardenal Miguel Obando y Bravo durante la misa de cuerpo presente de 3-80. \u201cQuien lo mat\u00f3, lo hizo por la espalda sabiendo que Berm\u00fadez era todo un hombre\u201d.<\/p>\n","protected":false},"excerpt":{"rendered":"<p>La que lleg\u00f3 a ser una de las guerrillas m\u00e1s grandes del continente qued\u00f3 reducida a un ej\u00e9rcito de campesinos desarmados, lisiados, perseguidos y asesinados en las monta\u00f1as del pa\u00eds.<\/p>\n","protected":false},"author":5293,"featured_media":49543,"comment_status":"open","ping_status":"open","sticky":false,"template":"","format":"standard","meta":{"_acf_changed":false,"footnotes":""},"categories":[26],"tags":[4934,4983,2966],"class_list":["post-49527","post","type-post","status-publish","format-standard","has-post-thumbnail","hentry","category-reportajes","tag-anos-80","tag-anos-90","tag-contrarrevolucion"],"acf":[],"_links":{"self":[{"href":"https:\/\/staging.laprensanic.com\/magazine\/wp-json\/wp\/v2\/posts\/49527","targetHints":{"allow":["GET"]}}],"collection":[{"href":"https:\/\/staging.laprensanic.com\/magazine\/wp-json\/wp\/v2\/posts"}],"about":[{"href":"https:\/\/staging.laprensanic.com\/magazine\/wp-json\/wp\/v2\/types\/post"}],"author":[{"embeddable":true,"href":"https:\/\/staging.laprensanic.com\/magazine\/wp-json\/wp\/v2\/users\/5293"}],"replies":[{"embeddable":true,"href":"https:\/\/staging.laprensanic.com\/magazine\/wp-json\/wp\/v2\/comments?post=49527"}],"version-history":[{"count":8,"href":"https:\/\/staging.laprensanic.com\/magazine\/wp-json\/wp\/v2\/posts\/49527\/revisions"}],"predecessor-version":[{"id":58825,"href":"https:\/\/staging.laprensanic.com\/magazine\/wp-json\/wp\/v2\/posts\/49527\/revisions\/58825"}],"wp:featuredmedia":[{"embeddable":true,"href":"https:\/\/staging.laprensanic.com\/magazine\/wp-json\/wp\/v2\/media\/49543"}],"wp:attachment":[{"href":"https:\/\/staging.laprensanic.com\/magazine\/wp-json\/wp\/v2\/media?parent=49527"}],"wp:term":[{"taxonomy":"category","embeddable":true,"href":"https:\/\/staging.laprensanic.com\/magazine\/wp-json\/wp\/v2\/categories?post=49527"},{"taxonomy":"post_tag","embeddable":true,"href":"https:\/\/staging.laprensanic.com\/magazine\/wp-json\/wp\/v2\/tags?post=49527"}],"curies":[{"name":"wp","href":"https:\/\/api.w.org\/{rel}","templated":true}]}}