{"id":49868,"date":"2020-01-13T10:25:09","date_gmt":"2020-01-13T16:25:09","guid":{"rendered":"http:\/\/gep90.laprensa.com.ni\/magazine\/?p=49868"},"modified":"2024-01-04T18:45:47","modified_gmt":"2024-01-05T00:45:47","slug":"las-muertes-de-veracruz-por-un-soplon","status":"publish","type":"post","link":"https:\/\/staging.laprensanic.com\/magazine\/reportajes\/las-muertes-de-veracruz-por-un-soplon\/","title":{"rendered":"Las muertes de Veracruz por un \u00absopl\u00f3n\u00bb"},"content":{"rendered":"\n<p>La noche del domingo 15 de abril de 1979 fue linda para Idania Fern\u00e1ndez, Carlos Manuel Jarqu\u00edn, Edgard Lang y R\u00f3ger Deshon Arg\u00fcello. Estuvieron en una casa del barrio Labor\u00edo, en Le\u00f3n. Idania toc\u00f3 la guitarra y cant\u00f3. \u201cFue una noche bell\u00edsima\u201d, record\u00f3 tiempo despu\u00e9s Ana Isabel Morales, quien particip\u00f3 con ellos de ese momento.<\/p>\n\n\n\n<p>Estuvieron en un cuarto con aire acondicionado que ten\u00eda doble piso y pasaron toda la noche hablando sobre sus \u201chijos, amores, experiencias, amarguras, sinsabores, alegr\u00edas, esperanzas, compartiendo, cantando canciones revolucionarias\u201d, le contar\u00eda despu\u00e9s Morales a la comandante M\u00f3nica Baltodano.<\/p>\n\n\n\n<p>\u201cFue como una premonici\u00f3n\u201d, agrega Morales.<\/p>\n\n\n\n<p>Al d\u00eda siguiente, en el reparto Veracruz de Le\u00f3n, cerca de las 4:00 de la tarde, la Guardia Nacional, llevando una tanqueta al frente, rode\u00f3 la casa donde estaban los guerrilleros. En el mismo lugar, ante los ojos asustados de la poblaci\u00f3n, la Guardia mat\u00f3 a Edgard Lang, R\u00f3ger Deshon, Carlos Manuel Jarqu\u00edn y \u00d3scar Perezcassar. Y a Idania Fern\u00e1ndez y Araceli P\u00e9rez se las llevaron al camino hacia el fort\u00edn donde las violaron y tambi\u00e9n las mataron.<\/p>\n\n\n<div class=\"wp-block-image\">\n<figure class=\"aligncenter\"><a href=\"https:\/\/gep90.laprensa.com.ni\/magazine\/wp-content\/uploads\/2020\/01\/301-Mag-Veracruz107.jpg\"><img fetchpriority=\"high\" decoding=\"async\" width=\"700\" height=\"621\" src=\"https:\/\/gep90.laprensa.com.ni\/magazine\/wp-content\/uploads\/2020\/01\/301-Mag-Veracruz107.jpg\" alt=\"\" class=\"wp-image-49883\" srcset=\"https:\/\/d1xxa24wwackpg.cloudfront.net\/wp-content\/uploads\/2020\/01\/301-Mag-Veracruz107.jpg 700w, https:\/\/d1xxa24wwackpg.cloudfront.net\/wp-content\/uploads\/2020\/01\/301-Mag-Veracruz107.jpg 300w\" sizes=\"(max-width: 700px) 100vw, 700px\" \/><\/a><figcaption class=\"wp-element-caption\"><em>La Guardia Nacional logr\u00f3 asestar un buen golpe al FSLN matando a la mayor\u00eda del Estado Mayor del Frente Occidental en abril de 1979. Para algunos sandinistas, la Guardia ten\u00eda buen trabajo de inteligencia pero tambi\u00e9n ellos cometieron muchos errores al no observar fielmente las medidas de seguridad. FOTO\/ CORTES\u00cdA\/ IHNCA<\/em><\/figcaption><\/figure>\n<\/div>\n\n\n<p>Exceptuando a Perezcassar, todos eran miembros del Estado Mayor del Frente Occidental del FSLN. Guerrilleros reconocidos como de grandes valores. Perezcassar, miembro del Estado Mayor del Frente Interno, estaba ubicado en Managua pero en esa ocasi\u00f3n se hab\u00eda ido a Le\u00f3n.<\/p>\n\n\n\n<p>\u00bfQu\u00e9 pas\u00f3? Si hab\u00eda instrucciones de que el Estado Mayor no se reunieran todos a la misma vez. Ahora nadie recuerda si el caso se investig\u00f3, a pesar que tres meses despu\u00e9s los sandinistas llegaron al poder, pero s\u00ed todos est\u00e1n seguros de que hubo un \u201csopl\u00f3n\u201d. A los que murieron en Veracruz los delat\u00f3 alguien.<\/p>\n\n\n\n<p class=\"has-text-align-center\">***<\/p>\n\n\n\n<p>Idania Fern\u00e1ndez era de Managua, naci\u00f3 en 1952, pero se cri\u00f3 un tiempo en Le\u00f3n para luego regresar a la capital.<br>Como estudiante, entre los a\u00f1os 1971 y 1972, comenz\u00f3 a participar en manifestaciones para exigir la liberaci\u00f3n de los presos pol\u00edticos que ten\u00eda la dictadura somocista.<\/p>\n\n\n\n<p>En 1974 se cas\u00f3 con David Miranda, un paname\u00f1o-nicarag\u00fcense, con quien tuvo una hija, Claudia. Idania estaba en Panam\u00e1 cuando se uni\u00f3 al Frente, del que supo despu\u00e9s que un grupo de sandinistas se tom\u00f3 la casa de Chema Castillo.<\/p>\n\n\n<div class=\"wp-block-image\">\n<figure class=\"aligncenter\"><a href=\"https:\/\/gep90.laprensa.com.ni\/magazine\/wp-content\/uploads\/2020\/01\/301-Mag-Veracruz11.jpg\"><img decoding=\"async\" width=\"700\" height=\"916\" src=\"https:\/\/gep90.laprensa.com.ni\/magazine\/wp-content\/uploads\/2020\/01\/301-Mag-Veracruz11.jpg\" alt=\"\" class=\"wp-image-49871\" srcset=\"https:\/\/d1xxa24wwackpg.cloudfront.net\/wp-content\/uploads\/2020\/01\/301-Mag-Veracruz11.jpg 700w, https:\/\/d1xxa24wwackpg.cloudfront.net\/wp-content\/uploads\/2020\/01\/301-Mag-Veracruz11.jpg 229w\" sizes=\"(max-width: 700px) 100vw, 700px\" \/><\/a><figcaption class=\"wp-element-caption\"><em>Idania Fern\u00e1ndez carga a Camilo Daniel Ortega Herrera, hijo de Daniel Ortega con Leticia Herrera. Esta \u00faltima se salv\u00f3 de morir junto a Fern\u00e1ndez. FOTO\/ CORTES\u00cdA\/ DORA MAR\u00cdA T\u00c9LLEZ<\/em><\/figcaption><\/figure>\n<\/div>\n\n\n<p>De acuerdo con algunas versiones, Idania iba a ser miembro del comando que en 1978 se tom\u00f3 el Palacio Nacional, pero finalmente eligieron a Dora Mar\u00eda T\u00e9llez. Seg\u00fan la misma T\u00e9llez, Idania form\u00f3 parte del Frente Sur.<\/p>\n\n\n\n<p>Conocida como \u201cAngelita\u201d, Idania se destac\u00f3 como morterista y \u2014explica M\u00f3nica Baltodano\u2014, en Pe\u00f1as Blancas sufri\u00f3 un accidente cuando intentaba usar el mortero con disparos tipo vietnamita. \u201cAh\u00ed casi pierde la mano, por lo que pas\u00f3 a rehabilitaci\u00f3n\u201d, escribi\u00f3 Baltodano.<\/p>\n\n\n\n<p>Araceli P\u00e9rez era mexicana. Psic\u00f3loga y catedr\u00e1tica universitaria, desde 1975 Araceli se hab\u00eda unido al Comit\u00e9 Mexicano de Solidaridad con Nicaragua pero fue en 1977 cuando la dejaron de ver en su pa\u00eds porque decidi\u00f3 llegar a Nicaragua y unirse al FSLN para luchar contra Somoza. Ten\u00eda pensado irse a El Salvador una vez que fuera derrocado Somoza.<\/p>\n\n\n\n<p>M\u00f3nica Baltodano escribi\u00f3 que Araceli fue conocida como \u201cTere\u201d, \u201cArgentina\u201d, \u201cPilar\u201d y \u201cMartha\u201d. Hab\u00eda nacido en Espa\u00f1a en 1945.<\/p>\n\n\n<div class=\"wp-block-image\">\n<figure class=\"aligncenter\"><a href=\"https:\/\/gep90.laprensa.com.ni\/magazine\/wp-content\/uploads\/2020\/01\/301-Mag-Veracruz24.jpg\"><img decoding=\"async\" width=\"680\" height=\"1024\" src=\"https:\/\/gep90.laprensa.com.ni\/magazine\/wp-content\/uploads\/2020\/01\/301-Mag-Veracruz24-680x1024.jpg\" alt=\"\" class=\"wp-image-49878\" srcset=\"https:\/\/d1xxa24wwackpg.cloudfront.net\/wp-content\/uploads\/2020\/01\/301-Mag-Veracruz24.jpg 680w, https:\/\/d1xxa24wwackpg.cloudfront.net\/wp-content\/uploads\/2020\/01\/301-Mag-Veracruz24.jpg 199w, https:\/\/d1xxa24wwackpg.cloudfront.net\/wp-content\/uploads\/2020\/01\/301-Mag-Veracruz24.jpg 700w\" sizes=\"(max-width: 680px) 100vw, 680px\" \/><\/a><figcaption class=\"wp-element-caption\"><em>La mexicana Araceli P\u00e9rez Darias. FOTO\/ CORTES\u00cdA\/ DORA MAR\u00cdA T\u00c9LLEZ<\/em><\/figcaption><\/figure>\n<\/div>\n\n\n<p>Estuvo en Honduras y apoyaba al Frente Norte y fue a inicios de 1978 que se le encarga ir a trabajar en Le\u00f3n y Chinandega.<\/p>\n\n\n\n<p>R\u00f3ger Deshon era \u201cflem\u00e1tico\u201d, recuerda el general en retiro Hugo Torres. \u201cEra de esas personas que vos dec\u00eds que se les pasea el alma por el cuerpo. Muy tranquilo. Muy buena persona. Conversador. Con muy buen sentido del humor\u201d, dice Torres.<\/p>\n\n\n\n<p>Vilma N\u00fa\u00f1ez de Escorcia, por aquel entonces abogada que defend\u00eda a los reos del FSLN, tambi\u00e9n recuerda a Deshon porque cuando ella se integr\u00f3 al Frente \u00e9l era su responsable. \u201cMi casa era su casa de seguridad. Ah\u00ed com\u00eda. Era retra\u00eddo, poco comunicativo. Era de dar orientaciones, muy educado, fraterno. Pero era muy parco\u201d, dice N\u00fa\u00f1ez, hoy defensora de derechos humanos.<\/p>\n\n\n\n<p>A Deshon le dec\u00edan \u201cRogelio\u201d o \u201cel Chele\u201d. Era de Managua, nacido en 1940 y era antisomocista desde finales de los a\u00f1os cincuenta.<\/p>\n\n\n\n<p>Estuvo en Mosc\u00fa, donde abandon\u00f3 los estudios y se integr\u00f3 al FSLN en 1967 y lo entrenaron en Cuba. Tambi\u00e9n form\u00f3 parte del comando que asalt\u00f3 la casa de Chema Castillo en 1974. Fue el \u00fanico que recibi\u00f3 una herida de bala en esa acci\u00f3n.<\/p>\n\n\n\n<p>Antes de su muerte se hab\u00eda unido a los terceristas, una de las tres facciones en que se divid\u00eda entonces el Frente Sandinista, y desde septiembre de 1978 estaba asignado a Le\u00f3n y Chinandega.<\/p>\n\n\n<div class=\"wp-block-image\">\n<figure class=\"aligncenter\"><a href=\"https:\/\/gep90.laprensa.com.ni\/magazine\/wp-content\/uploads\/2020\/01\/301-Mag-Veracruz19.jpg\"><img loading=\"lazy\" decoding=\"async\" width=\"700\" height=\"521\" src=\"https:\/\/gep90.laprensa.com.ni\/magazine\/wp-content\/uploads\/2020\/01\/301-Mag-Veracruz19.jpg\" alt=\"\" class=\"wp-image-49873\" srcset=\"https:\/\/d1xxa24wwackpg.cloudfront.net\/wp-content\/uploads\/2020\/01\/301-Mag-Veracruz19.jpg 700w, https:\/\/d1xxa24wwackpg.cloudfront.net\/wp-content\/uploads\/2020\/01\/301-Mag-Veracruz19.jpg 300w\" sizes=\"(max-width: 700px) 100vw, 700px\" \/><\/a><figcaption class=\"wp-element-caption\">\u00d3scar P\u00e9rezcassar, en la misma casa de Francisco Qui\u00f1\u00f3nez, que era donde estaban antes que los matara la Guardia. FOTO\/ CORTES\u00cdA\/ DORA MAR\u00cdA T\u00c9LLEZ<\/figcaption><\/figure>\n<\/div>\n\n\n<p>N\u00fa\u00f1ez recuerda que aunque Deshon era el jefe, \u00d3scar Perezcassar fue quien m\u00e1s le ayud\u00f3 a ella a entender \u201clo que estaba pasando en ese momento\u201d. \u201cMe hizo part\u00edcipe. Me ense\u00f1\u00f3 hasta c\u00f3mo enfrentar un interrogatorio de la Guardia, si me deten\u00edan\u201d, dice N\u00fa\u00f1ez.<\/p>\n\n\n\n<p>Para Hugo Torres, Perezcassar era \u201cmuy convencido de la causa (antisomocista)\u201d. \u201cEra en\u00e9rgico y muy intransigente con los errores y con las faltas. Muy convencido de sus planteamientos. Hab\u00eda que discutir con \u00e9l para que reconsiderara lo que pensaba. Pero era muy hermanable\u201d, explica Torres.<\/p>\n\n\n\n<p>\u201cEra acucioso y muy cr\u00edtico. No aceptaba las \u00f3rdenes sin razones. Por eso siempre ten\u00eda choques con algunos jefes\u201d, escribi\u00f3 sobre Perezcassar la comandante M\u00f3nica Baltodano.<\/p>\n\n\n\n<p>Perezcassar era de complexi\u00f3n recia y por eso le dec\u00edan \u201cel Gordo Pin\u201d. De todos los que murieron en esa ocasi\u00f3n, \u00e9l era el \u00fanico originario de Le\u00f3n, nacido en 1953.<\/p>\n\n\n\n<p>Era un l\u00edder estudiantil y fundador del Movimiento Cristiano Revolucionario de Le\u00f3n. Particip\u00f3 en los movimientos de finales del 60, toma de colegios, huelgas, tomas de iglesias y se uni\u00f3 al FSLN en 1972, trabajando en los barrios.<\/p>\n\n\n\n<p>Perezcassar fue primero de la tendencia Guerra Popular Prolongada (GPP), pero despu\u00e9s se pas\u00f3 a la Tercerista.<\/p>\n\n\n\n<p>Casi todos los que murieron en Veracruz eran j\u00f3venes de clase media. Edgard Lang Sacasa era quien ten\u00eda familia con m\u00e1s recursos. Era de Managua, nacido en 1955 y le dec\u00edan \u201cAurelio\u201d.<\/p>\n\n\n<div class=\"wp-block-image\">\n<figure class=\"aligncenter\"><a href=\"https:\/\/gep90.laprensa.com.ni\/magazine\/wp-content\/uploads\/2020\/01\/301-Mag-Veracruz22.jpeg\"><img loading=\"lazy\" decoding=\"async\" width=\"614\" height=\"1024\" src=\"https:\/\/gep90.laprensa.com.ni\/magazine\/wp-content\/uploads\/2020\/01\/301-Mag-Veracruz22-614x1024.jpeg\" alt=\"\" class=\"wp-image-49876\" srcset=\"https:\/\/d1xxa24wwackpg.cloudfront.net\/wp-content\/uploads\/2020\/01\/301-Mag-Veracruz22.jpeg 614w, https:\/\/d1xxa24wwackpg.cloudfront.net\/wp-content\/uploads\/2020\/01\/301-Mag-Veracruz22.jpeg 180w, https:\/\/d1xxa24wwackpg.cloudfront.net\/wp-content\/uploads\/2020\/01\/301-Mag-Veracruz22.jpeg 700w\" sizes=\"(max-width: 614px) 100vw, 614px\" \/><\/a><figcaption class=\"wp-element-caption\"><em>Edgard Lang Sacasa. FOTO\/ ARCHIVO<\/em><\/figcaption><\/figure>\n<\/div>\n\n\n<p>Lang estudi\u00f3 Agricultura en California y se regres\u00f3 a Nicaragua para integrarse al Frente. \u201cQueridos pap\u00e1s: En los \u00faltimos meses han notado seguramente, en m\u00ed, una conducta un tanto extra\u00f1a; no voy a fiestas, he abandonado la afici\u00f3n a todo h\u00e1bito negativo, aparezco y desaparezco. Esto se debe queridos pap\u00e1s a que soy revolucionario, miembro del Frente Sandinista de Liberaci\u00f3n Nacional\u201d, le escribi\u00f3 a sus padres.<\/p>\n\n\n\n<p>En noviembre de 1977, cuando bajaba de la monta\u00f1a enfermo y con una herida en una mano, fue capturado, pero luego liberado cuando el Frente se tom\u00f3 el Palacio Nacional, en 1978.<\/p>\n\n\n\n<p>Carlos Manuel Jarqu\u00edn era de Ocotal. Hab\u00eda nacido en 1956 y le dec\u00edan \u201cJacinto\u201d o \u201cChinto\u201d.<\/p>\n\n\n\n<p>De acuerdo con M\u00f3nica Baltodano, particip\u00f3 en los movimientos cristianos del norte y luego se meti\u00f3 al FSLN en 1975.<\/p>\n\n\n<div class=\"wp-block-image\">\n<figure class=\"aligncenter\"><a href=\"https:\/\/gep90.laprensa.com.ni\/magazine\/wp-content\/uploads\/2020\/01\/301-Mag-Veracruz05.jpg\"><img loading=\"lazy\" decoding=\"async\" width=\"700\" height=\"530\" src=\"https:\/\/gep90.laprensa.com.ni\/magazine\/wp-content\/uploads\/2020\/01\/301-Mag-Veracruz05.jpg\" alt=\"\" class=\"wp-image-49909\" srcset=\"https:\/\/d1xxa24wwackpg.cloudfront.net\/wp-content\/uploads\/2020\/01\/301-Mag-Veracruz05.jpg 700w, https:\/\/d1xxa24wwackpg.cloudfront.net\/wp-content\/uploads\/2020\/01\/301-Mag-Veracruz05.jpg 300w\" sizes=\"(max-width: 700px) 100vw, 700px\" \/><\/a><figcaption class=\"wp-element-caption\">Carlos Manuel Jarqu\u00edn. FOTO\/ CORTES\u00cdA\/ DORA MAR\u00cdA T\u00c9LLEZ<\/figcaption><\/figure>\n<\/div>\n\n\n<p>Trabaj\u00f3 para el Frente Sandinista en Masaya y estuvo en Honduras en las escuelas de entrenamiento militar creadas en 1977, participando en los operativos ofensivos entre los meses de octubre y diciembre como Frente Norte. Pero en 1978 lo mandan al Frente Occidental.<\/p>\n\n\n\n<p class=\"has-text-align-center\">***<\/p>\n\n\n\n<p>En abril de 1979, \u201cel Zorro\u201d inicia una insurrecci\u00f3n en Estel\u00ed, la segunda y a los otros comandos del Frente les orientan hacer algo para poder distraer a la Guardia y quitarle la presi\u00f3n militar que hay sobre esa ciudad.<\/p>\n\n\n\n<p>\u201cEntonces planificamos operaciones insurreccionales en Le\u00f3n\u201d, le cuenta Ana Isabel Morales a M\u00f3nica Baltodano.<br>El lunes 16 de abril de 1979, \u00d3scar Perezcassar convoca a una reuni\u00f3n urgente en el reparto Veracruz.<\/p>\n\n\n\n<p>\u201cComenzamos en el carro a recoger a los compa\u00f1eros. And\u00e1bamos Edgard Lang, Carlos Manuel Jarqu\u00edn, Idania y yo, dando vueltas, esperando que llegara la hora de la reuni\u00f3n. Idania ten\u00eda un gran dolor de cabeza; le dijimos que se quedara pero no quiso. Llegamos a Veracruz, ya est\u00e1 R\u00f3ger Deshon, est\u00e1 \u2018Pin\u2019 Oscar Perezcassar. Despu\u00e9s llega Araceli, quien viv\u00eda en esa casa que era de Francisco Qui\u00f1\u00f3nez\u201d, relata Ana Isabel Morales, quien luego fue ministra de Gobernaci\u00f3n en la actual dictadura Ortega Murillo.<\/p>\n\n\n<div class=\"wp-block-image\">\n<figure class=\"aligncenter\"><a href=\"https:\/\/gep90.laprensa.com.ni\/magazine\/wp-content\/uploads\/2020\/01\/301-Mag-Veracruz102.jpg\"><img loading=\"lazy\" decoding=\"async\" width=\"700\" height=\"482\" src=\"https:\/\/gep90.laprensa.com.ni\/magazine\/wp-content\/uploads\/2020\/01\/301-Mag-Veracruz102.jpg\" alt=\"\" class=\"wp-image-49880\" srcset=\"https:\/\/d1xxa24wwackpg.cloudfront.net\/wp-content\/uploads\/2020\/01\/301-Mag-Veracruz102.jpg 700w, https:\/\/d1xxa24wwackpg.cloudfront.net\/wp-content\/uploads\/2020\/01\/301-Mag-Veracruz102.jpg 300w\" sizes=\"(max-width: 700px) 100vw, 700px\" \/><\/a><figcaption class=\"wp-element-caption\"><em>Charrasca y sus compa\u00f1eros de lucha en Le\u00f3n. Seg\u00fan Vilma N\u00fa\u00f1ez, en Le\u00f3n se gan\u00f3 a la Guardia gracias al coraje de esos j\u00f3venes considerados como \u201clumpens\u201d. FOTO\/ CORTES\u00cdA<\/em><\/figcaption><\/figure>\n<\/div>\n\n\n<p>Otra sobreviviente de lo que pas\u00f3 en Veracruz, Leticia Herrera, cuenta en su libro \u201cComandante guerrillera\u201d que ella ya hab\u00eda advertido de que no eran seguras algunas casas de seguridad en Le\u00f3n, pero Perezcassar la rega\u00f1\u00f3 dici\u00e9ndole que ten\u00eda delirio de persecuci\u00f3n.<\/p>\n\n\n\n<p>Ese d\u00eda, 16 de abril, a Herrera la llam\u00f3 Edgard Lang para decirle que iba a llegar por ella y aprovecha para pedirle que no se re\u00fanan en esa casa. Pero Lang le responde que ser\u00e1 la \u00faltima reuni\u00f3n que hagan en esa casa.<\/p>\n\n\n\n<p>\u201cQuedamos en que ellos llegar\u00edan por m\u00ed. Me hab\u00edan dicho que iban a llegar por m\u00ed a las cinco o cinco y media, porque la reuni\u00f3n iba a ser a las seis y yo me qued\u00e9 esperando porque no llegaron\u201d, relata Herrera.<\/p>\n\n\n\n<p>Lo que cuenta Ana Isabel Morales es que el chofer de Edgard Lang sali\u00f3 a buscar a Leticia Herrera, pero en ese instante llam\u00f3 otro de los sobrevivientes, Fanor Urroz.<\/p>\n\n\n\n<p>Perezcassar levant\u00f3 el tel\u00e9fono y Fanor le dijo que estaba saliendo de su casa para ir a la reuni\u00f3n; pero que acababa de ver pasar un convoy de la Guardia con una tanqueta adelante. Dirigi\u00e9ndose a todos, Perezcassar dijo: \u201cFanor avisa que viene la Guardia\u201d.<\/p>\n\n\n\n<p>\u201cRecuerdo clar\u00edsimo. Son cosas que no se te olvidan nunca en la vida. Abrimos la cortina de la sala y vimos que, efectivamente, una tanqueta va en direcci\u00f3n a la casa. Un jeep Becat de donde ya se est\u00e1n bajando unos guardias, y vienen pegados a la casa de Qui\u00f1\u00f3nez\u201d, recuerda Morales.<\/p>\n\n\n\n<p>Seg\u00fan le cont\u00f3 Fanor despu\u00e9s a Leticia Herrera, con la Guardia primero iba una tanqueta grande y luego otra m\u00e1s peque\u00f1a. Tambi\u00e9n iba el Becat, donde iba el jefe de la columna. Por \u00faltimo iba una ambulancia de la Cruz Roja. Y a cada lado, guardias a pie iban en formaci\u00f3n.<\/p>\n\n\n<div class=\"wp-block-image\">\n<figure class=\"aligncenter\"><a href=\"https:\/\/gep90.laprensa.com.ni\/magazine\/wp-content\/uploads\/2020\/01\/301-Mag-Veracruz081.jpg\"><img loading=\"lazy\" decoding=\"async\" width=\"700\" height=\"671\" src=\"https:\/\/gep90.laprensa.com.ni\/magazine\/wp-content\/uploads\/2020\/01\/301-Mag-Veracruz081.jpg\" alt=\"\" class=\"wp-image-50013\" srcset=\"https:\/\/d1xxa24wwackpg.cloudfront.net\/wp-content\/uploads\/2020\/01\/301-Mag-Veracruz081.jpg 700w, https:\/\/d1xxa24wwackpg.cloudfront.net\/wp-content\/uploads\/2020\/01\/301-Mag-Veracruz081.jpg 300w, https:\/\/d1xxa24wwackpg.cloudfront.net\/wp-content\/uploads\/2020\/01\/301-Mag-Veracruz081.jpg 24w\" sizes=\"(max-width: 700px) 100vw, 700px\" \/><\/a><figcaption class=\"wp-element-caption\"><em>Fanor Urroz. Fue quien avis\u00f3 a Deshon que la Guardia iba a donde ellos. Urroz muri\u00f3 un d\u00eda antes del triunfo de los sandinistas, cuando ven\u00eda de Le\u00f3n hacia Managua y tuvo un combate con los \u00faltimos focos de resistencia de la Guardia Nacional. FOTO\/ CORTES\u00cdA\/ DORA MAR\u00cdA T\u00c9LLEZ<\/em><\/figcaption><\/figure>\n<\/div>\n\n\n<p>De acuerdo con Morales, en el momento de esa reuni\u00f3n, que no estaba planificada, no hab\u00eda una escuadra de apoyo para los que se iban a reunir y ellos tampoco andaban armas.<\/p>\n\n\n\n<p>Morales indica que contiguo a la casa donde ellos estaban, que era de un hombre llamado Julio C\u00e9sar Castillo, ah\u00ed s\u00ed hab\u00eda armas del Frente.<\/p>\n\n\n\n<p>\u201cPin le dice a Araceli que salgamos para el otro extremo, y que ellos, con R\u00f3ger Deshon, van a buscar las armas. Salen en direcci\u00f3n a la casa de al lado, y Araceli nos saca a nosotros hacia las otras casas\u201d, recuerda Morales.<\/p>\n\n\n\n<p>En esa \u00e9poca, las casas de Le\u00f3n se comunicaban con huecos entre cada casa para no salir por la calle. Los guerrilleros pasaron por una piscina donde estaban unos ni\u00f1os, pero ya la Guardia est\u00e1 haciendo el cerco y comienzan a hacer disparos al aire. \u201cUna cuesti\u00f3n psicol\u00f3gica para sembrar el terror, mientras est\u00e1n terminando el cerco. Nosotros pasamos y detr\u00e1s de nosotros van todos los ni\u00f1os con las empleadas\u201d, dice Morales.<\/p>\n\n\n\n<p>Afuera, la Guardia los invita a que se rindan bajo promesa de que les van a respetar la vida. Seg\u00fan Leticia Herrera, Perezcassar dio la orden de que se rindieran y que despu\u00e9s le explicaron que lo hizo para proteger a las familias.<\/p>\n\n\n\n<p>Los guerrilleros llegaron a la \u00faltima casa del tope, donde ya no hay salidas, y la Guardia comienza a romper el port\u00f3n del frente, mientras le dec\u00eda a la gente que saliera con las manos arriba.<\/p>\n\n\n\n<p>Lo que salva a Morales es que ella agarra a una ni\u00f1a que est\u00e1 gritando hist\u00e9rica. La ni\u00f1a, de los nervios, la agarra y la abraza mientras todos sal\u00edan a la calle, pero Deshon y Perezcassar se fueron a otra casa. Lang, Jarqu\u00edn, Idania y Araceli se metieron en un cuarto.<\/p>\n\n\n\n<p>A ese cuarto se mete la Guardia y los saca.<\/p>\n\n\n\n<p>\u201cYo estoy con los ni\u00f1os, pero para ese entonces las empleadas no usaban lentes, yo atraje su atenci\u00f3n, entonces un Guardia me pregunta qui\u00e9n era, y yo contestaba que era empleada. Las compa\u00f1eras que estaban trabajando de ni\u00f1eras, todas sab\u00edan que nosotros \u00e9ramos sandinistas. Ellas eran colaboradoras del Frente y una me pregunta calladita mi seud\u00f3nimo. \u2018Julia\u2019, le digo yo, y entonces les dec\u00eda a los ni\u00f1os: \u2013Es la t\u00eda Julia, la t\u00eda Julia. Entonces los ni\u00f1os dec\u00edan: \u2013Mi t\u00eda Julia, mi t\u00eda Julia. Como la Guardia no estaba convencida de que yo era empleada, entonces ellas dec\u00edan que era familiar de los due\u00f1os de esa casa\u201d, recuerda Morales.<\/p>\n\n\n<div class=\"wp-block-image\">\n<figure class=\"aligncenter\"><a href=\"https:\/\/gep90.laprensa.com.ni\/magazine\/wp-content\/uploads\/2020\/01\/301-Mag-Veracruz101.jpg\"><img loading=\"lazy\" decoding=\"async\" width=\"700\" height=\"424\" src=\"https:\/\/gep90.laprensa.com.ni\/magazine\/wp-content\/uploads\/2020\/01\/301-Mag-Veracruz101.jpg\" alt=\"\" class=\"wp-image-49879\" srcset=\"https:\/\/d1xxa24wwackpg.cloudfront.net\/wp-content\/uploads\/2020\/01\/301-Mag-Veracruz101.jpg 700w, https:\/\/d1xxa24wwackpg.cloudfront.net\/wp-content\/uploads\/2020\/01\/301-Mag-Veracruz101.jpg 300w\" sizes=\"(max-width: 700px) 100vw, 700px\" \/><\/a><figcaption class=\"wp-element-caption\"><em>Ana Isabel Morales, a la derecha. La que fue ministra de Gobernaci\u00f3n se salv\u00f3 de morir en Veracruz tras hacerse pasar por ni\u00f1era. FOTO\/ CORTES\u00cdA<\/em><\/figcaption><\/figure>\n<\/div>\n\n\n<p>La Guardia los ten\u00eda a todos arrodillados, incluidos a los ni\u00f1os, y con las manos sobre la cabeza, mientras disparaba. \u201cEra una situaci\u00f3n terrible, y en eso llega la due\u00f1a de la casa y ve su casa inundada de guardias, a sus hijos arrodillados, amenazados por la Guardia. Mira a cuatro j\u00f3venes que en su vida ha visto, otra que dice ser su familiar, a la que un guardia la tiene agarrada del pelo. A ella la bajan del pelo tambi\u00e9n y le preguntan que qui\u00e9n soy yo. La se\u00f1ora con la mirada de terror porque en su vida me hab\u00eda visto, cuando va a hablar y decir que no me conoce, se le desgaja la quijada\u201d, rememora Morales.<\/p>\n\n\n\n<p>Para poder colocarle otra vez la quijada a la se\u00f1ora, se arm\u00f3 un alboroto y eso ayud\u00f3 a que finalmente Morales no fuera agredida por los guardias.<\/p>\n\n\n\n<p>Sus compa\u00f1eros no corrieron igual suerte.<\/p>\n\n\n\n<p>Cuando se le desgaja la quijada a la se\u00f1ora, Morales todav\u00eda ve a sus compa\u00f1eros vivos. Luego la Guardia se los llev\u00f3 y al ratito escuch\u00f3 una balacera. Era que estaban matando a los varones.<\/p>\n\n\n\n<p>A Deshon y a Perezcassar ya los hab\u00edan matado tambi\u00e9n.<\/p>\n\n\n\n<p>\u201cA ellos los asesinaron en la piscina de esa casa. Cuando ellos est\u00e1n entrando a la otra casa, ya la Guardia hab\u00eda entrado, porque nosotros encontramos en la piscina, en el jard\u00edn, en el c\u00e9sped, los anteojos y la cartera de Pin, varias cosas y documentos de ellos. Nosotros pens\u00e1bamos que estaban vivos\u201d, recuerda Morales.<\/p>\n\n\n\n<p>De acuerdo con Dora Mar\u00eda T\u00e9llez, a las mujeres las violaron en el camino al fort\u00edn y despu\u00e9s las mataron.<br>A las 12:00 de la medianoche de ese 16 de abril, la Guardia llev\u00f3 los cuerpos de los seis j\u00f3venes al hospital de Le\u00f3n.<\/p>\n\n\n<div class=\"wp-block-image\">\n<figure class=\"aligncenter\"><a href=\"https:\/\/gep90.laprensa.com.ni\/magazine\/wp-content\/uploads\/2020\/01\/301-Mag-Veracruz20.jpeg\"><img loading=\"lazy\" decoding=\"async\" width=\"700\" height=\"193\" src=\"https:\/\/gep90.laprensa.com.ni\/magazine\/wp-content\/uploads\/2020\/01\/301-Mag-Veracruz20.jpeg\" alt=\"\" class=\"wp-image-49874\" srcset=\"https:\/\/d1xxa24wwackpg.cloudfront.net\/wp-content\/uploads\/2020\/01\/301-Mag-Veracruz20.jpeg 700w, https:\/\/d1xxa24wwackpg.cloudfront.net\/wp-content\/uploads\/2020\/01\/301-Mag-Veracruz20.jpeg 300w\" sizes=\"(max-width: 700px) 100vw, 700px\" \/><\/a><figcaption class=\"wp-element-caption\"><em>Los cad\u00e1veres de los guerrilleros sandinistas ten\u00edan se\u00f1as de haber sido torturados. FOTO\/ ARCHIVO<\/em><\/figcaption><\/figure>\n<\/div>\n\n\n<p class=\"has-text-align-center\">***<\/p>\n\n\n\n<p>Exactamente tres meses despu\u00e9s de la muerte de los seis j\u00f3venes, el sandinismo lleg\u00f3 al poder. No se supo si se hizo una investigaci\u00f3n alrededor de sus muertes.<\/p>\n\n\n\n<p>Lo que hay son versiones distintas sobre que fueron denunciados.<\/p>\n\n\n\n<p>De acuerdo con Leticia Herrera, una mujer que viv\u00eda cerca de la casa de seguridad le era infiel al marido con el presidente de la Cruz Roja, que era \u201csopl\u00f3n\u201d de la Guardia.<\/p>\n\n\n<div class=\"wp-block-image\">\n<figure class=\"aligncenter\"><a href=\"https:\/\/gep90.laprensa.com.ni\/magazine\/wp-content\/uploads\/2019\/10\/298-Mag-Ortega54.jpg\"><img loading=\"lazy\" decoding=\"async\" width=\"700\" height=\"485\" src=\"https:\/\/gep90.laprensa.com.ni\/magazine\/wp-content\/uploads\/2019\/10\/298-Mag-Ortega54.jpg\" alt=\"\" class=\"wp-image-48928\" srcset=\"https:\/\/d1xxa24wwackpg.cloudfront.net\/wp-content\/uploads\/2019\/10\/298-Mag-Ortega54.jpg 700w, https:\/\/d1xxa24wwackpg.cloudfront.net\/wp-content\/uploads\/2019\/10\/298-Mag-Ortega54.jpg 300w\" sizes=\"(max-width: 700px) 100vw, 700px\" \/><\/a><figcaption class=\"wp-element-caption\"><em>La comandante guerrillera Leticia Herrera tambi\u00e9n se salv\u00f3 de morir en Veracruz, Le\u00f3n, porque no la llegaron a traer. En esta imagen, de los a\u00f1os ochenta, aparece con Omar Cabezas en una conferencia de prensa. FOTO\/ ARCHIVO<\/em><\/figcaption><\/figure>\n<\/div>\n\n\n<p>\u201cAh\u00ed (los guardias) ten\u00edan una fuente de informaci\u00f3n fidedigna, fresca, de todos los d\u00edas, porque ah\u00ed estos amantes se ve\u00edan todas las veces que pod\u00edan y l\u00f3gicamente en las intimidades aquel sab\u00eda c\u00f3mo sacarle informaci\u00f3n a la mujer\u201d, relata Herrera.<\/p>\n\n\n\n<p>Seg\u00fan Herrera, el presidente de la Cruz Roja le dio informaci\u00f3n a los guardias a cambio de que echaran preso al marido de la mujer y quedarse con ella.<\/p>\n\n\n\n<p>Otra versi\u00f3n, sobre lo que pudo haber pasado, la explica Vilma N\u00fa\u00f1ez de Escorcia.<\/p>\n\n\n\n<p>En esa \u00e9poca, el Frente quiso darle un golpe econ\u00f3mico a la dictadura en Le\u00f3n, quemando las desmotadoras de algod\u00f3n, pero quemaron tambi\u00e9n la de un importante algodonero que era colaborador del Frente.<\/p>\n\n\n\n<p>El algodonero no pudo perdonar lo que le hicieron, sin darse cuenta de que le hab\u00edan quemado su desmotadora para que el somocismo no sospechara de \u00e9l, y es quien supuestamente habr\u00eda informado a la Guardia de la reuni\u00f3n que iba a realizar por \u00faltima vez en esa casa el Estado Mayor del Frente Occidental del FSLN.<\/p>\n\n\n\n<p>Seg\u00fan Dora Mar\u00eda T\u00e9llez, hubo sospechas sobre varias personas como las posibles \u201csoplonas\u201d, pero nunca se determin\u00f3 nada.<\/p>\n\n\n\n<p>Tras el triunfo de los sandinistas, en el barrio San Judas hay un mercado que se llama \u00d3scar Perezcassar. La oficina de Telcor se llam\u00f3 Carlos Manuel Jarqu\u00edn. Una plazoleta se llama R\u00f3ger Deshon. El centro de salud del barrio se llama Edgard Lang.<\/p>\n\n\n\n<p>Todos, los seis, tienen algo con su nombre. Una tanqueta recuperada a la Guardia se llam\u00f3 \u201cAraceli\u201d.<\/p>\n\n\n<div class=\"wp-block-image\">\n<figure class=\"aligncenter\"><a href=\"https:\/\/gep90.laprensa.com.ni\/magazine\/wp-content\/uploads\/2020\/01\/301-Mag-Veracruz105.jpg\"><img loading=\"lazy\" decoding=\"async\" width=\"700\" height=\"529\" src=\"https:\/\/gep90.laprensa.com.ni\/magazine\/wp-content\/uploads\/2020\/01\/301-Mag-Veracruz105.jpg\" alt=\"\" class=\"wp-image-49882\" srcset=\"https:\/\/d1xxa24wwackpg.cloudfront.net\/wp-content\/uploads\/2020\/01\/301-Mag-Veracruz105.jpg 700w, https:\/\/d1xxa24wwackpg.cloudfront.net\/wp-content\/uploads\/2020\/01\/301-Mag-Veracruz105.jpg 300w\" sizes=\"(max-width: 700px) 100vw, 700px\" \/><\/a><figcaption class=\"wp-element-caption\"><em>Esta tanqueta de la Guardia cay\u00f3 en manos del FSLN y se le puso el nombre de Araceli. FOTO\/ ARCHIVO<\/em><\/figcaption><\/figure>\n<\/div>\n\n\n<h3 class=\"wp-block-heading\">La hija de Idania<\/h3>\n\n\n\n<p>Para integrarse al FSLN, Idania Fern\u00e1ndez renunci\u00f3 a sus estudios y a su peque\u00f1a hija Claudia, cuando ella solo ten\u00eda 3 a\u00f1os de edad.<\/p>\n\n\n\n<p>El escritor Sergio Ram\u00edrez convers\u00f3 con ella y relata que Claudia conserva los casetes que Idania sol\u00eda enviarle con sus mensajes. Y tambi\u00e9n le mandaba canciones acompa\u00f1adas de guitarra, como cuando cant\u00f3 en su \u00faltima noche con vida.<\/p>\n\n\n<div class=\"wp-block-image\">\n<figure class=\"aligncenter\"><a href=\"https:\/\/gep90.laprensa.com.ni\/magazine\/wp-content\/uploads\/2020\/01\/idania-fernndez-y-su-hija-claudia_9437143220_o-copia.jpg\"><img loading=\"lazy\" decoding=\"async\" width=\"700\" height=\"762\" src=\"https:\/\/gep90.laprensa.com.ni\/magazine\/wp-content\/uploads\/2020\/01\/idania-fernndez-y-su-hija-claudia_9437143220_o-copia.jpg\" alt=\"\" class=\"wp-image-50014\" srcset=\"https:\/\/d1xxa24wwackpg.cloudfront.net\/wp-content\/uploads\/2020\/01\/idania-fernndez-y-su-hija-claudia_9437143220_o-copia.jpg 700w, https:\/\/d1xxa24wwackpg.cloudfront.net\/wp-content\/uploads\/2020\/01\/idania-fernndez-y-su-hija-claudia_9437143220_o-copia.jpg 276w\" sizes=\"(max-width: 700px) 100vw, 700px\" \/><\/a><figcaption class=\"wp-element-caption\"><em>Idania cargando a su hija Claudia. FOTO\/ CORTES\u00cdA\/ DORA MAR\u00cdA T\u00c9LLEZ<\/em><\/figcaption><\/figure>\n<\/div>\n\n\n<p>En la casa de sus abuelos, en Managua, Claudia conserva una foto: la de su madre acribillada en un charco de sangre y que apareci\u00f3 en el diario Novedades, de los Somoza.<\/p>\n\n\n\n<p>Claudia le pregunt\u00f3 a Ram\u00edrez c\u00f3mo era su mam\u00e1 y \u00e9l le dijo: \u201cSe parecen. Morenas las dos\u201d.<\/p>\n\n\n\n<p>\u201cYo te dejo un ejemplo en la vida; nada m\u00e1s\u201d, escribi\u00f3 Idania a su hija en una carta.<\/p>\n","protected":false},"excerpt":{"rendered":"<p>Tres meses antes de caer, la dictadura somocista elimin\u00f3 a casi todo el Estado Mayor del Frente Occidental del FSLN. Eran seis j\u00f3venes. Un \u201csopl\u00f3n\u201d habr\u00eda sido el culpable<\/p>\n","protected":false},"author":5124,"featured_media":50057,"comment_status":"open","ping_status":"open","sticky":false,"template":"","format":"quote","meta":{"_acf_changed":false,"footnotes":""},"categories":[26],"tags":[4929,7,5085],"class_list":["post-49868","post","type-post","status-publish","format-quote","has-post-thumbnail","hentry","category-reportajes","tag-anos-70","tag-fsln","tag-masacre-de-veracruz","post_format-post-format-quote"],"acf":[],"_links":{"self":[{"href":"https:\/\/staging.laprensanic.com\/magazine\/wp-json\/wp\/v2\/posts\/49868","targetHints":{"allow":["GET"]}}],"collection":[{"href":"https:\/\/staging.laprensanic.com\/magazine\/wp-json\/wp\/v2\/posts"}],"about":[{"href":"https:\/\/staging.laprensanic.com\/magazine\/wp-json\/wp\/v2\/types\/post"}],"author":[{"embeddable":true,"href":"https:\/\/staging.laprensanic.com\/magazine\/wp-json\/wp\/v2\/users\/5124"}],"replies":[{"embeddable":true,"href":"https:\/\/staging.laprensanic.com\/magazine\/wp-json\/wp\/v2\/comments?post=49868"}],"version-history":[{"count":7,"href":"https:\/\/staging.laprensanic.com\/magazine\/wp-json\/wp\/v2\/posts\/49868\/revisions"}],"predecessor-version":[{"id":58806,"href":"https:\/\/staging.laprensanic.com\/magazine\/wp-json\/wp\/v2\/posts\/49868\/revisions\/58806"}],"wp:featuredmedia":[{"embeddable":true,"href":"https:\/\/staging.laprensanic.com\/magazine\/wp-json\/wp\/v2\/media\/50057"}],"wp:attachment":[{"href":"https:\/\/staging.laprensanic.com\/magazine\/wp-json\/wp\/v2\/media?parent=49868"}],"wp:term":[{"taxonomy":"category","embeddable":true,"href":"https:\/\/staging.laprensanic.com\/magazine\/wp-json\/wp\/v2\/categories?post=49868"},{"taxonomy":"post_tag","embeddable":true,"href":"https:\/\/staging.laprensanic.com\/magazine\/wp-json\/wp\/v2\/tags?post=49868"}],"curies":[{"name":"wp","href":"https:\/\/api.w.org\/{rel}","templated":true}]}}