{"id":50573,"date":"2020-03-09T10:17:19","date_gmt":"2020-03-09T16:17:19","guid":{"rendered":"http:\/\/gep90.laprensa.com.ni\/magazine\/?p=50573"},"modified":"2024-01-04T16:26:45","modified_gmt":"2024-01-04T22:26:45","slug":"el-fsln-y-el-fatal-secuestro-del-vuelo-419-de-lanica","status":"publish","type":"post","link":"https:\/\/staging.laprensanic.com\/magazine\/reportajes\/el-fsln-y-el-fatal-secuestro-del-vuelo-419-de-lanica\/","title":{"rendered":"El FSLN y el fatal secuestro del vuelo 419 de Lanica"},"content":{"rendered":"\n<p>Era ya el tercer secuestro en menos de dos a\u00f1os de un avi\u00f3n de Lanica, la l\u00ednea a\u00e9rea de los Somoza, a manos de miembros del Frente Sandinista (FSLN). Y era la segunda vez que era violentado el mismo avi\u00f3n, un BAC-111, el preferido de Anastasio Somoza Debayle.<\/p>\n\n\n\n<p>Y el motivo del secuestro del avi\u00f3n era el mismo de casi todos: liberar rehenes del FSLN que estaban en las c\u00e1rceles somocistas de La Aviaci\u00f3n y La Modelo. Entre esos estaba Jos\u00e9 Daniel Ortega Saavedra, quien para ese entonces ya era uno de los jefes guerrilleros sandinistas. Y tambi\u00e9n jefeaba entre los presos.<\/p>\n\n\n\n<p>Cinco minutos ten\u00eda el vuelo 419 de haber despegado del aeropuerto de Ilopango, en El Salvador, con destino a Managua, aquel mediod\u00eda del 12 de diciembre de 1971, cuando tres hombres se levantaron y dijeron a los 46 pasajeros que el avi\u00f3n estaba secuestrado por el FSLN. Uno de los secuestradores se meti\u00f3 a la cabina de mando y orden\u00f3 al piloto que dirigiera la nave hacia Cuba.<\/p>\n\n\n\n<p>As\u00ed inici\u00f3 este poco conocido operativo del FSLN que termin\u00f3 en tragedia. Por falta de combustible, el avi\u00f3n fue dirigido a San Jos\u00e9, Costa Rica, donde uno de los asaltantes muri\u00f3 y los otros dos fueron detenidos, tras mantener de rehenes unas tres horas a los pasajeros y propinarle tres balazos a uno de ellos, al hijo de 18 a\u00f1os de edad de uno de los ministros de Somoza, el de Agricultura, Alfonso Lovo Cordero, cuyo v\u00e1stago se llama igual.<\/p>\n\n\n<div class=\"wp-block-image\">\n<figure class=\"aligncenter\"><a href=\"https:\/\/gep90.laprensa.com.ni\/magazine\/wp-content\/uploads\/2020\/03\/303-Mag-Lovophoto14.jpg\"><img fetchpriority=\"high\" decoding=\"async\" width=\"700\" height=\"700\" src=\"https:\/\/gep90.laprensa.com.ni\/magazine\/wp-content\/uploads\/2020\/03\/303-Mag-Lovophoto14.jpg\" alt=\"\" class=\"wp-image-50582\" srcset=\"https:\/\/d1xxa24wwackpg.cloudfront.net\/wp-content\/uploads\/2020\/03\/303-Mag-Lovophoto14.jpg 700w, https:\/\/d1xxa24wwackpg.cloudfront.net\/wp-content\/uploads\/2020\/03\/303-Mag-Lovophoto14.jpg 150w, https:\/\/d1xxa24wwackpg.cloudfront.net\/wp-content\/uploads\/2020\/03\/303-Mag-Lovophoto14.jpg 300w, https:\/\/d1xxa24wwackpg.cloudfront.net\/wp-content\/uploads\/2020\/03\/303-Mag-Lovophoto14.jpg 500w, https:\/\/d1xxa24wwackpg.cloudfront.net\/wp-content\/uploads\/2020\/03\/303-Mag-Lovophoto14.jpg 24w, https:\/\/d1xxa24wwackpg.cloudfront.net\/wp-content\/uploads\/2020\/03\/303-Mag-Lovophoto14.jpg 48w, https:\/\/d1xxa24wwackpg.cloudfront.net\/wp-content\/uploads\/2020\/03\/303-Mag-Lovophoto14.jpg 96w\" sizes=\"(max-width: 700px) 100vw, 700px\" \/><\/a><figcaption class=\"wp-element-caption\"><em>Gustavo Villanueva, uno de los secuestradores del avi\u00f2n de Lanica en 1971, hoy es opositor a Daniel Ortega. FOTO\/ CORTES\u00cdA<\/em><\/figcaption><\/figure>\n<\/div>\n\n\n<p>La Revista <em>Magazine<\/em> logr\u00f3 hablar con dos de los protagonistas del hecho para recrearlo. Uno, el hijo de Lovo Cordero, Alfonso Lovo Bland\u00f3n, quien logr\u00f3 sobrevivir y sigui\u00f3 su pasi\u00f3n de ser m\u00fasico. Y con Gustavo Jos\u00e9 Villanueva Valdez, uno de los secuestradores, hoy convertido en f\u00e9rreo opositor a Daniel Ortega, a quien en junio de 2013, cuando ocurri\u00f3 lo de OcupaInss, le escribi\u00f3 una carta que inicia as\u00ed:<\/p>\n\n\n\n<p>\u201cDon Daniel Ortega y Saavedra: Protestar c\u00edvicamente no es delito. Delito pol\u00edtico es subvertir de forma armada el orden establecido. As\u00ed como lo hac\u00edamos contra Somoza. Cuando pint\u00e1bamos paredes, se asaltaban bancos, desvi\u00e1bamos aviones, luch\u00e1bamos en la monta\u00f1a, conspir\u00e1bamos desde la c\u00e1rcel, sufrimos persecuci\u00f3n, exilio, c\u00e1rcel. Nuestras madres sufr\u00edan, eran avergonzadas, registradas de forma vergonzosa, lloraban y sufr\u00edan en lo m\u00e1s hondo de su alma, cuando usted estaba en las c\u00e1rceles de La Modelo y yo en la c\u00e1rcel de La Aviaci\u00f3n. De ingrato y nefasto recuerdo. \u00bfSe acuerda?\u201d<\/p>\n\n\n<div class=\"wp-block-image\">\n<figure class=\"aligncenter\"><a href=\"https:\/\/gep90.laprensa.com.ni\/magazine\/wp-content\/uploads\/2020\/03\/303-Mag-Lovophoto23.jpg\"><img decoding=\"async\" width=\"700\" height=\"454\" src=\"https:\/\/gep90.laprensa.com.ni\/magazine\/wp-content\/uploads\/2020\/03\/303-Mag-Lovophoto23.jpg\" alt=\"\" class=\"wp-image-50589\" srcset=\"https:\/\/d1xxa24wwackpg.cloudfront.net\/wp-content\/uploads\/2020\/03\/303-Mag-Lovophoto23.jpg 700w, https:\/\/d1xxa24wwackpg.cloudfront.net\/wp-content\/uploads\/2020\/03\/303-Mag-Lovophoto23.jpg 300w\" sizes=\"(max-width: 700px) 100vw, 700px\" \/><\/a><figcaption class=\"wp-element-caption\"><em>Alfonso Lovo Bland\u00f3n con su esposa. FOTO\/ CORTES\u00cdA<\/em><\/figcaption><\/figure>\n<\/div>\n\n\n<p class=\"has-text-align-center\">***<\/p>\n\n\n\n<p>Claudio Lovo Bland\u00f3n era en 1971 un joven a quien le gustaba comunicarse por radio con personas que estaban fuera de Nicaragua. Pero en la ma\u00f1ana del 12 de diciembre de ese a\u00f1o tuvo que suspender su afici\u00f3n porque ese d\u00eda llegaba su hermano mayor Alfonso, procedente de Miami, donde estudiaba enviado por su padre, el ministro de Agricultura, Alfonso Lovo Cordero.<\/p>\n\n\n\n<p>El avi\u00f3n nunca lleg\u00f3 al Aeropuerto Las Mercedes de Managua. Dejando a sus padres en el aeropuerto, Claudio se regres\u00f3 a su casa porque ten\u00eda una cita por radio con su novia Margarita Schnnegans, quien estaba en Lake Taho (Sierra Nevada, Estados Unidos).<\/p>\n\n\n\n<p>De pronto entr\u00f3 una llamada muy extra\u00f1a. \u201cBreak, break. YN1LC&#8230; Tenemos una llamada urgente de San Jos\u00e9, Costa Rica. Favor encontrarnos en la banda de 40m (banda de radioaficionados que est\u00e1 abierta pr\u00e1cticamente las 24 horas del d\u00eda aunque con distinta propagaci\u00f3n). Que hay una emergencia\u201d.<\/p>\n\n\n<div class=\"wp-block-image\">\n<figure class=\"aligncenter\"><a href=\"https:\/\/gep90.laprensa.com.ni\/magazine\/wp-content\/uploads\/2020\/03\/303-Mag-Lovophoto25.jpg\"><img decoding=\"async\" width=\"700\" height=\"811\" src=\"https:\/\/gep90.laprensa.com.ni\/magazine\/wp-content\/uploads\/2020\/03\/303-Mag-Lovophoto25.jpg\" alt=\"\" class=\"wp-image-50596\" srcset=\"https:\/\/d1xxa24wwackpg.cloudfront.net\/wp-content\/uploads\/2020\/03\/303-Mag-Lovophoto25.jpg 700w, https:\/\/d1xxa24wwackpg.cloudfront.net\/wp-content\/uploads\/2020\/03\/303-Mag-Lovophoto25.jpg 259w\" sizes=\"(max-width: 700px) 100vw, 700px\" \/><\/a><figcaption class=\"wp-element-caption\"><em>Alfonso Lovo Bland\u00f3n, a la derecha, con gafas y una guitarra, siempre fue aficionado a la m\u00fasica. FOTO\/ CORTES\u00cdA<\/em><\/figcaption><\/figure>\n<\/div>\n\n\n<p>Claudio acudi\u00f3 a la cita, pero se encontr\u00f3 con una voz que le dec\u00eda que su hermano Alfonso hab\u00eda sido baleado en un secuestro a\u00e9reo en San Jos\u00e9. Inmediatamente llam\u00f3 al tel\u00e9fono VIP de Lanica y simul\u00f3 calma al hablar con su madre Tere Bland\u00f3n. Su madre le neg\u00f3 el hecho y \u00e9l, aliviado porque se lo dec\u00eda ella, comenz\u00f3 a informar por radio que era falsa la informaci\u00f3n.<\/p>\n\n\n\n<p>De nuevo el \u201cBreak, break. Este es TI2NS, emergencia, emergencia&#8230;\u201d. Y una voz le confirm\u00f3 que Alfonso se encontraba herido en un hospital de San Jos\u00e9.<\/p>\n\n\n\n<p>La madre de Claudio ya no se lo pudo negar.<\/p>\n\n\n\n<p class=\"has-text-align-center\">***<\/p>\n\n\n\n<p>Alfonso Noel Lovo Bland\u00f3n, un joven apasionado por la m\u00fasica, hab\u00eda salido de Miami, Florida, en el vuelo 419 de Lanica a las 9:00 de la ma\u00f1ana de ese 12 de diciembre de 1971. El avi\u00f3n baj\u00f3 pasajeros y subi\u00f3 otros en El Salvador, donde abordaron la aeronave tres j\u00f3venes que resultar\u00edan nefastos para el destino del vuelo.<\/p>\n\n\n\n<p>Con el primero de ellos, aunque Lovo Bland\u00f3n no se percat\u00f3 inmediatamente, hab\u00eda estudiado en los colegios Calasanz y Centro Am\u00e9rica. Se trataba de Ra\u00fal Ignacio Arana Ir\u00edas, nacido el 31 de octubre de 1949 en Masaya, y era hijo del periodista Ra\u00fal Arana Selva.<\/p>\n\n\n\n<p>Arana era tambi\u00e9n cu\u00f1ado de Doris Tijerino, militante del FSLN. Y, aunque Arana no era militante activo de ese grupo, s\u00ed manten\u00eda v\u00ednculos indirectos con ellos.<\/p>\n\n\n\n<p>El segundo era un joven que se inici\u00f3 en la vida pol\u00edtica activa con los sucesos del 22 de enero de 1967. Para esa \u00e9poca, Gustavo Jos\u00e9 Villanueva Valdez, nacido el 9 de octubre de 1950, ya era miembro de Juventud Patri\u00f3tica Nicarag\u00fcense (JPN).<\/p>\n\n\n<div class=\"wp-block-image\">\n<figure class=\"aligncenter\"><a href=\"https:\/\/gep90.laprensa.com.ni\/magazine\/wp-content\/uploads\/2020\/03\/303-Mag-Lovophoto17.jpeg\"><img loading=\"lazy\" decoding=\"async\" width=\"700\" height=\"266\" src=\"https:\/\/gep90.laprensa.com.ni\/magazine\/wp-content\/uploads\/2020\/03\/303-Mag-Lovophoto17.jpeg\" alt=\"\" class=\"wp-image-50585\" srcset=\"https:\/\/d1xxa24wwackpg.cloudfront.net\/wp-content\/uploads\/2020\/03\/303-Mag-Lovophoto17.jpeg 700w, https:\/\/d1xxa24wwackpg.cloudfront.net\/wp-content\/uploads\/2020\/03\/303-Mag-Lovophoto17.jpeg 300w\" sizes=\"(max-width: 700px) 100vw, 700px\" \/><\/a><figcaption class=\"wp-element-caption\"><em>Los secuestradores provocaron fuego dentro del avi\u00f3n de Lanica cuando se vieron perdidos y que no podr\u00edan ir a Cuba. Los bomberos trataron de apagar el fuego, pero este acab\u00f3 con todo lo que no era de metal. FOTO\/ CORTES\u00cdA\/ LA NACI\u00d3N DE COSTA RICA<\/em><\/figcaption><\/figure>\n<\/div>\n\n\n<p>Luego, Villanueva se integr\u00f3 al FSLN y fue entrenado en guerrilla urbana por Julio Buitrago, Carlos Fonseca y Ricardo Morales Avil\u00e9s. Particip\u00f3 en varias protestas contra Somoza.<\/p>\n\n\n\n<p>El tercero era el clave. Se llamaba Leonel Mena Balladares y era el jefe. Hab\u00eda participado en Juventud Patri\u00f3tica Nicarag\u00fcense y era el compa\u00f1ero de celda de Ajax Delgado cuando ambos se fugaron de las celdas de La Aviaci\u00f3n, en septiembre de 1960. A Delgado lo mataron en el acto y a Mena le propinaron un balazo en la cadera que lo dej\u00f3 renco.<\/p>\n\n\n\n<p>Mena hab\u00eda tenido comunicaci\u00f3n con Daniel Ortega, quien se encontraba preso en La Modelo desde 1967, y a quien le plante\u00f3 la posibilidad de secuestrar un avi\u00f3n para exigir la liberaci\u00f3n de los presos del FSLN que estaban en La Modelo y en La Aviaci\u00f3n.<\/p>\n\n\n\n<p>Ortega acept\u00f3 el operativo con la salvedad de que el FSLN estaba en un \u201cper\u00edodo de acumulaci\u00f3n de fuerzas\u201d, explica ahora Villanueva.<\/p>\n\n\n\n<p>En los primeros d\u00edas de diciembre de 1971, Arana, Mena y Villanueva llegaron a El Salvador para desde ah\u00ed abordar el avi\u00f3n que ser\u00eda secuestrado, el BAC-111-419 AN-BBI, de Lanica, empresa de los Somoza. De hecho, ese avi\u00f3n, valorado en cinco millones de d\u00f3lares, era el favorito del dictador Anastasio Somoza Debayle, seg\u00fan recuerda Villanueva.<\/p>\n\n\n\n<p>Era el mismo en el que llegaba a pasar vacaciones en Nicaragua Alfonso Lovo Bland\u00f3n, quien estudiaba en Estados Unidos.<\/p>\n\n\n\n<p>Su padre, Alfonso Lovo Cordero, era hijo de dos nicarag\u00fcenses que tuvieron que huir a Honduras en tiempos de la guerra de Sandino, donde naci\u00f3 y por eso era tambi\u00e9n hondure\u00f1o. Aunque estudi\u00f3 Derecho, se hizo importador de tractores, se afili\u00f3 al Partido Liberal Nacionalista (PLN) y en 1967 Somoza Debayle lo nombr\u00f3 ministro de Agricultura en medio del auge del algod\u00f3n.<\/p>\n\n\n\n<p>En 1974, Lovo Cordero habr\u00eda de ser parte de la junta de gobierno o triunvirato que form\u00f3 junto con el general Roberto Mart\u00ednez Lacayo y el conservador Fernando Ag\u00fcero. Termin\u00f3 siendo senador.<\/p>\n\n\n\n<p class=\"has-text-align-center\">***<\/p>\n\n\n\n<p>El piloto Miguel Murciano se puso nervioso cuando Ra\u00fal Arana lo enca\u00f1on\u00f3 con una pistola y le orden\u00f3 que dirigiera el avi\u00f3n hacia Cuba. Apenas hab\u00edan pasado cinco minutos desde el despegue del aeropuerto de Ilopango y eran las 12:05 de la tarde de ese d\u00eda.<\/p>\n\n\n\n<p>La azafata Sonia Vigil entr\u00f3 repentinamente a la cabina y Arana la tom\u00f3 por la fuerza y la apunt\u00f3 a ella por la espalda. A Vigil, posteriormente, la tuvieron que sacar en silla de ruedas porque Arana la empuj\u00f3 violentamente y la lesion\u00f3.<\/p>\n\n\n\n<p>Dos de los secuestradores ten\u00edan pistolas, una Luger y una 45, mientras que el tercero, supuestamente Villanueva, ten\u00eda una navaja.<\/p>\n\n\n<div class=\"wp-block-image\">\n<figure class=\"aligncenter\"><a href=\"https:\/\/gep90.laprensa.com.ni\/magazine\/wp-content\/uploads\/2020\/03\/303-Mag-Lovophoto08.jpg\"><img loading=\"lazy\" decoding=\"async\" width=\"700\" height=\"512\" src=\"https:\/\/gep90.laprensa.com.ni\/magazine\/wp-content\/uploads\/2020\/03\/303-Mag-Lovophoto08.jpg\" alt=\"\" class=\"wp-image-50577\" srcset=\"https:\/\/d1xxa24wwackpg.cloudfront.net\/wp-content\/uploads\/2020\/03\/303-Mag-Lovophoto08.jpg 700w, https:\/\/d1xxa24wwackpg.cloudfront.net\/wp-content\/uploads\/2020\/03\/303-Mag-Lovophoto08.jpg 300w\" sizes=\"(max-width: 700px) 100vw, 700px\" \/><\/a><figcaption class=\"wp-element-caption\"><em>La pistola con que hirieron a Alfonso Lovo Bland\u00f3n y con la que mantuvieron enca\u00f1onado al piloto. A la derecha, el cad\u00e1ver de Leonel Mena Balladares. FOTO\/ CORTES\u00cdA\/ LA NACI\u00d3N DE COSTA RICA &#8211;<\/em><br><em>FOTO\/ CORTES\u00cdA\/ LA NACI\u00d3N DE COSTA RICA<\/em><\/figcaption><\/figure>\n<\/div>\n\n\n<p>El piloto, cubano, y el copiloto Octavio Ocampo, nicarag\u00fcense, le explicaron a los secuestradores que no ten\u00edan suficiente combustible para llegar a Cuba y que caer\u00edan en medio del oc\u00e9ano Atl\u00e1ntico. Hab\u00edan salido de Miami con el combustible necesario para llegar a Managua.<\/p>\n\n\n\n<p>Parec\u00eda que los asaltantes ten\u00edan bien planeado todo y los pilotos no pudieron comunicarse con las azafatas. Desconoc\u00edan con exactitud cu\u00e1ntos armados eran.<\/p>\n\n\n\n<p>El piloto indic\u00f3 que era necesario aterrizar en el aeropuerto Las Mercedes de Managua, pero Arana le enterr\u00f3 con fuerza el ca\u00f1\u00f3n de la pistola en la nuca y le dijo que si aterrizaba en Managua lo matar\u00eda aunque murieran todos.<br>El piloto le indic\u00f3 el marcador de combustible y logr\u00f3 convencerlo de que no hab\u00eda mucha gasolina para ir m\u00e1s all\u00e1. Despu\u00e9s de un breve intercambio de ideas, Arana sugiri\u00f3 que aterrizaran en San Jos\u00e9, Costa Rica.<\/p>\n\n\n\n<p>En cuanto aterrizaron, los secuestradores, a trav\u00e9s del piloto, dijeron a los operadores de la torre que necesitaban que les llenaran los tanques y que no estaban dispuestos a esperar mucho tiempo.<\/p>\n\n\n\n<p>En poco tiempo el avi\u00f3n, que fue estacionado a 75 metros de la explanada principal del aeropuerto, qued\u00f3 rodeado por la Guardia Civil de Costa Rica. Los motores permanecieron encendidos pero el piloto les baj\u00f3 las revoluciones, explicar\u00eda despu\u00e9s el diario La Naci\u00f3n, de Costa Rica.<\/p>\n\n\n\n<p>A partir de entonces solo hubo discusiones est\u00e9riles. Las autoridades ticas dijeron que se dar\u00eda el combustible si se dejaba bajar a mujeres, ni\u00f1os y un hombre inv\u00e1lido. Los secuestradores se negaron.<\/p>\n\n\n<div class=\"wp-block-image\">\n<figure class=\"aligncenter\"><a href=\"https:\/\/gep90.laprensa.com.ni\/magazine\/wp-content\/uploads\/2020\/03\/303-Mag-Lovophoto13.jpeg\"><img loading=\"lazy\" decoding=\"async\" width=\"700\" height=\"566\" src=\"https:\/\/gep90.laprensa.com.ni\/magazine\/wp-content\/uploads\/2020\/03\/303-Mag-Lovophoto13.jpeg\" alt=\"\" class=\"wp-image-50581\" srcset=\"https:\/\/d1xxa24wwackpg.cloudfront.net\/wp-content\/uploads\/2020\/03\/303-Mag-Lovophoto13.jpeg 700w, https:\/\/d1xxa24wwackpg.cloudfront.net\/wp-content\/uploads\/2020\/03\/303-Mag-Lovophoto13.jpeg 300w\" sizes=\"(max-width: 700px) 100vw, 700px\" \/><\/a><figcaption class=\"wp-element-caption\"><em>Trabajadores del Aeropuerto Juan Santamar\u00eda simularon llenar de combustible los tanques del avi\u00f3n, enga\u00f1ando a los armados. FOTO\/ REPRODUCCI\u00d3N\/ NOVEDADES<\/em><\/figcaption><\/figure>\n<\/div>\n\n\n<p>Un nuevo intento. Los secuestradores dijeron que se quedar\u00edan con las mujeres y los ni\u00f1os. Esta vez fueron las autoridades ticas las que dijeron \u00abno\u00bb.<\/p>\n\n\n\n<p>Tras un periodo de silencio, los armados amenazaron con herir a un pasajero si no satisfac\u00edan sus peticiones, pero las autoridades costarricenses mantuvieron su negativa. Despu\u00e9s del hecho, algunos pasajeros nicarag\u00fcenses se quejaron de la forma en que actuaron los costarricenses.<\/p>\n\n\n\n<p class=\"has-text-align-center\">***<\/p>\n\n\n\n<p>\u201cAqu\u00ed va un hijo de Lovo Cordero\u201d, dijo Ra\u00fal Arana, faltando unos 10 minutos para que aterrizaran en San Jos\u00e9. Y Leonel Mena le respondi\u00f3: \u201cTra\u00e9melo para ac\u00e1\u201d. A Alfonso Lovo Bland\u00f3n lo llevaron al primer asiento.<\/p>\n\n\n\n<p>El joven se movi\u00f3 con calma y sin hablar. \u201cMe tomaron como reh\u00e9n y por radio del avi\u00f3n pidieron gasolina y otras cosas al Gobierno de Costa Rica. Premeditadamente me pusieron en un asiento&nbsp; de la primera fila. No dije nada m\u00e1s que: \u2018\u00bfAd\u00f3nde vamos, a Cuba?\u2019 No incit\u00e9 a la violencia ni me puse en plan de pleito, creyendo que iba a Cuba en un plan tranquilo y de aventura\u201d, recuerda Lovo Bland\u00f3n ahora.<\/p>\n\n\n\n<p>Desesperado porque no llegaban a ning\u00fan acuerdo con las autoridades ticas, Leonel Mena le dijo al piloto que le comunicara a la torre de control que ellos no estaban jugando y que si no les daban el combustible iban a empezar a ejecutar uno por uno a los pasajeros y que el primero ser\u00eda al hijo de Lovo Cordero.<\/p>\n\n\n<div class=\"wp-block-image\">\n<figure class=\"aligncenter\"><a href=\"https:\/\/gep90.laprensa.com.ni\/magazine\/wp-content\/uploads\/2020\/03\/303-Mag-Lovophoto15.jpeg\"><img loading=\"lazy\" decoding=\"async\" width=\"689\" height=\"1024\" src=\"https:\/\/gep90.laprensa.com.ni\/magazine\/wp-content\/uploads\/2020\/03\/303-Mag-Lovophoto15-689x1024.jpeg\" alt=\"\" class=\"wp-image-50583\" srcset=\"https:\/\/d1xxa24wwackpg.cloudfront.net\/wp-content\/uploads\/2020\/03\/303-Mag-Lovophoto15.jpeg 689w, https:\/\/d1xxa24wwackpg.cloudfront.net\/wp-content\/uploads\/2020\/03\/303-Mag-Lovophoto15.jpeg 202w, https:\/\/d1xxa24wwackpg.cloudfront.net\/wp-content\/uploads\/2020\/03\/303-Mag-Lovophoto15.jpeg 700w\" sizes=\"(max-width: 689px) 100vw, 689px\" \/><\/a><figcaption class=\"wp-element-caption\"><em>Momento en el que sacan del avi\u00f3n a Alfonso Lovo Bland\u00f3n, quien va herido de bala. FOTO\/ REPRODUCCI\u00d3N\/ NOVEDADES<\/em><\/figcaption><\/figure>\n<\/div>\n\n\n<p>De la torre contestaron que s\u00ed se lo dar\u00edan, pero que en ese momento andaban buscando unos aditamentos especiales para las mangueras.<\/p>\n\n\n\n<p>Mena no lo crey\u00f3. Inmediatamente se dio vuelta y a quemarropa le dispar\u00f3 tres balazos a Lovo Bland\u00f3n, quien recuerda as\u00ed ese momento: \u201cAc\u00e1 va el primer hijueputa muerto, el hijo de Lovo Cordero (dijo Mena). Y se voltea y me pega varios tiros en el abdomen, pierna y torso, y cuando me apunt\u00f3 a la cabeza instintivamente met\u00ed la mano y me dio en la izquierda, que me arranc\u00f3 dos dedos que quedaron colgados de la piel\u201d.<\/p>\n\n\n\n<p>Los pasajeros del avi\u00f3n dijeron que Mena dispar\u00f3 a vista de todos. \u201cQue oigan que ya ejecut\u00e9 al primero, al hijo de Lovo Cordero y despu\u00e9s seguir\u00e9 uno por uno con la tripulaci\u00f3n y los pasajeros\u201d, grit\u00f3 Mena.<\/p>\n\n\n\n<p>Lovo Bland\u00f3n rememora que se levant\u00f3 herido y quiso quitarle el arma, pero ya estaba muy desangrado, y la gente del avi\u00f3n aterrorizada al ver la escena. \u201cEn eso se llen\u00f3 de mi sangre Mena y se puso como loco\u201d, dice Lovo Bland\u00f3n.<\/p>\n\n\n\n<p>El joven sent\u00eda mucho dolor por los balazos recibidos y le pidi\u00f3 a su excompa\u00f1ero de colegio, Ra\u00fal Arana, que lo rematara o le diera el tiro de gracia. \u201cLe temblaban las manos (a Arana) y no pudo. Le ped\u00ed la pistola para d\u00e1rmelo yo y no quiso. Mena dijo: D\u00e9jenlo que muera lento, que sufra, es capitalista\u201d, explica Lovo Bland\u00f3n.<\/p>\n\n\n\n<p>Los secuestradores permitieron despu\u00e9s que dos m\u00e9dicos, que iban de pasajeros, sacaran al herido del avi\u00f3n.<br>Lovo Bland\u00f3n fue llevado al hospital M\u00e9xico, donde fue operado con rapidez.<\/p>\n\n\n\n<p>\u201cMe salv\u00f3 la vida una intervenci\u00f3n de emergencia y sin anestesia del doctor Dennis Garc\u00eda Urbina, de origen nica, y unos doctores ticos, Jos\u00e9 Manuel Quirce, Carlos&nbsp; Manuel Guti\u00e9rrez y la mano me la salv\u00f3 el doctor Werner Steinworth. Pas\u00e9 grav\u00edsimo con una oclusi\u00f3n intestinal&nbsp; e infecci\u00f3n en mis heridas, pues ten\u00eda 18 perforaciones en el intestino y me cortaron partes de \u00e9l. Un balazo en el h\u00edgado, que me lo cercen\u00f3, y despu\u00e9s me volvieron a operar&nbsp; con la ayuda de un m\u00e9dico famoso de los Estados Unidos, amigo de mi pap\u00e1, el doctor Rufus Broadaway, que me intervino una semana despu\u00e9s\u201d, recuerda Lovo Bland\u00f3n.<\/p>\n\n\n\n<p>Para Lovo Bland\u00f3n fue especial que al hospital lo lleg\u00f3 a ver Sor Mar\u00eda Romero.<\/p>\n\n\n\n<p>\u201cMe daba \u00e1nimos y no permiti\u00f3 que me amputaran la mano que la ten\u00eda agangrenada, pues ella siempre me dijo que yo iba a volver a tocar guitarra, ella sab\u00eda que yo era m\u00fasico. Se me cur\u00f3 la gangrena y despu\u00e9s de varias operaciones del doctor Riordan, en Nueva Orle\u00e1ns, volv\u00ed a tocar\u201d, afirma.<\/p>\n\n\n\n<p>Otro hecho que recuerda Lovo Bland\u00f3n es que Sor Mar\u00eda tambi\u00e9n le toc\u00f3 la herida de la f\u00edstula del h\u00edgado y al d\u00eda siguiente se le cerr\u00f3. \u201cVolv\u00ed a poder ir al inodoro, normalmente, la verdad fue una cosa milagrosa que ella me visitara y me ayudara en mi recuperaci\u00f3n total\u201d, reafirm\u00f3.<\/p>\n\n\n\n<p class=\"has-text-align-center\">***<\/p>\n\n\n\n<p>La tensi\u00f3n sigui\u00f3 en el avi\u00f3n. Al final los ticos no ced\u00edan y los pistoleros estaban impacientes. Frente al avi\u00f3n estaba colocada una enorme autobomba y en la parte posterior una avioneta.<\/p>\n\n\n\n<p>Los secuestradores se pusieron m\u00e1s agresivos y el que m\u00e1s estaba sufriendo todo era el piloto.<\/p>\n\n\n\n<p>Luego, los ticos llenaron los tanques hasta la mitad y los secuestradores dejaron bajar a los pasajeros, quienes fueron recibidos con efusividad para que se les atenuara el p\u00e1nico. Pero fue entonces cuando todos entraron en una especie de histeria, hasta que ya hab\u00eda pasado todo para ellos.<\/p>\n\n\n<div class=\"wp-block-image\">\n<figure class=\"aligncenter\"><a href=\"https:\/\/gep90.laprensa.com.ni\/magazine\/wp-content\/uploads\/2020\/03\/303-Mag-Lovophoto27.jpg\"><img loading=\"lazy\" decoding=\"async\" width=\"700\" height=\"742\" src=\"https:\/\/gep90.laprensa.com.ni\/magazine\/wp-content\/uploads\/2020\/03\/303-Mag-Lovophoto27.jpg\" alt=\"\" class=\"wp-image-50590\" srcset=\"https:\/\/d1xxa24wwackpg.cloudfront.net\/wp-content\/uploads\/2020\/03\/303-Mag-Lovophoto27.jpg 700w, https:\/\/d1xxa24wwackpg.cloudfront.net\/wp-content\/uploads\/2020\/03\/303-Mag-Lovophoto27.jpg 283w, https:\/\/d1xxa24wwackpg.cloudfront.net\/wp-content\/uploads\/2020\/03\/303-Mag-Lovophoto27.jpg 24w\" sizes=\"(max-width: 700px) 100vw, 700px\" \/><\/a><figcaption class=\"wp-element-caption\"><em>Con el n\u00famero 1, la azafata Sonia Vigil en el suelo; con el 2 Mena cae con su pistola y tiene agarrada del cuello a la azafata con el n\u00famero 3. El 4 es Ra\u00fal Arana. FOTO\/ ARCHIVO<\/em><\/figcaption><\/figure>\n<\/div>\n\n\n<p>Las autoridades costarricenses quitaron la avioneta, mientras que en el avi\u00f3n estaba la tripulaci\u00f3n: el piloto, el copiloto, dos azafatas y un contramaestre.<\/p>\n\n\n\n<p>Antes de las 2:00 de la tarde, Mena dispar\u00f3 tres veces contra el piloto, pero no le dio, sino que perfor\u00f3 la ventana del avi\u00f3n y de esa manera dej\u00f3 al avi\u00f3n inutilizable. Algunos testigos dijeron que el piloto mov\u00eda violentamente la cabeza de un lado hacia otro. Estaba muy nervioso.<\/p>\n\n\n\n<p>El momento de tensi\u00f3n era tal que hasta el presidente costarricense Jos\u00e9 Figueres hab\u00eda llegado al aeropuerto Juan Santamar\u00eda y con una ametralladora se dirigi\u00f3 hacia el avi\u00f3n secuestrado, para sacar a los tres hombres, pero militares y civiles lo detuvieron.<\/p>\n\n\n\n<p>Los motores permanec\u00edan encendidos y las turbinas pod\u00edan incendiarse si no se les aplicaba refrigeraci\u00f3n. Y ocurri\u00f3 a las 2:05 de la tarde. El motor derecho empez\u00f3 a incendiarse y se inici\u00f3 la siguiente pl\u00e1tica, seg\u00fan recogi\u00f3 el diario La Naci\u00f3n, de Costa Rica, entre el piloto y los operadores de la torre, empezando por el piloto:<\/p>\n\n\n\n<p>\u2014Este es el 419. Confirme si hay fuego en la turbina n\u00famero dos.<\/p>\n\n\n\n<p>\u2014El recalentamiento incendi\u00f3 la turbina y empieza a arder.<\/p>\n\n\n\n<p>\u2014No se acerquen. Torre, por favor, d\u00edgale a esos bomberos que se quiten, esta gente me est\u00e1 enca\u00f1onando. Ellos no creen que hay fuego.<\/p>\n\n\n\n<p>\u2014419, conf\u00edrmeles que hay fuego y que si no se combate se incendiar\u00e1 el avi\u00f3n.<\/p>\n\n\n\n<p>\u2014Me exigen que despegue inmediatamente.<\/p>\n\n\n\n<p>\u2014Usted sabe que no puede moverse. Tiene un motor completamente incendiado. D\u00edgale a esa gente que permita apagar el fuego. Todos se van a asar vivos all\u00ed.<\/p>\n\n\n\n<p>\u2014Por favor, torre, hagan algo, est\u00e1n enfurecidos porque el copiloto se tir\u00f3 (momentos antes el copiloto abri\u00f3 una ventana de la cabina y se tir\u00f3 al suelo, logrando escapar de las balas).<\/p>\n\n\n\n<p>\u2014Negativo. No pueden despegar porque se matar\u00edan todos.<\/p>\n\n\n\n<p>\u2014Dicen que los bomberos pueden llegar. Ya se convencieron de que hay fuego.<br>Los bomberos ya hab\u00edan apagado el fuego pero se las ingeniaron para hacer creer a los secuestradores que todav\u00eda hab\u00eda llamas.<\/p>\n\n\n\n<p>Los secuestradores comenzaron a insistir en que deb\u00edan volar, esta vez a la isla de San Andr\u00e9s. Mientras tanto, el piloto suplic\u00f3 una vez m\u00e1s por su vida.<\/p>\n\n\n\n<p>\u2014Torre, me van a matar, insisten en que nos movamos. Retiren a la gente (polic\u00edas).<\/p>\n\n\n\n<p>Los secuestradores le pasaron el micr\u00f3fono a una de las azafatas:<\/p>\n\n\n\n<p>\u2014Por Cristo, no permitan que nos maten aqu\u00ed. Ya lo van a hacer, c\u00f3mo es posible que nos quiten la vida ante ustedes. Preferimos irnos secuestrados a Cuba, pero no se opongan, nos est\u00e1n matando.<\/p>\n\n\n\n<p>Las autoridades ticas pidieron calma, pero las azafatas ya hab\u00edan hecho bastante. Barbara Stein y Silviana Lambotte estaban asignadas al BAC-111 y ya hab\u00edan sufrido un primer intento de secuestro siempre a manos del FSLN en ese mismo avi\u00f3n, por lo que ten\u00edan experiencia y hab\u00edan logrado ayudar a mantener la calma mientras los pasajeros estuvieron dentro. Pero ya en ese momento ten\u00edan poca tolerancia a la frustraci\u00f3n.<\/p>\n\n\n\n<p>Los secuestradores ya se autoproclamaban m\u00e1rtires y dec\u00edan que no les importaba morir.<\/p>\n\n\n<div class=\"wp-block-image\">\n<figure class=\"aligncenter\"><a href=\"https:\/\/gep90.laprensa.com.ni\/magazine\/wp-content\/uploads\/2020\/03\/303-Mag-Lovophoto31.jpg\"><img loading=\"lazy\" decoding=\"async\" width=\"700\" height=\"711\" src=\"https:\/\/gep90.laprensa.com.ni\/magazine\/wp-content\/uploads\/2020\/03\/303-Mag-Lovophoto31.jpg\" alt=\"\" class=\"wp-image-50593\" srcset=\"https:\/\/d1xxa24wwackpg.cloudfront.net\/wp-content\/uploads\/2020\/03\/303-Mag-Lovophoto31.jpg 700w, https:\/\/d1xxa24wwackpg.cloudfront.net\/wp-content\/uploads\/2020\/03\/303-Mag-Lovophoto31.jpg 295w, https:\/\/d1xxa24wwackpg.cloudfront.net\/wp-content\/uploads\/2020\/03\/303-Mag-Lovophoto31.jpg 24w, https:\/\/d1xxa24wwackpg.cloudfront.net\/wp-content\/uploads\/2020\/03\/303-Mag-Lovophoto31.jpg 48w\" sizes=\"(max-width: 700px) 100vw, 700px\" \/><\/a><figcaption class=\"wp-element-caption\"><em>Momentos de tensi\u00f3n, evacuando pasajeros. FOTO\/ ARCHIVO<\/em><\/figcaption><\/figure>\n<\/div>\n\n\n<p>Cerca de las 3:00 de la tarde, los secuestradores empezaron a pedir otro avi\u00f3n. Pero los guardias ticos comenzaron a lanzar granadas por la parte trasera del avi\u00f3n, en una abertura que hicieron, y la aeronave comenz\u00f3 a inundarse de gases lacrim\u00f3genos.<\/p>\n\n\n\n<p>Ah\u00ed se hubieran asfixiado todos si no ha sido porque una de las azafatas empuj\u00f3 a uno de los secuestradores y logr\u00f3 abrir una puerta.<\/p>\n\n\n\n<p>A esa hora comenz\u00f3 un tiroteo. Los hombres quisieron salir del avi\u00f3n. Uno de ellos, Mena, us\u00f3 a una azafata como escudo, pero cayeron unos sobre otros, momento que un guardia aprovech\u00f3 para disparar en el t\u00f3rax a Mena, quien cay\u00f3 muerto.<\/p>\n\n\n\n<p>La Polic\u00eda tambi\u00e9n hiri\u00f3 a Arana, quien cay\u00f3 y se hizo el muerto. Villanueva fue capturado sin que le dispararan, pero estuvo a punto de morir linchado por la poblaci\u00f3n que hab\u00eda llegado al aeropuerto. Ten\u00eda a m\u00e1s de 200 personas tras de \u00e9l, pero lo rescataron los polic\u00edas.<\/p>\n\n\n\n<p>El avi\u00f3n qued\u00f3 quemado.<\/p>\n\n\n<div class=\"wp-block-image\">\n<figure class=\"aligncenter\"><a href=\"https:\/\/gep90.laprensa.com.ni\/magazine\/wp-content\/uploads\/2020\/03\/303-Mag-Lovophoto04.jpeg\"><img loading=\"lazy\" decoding=\"async\" width=\"700\" height=\"442\" src=\"https:\/\/gep90.laprensa.com.ni\/magazine\/wp-content\/uploads\/2020\/03\/303-Mag-Lovophoto04.jpeg\" alt=\"\" class=\"wp-image-50575\" srcset=\"https:\/\/d1xxa24wwackpg.cloudfront.net\/wp-content\/uploads\/2020\/03\/303-Mag-Lovophoto04.jpeg 700w, https:\/\/d1xxa24wwackpg.cloudfront.net\/wp-content\/uploads\/2020\/03\/303-Mag-Lovophoto04.jpeg 300w\" sizes=\"(max-width: 700px) 100vw, 700px\" \/><\/a><figcaption class=\"wp-element-caption\"><em>El interior del avi\u00f3n qued\u00f3 destruido tras el fuego provocado por los secuestradores. Lanica compr\u00f3 un nuevo avi\u00f3n para reponerlo. FOTO\/ REPRODUCCI\u00d3N\/ NOVEDADES<\/em><\/figcaption><\/figure>\n<\/div>\n\n\n<p class=\"has-text-align-center\">***<\/p>\n\n\n\n<p>El pantal\u00f3n de Mena qued\u00f3 perforado por las balas. El cuerpo de Mena lleg\u00f3 con la misma ropa que andaba el d\u00eda que lo mataron.<\/p>\n\n\n\n<p>Se arm\u00f3 un dilema alrededor de d\u00f3nde deber\u00edan ser juzgados Villanueva y Arana. El delito inici\u00f3 en El Salvador y termin\u00f3 en Costa Rica. Pero los protagonistas eran nicarag\u00fcenses. Costa Rica decidi\u00f3 mandar los prisioneros a Nicaragua.<\/p>\n\n\n\n<p>El teniente Ronald Sampson, recientemente fallecido, fue el encargado de trasladar a los reos de Costa Rica a Nicaragua.<\/p>\n\n\n\n<p>La justicia nicarag\u00fcense los conden\u00f3 a 27 a\u00f1os de c\u00e1rcel. Despu\u00e9s les rebajaron la pena a 23 a\u00f1os. Pero solo estuvieron un a\u00f1o presos.<\/p>\n\n\n\n<p>Arana y Villanueva fueron recluidos en la c\u00e1rcel La Aviaci\u00f3n, la cual se cay\u00f3 con el terremoto de 1972. \u201cMurieron cerca de 600 reos comunes. Solo en la celda llamada La 13, hab\u00eda m\u00e1s de cien. Los reos pol\u00edticos logramos salir. La condena que me impuso Somoza era de 27 a\u00f1os. Solo pas\u00e9 uno por gracia de Dios\u201d, dice ahora Villanueva.<\/p>\n\n\n<div class=\"wp-block-image\">\n<figure class=\"aligncenter\"><a href=\"https:\/\/gep90.laprensa.com.ni\/magazine\/wp-content\/uploads\/2020\/03\/303-Mag-Lovophoto28.jpg\"><img loading=\"lazy\" decoding=\"async\" width=\"700\" height=\"618\" src=\"https:\/\/gep90.laprensa.com.ni\/magazine\/wp-content\/uploads\/2020\/03\/303-Mag-Lovophoto28.jpg\" alt=\"\" class=\"wp-image-50591\" srcset=\"https:\/\/d1xxa24wwackpg.cloudfront.net\/wp-content\/uploads\/2020\/03\/303-Mag-Lovophoto28.jpg 700w, https:\/\/d1xxa24wwackpg.cloudfront.net\/wp-content\/uploads\/2020\/03\/303-Mag-Lovophoto28.jpg 300w\" sizes=\"(max-width: 700px) 100vw, 700px\" \/><\/a><figcaption class=\"wp-element-caption\"><em>Leonel Mena, a la izquierda, y Ra\u00fal Arana Ir\u00edas, dos de los secuestradores del avi\u00f3n de Lanica. El primero muri\u00f3 en el acto y el segundo fue herido y capturado. FOTO\/ ARCHIVO<\/em><\/figcaption><\/figure>\n<\/div>\n\n\n<p>Villanueva y Arana pasaron al exilio y a tareas de estudio y organizaci\u00f3n para luego conformar el Frente Norte Carlos Fonseca Amador.<\/p>\n\n\n\n<p>Del Frente Norte, antes del triunfo de la revoluci\u00f3n, Arana se habr\u00eda ido a vivir a Venezuela, explica Villanueva.<br>\u00c9l, por su parte, en 1980 pas\u00f3 a ser funcionario del Ministerio del Interior y tambi\u00e9n del Exterior.<\/p>\n\n\n\n<p>En 1986, renunci\u00f3 al FSLN y fue perseguido y capturado, siendo recluido en El Chipote, de donde sali\u00f3 al exilio.<br>\u201cTuvimos que malvender nuestra casa y finca familiar para vivir a\u00f1os de exilio en Honduras hasta 1997 que logramos regresar\u201d, recuerda Villanueva.<\/p>\n\n\n\n<p>En la actualidad, es opositor a Daniel Ortega. En la carta que le escribi\u00f3 en junio de 2013, le dice:<\/p>\n\n\n\n<p>\u201cHoy reclamar c\u00edvicamente ese derecho del hombre y mujer que dieron su esfuerzo, su trabajo, es ser de \u2018derecha\u2019, es querer desestabilizar a su gobierno. Un absurdo. Por lo tanto declaro p\u00fablicamente ser el primer ciudadano que le dice: &#8216;tengo objeci\u00f3n de conciencia en su forma de gobernar. Me declaro ante todo Nicaragua y el mundo, adversario de su gobierno. No le tengo miedo a la muerte. Dios me espera&#8217;\u201d.<\/p>\n\n\n<div class=\"wp-block-image\">\n<figure class=\"aligncenter\"><a href=\"https:\/\/gep90.laprensa.com.ni\/magazine\/wp-content\/uploads\/2020\/03\/303-Mag-Lovophoto16.jpeg\"><img loading=\"lazy\" decoding=\"async\" width=\"519\" height=\"1024\" src=\"https:\/\/gep90.laprensa.com.ni\/magazine\/wp-content\/uploads\/2020\/03\/303-Mag-Lovophoto16-519x1024.jpeg\" alt=\"\" class=\"wp-image-50584\" srcset=\"https:\/\/d1xxa24wwackpg.cloudfront.net\/wp-content\/uploads\/2020\/03\/303-Mag-Lovophoto16.jpeg 519w, https:\/\/d1xxa24wwackpg.cloudfront.net\/wp-content\/uploads\/2020\/03\/303-Mag-Lovophoto16.jpeg 152w, https:\/\/d1xxa24wwackpg.cloudfront.net\/wp-content\/uploads\/2020\/03\/303-Mag-Lovophoto16.jpeg 700w\" sizes=\"(max-width: 519px) 100vw, 519px\" \/><\/a><figcaption class=\"wp-element-caption\"><em>Mauricio Llanes, un ni\u00f1o de 8 a\u00f1os edad, inv\u00e1lido, era uno de los pasajeros. FOTO\/ CORTES\u00cdA\/ LA NACI\u00d3N DE COSTA RICA<\/em><\/figcaption><\/figure>\n<\/div>\n\n\n<h3 class=\"wp-block-heading\">El BAC-111<\/h3>\n\n\n\n<p>Cinco millones de d\u00f3lares val\u00eda el avi\u00f3n BAC-111, de Lanica, que qued\u00f3 inservible tras el secuestro a manos del FSLN.<\/p>\n\n\n\n<p>La aeronave no podr\u00eda volverse a utilizar ya que fue altamente da\u00f1ado en su presurizaci\u00f3n, es decir, la compactaci\u00f3n de la nave, perforada por muchos disparos que no admiten reparaci\u00f3n.<\/p>\n\n\n\n<p>Lanica ten\u00eda asegurada sus naves y mensualmente pagaba 20 mil d\u00f3lares en seguros.<\/p>\n\n\n\n<p>Pocos d\u00edas despu\u00e9s del secuestro, Lanica compr\u00f3 otro avi\u00f3n, otro Jet BAC-111 serie 500, con capacidad para 119 pasajeros que cost\u00f3 seis millones de d\u00f3lares.<\/p>\n\n\n\n<h3 class=\"wp-block-heading\">Alfonso Lovo Bland\u00f3n<\/h3>\n\n\n\n<p>Despu\u00e9s de mucho tiempo, Alfonso Lovo Bland\u00f3n logr\u00f3 recuperarse. Fue a la universidad y, en 1972 estaba en Managua cuando el terremoto.<\/p>\n\n\n\n<p>En esa \u00e9poca, meses antes, conoci\u00f3 a su esposa Leonor Cuadra en un espect\u00e1culo en el Teatro Nacional Rub\u00e9n Dar\u00edo y pasaron juntos el sismo. Se casaron en 1973, antes del concierto que \u00e9l organiz\u00f3, en octubre, con Carlos Santana y Chepito Areas en el Estadio Nacional, para los damnificados del terremoto.<\/p>\n\n\n<div class=\"wp-block-image\">\n<figure class=\"aligncenter\"><a href=\"https:\/\/gep90.laprensa.com.ni\/magazine\/wp-content\/uploads\/2020\/03\/303-Mag-Lovophoto20.jpeg\"><img loading=\"lazy\" decoding=\"async\" width=\"700\" height=\"573\" src=\"https:\/\/gep90.laprensa.com.ni\/magazine\/wp-content\/uploads\/2020\/03\/303-Mag-Lovophoto20.jpeg\" alt=\"\" class=\"wp-image-50587\" srcset=\"https:\/\/d1xxa24wwackpg.cloudfront.net\/wp-content\/uploads\/2020\/03\/303-Mag-Lovophoto20.jpeg 700w, https:\/\/d1xxa24wwackpg.cloudfront.net\/wp-content\/uploads\/2020\/03\/303-Mag-Lovophoto20.jpeg 300w\" sizes=\"(max-width: 700px) 100vw, 700px\" \/><\/a><figcaption class=\"wp-element-caption\"><em>Lovo Bland\u00f3n mientras se recuperaba en un hospital junto a sus padres Tere Bland\u00f3n y Alfonso Lovo Cordero, ministro de Agricultura del r\u00e9gimen somocista. FOTO\/ REPRODUCCI\u00d3N\/ NOVEDADES<\/em><\/figcaption><\/figure>\n<\/div>\n\n\n<p>\u201cTengo una vida normal, dedicado a mi m\u00fasica, y mis negocios, mis hijos y nietos\u201d, dice.<\/p>\n\n\n\n<p>La \u00faltima presentaci\u00f3n que hizo en Nicaragua fue en el Teatro Nacional Rub\u00e9n Dar\u00edo en el 2016.<\/p>\n\n\n\n<p>Se mantiene viajando entre Miami, Managua y da conciertos en Europa. Escribi\u00f3 una novela de realismo m\u00e1gico: <em>La incre\u00edble historia del supertorero<\/em>.<\/p>\n","protected":false},"excerpt":{"rendered":"<p>Tres miembros del FSLN, con dos pistolas y una navaja, secuestran un avi\u00f3n BAC-111 de Lanica en 1971. Todo termina con dos de ellos presos, uno muerto, la nave destruida y el hijo de un ministro de Somoza baleado<\/p>\n","protected":false},"author":5124,"featured_media":50594,"comment_status":"open","ping_status":"open","sticky":false,"template":"","format":"standard","meta":{"_acf_changed":false,"footnotes":""},"categories":[26],"tags":[4929,183,7,5075,848],"class_list":["post-50573","post","type-post","status-publish","format-standard","has-post-thumbnail","hentry","category-reportajes","tag-anos-70","tag-daniel-ortega","tag-fsln","tag-lanica","tag-somoza"],"acf":[],"_links":{"self":[{"href":"https:\/\/staging.laprensanic.com\/magazine\/wp-json\/wp\/v2\/posts\/50573","targetHints":{"allow":["GET"]}}],"collection":[{"href":"https:\/\/staging.laprensanic.com\/magazine\/wp-json\/wp\/v2\/posts"}],"about":[{"href":"https:\/\/staging.laprensanic.com\/magazine\/wp-json\/wp\/v2\/types\/post"}],"author":[{"embeddable":true,"href":"https:\/\/staging.laprensanic.com\/magazine\/wp-json\/wp\/v2\/users\/5124"}],"replies":[{"embeddable":true,"href":"https:\/\/staging.laprensanic.com\/magazine\/wp-json\/wp\/v2\/comments?post=50573"}],"version-history":[{"count":8,"href":"https:\/\/staging.laprensanic.com\/magazine\/wp-json\/wp\/v2\/posts\/50573\/revisions"}],"predecessor-version":[{"id":58769,"href":"https:\/\/staging.laprensanic.com\/magazine\/wp-json\/wp\/v2\/posts\/50573\/revisions\/58769"}],"wp:featuredmedia":[{"embeddable":true,"href":"https:\/\/staging.laprensanic.com\/magazine\/wp-json\/wp\/v2\/media\/50594"}],"wp:attachment":[{"href":"https:\/\/staging.laprensanic.com\/magazine\/wp-json\/wp\/v2\/media?parent=50573"}],"wp:term":[{"taxonomy":"category","embeddable":true,"href":"https:\/\/staging.laprensanic.com\/magazine\/wp-json\/wp\/v2\/categories?post=50573"},{"taxonomy":"post_tag","embeddable":true,"href":"https:\/\/staging.laprensanic.com\/magazine\/wp-json\/wp\/v2\/tags?post=50573"}],"curies":[{"name":"wp","href":"https:\/\/api.w.org\/{rel}","templated":true}]}}