{"id":50833,"date":"2020-04-13T12:05:12","date_gmt":"2020-04-13T18:05:12","guid":{"rendered":"http:\/\/gep90.laprensa.com.ni\/magazine\/?p=50833"},"modified":"2024-01-04T16:21:18","modified_gmt":"2024-01-04T22:21:18","slug":"la-visita-del-chavo-del-8-a-nicaragua-en-1974","status":"publish","type":"post","link":"https:\/\/staging.laprensanic.com\/magazine\/reportajes\/la-visita-del-chavo-del-8-a-nicaragua-en-1974\/","title":{"rendered":"La visita del Chavo del 8 a Nicaragua en 1974"},"content":{"rendered":"\n<p>\u00a1El Teatro Carpa Popular presenta hoy s\u00e1bado 2 de noviembre el gran debut del famoso artista de radio y televisi\u00f3n Chespirito! Acompa\u00f1ado de su fant\u00e1stico cuadro de actores. En sus grandes actuaciones del Chapul\u00edn Colorado y el Chavo del 8.<\/p>\n\n\n\n<p>Esto repet\u00edan las estaciones de radio y las baratas en las principales ciudades de Nicaragua y hasta el Diario LA PRENSA sac\u00f3 varios peque\u00f1os anuncios, d\u00edas antes que de la visita a Nicaragua del elenco del famoso programa mexicano.<\/p>\n\n\n\n<p>A finales de febrero de 2020 en el pa\u00eds se volvi\u00f3 a hablar de esta visita de estos famosos artistas, luego de que el archivo audiovisual de la cadena Televisa publicara un video in\u00e9dito donde el periodista Jaime Almeida entrevista brevemente a Roberto G\u00f3mez Bola\u00f1os y sus actores minutos antes de que aborden el avi\u00f3n que los trajo a Nicaragua.<\/p>\n\n\n\n<p>En la cinta se puede ver a un elenco joven y emocionado hablando sobre lo que ser\u00eda su primera presentaci\u00f3n internacional como actores. Entre curiosos y personas que se acercaban a pedir unos aut\u00f3grafos a los miembros de la vecindad del Chavo, se les realiz\u00f3 esta entrevista que no hab\u00eda visto la luz desde hace m\u00e1s de 45 a\u00f1os.<\/p>\n\n\n\n<p>\u2014\u00bfCu\u00e1ntas veces ha salido de M\u00e9xico el Chavo del 8? \u2014pregunt\u00f3 Almeida en el aeropuerto de M\u00e9xico.<br>\u2014Esta es la primera vez y Nicaragua ser\u00e1 el pa\u00eds padrino para Chespirito y su grupo. Solamente nos hemos presentado en el interior de M\u00e9xico \u2014respondi\u00f3 entusiasmado Roberto G\u00f3mez Bola\u00f1os.<\/p>\n\n\n\n<p>El Chavo del 8, Quico, Don Ram\u00f3n, Do\u00f1a Florinda, el Se\u00f1or Barriga y God\u00ednez aterrizaron en Nicaragua en su primera gira internacional, el viernes 1 de noviembre de 1974.<\/p>\n\n\n\n<p>El avi\u00f3n de la compa\u00f1\u00eda Taca que los trajo desde la capital de M\u00e9xico aterriz\u00f3 de noche en el aeropuerto Las Mercedes, de Managua.<\/p>\n\n\n\n<p>En la pista de aterrizaje los esperaban cientos de ni\u00f1os que, acompa\u00f1ados de sus padres, gritaban de entusiasmo cuando el primero en asomarse por la puerta del avi\u00f3n fue Don Ram\u00f3n.<\/p>\n\n\n\n<p>Autom\u00e1ticamente los peque\u00f1os se lanzaron a la pista burlando las barreras que hab\u00edan puesto las autoridades del aeropuerto que nunca se imaginaron que iba a llegar tanta gente. Los artistas apenas pudieron bajar del avi\u00f3n ante la multitud de chavalos que gritaban las famosas frases de Chespirito.<\/p>\n\n\n\n<p><em>\u00a1No contaban con mi astucia! \u00a1Lo sospech\u00e9 desde un principio!<\/em> Las autoridades se vieron abrumadas y tuvieron que abrir una sala aparte en el aeropuerto para que ah\u00ed se dirigiera la multitud de ni\u00f1os que no quer\u00eda salir de la pista de aterrizaje.<\/p>\n\n\n\n<p>\u201c\u00a1S\u00edganme los buenos!\u201d, y los muchachos salieron con sus padres entre gritos a dicha sala donde dos ni\u00f1os les entregaron ramilletes de claveles rojos a Chespirito y a Do\u00f1a Florinda.<\/p>\n\n\n\n<p>No pasaron ni diez minutos cuando ya Don Ram\u00f3n estaba entreteniendo a la multitud actuando como su personaje en la serie.<\/p>\n\n\n\n<p>El elenco mexicano fue recibido por do\u00f1a Asunci\u00f3n Ortiz, administradora del Teatro Carpa Rub\u00e9n Dar\u00edo, R\u00f3ger Fisher, quien era uno de los organizadores del espect\u00e1culo y otros personajes de la televisi\u00f3n nicarag\u00fcense de entonces.<\/p>\n\n\n\n<p class=\"has-text-align-center\">***<\/p>\n\n\n\n<p>No se sabe con exactitud a qui\u00e9n se le ocurri\u00f3 traer al elenco del Chavo del 8 a Nicaragua. Uno de los organizadores fue don \u00d3scar Miranda, que ha trabajado en la televisi\u00f3n nacional durante gran parte de su vida. Seg\u00fan Mirandita, como lo conocen sus amigos, en Nicaragua por entonces hab\u00eda una aut\u00e9ntica fiebre por el Chavo del 8 y el Chapul\u00edn Colorado.<\/p>\n\n\n\n<p>\u201cHab\u00eda mucha euforia sobre Chespirito, el p\u00fablico te lo pide y vos le cumpl\u00eds\u201d, se\u00f1ala Mirandita, quien asegura que \u00e9l fue uno de los que viaj\u00f3 a M\u00e9xico para hablar con Roberto G\u00f3mez Bola\u00f1os para contratarlo y que se presentara su espect\u00e1culo en tierras pinoleras.<\/p>\n\n\n<div class=\"wp-block-image\">\n<figure class=\"aligncenter\"><a href=\"https:\/\/gep90.laprensa.com.ni\/magazine\/wp-content\/uploads\/2020\/04\/elchavosnovedaes.png\"><img decoding=\"async\" src=\"https:\/\/gep90.laprensa.com.ni\/magazine\/wp-content\/uploads\/2020\/04\/elchavosnovedaes.png\" alt=\"\" class=\"wp-image-50838\"\/><\/a><figcaption class=\"wp-element-caption\"><strong>P\u00e1ginas interiores del diario <em>Novedades<\/em> sobre la llegada de Chespirito a Nicaragua.<\/strong><\/figcaption><\/figure>\n<\/div>\n\n\n<p>\u201cA m\u00ed me toc\u00f3 ir a M\u00e9xico para hacer la contrataci\u00f3n de los artistas. Ven\u00edan al Canal 2 de aqu\u00ed y al Teatro Carpa, pero uno se hac\u00eda cargo de sus presentaciones y ten\u00eda que arreglar todo\u201d, recuerda el veterano de la televisi\u00f3n.<\/p>\n\n\n\n<p>Luego de negociar en M\u00e9xico se firm\u00f3 el contrato y los artistas llegaron el 1 de noviembre para actuar el fin de semana y volver el lunes a tierras aztecas.<\/p>\n\n\n\n<p>Adem\u00e1s del Teatro Carpa Rub\u00e9n Dar\u00edo, hicieron posible esta visita el Canal 2 de televisi\u00f3n y la empresa de publicidad ISTMO-PEP.<\/p>\n\n\n\n<p>Otra persona clave en la llegada del Chavo del 8 a Nicaragua fue la se\u00f1ora Asunci\u00f3n Ortiz, una empresaria del entretenimiento que hab\u00eda tra\u00eddo a varios artistas internacionales, sobre todo de Europa.<\/p>\n\n\n\n<p>Gracias a su nacionalidad espa\u00f1ola Ortiz, lograba hacer contactos internacionales y traer a grandes artistas de talla mundial.<\/p>\n\n\n\n<p>La valenciana contaba que sent\u00eda a Nicaragua como parte de su vida, asegurando que \u201ctodos los que hablamos la lengua de Castilla nos identificamos como en una sola patria\u201d.<\/p>\n\n\n\n<p>Ortiz era la administradora del Teatro Carpa Rub\u00e9n Dar\u00edo que, seg\u00fan Mirandita, por esas fechas estaba instalado muy cerca del Hotel Intercontinental, que fue precisamente donde se hospedaron los mexicanos.<\/p>\n\n\n\n<p>Desde el 26 de octubre se comenz\u00f3 a hacer campa\u00f1a publicitaria sobre la visita del Chavo del 8 y su elenco. Las entradas comenzaron a venderse como pan caliente, sobre todo para el debut que ser\u00eda el s\u00e1bado 2 de noviembre, siendo la primera funci\u00f3n a las cuatro de la tarde y una segunda a las 6:30 de la tarde.<\/p>\n\n\n\n<p>Los boletos ten\u00edan un costo de 10 y 15 c\u00f3rdobas.<\/p>\n\n\n\n<p>Se escogi\u00f3 el teatro carpa para que personas de los barrios populares y de los departamentos pudieran asistir a los espect\u00e1culos. Seg\u00fan el diario <em>Novedades<\/em>, se instalaron equipos especiales de sonido y escenograf\u00eda particular para representar la vieja vecindad donde viv\u00eda El Chavo y sus amigos.<\/p>\n\n\n\n<p>De esas cosas la valenciana Asunci\u00f3n Ortiz sab\u00eda mucho, cuenta \u00d3scar Miranda. Seg\u00fan \u00e9l, la espa\u00f1ola ten\u00eda sus equipos para montar espect\u00e1culos.<\/p>\n\n\n\n<p>El domingo fueron cuatro las presentaciones que se realizaron. La primera a las 10:00 de la ma\u00f1ana, luego a las cuatro de la tarde y la \u00faltima presentaci\u00f3n en vivo fue a las 6:30 de la tarde.<\/p>\n\n\n\n<p>A mediod\u00eda los artistas fueron a presentarse al programa Domingos Gigantes, en Canal 2, que dirig\u00eda el se\u00f1or C\u00e9sar Sobrevalls. La grabaci\u00f3n fue repetida varias veces en la semana y se anunci\u00f3 en la parrilla de programaci\u00f3n en su horario estelar de las 8:00 p.m., dicha parrilla era publicada en aquel tiempo tanto en <em>Novedades<\/em> como en LA PRENSA.<\/p>\n\n\n\n<p>\u201cChespirito a todo color\u201d, dec\u00eda la parrilla del Canal 2.<\/p>\n\n\n\n<p>Todas las funciones se llenaron a reventar. Las filas eran largas de personas esperando comprar un boleto, pero no daban abasto. El domingo cientos de personas que se quedaron sin ver al Chavo del 8 se fueron a la carpa del teatro a ver si lograban mirar a los actores. Algunos cuentan que solo lograron ver a Don Ram\u00f3n fuera de la carpa del circo fumando.<\/p>\n\n\n\n<p>Seg\u00fan la nota del diario <em>Novedades<\/em>, publicada al finalizar la gira. Parte de lo recaudado en las presentaciones fue donado al Hospital del Ni\u00f1o. \u201cSe puede decir que las funciones son m\u00e1s bien ben\u00e9ficas para contribuir a esa gran obra inspirada por do\u00f1a Hope Portocarrero de Somoza Debayle\u201d, dijo la valenciana.<\/p>\n\n\n\n<p class=\"has-text-align-center\">***<\/p>\n\n\n\n<p>Los actores que vinieron al pa\u00eds fueron Ram\u00f3n Vald\u00e9s, Carlos Villagr\u00e1n, Edgar Vivar, Florinda Meza y el apoderado del grupo Horacio G\u00f3mez Bola\u00f1os, hermano de Chespirito y que en algunas ocasiones hac\u00eda de God\u00ednez, y que era acompa\u00f1ado de su esposa Mar\u00eda Jim\u00e9nez. Asimismo, Roberto G\u00f3mez Bola\u00f1os se hizo acompa\u00f1ar de su esposa Graciela.<\/p>\n\n\n\n<p>Luego del recibimiento en el aeropuerto llegaron al Hotel Intercontinental, en donde subieron a sus habitaciones para cambiarse de ropa y asistir a un c\u00f3ctel de bienvenida.<\/p>\n\n\n\n<p>En la recepci\u00f3n fueron recibidos por varios periodistas de diferentes medios de comunicaci\u00f3n, siempre encabezados por los reporteros del oficialista <em>Novedades<\/em>.<\/p>\n\n\n\n<p>\u201cChespirito, los periodistas de Nicaragua te damos la bienvenida, este fue un saludo fr\u00edamente calculado\u201d, solt\u00f3 la periodista Telma Nidia, encargada de cubrir la visita por el peri\u00f3dico de Somoza.<\/p>\n\n\n<div class=\"wp-block-image\">\n<figure class=\"aligncenter\"><a href=\"https:\/\/gep90.laprensa.com.ni\/magazine\/wp-content\/uploads\/2020\/04\/portadasegunda.png\"><img fetchpriority=\"high\" decoding=\"async\" width=\"651\" height=\"367\" src=\"https:\/\/gep90.laprensa.com.ni\/magazine\/wp-content\/uploads\/2020\/04\/portadasegunda.png\" alt=\"\" class=\"wp-image-50837\" srcset=\"https:\/\/d1xxa24wwackpg.cloudfront.net\/wp-content\/uploads\/2020\/04\/portadasegunda.png 651w, https:\/\/d1xxa24wwackpg.cloudfront.net\/wp-content\/uploads\/2020\/04\/portadasegunda.png 300w\" sizes=\"(max-width: 651px) 100vw, 651px\" \/><\/a><figcaption class=\"wp-element-caption\">Esta fue la primera plana del diario <em>Novedades<\/em> al d\u00eda siguiente de la llegada del elenco del Chavo del 8.<\/figcaption><\/figure>\n<\/div>\n\n\n<p>Chespirito los salud\u00f3 mientras segu\u00eda firmando aut\u00f3grafos. En sus notas todos los medios destacaron que el comediante mexicano era bajito pero simp\u00e1tico, Telma Nidia lo describi\u00f3 \u201cplet\u00f3rico de humor y con una sonrisa atractiva\u201d.<\/p>\n\n\n\n<p>Lo cierto es que era el aut\u00e9ntico l\u00edder del grupo. Los dem\u00e1s actores se referir\u00edan siempre a \u00e9l cuando les preguntaban sobre decisiones de la serie o los personajes.<\/p>\n\n\n\n<p>A la jovencita Florinda Meza le preguntaron sobre la ausencia del profesor Jirafales, ella respondi\u00f3 que no pudo viajar debido a unos compromisos que ten\u00eda con la televisora en la capital mexicana.<\/p>\n\n\n\n<p>\u2014No vino, mi amor, siempre me hace mucha falta \u2014respondi\u00f3 encarnando a su personaje.<br>\u2014\u00bfQuiere casarse con \u00e9l? Quico quiere pap\u00e1 \u2014le preguntaron los periodistas.<br>\u2014No s\u00e9 lo que decida sobre eso Chespirito \u2014dijo de manera tajante.<\/p>\n\n\n\n<p>Quiz\u00e1s la ausencia m\u00e1s notoria para todos fue la de la Chilindrina, a uno de los primeros en preguntarle sobre este asunto fue a Don Ram\u00f3n, que dijo tambi\u00e9n encarnando a su persona que le hac\u00eda falta la Chilindrina y esperaba que volviera.<\/p>\n\n\n\n<p>\u2014Me hace falta mi hijita. Me le ofrecieron m\u00e1s plata en el Canal 7 y se nos fue, pero es posible que regrese con su pap\u00e1.<br>\u2014\u00bfNo es cierto que muri\u00f3 entonces? \u2014le cuestion\u00f3 la periodista de <em>Novedades<\/em>.<br>\u2014No, claro que no y es buena la oportunidad para aclararle al p\u00fablico esa informaci\u00f3n.<\/p>\n\n\n\n<p>Ram\u00f3n Vald\u00e9s era uno de los actores m\u00e1s queridos de la serie y se hab\u00eda ganado un lugar especial en el programa, tanto as\u00ed que son pocos los episodios en los que no aparece. El actor naci\u00f3 en una familia de artistas, tres de sus hermanos se dedicaron al espect\u00e1culo.<\/p>\n\n\n\n<p>Otro de los entrevistados durante la bienvenida fue Carlos Villagr\u00e1n, quien hac\u00eda de Quico. Este era un actor autodidacta y en la misma entrevista que le realizaron los periodistas nicarag\u00fcenses asegura que no le gustaban los estudios. Adem\u00e1s, Villagr\u00e1n cont\u00f3 que estaba casado, ten\u00eda dos hijos y estaba esperando un tercero.<\/p>\n\n\n\n<p>\u201cMano, en este mes me viene otro, que a lo mejor nace mientras estoy aqu\u00ed en Nicaragua\u201d, confes\u00f3 Villagr\u00e1n, quien muchos a\u00f1os despu\u00e9s cont\u00f3 una an\u00e9cdota sobre su visita a Nicaragua.<\/p>\n\n\n<div class=\"wp-block-image\">\n<figure class=\"aligncenter\"><a href=\"https:\/\/gep90.laprensa.com.ni\/magazine\/wp-content\/uploads\/2020\/04\/chavo.png\"><img decoding=\"async\" width=\"955\" height=\"512\" src=\"https:\/\/gep90.laprensa.com.ni\/magazine\/wp-content\/uploads\/2020\/04\/chavo.png\" alt=\"\" class=\"wp-image-50840\" srcset=\"https:\/\/d1xxa24wwackpg.cloudfront.net\/wp-content\/uploads\/2020\/04\/chavo.png 955w, https:\/\/d1xxa24wwackpg.cloudfront.net\/wp-content\/uploads\/2020\/04\/chavo.png 300w, https:\/\/d1xxa24wwackpg.cloudfront.net\/wp-content\/uploads\/2020\/04\/chavo.png 768w\" sizes=\"(max-width: 955px) 100vw, 955px\" \/><\/a><figcaption class=\"wp-element-caption\">Roberto G\u00f3mez Bola\u00f1os, conocido como Chespirito. El creador del Chavo del 8.<\/figcaption><\/figure>\n<\/div>\n\n\n<p>Seg\u00fan recuerda Quico en 1974, cuando aterrizaron en Managua vieron gran cantidad de propaganda de Somoza en la que se citaban frases del Chavo del 8.<\/p>\n\n\n\n<p>\u201cToda la publicidad en lo pol\u00edtico estaba apoyada en frases del Chavo del 8 y el Chapul\u00edn Colorado. Mantas que atravesaban las calles y dec\u00edan \u2018no contaban con su Anastasio\u2019. Y el partido que perdi\u00f3 dijo \u2018lo sospech\u00e9 desde un principio\u2019\u201d, cont\u00f3 entre risas en un programa hace un par de a\u00f1os.<\/p>\n\n\n\n<p>Para Villagr\u00e1n, el viaje a Nicaragua fue su primera experiencia como actor fuera de M\u00e9xico, m\u00e1s adelante viajar\u00eda por toda Hispanoam\u00e9rica con Chespirito y al salir del programa trabajar\u00eda con el personaje de Quico, pero sin la autorizaci\u00f3n de Roberto G\u00f3mez.<\/p>\n\n\n\n<p>\u201cEs la primera vez que salgo de M\u00e9xico para hacer representaciones como artista. Me siento orgulloso de que haya sido este pa\u00eds donde haga mi debut internacional\u201d, dijo antes de salir de M\u00e9xico.<\/p>\n\n\n\n<p>Una de las sorpresas que se llevaron los periodistas nicarag\u00fcenses fue con Don Barriga. Edgar Vivar estudi\u00f3 Medicina, pero amaba la actuaci\u00f3n. Cuando le preguntaron qu\u00e9 le parec\u00eda aquella Managua que todav\u00eda ten\u00eda frescas las heridas del terremoto de 1972, dijo que le parec\u00eda que hab\u00eda visitado Nicaragua varias veces y confes\u00f3 que la raz\u00f3n era que ten\u00eda muchos amigos nicarag\u00fcenses.<\/p>\n\n\n\n<p>\u201cFue en la Universidad Nacional Aut\u00f3noma de M\u00e9xico, donde estudi\u00e9 e hice muchas amistades con nicarag\u00fcenses. Tengo las direcciones de ellos. Voy a visitarlos ahora que me hallo en esta hermosa tierra\u201d, solt\u00f3 Don Barriga.<\/p>\n\n\n\n<p>Solo las dos esposas de los hermanos G\u00f3mez Bola\u00f1os eran las que no formaban parte del elenco. Pero llam\u00f3 mucho la atenci\u00f3n el que Chespirito viajara con su esposa, con la que entonces ten\u00eda 18 a\u00f1os de casado y tuvieron seis hijos.<\/p>\n\n\n\n<p>\u201cEs la primera vez que salgo de gira fuera de M\u00e9xico\u201d, confes\u00f3 la primera esposa del comediante.<\/p>\n\n\n\n<p>El Chavo m\u00e1s adelante se casar\u00eda con Do\u00f1a Florinda, aunque le preguntaron en su momento a la esposa de Chespirito si ten\u00eda celos de la Chilindrina, ella asegur\u00f3 que no.<\/p>\n\n\n\n<p>La dictadura de Somoza fue \u201cbuena anfitriona de Chespirito\u201d, cuenta Mirandita, quien asegura que Somoza ten\u00eda mayor predilecci\u00f3n por las mujeres artistas que por los hombres.<\/p>\n\n\n\n<p>Mientras el peri\u00f3dico <em>Novedades<\/em> ten\u00eda un tono suave respecto a esta visita, el diario LA PRENSA fue muy cr\u00edtico con el Chavo del 8. Al parecer eso no le gust\u00f3 a Roberto G\u00f3mez Bola\u00f1os, por lo que durante una entrevista dej\u00f3 que fuera su hermano Ricardo G\u00f3mez el que respondiera a los cuestionamientos.<\/p>\n\n\n\n<p>La pregunta que no le gust\u00f3 a Chespirito fue sobre si su programa era \u201calienante en cuanto que culturalmente no ense\u00f1a nada\u201d.<\/p>\n\n\n\n<p>Ricardo Bola\u00f1os respondi\u00f3 que eso era algo subjetivo y que depend\u00eda del \u00e1ngulo desde el que se viera el programa.<\/p>\n\n\n\n<p>\u201cPor ejemplo, el Chavo del 8 es la representaci\u00f3n de problemas sociales y econ\u00f3micos de un vecindario. Que es un prototipo de la gente marginada del propio Distrito Federal en M\u00e9xico\u201d, apunt\u00f3 en la entrevista con LA PRENSA.<\/p>\n\n\n\n<p>Adem\u00e1s, defini\u00f3 los personajes de su hermano Chespirito como de \u201cantih\u00e9roes\u201d. Y puso como ejemplo al Chapul\u00edn Colorado, \u201cun sujeto que no es nadie, pero que \u00e9l supone que lo puede todo. Es algo as\u00ed como una s\u00e1tira burlesca de los valentones mexicanos, de aquellos que creen que Batman o Kalim\u00e1n son verdaderos cuando en la pr\u00e1ctica esa es pura ilusi\u00f3n\u201d.<\/p>\n\n\n\n<p class=\"has-text-align-center\">***<\/p>\n\n\n\n<p>Seg\u00fan el mismo Roberto G\u00f3mez Bola\u00f1os, el personaje de Chespirito naci\u00f3 en octubre de 1969, luego de una larga gestaci\u00f3n. Aunque de manera oficial el Chavo del 8 se emiti\u00f3 por primera vez en junio de 1971.<\/p>\n\n\n\n<p>Se llama Chespirito porque es un diminutivo de Shakespeare, unido al esp\u00edritu del Quijote que intenta burlarse de los grandes personajes, pero en este caso de habla inglesa como Superm\u00e1n o Batman.<\/p>\n\n\n\n<p>Para cuando vino a Nicaragua el programa se emit\u00eda en M\u00e9xico, toda Centroam\u00e9rica y Estados Unidos. Se grababa en los estudios de Televisa Ocho, al sur de la Ciudad de M\u00e9xico.<\/p>\n\n\n<div class=\"wp-block-image\">\n<figure class=\"aligncenter\"><a href=\"https:\/\/gep90.laprensa.com.ni\/magazine\/wp-content\/uploads\/2020\/04\/chavo04.png\"><img decoding=\"async\" width=\"542\" height=\"594\" src=\"https:\/\/gep90.laprensa.com.ni\/magazine\/wp-content\/uploads\/2020\/04\/chavo04.png\" alt=\"\" class=\"wp-image-50839\" srcset=\"https:\/\/d1xxa24wwackpg.cloudfront.net\/wp-content\/uploads\/2020\/04\/chavo04.png 542w, https:\/\/d1xxa24wwackpg.cloudfront.net\/wp-content\/uploads\/2020\/04\/chavo04.png 274w\" sizes=\"(max-width: 542px) 100vw, 542px\" \/><\/a><figcaption class=\"wp-element-caption\"><strong>Anuncio en el diario LA PRENSA, semanas antes de las presentaciones del Chavo del 8 en Managua.<\/strong><\/figcaption><\/figure>\n<\/div>\n\n\n<p>Rub\u00e9n Aguirre, que interpretaba al Profesor Jirafales, no visit\u00f3 Nicaragua, pero en varias entrevistas reconoci\u00f3 que fue uno de los primeros actores en trabajar con Chespirito. Antes del Chavo del 8 ya actuaba en otros proyectos.<\/p>\n\n\n\n<p>La visita a Nicaragua fue un completo \u00e9xito. En diciembre de ese mismo a\u00f1o salieron rumbo al resto de Centroam\u00e9rica y Sudam\u00e9rica. El \u00e9xito fue tan rotundo que la competencia televisiva en M\u00e9xico comenz\u00f3 a intentar llevarse a alguno de los actores. Ya lo hab\u00eda logrado con la Chilindrina, aunque estuvo apartada durante breve tiempo.<\/p>\n\n\n\n<p>Pero los desencuentros comenzaron cuando Mar\u00eda Antonieta de las Nieves y Carlos Villagr\u00e1n comenzaron a usar los personajes de la Chilindrina y Quico, primero con el permiso de su creador y ya luego sin permiso de Chespirito.<\/p>\n\n\n\n<p>Al comienzo los dej\u00f3 usarlos, gracias a lo cual ambos actores se hicieron de mucho dinero. Grabaron pel\u00edculas, discos, incluso llegaron a tener sus propios circos. Pese a que Chespirito repart\u00eda el 80 % de las ganancias entre los actores y \u00e9l se quedaba con el 20 %, la ambici\u00f3n de Quico y la Chilindrina fue creciendo hasta que rompieron definitivamente.<\/p>\n\n\n\n<p>Villagr\u00e1n se fue del programa en 1978 y Ram\u00f3n Vald\u00e9s muri\u00f3 en 1988 producto de un c\u00e1ncer de est\u00f3mago, ya ten\u00eda varios a\u00f1os alejado del Chavo del 8. Don Ram\u00f3n fue sustituido por Jaimito el Cartero.<\/p>\n\n\n\n<p>Su \u00faltima enemistad fue con la Chilindrina, a la que lleg\u00f3 a llamar \u201ctraicionera, malagradecida y rid\u00edcula\u201d. El \u00faltimo cap\u00edtulo del Chavo del 8 como serie se emiti\u00f3 en 1980, aunque luego salieron cap\u00edtulos in\u00e9ditos. Roberto G\u00f3mez Bola\u00f1os muri\u00f3 en noviembre de 2014, antes se hab\u00eda casado con Florinda Meza en 2004.<\/p>\n\n\n\n<h3 class=\"wp-block-heading\">Do\u00f1a Asunci\u00f3n Ortiz<\/h3>\n\n\n\n<p>Colabor\u00f3 mucho en la puesta en escena de espect\u00e1culos con artistas de otros pa\u00edses. La espa\u00f1ola siempre intent\u00f3 acercar la cultura a los sectores m\u00e1s populares de Managua.<\/p>\n\n\n\n<p>Entre los otros artistas internacionales que han visitado Nicaragua est\u00e1n: Julio Iglesias, Raphael, Mario Moreno Cantinflas, Jos\u00e9 Jos\u00e9, entre otros.<\/p>\n","protected":false},"excerpt":{"rendered":"<p>Antes que ning\u00fan otro pa\u00eds fuera de M\u00e9xico, el elenco del Chavo del 8 estuvo en Nicaragua. Aqu\u00ed las peripecias de esa visita<\/p>\n","protected":false},"author":5293,"featured_media":50835,"comment_status":"open","ping_status":"open","sticky":false,"template":"","format":"standard","meta":{"_acf_changed":false,"footnotes":""},"categories":[26],"tags":[4929,5074,848],"class_list":["post-50833","post","type-post","status-publish","format-standard","has-post-thumbnail","hentry","category-reportajes","tag-anos-70","tag-chavo-del-8","tag-somoza"],"acf":[],"_links":{"self":[{"href":"https:\/\/staging.laprensanic.com\/magazine\/wp-json\/wp\/v2\/posts\/50833","targetHints":{"allow":["GET"]}}],"collection":[{"href":"https:\/\/staging.laprensanic.com\/magazine\/wp-json\/wp\/v2\/posts"}],"about":[{"href":"https:\/\/staging.laprensanic.com\/magazine\/wp-json\/wp\/v2\/types\/post"}],"author":[{"embeddable":true,"href":"https:\/\/staging.laprensanic.com\/magazine\/wp-json\/wp\/v2\/users\/5293"}],"replies":[{"embeddable":true,"href":"https:\/\/staging.laprensanic.com\/magazine\/wp-json\/wp\/v2\/comments?post=50833"}],"version-history":[{"count":10,"href":"https:\/\/staging.laprensanic.com\/magazine\/wp-json\/wp\/v2\/posts\/50833\/revisions"}],"predecessor-version":[{"id":58763,"href":"https:\/\/staging.laprensanic.com\/magazine\/wp-json\/wp\/v2\/posts\/50833\/revisions\/58763"}],"wp:featuredmedia":[{"embeddable":true,"href":"https:\/\/staging.laprensanic.com\/magazine\/wp-json\/wp\/v2\/media\/50835"}],"wp:attachment":[{"href":"https:\/\/staging.laprensanic.com\/magazine\/wp-json\/wp\/v2\/media?parent=50833"}],"wp:term":[{"taxonomy":"category","embeddable":true,"href":"https:\/\/staging.laprensanic.com\/magazine\/wp-json\/wp\/v2\/categories?post=50833"},{"taxonomy":"post_tag","embeddable":true,"href":"https:\/\/staging.laprensanic.com\/magazine\/wp-json\/wp\/v2\/tags?post=50833"}],"curies":[{"name":"wp","href":"https:\/\/api.w.org\/{rel}","templated":true}]}}