{"id":52290,"date":"2020-10-05T09:44:35","date_gmt":"2020-10-05T15:44:35","guid":{"rendered":"http:\/\/gep90.laprensa.com.ni\/magazine\/?p=52290"},"modified":"2024-01-04T14:03:15","modified_gmt":"2024-01-04T20:03:15","slug":"hermanos-en-guerra","status":"publish","type":"post","link":"https:\/\/staging.laprensanic.com\/magazine\/del-editor\/hermanos-en-guerra\/","title":{"rendered":"Hermanos en guerra"},"content":{"rendered":"\n<p>Manuel de la Cerda y Juan Arg\u00fcello fueron vecinos y amigos. Juntos se rebelaron contra la corona espa\u00f1ola y juntos fueron enviados encadenados a las mazmorras del reino. Juntos gobernaron, y luego uno contra el otro desarrollaron la guerra m\u00e1s cruel de la historia de Nicaragua. Al final, Arg\u00fcello fusil\u00f3 a De la Cerda.<\/p>\n\n\n\n<p>De estos dos hombres que una vez fueron amigos, salieron las corrientes pol\u00edticas que se enfrentaron durante unos 150 a\u00f1os. Las conocieron primero como \u201ctimbucos\u201d y \u201ccalandracas\u201d, luego como \u201clegitimistas\u201d y \u201cdemocr\u00e1ticos\u201d o \u201cconservadores\u201d y \u201cliberales\u201d . Esas paralelas hist\u00f3ricas derivaron en sandinismo y somocismo, primero, y ahora en sandinismo y antisandinismo. La divisi\u00f3n con frecuencia llega hasta la familia.<\/p>\n\n\n\n<p>Hijos de guardias somocistas fueron reconocidos guerrilleros del Frente Sandinista, en su momento. Luego durante los a\u00f1os ochenta hab\u00eda familias con unos hijos en la contrarrevoluci\u00f3n y otros en el sandinismo. Casos famosos como el de Pedro Joaqu\u00edn Chamorro Barrios, en el directorio de la Contra, y su hermano, Carlos Fernando, como director de Barricada, el \u00f3rgano oficial del Frente Sandinista. O las hermanas Rosa y Martha Pasos, la una vocera del Ej\u00e9rcito sandinista y la otra vocera de la Contra, \u00a1al mismo tiempo! Y en las monta\u00f1as, muchas familias ten\u00edan hijos combatiendo contra hijos.<\/p>\n\n\n\n<p>La rebeli\u00f3n de abril 2018 tambi\u00e9n dej\u00f3 heridas en las familias. J\u00f3venes en el exilio, huyendo del r\u00e9gimen de Daniel Ortega, que en algunos casos, respaldan sus padres. Enfrentados a veces. Unos en los tranques y las marchas y otros en los grupos paramilitares. Como el caso de un joven de Estel\u00ed, asesinado aparentemente por su propio padre paramilitar.<\/p>\n\n\n\n<p>En esta edici\u00f3n hablamos del tema. Familias rotas por la pol\u00edtica. Una maldici\u00f3n que parece perseguirnos desde la guerra de Arg\u00fcello y De la Cerda.<\/p>\n\n\n\n<p>Nuestro plato principal, que de alguna manera tiene que ver con el tema, es el curioso caso de los hermanos Belli, Gioconda y Humberto, que tienen una vida entera yendo uno en contracorriente del otro. B\u00e1sicamente por religi\u00f3n y pol\u00edtica, sin que dejen de quererse como hermanos. Ellos son la met\u00e1fora de nuestra historia nacional.<\/p>\n","protected":false},"excerpt":{"rendered":"<p>Hermanos contra hermanos. Familias rotas por la pol\u00edtica. Una maldici\u00f3n que parece perseguirnos desde la cruel guerra de Juan Arg\u00fcello y Manuel de la Cerda<\/p>\n","protected":false},"author":6,"featured_media":52289,"comment_status":"open","ping_status":"open","sticky":false,"template":"","format":"standard","meta":{"_acf_changed":false,"footnotes":""},"categories":[27],"tags":[2966,848],"class_list":["post-52290","post","type-post","status-publish","format-standard","has-post-thumbnail","hentry","category-del-editor","tag-contrarrevolucion","tag-somoza"],"acf":[],"_links":{"self":[{"href":"https:\/\/staging.laprensanic.com\/magazine\/wp-json\/wp\/v2\/posts\/52290","targetHints":{"allow":["GET"]}}],"collection":[{"href":"https:\/\/staging.laprensanic.com\/magazine\/wp-json\/wp\/v2\/posts"}],"about":[{"href":"https:\/\/staging.laprensanic.com\/magazine\/wp-json\/wp\/v2\/types\/post"}],"author":[{"embeddable":true,"href":"https:\/\/staging.laprensanic.com\/magazine\/wp-json\/wp\/v2\/users\/6"}],"replies":[{"embeddable":true,"href":"https:\/\/staging.laprensanic.com\/magazine\/wp-json\/wp\/v2\/comments?post=52290"}],"version-history":[{"count":5,"href":"https:\/\/staging.laprensanic.com\/magazine\/wp-json\/wp\/v2\/posts\/52290\/revisions"}],"predecessor-version":[{"id":58671,"href":"https:\/\/staging.laprensanic.com\/magazine\/wp-json\/wp\/v2\/posts\/52290\/revisions\/58671"}],"wp:featuredmedia":[{"embeddable":true,"href":"https:\/\/staging.laprensanic.com\/magazine\/wp-json\/wp\/v2\/media\/52289"}],"wp:attachment":[{"href":"https:\/\/staging.laprensanic.com\/magazine\/wp-json\/wp\/v2\/media?parent=52290"}],"wp:term":[{"taxonomy":"category","embeddable":true,"href":"https:\/\/staging.laprensanic.com\/magazine\/wp-json\/wp\/v2\/categories?post=52290"},{"taxonomy":"post_tag","embeddable":true,"href":"https:\/\/staging.laprensanic.com\/magazine\/wp-json\/wp\/v2\/tags?post=52290"}],"curies":[{"name":"wp","href":"https:\/\/api.w.org\/{rel}","templated":true}]}}