{"id":52638,"date":"2020-11-09T10:45:30","date_gmt":"2020-11-09T16:45:30","guid":{"rendered":"http:\/\/gep90.laprensa.com.ni\/magazine\/?p=52638"},"modified":"2024-01-04T13:51:04","modified_gmt":"2024-01-04T19:51:04","slug":"la-historia-del-complot-de-abril-de-1954-contra-anastasio-somoza-garcia","status":"publish","type":"post","link":"https:\/\/staging.laprensanic.com\/magazine\/reportajes\/la-historia-del-complot-de-abril-de-1954-contra-anastasio-somoza-garcia\/","title":{"rendered":"La historia del complot de abril de 1954 contra Anastasio Somoza Garc\u00eda"},"content":{"rendered":"\n<p>Era la ma\u00f1ana del cuatro de abril de 1954. En una planicie, ubicada a unos pocos metros de la Carretera Sur de Managua, unos hombres armados esperaban el paso, como casi todos los domingos, del carro de Anastasio Somoza Garc\u00eda hacia el Ingenio Montelimar. Se hab\u00edan colocado a la altura del kil\u00f3metro 18, parapetados entre unos arbustos, para abrir fuego en el momento exacto.<\/p>\n\n\n\n<p>Hasta hace unas horas esto no estaba planeado. El operativo inicial era tomarse la Loma, la Casa Presidencial, para capturar a Somoza, obligarlo a renunciar, exiliarlo y tomar el poder. Una acci\u00f3n que contar\u00eda con la participaci\u00f3n de unos 150 hombres armados y se ejecutar\u00eda en dos minutos y medio.<\/p>\n\n\n\n<p>El caudillo del Partido Conservador, Emiliano Chamorro, que hab\u00eda prometido m\u00e1s de 150 hombres para el plan inicial, solo envi\u00f3 a la mitad para el atentado. Al parecer, Chamorro no hab\u00eda estado de acuerdo con la participaci\u00f3n de algunos miembros del Partido Liberal Independiente (PLI) y por eso, faltando solo unas horas para que se ejecutara el operativo, retir\u00f3 a la mitad de sus hombres.<\/p>\n\n\n\n<p>Esa noche, en la Quinta California, donde estaban reunidos los conspiradores, la noticia cay\u00f3 como bomba. Los miembros de la Uni\u00f3n Nacional de Acci\u00f3n Popular (UNAP), una organizaci\u00f3n opositora en la que estaban personalidades como Pedro Joaqu\u00edn Chamorro Cardenal, Arturo Cruz Porras, Emilio \u00c1lvarez Montalv\u00e1n y Enrique Lacayo Farf\u00e1n, entre otros, abogaron por que se abortara el plan inicial. Hacerlo con la mitad de los hombres previstos era un acto suicida.<\/p>\n\n\n\n<p>En esa reuni\u00f3n, los exguardias de Somoza, que estaban a cargo de aquel plan militar, improvisaron otros operativos. Pablo Leal propuso esa noche insurreccionar el departamento de Carazo. Mientras que el excoronel Manuel G\u00f3mez hablaba de iniciar en las monta\u00f1as una guerra de guerrillas. La \u00faltima palabra la tuvo otro exguardia, Adolfo B\u00e1ez Bone, que propuso la emboscada en la carretera hacia Montelimar, por estar cercana al lugar donde estaban reunidos.<\/p>\n\n\n\n<p>Sobre la carretera, B\u00e1ez Bone se paseaba armado, esperando iniciar el ataque contra el carro. Lo que no sab\u00eda, pero present\u00eda, era que a Somoza le hab\u00edan filtrado el plan. Entonces, todos los hombres en la emboscada de Montelimar huyeron hacia el sur, buscando la frontera con Costa Rica. En un cruce, un ret\u00e9n los detuvo. Abrieron fuego y abatieron a dos guardias. A partir de ese momento comenz\u00f3 una cacer\u00eda contra todos los involucrados, que incluy\u00f3 persecuci\u00f3n y bombardeos con aviones, una Ley Marcial, suspensi\u00f3n de vuelos internacionales y nacionales, cierre y control militar de las fronteras para que no se escaparan \u201clos revoltosos\u201d.<\/p>\n\n\n\n<p>Lea tambi\u00e9n: <a href=\"https:\/\/www.laprensa.com.ni\/magazine\/reportaje\/anastasio-somoza-garcia-y-el-juicio-de-los-condenados\/\">ANASTASIO SOMOZA GARC\u00cdA Y EL JUICIO DE LOS CONDENADOS<\/a><\/p>\n\n\n\n<div class=\"single-top-information\">\n<div class=\"single-top-info\">&nbsp;<\/div>\n<\/div>\n\n\n<div class=\"wp-block-image\">\n<figure class=\"aligncenter\"><a href=\"https:\/\/gep90.laprensa.com.ni\/magazine\/wp-content\/uploads\/2020\/11\/Abril-1954.png\"><img fetchpriority=\"high\" decoding=\"async\" width=\"796\" height=\"594\" src=\"https:\/\/gep90.laprensa.com.ni\/magazine\/wp-content\/uploads\/2020\/11\/Abril-1954.png\" alt=\"\" class=\"wp-image-52640\" srcset=\"https:\/\/d1xxa24wwackpg.cloudfront.net\/wp-content\/uploads\/2020\/11\/Abril-1954.png 796w, https:\/\/d1xxa24wwackpg.cloudfront.net\/wp-content\/uploads\/2020\/11\/Abril-1954.png 300w, https:\/\/d1xxa24wwackpg.cloudfront.net\/wp-content\/uploads\/2020\/11\/Abril-1954.png 768w\" sizes=\"(max-width: 796px) 100vw, 796px\" \/><\/a><figcaption class=\"wp-element-caption\">Parte de los capturados por el atentado. De pie, de izquierda a derecha, Rafael Guti\u00e9rrez Gavarrete, Enrique Lacayo Farf\u00e1n, Emilio \u00c1lvarez Montalv\u00e1n, Pedro Joaqu\u00edn Chamorro y Carlos Montalv\u00e1n. Agachados, de izquierda a derecha, Rafael Sol\u00eds Berm\u00fadez, Samuel Santos Fern\u00e1ndez y Guillermo Arag\u00f3n P\u00e9rez.<br>LAPRENSA\/Reproducci\u00f3n.<\/figcaption><\/figure>\n<\/div>\n\n\n<p class=\"has-text-align-center\">***<\/p>\n\n\n\n<p>El atentado contra Anastasio Somoza Garc\u00eda se plane\u00f3 en Costa Rica. Contaba con el apoyo del presidente de entonces, general Jos\u00e9 \u201cPepe\u201d Figueres, quien era un enemigo del dictador de Nicaragua y amigo de algunos exguardias somocistas que se hab\u00edan exiliado en Costa Rica y lo hab\u00edan apoyado para ganar la guerra que lo llev\u00f3 al poder.<\/p>\n\n\n\n<p>Uno de esos amigos era Adolfo B\u00e1ez Bone, quien se integr\u00f3 a la Legi\u00f3n del Caribe que apoy\u00f3 a Figueres en la guerra civil de Costa Rica en 1948. \u201cNosotros salimos de San Jos\u00e9. Ah\u00ed nos lleg\u00f3 a despedir el presidente Figueres\u201d, dijo Amadeo Baena, uno de los rebeldes de aquel entonces, en 2004 al programa de televisi\u00f3n Esta Semana, a prop\u00f3sito del 50 aniversario del atentando de 1954.<\/p>\n\n\n\n<p><strong>Lea tambi\u00e9n:<\/strong> <a href=\"https:\/\/www.laprensa.com.ni\/magazine\/reportaje\/cuando-somoza-invadio-costa-rica\/\">Cuando Somoza invadi\u00f3 Costa Rica&nbsp;<\/a><\/p>\n\n\n\n<p>Las armas entraron en camiones por la frontera con Costa Rica, hasta un lugar situado entre C\u00e1rdenas y Sapo\u00e1. De ah\u00ed fueron trasladadas en la lancha La Nena, de Alberto Chamorro, hasta la desembocadura del r\u00edo Tipitapa, donde fueron recogidas por Tito Chamorro, hijo de Alberto. Fueron llevadas en camiones hacia la hacienda Santa Lastenia, del general Emiliano Chamorro, y luego a la Quinta California, en la Carretera Sur.<\/p>\n\n\n\n<p>Emilio \u00c1lvarez Montalv\u00e1n, quien tambi\u00e9n particip\u00f3 en el plan, dijo en 2014, en un reportaje del Canal 2, que Emiliano Chamorro fue el que financi\u00f3 toda la operaci\u00f3n con 100 mil d\u00f3lares que hab\u00eda prestado al Banco Nacional para supuestamente sembrar algod\u00f3n. \u201cSe los entreg\u00f3 a Pablo Leal, quien se fue a M\u00e9xico a comprar armas. Despu\u00e9s las meti\u00f3 a Nicaragua en un cami\u00f3n y las llev\u00f3 a Costa Rica para que se entrenaran todos los exiliados que estaban en la conspiraci\u00f3n\u201d, agreg\u00f3 Montalv\u00e1n.<\/p>\n\n\n<div class=\"wp-block-image\">\n<figure class=\"aligncenter\"><a href=\"https:\/\/gep90.laprensa.com.ni\/magazine\/wp-content\/uploads\/2020\/11\/abril-4.png\"><img decoding=\"async\" width=\"440\" height=\"422\" src=\"https:\/\/gep90.laprensa.com.ni\/magazine\/wp-content\/uploads\/2020\/11\/abril-4.png\" alt=\"\" class=\"wp-image-52641\" srcset=\"https:\/\/d1xxa24wwackpg.cloudfront.net\/wp-content\/uploads\/2020\/11\/abril-4.png 440w, https:\/\/d1xxa24wwackpg.cloudfront.net\/wp-content\/uploads\/2020\/11\/abril-4.png 300w, https:\/\/d1xxa24wwackpg.cloudfront.net\/wp-content\/uploads\/2020\/11\/abril-4.png 24w\" sizes=\"(max-width: 440px) 100vw, 440px\" \/><\/a><figcaption class=\"wp-element-caption\">Las armas que les encontraron a los conspiradores.<br>LAPRENSA\/Reproducci\u00f3n.<\/figcaption><\/figure>\n<\/div>\n\n\n<p>En la biograf\u00eda que escribi\u00f3 Edmundo Jarqu\u00edn sobre Pedro Joaqu\u00edn Chamorro, cuenta que el expresidente venezolano Carlos Andr\u00e9s P\u00e9rez, quien tambi\u00e9n apoy\u00f3 el plan, le dijo que cuando los conspiradores aceptaron que no pod\u00edan ejecutar lo previsto porque Emiliano Chamorro les retir\u00f3 la ayuda, Pablo Leal les expres\u00f3:<\/p>\n\n\n\n<p>\u2014No vamos a abandonar esto, tenemos muchas armas y compromisos internacionales, con (Carlos) Pr\u00edo Socarr\u00e1s (presidente cubano antes del golpe de estado de Fulgencio Batista) y con (Pepe) Figueres. Aqu\u00ed el Partido Conservador puso su contribuci\u00f3n en met\u00e1lico y no podemos defraudar.<\/p>\n\n\n\n<p>Una vez detenido, el doctor Enrique Lacayo Farf\u00e1n, durante una declaraci\u00f3n del 26 de abril de 1954 ante el juez del caso, Arnoldo Alem\u00e1n Sandoval, padre del futuro presidente de Nicaragua, confirm\u00f3 que Leal, al frente del complot, en una reuni\u00f3n dijo que para obtener las armas hab\u00edan contado con el financiamiento del Partido Conservador, de Carlos Pr\u00edo Socarr\u00e1s y \u201cla preciosa ayuda aportada por don Pepe Figueres\u201d.<\/p>\n\n\n\n<p>\u2014\u00bfCu\u00e1l va a ser el aporte humano y en met\u00e1lico del PLI, al que usted pertenece, doctor Lacayo Farf\u00e1n? \u2014le pregunt\u00f3 Emiliano Chamorro a Enrique Lacayo Farf\u00e1n, que pertenec\u00eda al PLI en aquel momento.<\/p>\n\n\n\n<p>Lacayo Farf\u00e1n le respondi\u00f3 que su involucramiento en el complot lo hac\u00eda de forma independiente, pero que reunir\u00eda a la directiva del PLI para plantearles esas dudas. \u201cYo qued\u00e9 en reunir a la directiva. Pero por suerte del PLI no la reun\u00ed\u201d, dijo Farf\u00e1n, dando entender que ellos hubieran sido v\u00edctimas de la venganza que emprendi\u00f3 Somoza Garc\u00eda en abril de 1954.<\/p>\n\n\n\n<p><strong>Lea tambi\u00e9n:<\/strong> <a href=\"https:\/\/www.laprensa.com.ni\/magazine\/reportaje\/enrique-lacayo-farfan-el-doctor-que-fue-mas-torturado-por-la-dictadura-somocista\/\">ENRIQUE LACAYO FARF\u00c1N, EL DOCTOR QUE FUE M\u00c1S TORTURADO POR LA DICTADURA SOMOCISTA<\/a><\/p>\n\n\n<div class=\"wp-block-image\">\n<figure class=\"aligncenter\"><a href=\"https:\/\/gep90.laprensa.com.ni\/magazine\/wp-content\/uploads\/2020\/11\/Abril-buscados.png\"><img decoding=\"async\" width=\"373\" height=\"592\" src=\"https:\/\/gep90.laprensa.com.ni\/magazine\/wp-content\/uploads\/2020\/11\/Abril-buscados.png\" alt=\"\" class=\"wp-image-52642\" srcset=\"https:\/\/d1xxa24wwackpg.cloudfront.net\/wp-content\/uploads\/2020\/11\/Abril-buscados.png 373w, https:\/\/d1xxa24wwackpg.cloudfront.net\/wp-content\/uploads\/2020\/11\/Abril-buscados.png 189w\" sizes=\"(max-width: 373px) 100vw, 373px\" \/><\/a><figcaption class=\"wp-element-caption\">Esta fue la volante que se tir\u00f3 para ofrecer una recompensa por el paradero de los conspiradores, en su mayor\u00eda exmiembros de la Guardia Nacional, entre ellos, Adolfo B\u00e1ez Bone.<br>LAPRENSA\/Reproducci\u00f3n.<\/figcaption><\/figure>\n<\/div>\n\n\n<p class=\"has-text-align-center\">***<\/p>\n\n\n\n<p>Adolfo B\u00e1ez Bone escap\u00f3 de milagro de Nicaragua, cuando en mayo de 1947 la Guardia Nacional lo buscaba para atraparlo. Unas horas antes se hab\u00eda tomado por sorpresa el cuartel de la Defensa Nacional para evitar que se consumara el golpe de estado de Anastasio Somoza Garc\u00eda contra el presidente Leonardo Arg\u00fcello, quien fue inhabilitado tan solo 26 d\u00edas despu\u00e9s de tomar el cargo \u201cpor sus facultades mentales\u201d.<\/p>\n\n\n\n<p><strong>Lea tambi\u00e9n:<\/strong> <a href=\"https:\/\/www.laprensa.com.ni\/magazine\/reportaje\/el-presidente-de-los-26-dias\/\">Leonardo Arg\u00fcello, el presidente de los 26 d\u00edas<\/a><\/p>\n\n\n\n<p>B\u00e1ez Bone \u2014de casi dos metros de estatura, blanco, delgado\u2014 no solo hab\u00eda pertenecido a la Guardia Nacional, de la cual Somoza era director, sino que era amigo del dictador. A tal punto que cuando se cas\u00f3 con Liliam Cruz, hermana de Arturo Cruz Porras, Tacho fue su padrino bodas. Sin embargo, cuando este le da el golpe de estado a Arg\u00fcello, se coloca del lado del nuevo presidente, junto a otros oficiales m\u00e1s.<\/p>\n\n\n\n<p>Esta posici\u00f3n lo obliga a exiliarse en Guatemala, donde se hab\u00eda graduado de oficial con su hermano, Luis, en la Escuela Polit\u00e9cnica. Ah\u00ed conoci\u00f3 y se volvi\u00f3 amigo de Jacobo Arbenz Guzm\u00e1n, quien fue su profesor y luego lleg\u00f3 a ser presidente del pa\u00eds. M\u00e1s tarde se integr\u00f3 a la Legi\u00f3n del Caribe, en donde apoya al futuro presidente de Costa Rica, Pepe Figueres.<\/p>\n\n\n\n<p>Unos a\u00f1os antes de que se planificara el atentado de 1954, B\u00e1ez Bone solicita regresar a Nicaragua porque su madre estaba gravemente enferma. Su suegro, un empresario de Carazo que conoc\u00eda a la familia Somoza, habla con Tacho para que regrese al pa\u00eds. Somoza le responde que s\u00ed, pero una vez que pis\u00f3 el aeropuerto, lo echaron preso. Cuando el suegro le reclama a Somoza, este le contesta: \u201cYo te dije que pod\u00eda regresar, no te promet\u00ed que no iba a echarlo preso\u201d.<\/p>\n\n\n\n<p>En la c\u00e1rcel conoci\u00f3 a Pedro Joaqu\u00edn Chamorro, quien le habla de su lucha period\u00edstica y pol\u00edtica, y le menciona a la UNAP. Desde ese momento, Chamorro se convierte en \u201csu l\u00edder pol\u00edtico\u201d, seg\u00fan Arturo Cruz Porras. Chamorro y B\u00e1ez Bone se vuelven tan amigos, que el periodista fue padrino de Luis Eduardo, un hijo del exguardia. Es por eso que cuando se est\u00e1 organizando el operativo de abril de 1954, B\u00e1ez Bone invita a Chamorro a participar.<\/p>\n\n\n\n<p>Antes, cuando Emiliano Chamorro, del Partido Conservador, siente que Somoza Garc\u00eda lo hab\u00eda engatusado con el Pacto de los Generales, en el que le prometi\u00f3 entregarle el poder una vez muriera, es que busca a Pablo Leal, que se encuentra en Costa Rica, y este llama a Adolfo B\u00e1ez Bone, quien en ese momento ya ten\u00eda un puesto de granos b\u00e1sicos en Jinotepe.<\/p>\n\n\n<div class=\"wp-block-image\">\n<figure class=\"aligncenter\"><a href=\"https:\/\/d1xxa24wwackpg.cloudfront.net\/wp-content\/uploads\/2020\/11\/311-MAG-Somoza12-4-scaled.jpg\"><img loading=\"lazy\" decoding=\"async\" width=\"1024\" height=\"640\" src=\"https:\/\/gep90.laprensa.com.ni\/magazine\/wp-content\/uploads\/2020\/11\/311-MAG-Somoza12-4-1024x640.jpg\" alt=\"\" class=\"wp-image-52643\"\/><\/a><figcaption class=\"wp-element-caption\">De pie, el general Somoza Garc\u00eda; a su lado derecho, su esposa, Salvadora Debayle. LAPRENSA\/Cortes\u00eda (IHNCA)<\/figcaption><\/figure>\n<\/div>\n\n\n<p class=\"has-text-align-center\">***<\/p>\n\n\n\n<p>Revisando los peri\u00f3dicos y documentos de la \u00e9poca, uno se sorprende por las similitudes que existen entre c\u00f3mo se cont\u00f3 aquella historia y la actualidad. Para empezar, el diario La Prensa estaba bajo censura y Pedro Joaqu\u00edn Chamorro hab\u00eda sido detenido, acusado de participar en el atentado.<\/p>\n\n\n\n<p>En La Prensa no se publican muchos detalles de la operaci\u00f3n, pero s\u00ed hay algunos comunicados de solidaridad a Chamorro por parte de organismos como la Sociedad Interamericana de Prensa (SIP). Sin embargo, en el peri\u00f3dico Novedades, de Somoza, se publicaba toda la informaci\u00f3n que sal\u00eda de los juzgados o las partes de la Guardia Nacional, donde detallaban la suerte de los conspiradores que hab\u00edan huido. Durante ese mes, los lectores buscaban los peri\u00f3dicos de Novedades para leer el cap\u00edtulo diario de la \u201cnovela viva\u201d que se estaba escribiendo en el pa\u00eds.<\/p>\n\n\n\n<p>En ese momento es que se usa por primera vez el t\u00e9rmino \u201cOperaci\u00f3n Limpieza\u201d en un peri\u00f3dico para referirse a la masacre de rebeldes. Somoza tambi\u00e9n inform\u00f3 que los complotistas \u201ccayeron en combate\u201d, cuando exist\u00edan evidencias de que los capturaron con vida y luego los ejecutaron. Adem\u00e1s, el 10 de abril, en la portada de Novedades, se usa \u201cFalsas noticias\u201d para desmentir que la Guardia hab\u00eda asesinado a Emiliano Chamorro.<\/p>\n\n\n\n<p>La cacer\u00eda fue tan implacable que Samuel Santos Fern\u00e1ndez, padre del excanciller del gobierno de Daniel Ortega, fue arrestado por la Guardia Nacional cuando se encontraba estacionado en su carro en estado de ebriedad, cerca de donde se iba a ejecutar el atentado. Fue tanta la histeria durante la persecuci\u00f3n que una de las noticias que destaca Novedades es \u201cla captura de dos palomas mensajeras procedentes de Costa Rica que llevaban mensajes cuyos textos no han sido revelados. Las palomas fueron llevadas a Casa Presidencial\u201d, acompa\u00f1ada de una foto de una de las palomas \u201cque se cree tiene conexi\u00f3n con los proyectos terroristas que han fracasado\u201d.<\/p>\n\n\n<div class=\"wp-block-image\">\n<figure class=\"aligncenter\"><a href=\"https:\/\/gep90.laprensa.com.ni\/magazine\/wp-content\/uploads\/2020\/11\/Abril-paloma.png\"><img loading=\"lazy\" decoding=\"async\" width=\"390\" height=\"281\" src=\"https:\/\/gep90.laprensa.com.ni\/magazine\/wp-content\/uploads\/2020\/11\/Abril-paloma.png\" alt=\"\" class=\"wp-image-52644\" srcset=\"https:\/\/d1xxa24wwackpg.cloudfront.net\/wp-content\/uploads\/2020\/11\/Abril-paloma.png 390w, https:\/\/d1xxa24wwackpg.cloudfront.net\/wp-content\/uploads\/2020\/11\/Abril-paloma.png 300w, https:\/\/d1xxa24wwackpg.cloudfront.net\/wp-content\/uploads\/2020\/11\/Abril-paloma.png 360w\" sizes=\"(max-width: 390px) 100vw, 390px\" \/><\/a><figcaption class=\"wp-element-caption\">Una de las palomas que fueron publicadas en <em>Novedades<\/em>, porque supuestamente eran parte del complot.<br>Reproducci\u00f3n Novedades.<\/figcaption><\/figure>\n<\/div>\n\n\n<p class=\"has-text-align-center\">***<\/p>\n\n\n\n<p>Las sospechas del atentado le fueron develadas a Somoza durante una reuni\u00f3n que tuvo el s\u00e1bado tres de abril en la embajada de Estados Unidos. En ese momento fue trasladado bajo fuerte custodia a la Casa Presidencial. Somoza pensaba que el atentado se iba a realizar a su salida de la embajada. Ya alertado, pero sin saber los detalles, prefiere ir a su finca a ver el entrenamiento de unos caballos que le hab\u00eda enviado el presidente de Argentina, el general Juan Domingo Per\u00f3n.<\/p>\n\n\n\n<p>Fernando Sol\u00f3rzano Chamorro, quien ten\u00eda la misi\u00f3n de estar en un carro en el empalme del Tamarindo y Montelimar para avisar sobre la ruta del general Somoza, permanece desde la siete de la ma\u00f1ana hasta las once, cuando en un ataque de nervios se siente descubierto y se entrega en la Polic\u00eda de Managua para dar todos los detalles del complot.<\/p>\n\n\n\n<p>En la tarde del domingo los aviones de la Guardia ametrallaron los cafetales de Jinotepe y Diriamba, por donde siguieron el rastro de los hombres del operativo. Desde avionetas tambi\u00e9n se lanzaron miles de papeletas, con las fotograf\u00edas de los exguardias involucrados en el atentado. \u201cReclamados por el asesinato de dos guardias nacionales\u201d, se lee en la volante, en la que aparecen, entre otras, las fotograf\u00edas de Amadeo Baena, Francisco Ibarra Mayorga, Pablo Leal y Adolfo B\u00e1ez Bone.<\/p>\n\n\n\n<p>En esos d\u00edas, Somoza reconoci\u00f3 el asesinato de 23 involucrados en este complot. Algunos fueron capturados vivos y sepultados en fosas comunes de haciendas en Carazo. A uno de ellos, Luis Gabuardi, lo hicieron cavar su propia tumba en un cafetal antes de dispararle.<\/p>\n\n\n\n<p>A Pablo Leal y Adolfo B\u00e1ez Bone los capturaron en Carazo y los llevaron a la Casa Presidencial, donde el propio Anastasio Somoza Debayle dirig\u00eda sus torturas. En su libro \u201cEstirpe Sangrienta\u201d, Pedro Joaqu\u00edn Chamorro recuerda haber visto a Somoza con una venda de boxeador en su mano izquierda meti\u00e9ndose a los cuartos con el fin de golpear a los detenidos. Como Pablo Leal le gritaba a Somoza siempre que este llegaba a torturarlo, le cortaron la lengua antes de asesinarlo.<\/p>\n\n\n\n<p>Con Adolfo B\u00e1ez Bone existe una leyenda que nadie pudo confirmar, pero que los protagonistas de la \u00e9poca repet\u00edan como cierta. Resulta que B\u00e1ez Bone, capturado, torturado, amarrado de pies y manos, le escupi\u00f3 sangre en el pecho a Somoza Debayle y le dijo: \u201cMi sangre te perseguir\u00e1\u201d. En aquel entonces, cada vez que se ausentaba del pa\u00eds, se comentaba que Tachito estaba bajo tratamiento psiqui\u00e1trico, pues ve\u00eda la sangre de B\u00e1ez Bone y se cambiaba frecuentemente la camisa.<\/p>\n\n\n\n<p>Dos a\u00f1os despu\u00e9s, cuando se consum\u00f3 el asesinato contra Somoza Garc\u00eda, Pedro Joaqu\u00edn Chamorro volvi\u00f3 a ser capturado y enviado al Cuarto de Costura de la Casa Presidencial. El periodista en ese lugar recordar\u00eda a su amigo: \u201cQui\u00e9n sabe si fue cierto lo de la sangre que Adolfo le lanz\u00f3 en el \u00faltimo reto de gallard\u00eda de hombre herido y derrotado, pero lo cierto es que fue cogido prisionero, y lo hab\u00edan matado. Y es cierto que despu\u00e9s quemaron su cad\u00e1ver en una hacienda de caf\u00e9 que se llama La Chiva, pero antes de matarlo, mataron delante de \u00e9l a su hermano\u201d.<\/p>\n\n\n\n<p>La primera vez que le\u00ed sobre abril de 1954 fue a trav\u00e9s del poema Hora 0, de Ernesto Cardenal, quien tambi\u00e9n particip\u00f3 en la rebeli\u00f3n, en el que describe abril como el mes de los campos secos, de los potreros cubiertos de brasas, el calor, el viento caliente, el aire que huele a quemado; un mes en el que aprendi\u00f3 a manejar una ametralladora Rising y conoci\u00f3 Adolfo B\u00e1ez Bone, a quien le escribi\u00f3 un epitafio tres a\u00f1os despu\u00e9s:<\/p>\n\n\n\n<p>Te mataron y no nos dijieron donde enterraron su cuerpo,<br>pero desde entonces todo el territorio nacional es tu sepulcro;<br>o m\u00e1s bien; en cada palmo de territorio nacional en que no est\u00e1 tu cuerpo, t\u00fa resucitaste.<br>Creyeron que te mataban con una orden de \u00a1fuego!<br>Creyeron que te enterraban<br>y lo que hac\u00edan era enterrar una semilla.<\/p>\n\n\n\n<p>Carlos Mej\u00eda Godoy ley\u00f3 este poema y lo musicaliz\u00f3 de inmediato. En 1971, en el auditorio Fernando Gordillo de la Universidad Centroamericana (UCA), cant\u00f3 por primera vez La Tumba del Guerrillero:<\/p>\n\n\n\n<p>Como dijo el poeta trapense de Solentiname \/ No quisieron decirnos el sitio donde te encontr\u00e1s \/ y por eso tu tumba es todito nuestro territorio \/ En cada palmo de mi Nicaragua \/ Ah\u00ed vos est\u00e1s.<\/p>\n\n\n\n<p>La emblem\u00e1tica canci\u00f3n de lucha guerrillera en realidad fue inspirada en un exguardia somocista. Es cierto que cuando Cardenal escribi\u00f3 el poema a B\u00e1ez Bone, en 1957, no se sab\u00eda d\u00f3nde hab\u00edan enterrado sus restos. El misterio acab\u00f3 siete a\u00f1os despu\u00e9s, cuando Agapito Fern\u00e1ndez y Silvio Rappaccioli revelaron el sitio donde hab\u00edan sido quemados sus restos. Desde entonces se encuentran en el cementerio Occidental de Managua, a poca distancia de donde fueron enterrados los de Anastasio Somoza Garc\u00eda.<\/p>\n\n\n<div class=\"wp-block-image\">\n<figure class=\"aligncenter\"><a href=\"https:\/\/gep90.laprensa.com.ni\/magazine\/wp-content\/uploads\/2020\/11\/abril54.png\"><img loading=\"lazy\" decoding=\"async\" width=\"1024\" height=\"430\" src=\"https:\/\/gep90.laprensa.com.ni\/magazine\/wp-content\/uploads\/2020\/11\/abril54-1024x430.png\" alt=\"\" class=\"wp-image-52645\" srcset=\"https:\/\/d1xxa24wwackpg.cloudfront.net\/wp-content\/uploads\/2020\/11\/abril54.png 1024w, https:\/\/d1xxa24wwackpg.cloudfront.net\/wp-content\/uploads\/2020\/11\/abril54.png 300w, https:\/\/d1xxa24wwackpg.cloudfront.net\/wp-content\/uploads\/2020\/11\/abril54.png 768w, https:\/\/d1xxa24wwackpg.cloudfront.net\/wp-content\/uploads\/2020\/11\/abril54.png 1045w\" sizes=\"(max-width: 1024px) 100vw, 1024px\" \/><\/a><figcaption class=\"wp-element-caption\">En esta portada de <em>Novedades<\/em> se ve c\u00f3mo, por primera vez, se utiliza el t\u00e9rmino \u201cOperaci\u00f3n Limpieza\u201d.<br>LAPRENSA\/Reproducci\u00f3n.<\/figcaption><\/figure>\n<\/div>\n\n\n<h3 class=\"wp-block-heading\">Muertos identificados<\/h3>\n\n\n\n<p>La reconstrucci\u00f3n de los datos exactos de la rebeli\u00f3n de abril de 1954 ha sido dif\u00edcil, incluso para los historiadores, porque los datos m\u00e1s fuertes eran proporcionados por el diario Novedades, que era el \u00f3rgano oficial de Somoza. Luego, se ha construido la memoria desde los relatos de algunos sobrevivientes o amigos y familiares de ellos. Se habla de entre 21 o 23 personas muertas identificadas. Aunque hubo m\u00e1s personas, que no ten\u00edan nada que ver en el complot, que murieron por los bombardeos en Carazo. Al comparar las listas, se encuentra las siguientes coincidencias:<\/p>\n\n\n\n<p>Pablo Leal<br>Jos\u00e9 Mar\u00eda Tercero<br>Luis F. Gabuardi<br>Adolfo B\u00e1ez Bone<br>Luis B\u00e1ez Bone<br>Juan R. Amado Soler<br>Humberto Ruiz<br>Juan Mart\u00ednez Reyes<br>Miguel Reyes<br>Ernesto Peralta<br>Rafael Choisseul Praslin<br>Optaciano Moraz\u00e1n<br>Edgard Guti\u00e9rrez<br>Manrique Uma\u00f1a<br>Agust\u00edn Alfaro<br>Carlos U. G\u00f3mez Ugarte<br>Pedro J. Reyes<br>Francisco Garrillo<br>Jorge Ribas Montes<br>Luis Morales Palacios<\/p>\n\n\n<div class=\"wp-block-image\">\n<figure class=\"aligncenter\"><a href=\"https:\/\/gep90.laprensa.com.ni\/magazine\/wp-content\/uploads\/2020\/11\/311-MAG-Somoza12-3-scaled.jpg\"><img loading=\"lazy\" decoding=\"async\" width=\"1024\" height=\"580\" src=\"https:\/\/gep90.laprensa.com.ni\/magazine\/wp-content\/uploads\/2020\/11\/311-MAG-Somoza12-3-1024x580.jpg\" alt=\"\" class=\"wp-image-52646\" srcset=\"https:\/\/d1xxa24wwackpg.cloudfront.net\/wp-content\/uploads\/2020\/11\/311-MAG-Somoza12-3-scaled.jpg 1024w, https:\/\/d1xxa24wwackpg.cloudfront.net\/wp-content\/uploads\/2020\/11\/311-MAG-Somoza12-3-scaled.jpg 300w, https:\/\/d1xxa24wwackpg.cloudfront.net\/wp-content\/uploads\/2020\/11\/311-MAG-Somoza12-3-scaled.jpg 768w, https:\/\/d1xxa24wwackpg.cloudfront.net\/wp-content\/uploads\/2020\/11\/311-MAG-Somoza12-3-scaled.jpg 1536w, https:\/\/d1xxa24wwackpg.cloudfront.net\/wp-content\/uploads\/2020\/11\/311-MAG-Somoza12-3-scaled.jpg 2048w\" sizes=\"(max-width: 1024px) 100vw, 1024px\" \/><\/a><figcaption class=\"wp-element-caption\">Durante una ceremonia, Anastasio Somoza Garc\u00eda, en los a\u00f1os 50, antes que lo asesinaran.<br>LAPRENSA\/Cortes\u00eda IHNCA<\/figcaption><\/figure>\n<\/div>","protected":false},"excerpt":{"rendered":"<p>En 1954 un grupo de opositores conservadores y liberales de entonces, exguardias somocistas y algunos internacionales, plane\u00f3 un atentado para emboscar a Anastasio Somoza Garc\u00eda. El plan fracas\u00f3 y fueron masacrados.<\/p>\n","protected":false},"author":8,"featured_media":52639,"comment_status":"open","ping_status":"open","sticky":false,"template":"","format":"standard","meta":{"_acf_changed":false,"footnotes":""},"categories":[26],"tags":[1555,675,848],"class_list":["post-52638","post","type-post","status-publish","format-standard","has-post-thumbnail","hentry","category-reportajes","tag-anastasio-somoza-garcia","tag-guardia-nacional","tag-somoza"],"acf":[],"_links":{"self":[{"href":"https:\/\/staging.laprensanic.com\/magazine\/wp-json\/wp\/v2\/posts\/52638","targetHints":{"allow":["GET"]}}],"collection":[{"href":"https:\/\/staging.laprensanic.com\/magazine\/wp-json\/wp\/v2\/posts"}],"about":[{"href":"https:\/\/staging.laprensanic.com\/magazine\/wp-json\/wp\/v2\/types\/post"}],"author":[{"embeddable":true,"href":"https:\/\/staging.laprensanic.com\/magazine\/wp-json\/wp\/v2\/users\/8"}],"replies":[{"embeddable":true,"href":"https:\/\/staging.laprensanic.com\/magazine\/wp-json\/wp\/v2\/comments?post=52638"}],"version-history":[{"count":12,"href":"https:\/\/staging.laprensanic.com\/magazine\/wp-json\/wp\/v2\/posts\/52638\/revisions"}],"predecessor-version":[{"id":58657,"href":"https:\/\/staging.laprensanic.com\/magazine\/wp-json\/wp\/v2\/posts\/52638\/revisions\/58657"}],"wp:featuredmedia":[{"embeddable":true,"href":"https:\/\/staging.laprensanic.com\/magazine\/wp-json\/wp\/v2\/media\/52639"}],"wp:attachment":[{"href":"https:\/\/staging.laprensanic.com\/magazine\/wp-json\/wp\/v2\/media?parent=52638"}],"wp:term":[{"taxonomy":"category","embeddable":true,"href":"https:\/\/staging.laprensanic.com\/magazine\/wp-json\/wp\/v2\/categories?post=52638"},{"taxonomy":"post_tag","embeddable":true,"href":"https:\/\/staging.laprensanic.com\/magazine\/wp-json\/wp\/v2\/tags?post=52638"}],"curies":[{"name":"wp","href":"https:\/\/api.w.org\/{rel}","templated":true}]}}