{"id":53006,"date":"2020-12-14T11:54:23","date_gmt":"2020-12-14T17:54:23","guid":{"rendered":"http:\/\/gep90.laprensa.com.ni\/magazine\/?p=53006"},"modified":"2024-01-04T13:46:54","modified_gmt":"2024-01-04T19:46:54","slug":"este-2020","status":"publish","type":"post","link":"https:\/\/staging.laprensanic.com\/magazine\/del-editor\/este-2020\/","title":{"rendered":"Este 2020"},"content":{"rendered":"\n<p>Cuando la guerra contra Somoza yo era un adolescente y, viendo la historia pasar frente a mis ojos, pensaba que tendr\u00eda mucho que contar a mis hijos y nietos. De hecho, lo hago. Luego, en mi juventud, vino la revoluci\u00f3n sandinista con todo lo que signific\u00f3: la contrarrevoluci\u00f3n, el servicio militar, la escasez, las filas, las promesas de un mundo mejor, la dictadura, y finalmente la estrepitosa y sorpresiva derrota de este proyecto en febrero de 1990. Parec\u00eda que ya no que daba nada m\u00e1s que ver.<\/p>\n\n\n\n<p>Creo que me met\u00ed a periodista porque me gusta contar historias. Siempre estoy cont\u00e1ndoles a mis hijos y amigos m\u00e1s j\u00f3venes, aquellos episodios que ellos solo pueden imaginarse, como yo a mi vez me imaginaba las historias que contaban mis t\u00edos y t\u00edas, y el abuelo Ismael, de los tiempos de Sandino. A veces me ven con desconfianza. Exagerado. Son los riesgos de los tiempos hiperb\u00f3licos que vivimos, donde la realidad a veces parece ficci\u00f3n.<\/p>\n\n\n\n<p>Y llegamos a los 90, con los \u201ctira y encoge\u201d de los tiempos de cambio, pero sin los sobresaltos de las guerras que hab\u00edamos vivido. Tanto as\u00ed, que le reproch\u00e1bamos a esa juventud que o\u00eda nuestras historias, la pasividad con que asum\u00edan su vida, preocupados m\u00e1s por la fiesta, el consumo y el \u00e9xito individual. \u00bfD\u00f3nde estaban aquellos sue\u00f1os de una sociedad m\u00e1s justa que inspir\u00f3 los desmadres de los 70 y 80?<\/p>\n\n\n\n<p>\u00bfQu\u00e9 van a contar nuestros hijos a los suyos? Comparado con lo que nosotros hab\u00edamos vivido, parec\u00eda que nada, o muy poco.<\/p>\n\n\n\n<p>Sin embargo, la historia se vino como aluvi\u00f3n. Esa juventud que consider\u00e1bamos ap\u00e1tica fue la primera en salir en abril de 2018 y empez\u00f3 a reescribir la historia. Vimos at\u00f3nitos como una pareja de dictadores mand\u00f3 a matar a sangre fr\u00eda a cientos de aquellos que cuestionaban su forma de administrar el pa\u00eds. Miles fueron encarcelados y torturados y m\u00e1s de cien mil marcharon al exilio. De la protesta masiva pasamos a ritmo de v\u00e9rtigo a la represi\u00f3n pura y dura, y de esta a la crisis econ\u00f3mica y la paralizaci\u00f3n social.<\/p>\n\n\n\n<p>Y como si fuera poco, llego el 2020 con peores augurios. Una pandemia mundial nos encerr\u00f3 en nuestras casas y cambio la vida que conoc\u00edamos. Muchos familiares, amigos y conocidos murieron a consecuencias de la peste. Enfermamos. Sobrevivimos. Luego vino un hurac\u00e1n, y ah\u00ed nom\u00e1s otro. Y ya he dejado de preguntarme que van a contar estos muchachos a sus hijos y nietos, porque seguramente tendr\u00e1n para contar mucho m\u00e1s que nosotros.<\/p>\n","protected":false},"excerpt":{"rendered":"<p>Esa juventud que consider\u00e1bamos ap\u00e1tica fue la primera en salir en abril del a\u00f1o 2018 y empez\u00f3 a reescribir la historia. Vimos at\u00f3nitos como una pareja de dictadores mand\u00f3 a matar a sangre fr\u00eda a cientos de aquellos que cuestionaban su forma de administrar el pa\u00eds.<\/p>\n","protected":false},"author":6,"featured_media":53007,"comment_status":"open","ping_status":"open","sticky":false,"template":"","format":"standard","meta":{"_acf_changed":false,"footnotes":""},"categories":[27],"tags":[1549,848],"class_list":["post-53006","post","type-post","status-publish","format-standard","has-post-thumbnail","hentry","category-del-editor","tag-revolucion","tag-somoza"],"acf":[],"_links":{"self":[{"href":"https:\/\/staging.laprensanic.com\/magazine\/wp-json\/wp\/v2\/posts\/53006","targetHints":{"allow":["GET"]}}],"collection":[{"href":"https:\/\/staging.laprensanic.com\/magazine\/wp-json\/wp\/v2\/posts"}],"about":[{"href":"https:\/\/staging.laprensanic.com\/magazine\/wp-json\/wp\/v2\/types\/post"}],"author":[{"embeddable":true,"href":"https:\/\/staging.laprensanic.com\/magazine\/wp-json\/wp\/v2\/users\/6"}],"replies":[{"embeddable":true,"href":"https:\/\/staging.laprensanic.com\/magazine\/wp-json\/wp\/v2\/comments?post=53006"}],"version-history":[{"count":4,"href":"https:\/\/staging.laprensanic.com\/magazine\/wp-json\/wp\/v2\/posts\/53006\/revisions"}],"predecessor-version":[{"id":58651,"href":"https:\/\/staging.laprensanic.com\/magazine\/wp-json\/wp\/v2\/posts\/53006\/revisions\/58651"}],"wp:featuredmedia":[{"embeddable":true,"href":"https:\/\/staging.laprensanic.com\/magazine\/wp-json\/wp\/v2\/media\/53007"}],"wp:attachment":[{"href":"https:\/\/staging.laprensanic.com\/magazine\/wp-json\/wp\/v2\/media?parent=53006"}],"wp:term":[{"taxonomy":"category","embeddable":true,"href":"https:\/\/staging.laprensanic.com\/magazine\/wp-json\/wp\/v2\/categories?post=53006"},{"taxonomy":"post_tag","embeddable":true,"href":"https:\/\/staging.laprensanic.com\/magazine\/wp-json\/wp\/v2\/tags?post=53006"}],"curies":[{"name":"wp","href":"https:\/\/api.w.org\/{rel}","templated":true}]}}