{"id":53747,"date":"2021-04-05T16:05:23","date_gmt":"2021-04-05T22:05:23","guid":{"rendered":"http:\/\/gep90.laprensa.com.ni\/magazine\/?p=53747"},"modified":"2024-01-04T12:28:25","modified_gmt":"2024-01-04T18:28:25","slug":"el-origen-del-lago-artificial-de-apanas","status":"publish","type":"post","link":"https:\/\/staging.laprensanic.com\/magazine\/periscopio\/el-origen-del-lago-artificial-de-apanas\/","title":{"rendered":"El origen del lago artificial de Apan\u00e1s"},"content":{"rendered":"\n<p>Los mayores proveedores de agua para Apan\u00e1s son los r\u00edos Jig\u00fcina, Tuma, San Gabriel, Mancotal, el Lago de Asturias y siete riachuelos.<\/p>\n\n\n\n<p>En el origen del lago artificial de Apan\u00e1s, cuando el caudal del r\u00edo Tuma inund\u00f3 el valle de Apan\u00e1s, seg\u00fan sus pobladores, se form\u00f3 un primer embalse natural. Tres empresas europeas construyeron el sistema de aprovechamiento en cascada y montaron las turbinas que abastecer\u00edan de electricidad a toda la regi\u00f3n.<\/p>\n\n\n\n<p>En un principio, la obra era de capital privado, pero al ser declarada obra de inter\u00e9s p\u00fablico pas\u00f3 a manos del estado, lo que interrumpi\u00f3 su crecimiento regional. Actualmente, esta planta es una de las principales generadoras de energ\u00eda de la red el\u00e9ctrica nicarag\u00fcense.<\/p>\n\n\n\n<p>Dentro del lago est\u00e1 el \u201cMorning Glory\u201d, un gigantesco embudo que sirve para absorber el agua cuando Apan\u00e1s alcanza su m\u00e1ximo nivel. Con el paso del hurac\u00e1n F\u00e9lix por Nicaragua en 2007, el embudo qued\u00f3 baj\u00f3 el agua dejando clara su insuficiencia. Entonces, decidieron construir el que ser\u00eda el cauce m\u00e1s grande Nicaragua, hasta ese momento. Este mide 25 metros de ancho por 10 de alto y conduce el agua desbordada al sistema de presas, Asturias.<\/p>\n\n\n\n<p>En 2001, el lago de Apan\u00e1s fue declarado Humedal de Importancia Internacional (sitio RAMSAR), ya que es un refugio para la conservaci\u00f3n de la flora y fauna silvestre mesoamericana.<\/p>\n","protected":false},"excerpt":{"rendered":"<p>El origen del lago artificial de Apan\u00e1s, se da en 1964, bajo la administraci\u00f3n del presidente Ren\u00e9 Schick Guti\u00e9rrez. Este lago artificial de 54 kil\u00f3metros cuadrados fue creado para generar energ\u00eda por medio de la planta hidroel\u00e9ctrica \u00abCentroam\u00e9rica Power Plant\u00bb, ubicada a unos cuantos kil\u00f3metros al suroeste, en la regi\u00f3n de El Cacao, Jinotega.<\/p>\n","protected":false},"author":5305,"featured_media":53749,"comment_status":"open","ping_status":"open","sticky":false,"template":"","format":"standard","meta":{"_acf_changed":false,"footnotes":""},"categories":[1],"tags":[5017],"class_list":["post-53747","post","type-post","status-publish","format-standard","has-post-thumbnail","hentry","category-periscopio","tag-apanas"],"acf":[],"_links":{"self":[{"href":"https:\/\/staging.laprensanic.com\/magazine\/wp-json\/wp\/v2\/posts\/53747","targetHints":{"allow":["GET"]}}],"collection":[{"href":"https:\/\/staging.laprensanic.com\/magazine\/wp-json\/wp\/v2\/posts"}],"about":[{"href":"https:\/\/staging.laprensanic.com\/magazine\/wp-json\/wp\/v2\/types\/post"}],"author":[{"embeddable":true,"href":"https:\/\/staging.laprensanic.com\/magazine\/wp-json\/wp\/v2\/users\/5305"}],"replies":[{"embeddable":true,"href":"https:\/\/staging.laprensanic.com\/magazine\/wp-json\/wp\/v2\/comments?post=53747"}],"version-history":[{"count":6,"href":"https:\/\/staging.laprensanic.com\/magazine\/wp-json\/wp\/v2\/posts\/53747\/revisions"}],"predecessor-version":[{"id":58568,"href":"https:\/\/staging.laprensanic.com\/magazine\/wp-json\/wp\/v2\/posts\/53747\/revisions\/58568"}],"wp:featuredmedia":[{"embeddable":true,"href":"https:\/\/staging.laprensanic.com\/magazine\/wp-json\/wp\/v2\/media\/53749"}],"wp:attachment":[{"href":"https:\/\/staging.laprensanic.com\/magazine\/wp-json\/wp\/v2\/media?parent=53747"}],"wp:term":[{"taxonomy":"category","embeddable":true,"href":"https:\/\/staging.laprensanic.com\/magazine\/wp-json\/wp\/v2\/categories?post=53747"},{"taxonomy":"post_tag","embeddable":true,"href":"https:\/\/staging.laprensanic.com\/magazine\/wp-json\/wp\/v2\/tags?post=53747"}],"curies":[{"name":"wp","href":"https:\/\/api.w.org\/{rel}","templated":true}]}}