{"id":54336,"date":"2021-06-07T11:38:27","date_gmt":"2021-06-07T17:38:27","guid":{"rendered":"http:\/\/gep90.laprensa.com.ni\/magazine\/?p=54336"},"modified":"2023-12-28T00:32:09","modified_gmt":"2023-12-28T06:32:09","slug":"el-preso-198","status":"publish","type":"post","link":"https:\/\/staging.laprensanic.com\/magazine\/del-editor\/el-preso-198\/","title":{"rendered":"El Preso 198"},"content":{"rendered":"\n<p>Cuando me propuse escribir un perfil de Daniel Ortega, lejos estaba de pensar que terminar\u00eda siendo un retrato psicol\u00f3gico del dictador que controla Nicaragua. En primer lugar, porque no soy psic\u00f3logo y aunque es un \u00e1rea que me apasiona, carezco de la capacidad y los instrumentos para emprender una tarea de esa magnitud. Y en segundo lugar, porque solo trataba de responder como periodista qui\u00e9n era este hombre que, para bien o para mal, ha sido determinante en la vida de la Nicaragua de los \u00faltimos 50 a\u00f1os.<\/p>\n\n\n\n<p>Los hechos y los testimonios, sin embargo, fueron dibujando, como si tuvieran vida propia, un retrato de Ortega m\u00e1s psicol\u00f3gico que hist\u00f3rico y el libro termin\u00f3 llam\u00e1ndose por estas razones El Preso 198.<\/p>\n\n\n<div class=\"wp-block-image\">\n<figure class=\"aligncenter\"><a href=\"https:\/\/gep90.laprensa.com.ni\/magazine\/wp-content\/uploads\/2021\/06\/Preso-portada.jpg\"><img fetchpriority=\"high\" decoding=\"async\" width=\"220\" height=\"346\" src=\"https:\/\/gep90.laprensa.com.ni\/magazine\/wp-content\/uploads\/2021\/06\/Preso-portada.jpg\" alt=\"\" class=\"wp-image-54341\" srcset=\"https:\/\/d1xxa24wwackpg.cloudfront.net\/wp-content\/uploads\/2021\/06\/Preso-portada.jpg 220w, https:\/\/d1xxa24wwackpg.cloudfront.net\/wp-content\/uploads\/2021\/06\/Preso-portada.jpg 191w\" sizes=\"(max-width: 220px) 100vw, 220px\" \/><\/a><\/figure>\n<\/div>\n\n\n<p><br>En esta edici\u00f3n de Magazine, Amalia del Cid emprende un trabajo m\u00e1s profundo de este \u00e1ngulo, y para ello se auxili\u00f3 de expertos en diversas \u00e1reas que puedan delinear c\u00f3mo piensa la pareja de dictadores, y por qu\u00e9 se comporta as\u00ed como los conocemos. Obviamente, se trata de unas conclusiones con las limitaciones que el nulo acceso presencial del caso impone.<\/p>\n\n\n\n<p>Este es un recorrido por la mente de los dictadores que nos ayuda a entender hechos recientes y pasados, y nos puede ayudar a prever el futuro.<\/p>\n\n\n\n<p>En esta misma edici\u00f3n traemos un reportaje sobre los hist\u00f3ricos nueve comandantes de la Direcci\u00f3n Nacional sandinista que gobern\u00f3 Nicaragua durante los a\u00f1os 80. Qui\u00e9n era qui\u00e9n en t\u00e9rminos econ\u00f3micos al momento que tomaron el poder y c\u00f3mo es que algunos de ellos terminaron convertidos en millonarios.<\/p>\n\n\n\n<p>Aqu\u00ed encontramos de nuevo a Daniel Ortega, que reconoci\u00f3 nacer pobre y prometi\u00f3 morir igualmente pobre. A su hermano Humberto y a Bayardo Arce, a quienes se les atribuyen gustos sibaritas y pertenecer al selecto club de los millonarios nicarag\u00fcenses. Luis Carri\u00f3n, Henry Ruiz, Carlos N\u00fa\u00f1ez, V\u00edctor Tirado y Tom\u00e1s Borge. \u00bfQu\u00e9 ten\u00edan antes de 1979? \u00bfA qu\u00e9 se dedicaba su familia? \u00bfQu\u00e9 ten\u00edan despu\u00e9s de 1990.<\/p>\n\n\n\n<p>Esta es pues, una edici\u00f3n sobre el poder y la mente de quienes lo ejercen, sobre el poder y el aprovechamiento personal. Siempre con la intenci\u00f3n que las lecturas del pasado nos sirvan como lecciones para nuestro futuro.<\/p>\n","protected":false},"excerpt":{"rendered":"<p>Este es un recorrido por la mente de los dictadores que nos ayuda a entender hechos recientes y pasados, y nos puede ayudar a prever el futuro.<\/p>\n","protected":false},"author":6,"featured_media":57104,"comment_status":"open","ping_status":"open","sticky":false,"template":"","format":"standard","meta":{"_acf_changed":false,"footnotes":""},"categories":[27],"tags":[183,1164],"class_list":["post-54336","post","type-post","status-publish","format-standard","has-post-thumbnail","hentry","category-del-editor","tag-daniel-ortega","tag-rosario-murillo"],"acf":[],"_links":{"self":[{"href":"https:\/\/staging.laprensanic.com\/magazine\/wp-json\/wp\/v2\/posts\/54336","targetHints":{"allow":["GET"]}}],"collection":[{"href":"https:\/\/staging.laprensanic.com\/magazine\/wp-json\/wp\/v2\/posts"}],"about":[{"href":"https:\/\/staging.laprensanic.com\/magazine\/wp-json\/wp\/v2\/types\/post"}],"author":[{"embeddable":true,"href":"https:\/\/staging.laprensanic.com\/magazine\/wp-json\/wp\/v2\/users\/6"}],"replies":[{"embeddable":true,"href":"https:\/\/staging.laprensanic.com\/magazine\/wp-json\/wp\/v2\/comments?post=54336"}],"version-history":[{"count":4,"href":"https:\/\/staging.laprensanic.com\/magazine\/wp-json\/wp\/v2\/posts\/54336\/revisions"}],"predecessor-version":[{"id":58373,"href":"https:\/\/staging.laprensanic.com\/magazine\/wp-json\/wp\/v2\/posts\/54336\/revisions\/58373"}],"wp:featuredmedia":[{"embeddable":true,"href":"https:\/\/staging.laprensanic.com\/magazine\/wp-json\/wp\/v2\/media\/57104"}],"wp:attachment":[{"href":"https:\/\/staging.laprensanic.com\/magazine\/wp-json\/wp\/v2\/media?parent=54336"}],"wp:term":[{"taxonomy":"category","embeddable":true,"href":"https:\/\/staging.laprensanic.com\/magazine\/wp-json\/wp\/v2\/categories?post=54336"},{"taxonomy":"post_tag","embeddable":true,"href":"https:\/\/staging.laprensanic.com\/magazine\/wp-json\/wp\/v2\/tags?post=54336"}],"curies":[{"name":"wp","href":"https:\/\/api.w.org\/{rel}","templated":true}]}}