{"id":54995,"date":"2021-09-05T12:58:43","date_gmt":"2021-09-05T18:58:43","guid":{"rendered":"http:\/\/gep90.laprensa.com.ni\/magazine\/?p=54995"},"modified":"2023-12-27T01:56:21","modified_gmt":"2023-12-27T07:56:21","slug":"200-anos","status":"publish","type":"post","link":"https:\/\/staging.laprensanic.com\/magazine\/del-editor\/200-anos\/","title":{"rendered":"200 a\u00f1os"},"content":{"rendered":"\n<p>Hace 200 a\u00f1os, mensajeros a caballo salieron a galope hacia diferentes direcciones desde ciudad Guatemala, sede de la Capitan\u00eda General de Centroam\u00e9rica en ese entonces. Llevaban la buena nueva a las provincias: Centroam\u00e9rica se independizaba de Espa\u00f1a.<\/p>\n\n\n\n<p>Sin embargo, no todo qued\u00f3 dicho aquel 15 de septiembre de 1821. El mensajero a caballo lleg\u00f3 una semana m\u00e1s tarde a Nicaragua y la noticia no fue recibida con j\u00fabilo generalizado. Al contrario. Se formaron dos bandos, quienes la reconocieron y quienes no la aceptaron. Y ese fue m\u00e1s bien el inicio de unas corrientes pol\u00edticas que estar\u00edan en pugna pr\u00e1cticamente hasta hoy, en t\u00e9rminos hist\u00f3ricos. Liberales y conservadores.<\/p>\n\n\n\n<p>Tampoco hubo paz. Las diferencias entre unos y otros provocaron una serie de guerra que mantuvieron el territorio centroamericano en permanente violencia. Tampoco hubo rep\u00fablica. La trampa, el caudillismo, los fraudes electorales, las violaciones a las leyes por quienes deben aplicarlas, han sido una constante hasta ahora.<\/p>\n\n\n\n<p>En esta edici\u00f3n de Magazine hacemos un repaso de estos 200 a\u00f1os. Una cr\u00f3nica de esos d\u00edas \u00e1lgidos de septiembre de 1821, pasando por las caracter\u00edsticas de los procesos electorales que se sucedieron desde entonces, hasta los avances tecnol\u00f3gicos que fueron llegando a Nicaragua.<\/p>\n\n\n\n<p>Sucedieron cosas ins\u00f3litas durante este tiempo. En los inicios hubo una guerra donde las bajas se contaban, en un bando, con las orejas cortadas a los enemigos, y en el otro, con las narices. Tambi\u00e9n hubo una \u201celecci\u00f3n\u201d donde se impuso un presidente extranjero donde, al decir de un periodista norteamericano de la \u00e9poca, \u201cen algunas poblaciones le dan a Walker m\u00e1s votos que el cu\u00e1druple de los habitantes, contando a todos los hombres, mujeres, ni\u00f1os y bestias\u201d.<\/p>\n\n\n\n<p>Lo m\u00e1s triste de todo es que cosas como estas siguen pasando, por disparatadas que parezcan. La historia recordar\u00e1, por ejemplo, que, en las elecciones de noviembre 201, el presidente de este entonces mand\u00f3 a encarcelar a todos sus principales contrincantes para ganarlas y poder reelegirse por tercera vez.<\/p>\n\n\n\n<p>Suma y resta, hemos avanzado poco. Todav\u00eda le estamos debiendo la rep\u00fablica a las nuevas generaciones. Patinamos en los mismos vicios. Este bicentenario, m\u00e1s que una fiesta a celebrar, deber\u00eda servirnos para reflexionar sobre lo que somos, lo que no hemos sido y lo que queremos ser.<\/p>\n","protected":false},"excerpt":{"rendered":"<p>Suma y resta, hemos avanzado poco. Todav\u00eda le estamos debiendo la rep\u00fablica a las nuevas generaciones. Este bicentenario, m\u00e1s que una fiesta a celebrar, deber\u00eda servirnos para reflexionar sobre lo que somos, lo que no hemos sido y lo que queremos ser.<\/p>\n","protected":false},"author":6,"featured_media":54997,"comment_status":"open","ping_status":"open","sticky":false,"template":"","format":"standard","meta":{"_acf_changed":false,"footnotes":""},"categories":[27],"tags":[4936],"class_list":["post-54995","post","type-post","status-publish","format-standard","has-post-thumbnail","hentry","category-del-editor","tag-independencia"],"acf":[],"_links":{"self":[{"href":"https:\/\/staging.laprensanic.com\/magazine\/wp-json\/wp\/v2\/posts\/54995","targetHints":{"allow":["GET"]}}],"collection":[{"href":"https:\/\/staging.laprensanic.com\/magazine\/wp-json\/wp\/v2\/posts"}],"about":[{"href":"https:\/\/staging.laprensanic.com\/magazine\/wp-json\/wp\/v2\/types\/post"}],"author":[{"embeddable":true,"href":"https:\/\/staging.laprensanic.com\/magazine\/wp-json\/wp\/v2\/users\/6"}],"replies":[{"embeddable":true,"href":"https:\/\/staging.laprensanic.com\/magazine\/wp-json\/wp\/v2\/comments?post=54995"}],"version-history":[{"count":4,"href":"https:\/\/staging.laprensanic.com\/magazine\/wp-json\/wp\/v2\/posts\/54995\/revisions"}],"predecessor-version":[{"id":58208,"href":"https:\/\/staging.laprensanic.com\/magazine\/wp-json\/wp\/v2\/posts\/54995\/revisions\/58208"}],"wp:featuredmedia":[{"embeddable":true,"href":"https:\/\/staging.laprensanic.com\/magazine\/wp-json\/wp\/v2\/media\/54997"}],"wp:attachment":[{"href":"https:\/\/staging.laprensanic.com\/magazine\/wp-json\/wp\/v2\/media?parent=54995"}],"wp:term":[{"taxonomy":"category","embeddable":true,"href":"https:\/\/staging.laprensanic.com\/magazine\/wp-json\/wp\/v2\/categories?post=54995"},{"taxonomy":"post_tag","embeddable":true,"href":"https:\/\/staging.laprensanic.com\/magazine\/wp-json\/wp\/v2\/tags?post=54995"}],"curies":[{"name":"wp","href":"https:\/\/api.w.org\/{rel}","templated":true}]}}