{"id":55148,"date":"2021-11-07T13:39:42","date_gmt":"2021-11-07T19:39:42","guid":{"rendered":"https:\/\/www.laprensa.com.ni\/magazine\/?p=55148"},"modified":"2023-12-27T01:36:29","modified_gmt":"2023-12-27T07:36:29","slug":"las-temidas-carceles-de-la-revolucion","status":"publish","type":"post","link":"https:\/\/staging.laprensanic.com\/magazine\/reportajes\/las-temidas-carceles-de-la-revolucion\/","title":{"rendered":"Las temidas c\u00e1rceles de la Revoluci\u00f3n"},"content":{"rendered":"\n<p>La tierra estaba floja. A simple vista se notaba una depresi\u00f3n en el terreno. Do\u00f1a Marlene Taleno de Mayorga removi\u00f3 con sus propias manos unos dos o tres cent\u00edmetros de tierra e inmediatamente vio un cr\u00e1neo.<\/p>\n\n\n\n<p>De la tierra tambi\u00e9n sal\u00eda una gusanera y el hedor a cuerpos humanos en descomposici\u00f3n. Entre los gusanos, la tierra y los huesos, logr\u00f3 reconocer el pantal\u00f3n de su esposo, el doctor Francisco Mayorga Ram\u00edrez, un abogado de Granada que hace unos diez a\u00f1os hab\u00eda servido como juez para lo civil y criminal durante la dinast\u00eda somocista.<\/p>\n\n\n\n<p>Do\u00f1a Marlene vio perpleja aquel 3 de octubre de 1979 lo que se rumoraba en Granada desde finales de julio. Que el cad\u00e1ver de su esposo hab\u00eda sido visto en una fosa com\u00fan en la hacienda Santa Ana, ubicada en el camino a Los Malacos, junto a otros 50 cad\u00e1veres m\u00e1s.<\/p>\n\n\n\n<p>Al doctor Mayorga los sandinistas lo hab\u00edan llegado a sacar de una reuni\u00f3n que ten\u00eda con otros abogados el 28 de julio. De la misma manera fueron detenidas otras personas de las que sus familias no ten\u00edan noticias despu\u00e9s de su detenci\u00f3n.<\/p>\n\n\n\n<p>La mayor\u00eda, si no es que todos, hab\u00edan sido funcionarios de Somoza antes del triunfo de la Revoluci\u00f3n Sandinista, y \u201clos muchachos\u201d los hab\u00edan hecho prisioneros de la nueva justicia rojinegra.<\/p>\n\n\n\n<p>Los sandinistas, en un acto de venganza, de carceleros pasaron a ser los ejecutores de sus prisioneros. Los pormenores del caso constan en un informe de la Comisi\u00f3n Interamericana de Derechos Humanos con fecha de octubre de 1983.<\/p>\n\n\n\n<p>La CIDH hab\u00eda recibido denuncias de ejecuciones ilegales y secretas de personas detenidas en la prisi\u00f3n conocida como La P\u00f3lvora, ubicada en Granada. \u201cUn n\u00famero no determinado de presos fueron sacados en grupos de la c\u00e1rcel durante la noche, llevados a un lugar fuera de ella, ejecutados y enterrados en fosas comunes\u201d, indica el informe.<\/p>\n\n\n\n<p>Junto al doctor Mayorga, tambi\u00e9n est\u00e1n los casos del m\u00e9dico C\u00e9sar Rivas Guill\u00e9n, R\u00f3ger Alfonso Gonz\u00e1lez, Exequiel Zavala Jim\u00e9nez, Gabino Vel\u00e1zquez Meza, Jorge Villalobos Toru\u00f1o, Gustavo Adolfo Mar\u00edn, Luis Mart\u00ednez Mercado, y muchos m\u00e1s.<\/p>\n\n\n\n<p>En una comunicaci\u00f3n de septiembre de 1983, el gobierno sandinista dijo a la Comisi\u00f3n que el supuesto responsable de dar la orden de la ejecuci\u00f3n masiva fue Marvin Gonz\u00e1lez Ruiz, quien fung\u00eda como responsable de La P\u00f3lvora.<\/p>\n\n\n<div class=\"wp-block-image\">\n<figure class=\"aligncenter\"><a href=\"https:\/\/www.laprensa.com.ni\/magazine\/wp-content\/uploads\/2020\/07\/308-MAG-DOCTOR-2-e1596065137670.jpg\"><img fetchpriority=\"high\" decoding=\"async\" width=\"1024\" height=\"749\" src=\"https:\/\/www.laprensa.com.ni\/magazine\/wp-content\/uploads\/2020\/07\/308-MAG-DOCTOR-2-1024x749.jpg\" alt=\"\" class=\"wp-image-51565\"\/><\/a><figcaption class=\"wp-element-caption\"><em>Grupo de reos que fueron detenidos en los primeros meses de la Revoluci\u00f3n Sandinista. A Pereira le toc\u00f3 sufrir encarcelamiento acusado de ser agente de la CIA, pero hab\u00eda sido un error. Oscar Navarrete\/ ARCHIVO<\/em><\/figcaption><\/figure>\n<\/div>\n\n\n<p class=\"has-text-align-center\">***<\/p>\n\n\n\n<p>La P\u00f3lvora fue una de las prisiones m\u00e1s temidas durante la d\u00e9cada de los ochenta, en la que el Frente Sandinista gobern\u00f3 por primera vez a Nicaragua, pero tambi\u00e9n hab\u00eda otras como La Barranca en Estel\u00ed, La Perrera en Matagalpa, La Humedad en Chontales, La Fortaleza en R\u00edo San Juan, y la misma c\u00e1rcel La Modelo de Tipitapa.<\/p>\n\n\n\n<p>En Managua, y tal vez en todo el pa\u00eds, la c\u00e1rcel m\u00e1s temida era la del Chipote, que en tiempos de Somoza era conocida como La Loma. Ah\u00ed, en Tiscapa, quedaba el Palacio Presidencial de los Somoza en donde construyeron calabozos y mazmorras por donde pasaron sus rivales pol\u00edticos m\u00e1s connotados. Pedro Joaqu\u00edn Chamorro Cardenal, Adolfo B\u00e1ez Bone y hasta Daniel Ortega estuvo ah\u00ed.<\/p>\n\n\n\n<p>Lo que a Vilma N\u00fa\u00f1ez m\u00e1s le molest\u00f3 fue que las c\u00e1rceles fueron nombradas con nombres de excombatientes sandinistas ca\u00eddos en la lucha contra Somoza. \u201cA La P\u00f3lvora de Granada la llamaron Luis Enrique Largaespada. A la c\u00e1rcel de El Coyotepe le pusieron Benjam\u00edn Zeled\u00f3n, a la c\u00e1rcel La Modelo de Tipitapa le pusieron el nombre de Jorge Navarro.&nbsp; Eso me molest\u00f3. Lo peor me pareci\u00f3 lo de La Loma, el mayor centro de torturas que tuvieron los Somoza. A esa c\u00e1rcel la llamaron el Chipote, nada menos que le dieron el nombre del cerro de Quilal\u00ed, Nueva Segovia, donde Sandino hab\u00eda instalado su cuartel general durante la guerra contra los marines yanquis\u201d, critica N\u00fa\u00f1ez en un escrito publicado en la revista <em>Env\u00edo<\/em> en abril de 2018.<\/p>\n\n\n\n<p>Otro ejemplo es la c\u00e1rcel La Aviaci\u00f3n en tiempos de Somoza, y que pas\u00f3 a convertirse en el complejo policial Ajax Delgado.<\/p>\n\n\n\n<p>Tambi\u00e9n hab\u00eda c\u00e1rceles clandestinas como la Quinta Ye en Le\u00f3n, que seg\u00fan Vilma N\u00fa\u00f1ez, era un centro recreativo propiedad de do\u00f1a Yolanda Blanco. \u201cLos sandinistas se la tomaron y la convirtieron en c\u00e1rcel y oficina de la Seguridad del Estado. All\u00ed trabajaban Ana Isabel Morales y Carlos N\u00e1jar y sucedieron graves violaciones a los derechos humanos contra muchas personas que por ese lugar pasaron\u201d, apunta en su texto.<\/p>\n\n\n\n<p>Vilma N\u00fa\u00f1ez era vicepresidenta de la Corte Suprema de Justicia en aquel entonces y a ella le consta que los sandinistas se tomaron casas privadas y las convirtieron en c\u00e1rceles clandestinas.<\/p>\n\n\n\n<p>\u201cInmediatamente despu\u00e9s del triunfo de la Revoluci\u00f3n se dio una proliferaci\u00f3n de c\u00e1rceles por todos lados. En Le\u00f3n aparecieron muchas: cerca de mi casa por el Pochote una c\u00e1rcel, m\u00e1s adelante otra, por El Calvario otra m\u00e1s\u2026 Un mont\u00f3n de casas las hab\u00edan convertido los sandinistas en c\u00e1rceles y all\u00ed hab\u00edan metido a gente conocida como somocista y a gente que no era somocista\u201d, resalta la defensora de derechos humanos.<\/p>\n\n\n\n<p>Incluso, relata la ocasi\u00f3n cuando pidi\u00f3 visitar el Fort\u00edn de Acosasco, donde ella hab\u00eda estado detenida durante la dictadura somocista. Era un lugar \u201ctenebroso\u201d, sucio y con ratas que hasta parec\u00edan gatos corriendo por todos lados.<\/p>\n\n\n<div class=\"wp-block-image\">\n<figure class=\"aligncenter\"><a href=\"https:\/\/www.laprensa.com.ni\/magazine\/wp-content\/uploads\/2019\/08\/Galeria-41.jpg\"><img decoding=\"async\" width=\"720\" height=\"640\" src=\"https:\/\/www.laprensa.com.ni\/magazine\/wp-content\/uploads\/2019\/08\/Galeria-41.jpg\" alt=\"\" class=\"wp-image-48099\" srcset=\"https:\/\/d1xxa24wwackpg.cloudfront.net\/wp-content\/uploads\/2019\/08\/Galeria-41.jpg 720w, https:\/\/d1xxa24wwackpg.cloudfront.net\/wp-content\/uploads\/2019\/08\/Galeria-41.jpg 300w\" sizes=\"(max-width: 720px) 100vw, 720px\" \/><\/a><figcaption class=\"wp-element-caption\"><em>Restos del cuerpo incinerado de un guardia muerto en la c\u00e1rcel conocida como La 21 en Le\u00f3n. ARCHIVO\/\u00d3scar Navarrete<\/em><\/figcaption><\/figure>\n<\/div>\n\n\n<p>En el patio, \u201chab\u00eda unos subterr\u00e1neos tapados y al levantar aquellas tapas hab\u00eda gradas y por ellas se bajaba. Cuando levantaron las tapas vi sentado en las gradas a un hombre de apellido Espinales, uno de los torturadores del somocismo en Le\u00f3n, quien con un tal Chele Aguilera eran el terror en la ciudad y sus alrededores. Ah\u00ed lo ten\u00edan encerrado. Espinales se me qued\u00f3 mirando. Y, aunque no supe ni c\u00f3mo ni cu\u00e1ndo, lo mataron\u201d, relata N\u00fa\u00f1ez.<\/p>\n\n\n\n<p>Agust\u00edn Jarqu\u00edn Anaya era opositor al sandinismo en los a\u00f1os ochenta, y eso lo llev\u00f3 a estar preso en seis ocasiones. Una de esas fue en una c\u00e1rcel clandestina en el barrio Monse\u00f1or Lezcano de Managua.<\/p>\n\n\n\n<p>Era 4 de marzo de 1983. El avi\u00f3n de la aerol\u00ednea Alitalia en el que ven\u00eda el papa Juan Pablo II acababa de aterrizar en Managua, mientras a Jarqu\u00edn Anaya lo estaban metiendo en una celda de unos nueve metros cuadrados, seg\u00fan la describe.<\/p>\n\n\n\n<p>El mismo Jarqu\u00edn Anaya cuenta que estuvo tres d\u00edas detenido ah\u00ed junto a otras 14 personas. \u201cEst\u00e1bamos uno encima de otro y me toc\u00f3 dormir encima de los orines de los dem\u00e1s\u201d, rememora.<\/p>\n\n\n\n<p>Tres a\u00f1os m\u00e1s tarde, durante las negociaciones de Esquipulas II, Jarqu\u00edn Anaya regresaba a Managua despu\u00e9s de varias reuniones en Guatemala con otros presidentes de la regi\u00f3n. \u201cAl final de las escaleras del avi\u00f3n me estaban esperando\u201d, recuerda.<\/p>\n\n\n\n<p>Lo montaron en un veh\u00edculo y se lo llevaron encapuchado hasta llegar a un lugar desconocido. Lo metieron en un ropero por tres horas y luego lo sacaron para interrogarlo sobre sus reuniones en Guatemala, y al finalizar, lo volvieron a encapuchar y lo hicieron bajar y bajar escaleras hasta que lleg\u00f3 a lo que dice, era un calabozo.<\/p>\n\n\n\n<p>Era una peque\u00f1a celda donde solo hab\u00eda un viejo catre con la luz encendida d\u00eda y noche. Lo sacaban solamente para interrogarlo. Al quinto d\u00eda, cuando lo liberaron a las cinco de la ma\u00f1ana, se dio cuenta de que hab\u00eda estado en el Chipote.<\/p>\n\n\n\n<p class=\"has-text-align-center\">***<\/p>\n\n\n\n<p>El arquitecto Alberto Suhr ten\u00eda 38 a\u00f1os cuando la CIDH lo visit\u00f3 en el Chipote. Hab\u00eda sido condenado a 10 a\u00f1os de prisi\u00f3n por asociaci\u00f3n il\u00edcita para delinquir, y tentativa de homicidio. Desde que era un ni\u00f1o padec\u00eda de polio, y la Comisi\u00f3n lo encontr\u00f3 sordo del o\u00eddo derecho y con el dedo me\u00f1ique de la mano derecha sin movilidad debido a golpes recibidos con un tubo de hule.<\/p>\n\n\n\n<p>Otro caso es el de Donaldo Rico Morales quien se encontraba en la c\u00e1rcel H\u00e9roes y M\u00e1rtires de Nueva Guinea, mejor conocida como Zona Franca. Rico ten\u00eda 22 a\u00f1os y hab\u00eda sido miembro de la EEBI por seis meses. \u201cFue salvajemente torturado hasta el extremo de tener dos costillas quebradas y hematomas por todo el cuerpo.&nbsp; Un m\u00e9dico que estaba preso lo examin\u00f3 y dijo que los hematomas se deb\u00edan a sangre coagulada, el m\u00e1s grande lo ten\u00eda en la zona baja del om\u00f3plato\u201d, dice el informe de la CIDH.<\/p>\n\n\n\n<p>La comisi\u00f3n pudo visitar al menos 10 c\u00e1rceles en todo el pa\u00eds en los primeros a\u00f1os de la Revoluci\u00f3n y solamente encontr\u00f3 una en buenas condiciones: la c\u00e1rcel de mujeres Ruth Rodr\u00edguez en Granada.<\/p>\n\n\n\n<p>En otros centros penitenciarios como el Jorge Navarro, mejor conocido como La Modelo, la CIDH encontr\u00f3 que \u201clas condiciones de hacinamiento, alimentaci\u00f3n, higiene y cuidados m\u00e9dicos son verdaderamente inaceptables en esta c\u00e1rcel\u201d.<\/p>\n\n\n\n<p>La prisi\u00f3n ten\u00eda capacidad para 1,800 reos, pero hab\u00eda 2,450 detenidos cuando lleg\u00f3 la Comisi\u00f3n. Eran siete grandes pabellones distribuidos a partir del edificio principal, tres a cada lado y uno al fondo. La Chiquita, que era una celda de castigo, estaba separada de los pabellones.<\/p>\n\n\n\n<p>Seg\u00fan la CIDH los presos eran obligados a cantar el himno sandinista y asistir a discursos pol\u00edticos obligatorios. El exguardia nacional Frank Zapata recuerda bien esas charlas que llegaba a darles, normalmente, Ed\u00e9n Pastora.<\/p>\n\n\n\n<p>\u201cNos llamaba basura, gusanos y nos dec\u00eda que nos \u00edbamos a morir ah\u00ed. Por un momento llegu\u00e9 a creerlo\u201d. Zapata estuvo tres a\u00f1os detenido en La Modelo hasta que fue beneficiado con una amnist\u00eda en 1983 y se uni\u00f3 a la Contrarrevoluci\u00f3n.<\/p>\n\n\n<div class=\"wp-block-image\">\n<figure class=\"aligncenter\"><a href=\"https:\/\/www.laprensa.com.ni\/magazine\/wp-content\/uploads\/2018\/05\/281-Mag-39GN-48.jpg\"><img decoding=\"async\" width=\"696\" height=\"445\" src=\"https:\/\/www.laprensa.com.ni\/magazine\/wp-content\/uploads\/2018\/05\/281-Mag-39GN-48.jpg\" alt=\"\" class=\"wp-image-41921\" srcset=\"https:\/\/d1xxa24wwackpg.cloudfront.net\/wp-content\/uploads\/2018\/05\/07135521\/281-Mag-39GN-48.jpg 696w, https:\/\/d1xxa24wwackpg.cloudfront.net\/wp-content\/uploads\/2018\/05\/07135521\/281-Mag-39GN-48.jpg 300w\" sizes=\"(max-width: 696px) 100vw, 696px\" \/><\/a><figcaption class=\"wp-element-caption\"><em>39 exguardias nacionales que quedaron en las c\u00e1rceles sandinistas hasta febrero de 1990. Aqu\u00ed est\u00e1n en La Modelo. FOTO\/ CORTES\u00cdA\/ NICOL\u00c1S L\u00d3PEZ MALTEZ<\/em><\/figcaption><\/figure>\n<\/div>\n\n\n<p>El hombre todav\u00eda recuerda una tarde cuando no hab\u00eda comido en varios d\u00edas y vio una c\u00e1scara de banano en el suelo llena de tierra. Se la comi\u00f3. Esos tres a\u00f1os en La Modelo fueron los peores de su vida, asegura.<\/p>\n\n\n\n<p>A los reos de La Modelo no les dejaban leer nada, solamente el diario Barricada y hab\u00eda casos de menores de edad detenidos que les llamaban los \u201csaca ojos\u201d supuestamente por haber participado en torturas de la Guardia Nacional contra miembros del Frente Sandinista en donde les sacaban los ojos.<\/p>\n\n\n\n<p>En la Zona Franca, la CIDH encontr\u00f3 a 2,400 personas recluidas en celdas de 40 metros cuadrados. En la mayor\u00eda hab\u00eda 40 personas, y casi todos los detenidos eran exguardias y dirigentes del partido de Somoza.<\/p>\n\n\n\n<p>Tom\u00e1s Borge fue quien recibi\u00f3 a la Comisi\u00f3n cuando visit\u00f3 el Chipote. Seg\u00fan la CIDH las celdas med\u00edan tres metros cuadrados y todas ten\u00edan camas y un peque\u00f1o lavamanos que tambi\u00e9n serv\u00eda de urinario<\/p>\n\n\n\n<p>\u201cEl Chipote tambi\u00e9n tiene una celda de castigo que se llama ka Chiquita y aunque est\u00e1 supuesta a ser de uso individual, en algunas ocasiones ha alojado hasta nueve presos.&nbsp; \u201cLa Chiquita no tiene ba\u00f1o ni luz natural y la luz el\u00e9ctrica permanece encendida durante las 24 horas del d\u00eda\u201d, se lee en el informe del organismo.<\/p>\n\n\n\n<p>En la c\u00e1rcel que m\u00e1s se sorprendieron los miembros de la misi\u00f3n de la CIDH fue en la de El Coyotepe, en Masaya. En esas celdas subterr\u00e1neas, sin luz ni ventilaci\u00f3n hab\u00eda 140 presos. La Comisi\u00f3n recomend\u00f3 no utilizar m\u00e1s esa c\u00e1rcel \u201cdada sus horrorosas caracter\u00edsticas, no susceptibles a ser cambiadas\u201d.<\/p>\n\n\n\n<p>En una comunicaci\u00f3n que envi\u00f3 el gobierno revolucionario a la CIDH despu\u00e9s de esa visita, afirmaba que El Coyotepe hab\u00eda sido cerrado como centro penitenciario, pero Vilma N\u00fa\u00f1ez en su escrito asegura que esa prisi\u00f3n fue utilizada hasta que do\u00f1a Violeta Barrios de Chamorro lleg\u00f3 al poder en 1990.<\/p>\n\n\n\n<p>A pesar de que la Quinta Ye no estaba en la lista de centros penitenciarios de Nicaragua, la CIDH pudo visitarla y encontr\u00f3 un total de 23 personas detenidas repartidas en cinco peque\u00f1as celdas sin camas ni ventanas. Los detenidos tampoco ten\u00edan derecho a sol, visitas y no pod\u00edan hacer ejercicios fuera de sus celdas.<\/p>\n\n\n\n<p class=\"has-text-align-center\">***<\/p>\n\n\n\n<p>La Granja era otra c\u00e1rcel que se ubicaba a unos siete kil\u00f3metros de Granada, en direcci\u00f3n al empalme de Diriomo. Ah\u00ed estuvo detenido Luis Alberto Carballo, un dirigente opositor del partido conservador. Tambi\u00e9n estuvo Agust\u00edn Jarqu\u00edn Anaya en una de las seis veces que estuvo en prisi\u00f3n en los ochenta.<\/p>\n\n\n\n<p>\u201c\u00bfQu\u00e9 es lo que quiere la gente? Que se vaya el Frente\u201d, gritaba Carballo junto a miles de personas en las calles de Nandaime aquel domingo 10 de julio de 1988. Era una marcha convocada por la Coordinadora Democr\u00e1tica Nicarag\u00fcense, opositora al sandinismo. Esa fue la raz\u00f3n por la que cayeron detenidas unas 32 personas.<\/p>\n\n\n<div class=\"wp-block-image\">\n<figure class=\"aligncenter\"><a href=\"https:\/\/www.laprensa.com.ni\/magazine\/wp-content\/uploads\/2018\/05\/281-Mag-somocistas-3.jpg\"><img loading=\"lazy\" decoding=\"async\" width=\"700\" height=\"347\" src=\"https:\/\/www.laprensa.com.ni\/magazine\/wp-content\/uploads\/2018\/05\/281-Mag-somocistas-3.jpg\" alt=\"\" class=\"wp-image-41927\" srcset=\"https:\/\/d1xxa24wwackpg.cloudfront.net\/wp-content\/uploads\/2018\/05\/07135516\/281-Mag-somocistas-3.jpg 700w, https:\/\/d1xxa24wwackpg.cloudfront.net\/wp-content\/uploads\/2018\/05\/07135516\/281-Mag-somocistas-3.jpg 300w\" sizes=\"(max-width: 700px) 100vw, 700px\" \/><\/a><figcaption class=\"wp-element-caption\"><em>Comparaci\u00f3n de una imagen del excoronel de la Guardia Nacional Silvio Mayorga cuando estaba activo y luego tras 10 a\u00f1os de c\u00e1rcel. La foto fue publicada en 1989 en el peri\u00f3dico La Estrella de Nicaragua. FOTO\/ CORTES\u00cdA\/ NICOL\u00c1S L\u00d3PEZ MALTEZ<\/em><\/figcaption><\/figure>\n<\/div>\n\n\n<p>\u201cCada quien era due\u00f1o de su propia salud y sufr\u00eda como ten\u00eda que sufrir\u201d, recuerda Carballo aquellos seis meses que estuvo detenido en una celda de 90 metros cuadrados donde hab\u00eda hasta 70 personas detenidas.<\/p>\n\n\n\n<p>Les daban muy poca comida y no hab\u00eda ba\u00f1o, ten\u00eda que orinar y defecar en un hueco que hab\u00eda en la celda y enfrente de los dem\u00e1s reos. \u201cUno hac\u00eda lo que iba a hacer en cuclillas y no hab\u00eda manera de limpiarse\u201d, cuenta Jarqu\u00edn.<\/p>\n\n\n\n<p>Ambos recuerdan bien la celda de castigo de aquella prisi\u00f3n. Le llamaban \u201cla Fogosa\u201d, porque era calient\u00edsima y peque\u00f1a, como un horno. Carballo y Jarqu\u00edn junto con otros detenidos estuvieron en esa celda porque hab\u00edan armado una protesta en el penal. Los sacaron despu\u00e9s de seis d\u00edas de huelga de hambre.<\/p>\n\n\n\n<p>A los dos los llevaron a la enfermer\u00eda para atenderlos y les dieron un pur\u00e9 de papas. \u201cEs el pur\u00e9 m\u00e1s delicioso que he comido\u201d, dice Jarqu\u00edn, mientras que Carballo recuerda que cuando un m\u00e9dico lo estaba examinando, le dio una palmada en los pies. \u201cNo s\u00e9 si fue un saludo, o una t\u00e9cnica torturadora de \u00e9l, pero me movi\u00f3 el cerebro\u201d, cuenta el hombre 33 a\u00f1os despu\u00e9s.<\/p>\n\n\n\n<p>Para aquel entonces, el Diario La Prensa hizo un afiche con los nombres de los presos pol\u00edticos y los d\u00edas que llevaban detenidos. \u201cIgual que con los de ahora\u201d, dice Carballo. En La Granja tambi\u00e9n estuvieron detenidos R\u00f3ger Guevara, Cayetano Borges, Carlos Huembes, entre otros.<\/p>\n\n\n\n<p>No existe una cifra oficial de cu\u00e1ntos presos pol\u00edticos hubo en los a\u00f1os ochenta. En octubre de 1987, el presidente de la Comisi\u00f3n Permanente de Derechos Humanos, Lino Hern\u00e1ndez, lleg\u00f3 a denunciar que en Nicaragua hab\u00eda m\u00e1s de 9,500 presos pol\u00edticos en todo el pa\u00eds. De estos, siete mil eran acusados de ser \u201ccontras\u201d y el resto eran exguardias nacionales.<\/p>\n\n\n\n<p>La CIDH, por su parte, contabiliz\u00f3 que hasta 1988 hab\u00eda 1,822 detenidos con procesos ante los Tribunales Especiales, y otros 1,532 presos por actividades contra la seguridad de Estado.<\/p>\n\n\n\n<p>Seg\u00fan el libro <em>Burla sangrienta del r\u00e9gimen sandinista al Plan de Paz de Esquipulas II<\/em>, escrito por Wilfredo Montalv\u00e1n, para 1987, el comandante Bayardo Arce, quien era vicecoordinador nacional del Frente Sandinista en aquel entonces, dijo que \u201cno podemos liberar a los 3,000 exmiembros de la dictadura somocista prisioneros desde el triunfo revolucionario de 1979. Hacer esto ser\u00eda la ant\u00edtesis de la Revoluci\u00f3n\u201d.<\/p>\n\n\n\n<p class=\"has-text-align-center\">***<\/p>\n\n\n\n<p>El juez Agust\u00edn Cruz P\u00e9rez lleg\u00f3 a corroborar lo que do\u00f1a Marlene Taleno de Mayorga le hab\u00eda dicho en una carta enviada cuatro d\u00edas atr\u00e1s: que el cad\u00e1ver de su esposo, el doctor Francisco Mayorga Ram\u00edrez, estaba en una fosa com\u00fan en la hacienda Santa Ana, y le solicit\u00f3 una exhumaci\u00f3n para darle cristiana sepultura.<\/p>\n\n\n\n<p>Era s\u00e1bado, 13 de octubre de 1979 y durante la inspecci\u00f3n del juez Cruz P\u00e9rez descubri\u00f3 al menos otros dos lugares donde hab\u00eda huesos humanos, zapatos y varios agujeros que hac\u00edan indicar que familiares de las v\u00edctimas hab\u00edan estado llegando para exhumar los cad\u00e1veres de sus seres queridos. A pesar de ello, Cruz P\u00e9rez no dio a lugar la solicitud de exhumaci\u00f3n que hizo do\u00f1a Marlene.<\/p>\n\n\n\n<p>Por la relevancia del caso, la CIDH solicit\u00f3 una visita a los centros penales de Nicaragua cuando vino en 1980, y el nuevo gobierno sandinista se comprometi\u00f3 a investigar los hechos en La P\u00f3lvora. Marvin Gonz\u00e1lez Ruiz, mejor conocido como Wilmer, y quien era acusado de dar la orden de ejecuci\u00f3n, fue absuelto en 1983 por el mismo juez Cruz P\u00e9rez.<\/p>\n\n\n\n<p>El gobierno sandinista no lo encontr\u00f3 culpables del hecho y la explicaci\u00f3n que dio es que la ejecuci\u00f3n se dio en un momento donde en Nicaragua no hab\u00eda polic\u00eda, ni ej\u00e9rcito ni aplicaci\u00f3n de justicia, y m\u00e1s bien se encontraba en estado de anarqu\u00eda por el reciente triunfo de la Revoluci\u00f3n.<\/p>\n\n\n\n<p>Tras esta respuesta, la CIDH adopt\u00f3 una resoluci\u00f3n declarando que el Gobierno de Nicaragua hab\u00eda violado los derechos a la vida, la libertad personal y a las garant\u00edas judiciales.<\/p>\n\n\n\n<p>Vilma N\u00fa\u00f1ez, en su escrito publicado en la <em>Revista Env\u00edo<\/em> en 2018, recuerda el caso de La P\u00f3lvora, y en particular el del doctor Francisco Mayorga Ram\u00edrez. En aquellos a\u00f1os, N\u00fa\u00f1ez hizo las gestiones necesarias para tratar de llevar justicia en numerosos casos similares a ese.<\/p>\n\n\n\n<p>\u201cSin embargo, no lo logramos en el caso de La P\u00f3lvora, donde unos 24 reos acusados de somocistas fueron ejecutados sin juicio y de forma indiscriminada. Uno de ellos, el doctor Francisco Mayorga Ram\u00edrez. Su esposa luch\u00f3 mucho tiempo pidiendo su cad\u00e1ver para exhumarlo y enterrarlo, y no supe si por fin lo consigui\u00f3. Y no fue solo en La P\u00f3lvora. Hubo ejecuciones sumarias en otras c\u00e1rceles del pa\u00eds\u201d, dice N\u00fa\u00f1ez en su escrito de 2018.<\/p>\n","protected":false},"excerpt":{"rendered":"<p>Es tan dif\u00edcil encontrar un solo adjetivo para la comida nica, pero sabemos que es para chuparse los dedos. Es una cocina criolla. Y a pesar de la mezcla de al menos cuatro continentes, sigue sin perder su esencia en el ma\u00edz.<\/p>\n","protected":false},"author":5306,"featured_media":55151,"comment_status":"open","ping_status":"open","sticky":false,"template":"","format":"standard","meta":{"_acf_changed":false,"footnotes":""},"categories":[26],"tags":[4934,183,7,2383],"class_list":["post-55148","post","type-post","status-publish","format-standard","has-post-thumbnail","hentry","category-reportajes","tag-anos-80","tag-daniel-ortega","tag-fsln","tag-revolucion-sandinista"],"acf":[],"_links":{"self":[{"href":"https:\/\/staging.laprensanic.com\/magazine\/wp-json\/wp\/v2\/posts\/55148","targetHints":{"allow":["GET"]}}],"collection":[{"href":"https:\/\/staging.laprensanic.com\/magazine\/wp-json\/wp\/v2\/posts"}],"about":[{"href":"https:\/\/staging.laprensanic.com\/magazine\/wp-json\/wp\/v2\/types\/post"}],"author":[{"embeddable":true,"href":"https:\/\/staging.laprensanic.com\/magazine\/wp-json\/wp\/v2\/users\/5306"}],"replies":[{"embeddable":true,"href":"https:\/\/staging.laprensanic.com\/magazine\/wp-json\/wp\/v2\/comments?post=55148"}],"version-history":[{"count":5,"href":"https:\/\/staging.laprensanic.com\/magazine\/wp-json\/wp\/v2\/posts\/55148\/revisions"}],"predecessor-version":[{"id":58189,"href":"https:\/\/staging.laprensanic.com\/magazine\/wp-json\/wp\/v2\/posts\/55148\/revisions\/58189"}],"wp:featuredmedia":[{"embeddable":true,"href":"https:\/\/staging.laprensanic.com\/magazine\/wp-json\/wp\/v2\/media\/55151"}],"wp:attachment":[{"href":"https:\/\/staging.laprensanic.com\/magazine\/wp-json\/wp\/v2\/media?parent=55148"}],"wp:term":[{"taxonomy":"category","embeddable":true,"href":"https:\/\/staging.laprensanic.com\/magazine\/wp-json\/wp\/v2\/categories?post=55148"},{"taxonomy":"post_tag","embeddable":true,"href":"https:\/\/staging.laprensanic.com\/magazine\/wp-json\/wp\/v2\/tags?post=55148"}],"curies":[{"name":"wp","href":"https:\/\/api.w.org\/{rel}","templated":true}]}}